{"id":90944,"date":"2026-04-30T15:31:55","date_gmt":"2026-04-30T13:31:55","guid":{"rendered":"https:\/\/vosgesinfo.fr\/remiremontinfo\/2026\/04\/recrudescence-de-la-rougeole-en-grand-est-les-autorites-sanitaires-appellent-a-renforcer-la-vaccination\/"},"modified":"2026-04-30T15:31:55","modified_gmt":"2026-04-30T13:31:55","slug":"recrudescence-de-la-rougeole-en-grand-est-les-autorites-sanitaires-appellent-a-renforcer-la-vaccination","status":"publish","type":"post","link":"https:\/\/vosgesinfo.fr\/remiremontinfo\/2026\/04\/recrudescence-de-la-rougeole-en-grand-est-les-autorites-sanitaires-appellent-a-renforcer-la-vaccination\/","title":{"rendered":"Recrudescence de la rougeole en Grand Est : les autorit\u00e9s sanitaires appellent \u00e0 renforcer la vaccination"},"content":{"rendered":"<h2 data-start=\"121\" data-end=\"577\"><strong><a href=\"https:\/\/vosgesinfo.fr\/app\/uploads\/sites\/3\/2026\/04\/rougeole-grand-est-vosges.jpg\"><img decoding=\"async\" class=\"aligncenter size-full wp-image-142162\" src=\"https:\/\/vosgesinfo.fr\/app\/uploads\/sites\/3\/2026\/04\/rougeole-grand-est-vosges.jpg\" alt=\"\" width=\"1536\" height=\"1024\" \/><\/a>Depuis plusieurs semaines, des cha\u00eenes de transmission de la rougeole ont \u00e9t\u00e9 identifi\u00e9es en r\u00e9gion Grand Est par l\u2019Agence r\u00e9gionale de sant\u00e9. Chaque cas confirm\u00e9 a donn\u00e9 lieu \u00e0 une enqu\u00eate visant \u00e0 recenser les contacts, les informer et limiter la propagation du virus. Si le nombre de cas recens\u00e9s n\u2019exc\u00e8de pas, \u00e0 ce stade, celui de l\u2019ann\u00e9e pr\u00e9c\u00e9dente, les autorit\u00e9s constatent n\u00e9anmoins une circulation active du virus sur le territoire.<\/strong><\/h2>\n<p data-start=\"579\" data-end=\"831\">Dans ce contexte, l\u2019ARS invite la population \u00e0 v\u00e9rifier son statut vaccinal et \u00e0 consulter un professionnel de sant\u00e9 si une mise \u00e0 jour s\u2019av\u00e8re n\u00e9cessaire. M\u00e9decins, pharmaciens, infirmiers et sages-femmes sont mobilis\u00e9s pour accompagner ces d\u00e9marches.<\/p>\n<p data-start=\"833\" data-end=\"1175\">Cette situation r\u00e9gionale s\u2019inscrit dans une tendance plus large observ\u00e9e depuis 2023. La rougeole, longtemps ma\u00eetris\u00e9e gr\u00e2ce \u00e0 la vaccination, conna\u00eet un regain en France, en Europe et \u00e0 l\u2019\u00e9chelle mondiale. Les sp\u00e9cialistes expliquent cette r\u00e9surgence par une couverture vaccinale insuffisante pour garantir une immunit\u00e9 collective efficace.<\/p>\n<p data-start=\"1177\" data-end=\"1541\">Maladie virale extr\u00eamement contagieuse, la rougeole peut se transmettre par voie a\u00e9rienne ou par contact direct. Une seule personne infect\u00e9e est susceptible de contaminer jusqu\u2019\u00e0 vingt individus non prot\u00e9g\u00e9s. Les premiers sympt\u00f4mes associent g\u00e9n\u00e9ralement une forte fi\u00e8vre, une toux et un \u00e9coulement nasal, avant l\u2019apparition d\u2019une \u00e9ruption cutan\u00e9e caract\u00e9ristique.<\/p>\n<p data-start=\"1543\" data-end=\"1836\">Si la maladie est souvent per\u00e7ue comme b\u00e9nigne, elle peut entra\u00eener des complications graves, notamment des infections pulmonaires ou des atteintes neurologiques. Les nourrissons, les femmes enceintes non immunis\u00e9es et les personnes immunod\u00e9prim\u00e9es figurent parmi les publics les plus expos\u00e9s.<\/p>\n<p data-start=\"1838\" data-end=\"2160\">La vaccination demeure aujourd\u2019hui le principal levier de pr\u00e9vention. En France, elle est obligatoire pour les enfants n\u00e9s depuis 2018, selon un sch\u00e9ma en deux doses du vaccin ROR. Des recommandations sp\u00e9cifiques existent \u00e9galement pour les adultes, en fonction de leur ann\u00e9e de naissance et de leurs ant\u00e9c\u00e9dents m\u00e9dicaux.<\/p>\n<p data-start=\"2162\" data-end=\"2396\">Face \u00e0 la circulation persistante du virus, les autorit\u00e9s sanitaires rappellent que la mise \u00e0 jour du statut vaccinal constitue un geste individuel essentiel, contribuant \u00e9galement \u00e0 la protection des populations les plus vuln\u00e9rables.<\/p>\n","protected":false},"excerpt":{"rendered":"<p>Depuis plusieurs semaines, des cha\u00eenes de transmission de la rougeole ont \u00e9t\u00e9 identifi\u00e9es en r\u00e9gion Grand Est par l\u2019Agence r\u00e9gionale [&hellip;]<\/p>\n","protected":false},"author":52,"featured_media":90945,"comment_status":"open","ping_status":"open","sticky":false,"template":"","format":"standard","meta":{"footnotes":""},"categories":[26,108,62,845,43,362,12],"tags":[623,9275,281,9276,726,9277,9012,2220],"class_list":["post-90944","post","type-post","status-publish","format-standard","has-post-thumbnail","hentry","category-a-la-une","category-epinal","category-gerardmer","category-la-plaine-des-vosges","category-remiremont-remiremont-son-canton","category-saint-die","category-sante","tag-ars","tag-epidemiologie","tag-grand-est","tag-maladies-infectieuses","tag-prevention","tag-rougeole","tag-sante-publique","tag-vaccination"],"acf":[],"yoast_head":"<!-- This site is optimized with the Yoast SEO plugin v22.5 - https:\/\/yoast.com\/wordpress\/plugins\/seo\/ -->\n<title>Recrudescence de la rougeole en Grand Est : les autorit\u00e9s sanitaires appellent \u00e0 renforcer la vaccination - Remiremont Info<\/title>\n<meta name=\"robots\" content=\"index, follow, max-snippet:-1, max-image-preview:large, max-video-preview:-1\" \/>\n<link rel=\"canonical\" href=\"https:\/\/vosgesinfo.fr\/remiremontinfo\/2026\/04\/recrudescence-de-la-rougeole-en-grand-est-les-autorites-sanitaires-appellent-a-renforcer-la-vaccination\/\" \/>\n<meta name=\"twitter:card\" content=\"summary_large_image\" \/>\n<meta name=\"twitter:title\" content=\"Recrudescence de la rougeole en Grand Est : les autorit\u00e9s sanitaires appellent \u00e0 renforcer la vaccination - Remiremont Info\" \/>\n<meta name=\"twitter:description\" content=\"Depuis plusieurs semaines, des cha\u00eenes de transmission de la rougeole ont \u00e9t\u00e9 identifi\u00e9es en r\u00e9gion Grand Est par l\u2019Agence r\u00e9gionale [&hellip;]\" \/>\n<meta name=\"twitter:image\" content=\"https:\/\/vosgesinfo.fr\/app\/uploads\/sites\/5\/2026\/04\/rougeole-grand-est-vosges.jpg\" \/>\n<meta name=\"twitter:creator\" content=\"@VosgesInfo88\" \/>\n<meta name=\"twitter:site\" content=\"@VosgesInfo88\" \/>\n<meta name=\"twitter:label1\" content=\"\u00c9crit par\" \/>\n\t<meta name=\"twitter:data1\" content=\"C.K.\" \/>\n\t<meta name=\"twitter:label2\" content=\"Dur\u00e9e de lecture estim\u00e9e\" \/>\n\t<meta name=\"twitter:data2\" content=\"2 minutes\" \/>\n<script type=\"application\/ld+json\" class=\"yoast-schema-graph\">{\"@context\":\"https:\/\/schema.org\",\"@graph\":[{\"@type\":\"Article\",\"@id\":\"https:\/\/vosgesinfo.fr\/remiremontinfo\/2026\/04\/recrudescence-de-la-rougeole-en-grand-est-les-autorites-sanitaires-appellent-a-renforcer-la-vaccination\/#article\",\"isPartOf\":{\"@id\":\"https:\/\/vosgesinfo.fr\/remiremontinfo\/2026\/04\/recrudescence-de-la-rougeole-en-grand-est-les-autorites-sanitaires-appellent-a-renforcer-la-vaccination\/\"},\"author\":{\"name\":\"C.K.\",\"@id\":\"https:\/\/vosgesinfo.fr\/remiremontinfo\/#\/schema\/person\/6f9a650eeea99d969b6c4ab78fccbe81\"},\"headline\":\"Recrudescence de la rougeole en Grand Est : les autorit\u00e9s sanitaires appellent \u00e0 renforcer la vaccination\",\"datePublished\":\"2026-04-30T13:31:55+00:00\",\"dateModified\":\"2026-04-30T13:31:55+00:00\",\"mainEntityOfPage\":{\"@id\":\"https:\/\/vosgesinfo.fr\/remiremontinfo\/2026\/04\/recrudescence-de-la-rougeole-en-grand-est-les-autorites-sanitaires-appellent-a-renforcer-la-vaccination\/\"},\"wordCount\":393,\"commentCount\":0,\"publisher\":{\"@id\":\"https:\/\/vosgesinfo.fr\/remiremontinfo\/#organization\"},\"image\":{\"@id\":\"https:\/\/vosgesinfo.fr\/remiremontinfo\/2026\/04\/recrudescence-de-la-rougeole-en-grand-est-les-autorites-sanitaires-appellent-a-renforcer-la-vaccination\/#primaryimage\"},\"thumbnailUrl\":\"https:\/\/vosgesinfo.fr\/app\/uploads\/sites\/5\/2026\/04\/rougeole-grand-est-vosges.jpg\",\"keywords\":[\"ars\",\"\u00e9pid\u00e9miologie\",\"Grand Est\",\"maladies infectieuses\",\"pr\u00e9vention\",\"rougeole\",\"sant\u00e9 publique\",\"vaccination\"],\"articleSection\":[\"A la Une\",\"Epinal\",\"G\u00e9rardmer\",\"La plaine des vosges\",\"Remiremont\",\"Saint-di\u00e9\",\"Sant\u00e9\"],\"inLanguage\":\"fr-FR\",\"potentialAction\":[{\"@type\":\"CommentAction\",\"name\":\"Comment\",\"target\":[\"https:\/\/vosgesinfo.fr\/remiremontinfo\/2026\/04\/recrudescence-de-la-rougeole-en-grand-est-les-autorites-sanitaires-appellent-a-renforcer-la-vaccination\/#respond\"]}]},{\"@type\":\"WebPage\",\"@id\":\"https:\/\/vosgesinfo.fr\/remiremontinfo\/2026\/04\/recrudescence-de-la-rougeole-en-grand-est-les-autorites-sanitaires-appellent-a-renforcer-la-vaccination\/\",\"url\":\"https:\/\/vosgesinfo.fr\/remiremontinfo\/2026\/04\/recrudescence-de-la-rougeole-en-grand-est-les-autorites-sanitaires-appellent-a-renforcer-la-vaccination\/\",\"name\":\"Recrudescence de la rougeole en Grand Est : les autorit\u00e9s sanitaires appellent \u00e0 renforcer la vaccination - Remiremont Info\",\"isPartOf\":{\"@id\":\"https:\/\/vosgesinfo.fr\/remiremontinfo\/#website\"},\"primaryImageOfPage\":{\"@id\":\"https:\/\/vosgesinfo.fr\/remiremontinfo\/2026\/04\/recrudescence-de-la-rougeole-en-grand-est-les-autorites-sanitaires-appellent-a-renforcer-la-vaccination\/#primaryimage\"},\"image\":{\"@id\":\"https:\/\/vosgesinfo.fr\/remiremontinfo\/2026\/04\/recrudescence-de-la-rougeole-en-grand-est-les-autorites-sanitaires-appellent-a-renforcer-la-vaccination\/#primaryimage\"},\"thumbnailUrl\":\"https:\/\/vosgesinfo.fr\/app\/uploads\/sites\/5\/2026\/04\/rougeole-grand-est-vosges.jpg\",\"datePublished\":\"2026-04-30T13:31:55+00:00\",\"dateModified\":\"2026-04-30T13:31:55+00:00\",\"breadcrumb\":{\"@id\":\"https:\/\/vosgesinfo.fr\/remiremontinfo\/2026\/04\/recrudescence-de-la-rougeole-en-grand-est-les-autorites-sanitaires-appellent-a-renforcer-la-vaccination\/#breadcrumb\"},\"inLanguage\":\"fr-FR\",\"potentialAction\":[{\"@type\":\"ReadAction\",\"target\":[\"https:\/\/vosgesinfo.fr\/remiremontinfo\/2026\/04\/recrudescence-de-la-rougeole-en-grand-est-les-autorites-sanitaires-appellent-a-renforcer-la-vaccination\/\"]}]},{\"@type\":\"ImageObject\",\"inLanguage\":\"fr-FR\",\"@id\":\"https:\/\/vosgesinfo.fr\/remiremontinfo\/2026\/04\/recrudescence-de-la-rougeole-en-grand-est-les-autorites-sanitaires-appellent-a-renforcer-la-vaccination\/#primaryimage\",\"url\":\"https:\/\/vosgesinfo.fr\/app\/uploads\/sites\/5\/2026\/04\/rougeole-grand-est-vosges.jpg\",\"contentUrl\":\"https:\/\/vosgesinfo.fr\/app\/uploads\/sites\/5\/2026\/04\/rougeole-grand-est-vosges.jpg\",\"width\":1536,\"height\":1024},{\"@type\":\"BreadcrumbList\",\"@id\":\"https:\/\/vosgesinfo.fr\/remiremontinfo\/2026\/04\/recrudescence-de-la-rougeole-en-grand-est-les-autorites-sanitaires-appellent-a-renforcer-la-vaccination\/#breadcrumb\",\"itemListElement\":[{\"@type\":\"ListItem\",\"position\":1,\"name\":\"Home\",\"item\":\"https:\/\/vosgesinfo.fr\/remiremontinfo\/\"},{\"@type\":\"ListItem\",\"position\":2,\"name\":\"Recrudescence de la rougeole en Grand Est : les autorit\u00e9s sanitaires appellent \u00e0 renforcer la vaccination\"}]},{\"@type\":\"WebSite\",\"@id\":\"https:\/\/vosgesinfo.fr\/remiremontinfo\/#website\",\"url\":\"https:\/\/vosgesinfo.fr\/remiremontinfo\/\",\"name\":\"Remiremont Info\",\"description\":\"Toute l&#039;actualit\u00e9 de Remiremont\",\"publisher\":{\"@id\":\"https:\/\/vosgesinfo.fr\/remiremontinfo\/#organization\"},\"alternateName\":\"Toute l'actualit\u00e9 de Remiremont\",\"potentialAction\":[{\"@type\":\"SearchAction\",\"target\":{\"@type\":\"EntryPoint\",\"urlTemplate\":\"https:\/\/vosgesinfo.fr\/remiremontinfo\/?s={search_term_string}\"},\"query-input\":\"required name=search_term_string\"}],\"inLanguage\":\"fr-FR\"},{\"@type\":\"Organization\",\"@id\":\"https:\/\/vosgesinfo.fr\/remiremontinfo\/#organization\",\"name\":\"Remiremont Info\",\"url\":\"https:\/\/vosgesinfo.fr\/remiremontinfo\/\",\"logo\":{\"@type\":\"ImageObject\",\"inLanguage\":\"fr-FR\",\"@id\":\"https:\/\/vosgesinfo.fr\/remiremontinfo\/#\/schema\/logo\/image\/\",\"url\":\"https:\/\/vosgesinfo.fr\/app\/uploads\/sites\/5\/2023\/08\/favicon-remiremontinfo.png\",\"contentUrl\":\"https:\/\/vosgesinfo.fr\/app\/uploads\/sites\/5\/2023\/08\/favicon-remiremontinfo.png\",\"width\":512,\"height\":512,\"caption\":\"Remiremont Info\"},\"image\":{\"@id\":\"https:\/\/vosgesinfo.fr\/remiremontinfo\/#\/schema\/logo\/image\/\"},\"sameAs\":[\"https:\/\/www.facebook.com\/remiremontinfo\",\"https:\/\/x.com\/VosgesInfo88\",\"https:\/\/www.youtube.com\/@vosgesinfo\"]},{\"@type\":\"Person\",\"@id\":\"https:\/\/vosgesinfo.fr\/remiremontinfo\/#\/schema\/person\/6f9a650eeea99d969b6c4ab78fccbe81\",\"name\":\"C.K.\",\"image\":{\"@type\":\"ImageObject\",\"inLanguage\":\"fr-FR\",\"@id\":\"https:\/\/vosgesinfo.fr\/remiremontinfo\/#\/schema\/person\/image\/\",\"url\":\"https:\/\/secure.gravatar.com\/avatar\/48e3fc7f8421ba8942be6b74a2b7f014ca39bc00dece156b7a8e098ae7dc87bf?s=96&d=mm&r=g\",\"contentUrl\":\"https:\/\/secure.gravatar.com\/avatar\/48e3fc7f8421ba8942be6b74a2b7f014ca39bc00dece156b7a8e098ae7dc87bf?s=96&d=mm&r=g\",\"caption\":\"C.K.\"},\"url\":\"https:\/\/vosgesinfo.fr\/remiremontinfo\/author\/celia-k-n\/\"}]}<\/script>\n<!-- \/ Yoast SEO plugin. -->","yoast_head_json":{"title":"Recrudescence de la rougeole en Grand Est : les autorit\u00e9s sanitaires appellent \u00e0 renforcer la vaccination - Remiremont Info","robots":{"index":"index","follow":"follow","max-snippet":"max-snippet:-1","max-image-preview":"max-image-preview:large","max-video-preview":"max-video-preview:-1"},"canonical":"https:\/\/vosgesinfo.fr\/remiremontinfo\/2026\/04\/recrudescence-de-la-rougeole-en-grand-est-les-autorites-sanitaires-appellent-a-renforcer-la-vaccination\/","twitter_card":"summary_large_image","twitter_title":"Recrudescence de la rougeole en Grand Est : les autorit\u00e9s sanitaires appellent \u00e0 renforcer la vaccination - Remiremont Info","twitter_description":"Depuis plusieurs semaines, des cha\u00eenes de transmission de la rougeole ont \u00e9t\u00e9 identifi\u00e9es en r\u00e9gion Grand Est par l\u2019Agence r\u00e9gionale [&hellip;]","twitter_image":"https:\/\/vosgesinfo.fr\/app\/uploads\/sites\/5\/2026\/04\/rougeole-grand-est-vosges.jpg","twitter_creator":"@VosgesInfo88","twitter_site":"@VosgesInfo88","twitter_misc":{"\u00c9crit par":"C.K.","Dur\u00e9e de lecture estim\u00e9e":"2 minutes"},"schema":{"@context":"https:\/\/schema.org","@graph":[{"@type":"Article","@id":"https:\/\/vosgesinfo.fr\/remiremontinfo\/2026\/04\/recrudescence-de-la-rougeole-en-grand-est-les-autorites-sanitaires-appellent-a-renforcer-la-vaccination\/#article","isPartOf":{"@id":"https:\/\/vosgesinfo.fr\/remiremontinfo\/2026\/04\/recrudescence-de-la-rougeole-en-grand-est-les-autorites-sanitaires-appellent-a-renforcer-la-vaccination\/"},"author":{"name":"C.K.","@id":"https:\/\/vosgesinfo.fr\/remiremontinfo\/#\/schema\/person\/6f9a650eeea99d969b6c4ab78fccbe81"},"headline":"Recrudescence de la rougeole en Grand Est : les autorit\u00e9s sanitaires appellent \u00e0 renforcer la vaccination","datePublished":"2026-04-30T13:31:55+00:00","dateModified":"2026-04-30T13:31:55+00:00","mainEntityOfPage":{"@id":"https:\/\/vosgesinfo.fr\/remiremontinfo\/2026\/04\/recrudescence-de-la-rougeole-en-grand-est-les-autorites-sanitaires-appellent-a-renforcer-la-vaccination\/"},"wordCount":393,"commentCount":0,"publisher":{"@id":"https:\/\/vosgesinfo.fr\/remiremontinfo\/#organization"},"image":{"@id":"https:\/\/vosgesinfo.fr\/remiremontinfo\/2026\/04\/recrudescence-de-la-rougeole-en-grand-est-les-autorites-sanitaires-appellent-a-renforcer-la-vaccination\/#primaryimage"},"thumbnailUrl":"https:\/\/vosgesinfo.fr\/app\/uploads\/sites\/5\/2026\/04\/rougeole-grand-est-vosges.jpg","keywords":["ars","\u00e9pid\u00e9miologie","Grand Est","maladies infectieuses","pr\u00e9vention","rougeole","sant\u00e9 publique","vaccination"],"articleSection":["A la Une","Epinal","G\u00e9rardmer","La plaine des vosges","Remiremont","Saint-di\u00e9","Sant\u00e9"],"inLanguage":"fr-FR","potentialAction":[{"@type":"CommentAction","name":"Comment","target":["https:\/\/vosgesinfo.fr\/remiremontinfo\/2026\/04\/recrudescence-de-la-rougeole-en-grand-est-les-autorites-sanitaires-appellent-a-renforcer-la-vaccination\/#respond"]}]},{"@type":"WebPage","@id":"https:\/\/vosgesinfo.fr\/remiremontinfo\/2026\/04\/recrudescence-de-la-rougeole-en-grand-est-les-autorites-sanitaires-appellent-a-renforcer-la-vaccination\/","url":"https:\/\/vosgesinfo.fr\/remiremontinfo\/2026\/04\/recrudescence-de-la-rougeole-en-grand-est-les-autorites-sanitaires-appellent-a-renforcer-la-vaccination\/","name":"Recrudescence de la rougeole en Grand Est : les autorit\u00e9s sanitaires appellent \u00e0 renforcer la vaccination - Remiremont Info","isPartOf":{"@id":"https:\/\/vosgesinfo.fr\/remiremontinfo\/#website"},"primaryImageOfPage":{"@id":"https:\/\/vosgesinfo.fr\/remiremontinfo\/2026\/04\/recrudescence-de-la-rougeole-en-grand-est-les-autorites-sanitaires-appellent-a-renforcer-la-vaccination\/#primaryimage"},"image":{"@id":"https:\/\/vosgesinfo.fr\/remiremontinfo\/2026\/04\/recrudescence-de-la-rougeole-en-grand-est-les-autorites-sanitaires-appellent-a-renforcer-la-vaccination\/#primaryimage"},"thumbnailUrl":"https:\/\/vosgesinfo.fr\/app\/uploads\/sites\/5\/2026\/04\/rougeole-grand-est-vosges.jpg","datePublished":"2026-04-30T13:31:55+00:00","dateModified":"2026-04-30T13:31:55+00:00","breadcrumb":{"@id":"https:\/\/vosgesinfo.fr\/remiremontinfo\/2026\/04\/recrudescence-de-la-rougeole-en-grand-est-les-autorites-sanitaires-appellent-a-renforcer-la-vaccination\/#breadcrumb"},"inLanguage":"fr-FR","potentialAction":[{"@type":"ReadAction","target":["https:\/\/vosgesinfo.fr\/remiremontinfo\/2026\/04\/recrudescence-de-la-rougeole-en-grand-est-les-autorites-sanitaires-appellent-a-renforcer-la-vaccination\/"]}]},{"@type":"ImageObject","inLanguage":"fr-FR","@id":"https:\/\/vosgesinfo.fr\/remiremontinfo\/2026\/04\/recrudescence-de-la-rougeole-en-grand-est-les-autorites-sanitaires-appellent-a-renforcer-la-vaccination\/#primaryimage","url":"https:\/\/vosgesinfo.fr\/app\/uploads\/sites\/5\/2026\/04\/rougeole-grand-est-vosges.jpg","contentUrl":"https:\/\/vosgesinfo.fr\/app\/uploads\/sites\/5\/2026\/04\/rougeole-grand-est-vosges.jpg","width":1536,"height":1024},{"@type":"BreadcrumbList","@id":"https:\/\/vosgesinfo.fr\/remiremontinfo\/2026\/04\/recrudescence-de-la-rougeole-en-grand-est-les-autorites-sanitaires-appellent-a-renforcer-la-vaccination\/#breadcrumb","itemListElement":[{"@type":"ListItem","position":1,"name":"Home","item":"https:\/\/vosgesinfo.fr\/remiremontinfo\/"},{"@type":"ListItem","position":2,"name":"Recrudescence de la rougeole en Grand Est : les autorit\u00e9s sanitaires appellent \u00e0 renforcer la vaccination"}]},{"@type":"WebSite","@id":"https:\/\/vosgesinfo.fr\/remiremontinfo\/#website","url":"https:\/\/vosgesinfo.fr\/remiremontinfo\/","name":"Remiremont Info","description":"Toute l&#039;actualit\u00e9 de Remiremont","publisher":{"@id":"https:\/\/vosgesinfo.fr\/remiremontinfo\/#organization"},"alternateName":"Toute l'actualit\u00e9 de Remiremont","potentialAction":[{"@type":"SearchAction","target":{"@type":"EntryPoint","urlTemplate":"https:\/\/vosgesinfo.fr\/remiremontinfo\/?s={search_term_string}"},"query-input":"required name=search_term_string"}],"inLanguage":"fr-FR"},{"@type":"Organization","@id":"https:\/\/vosgesinfo.fr\/remiremontinfo\/#organization","name":"Remiremont Info","url":"https:\/\/vosgesinfo.fr\/remiremontinfo\/","logo":{"@type":"ImageObject","inLanguage":"fr-FR","@id":"https:\/\/vosgesinfo.fr\/remiremontinfo\/#\/schema\/logo\/image\/","url":"https:\/\/vosgesinfo.fr\/app\/uploads\/sites\/5\/2023\/08\/favicon-remiremontinfo.png","contentUrl":"https:\/\/vosgesinfo.fr\/app\/uploads\/sites\/5\/2023\/08\/favicon-remiremontinfo.png","width":512,"height":512,"caption":"Remiremont Info"},"image":{"@id":"https:\/\/vosgesinfo.fr\/remiremontinfo\/#\/schema\/logo\/image\/"},"sameAs":["https:\/\/www.facebook.com\/remiremontinfo","https:\/\/x.com\/VosgesInfo88","https:\/\/www.youtube.com\/@vosgesinfo"]},{"@type":"Person","@id":"https:\/\/vosgesinfo.fr\/remiremontinfo\/#\/schema\/person\/6f9a650eeea99d969b6c4ab78fccbe81","name":"C.K.","image":{"@type":"ImageObject","inLanguage":"fr-FR","@id":"https:\/\/vosgesinfo.fr\/remiremontinfo\/#\/schema\/person\/image\/","url":"https:\/\/secure.gravatar.com\/avatar\/48e3fc7f8421ba8942be6b74a2b7f014ca39bc00dece156b7a8e098ae7dc87bf?s=96&d=mm&r=g","contentUrl":"https:\/\/secure.gravatar.com\/avatar\/48e3fc7f8421ba8942be6b74a2b7f014ca39bc00dece156b7a8e098ae7dc87bf?s=96&d=mm&r=g","caption":"C.K."},"url":"https:\/\/vosgesinfo.fr\/remiremontinfo\/author\/celia-k-n\/"}]}},"_links":{"self":[{"href":"https:\/\/vosgesinfo.fr\/remiremontinfo\/wp-json\/wp\/v2\/posts\/90944","targetHints":{"allow":["GET"]}}],"collection":[{"href":"https:\/\/vosgesinfo.fr\/remiremontinfo\/wp-json\/wp\/v2\/posts"}],"about":[{"href":"https:\/\/vosgesinfo.fr\/remiremontinfo\/wp-json\/wp\/v2\/types\/post"}],"author":[{"embeddable":true,"href":"https:\/\/vosgesinfo.fr\/remiremontinfo\/wp-json\/wp\/v2\/users\/52"}],"replies":[{"embeddable":true,"href":"https:\/\/vosgesinfo.fr\/remiremontinfo\/wp-json\/wp\/v2\/comments?post=90944"}],"version-history":[{"count":0,"href":"https:\/\/vosgesinfo.fr\/remiremontinfo\/wp-json\/wp\/v2\/posts\/90944\/revisions"}],"wp:featuredmedia":[{"embeddable":true,"href":"https:\/\/vosgesinfo.fr\/remiremontinfo\/wp-json\/wp\/v2\/media\/90945"}],"wp:attachment":[{"href":"https:\/\/vosgesinfo.fr\/remiremontinfo\/wp-json\/wp\/v2\/media?parent=90944"}],"wp:term":[{"taxonomy":"category","embeddable":true,"href":"https:\/\/vosgesinfo.fr\/remiremontinfo\/wp-json\/wp\/v2\/categories?post=90944"},{"taxonomy":"post_tag","embeddable":true,"href":"https:\/\/vosgesinfo.fr\/remiremontinfo\/wp-json\/wp\/v2\/tags?post=90944"}],"curies":[{"name":"wp","href":"https:\/\/api.w.org\/{rel}","templated":true}]}}