{"id":90946,"date":"2026-04-30T17:30:26","date_gmt":"2026-04-30T15:30:26","guid":{"rendered":"https:\/\/vosgesinfo.fr\/remiremontinfo\/?p=90946"},"modified":"2026-04-30T17:36:06","modified_gmt":"2026-04-30T15:36:06","slug":"cornimont-lordre-du-jour-du-prochain-conseil-municipal","status":"publish","type":"post","link":"https:\/\/vosgesinfo.fr\/remiremontinfo\/2026\/04\/cornimont-lordre-du-jour-du-prochain-conseil-municipal\/","title":{"rendered":"Cornimont &#8211; L&rsquo;ordre du jour du prochain conseil municipal"},"content":{"rendered":"<p><strong>Le Conseil Municipal se r\u00e9unira en s\u00e9ance ordinaire, \u00e0 la Mairie de CORNIMONT- salon d&rsquo;honneur,<\/strong><\/p>\n<p><strong><em>le jeudi 7 mai 2026 \u00e0 20 h 00<\/em><\/strong><\/p>\n<p><strong><u>\u00a0<\/u><\/strong><\/p>\n<p><strong><u>ORDRE DU JOUR<\/u><\/strong><\/p>\n<p><em>\u00a0<\/em><\/p>\n<p><em>PV de la s\u00e9ance du 3 avril 2026 \u2013 approbation<\/em><\/p>\n<p><em>\u00a0<\/em><\/p>\n<p><strong>ADMINISTRATION GENERALE <\/strong><\/p>\n<ul>\n<li>Compte rendu des d\u00e9cisions prises par Mme le Maire dans le cadre de ses d\u00e9l\u00e9gations de comp\u00e9tences du Conseil Municipal, en application de l&rsquo;art. L.2122-22 du CGCT<\/li>\n<li>Information sur les subventions obtenues par la commune depuis le pr\u00e9c\u00e9dent Conseil Municipal<\/li>\n<li>Motion de soutien pour le maintien des activit\u00e9s de FIV au centre PMA d\u2019Epinal<\/li>\n<li>D\u00e9signation des 32 contribuables pour la commission communale des imp\u00f4ts directs<\/li>\n<li>D\u00e9signation d\u2019une personne \u00ab\u00a0qualifi\u00e9e\u00a0\u00bb pour si\u00e9ger au sein du CA du Couar\u00f4ge<\/li>\n<li>MAJ du tableau nominatif des indemnit\u00e9s vers\u00e9es aux \u00e9lus communaux<\/li>\n<\/ul>\n<p>&nbsp;<\/p>\n<p><strong>BUDGETS \u2013 FINANCES <\/strong><\/p>\n<ul>\n<li>Demande de subvention \u00ab\u00a0festival de l\u2019itin\u00e9rance\u00a0\u00bb<\/li>\n<li>Participation communale \u00e0 la destruction des nids de frelons asiatiques<\/li>\n<li>MAJ du r\u00e8glement budg\u00e9taire et financier communal<\/li>\n<li>Instauration du r\u00e8glement int\u00e9rieur du Conseil Municipal<\/li>\n<\/ul>\n<p>&nbsp;<\/p>\n<p><strong>RESSOURCES HUMAINES &#8211; <\/strong><\/p>\n<ul>\n<li>Cr\u00e9ation d\u2019un emploi pour accroissement temporaire d\u2019activit\u00e9<\/li>\n<\/ul>\n<p>&nbsp;<\/p>\n<p><strong>ENFANCE \u2013 JEUNESSE \u2013 SCOLAIRE \u2013 PERISCOLAIRE <\/strong><\/p>\n<ul>\n<li>Demande de d\u00e9calages horaires au sein des \u00e9coles primaires durant les travaux de l\u2019\u00e9cole du centre<\/li>\n<\/ul>\n<p>&nbsp;<\/p>\n<p><strong>CONTRATS \u2013 CONVENTIONS \u2013 MARCHES PUBLICS <\/strong><\/p>\n<ul>\n<li>Groupement de commandes &#8211; plaquette foresti\u00e8res<\/li>\n<li>Groupement de commandes \u2013 fournitures de voirie<\/li>\n<li>Positionnement sur le transfert ou non de la comp\u00e9tence \u00ab\u00a0\u00e9clairage public\u00a0\u00bb au SDEV<\/li>\n<\/ul>\n<p>&nbsp;<\/p>\n<p><strong>\u00a0<\/strong><\/p>\n<p><strong>URBANISME \u2013 TERRAIN \u2013 PATRIMOINE \u2013<\/strong><\/p>\n<p><strong>\u00a0<\/strong><\/p>\n<p><strong>INTERCOMMUNALITE \u2013 <\/strong><\/p>\n<p><strong>\u00a0<\/strong><\/p>\n<p><strong>COMPTES-RENDUS DES COMMISSIONS MUNICIPALES<\/strong><\/p>\n<p><strong>\u00a0<\/strong><\/p>\n<p><strong>COMPTES-RENDUS DES COMMISSIONS INTERCOMMUNALES<\/strong><\/p>\n<p><strong>\u00a0<\/strong><\/p>\n<p><strong>POINT INFO<\/strong><\/p>\n<p><strong>\u00a0<\/strong><\/p>\n<p><strong>QUESTIONS DIVERSES<\/strong><\/p>\n","protected":false},"excerpt":{"rendered":"<p>Le Conseil Municipal se r\u00e9unira en s\u00e9ance ordinaire, \u00e0 la Mairie de CORNIMONT- salon d&rsquo;honneur, le jeudi 7 mai 2026 [&hellip;]<\/p>\n","protected":false},"author":391,"featured_media":73079,"comment_status":"open","ping_status":"open","sticky":false,"template":"","format":"standard","meta":{"footnotes":""},"categories":[26,10],"tags":[],"class_list":["post-90946","post","type-post","status-publish","format-standard","has-post-thumbnail","hentry","category-a-la-une","category-politique"],"acf":[],"yoast_head":"<!-- This site is optimized with the Yoast SEO plugin v22.5 - https:\/\/yoast.com\/wordpress\/plugins\/seo\/ -->\n<title>Cornimont - L&#039;ordre du jour du prochain conseil municipal - Remiremont Info<\/title>\n<meta name=\"robots\" content=\"index, follow, max-snippet:-1, max-image-preview:large, max-video-preview:-1\" \/>\n<link rel=\"canonical\" href=\"https:\/\/vosgesinfo.fr\/remiremontinfo\/2026\/04\/cornimont-lordre-du-jour-du-prochain-conseil-municipal\/\" \/>\n<meta name=\"twitter:card\" content=\"summary_large_image\" \/>\n<meta name=\"twitter:title\" content=\"Cornimont - L&#039;ordre du jour du prochain conseil municipal - Remiremont Info\" \/>\n<meta name=\"twitter:description\" content=\"Le Conseil Municipal se r\u00e9unira en s\u00e9ance ordinaire, \u00e0 la Mairie de CORNIMONT- salon d&rsquo;honneur, le jeudi 7 mai 2026 [&hellip;]\" \/>\n<meta name=\"twitter:image\" content=\"https:\/\/vosgesinfo.fr\/app\/uploads\/sites\/5\/2024\/09\/202105conseil-municipa-400x255-2.jpg\" \/>\n<meta name=\"twitter:creator\" content=\"@VosgesInfo88\" \/>\n<meta name=\"twitter:site\" content=\"@VosgesInfo88\" \/>\n<meta name=\"twitter:label1\" content=\"\u00c9crit par\" \/>\n\t<meta name=\"twitter:data1\" content=\"La redaction\" \/>\n\t<meta name=\"twitter:label2\" content=\"Dur\u00e9e de lecture estim\u00e9e\" \/>\n\t<meta name=\"twitter:data2\" content=\"1 minute\" \/>\n<script type=\"application\/ld+json\" class=\"yoast-schema-graph\">{\"@context\":\"https:\/\/schema.org\",\"@graph\":[{\"@type\":\"Article\",\"@id\":\"https:\/\/vosgesinfo.fr\/remiremontinfo\/2026\/04\/cornimont-lordre-du-jour-du-prochain-conseil-municipal\/#article\",\"isPartOf\":{\"@id\":\"https:\/\/vosgesinfo.fr\/remiremontinfo\/2026\/04\/cornimont-lordre-du-jour-du-prochain-conseil-municipal\/\"},\"author\":{\"name\":\"La redaction\",\"@id\":\"https:\/\/vosgesinfo.fr\/remiremontinfo\/#\/schema\/person\/27a3695b06db98895b354c0765cdfc31\"},\"headline\":\"Cornimont &#8211; L&rsquo;ordre du jour du prochain conseil municipal\",\"datePublished\":\"2026-04-30T15:30:26+00:00\",\"dateModified\":\"2026-04-30T15:36:06+00:00\",\"mainEntityOfPage\":{\"@id\":\"https:\/\/vosgesinfo.fr\/remiremontinfo\/2026\/04\/cornimont-lordre-du-jour-du-prochain-conseil-municipal\/\"},\"wordCount\":273,\"commentCount\":0,\"publisher\":{\"@id\":\"https:\/\/vosgesinfo.fr\/remiremontinfo\/#organization\"},\"image\":{\"@id\":\"https:\/\/vosgesinfo.fr\/remiremontinfo\/2026\/04\/cornimont-lordre-du-jour-du-prochain-conseil-municipal\/#primaryimage\"},\"thumbnailUrl\":\"https:\/\/vosgesinfo.fr\/app\/uploads\/sites\/5\/2024\/09\/202105conseil-municipa-400x255-2.jpg\",\"articleSection\":[\"A la Une\",\"Politique\"],\"inLanguage\":\"fr-FR\",\"potentialAction\":[{\"@type\":\"CommentAction\",\"name\":\"Comment\",\"target\":[\"https:\/\/vosgesinfo.fr\/remiremontinfo\/2026\/04\/cornimont-lordre-du-jour-du-prochain-conseil-municipal\/#respond\"]}]},{\"@type\":\"WebPage\",\"@id\":\"https:\/\/vosgesinfo.fr\/remiremontinfo\/2026\/04\/cornimont-lordre-du-jour-du-prochain-conseil-municipal\/\",\"url\":\"https:\/\/vosgesinfo.fr\/remiremontinfo\/2026\/04\/cornimont-lordre-du-jour-du-prochain-conseil-municipal\/\",\"name\":\"Cornimont - L'ordre du jour du prochain conseil municipal - Remiremont Info\",\"isPartOf\":{\"@id\":\"https:\/\/vosgesinfo.fr\/remiremontinfo\/#website\"},\"primaryImageOfPage\":{\"@id\":\"https:\/\/vosgesinfo.fr\/remiremontinfo\/2026\/04\/cornimont-lordre-du-jour-du-prochain-conseil-municipal\/#primaryimage\"},\"image\":{\"@id\":\"https:\/\/vosgesinfo.fr\/remiremontinfo\/2026\/04\/cornimont-lordre-du-jour-du-prochain-conseil-municipal\/#primaryimage\"},\"thumbnailUrl\":\"https:\/\/vosgesinfo.fr\/app\/uploads\/sites\/5\/2024\/09\/202105conseil-municipa-400x255-2.jpg\",\"datePublished\":\"2026-04-30T15:30:26+00:00\",\"dateModified\":\"2026-04-30T15:36:06+00:00\",\"breadcrumb\":{\"@id\":\"https:\/\/vosgesinfo.fr\/remiremontinfo\/2026\/04\/cornimont-lordre-du-jour-du-prochain-conseil-municipal\/#breadcrumb\"},\"inLanguage\":\"fr-FR\",\"potentialAction\":[{\"@type\":\"ReadAction\",\"target\":[\"https:\/\/vosgesinfo.fr\/remiremontinfo\/2026\/04\/cornimont-lordre-du-jour-du-prochain-conseil-municipal\/\"]}]},{\"@type\":\"ImageObject\",\"inLanguage\":\"fr-FR\",\"@id\":\"https:\/\/vosgesinfo.fr\/remiremontinfo\/2026\/04\/cornimont-lordre-du-jour-du-prochain-conseil-municipal\/#primaryimage\",\"url\":\"https:\/\/vosgesinfo.fr\/app\/uploads\/sites\/5\/2024\/09\/202105conseil-municipa-400x255-2.jpg\",\"contentUrl\":\"https:\/\/vosgesinfo.fr\/app\/uploads\/sites\/5\/2024\/09\/202105conseil-municipa-400x255-2.jpg\",\"width\":400,\"height\":255},{\"@type\":\"BreadcrumbList\",\"@id\":\"https:\/\/vosgesinfo.fr\/remiremontinfo\/2026\/04\/cornimont-lordre-du-jour-du-prochain-conseil-municipal\/#breadcrumb\",\"itemListElement\":[{\"@type\":\"ListItem\",\"position\":1,\"name\":\"Home\",\"item\":\"https:\/\/vosgesinfo.fr\/remiremontinfo\/\"},{\"@type\":\"ListItem\",\"position\":2,\"name\":\"Cornimont &#8211; L&#8217;ordre du jour du prochain conseil municipal\"}]},{\"@type\":\"WebSite\",\"@id\":\"https:\/\/vosgesinfo.fr\/remiremontinfo\/#website\",\"url\":\"https:\/\/vosgesinfo.fr\/remiremontinfo\/\",\"name\":\"Remiremont Info\",\"description\":\"Toute l&#039;actualit\u00e9 de Remiremont\",\"publisher\":{\"@id\":\"https:\/\/vosgesinfo.fr\/remiremontinfo\/#organization\"},\"alternateName\":\"Toute l'actualit\u00e9 de Remiremont\",\"potentialAction\":[{\"@type\":\"SearchAction\",\"target\":{\"@type\":\"EntryPoint\",\"urlTemplate\":\"https:\/\/vosgesinfo.fr\/remiremontinfo\/?s={search_term_string}\"},\"query-input\":\"required name=search_term_string\"}],\"inLanguage\":\"fr-FR\"},{\"@type\":\"Organization\",\"@id\":\"https:\/\/vosgesinfo.fr\/remiremontinfo\/#organization\",\"name\":\"Remiremont Info\",\"url\":\"https:\/\/vosgesinfo.fr\/remiremontinfo\/\",\"logo\":{\"@type\":\"ImageObject\",\"inLanguage\":\"fr-FR\",\"@id\":\"https:\/\/vosgesinfo.fr\/remiremontinfo\/#\/schema\/logo\/image\/\",\"url\":\"https:\/\/vosgesinfo.fr\/app\/uploads\/sites\/5\/2023\/08\/favicon-remiremontinfo.png\",\"contentUrl\":\"https:\/\/vosgesinfo.fr\/app\/uploads\/sites\/5\/2023\/08\/favicon-remiremontinfo.png\",\"width\":512,\"height\":512,\"caption\":\"Remiremont Info\"},\"image\":{\"@id\":\"https:\/\/vosgesinfo.fr\/remiremontinfo\/#\/schema\/logo\/image\/\"},\"sameAs\":[\"https:\/\/www.facebook.com\/remiremontinfo\",\"https:\/\/x.com\/VosgesInfo88\",\"https:\/\/www.youtube.com\/@vosgesinfo\"]},{\"@type\":\"Person\",\"@id\":\"https:\/\/vosgesinfo.fr\/remiremontinfo\/#\/schema\/person\/27a3695b06db98895b354c0765cdfc31\",\"name\":\"La redaction\",\"image\":{\"@type\":\"ImageObject\",\"inLanguage\":\"fr-FR\",\"@id\":\"https:\/\/vosgesinfo.fr\/remiremontinfo\/#\/schema\/person\/image\/\",\"url\":\"https:\/\/secure.gravatar.com\/avatar\/64c76a78e501cedee55736f43f332df901e1896ae9cd8fad269ae2236dd0e8b6?s=96&d=mm&r=g\",\"contentUrl\":\"https:\/\/secure.gravatar.com\/avatar\/64c76a78e501cedee55736f43f332df901e1896ae9cd8fad269ae2236dd0e8b6?s=96&d=mm&r=g\",\"caption\":\"La redaction\"},\"url\":\"https:\/\/vosgesinfo.fr\/remiremontinfo\/author\/la-redaction\/\"}]}<\/script>\n<!-- \/ Yoast SEO plugin. -->","yoast_head_json":{"title":"Cornimont - L'ordre du jour du prochain conseil municipal - Remiremont Info","robots":{"index":"index","follow":"follow","max-snippet":"max-snippet:-1","max-image-preview":"max-image-preview:large","max-video-preview":"max-video-preview:-1"},"canonical":"https:\/\/vosgesinfo.fr\/remiremontinfo\/2026\/04\/cornimont-lordre-du-jour-du-prochain-conseil-municipal\/","twitter_card":"summary_large_image","twitter_title":"Cornimont - L'ordre du jour du prochain conseil municipal - Remiremont Info","twitter_description":"Le Conseil Municipal se r\u00e9unira en s\u00e9ance ordinaire, \u00e0 la Mairie de CORNIMONT- salon d&rsquo;honneur, le jeudi 7 mai 2026 [&hellip;]","twitter_image":"https:\/\/vosgesinfo.fr\/app\/uploads\/sites\/5\/2024\/09\/202105conseil-municipa-400x255-2.jpg","twitter_creator":"@VosgesInfo88","twitter_site":"@VosgesInfo88","twitter_misc":{"\u00c9crit par":"La redaction","Dur\u00e9e de lecture estim\u00e9e":"1 minute"},"schema":{"@context":"https:\/\/schema.org","@graph":[{"@type":"Article","@id":"https:\/\/vosgesinfo.fr\/remiremontinfo\/2026\/04\/cornimont-lordre-du-jour-du-prochain-conseil-municipal\/#article","isPartOf":{"@id":"https:\/\/vosgesinfo.fr\/remiremontinfo\/2026\/04\/cornimont-lordre-du-jour-du-prochain-conseil-municipal\/"},"author":{"name":"La redaction","@id":"https:\/\/vosgesinfo.fr\/remiremontinfo\/#\/schema\/person\/27a3695b06db98895b354c0765cdfc31"},"headline":"Cornimont &#8211; L&rsquo;ordre du jour du prochain conseil municipal","datePublished":"2026-04-30T15:30:26+00:00","dateModified":"2026-04-30T15:36:06+00:00","mainEntityOfPage":{"@id":"https:\/\/vosgesinfo.fr\/remiremontinfo\/2026\/04\/cornimont-lordre-du-jour-du-prochain-conseil-municipal\/"},"wordCount":273,"commentCount":0,"publisher":{"@id":"https:\/\/vosgesinfo.fr\/remiremontinfo\/#organization"},"image":{"@id":"https:\/\/vosgesinfo.fr\/remiremontinfo\/2026\/04\/cornimont-lordre-du-jour-du-prochain-conseil-municipal\/#primaryimage"},"thumbnailUrl":"https:\/\/vosgesinfo.fr\/app\/uploads\/sites\/5\/2024\/09\/202105conseil-municipa-400x255-2.jpg","articleSection":["A la Une","Politique"],"inLanguage":"fr-FR","potentialAction":[{"@type":"CommentAction","name":"Comment","target":["https:\/\/vosgesinfo.fr\/remiremontinfo\/2026\/04\/cornimont-lordre-du-jour-du-prochain-conseil-municipal\/#respond"]}]},{"@type":"WebPage","@id":"https:\/\/vosgesinfo.fr\/remiremontinfo\/2026\/04\/cornimont-lordre-du-jour-du-prochain-conseil-municipal\/","url":"https:\/\/vosgesinfo.fr\/remiremontinfo\/2026\/04\/cornimont-lordre-du-jour-du-prochain-conseil-municipal\/","name":"Cornimont - L'ordre du jour du prochain conseil municipal - Remiremont Info","isPartOf":{"@id":"https:\/\/vosgesinfo.fr\/remiremontinfo\/#website"},"primaryImageOfPage":{"@id":"https:\/\/vosgesinfo.fr\/remiremontinfo\/2026\/04\/cornimont-lordre-du-jour-du-prochain-conseil-municipal\/#primaryimage"},"image":{"@id":"https:\/\/vosgesinfo.fr\/remiremontinfo\/2026\/04\/cornimont-lordre-du-jour-du-prochain-conseil-municipal\/#primaryimage"},"thumbnailUrl":"https:\/\/vosgesinfo.fr\/app\/uploads\/sites\/5\/2024\/09\/202105conseil-municipa-400x255-2.jpg","datePublished":"2026-04-30T15:30:26+00:00","dateModified":"2026-04-30T15:36:06+00:00","breadcrumb":{"@id":"https:\/\/vosgesinfo.fr\/remiremontinfo\/2026\/04\/cornimont-lordre-du-jour-du-prochain-conseil-municipal\/#breadcrumb"},"inLanguage":"fr-FR","potentialAction":[{"@type":"ReadAction","target":["https:\/\/vosgesinfo.fr\/remiremontinfo\/2026\/04\/cornimont-lordre-du-jour-du-prochain-conseil-municipal\/"]}]},{"@type":"ImageObject","inLanguage":"fr-FR","@id":"https:\/\/vosgesinfo.fr\/remiremontinfo\/2026\/04\/cornimont-lordre-du-jour-du-prochain-conseil-municipal\/#primaryimage","url":"https:\/\/vosgesinfo.fr\/app\/uploads\/sites\/5\/2024\/09\/202105conseil-municipa-400x255-2.jpg","contentUrl":"https:\/\/vosgesinfo.fr\/app\/uploads\/sites\/5\/2024\/09\/202105conseil-municipa-400x255-2.jpg","width":400,"height":255},{"@type":"BreadcrumbList","@id":"https:\/\/vosgesinfo.fr\/remiremontinfo\/2026\/04\/cornimont-lordre-du-jour-du-prochain-conseil-municipal\/#breadcrumb","itemListElement":[{"@type":"ListItem","position":1,"name":"Home","item":"https:\/\/vosgesinfo.fr\/remiremontinfo\/"},{"@type":"ListItem","position":2,"name":"Cornimont &#8211; L&#8217;ordre du jour du prochain conseil municipal"}]},{"@type":"WebSite","@id":"https:\/\/vosgesinfo.fr\/remiremontinfo\/#website","url":"https:\/\/vosgesinfo.fr\/remiremontinfo\/","name":"Remiremont Info","description":"Toute l&#039;actualit\u00e9 de Remiremont","publisher":{"@id":"https:\/\/vosgesinfo.fr\/remiremontinfo\/#organization"},"alternateName":"Toute l'actualit\u00e9 de Remiremont","potentialAction":[{"@type":"SearchAction","target":{"@type":"EntryPoint","urlTemplate":"https:\/\/vosgesinfo.fr\/remiremontinfo\/?s={search_term_string}"},"query-input":"required name=search_term_string"}],"inLanguage":"fr-FR"},{"@type":"Organization","@id":"https:\/\/vosgesinfo.fr\/remiremontinfo\/#organization","name":"Remiremont Info","url":"https:\/\/vosgesinfo.fr\/remiremontinfo\/","logo":{"@type":"ImageObject","inLanguage":"fr-FR","@id":"https:\/\/vosgesinfo.fr\/remiremontinfo\/#\/schema\/logo\/image\/","url":"https:\/\/vosgesinfo.fr\/app\/uploads\/sites\/5\/2023\/08\/favicon-remiremontinfo.png","contentUrl":"https:\/\/vosgesinfo.fr\/app\/uploads\/sites\/5\/2023\/08\/favicon-remiremontinfo.png","width":512,"height":512,"caption":"Remiremont Info"},"image":{"@id":"https:\/\/vosgesinfo.fr\/remiremontinfo\/#\/schema\/logo\/image\/"},"sameAs":["https:\/\/www.facebook.com\/remiremontinfo","https:\/\/x.com\/VosgesInfo88","https:\/\/www.youtube.com\/@vosgesinfo"]},{"@type":"Person","@id":"https:\/\/vosgesinfo.fr\/remiremontinfo\/#\/schema\/person\/27a3695b06db98895b354c0765cdfc31","name":"La redaction","image":{"@type":"ImageObject","inLanguage":"fr-FR","@id":"https:\/\/vosgesinfo.fr\/remiremontinfo\/#\/schema\/person\/image\/","url":"https:\/\/secure.gravatar.com\/avatar\/64c76a78e501cedee55736f43f332df901e1896ae9cd8fad269ae2236dd0e8b6?s=96&d=mm&r=g","contentUrl":"https:\/\/secure.gravatar.com\/avatar\/64c76a78e501cedee55736f43f332df901e1896ae9cd8fad269ae2236dd0e8b6?s=96&d=mm&r=g","caption":"La redaction"},"url":"https:\/\/vosgesinfo.fr\/remiremontinfo\/author\/la-redaction\/"}]}},"_links":{"self":[{"href":"https:\/\/vosgesinfo.fr\/remiremontinfo\/wp-json\/wp\/v2\/posts\/90946","targetHints":{"allow":["GET"]}}],"collection":[{"href":"https:\/\/vosgesinfo.fr\/remiremontinfo\/wp-json\/wp\/v2\/posts"}],"about":[{"href":"https:\/\/vosgesinfo.fr\/remiremontinfo\/wp-json\/wp\/v2\/types\/post"}],"author":[{"embeddable":true,"href":"https:\/\/vosgesinfo.fr\/remiremontinfo\/wp-json\/wp\/v2\/users\/391"}],"replies":[{"embeddable":true,"href":"https:\/\/vosgesinfo.fr\/remiremontinfo\/wp-json\/wp\/v2\/comments?post=90946"}],"version-history":[{"count":2,"href":"https:\/\/vosgesinfo.fr\/remiremontinfo\/wp-json\/wp\/v2\/posts\/90946\/revisions"}],"predecessor-version":[{"id":90948,"href":"https:\/\/vosgesinfo.fr\/remiremontinfo\/wp-json\/wp\/v2\/posts\/90946\/revisions\/90948"}],"wp:featuredmedia":[{"embeddable":true,"href":"https:\/\/vosgesinfo.fr\/remiremontinfo\/wp-json\/wp\/v2\/media\/73079"}],"wp:attachment":[{"href":"https:\/\/vosgesinfo.fr\/remiremontinfo\/wp-json\/wp\/v2\/media?parent=90946"}],"wp:term":[{"taxonomy":"category","embeddable":true,"href":"https:\/\/vosgesinfo.fr\/remiremontinfo\/wp-json\/wp\/v2\/categories?post=90946"},{"taxonomy":"post_tag","embeddable":true,"href":"https:\/\/vosgesinfo.fr\/remiremontinfo\/wp-json\/wp\/v2\/tags?post=90946"}],"curies":[{"name":"wp","href":"https:\/\/api.w.org\/{rel}","templated":true}]}}