{"id":90951,"date":"2026-04-30T18:57:19","date_gmt":"2026-04-30T16:57:19","guid":{"rendered":"https:\/\/vosgesinfo.fr\/remiremontinfo\/?p=90951"},"modified":"2026-04-30T18:57:27","modified_gmt":"2026-04-30T16:57:27","slug":"lettre-ouverte-stop-a-lasphyxie-des-associations-rurales","status":"publish","type":"post","link":"https:\/\/vosgesinfo.fr\/remiremontinfo\/2026\/04\/lettre-ouverte-stop-a-lasphyxie-des-associations-rurales\/","title":{"rendered":"Lettre ouverte \u2013 Stop \u00e0 l\u2019asphyxie des associations rurales"},"content":{"rendered":"<p>\u00ab\u00a0Dans nos communes rurales, les associations ne sont pas un \u201cplus\u201d : elles sont le c\u0153ur battant de nos territoires. Ce sont elles qui cr\u00e9ent du lien, qui animent nos villages, qui luttent contre l\u2019isolement.<br \/>\nEt pourtant, celles et ceux qui s\u2019engagent b\u00e9n\u00e9volement se retrouvent aujourd\u2019hui \u00e9trangl\u00e9s par une bureaucratie toujours plus lourde, toujours plus tatillonne.<br \/>\n\u00c0 force de vouloir tout encadrer, tout contr\u00f4ler, tout normer comme s\u2019il s\u2019agissait d\u2019entreprises, l\u2019administration finit par tuer ce qu\u2019elle pr\u00e9tend prot\u00e9ger.<br \/>\nTrop, c\u2019est trop.<br \/>\nL\u2019exc\u00e8s de z\u00e8le administratif \u2014 cette fameuse \u201cpolitique du parapluie ouvert\u201d \u2014 impose des contraintes disproportionn\u00e9es, d\u00e9connect\u00e9es du terrain. R\u00e9sultat : plus de temps pass\u00e9 \u00e0 remplir des dossiers absurdes qu\u2019\u00e0 agir concr\u00e8tement.<br \/>\nQui peut encore s\u2019\u00e9tonner que les b\u00e9n\u00e9voles se d\u00e9couragent ?<br \/>\n\u00c0 ce rythme, ce ne sont pas seulement des initiatives qui disparaissent, ce sont des villages qui s\u2019\u00e9teignent.<br \/>\nNous refusons cette logique.<br \/>\nNous refusons que l\u2019engagement soit puni par la paperasse.<br \/>\nNous refusons que la confiance soit remplac\u00e9e par la suspicion permanente.<br \/>\nIl est temps de remettre du bon sens :<br \/>\ndes r\u00e8gles proportionn\u00e9es \u00e0 la r\u00e9alit\u00e9 des petites associations<br \/>\nune simplification imm\u00e9diate des d\u00e9marches<br \/>\nune vraie reconnaissance du r\u00f4le des b\u00e9n\u00e9voles<br \/>\nLes discours ne suffisent plus. Nous attendons des actes.<br \/>\nSoutenir les associations, ce n\u2019est pas les \u00e9touffer sous les normes.<br \/>\nC\u2019est leur permettre d\u2019agir.<br \/>\nSinon, il faudra assumer une responsabilit\u00e9 claire : celle d\u2019avoir laiss\u00e9 mourir, \u00e0 petit feu, la vie de nos territoires ruraux\u00a0\u00bb.<\/p>\n<p>R. Froissard<\/p>\n","protected":false},"excerpt":{"rendered":"<p>\u00ab\u00a0Dans nos communes rurales, les associations ne sont pas un \u201cplus\u201d : elles sont le c\u0153ur battant de nos territoires. [&hellip;]<\/p>\n","protected":false},"author":391,"featured_media":90608,"comment_status":"closed","ping_status":"open","sticky":false,"template":"","format":"standard","meta":{"footnotes":""},"categories":[26,43,18],"tags":[],"class_list":["post-90951","post","type-post","status-publish","format-standard","has-post-thumbnail","hentry","category-a-la-une","category-remiremont-remiremont-son-canton","category-vosges"],"acf":[],"yoast_head":"<!-- This site is optimized with the Yoast SEO plugin v22.5 - https:\/\/yoast.com\/wordpress\/plugins\/seo\/ -->\n<title>Lettre ouverte \u2013 Stop \u00e0 l\u2019asphyxie des associations rurales - Remiremont Info<\/title>\n<meta name=\"robots\" content=\"index, follow, max-snippet:-1, max-image-preview:large, max-video-preview:-1\" \/>\n<link rel=\"canonical\" href=\"https:\/\/vosgesinfo.fr\/remiremontinfo\/2026\/04\/lettre-ouverte-stop-a-lasphyxie-des-associations-rurales\/\" \/>\n<meta name=\"twitter:card\" content=\"summary_large_image\" \/>\n<meta name=\"twitter:title\" content=\"Lettre ouverte \u2013 Stop \u00e0 l\u2019asphyxie des associations rurales - Remiremont Info\" \/>\n<meta name=\"twitter:description\" content=\"\u00ab\u00a0Dans nos communes rurales, les associations ne sont pas un \u201cplus\u201d : elles sont le c\u0153ur battant de nos territoires. [&hellip;]\" \/>\n<meta name=\"twitter:image\" content=\"https:\/\/vosgesinfo.fr\/app\/uploads\/sites\/5\/2026\/04\/vosges-montagne-foret-1.jpg\" \/>\n<meta name=\"twitter:creator\" content=\"@VosgesInfo88\" \/>\n<meta name=\"twitter:site\" content=\"@VosgesInfo88\" \/>\n<meta name=\"twitter:label1\" content=\"\u00c9crit par\" \/>\n\t<meta name=\"twitter:data1\" content=\"La redaction\" \/>\n\t<meta name=\"twitter:label2\" content=\"Dur\u00e9e de lecture estim\u00e9e\" \/>\n\t<meta name=\"twitter:data2\" content=\"2 minutes\" \/>\n<script type=\"application\/ld+json\" class=\"yoast-schema-graph\">{\"@context\":\"https:\/\/schema.org\",\"@graph\":[{\"@type\":\"Article\",\"@id\":\"https:\/\/vosgesinfo.fr\/remiremontinfo\/2026\/04\/lettre-ouverte-stop-a-lasphyxie-des-associations-rurales\/#article\",\"isPartOf\":{\"@id\":\"https:\/\/vosgesinfo.fr\/remiremontinfo\/2026\/04\/lettre-ouverte-stop-a-lasphyxie-des-associations-rurales\/\"},\"author\":{\"name\":\"La redaction\",\"@id\":\"https:\/\/vosgesinfo.fr\/remiremontinfo\/#\/schema\/person\/27a3695b06db98895b354c0765cdfc31\"},\"headline\":\"Lettre ouverte \u2013 Stop \u00e0 l\u2019asphyxie des associations rurales\",\"datePublished\":\"2026-04-30T16:57:19+00:00\",\"dateModified\":\"2026-04-30T16:57:27+00:00\",\"mainEntityOfPage\":{\"@id\":\"https:\/\/vosgesinfo.fr\/remiremontinfo\/2026\/04\/lettre-ouverte-stop-a-lasphyxie-des-associations-rurales\/\"},\"wordCount\":283,\"publisher\":{\"@id\":\"https:\/\/vosgesinfo.fr\/remiremontinfo\/#organization\"},\"image\":{\"@id\":\"https:\/\/vosgesinfo.fr\/remiremontinfo\/2026\/04\/lettre-ouverte-stop-a-lasphyxie-des-associations-rurales\/#primaryimage\"},\"thumbnailUrl\":\"https:\/\/vosgesinfo.fr\/app\/uploads\/sites\/5\/2026\/04\/vosges-montagne-foret-1.jpg\",\"articleSection\":[\"A la Une\",\"Remiremont\",\"Vosges\"],\"inLanguage\":\"fr-FR\"},{\"@type\":\"WebPage\",\"@id\":\"https:\/\/vosgesinfo.fr\/remiremontinfo\/2026\/04\/lettre-ouverte-stop-a-lasphyxie-des-associations-rurales\/\",\"url\":\"https:\/\/vosgesinfo.fr\/remiremontinfo\/2026\/04\/lettre-ouverte-stop-a-lasphyxie-des-associations-rurales\/\",\"name\":\"Lettre ouverte \u2013 Stop \u00e0 l\u2019asphyxie des associations rurales - Remiremont Info\",\"isPartOf\":{\"@id\":\"https:\/\/vosgesinfo.fr\/remiremontinfo\/#website\"},\"primaryImageOfPage\":{\"@id\":\"https:\/\/vosgesinfo.fr\/remiremontinfo\/2026\/04\/lettre-ouverte-stop-a-lasphyxie-des-associations-rurales\/#primaryimage\"},\"image\":{\"@id\":\"https:\/\/vosgesinfo.fr\/remiremontinfo\/2026\/04\/lettre-ouverte-stop-a-lasphyxie-des-associations-rurales\/#primaryimage\"},\"thumbnailUrl\":\"https:\/\/vosgesinfo.fr\/app\/uploads\/sites\/5\/2026\/04\/vosges-montagne-foret-1.jpg\",\"datePublished\":\"2026-04-30T16:57:19+00:00\",\"dateModified\":\"2026-04-30T16:57:27+00:00\",\"breadcrumb\":{\"@id\":\"https:\/\/vosgesinfo.fr\/remiremontinfo\/2026\/04\/lettre-ouverte-stop-a-lasphyxie-des-associations-rurales\/#breadcrumb\"},\"inLanguage\":\"fr-FR\",\"potentialAction\":[{\"@type\":\"ReadAction\",\"target\":[\"https:\/\/vosgesinfo.fr\/remiremontinfo\/2026\/04\/lettre-ouverte-stop-a-lasphyxie-des-associations-rurales\/\"]}]},{\"@type\":\"ImageObject\",\"inLanguage\":\"fr-FR\",\"@id\":\"https:\/\/vosgesinfo.fr\/remiremontinfo\/2026\/04\/lettre-ouverte-stop-a-lasphyxie-des-associations-rurales\/#primaryimage\",\"url\":\"https:\/\/vosgesinfo.fr\/app\/uploads\/sites\/5\/2026\/04\/vosges-montagne-foret-1.jpg\",\"contentUrl\":\"https:\/\/vosgesinfo.fr\/app\/uploads\/sites\/5\/2026\/04\/vosges-montagne-foret-1.jpg\",\"width\":1920,\"height\":864},{\"@type\":\"BreadcrumbList\",\"@id\":\"https:\/\/vosgesinfo.fr\/remiremontinfo\/2026\/04\/lettre-ouverte-stop-a-lasphyxie-des-associations-rurales\/#breadcrumb\",\"itemListElement\":[{\"@type\":\"ListItem\",\"position\":1,\"name\":\"Home\",\"item\":\"https:\/\/vosgesinfo.fr\/remiremontinfo\/\"},{\"@type\":\"ListItem\",\"position\":2,\"name\":\"Lettre ouverte \u2013 Stop \u00e0 l\u2019asphyxie des associations rurales\"}]},{\"@type\":\"WebSite\",\"@id\":\"https:\/\/vosgesinfo.fr\/remiremontinfo\/#website\",\"url\":\"https:\/\/vosgesinfo.fr\/remiremontinfo\/\",\"name\":\"Remiremont Info\",\"description\":\"Toute l&#039;actualit\u00e9 de Remiremont\",\"publisher\":{\"@id\":\"https:\/\/vosgesinfo.fr\/remiremontinfo\/#organization\"},\"alternateName\":\"Toute l'actualit\u00e9 de Remiremont\",\"potentialAction\":[{\"@type\":\"SearchAction\",\"target\":{\"@type\":\"EntryPoint\",\"urlTemplate\":\"https:\/\/vosgesinfo.fr\/remiremontinfo\/?s={search_term_string}\"},\"query-input\":\"required name=search_term_string\"}],\"inLanguage\":\"fr-FR\"},{\"@type\":\"Organization\",\"@id\":\"https:\/\/vosgesinfo.fr\/remiremontinfo\/#organization\",\"name\":\"Remiremont Info\",\"url\":\"https:\/\/vosgesinfo.fr\/remiremontinfo\/\",\"logo\":{\"@type\":\"ImageObject\",\"inLanguage\":\"fr-FR\",\"@id\":\"https:\/\/vosgesinfo.fr\/remiremontinfo\/#\/schema\/logo\/image\/\",\"url\":\"https:\/\/vosgesinfo.fr\/app\/uploads\/sites\/5\/2023\/08\/favicon-remiremontinfo.png\",\"contentUrl\":\"https:\/\/vosgesinfo.fr\/app\/uploads\/sites\/5\/2023\/08\/favicon-remiremontinfo.png\",\"width\":512,\"height\":512,\"caption\":\"Remiremont Info\"},\"image\":{\"@id\":\"https:\/\/vosgesinfo.fr\/remiremontinfo\/#\/schema\/logo\/image\/\"},\"sameAs\":[\"https:\/\/www.facebook.com\/remiremontinfo\",\"https:\/\/x.com\/VosgesInfo88\",\"https:\/\/www.youtube.com\/@vosgesinfo\"]},{\"@type\":\"Person\",\"@id\":\"https:\/\/vosgesinfo.fr\/remiremontinfo\/#\/schema\/person\/27a3695b06db98895b354c0765cdfc31\",\"name\":\"La redaction\",\"image\":{\"@type\":\"ImageObject\",\"inLanguage\":\"fr-FR\",\"@id\":\"https:\/\/vosgesinfo.fr\/remiremontinfo\/#\/schema\/person\/image\/\",\"url\":\"https:\/\/secure.gravatar.com\/avatar\/64c76a78e501cedee55736f43f332df901e1896ae9cd8fad269ae2236dd0e8b6?s=96&d=mm&r=g\",\"contentUrl\":\"https:\/\/secure.gravatar.com\/avatar\/64c76a78e501cedee55736f43f332df901e1896ae9cd8fad269ae2236dd0e8b6?s=96&d=mm&r=g\",\"caption\":\"La redaction\"},\"url\":\"https:\/\/vosgesinfo.fr\/remiremontinfo\/author\/la-redaction\/\"}]}<\/script>\n<!-- \/ Yoast SEO plugin. -->","yoast_head_json":{"title":"Lettre ouverte \u2013 Stop \u00e0 l\u2019asphyxie des associations rurales - Remiremont Info","robots":{"index":"index","follow":"follow","max-snippet":"max-snippet:-1","max-image-preview":"max-image-preview:large","max-video-preview":"max-video-preview:-1"},"canonical":"https:\/\/vosgesinfo.fr\/remiremontinfo\/2026\/04\/lettre-ouverte-stop-a-lasphyxie-des-associations-rurales\/","twitter_card":"summary_large_image","twitter_title":"Lettre ouverte \u2013 Stop \u00e0 l\u2019asphyxie des associations rurales - Remiremont Info","twitter_description":"\u00ab\u00a0Dans nos communes rurales, les associations ne sont pas un \u201cplus\u201d : elles sont le c\u0153ur battant de nos territoires. [&hellip;]","twitter_image":"https:\/\/vosgesinfo.fr\/app\/uploads\/sites\/5\/2026\/04\/vosges-montagne-foret-1.jpg","twitter_creator":"@VosgesInfo88","twitter_site":"@VosgesInfo88","twitter_misc":{"\u00c9crit par":"La redaction","Dur\u00e9e de lecture estim\u00e9e":"2 minutes"},"schema":{"@context":"https:\/\/schema.org","@graph":[{"@type":"Article","@id":"https:\/\/vosgesinfo.fr\/remiremontinfo\/2026\/04\/lettre-ouverte-stop-a-lasphyxie-des-associations-rurales\/#article","isPartOf":{"@id":"https:\/\/vosgesinfo.fr\/remiremontinfo\/2026\/04\/lettre-ouverte-stop-a-lasphyxie-des-associations-rurales\/"},"author":{"name":"La redaction","@id":"https:\/\/vosgesinfo.fr\/remiremontinfo\/#\/schema\/person\/27a3695b06db98895b354c0765cdfc31"},"headline":"Lettre ouverte \u2013 Stop \u00e0 l\u2019asphyxie des associations rurales","datePublished":"2026-04-30T16:57:19+00:00","dateModified":"2026-04-30T16:57:27+00:00","mainEntityOfPage":{"@id":"https:\/\/vosgesinfo.fr\/remiremontinfo\/2026\/04\/lettre-ouverte-stop-a-lasphyxie-des-associations-rurales\/"},"wordCount":283,"publisher":{"@id":"https:\/\/vosgesinfo.fr\/remiremontinfo\/#organization"},"image":{"@id":"https:\/\/vosgesinfo.fr\/remiremontinfo\/2026\/04\/lettre-ouverte-stop-a-lasphyxie-des-associations-rurales\/#primaryimage"},"thumbnailUrl":"https:\/\/vosgesinfo.fr\/app\/uploads\/sites\/5\/2026\/04\/vosges-montagne-foret-1.jpg","articleSection":["A la Une","Remiremont","Vosges"],"inLanguage":"fr-FR"},{"@type":"WebPage","@id":"https:\/\/vosgesinfo.fr\/remiremontinfo\/2026\/04\/lettre-ouverte-stop-a-lasphyxie-des-associations-rurales\/","url":"https:\/\/vosgesinfo.fr\/remiremontinfo\/2026\/04\/lettre-ouverte-stop-a-lasphyxie-des-associations-rurales\/","name":"Lettre ouverte \u2013 Stop \u00e0 l\u2019asphyxie des associations rurales - Remiremont Info","isPartOf":{"@id":"https:\/\/vosgesinfo.fr\/remiremontinfo\/#website"},"primaryImageOfPage":{"@id":"https:\/\/vosgesinfo.fr\/remiremontinfo\/2026\/04\/lettre-ouverte-stop-a-lasphyxie-des-associations-rurales\/#primaryimage"},"image":{"@id":"https:\/\/vosgesinfo.fr\/remiremontinfo\/2026\/04\/lettre-ouverte-stop-a-lasphyxie-des-associations-rurales\/#primaryimage"},"thumbnailUrl":"https:\/\/vosgesinfo.fr\/app\/uploads\/sites\/5\/2026\/04\/vosges-montagne-foret-1.jpg","datePublished":"2026-04-30T16:57:19+00:00","dateModified":"2026-04-30T16:57:27+00:00","breadcrumb":{"@id":"https:\/\/vosgesinfo.fr\/remiremontinfo\/2026\/04\/lettre-ouverte-stop-a-lasphyxie-des-associations-rurales\/#breadcrumb"},"inLanguage":"fr-FR","potentialAction":[{"@type":"ReadAction","target":["https:\/\/vosgesinfo.fr\/remiremontinfo\/2026\/04\/lettre-ouverte-stop-a-lasphyxie-des-associations-rurales\/"]}]},{"@type":"ImageObject","inLanguage":"fr-FR","@id":"https:\/\/vosgesinfo.fr\/remiremontinfo\/2026\/04\/lettre-ouverte-stop-a-lasphyxie-des-associations-rurales\/#primaryimage","url":"https:\/\/vosgesinfo.fr\/app\/uploads\/sites\/5\/2026\/04\/vosges-montagne-foret-1.jpg","contentUrl":"https:\/\/vosgesinfo.fr\/app\/uploads\/sites\/5\/2026\/04\/vosges-montagne-foret-1.jpg","width":1920,"height":864},{"@type":"BreadcrumbList","@id":"https:\/\/vosgesinfo.fr\/remiremontinfo\/2026\/04\/lettre-ouverte-stop-a-lasphyxie-des-associations-rurales\/#breadcrumb","itemListElement":[{"@type":"ListItem","position":1,"name":"Home","item":"https:\/\/vosgesinfo.fr\/remiremontinfo\/"},{"@type":"ListItem","position":2,"name":"Lettre ouverte \u2013 Stop \u00e0 l\u2019asphyxie des associations rurales"}]},{"@type":"WebSite","@id":"https:\/\/vosgesinfo.fr\/remiremontinfo\/#website","url":"https:\/\/vosgesinfo.fr\/remiremontinfo\/","name":"Remiremont Info","description":"Toute l&#039;actualit\u00e9 de Remiremont","publisher":{"@id":"https:\/\/vosgesinfo.fr\/remiremontinfo\/#organization"},"alternateName":"Toute l'actualit\u00e9 de Remiremont","potentialAction":[{"@type":"SearchAction","target":{"@type":"EntryPoint","urlTemplate":"https:\/\/vosgesinfo.fr\/remiremontinfo\/?s={search_term_string}"},"query-input":"required name=search_term_string"}],"inLanguage":"fr-FR"},{"@type":"Organization","@id":"https:\/\/vosgesinfo.fr\/remiremontinfo\/#organization","name":"Remiremont Info","url":"https:\/\/vosgesinfo.fr\/remiremontinfo\/","logo":{"@type":"ImageObject","inLanguage":"fr-FR","@id":"https:\/\/vosgesinfo.fr\/remiremontinfo\/#\/schema\/logo\/image\/","url":"https:\/\/vosgesinfo.fr\/app\/uploads\/sites\/5\/2023\/08\/favicon-remiremontinfo.png","contentUrl":"https:\/\/vosgesinfo.fr\/app\/uploads\/sites\/5\/2023\/08\/favicon-remiremontinfo.png","width":512,"height":512,"caption":"Remiremont Info"},"image":{"@id":"https:\/\/vosgesinfo.fr\/remiremontinfo\/#\/schema\/logo\/image\/"},"sameAs":["https:\/\/www.facebook.com\/remiremontinfo","https:\/\/x.com\/VosgesInfo88","https:\/\/www.youtube.com\/@vosgesinfo"]},{"@type":"Person","@id":"https:\/\/vosgesinfo.fr\/remiremontinfo\/#\/schema\/person\/27a3695b06db98895b354c0765cdfc31","name":"La redaction","image":{"@type":"ImageObject","inLanguage":"fr-FR","@id":"https:\/\/vosgesinfo.fr\/remiremontinfo\/#\/schema\/person\/image\/","url":"https:\/\/secure.gravatar.com\/avatar\/64c76a78e501cedee55736f43f332df901e1896ae9cd8fad269ae2236dd0e8b6?s=96&d=mm&r=g","contentUrl":"https:\/\/secure.gravatar.com\/avatar\/64c76a78e501cedee55736f43f332df901e1896ae9cd8fad269ae2236dd0e8b6?s=96&d=mm&r=g","caption":"La redaction"},"url":"https:\/\/vosgesinfo.fr\/remiremontinfo\/author\/la-redaction\/"}]}},"_links":{"self":[{"href":"https:\/\/vosgesinfo.fr\/remiremontinfo\/wp-json\/wp\/v2\/posts\/90951","targetHints":{"allow":["GET"]}}],"collection":[{"href":"https:\/\/vosgesinfo.fr\/remiremontinfo\/wp-json\/wp\/v2\/posts"}],"about":[{"href":"https:\/\/vosgesinfo.fr\/remiremontinfo\/wp-json\/wp\/v2\/types\/post"}],"author":[{"embeddable":true,"href":"https:\/\/vosgesinfo.fr\/remiremontinfo\/wp-json\/wp\/v2\/users\/391"}],"replies":[{"embeddable":true,"href":"https:\/\/vosgesinfo.fr\/remiremontinfo\/wp-json\/wp\/v2\/comments?post=90951"}],"version-history":[{"count":1,"href":"https:\/\/vosgesinfo.fr\/remiremontinfo\/wp-json\/wp\/v2\/posts\/90951\/revisions"}],"predecessor-version":[{"id":90952,"href":"https:\/\/vosgesinfo.fr\/remiremontinfo\/wp-json\/wp\/v2\/posts\/90951\/revisions\/90952"}],"wp:featuredmedia":[{"embeddable":true,"href":"https:\/\/vosgesinfo.fr\/remiremontinfo\/wp-json\/wp\/v2\/media\/90608"}],"wp:attachment":[{"href":"https:\/\/vosgesinfo.fr\/remiremontinfo\/wp-json\/wp\/v2\/media?parent=90951"}],"wp:term":[{"taxonomy":"category","embeddable":true,"href":"https:\/\/vosgesinfo.fr\/remiremontinfo\/wp-json\/wp\/v2\/categories?post=90951"},{"taxonomy":"post_tag","embeddable":true,"href":"https:\/\/vosgesinfo.fr\/remiremontinfo\/wp-json\/wp\/v2\/tags?post=90951"}],"curies":[{"name":"wp","href":"https:\/\/api.w.org\/{rel}","templated":true}]}}