{"id":90957,"date":"2026-05-01T18:19:55","date_gmt":"2026-05-01T16:19:55","guid":{"rendered":"https:\/\/vosgesinfo.fr\/remiremontinfo\/?p=90957"},"modified":"2026-05-01T18:20:07","modified_gmt":"2026-05-01T16:20:07","slug":"voyage-a-saint-nabord-prendre-le-temps-de-regarder","status":"publish","type":"post","link":"https:\/\/vosgesinfo.fr\/remiremontinfo\/2026\/05\/voyage-a-saint-nabord-prendre-le-temps-de-regarder\/","title":{"rendered":"Voyage \u00e0 Saint-Nabord, prendre le temps de regarder"},"content":{"rendered":"<p><a href=\"https:\/\/vosgesinfo.fr\/app\/uploads\/sites\/5\/2026\/05\/zel.png\"><img decoding=\"async\" class=\"alignright wp-image-90958 size-full\" src=\"https:\/\/vosgesinfo.fr\/app\/uploads\/sites\/5\/2026\/05\/zel.png\" alt=\"\" width=\"237\" height=\"332\" srcset=\"https:\/\/vosgesinfo.fr\/app\/uploads\/sites\/5\/2026\/05\/zel.png 237w, https:\/\/vosgesinfo.fr\/app\/uploads\/sites\/5\/2026\/05\/zel-214x300.png 214w\" sizes=\"(max-width: 237px) 100vw, 237px\" \/><\/a>\u00a0\u201cVoyage \u00e0 Saint-Nabord, prendre le temps de regarder\u201d s\u2019articule autour du Voyage, th\u00e8me commun \u00e0 la culture sur le territoire cette ann\u00e9e 2026. L\u2019artiste en r\u00e9sidence, Valentine Zeler, photographe et r\u00e9alisatrice multim\u00e9dia, est pr\u00e9sente dans la commune et ses alentours depuis janvier jusqu\u2019\u00e0 juin.<br \/>\nGr\u00e2ce \u00e0 cette r\u00e9sidence de territoire, les habitants d\u00e9couvrent la photographie sous un nouvel angle. Entre pass\u00e9 et pr\u00e9sent, la m\u00e9moire et l\u2019instant, l\u2019intime et le collectif, ils sont invit\u00e9s \u00e0 vivre une exp\u00e9rience unique qui les fera voyager dans le temps.<br \/>\nPendant six mois de r\u00e9sidence, cinq types d\u2019ateliers vari\u00e9s et ouverts \u00e0 tous sont propos\u00e9s entre correspondance, voyage dans le temps, \u00e0 travers l\u2019infiniment petit, les sons\u2026<\/p>\n<p>COLLECTE ET T\u00c9MOIGNAGE :<\/p>\n<p>Dans le cadre de sa r\u00e9sidence artistique, l\u2019artiste photographe recherche des anecdotes, des histoires de Saint-Nabord, des \u00e9v\u00e9nements qui ont marqu\u00e9 un habitant \u00e0 un endroit particulier, des souvenirs\u2026 Le but est de partager ses ressentis, sa vie et ses \u00e9motions pendant un temps d\u2019\u00e9change, pour cr\u00e9er \u00ab une carte \u00e0 explorer \u00bb o\u00f9 se m\u00ealent \u00e9motions et histoires. La rencontre aura lieu : Mercredi 6 mai \u00e0 14h Centre socio-culturel de Saint-Nabord<br \/>\nCr\u00e9\u00e9e et anim\u00e9e par la photographe Valentine Zeler, cette r\u00e9sidence de territoire est propos\u00e9e dans le cadre du Contrat d&rsquo;\u00c9ducation Artistique et Culturelle (CT-EAC) de la Communaut\u00e9 de Communes de la Porte des Vosges M\u00e9ridionales, gr\u00e2ce au soutien de la Direction R\u00e9gionale des Affaires Culturelles (DRAC Grand Est), du minist\u00e8re de l\u2019\u00e9ducation nationale et du Conseil D\u00e9partemental des Vosges. Elle est accueillie par la Commune de Saint-Nabord.<\/p>\n","protected":false},"excerpt":{"rendered":"<p>\u00a0\u201cVoyage \u00e0 Saint-Nabord, prendre le temps de regarder\u201d s\u2019articule autour du Voyage, th\u00e8me commun \u00e0 la culture sur le territoire [&hellip;]<\/p>\n","protected":false},"author":391,"featured_media":90958,"comment_status":"open","ping_status":"open","sticky":false,"template":"","format":"standard","meta":{"footnotes":""},"categories":[26,100],"tags":[],"class_list":["post-90957","post","type-post","status-publish","format-standard","has-post-thumbnail","hentry","category-a-la-une","category-saint-nabord"],"acf":[],"yoast_head":"<!-- This site is optimized with the Yoast SEO plugin v22.5 - https:\/\/yoast.com\/wordpress\/plugins\/seo\/ -->\n<title>Voyage \u00e0 Saint-Nabord, prendre le temps de regarder - Remiremont Info<\/title>\n<meta name=\"robots\" content=\"index, follow, max-snippet:-1, max-image-preview:large, max-video-preview:-1\" \/>\n<link rel=\"canonical\" href=\"https:\/\/vosgesinfo.fr\/remiremontinfo\/2026\/05\/voyage-a-saint-nabord-prendre-le-temps-de-regarder\/\" \/>\n<meta name=\"twitter:card\" content=\"summary_large_image\" \/>\n<meta name=\"twitter:title\" content=\"Voyage \u00e0 Saint-Nabord, prendre le temps de regarder - Remiremont Info\" \/>\n<meta name=\"twitter:description\" content=\"\u00a0\u201cVoyage \u00e0 Saint-Nabord, prendre le temps de regarder\u201d s\u2019articule autour du Voyage, th\u00e8me commun \u00e0 la culture sur le territoire [&hellip;]\" \/>\n<meta name=\"twitter:image\" content=\"https:\/\/vosgesinfo.fr\/app\/uploads\/sites\/5\/2026\/05\/zel.png\" \/>\n<meta name=\"twitter:creator\" content=\"@VosgesInfo88\" \/>\n<meta name=\"twitter:site\" content=\"@VosgesInfo88\" \/>\n<meta name=\"twitter:label1\" content=\"\u00c9crit par\" \/>\n\t<meta name=\"twitter:data1\" content=\"La redaction\" \/>\n\t<meta name=\"twitter:label2\" content=\"Dur\u00e9e de lecture estim\u00e9e\" \/>\n\t<meta name=\"twitter:data2\" content=\"1 minute\" \/>\n<script type=\"application\/ld+json\" class=\"yoast-schema-graph\">{\"@context\":\"https:\/\/schema.org\",\"@graph\":[{\"@type\":\"Article\",\"@id\":\"https:\/\/vosgesinfo.fr\/remiremontinfo\/2026\/05\/voyage-a-saint-nabord-prendre-le-temps-de-regarder\/#article\",\"isPartOf\":{\"@id\":\"https:\/\/vosgesinfo.fr\/remiremontinfo\/2026\/05\/voyage-a-saint-nabord-prendre-le-temps-de-regarder\/\"},\"author\":{\"name\":\"La redaction\",\"@id\":\"https:\/\/vosgesinfo.fr\/remiremontinfo\/#\/schema\/person\/27a3695b06db98895b354c0765cdfc31\"},\"headline\":\"Voyage \u00e0 Saint-Nabord, prendre le temps de regarder\",\"datePublished\":\"2026-05-01T16:19:55+00:00\",\"dateModified\":\"2026-05-01T16:20:07+00:00\",\"mainEntityOfPage\":{\"@id\":\"https:\/\/vosgesinfo.fr\/remiremontinfo\/2026\/05\/voyage-a-saint-nabord-prendre-le-temps-de-regarder\/\"},\"wordCount\":289,\"commentCount\":0,\"publisher\":{\"@id\":\"https:\/\/vosgesinfo.fr\/remiremontinfo\/#organization\"},\"image\":{\"@id\":\"https:\/\/vosgesinfo.fr\/remiremontinfo\/2026\/05\/voyage-a-saint-nabord-prendre-le-temps-de-regarder\/#primaryimage\"},\"thumbnailUrl\":\"https:\/\/vosgesinfo.fr\/app\/uploads\/sites\/5\/2026\/05\/zel.png\",\"articleSection\":[\"A la Une\",\"Saint-Nabord\"],\"inLanguage\":\"fr-FR\",\"potentialAction\":[{\"@type\":\"CommentAction\",\"name\":\"Comment\",\"target\":[\"https:\/\/vosgesinfo.fr\/remiremontinfo\/2026\/05\/voyage-a-saint-nabord-prendre-le-temps-de-regarder\/#respond\"]}]},{\"@type\":\"WebPage\",\"@id\":\"https:\/\/vosgesinfo.fr\/remiremontinfo\/2026\/05\/voyage-a-saint-nabord-prendre-le-temps-de-regarder\/\",\"url\":\"https:\/\/vosgesinfo.fr\/remiremontinfo\/2026\/05\/voyage-a-saint-nabord-prendre-le-temps-de-regarder\/\",\"name\":\"Voyage \u00e0 Saint-Nabord, prendre le temps de regarder - Remiremont Info\",\"isPartOf\":{\"@id\":\"https:\/\/vosgesinfo.fr\/remiremontinfo\/#website\"},\"primaryImageOfPage\":{\"@id\":\"https:\/\/vosgesinfo.fr\/remiremontinfo\/2026\/05\/voyage-a-saint-nabord-prendre-le-temps-de-regarder\/#primaryimage\"},\"image\":{\"@id\":\"https:\/\/vosgesinfo.fr\/remiremontinfo\/2026\/05\/voyage-a-saint-nabord-prendre-le-temps-de-regarder\/#primaryimage\"},\"thumbnailUrl\":\"https:\/\/vosgesinfo.fr\/app\/uploads\/sites\/5\/2026\/05\/zel.png\",\"datePublished\":\"2026-05-01T16:19:55+00:00\",\"dateModified\":\"2026-05-01T16:20:07+00:00\",\"breadcrumb\":{\"@id\":\"https:\/\/vosgesinfo.fr\/remiremontinfo\/2026\/05\/voyage-a-saint-nabord-prendre-le-temps-de-regarder\/#breadcrumb\"},\"inLanguage\":\"fr-FR\",\"potentialAction\":[{\"@type\":\"ReadAction\",\"target\":[\"https:\/\/vosgesinfo.fr\/remiremontinfo\/2026\/05\/voyage-a-saint-nabord-prendre-le-temps-de-regarder\/\"]}]},{\"@type\":\"ImageObject\",\"inLanguage\":\"fr-FR\",\"@id\":\"https:\/\/vosgesinfo.fr\/remiremontinfo\/2026\/05\/voyage-a-saint-nabord-prendre-le-temps-de-regarder\/#primaryimage\",\"url\":\"https:\/\/vosgesinfo.fr\/app\/uploads\/sites\/5\/2026\/05\/zel.png\",\"contentUrl\":\"https:\/\/vosgesinfo.fr\/app\/uploads\/sites\/5\/2026\/05\/zel.png\",\"width\":237,\"height\":332},{\"@type\":\"BreadcrumbList\",\"@id\":\"https:\/\/vosgesinfo.fr\/remiremontinfo\/2026\/05\/voyage-a-saint-nabord-prendre-le-temps-de-regarder\/#breadcrumb\",\"itemListElement\":[{\"@type\":\"ListItem\",\"position\":1,\"name\":\"Home\",\"item\":\"https:\/\/vosgesinfo.fr\/remiremontinfo\/\"},{\"@type\":\"ListItem\",\"position\":2,\"name\":\"Voyage \u00e0 Saint-Nabord, prendre le temps de regarder\"}]},{\"@type\":\"WebSite\",\"@id\":\"https:\/\/vosgesinfo.fr\/remiremontinfo\/#website\",\"url\":\"https:\/\/vosgesinfo.fr\/remiremontinfo\/\",\"name\":\"Remiremont Info\",\"description\":\"Toute l&#039;actualit\u00e9 de Remiremont\",\"publisher\":{\"@id\":\"https:\/\/vosgesinfo.fr\/remiremontinfo\/#organization\"},\"alternateName\":\"Toute l'actualit\u00e9 de Remiremont\",\"potentialAction\":[{\"@type\":\"SearchAction\",\"target\":{\"@type\":\"EntryPoint\",\"urlTemplate\":\"https:\/\/vosgesinfo.fr\/remiremontinfo\/?s={search_term_string}\"},\"query-input\":\"required name=search_term_string\"}],\"inLanguage\":\"fr-FR\"},{\"@type\":\"Organization\",\"@id\":\"https:\/\/vosgesinfo.fr\/remiremontinfo\/#organization\",\"name\":\"Remiremont Info\",\"url\":\"https:\/\/vosgesinfo.fr\/remiremontinfo\/\",\"logo\":{\"@type\":\"ImageObject\",\"inLanguage\":\"fr-FR\",\"@id\":\"https:\/\/vosgesinfo.fr\/remiremontinfo\/#\/schema\/logo\/image\/\",\"url\":\"https:\/\/vosgesinfo.fr\/app\/uploads\/sites\/5\/2023\/08\/favicon-remiremontinfo.png\",\"contentUrl\":\"https:\/\/vosgesinfo.fr\/app\/uploads\/sites\/5\/2023\/08\/favicon-remiremontinfo.png\",\"width\":512,\"height\":512,\"caption\":\"Remiremont Info\"},\"image\":{\"@id\":\"https:\/\/vosgesinfo.fr\/remiremontinfo\/#\/schema\/logo\/image\/\"},\"sameAs\":[\"https:\/\/www.facebook.com\/remiremontinfo\",\"https:\/\/x.com\/VosgesInfo88\",\"https:\/\/www.youtube.com\/@vosgesinfo\"]},{\"@type\":\"Person\",\"@id\":\"https:\/\/vosgesinfo.fr\/remiremontinfo\/#\/schema\/person\/27a3695b06db98895b354c0765cdfc31\",\"name\":\"La redaction\",\"image\":{\"@type\":\"ImageObject\",\"inLanguage\":\"fr-FR\",\"@id\":\"https:\/\/vosgesinfo.fr\/remiremontinfo\/#\/schema\/person\/image\/\",\"url\":\"https:\/\/secure.gravatar.com\/avatar\/64c76a78e501cedee55736f43f332df901e1896ae9cd8fad269ae2236dd0e8b6?s=96&d=mm&r=g\",\"contentUrl\":\"https:\/\/secure.gravatar.com\/avatar\/64c76a78e501cedee55736f43f332df901e1896ae9cd8fad269ae2236dd0e8b6?s=96&d=mm&r=g\",\"caption\":\"La redaction\"},\"url\":\"https:\/\/vosgesinfo.fr\/remiremontinfo\/author\/la-redaction\/\"}]}<\/script>\n<!-- \/ Yoast SEO plugin. -->","yoast_head_json":{"title":"Voyage \u00e0 Saint-Nabord, prendre le temps de regarder - Remiremont Info","robots":{"index":"index","follow":"follow","max-snippet":"max-snippet:-1","max-image-preview":"max-image-preview:large","max-video-preview":"max-video-preview:-1"},"canonical":"https:\/\/vosgesinfo.fr\/remiremontinfo\/2026\/05\/voyage-a-saint-nabord-prendre-le-temps-de-regarder\/","twitter_card":"summary_large_image","twitter_title":"Voyage \u00e0 Saint-Nabord, prendre le temps de regarder - Remiremont Info","twitter_description":"\u00a0\u201cVoyage \u00e0 Saint-Nabord, prendre le temps de regarder\u201d s\u2019articule autour du Voyage, th\u00e8me commun \u00e0 la culture sur le territoire [&hellip;]","twitter_image":"https:\/\/vosgesinfo.fr\/app\/uploads\/sites\/5\/2026\/05\/zel.png","twitter_creator":"@VosgesInfo88","twitter_site":"@VosgesInfo88","twitter_misc":{"\u00c9crit par":"La redaction","Dur\u00e9e de lecture estim\u00e9e":"1 minute"},"schema":{"@context":"https:\/\/schema.org","@graph":[{"@type":"Article","@id":"https:\/\/vosgesinfo.fr\/remiremontinfo\/2026\/05\/voyage-a-saint-nabord-prendre-le-temps-de-regarder\/#article","isPartOf":{"@id":"https:\/\/vosgesinfo.fr\/remiremontinfo\/2026\/05\/voyage-a-saint-nabord-prendre-le-temps-de-regarder\/"},"author":{"name":"La redaction","@id":"https:\/\/vosgesinfo.fr\/remiremontinfo\/#\/schema\/person\/27a3695b06db98895b354c0765cdfc31"},"headline":"Voyage \u00e0 Saint-Nabord, prendre le temps de regarder","datePublished":"2026-05-01T16:19:55+00:00","dateModified":"2026-05-01T16:20:07+00:00","mainEntityOfPage":{"@id":"https:\/\/vosgesinfo.fr\/remiremontinfo\/2026\/05\/voyage-a-saint-nabord-prendre-le-temps-de-regarder\/"},"wordCount":289,"commentCount":0,"publisher":{"@id":"https:\/\/vosgesinfo.fr\/remiremontinfo\/#organization"},"image":{"@id":"https:\/\/vosgesinfo.fr\/remiremontinfo\/2026\/05\/voyage-a-saint-nabord-prendre-le-temps-de-regarder\/#primaryimage"},"thumbnailUrl":"https:\/\/vosgesinfo.fr\/app\/uploads\/sites\/5\/2026\/05\/zel.png","articleSection":["A la Une","Saint-Nabord"],"inLanguage":"fr-FR","potentialAction":[{"@type":"CommentAction","name":"Comment","target":["https:\/\/vosgesinfo.fr\/remiremontinfo\/2026\/05\/voyage-a-saint-nabord-prendre-le-temps-de-regarder\/#respond"]}]},{"@type":"WebPage","@id":"https:\/\/vosgesinfo.fr\/remiremontinfo\/2026\/05\/voyage-a-saint-nabord-prendre-le-temps-de-regarder\/","url":"https:\/\/vosgesinfo.fr\/remiremontinfo\/2026\/05\/voyage-a-saint-nabord-prendre-le-temps-de-regarder\/","name":"Voyage \u00e0 Saint-Nabord, prendre le temps de regarder - Remiremont Info","isPartOf":{"@id":"https:\/\/vosgesinfo.fr\/remiremontinfo\/#website"},"primaryImageOfPage":{"@id":"https:\/\/vosgesinfo.fr\/remiremontinfo\/2026\/05\/voyage-a-saint-nabord-prendre-le-temps-de-regarder\/#primaryimage"},"image":{"@id":"https:\/\/vosgesinfo.fr\/remiremontinfo\/2026\/05\/voyage-a-saint-nabord-prendre-le-temps-de-regarder\/#primaryimage"},"thumbnailUrl":"https:\/\/vosgesinfo.fr\/app\/uploads\/sites\/5\/2026\/05\/zel.png","datePublished":"2026-05-01T16:19:55+00:00","dateModified":"2026-05-01T16:20:07+00:00","breadcrumb":{"@id":"https:\/\/vosgesinfo.fr\/remiremontinfo\/2026\/05\/voyage-a-saint-nabord-prendre-le-temps-de-regarder\/#breadcrumb"},"inLanguage":"fr-FR","potentialAction":[{"@type":"ReadAction","target":["https:\/\/vosgesinfo.fr\/remiremontinfo\/2026\/05\/voyage-a-saint-nabord-prendre-le-temps-de-regarder\/"]}]},{"@type":"ImageObject","inLanguage":"fr-FR","@id":"https:\/\/vosgesinfo.fr\/remiremontinfo\/2026\/05\/voyage-a-saint-nabord-prendre-le-temps-de-regarder\/#primaryimage","url":"https:\/\/vosgesinfo.fr\/app\/uploads\/sites\/5\/2026\/05\/zel.png","contentUrl":"https:\/\/vosgesinfo.fr\/app\/uploads\/sites\/5\/2026\/05\/zel.png","width":237,"height":332},{"@type":"BreadcrumbList","@id":"https:\/\/vosgesinfo.fr\/remiremontinfo\/2026\/05\/voyage-a-saint-nabord-prendre-le-temps-de-regarder\/#breadcrumb","itemListElement":[{"@type":"ListItem","position":1,"name":"Home","item":"https:\/\/vosgesinfo.fr\/remiremontinfo\/"},{"@type":"ListItem","position":2,"name":"Voyage \u00e0 Saint-Nabord, prendre le temps de regarder"}]},{"@type":"WebSite","@id":"https:\/\/vosgesinfo.fr\/remiremontinfo\/#website","url":"https:\/\/vosgesinfo.fr\/remiremontinfo\/","name":"Remiremont Info","description":"Toute l&#039;actualit\u00e9 de Remiremont","publisher":{"@id":"https:\/\/vosgesinfo.fr\/remiremontinfo\/#organization"},"alternateName":"Toute l'actualit\u00e9 de Remiremont","potentialAction":[{"@type":"SearchAction","target":{"@type":"EntryPoint","urlTemplate":"https:\/\/vosgesinfo.fr\/remiremontinfo\/?s={search_term_string}"},"query-input":"required name=search_term_string"}],"inLanguage":"fr-FR"},{"@type":"Organization","@id":"https:\/\/vosgesinfo.fr\/remiremontinfo\/#organization","name":"Remiremont Info","url":"https:\/\/vosgesinfo.fr\/remiremontinfo\/","logo":{"@type":"ImageObject","inLanguage":"fr-FR","@id":"https:\/\/vosgesinfo.fr\/remiremontinfo\/#\/schema\/logo\/image\/","url":"https:\/\/vosgesinfo.fr\/app\/uploads\/sites\/5\/2023\/08\/favicon-remiremontinfo.png","contentUrl":"https:\/\/vosgesinfo.fr\/app\/uploads\/sites\/5\/2023\/08\/favicon-remiremontinfo.png","width":512,"height":512,"caption":"Remiremont Info"},"image":{"@id":"https:\/\/vosgesinfo.fr\/remiremontinfo\/#\/schema\/logo\/image\/"},"sameAs":["https:\/\/www.facebook.com\/remiremontinfo","https:\/\/x.com\/VosgesInfo88","https:\/\/www.youtube.com\/@vosgesinfo"]},{"@type":"Person","@id":"https:\/\/vosgesinfo.fr\/remiremontinfo\/#\/schema\/person\/27a3695b06db98895b354c0765cdfc31","name":"La redaction","image":{"@type":"ImageObject","inLanguage":"fr-FR","@id":"https:\/\/vosgesinfo.fr\/remiremontinfo\/#\/schema\/person\/image\/","url":"https:\/\/secure.gravatar.com\/avatar\/64c76a78e501cedee55736f43f332df901e1896ae9cd8fad269ae2236dd0e8b6?s=96&d=mm&r=g","contentUrl":"https:\/\/secure.gravatar.com\/avatar\/64c76a78e501cedee55736f43f332df901e1896ae9cd8fad269ae2236dd0e8b6?s=96&d=mm&r=g","caption":"La redaction"},"url":"https:\/\/vosgesinfo.fr\/remiremontinfo\/author\/la-redaction\/"}]}},"_links":{"self":[{"href":"https:\/\/vosgesinfo.fr\/remiremontinfo\/wp-json\/wp\/v2\/posts\/90957","targetHints":{"allow":["GET"]}}],"collection":[{"href":"https:\/\/vosgesinfo.fr\/remiremontinfo\/wp-json\/wp\/v2\/posts"}],"about":[{"href":"https:\/\/vosgesinfo.fr\/remiremontinfo\/wp-json\/wp\/v2\/types\/post"}],"author":[{"embeddable":true,"href":"https:\/\/vosgesinfo.fr\/remiremontinfo\/wp-json\/wp\/v2\/users\/391"}],"replies":[{"embeddable":true,"href":"https:\/\/vosgesinfo.fr\/remiremontinfo\/wp-json\/wp\/v2\/comments?post=90957"}],"version-history":[{"count":1,"href":"https:\/\/vosgesinfo.fr\/remiremontinfo\/wp-json\/wp\/v2\/posts\/90957\/revisions"}],"predecessor-version":[{"id":90959,"href":"https:\/\/vosgesinfo.fr\/remiremontinfo\/wp-json\/wp\/v2\/posts\/90957\/revisions\/90959"}],"wp:featuredmedia":[{"embeddable":true,"href":"https:\/\/vosgesinfo.fr\/remiremontinfo\/wp-json\/wp\/v2\/media\/90958"}],"wp:attachment":[{"href":"https:\/\/vosgesinfo.fr\/remiremontinfo\/wp-json\/wp\/v2\/media?parent=90957"}],"wp:term":[{"taxonomy":"category","embeddable":true,"href":"https:\/\/vosgesinfo.fr\/remiremontinfo\/wp-json\/wp\/v2\/categories?post=90957"},{"taxonomy":"post_tag","embeddable":true,"href":"https:\/\/vosgesinfo.fr\/remiremontinfo\/wp-json\/wp\/v2\/tags?post=90957"}],"curies":[{"name":"wp","href":"https:\/\/api.w.org\/{rel}","templated":true}]}}