{"id":93534,"date":"2026-08-31T13:13:36","date_gmt":"2026-08-31T11:13:36","guid":{"rendered":"https:\/\/vosgesinfo.fr\/remiremontinfo\/?p=93534"},"modified":"2026-08-31T13:13:36","modified_gmt":"2026-08-31T11:13:36","slug":"celebration-inhabituelle-en-leglise-abbatiale-de-remiremont","status":"publish","type":"post","link":"https:\/\/vosgesinfo.fr\/remiremontinfo\/2026\/08\/celebration-inhabituelle-en-leglise-abbatiale-de-remiremont\/","title":{"rendered":"C\u00e9l\u00e9bration inhabituelle en l\u2019\u00e9glise abbatiale de Remiremont"},"content":{"rendered":"<p><a href=\"https:\/\/vosgesinfo.fr\/app\/uploads\/sites\/5\/2026\/08\/messes-de-depart-des-pretres-155.jpg\"><img decoding=\"async\" class=\"size-large wp-image-93535 aligncenter\" src=\"https:\/\/vosgesinfo.fr\/app\/uploads\/sites\/5\/2026\/08\/messes-de-depart-des-pretres-155-1024x683.jpg\" alt=\"\" width=\"1024\" height=\"683\" srcset=\"https:\/\/vosgesinfo.fr\/app\/uploads\/sites\/5\/2026\/08\/messes-de-depart-des-pretres-155-1024x683.jpg 1024w, https:\/\/vosgesinfo.fr\/app\/uploads\/sites\/5\/2026\/08\/messes-de-depart-des-pretres-155-300x200.jpg 300w, https:\/\/vosgesinfo.fr\/app\/uploads\/sites\/5\/2026\/08\/messes-de-depart-des-pretres-155-768x512.jpg 768w, https:\/\/vosgesinfo.fr\/app\/uploads\/sites\/5\/2026\/08\/messes-de-depart-des-pretres-155-1536x1024.jpg 1536w, https:\/\/vosgesinfo.fr\/app\/uploads\/sites\/5\/2026\/08\/messes-de-depart-des-pretres-155.jpg 1920w\" sizes=\"(max-width: 1024px) 100vw, 1024px\" \/><\/a><\/p>\n<p>Ce dimanche matin, en l\u2019\u00e9glise abbatiale de Remiremont, les fid\u00e8les des trois paroisses du Saint-Mont (Remiremont), Notre-Dame-des-Sources (Plombi\u00e8res) et Notre-Dame de la Combeaut\u00e9 (Val-d&rsquo;Ajol) se sont rassembl\u00e9s pour une messe, une c\u00e9r\u00e9monie peu fr\u00e9quente. Une c\u00e9l\u00e9bration eucharistique interparoissiale pour le d\u00e9part des pr\u00eatres.<\/p>\n<p data-id=\"5ZaXcE\">En effet, comme annonc\u00e9 il y a d\u00e9j\u00e0 plusieurs semaines, Monseigneur Fran\u00e7ois Gourdon, l\u2019\u00e9v\u00eaque du dioc\u00e8se de Saint-Di\u00e9, dans le cadre d\u2019un vaste chantier, a nomm\u00e9 l\u2019abb\u00e9 Claude Durupt d\u00e9l\u00e9gu\u00e9 \u00e9piscopal \u00e0 la vie consacr\u00e9e et vicaire paroissial de la paroisse de Saint-Di\u00e9. Il sera en r\u00e9sidence \u00e0 Saint-Di\u00e9. L\u2019abb\u00e9 Joseph Chu Minh Thoai est nomm\u00e9 cur\u00e9 des paroisses Bienheureux-Jean-Martin-Moy\u00eb et Saint-Nicolas-Du-Haut-Du-Mont, il sera en r\u00e9sidence \u00e0 Charmes.<\/p>\n<div id=\"attachment_93536\" style=\"width: 210px\" class=\"wp-caption alignright\"><a href=\"https:\/\/vosgesinfo.fr\/app\/uploads\/sites\/5\/2026\/08\/messes-de-depart-des-pretres-81.jpg\"><img decoding=\"async\" aria-describedby=\"caption-attachment-93536\" class=\"size-medium wp-image-93536\" src=\"https:\/\/vosgesinfo.fr\/app\/uploads\/sites\/5\/2026\/08\/messes-de-depart-des-pretres-81-200x300.jpg\" alt=\"\" width=\"200\" height=\"300\" srcset=\"https:\/\/vosgesinfo.fr\/app\/uploads\/sites\/5\/2026\/08\/messes-de-depart-des-pretres-81-200x300.jpg 200w, https:\/\/vosgesinfo.fr\/app\/uploads\/sites\/5\/2026\/08\/messes-de-depart-des-pretres-81-683x1024.jpg 683w, https:\/\/vosgesinfo.fr\/app\/uploads\/sites\/5\/2026\/08\/messes-de-depart-des-pretres-81-768x1152.jpg 768w, https:\/\/vosgesinfo.fr\/app\/uploads\/sites\/5\/2026\/08\/messes-de-depart-des-pretres-81-1024x1536.jpg 1024w, https:\/\/vosgesinfo.fr\/app\/uploads\/sites\/5\/2026\/08\/messes-de-depart-des-pretres-81.jpg 1280w\" sizes=\"(max-width: 200px) 100vw, 200px\" \/><\/a><p id=\"caption-attachment-93536\" class=\"wp-caption-text\">Mot d&rsquo;accueil de l&rsquo;abb\u00e9 Claude Durupt<\/p><\/div>\n<p data-id=\"DOYoCO\">insi l\u2019abb\u00e9 Claude Durupt, cur\u00e9 \u00ab mod\u00e9rateur \u00bb des trois paroisses, et l\u2019abb\u00e9 Joseph Chu Minh Thoai, cur\u00e9 \u00ab in solidum \u00bb \u00e0 ses c\u00f4t\u00e9s pour les trois paroisses, c\u00e9l\u00e9braient leur derni\u00e8re messe \u00e0 Remiremont.<\/p>\n<p data-id=\"pefdOy\">Pour l\u2019occasion, plus une place n\u2019\u00e9tait disponible dans l\u2019\u00e9glise abbatiale. Aux premiers rangs, qui leur \u00e9taient r\u00e9serv\u00e9s, bon nombre de maires et d&rsquo;\u00e9lus avait tenu \u00e0 \u00eatre pr\u00e9sent, comme les maires de Remiremont, Saint-\u00c9tienne et Saint-Nabord, maires des communes composant la paroisse du Saint-Mont.<\/p>\n<p data-id=\"hLmjG2\">La c\u00e9r\u00e9monie, fortement charg\u00e9e d\u2019\u00e9motion, tant pour les pr\u00eatres que pour l\u2019assembl\u00e9e, a dur\u00e9 pr\u00e8s de deux heures. Elle s\u2019est ouverte par un mot d\u2019accueil du p\u00e8re Durupt qui, citant saint Paul, a d\u00e9clar\u00e9 \u00ab\u00a0vous \u00eates devenus chers \u00e0 notre c\u0153ur\u00a0\u00bb. Il a aussi rappel\u00e9 qu\u2019\u00eatre pr\u00eatre, c\u2019est \u00ab\u00a0r\u00e9pondre \u00e0 l\u2019appel du Christ en vue de la mission\u00a0\u00bb. \u00c0 la fin de son propos, un peu en guise de conclusion, il a repris les paroles de J\u00e9sus : \u00ab\u00a0Il faut que j\u2019aille vers d\u2019autres villes. \u00bb<\/p>\n<div id=\"attachment_93538\" style=\"width: 310px\" class=\"wp-caption alignright\"><a href=\"https:\/\/vosgesinfo.fr\/app\/uploads\/sites\/5\/2026\/08\/messes-de-depart-des-pretres-393.jpg\"><img decoding=\"async\" aria-describedby=\"caption-attachment-93538\" class=\"size-medium wp-image-93538\" src=\"https:\/\/vosgesinfo.fr\/app\/uploads\/sites\/5\/2026\/08\/messes-de-depart-des-pretres-393-300x200.jpg\" alt=\"\" width=\"300\" height=\"200\" srcset=\"https:\/\/vosgesinfo.fr\/app\/uploads\/sites\/5\/2026\/08\/messes-de-depart-des-pretres-393-300x200.jpg 300w, https:\/\/vosgesinfo.fr\/app\/uploads\/sites\/5\/2026\/08\/messes-de-depart-des-pretres-393-1024x683.jpg 1024w, https:\/\/vosgesinfo.fr\/app\/uploads\/sites\/5\/2026\/08\/messes-de-depart-des-pretres-393-768x512.jpg 768w, https:\/\/vosgesinfo.fr\/app\/uploads\/sites\/5\/2026\/08\/messes-de-depart-des-pretres-393-1536x1024.jpg 1536w, https:\/\/vosgesinfo.fr\/app\/uploads\/sites\/5\/2026\/08\/messes-de-depart-des-pretres-393.jpg 1920w\" sizes=\"(max-width: 300px) 100vw, 300px\" \/><\/a><p id=\"caption-attachment-93538\" class=\"wp-caption-text\">Des cadeaux&#8230;<\/p><\/div>\n<p data-id=\"PR1Mep\">Les responsables des trois \u00e9quipes paroissiales se sont ensuite relay\u00e9s pour exprimer la joie d\u2019avoir eu comme pasteurs les abb\u00e9s \u00ab\u00a0Claude et Joseph\u00a0\u00bb pour les guider dans les bons et moins bons moments et la tristesse de les voir appel\u00e9s en d\u2019autres lieux. La c\u00e9r\u00e9monie a aussi \u00e9t\u00e9 marqu\u00e9e par une procession tr\u00e8s particuli\u00e8re\u00a0: des cl\u00e9s des \u00e9glises, remises par les maires lors de leur installation, des \u00e9toles symbole du sacrement que les pr\u00eatres ont re\u00e7u et des huiles saintes utilis\u00e9es lors des sacrements.<\/p>\n<p data-id=\"9AoUf4\">\u00c0 l\u2019issue de la c\u00e9r\u00e9monie, tous \u00e9taient invit\u00e9s \u00ab\u00a0aux grands jardins\u00a0\u00bb pour partager un fraternel verre de l\u2019amiti\u00e9 o\u00f9 de nombreux cadeaux ont \u00e9t\u00e9 remis aux deux pr\u00eatres. Celles et ceux qui le souhaitaient, une bonne centaine, ont ensuite particip\u00e9 \u00e0 un repas partag\u00e9, avant que les deux pr\u00eatres ne prennent la route. Ce soir ils seront d\u00e9j\u00e0 sur leurs nouveaux lieux de mission.<\/p>\n<p data-id=\"d5wg86\">PM<\/p>\n<div id=\"attachment_93539\" style=\"width: 1034px\" class=\"wp-caption alignright\"><a href=\"https:\/\/vosgesinfo.fr\/app\/uploads\/sites\/5\/2026\/08\/messes-de-depart-des-pretres-295.jpg\"><img decoding=\"async\" aria-describedby=\"caption-attachment-93539\" class=\"size-large wp-image-93539\" src=\"https:\/\/vosgesinfo.fr\/app\/uploads\/sites\/5\/2026\/08\/messes-de-depart-des-pretres-295-1024x683.jpg\" alt=\"\" width=\"1024\" height=\"683\" srcset=\"https:\/\/vosgesinfo.fr\/app\/uploads\/sites\/5\/2026\/08\/messes-de-depart-des-pretres-295-1024x683.jpg 1024w, https:\/\/vosgesinfo.fr\/app\/uploads\/sites\/5\/2026\/08\/messes-de-depart-des-pretres-295-300x200.jpg 300w, https:\/\/vosgesinfo.fr\/app\/uploads\/sites\/5\/2026\/08\/messes-de-depart-des-pretres-295-768x512.jpg 768w, https:\/\/vosgesinfo.fr\/app\/uploads\/sites\/5\/2026\/08\/messes-de-depart-des-pretres-295-1536x1024.jpg 1536w, https:\/\/vosgesinfo.fr\/app\/uploads\/sites\/5\/2026\/08\/messes-de-depart-des-pretres-295.jpg 1920w\" sizes=\"(max-width: 1024px) 100vw, 1024px\" \/><\/a><p id=\"caption-attachment-93539\" class=\"wp-caption-text\">Les abb\u00e9s claude et Joseph \u00e0 la sortie de la c\u00e9r\u00e9monie<\/p><\/div>\n","protected":false},"excerpt":{"rendered":"<p>Ce dimanche matin, en l\u2019\u00e9glise abbatiale de Remiremont, les fid\u00e8les des trois paroisses du Saint-Mont (Remiremont), Notre-Dame-des-Sources (Plombi\u00e8res) et Notre-Dame [&hellip;]<\/p>\n","protected":false},"author":413,"featured_media":93535,"comment_status":"open","ping_status":"open","sticky":false,"template":"","format":"standard","meta":{"footnotes":""},"categories":[26,9253,121,82,102,163,43,1556,35,155,100,8441],"tags":[263,8197,1407],"class_list":["post-93534","post","type-post","status-publish","format-standard","has-post-thumbnail","hentry","category-a-la-une","category-ceremonie","category-le-val-dajol-le-val-dajol-son-canton","category-le-val-dajol-son-canton","category-plombieres-les-bains","category-religion","category-remiremont-remiremont-son-canton","category-remiremont-remiremont-son-canton-2","category-remiremont-son-canton","category-saint-etienne","category-saint-nabord","category-vie-religieuse","tag-paroisse-du-saint-mont","tag-paroisse-notre-dame-de-la-combeaute","tag-paroisse-notre-dame-des-sources"],"acf":[],"yoast_head":"<!-- This site is optimized with the Yoast SEO plugin v22.5 - https:\/\/yoast.com\/wordpress\/plugins\/seo\/ -->\n<title>C\u00e9l\u00e9bration inhabituelle en l\u2019\u00e9glise abbatiale de Remiremont - Remiremont Info<\/title>\n<meta name=\"robots\" content=\"index, follow, max-snippet:-1, max-image-preview:large, max-video-preview:-1\" \/>\n<link rel=\"canonical\" href=\"https:\/\/vosgesinfo.fr\/remiremontinfo\/?p=93534\" \/>\n<meta name=\"twitter:card\" content=\"summary_large_image\" \/>\n<meta name=\"twitter:title\" content=\"C\u00e9l\u00e9bration inhabituelle en l\u2019\u00e9glise abbatiale de Remiremont - Remiremont Info\" \/>\n<meta name=\"twitter:description\" content=\"Ce dimanche matin, en l\u2019\u00e9glise abbatiale de Remiremont, les fid\u00e8les des trois paroisses du Saint-Mont (Remiremont), Notre-Dame-des-Sources (Plombi\u00e8res) et Notre-Dame [&hellip;]\" \/>\n<meta name=\"twitter:image\" content=\"https:\/\/vosgesinfo.fr\/app\/uploads\/sites\/5\/2026\/08\/messes-de-depart-des-pretres-155.jpg\" \/>\n<meta name=\"twitter:creator\" content=\"@VosgesInfo88\" \/>\n<meta name=\"twitter:site\" content=\"@VosgesInfo88\" \/>\n<meta name=\"twitter:label1\" content=\"\u00c9crit par\" \/>\n\t<meta name=\"twitter:data1\" content=\"P.M\" \/>\n\t<meta name=\"twitter:label2\" content=\"Dur\u00e9e de lecture estim\u00e9e\" \/>\n\t<meta name=\"twitter:data2\" content=\"4 minutes\" \/>\n<script type=\"application\/ld+json\" class=\"yoast-schema-graph\">{\"@context\":\"https:\/\/schema.org\",\"@graph\":[{\"@type\":\"Article\",\"@id\":\"https:\/\/vosgesinfo.fr\/remiremontinfo\/?p=93534#article\",\"isPartOf\":{\"@id\":\"https:\/\/vosgesinfo.fr\/remiremontinfo\/?p=93534\"},\"author\":{\"name\":\"P.M\",\"@id\":\"https:\/\/vosgesinfo.fr\/remiremontinfo\/#\/schema\/person\/a6fd2dde36da20be3679f2058b94c5b8\"},\"headline\":\"C\u00e9l\u00e9bration inhabituelle en l\u2019\u00e9glise abbatiale de Remiremont\",\"datePublished\":\"2026-08-31T11:13:36+00:00\",\"dateModified\":\"2026-08-31T11:13:36+00:00\",\"mainEntityOfPage\":{\"@id\":\"https:\/\/vosgesinfo.fr\/remiremontinfo\/?p=93534\"},\"wordCount\":546,\"commentCount\":0,\"publisher\":{\"@id\":\"https:\/\/vosgesinfo.fr\/remiremontinfo\/#organization\"},\"image\":{\"@id\":\"https:\/\/vosgesinfo.fr\/remiremontinfo\/?p=93534#primaryimage\"},\"thumbnailUrl\":\"https:\/\/vosgesinfo.fr\/app\/uploads\/sites\/5\/2026\/08\/messes-de-depart-des-pretres-155.jpg\",\"keywords\":[\"paroisse du Saint-Mont\",\"paroisse notre dame de la combeaut\u00e9\",\"Paroisse Notre Dame des Sources\"],\"articleSection\":[\"A la Une\",\"C\u00e9r\u00e9monie\",\"Le Val d'Ajol\",\"Le Val-d'Ajol &amp; son canton\",\"Plombi\u00e8res-l\u00e8s-Bains\",\"Religion\",\"Remiremont\",\"Remiremont\",\"Remiremont &amp; son canton\",\"Saint-Etienne\",\"Saint-Nabord\",\"Vie religieuse\"],\"inLanguage\":\"fr-FR\",\"potentialAction\":[{\"@type\":\"CommentAction\",\"name\":\"Comment\",\"target\":[\"https:\/\/vosgesinfo.fr\/remiremontinfo\/?p=93534#respond\"]}]},{\"@type\":\"WebPage\",\"@id\":\"https:\/\/vosgesinfo.fr\/remiremontinfo\/?p=93534\",\"url\":\"https:\/\/vosgesinfo.fr\/remiremontinfo\/?p=93534\",\"name\":\"C\u00e9l\u00e9bration inhabituelle en l\u2019\u00e9glise abbatiale de Remiremont - Remiremont Info\",\"isPartOf\":{\"@id\":\"https:\/\/vosgesinfo.fr\/remiremontinfo\/#website\"},\"primaryImageOfPage\":{\"@id\":\"https:\/\/vosgesinfo.fr\/remiremontinfo\/?p=93534#primaryimage\"},\"image\":{\"@id\":\"https:\/\/vosgesinfo.fr\/remiremontinfo\/?p=93534#primaryimage\"},\"thumbnailUrl\":\"https:\/\/vosgesinfo.fr\/app\/uploads\/sites\/5\/2026\/08\/messes-de-depart-des-pretres-155.jpg\",\"datePublished\":\"2026-08-31T11:13:36+00:00\",\"dateModified\":\"2026-08-31T11:13:36+00:00\",\"breadcrumb\":{\"@id\":\"https:\/\/vosgesinfo.fr\/remiremontinfo\/?p=93534#breadcrumb\"},\"inLanguage\":\"fr-FR\",\"potentialAction\":[{\"@type\":\"ReadAction\",\"target\":[\"https:\/\/vosgesinfo.fr\/remiremontinfo\/?p=93534\"]}]},{\"@type\":\"ImageObject\",\"inLanguage\":\"fr-FR\",\"@id\":\"https:\/\/vosgesinfo.fr\/remiremontinfo\/?p=93534#primaryimage\",\"url\":\"https:\/\/vosgesinfo.fr\/app\/uploads\/sites\/5\/2026\/08\/messes-de-depart-des-pretres-155.jpg\",\"contentUrl\":\"https:\/\/vosgesinfo.fr\/app\/uploads\/sites\/5\/2026\/08\/messes-de-depart-des-pretres-155.jpg\",\"width\":1920,\"height\":1280},{\"@type\":\"BreadcrumbList\",\"@id\":\"https:\/\/vosgesinfo.fr\/remiremontinfo\/?p=93534#breadcrumb\",\"itemListElement\":[{\"@type\":\"ListItem\",\"position\":1,\"name\":\"Home\",\"item\":\"https:\/\/vosgesinfo.fr\/remiremontinfo\/\"},{\"@type\":\"ListItem\",\"position\":2,\"name\":\"C\u00e9l\u00e9bration inhabituelle en l\u2019\u00e9glise abbatiale de Remiremont\"}]},{\"@type\":\"WebSite\",\"@id\":\"https:\/\/vosgesinfo.fr\/remiremontinfo\/#website\",\"url\":\"https:\/\/vosgesinfo.fr\/remiremontinfo\/\",\"name\":\"Remiremont Info\",\"description\":\"Toute l&#039;actualit\u00e9 de Remiremont\",\"publisher\":{\"@id\":\"https:\/\/vosgesinfo.fr\/remiremontinfo\/#organization\"},\"alternateName\":\"Toute l'actualit\u00e9 de Remiremont\",\"potentialAction\":[{\"@type\":\"SearchAction\",\"target\":{\"@type\":\"EntryPoint\",\"urlTemplate\":\"https:\/\/vosgesinfo.fr\/remiremontinfo\/?s={search_term_string}\"},\"query-input\":\"required name=search_term_string\"}],\"inLanguage\":\"fr-FR\"},{\"@type\":\"Organization\",\"@id\":\"https:\/\/vosgesinfo.fr\/remiremontinfo\/#organization\",\"name\":\"Remiremont Info\",\"url\":\"https:\/\/vosgesinfo.fr\/remiremontinfo\/\",\"logo\":{\"@type\":\"ImageObject\",\"inLanguage\":\"fr-FR\",\"@id\":\"https:\/\/vosgesinfo.fr\/remiremontinfo\/#\/schema\/logo\/image\/\",\"url\":\"https:\/\/vosgesinfo.fr\/app\/uploads\/sites\/5\/2023\/08\/favicon-remiremontinfo.png\",\"contentUrl\":\"https:\/\/vosgesinfo.fr\/app\/uploads\/sites\/5\/2023\/08\/favicon-remiremontinfo.png\",\"width\":512,\"height\":512,\"caption\":\"Remiremont Info\"},\"image\":{\"@id\":\"https:\/\/vosgesinfo.fr\/remiremontinfo\/#\/schema\/logo\/image\/\"},\"sameAs\":[\"https:\/\/www.facebook.com\/remiremontinfo\",\"https:\/\/x.com\/VosgesInfo88\",\"https:\/\/www.youtube.com\/@vosgesinfo\"]},{\"@type\":\"Person\",\"@id\":\"https:\/\/vosgesinfo.fr\/remiremontinfo\/#\/schema\/person\/a6fd2dde36da20be3679f2058b94c5b8\",\"name\":\"P.M\",\"image\":{\"@type\":\"ImageObject\",\"inLanguage\":\"fr-FR\",\"@id\":\"https:\/\/vosgesinfo.fr\/remiremontinfo\/#\/schema\/person\/image\/\",\"url\":\"https:\/\/secure.gravatar.com\/avatar\/db38f6ef38bb165f6f4d352563f264129673ed4536984fbbcddf700bd12f8a9a?s=96&d=mm&r=g\",\"contentUrl\":\"https:\/\/secure.gravatar.com\/avatar\/db38f6ef38bb165f6f4d352563f264129673ed4536984fbbcddf700bd12f8a9a?s=96&d=mm&r=g\",\"caption\":\"P.M\"},\"url\":\"https:\/\/vosgesinfo.fr\/remiremontinfo\/author\/p-mangel88\/\"}]}<\/script>\n<!-- \/ Yoast SEO plugin. -->","yoast_head_json":{"title":"C\u00e9l\u00e9bration inhabituelle en l\u2019\u00e9glise abbatiale de Remiremont - Remiremont Info","robots":{"index":"index","follow":"follow","max-snippet":"max-snippet:-1","max-image-preview":"max-image-preview:large","max-video-preview":"max-video-preview:-1"},"canonical":"https:\/\/vosgesinfo.fr\/remiremontinfo\/?p=93534","twitter_card":"summary_large_image","twitter_title":"C\u00e9l\u00e9bration inhabituelle en l\u2019\u00e9glise abbatiale de Remiremont - Remiremont Info","twitter_description":"Ce dimanche matin, en l\u2019\u00e9glise abbatiale de Remiremont, les fid\u00e8les des trois paroisses du Saint-Mont (Remiremont), Notre-Dame-des-Sources (Plombi\u00e8res) et Notre-Dame [&hellip;]","twitter_image":"https:\/\/vosgesinfo.fr\/app\/uploads\/sites\/5\/2026\/08\/messes-de-depart-des-pretres-155.jpg","twitter_creator":"@VosgesInfo88","twitter_site":"@VosgesInfo88","twitter_misc":{"\u00c9crit par":"P.M","Dur\u00e9e de lecture estim\u00e9e":"4 minutes"},"schema":{"@context":"https:\/\/schema.org","@graph":[{"@type":"Article","@id":"https:\/\/vosgesinfo.fr\/remiremontinfo\/?p=93534#article","isPartOf":{"@id":"https:\/\/vosgesinfo.fr\/remiremontinfo\/?p=93534"},"author":{"name":"P.M","@id":"https:\/\/vosgesinfo.fr\/remiremontinfo\/#\/schema\/person\/a6fd2dde36da20be3679f2058b94c5b8"},"headline":"C\u00e9l\u00e9bration inhabituelle en l\u2019\u00e9glise abbatiale de Remiremont","datePublished":"2026-08-31T11:13:36+00:00","dateModified":"2026-08-31T11:13:36+00:00","mainEntityOfPage":{"@id":"https:\/\/vosgesinfo.fr\/remiremontinfo\/?p=93534"},"wordCount":546,"commentCount":0,"publisher":{"@id":"https:\/\/vosgesinfo.fr\/remiremontinfo\/#organization"},"image":{"@id":"https:\/\/vosgesinfo.fr\/remiremontinfo\/?p=93534#primaryimage"},"thumbnailUrl":"https:\/\/vosgesinfo.fr\/app\/uploads\/sites\/5\/2026\/08\/messes-de-depart-des-pretres-155.jpg","keywords":["paroisse du Saint-Mont","paroisse notre dame de la combeaut\u00e9","Paroisse Notre Dame des Sources"],"articleSection":["A la Une","C\u00e9r\u00e9monie","Le Val d'Ajol","Le Val-d'Ajol &amp; son canton","Plombi\u00e8res-l\u00e8s-Bains","Religion","Remiremont","Remiremont","Remiremont &amp; son canton","Saint-Etienne","Saint-Nabord","Vie religieuse"],"inLanguage":"fr-FR","potentialAction":[{"@type":"CommentAction","name":"Comment","target":["https:\/\/vosgesinfo.fr\/remiremontinfo\/?p=93534#respond"]}]},{"@type":"WebPage","@id":"https:\/\/vosgesinfo.fr\/remiremontinfo\/?p=93534","url":"https:\/\/vosgesinfo.fr\/remiremontinfo\/?p=93534","name":"C\u00e9l\u00e9bration inhabituelle en l\u2019\u00e9glise abbatiale de Remiremont - Remiremont Info","isPartOf":{"@id":"https:\/\/vosgesinfo.fr\/remiremontinfo\/#website"},"primaryImageOfPage":{"@id":"https:\/\/vosgesinfo.fr\/remiremontinfo\/?p=93534#primaryimage"},"image":{"@id":"https:\/\/vosgesinfo.fr\/remiremontinfo\/?p=93534#primaryimage"},"thumbnailUrl":"https:\/\/vosgesinfo.fr\/app\/uploads\/sites\/5\/2026\/08\/messes-de-depart-des-pretres-155.jpg","datePublished":"2026-08-31T11:13:36+00:00","dateModified":"2026-08-31T11:13:36+00:00","breadcrumb":{"@id":"https:\/\/vosgesinfo.fr\/remiremontinfo\/?p=93534#breadcrumb"},"inLanguage":"fr-FR","potentialAction":[{"@type":"ReadAction","target":["https:\/\/vosgesinfo.fr\/remiremontinfo\/?p=93534"]}]},{"@type":"ImageObject","inLanguage":"fr-FR","@id":"https:\/\/vosgesinfo.fr\/remiremontinfo\/?p=93534#primaryimage","url":"https:\/\/vosgesinfo.fr\/app\/uploads\/sites\/5\/2026\/08\/messes-de-depart-des-pretres-155.jpg","contentUrl":"https:\/\/vosgesinfo.fr\/app\/uploads\/sites\/5\/2026\/08\/messes-de-depart-des-pretres-155.jpg","width":1920,"height":1280},{"@type":"BreadcrumbList","@id":"https:\/\/vosgesinfo.fr\/remiremontinfo\/?p=93534#breadcrumb","itemListElement":[{"@type":"ListItem","position":1,"name":"Home","item":"https:\/\/vosgesinfo.fr\/remiremontinfo\/"},{"@type":"ListItem","position":2,"name":"C\u00e9l\u00e9bration inhabituelle en l\u2019\u00e9glise abbatiale de Remiremont"}]},{"@type":"WebSite","@id":"https:\/\/vosgesinfo.fr\/remiremontinfo\/#website","url":"https:\/\/vosgesinfo.fr\/remiremontinfo\/","name":"Remiremont Info","description":"Toute l&#039;actualit\u00e9 de Remiremont","publisher":{"@id":"https:\/\/vosgesinfo.fr\/remiremontinfo\/#organization"},"alternateName":"Toute l'actualit\u00e9 de Remiremont","potentialAction":[{"@type":"SearchAction","target":{"@type":"EntryPoint","urlTemplate":"https:\/\/vosgesinfo.fr\/remiremontinfo\/?s={search_term_string}"},"query-input":"required name=search_term_string"}],"inLanguage":"fr-FR"},{"@type":"Organization","@id":"https:\/\/vosgesinfo.fr\/remiremontinfo\/#organization","name":"Remiremont Info","url":"https:\/\/vosgesinfo.fr\/remiremontinfo\/","logo":{"@type":"ImageObject","inLanguage":"fr-FR","@id":"https:\/\/vosgesinfo.fr\/remiremontinfo\/#\/schema\/logo\/image\/","url":"https:\/\/vosgesinfo.fr\/app\/uploads\/sites\/5\/2023\/08\/favicon-remiremontinfo.png","contentUrl":"https:\/\/vosgesinfo.fr\/app\/uploads\/sites\/5\/2023\/08\/favicon-remiremontinfo.png","width":512,"height":512,"caption":"Remiremont Info"},"image":{"@id":"https:\/\/vosgesinfo.fr\/remiremontinfo\/#\/schema\/logo\/image\/"},"sameAs":["https:\/\/www.facebook.com\/remiremontinfo","https:\/\/x.com\/VosgesInfo88","https:\/\/www.youtube.com\/@vosgesinfo"]},{"@type":"Person","@id":"https:\/\/vosgesinfo.fr\/remiremontinfo\/#\/schema\/person\/a6fd2dde36da20be3679f2058b94c5b8","name":"P.M","image":{"@type":"ImageObject","inLanguage":"fr-FR","@id":"https:\/\/vosgesinfo.fr\/remiremontinfo\/#\/schema\/person\/image\/","url":"https:\/\/secure.gravatar.com\/avatar\/db38f6ef38bb165f6f4d352563f264129673ed4536984fbbcddf700bd12f8a9a?s=96&d=mm&r=g","contentUrl":"https:\/\/secure.gravatar.com\/avatar\/db38f6ef38bb165f6f4d352563f264129673ed4536984fbbcddf700bd12f8a9a?s=96&d=mm&r=g","caption":"P.M"},"url":"https:\/\/vosgesinfo.fr\/remiremontinfo\/author\/p-mangel88\/"}]}},"_links":{"self":[{"href":"https:\/\/vosgesinfo.fr\/remiremontinfo\/wp-json\/wp\/v2\/posts\/93534","targetHints":{"allow":["GET"]}}],"collection":[{"href":"https:\/\/vosgesinfo.fr\/remiremontinfo\/wp-json\/wp\/v2\/posts"}],"about":[{"href":"https:\/\/vosgesinfo.fr\/remiremontinfo\/wp-json\/wp\/v2\/types\/post"}],"author":[{"embeddable":true,"href":"https:\/\/vosgesinfo.fr\/remiremontinfo\/wp-json\/wp\/v2\/users\/413"}],"replies":[{"embeddable":true,"href":"https:\/\/vosgesinfo.fr\/remiremontinfo\/wp-json\/wp\/v2\/comments?post=93534"}],"version-history":[{"count":4,"href":"https:\/\/vosgesinfo.fr\/remiremontinfo\/wp-json\/wp\/v2\/posts\/93534\/revisions"}],"predecessor-version":[{"id":93559,"href":"https:\/\/vosgesinfo.fr\/remiremontinfo\/wp-json\/wp\/v2\/posts\/93534\/revisions\/93559"}],"wp:featuredmedia":[{"embeddable":true,"href":"https:\/\/vosgesinfo.fr\/remiremontinfo\/wp-json\/wp\/v2\/media\/93535"}],"wp:attachment":[{"href":"https:\/\/vosgesinfo.fr\/remiremontinfo\/wp-json\/wp\/v2\/media?parent=93534"}],"wp:term":[{"taxonomy":"category","embeddable":true,"href":"https:\/\/vosgesinfo.fr\/remiremontinfo\/wp-json\/wp\/v2\/categories?post=93534"},{"taxonomy":"post_tag","embeddable":true,"href":"https:\/\/vosgesinfo.fr\/remiremontinfo\/wp-json\/wp\/v2\/tags?post=93534"}],"curies":[{"name":"wp","href":"https:\/\/api.w.org\/{rel}","templated":true}]}}