{"id":93555,"date":"2026-08-31T13:11:47","date_gmt":"2026-08-31T11:11:47","guid":{"rendered":"https:\/\/vosgesinfo.fr\/remiremontinfo\/?p=93555"},"modified":"2026-08-31T13:11:47","modified_gmt":"2026-08-31T11:11:47","slug":"retour-aux-horaires-habituels-dans-les-decheteries-de-la-cchv-des-le-31-aout-et-lancement-dune-enquete-aupres-des-usagers","status":"publish","type":"post","link":"https:\/\/vosgesinfo.fr\/remiremontinfo\/2026\/08\/retour-aux-horaires-habituels-dans-les-decheteries-de-la-cchv-des-le-31-aout-et-lancement-dune-enquete-aupres-des-usagers\/","title":{"rendered":"Retour aux horaires habituels dans les d\u00e9ch\u00e8teries de la CCHV d\u00e8s le 31 ao\u00fbt et lancement d&rsquo;une enqu\u00eate aupr\u00e8s des usagers"},"content":{"rendered":"<p>&nbsp;<\/p>\n<p>&nbsp;<\/p>\n<p>Le dispositif d&rsquo;am\u00e9nagement des horaires en d\u00e9ch\u00e8terie touchant \u00e0 sa fin, la Communaut\u00e9 de Communes des Hautes Vosges (CCHV) informe les habitants du territoire que les trois d\u00e9ch\u00e8teries intercommunales (La Bresse, Le Syndicat et Saulxures-sur-Moselotte) reprendront leurs <b>horaires d&rsquo;ouverture habituels \u00e0 compter du lundi 31 ao\u00fbt 2026<\/b>, conform\u00e9ment au calendrier actuel.<\/p>\n<p>La p\u00e9riode estivale qui s&rsquo;ach\u00e8ve a montr\u00e9 un r\u00e9el engouement des usagers pour les horaires am\u00e9nag\u00e9s en matin\u00e9e pendant les p\u00e9riodes de fortes chaleurs. Face \u00e0 ce constat tr\u00e8s positif, la CCHV a engag\u00e9 une r\u00e9flexion globale afin d&rsquo;\u00e9tudier l&rsquo;adaptation de ses futurs horaires d&rsquo;ouverture tout au long de l&rsquo;ann\u00e9e.<\/p>\n<p><b><u>Votre avis compte : lancement d&rsquo;une enqu\u00eate usagers<\/u><\/b><br \/>\nAfin de recueillir plus largement vos retours et de construire un service au plus proche de vos attentes, la CCHV lance une grande consultation aupr\u00e8s des usagers du territoire.<br \/>\nVous \u00eates invit\u00e9s \u00e0 donner votre avis en r\u00e9pondant \u00e0 un questionnaire rapide :<\/p>\n<ul>\n<li><b>En ligne : <\/b>directement sur le site internet de la CCHV (<a class=\"v1moz-txt-link-abbreviated\" href=\"http:\/\/www.cchautesvosges.fr\/\" target=\"_blank\" rel=\"noopener noreferrer\">www.cchautesvosges.fr<\/a>).<\/li>\n<li><b>En version papier <\/b>: disponible aupr\u00e8s des gardiens de vos trois d\u00e9ch\u00e8teries ou t\u00e9l\u00e9chargeable sur le site de la CCHV.<\/li>\n<\/ul>\n<p>Vos retours permettront d&rsquo;ajuster l&rsquo;offre de service \u00e0 vos besoins r\u00e9els, tout en conciliant les imp\u00e9ratifs d&rsquo;exploitation et l&rsquo;organisation de nos \u00e9quipes de terrain.<\/p>\n<p>La CCHV vous remercie par avance pour votre participation et votre pr\u00e9cieuse contribution \u00e0 l&rsquo;am\u00e9lioration de vos services publics.<\/p>\n<p><a href=\"https:\/\/vosgesinfo.fr\/app\/uploads\/sites\/5\/2026\/08\/telecharger-les-horaires-et-les-consignes-des-de\u0301che\u0300teries-de-la-cchv.pdf\">T\u00e9l\u00e9charger les horaires et les consignes des de\u0301che\u0300teries de la CCHV<\/a><\/p>\n","protected":false},"excerpt":{"rendered":"<p>&nbsp; &nbsp; Le dispositif d&rsquo;am\u00e9nagement des horaires en d\u00e9ch\u00e8terie touchant \u00e0 sa fin, la Communaut\u00e9 de Communes des Hautes Vosges [&hellip;]<\/p>\n","protected":false},"author":391,"featured_media":86437,"comment_status":"open","ping_status":"open","sticky":false,"template":"","format":"standard","meta":{"footnotes":""},"categories":[26,7,43],"tags":[],"class_list":["post-93555","post","type-post","status-publish","format-standard","has-post-thumbnail","hentry","category-a-la-une","category-environnement","category-remiremont-remiremont-son-canton"],"acf":[],"yoast_head":"<!-- This site is optimized with the Yoast SEO plugin v22.5 - https:\/\/yoast.com\/wordpress\/plugins\/seo\/ -->\n<title>Retour aux horaires habituels dans les d\u00e9ch\u00e8teries de la CCHV d\u00e8s le 31 ao\u00fbt et lancement d&#039;une enqu\u00eate aupr\u00e8s des usagers - Remiremont Info<\/title>\n<meta name=\"robots\" content=\"index, follow, max-snippet:-1, max-image-preview:large, max-video-preview:-1\" \/>\n<link rel=\"canonical\" href=\"https:\/\/vosgesinfo.fr\/remiremontinfo\/?p=93555\" \/>\n<meta name=\"twitter:card\" content=\"summary_large_image\" \/>\n<meta name=\"twitter:title\" content=\"Retour aux horaires habituels dans les d\u00e9ch\u00e8teries de la CCHV d\u00e8s le 31 ao\u00fbt et lancement d&#039;une enqu\u00eate aupr\u00e8s des usagers - Remiremont Info\" \/>\n<meta name=\"twitter:description\" content=\"&nbsp; &nbsp; Le dispositif d&rsquo;am\u00e9nagement des horaires en d\u00e9ch\u00e8terie touchant \u00e0 sa fin, la Communaut\u00e9 de Communes des Hautes Vosges [&hellip;]\" \/>\n<meta name=\"twitter:creator\" content=\"@VosgesInfo88\" \/>\n<meta name=\"twitter:site\" content=\"@VosgesInfo88\" \/>\n<meta name=\"twitter:label1\" content=\"\u00c9crit par\" \/>\n\t<meta name=\"twitter:data1\" content=\"La redaction\" \/>\n\t<meta name=\"twitter:label2\" content=\"Dur\u00e9e de lecture estim\u00e9e\" \/>\n\t<meta name=\"twitter:data2\" content=\"1 minute\" \/>\n<script type=\"application\/ld+json\" class=\"yoast-schema-graph\">{\"@context\":\"https:\/\/schema.org\",\"@graph\":[{\"@type\":\"Article\",\"@id\":\"https:\/\/vosgesinfo.fr\/remiremontinfo\/?p=93555#article\",\"isPartOf\":{\"@id\":\"https:\/\/vosgesinfo.fr\/remiremontinfo\/?p=93555\"},\"author\":{\"name\":\"La redaction\",\"@id\":\"https:\/\/vosgesinfo.fr\/remiremontinfo\/#\/schema\/person\/27a3695b06db98895b354c0765cdfc31\"},\"headline\":\"Retour aux horaires habituels dans les d\u00e9ch\u00e8teries de la CCHV d\u00e8s le 31 ao\u00fbt et lancement d&rsquo;une enqu\u00eate aupr\u00e8s des usagers\",\"datePublished\":\"2026-08-31T11:11:47+00:00\",\"dateModified\":\"2026-08-31T11:11:47+00:00\",\"mainEntityOfPage\":{\"@id\":\"https:\/\/vosgesinfo.fr\/remiremontinfo\/?p=93555\"},\"wordCount\":303,\"commentCount\":0,\"publisher\":{\"@id\":\"https:\/\/vosgesinfo.fr\/remiremontinfo\/#organization\"},\"image\":{\"@id\":\"https:\/\/vosgesinfo.fr\/remiremontinfo\/?p=93555#primaryimage\"},\"thumbnailUrl\":\"https:\/\/vosgesinfo.fr\/app\/uploads\/sites\/5\/2025\/10\/decheterie-la-bresse-4539.jpg\",\"articleSection\":[\"A la Une\",\"Environnement\",\"Remiremont\"],\"inLanguage\":\"fr-FR\",\"potentialAction\":[{\"@type\":\"CommentAction\",\"name\":\"Comment\",\"target\":[\"https:\/\/vosgesinfo.fr\/remiremontinfo\/?p=93555#respond\"]}]},{\"@type\":\"WebPage\",\"@id\":\"https:\/\/vosgesinfo.fr\/remiremontinfo\/?p=93555\",\"url\":\"https:\/\/vosgesinfo.fr\/remiremontinfo\/?p=93555\",\"name\":\"Retour aux horaires habituels dans les d\u00e9ch\u00e8teries de la CCHV d\u00e8s le 31 ao\u00fbt et lancement d'une enqu\u00eate aupr\u00e8s des usagers - Remiremont Info\",\"isPartOf\":{\"@id\":\"https:\/\/vosgesinfo.fr\/remiremontinfo\/#website\"},\"primaryImageOfPage\":{\"@id\":\"https:\/\/vosgesinfo.fr\/remiremontinfo\/?p=93555#primaryimage\"},\"image\":{\"@id\":\"https:\/\/vosgesinfo.fr\/remiremontinfo\/?p=93555#primaryimage\"},\"thumbnailUrl\":\"https:\/\/vosgesinfo.fr\/app\/uploads\/sites\/5\/2025\/10\/decheterie-la-bresse-4539.jpg\",\"datePublished\":\"2026-08-31T11:11:47+00:00\",\"dateModified\":\"2026-08-31T11:11:47+00:00\",\"breadcrumb\":{\"@id\":\"https:\/\/vosgesinfo.fr\/remiremontinfo\/?p=93555#breadcrumb\"},\"inLanguage\":\"fr-FR\",\"potentialAction\":[{\"@type\":\"ReadAction\",\"target\":[\"https:\/\/vosgesinfo.fr\/remiremontinfo\/?p=93555\"]}]},{\"@type\":\"ImageObject\",\"inLanguage\":\"fr-FR\",\"@id\":\"https:\/\/vosgesinfo.fr\/remiremontinfo\/?p=93555#primaryimage\",\"url\":\"https:\/\/vosgesinfo.fr\/app\/uploads\/sites\/5\/2025\/10\/decheterie-la-bresse-4539.jpg\",\"contentUrl\":\"https:\/\/vosgesinfo.fr\/app\/uploads\/sites\/5\/2025\/10\/decheterie-la-bresse-4539.jpg\",\"width\":1686,\"height\":1080},{\"@type\":\"BreadcrumbList\",\"@id\":\"https:\/\/vosgesinfo.fr\/remiremontinfo\/?p=93555#breadcrumb\",\"itemListElement\":[{\"@type\":\"ListItem\",\"position\":1,\"name\":\"Home\",\"item\":\"https:\/\/vosgesinfo.fr\/remiremontinfo\/\"},{\"@type\":\"ListItem\",\"position\":2,\"name\":\"Retour aux horaires habituels dans les d\u00e9ch\u00e8teries de la CCHV d\u00e8s le 31 ao\u00fbt et lancement d&#8217;une enqu\u00eate aupr\u00e8s des usagers\"}]},{\"@type\":\"WebSite\",\"@id\":\"https:\/\/vosgesinfo.fr\/remiremontinfo\/#website\",\"url\":\"https:\/\/vosgesinfo.fr\/remiremontinfo\/\",\"name\":\"Remiremont Info\",\"description\":\"Toute l&#039;actualit\u00e9 de Remiremont\",\"publisher\":{\"@id\":\"https:\/\/vosgesinfo.fr\/remiremontinfo\/#organization\"},\"alternateName\":\"Toute l'actualit\u00e9 de Remiremont\",\"potentialAction\":[{\"@type\":\"SearchAction\",\"target\":{\"@type\":\"EntryPoint\",\"urlTemplate\":\"https:\/\/vosgesinfo.fr\/remiremontinfo\/?s={search_term_string}\"},\"query-input\":\"required name=search_term_string\"}],\"inLanguage\":\"fr-FR\"},{\"@type\":\"Organization\",\"@id\":\"https:\/\/vosgesinfo.fr\/remiremontinfo\/#organization\",\"name\":\"Remiremont Info\",\"url\":\"https:\/\/vosgesinfo.fr\/remiremontinfo\/\",\"logo\":{\"@type\":\"ImageObject\",\"inLanguage\":\"fr-FR\",\"@id\":\"https:\/\/vosgesinfo.fr\/remiremontinfo\/#\/schema\/logo\/image\/\",\"url\":\"https:\/\/vosgesinfo.fr\/app\/uploads\/sites\/5\/2023\/08\/favicon-remiremontinfo.png\",\"contentUrl\":\"https:\/\/vosgesinfo.fr\/app\/uploads\/sites\/5\/2023\/08\/favicon-remiremontinfo.png\",\"width\":512,\"height\":512,\"caption\":\"Remiremont Info\"},\"image\":{\"@id\":\"https:\/\/vosgesinfo.fr\/remiremontinfo\/#\/schema\/logo\/image\/\"},\"sameAs\":[\"https:\/\/www.facebook.com\/remiremontinfo\",\"https:\/\/x.com\/VosgesInfo88\",\"https:\/\/www.youtube.com\/@vosgesinfo\"]},{\"@type\":\"Person\",\"@id\":\"https:\/\/vosgesinfo.fr\/remiremontinfo\/#\/schema\/person\/27a3695b06db98895b354c0765cdfc31\",\"name\":\"La redaction\",\"image\":{\"@type\":\"ImageObject\",\"inLanguage\":\"fr-FR\",\"@id\":\"https:\/\/vosgesinfo.fr\/remiremontinfo\/#\/schema\/person\/image\/\",\"url\":\"https:\/\/secure.gravatar.com\/avatar\/64c76a78e501cedee55736f43f332df901e1896ae9cd8fad269ae2236dd0e8b6?s=96&d=mm&r=g\",\"contentUrl\":\"https:\/\/secure.gravatar.com\/avatar\/64c76a78e501cedee55736f43f332df901e1896ae9cd8fad269ae2236dd0e8b6?s=96&d=mm&r=g\",\"caption\":\"La redaction\"},\"url\":\"https:\/\/vosgesinfo.fr\/remiremontinfo\/author\/la-redaction\/\"}]}<\/script>\n<!-- \/ Yoast SEO plugin. -->","yoast_head_json":{"title":"Retour aux horaires habituels dans les d\u00e9ch\u00e8teries de la CCHV d\u00e8s le 31 ao\u00fbt et lancement d'une enqu\u00eate aupr\u00e8s des usagers - Remiremont Info","robots":{"index":"index","follow":"follow","max-snippet":"max-snippet:-1","max-image-preview":"max-image-preview:large","max-video-preview":"max-video-preview:-1"},"canonical":"https:\/\/vosgesinfo.fr\/remiremontinfo\/?p=93555","twitter_card":"summary_large_image","twitter_title":"Retour aux horaires habituels dans les d\u00e9ch\u00e8teries de la CCHV d\u00e8s le 31 ao\u00fbt et lancement d'une enqu\u00eate aupr\u00e8s des usagers - Remiremont Info","twitter_description":"&nbsp; &nbsp; Le dispositif d&rsquo;am\u00e9nagement des horaires en d\u00e9ch\u00e8terie touchant \u00e0 sa fin, la Communaut\u00e9 de Communes des Hautes Vosges [&hellip;]","twitter_creator":"@VosgesInfo88","twitter_site":"@VosgesInfo88","twitter_misc":{"\u00c9crit par":"La redaction","Dur\u00e9e de lecture estim\u00e9e":"1 minute"},"schema":{"@context":"https:\/\/schema.org","@graph":[{"@type":"Article","@id":"https:\/\/vosgesinfo.fr\/remiremontinfo\/?p=93555#article","isPartOf":{"@id":"https:\/\/vosgesinfo.fr\/remiremontinfo\/?p=93555"},"author":{"name":"La redaction","@id":"https:\/\/vosgesinfo.fr\/remiremontinfo\/#\/schema\/person\/27a3695b06db98895b354c0765cdfc31"},"headline":"Retour aux horaires habituels dans les d\u00e9ch\u00e8teries de la CCHV d\u00e8s le 31 ao\u00fbt et lancement d&rsquo;une enqu\u00eate aupr\u00e8s des usagers","datePublished":"2026-08-31T11:11:47+00:00","dateModified":"2026-08-31T11:11:47+00:00","mainEntityOfPage":{"@id":"https:\/\/vosgesinfo.fr\/remiremontinfo\/?p=93555"},"wordCount":303,"commentCount":0,"publisher":{"@id":"https:\/\/vosgesinfo.fr\/remiremontinfo\/#organization"},"image":{"@id":"https:\/\/vosgesinfo.fr\/remiremontinfo\/?p=93555#primaryimage"},"thumbnailUrl":"https:\/\/vosgesinfo.fr\/app\/uploads\/sites\/5\/2025\/10\/decheterie-la-bresse-4539.jpg","articleSection":["A la Une","Environnement","Remiremont"],"inLanguage":"fr-FR","potentialAction":[{"@type":"CommentAction","name":"Comment","target":["https:\/\/vosgesinfo.fr\/remiremontinfo\/?p=93555#respond"]}]},{"@type":"WebPage","@id":"https:\/\/vosgesinfo.fr\/remiremontinfo\/?p=93555","url":"https:\/\/vosgesinfo.fr\/remiremontinfo\/?p=93555","name":"Retour aux horaires habituels dans les d\u00e9ch\u00e8teries de la CCHV d\u00e8s le 31 ao\u00fbt et lancement d'une enqu\u00eate aupr\u00e8s des usagers - Remiremont Info","isPartOf":{"@id":"https:\/\/vosgesinfo.fr\/remiremontinfo\/#website"},"primaryImageOfPage":{"@id":"https:\/\/vosgesinfo.fr\/remiremontinfo\/?p=93555#primaryimage"},"image":{"@id":"https:\/\/vosgesinfo.fr\/remiremontinfo\/?p=93555#primaryimage"},"thumbnailUrl":"https:\/\/vosgesinfo.fr\/app\/uploads\/sites\/5\/2025\/10\/decheterie-la-bresse-4539.jpg","datePublished":"2026-08-31T11:11:47+00:00","dateModified":"2026-08-31T11:11:47+00:00","breadcrumb":{"@id":"https:\/\/vosgesinfo.fr\/remiremontinfo\/?p=93555#breadcrumb"},"inLanguage":"fr-FR","potentialAction":[{"@type":"ReadAction","target":["https:\/\/vosgesinfo.fr\/remiremontinfo\/?p=93555"]}]},{"@type":"ImageObject","inLanguage":"fr-FR","@id":"https:\/\/vosgesinfo.fr\/remiremontinfo\/?p=93555#primaryimage","url":"https:\/\/vosgesinfo.fr\/app\/uploads\/sites\/5\/2025\/10\/decheterie-la-bresse-4539.jpg","contentUrl":"https:\/\/vosgesinfo.fr\/app\/uploads\/sites\/5\/2025\/10\/decheterie-la-bresse-4539.jpg","width":1686,"height":1080},{"@type":"BreadcrumbList","@id":"https:\/\/vosgesinfo.fr\/remiremontinfo\/?p=93555#breadcrumb","itemListElement":[{"@type":"ListItem","position":1,"name":"Home","item":"https:\/\/vosgesinfo.fr\/remiremontinfo\/"},{"@type":"ListItem","position":2,"name":"Retour aux horaires habituels dans les d\u00e9ch\u00e8teries de la CCHV d\u00e8s le 31 ao\u00fbt et lancement d&#8217;une enqu\u00eate aupr\u00e8s des usagers"}]},{"@type":"WebSite","@id":"https:\/\/vosgesinfo.fr\/remiremontinfo\/#website","url":"https:\/\/vosgesinfo.fr\/remiremontinfo\/","name":"Remiremont Info","description":"Toute l&#039;actualit\u00e9 de Remiremont","publisher":{"@id":"https:\/\/vosgesinfo.fr\/remiremontinfo\/#organization"},"alternateName":"Toute l'actualit\u00e9 de Remiremont","potentialAction":[{"@type":"SearchAction","target":{"@type":"EntryPoint","urlTemplate":"https:\/\/vosgesinfo.fr\/remiremontinfo\/?s={search_term_string}"},"query-input":"required name=search_term_string"}],"inLanguage":"fr-FR"},{"@type":"Organization","@id":"https:\/\/vosgesinfo.fr\/remiremontinfo\/#organization","name":"Remiremont Info","url":"https:\/\/vosgesinfo.fr\/remiremontinfo\/","logo":{"@type":"ImageObject","inLanguage":"fr-FR","@id":"https:\/\/vosgesinfo.fr\/remiremontinfo\/#\/schema\/logo\/image\/","url":"https:\/\/vosgesinfo.fr\/app\/uploads\/sites\/5\/2023\/08\/favicon-remiremontinfo.png","contentUrl":"https:\/\/vosgesinfo.fr\/app\/uploads\/sites\/5\/2023\/08\/favicon-remiremontinfo.png","width":512,"height":512,"caption":"Remiremont Info"},"image":{"@id":"https:\/\/vosgesinfo.fr\/remiremontinfo\/#\/schema\/logo\/image\/"},"sameAs":["https:\/\/www.facebook.com\/remiremontinfo","https:\/\/x.com\/VosgesInfo88","https:\/\/www.youtube.com\/@vosgesinfo"]},{"@type":"Person","@id":"https:\/\/vosgesinfo.fr\/remiremontinfo\/#\/schema\/person\/27a3695b06db98895b354c0765cdfc31","name":"La redaction","image":{"@type":"ImageObject","inLanguage":"fr-FR","@id":"https:\/\/vosgesinfo.fr\/remiremontinfo\/#\/schema\/person\/image\/","url":"https:\/\/secure.gravatar.com\/avatar\/64c76a78e501cedee55736f43f332df901e1896ae9cd8fad269ae2236dd0e8b6?s=96&d=mm&r=g","contentUrl":"https:\/\/secure.gravatar.com\/avatar\/64c76a78e501cedee55736f43f332df901e1896ae9cd8fad269ae2236dd0e8b6?s=96&d=mm&r=g","caption":"La redaction"},"url":"https:\/\/vosgesinfo.fr\/remiremontinfo\/author\/la-redaction\/"}]}},"_links":{"self":[{"href":"https:\/\/vosgesinfo.fr\/remiremontinfo\/wp-json\/wp\/v2\/posts\/93555","targetHints":{"allow":["GET"]}}],"collection":[{"href":"https:\/\/vosgesinfo.fr\/remiremontinfo\/wp-json\/wp\/v2\/posts"}],"about":[{"href":"https:\/\/vosgesinfo.fr\/remiremontinfo\/wp-json\/wp\/v2\/types\/post"}],"author":[{"embeddable":true,"href":"https:\/\/vosgesinfo.fr\/remiremontinfo\/wp-json\/wp\/v2\/users\/391"}],"replies":[{"embeddable":true,"href":"https:\/\/vosgesinfo.fr\/remiremontinfo\/wp-json\/wp\/v2\/comments?post=93555"}],"version-history":[{"count":1,"href":"https:\/\/vosgesinfo.fr\/remiremontinfo\/wp-json\/wp\/v2\/posts\/93555\/revisions"}],"predecessor-version":[{"id":93557,"href":"https:\/\/vosgesinfo.fr\/remiremontinfo\/wp-json\/wp\/v2\/posts\/93555\/revisions\/93557"}],"wp:featuredmedia":[{"embeddable":true,"href":"https:\/\/vosgesinfo.fr\/remiremontinfo\/wp-json\/wp\/v2\/media\/86437"}],"wp:attachment":[{"href":"https:\/\/vosgesinfo.fr\/remiremontinfo\/wp-json\/wp\/v2\/media?parent=93555"}],"wp:term":[{"taxonomy":"category","embeddable":true,"href":"https:\/\/vosgesinfo.fr\/remiremontinfo\/wp-json\/wp\/v2\/categories?post=93555"},{"taxonomy":"post_tag","embeddable":true,"href":"https:\/\/vosgesinfo.fr\/remiremontinfo\/wp-json\/wp\/v2\/tags?post=93555"}],"curies":[{"name":"wp","href":"https:\/\/api.w.org\/{rel}","templated":true}]}}