{"id":93560,"date":"2026-08-31T17:39:10","date_gmt":"2026-08-31T15:39:10","guid":{"rendered":"https:\/\/vosgesinfo.fr\/remiremontinfo\/?p=93560"},"modified":"2026-08-31T13:36:41","modified_gmt":"2026-08-31T11:36:41","slug":"le-lape-fait-une-nouvelle-escapade-et-sarretera-les-lundis-de-8h45-a-11h45-a-la-mediatheque-de-vagney","status":"publish","type":"post","link":"https:\/\/vosgesinfo.fr\/remiremontinfo\/2026\/08\/le-lape-fait-une-nouvelle-escapade-et-sarretera-les-lundis-de-8h45-a-11h45-a-la-mediatheque-de-vagney\/","title":{"rendered":"Le LAPE fait une nouvelle escapade, et s\u2019arr\u00eatera les lundis de 8h45 \u00e0 11h45 \u00e0 la m\u00e9diath\u00e8que de Vagney."},"content":{"rendered":"<p><a href=\"https:\/\/vosgesinfo.fr\/app\/uploads\/sites\/5\/2026\/08\/lapetite-escapade.jpg\"><img decoding=\"async\" class=\"aligncenter size-medium wp-image-93562\" src=\"https:\/\/vosgesinfo.fr\/app\/uploads\/sites\/5\/2026\/08\/lapetite-escapade-300x181.jpg\" alt=\"\" width=\"300\" height=\"181\" srcset=\"https:\/\/vosgesinfo.fr\/app\/uploads\/sites\/5\/2026\/08\/lapetite-escapade-300x181.jpg 300w, https:\/\/vosgesinfo.fr\/app\/uploads\/sites\/5\/2026\/08\/lapetite-escapade-768x462.jpg 768w, https:\/\/vosgesinfo.fr\/app\/uploads\/sites\/5\/2026\/08\/lapetite-escapade.jpg 816w\" sizes=\"(max-width: 300px) 100vw, 300px\" \/><\/a><\/p>\n<h3>\n<strong>Le Lieu d\u2019Accueil Parents Enfants de la Communaut\u00e9 de Communes des Hautes Vosges (LAPE\u2019tite escapade), offre un nouvel espace aux familles \u00e0 partir du 7 septembre \u00e0 la m\u00e9diath\u00e8que de Vagney.<\/strong><\/h3>\n<p>&nbsp;<\/p>\n<p><a href=\"https:\/\/vosgesinfo.fr\/app\/uploads\/sites\/5\/2026\/08\/lape-tite-escapade-vagney.png\"><img decoding=\"async\" class=\"alignright size-medium wp-image-93561\" src=\"https:\/\/vosgesinfo.fr\/app\/uploads\/sites\/5\/2026\/08\/lape-tite-escapade-vagney-212x300.png\" alt=\"\" width=\"212\" height=\"300\" srcset=\"https:\/\/vosgesinfo.fr\/app\/uploads\/sites\/5\/2026\/08\/lape-tite-escapade-vagney-212x300.png 212w, https:\/\/vosgesinfo.fr\/app\/uploads\/sites\/5\/2026\/08\/lape-tite-escapade-vagney.png 222w\" sizes=\"(max-width: 212px) 100vw, 212px\" \/><\/a>Qu\u2019est-ce qu\u2019un LAPE ?<br \/>\nUn LAPE est un espace de jeux convivial et chaleureux d\u00e9di\u00e9 aux enfants de moins de 6 ans accompagn\u00e9s d\u2019un adulte r\u00e9f\u00e9rent, et aux futurs parents : ce n\u2019est pas un mode d\u2019accueil.<br \/>\nIl propose des espaces de jeux libres propices \u00e0 l\u2019\u00e9veil et \u00e0 la socialisation de l\u2019enfant, favorise les moments de rencontres, d\u2019\u00e9changes et de partage.<\/p>\n<p>\u00c0 quoi sert le LAPE ?<br \/>\nLe LAPE permet \u00e0 l\u2019enfant de :<br \/>\n\u2022 S\u2019\u00e9veiller par le jeu dans un cadre s\u00e9curisant<br \/>\n\u2022 Partager un moment agr\u00e9able avec ses parents ou son adulte r\u00e9f\u00e9rent<br \/>\n\u2022 Pr\u00e9parer la s\u00e9paration avec son parent<br \/>\n\u2022 Se sociabiliser en rencontrant d\u2019autres enfants<br \/>\nLe LAPE permet aux parents de :<br \/>\n\u2022 Rencontrer et \u00e9changer avec d\u2019autres parents.<br \/>\n\u2022 Partager un moment privil\u00e9gi\u00e9 avec son enfant.<br \/>\n\u2022 Faire d\u00e9couvrir \u00e0 son enfant un autre cadre que celui de son domicile.<br \/>\n\u2022 Faire une pause dans son quotidien.<\/p>\n<p>Le fonctionnement du LAPE<\/p>\n<p>VAGNEY<br \/>\nLes Lundis \u00e0 partir de 8h45 jusqu\u2019\u00e0 11h45<br \/>\nLa m\u00e9diath\u00e8que place de la lib\u00e9ration<br \/>\nLA BRESSE<br \/>\nLe 2\u00e8me et 4\u00e8me mercredi \u00e0 partir de 8h45 jusqu\u2019\u00e0 11h30<br \/>\nCentre culturel et social Camille Claudel 12, rue Mougel Bey &#8211; 88250 LA BRESSE<br \/>\nCORNIMONT<br \/>\nLes vendredis \u00e0 partir de 13h30 jusqu\u2019\u00e0 16h30<br \/>\nEspace Culturel et Social de la Pranzi\u00e8re Place de la Pranzi\u00e8re \u2013 88310 CORNIMONT<br \/>\nLAPE4tite escapade est ferm\u00e9e pendant les vacances scolaire de la zone B.<\/p>\n<p>L\u2019acc\u00e8s au LAPE est libre (aucune inscription pr\u00e9alable), anonyme et gratuit.<\/p>\n<p>L\u2019\u00e9quipe accueillante est constitu\u00e9e de 2 professionnels issus de diff\u00e9rentes structures du territoire et de formations diff\u00e9rentes, disponibles et \u00e0 l\u2019\u00e9coute. Elle est garante du respect des r\u00e8gles de vie et de la s\u00e9curit\u00e9 au sein du LAPE. Elle veille au bon d\u00e9roulement de chaque s\u00e9ance.<\/p>\n","protected":false},"excerpt":{"rendered":"<p>Le Lieu d\u2019Accueil Parents Enfants de la Communaut\u00e9 de Communes des Hautes Vosges (LAPE\u2019tite escapade), offre un nouvel espace aux [&hellip;]<\/p>\n","protected":false},"author":391,"featured_media":93561,"comment_status":"open","ping_status":"open","sticky":false,"template":"","format":"standard","meta":{"footnotes":""},"categories":[26,6,43,375],"tags":[10016],"class_list":["post-93560","post","type-post","status-publish","format-standard","has-post-thumbnail","hentry","category-a-la-une","category-education","category-remiremont-remiremont-son-canton","category-social","tag-lapetite-escapade"],"acf":[],"yoast_head":"<!-- This site is optimized with the Yoast SEO plugin v22.5 - https:\/\/yoast.com\/wordpress\/plugins\/seo\/ -->\n<title>Le LAPE fait une nouvelle escapade, et s\u2019arr\u00eatera les lundis de 8h45 \u00e0 11h45 \u00e0 la m\u00e9diath\u00e8que de Vagney. - Remiremont Info<\/title>\n<meta name=\"robots\" content=\"index, follow, max-snippet:-1, max-image-preview:large, max-video-preview:-1\" \/>\n<link rel=\"canonical\" href=\"https:\/\/vosgesinfo.fr\/remiremontinfo\/2026\/08\/le-lape-fait-une-nouvelle-escapade-et-sarretera-les-lundis-de-8h45-a-11h45-a-la-mediatheque-de-vagney\/\" \/>\n<meta name=\"twitter:card\" content=\"summary_large_image\" \/>\n<meta name=\"twitter:title\" content=\"Le LAPE fait une nouvelle escapade, et s\u2019arr\u00eatera les lundis de 8h45 \u00e0 11h45 \u00e0 la m\u00e9diath\u00e8que de Vagney. - Remiremont Info\" \/>\n<meta name=\"twitter:description\" content=\"Le Lieu d\u2019Accueil Parents Enfants de la Communaut\u00e9 de Communes des Hautes Vosges (LAPE\u2019tite escapade), offre un nouvel espace aux [&hellip;]\" \/>\n<meta name=\"twitter:image\" content=\"https:\/\/vosgesinfo.fr\/app\/uploads\/sites\/5\/2026\/08\/lape-tite-escapade-vagney.png\" \/>\n<meta name=\"twitter:creator\" content=\"@VosgesInfo88\" \/>\n<meta name=\"twitter:site\" content=\"@VosgesInfo88\" \/>\n<meta name=\"twitter:label1\" content=\"\u00c9crit par\" \/>\n\t<meta name=\"twitter:data1\" content=\"La redaction\" \/>\n\t<meta name=\"twitter:label2\" content=\"Dur\u00e9e de lecture estim\u00e9e\" \/>\n\t<meta name=\"twitter:data2\" content=\"2 minutes\" \/>\n<script type=\"application\/ld+json\" class=\"yoast-schema-graph\">{\"@context\":\"https:\/\/schema.org\",\"@graph\":[{\"@type\":\"Article\",\"@id\":\"https:\/\/vosgesinfo.fr\/remiremontinfo\/2026\/08\/le-lape-fait-une-nouvelle-escapade-et-sarretera-les-lundis-de-8h45-a-11h45-a-la-mediatheque-de-vagney\/#article\",\"isPartOf\":{\"@id\":\"https:\/\/vosgesinfo.fr\/remiremontinfo\/2026\/08\/le-lape-fait-une-nouvelle-escapade-et-sarretera-les-lundis-de-8h45-a-11h45-a-la-mediatheque-de-vagney\/\"},\"author\":{\"name\":\"La redaction\",\"@id\":\"https:\/\/vosgesinfo.fr\/remiremontinfo\/#\/schema\/person\/27a3695b06db98895b354c0765cdfc31\"},\"headline\":\"Le LAPE fait une nouvelle escapade, et s\u2019arr\u00eatera les lundis de 8h45 \u00e0 11h45 \u00e0 la m\u00e9diath\u00e8que de Vagney.\",\"datePublished\":\"2026-08-31T15:39:10+00:00\",\"dateModified\":\"2026-08-31T11:36:41+00:00\",\"mainEntityOfPage\":{\"@id\":\"https:\/\/vosgesinfo.fr\/remiremontinfo\/2026\/08\/le-lape-fait-une-nouvelle-escapade-et-sarretera-les-lundis-de-8h45-a-11h45-a-la-mediatheque-de-vagney\/\"},\"wordCount\":360,\"commentCount\":0,\"publisher\":{\"@id\":\"https:\/\/vosgesinfo.fr\/remiremontinfo\/#organization\"},\"image\":{\"@id\":\"https:\/\/vosgesinfo.fr\/remiremontinfo\/2026\/08\/le-lape-fait-une-nouvelle-escapade-et-sarretera-les-lundis-de-8h45-a-11h45-a-la-mediatheque-de-vagney\/#primaryimage\"},\"thumbnailUrl\":\"https:\/\/vosgesinfo.fr\/app\/uploads\/sites\/5\/2026\/08\/lape-tite-escapade-vagney.png\",\"keywords\":[\"LAPE\u2019tite escapade\"],\"articleSection\":[\"A la Une\",\"\u00c9ducation\",\"Remiremont\",\"Social\"],\"inLanguage\":\"fr-FR\",\"potentialAction\":[{\"@type\":\"CommentAction\",\"name\":\"Comment\",\"target\":[\"https:\/\/vosgesinfo.fr\/remiremontinfo\/2026\/08\/le-lape-fait-une-nouvelle-escapade-et-sarretera-les-lundis-de-8h45-a-11h45-a-la-mediatheque-de-vagney\/#respond\"]}]},{\"@type\":\"WebPage\",\"@id\":\"https:\/\/vosgesinfo.fr\/remiremontinfo\/2026\/08\/le-lape-fait-une-nouvelle-escapade-et-sarretera-les-lundis-de-8h45-a-11h45-a-la-mediatheque-de-vagney\/\",\"url\":\"https:\/\/vosgesinfo.fr\/remiremontinfo\/2026\/08\/le-lape-fait-une-nouvelle-escapade-et-sarretera-les-lundis-de-8h45-a-11h45-a-la-mediatheque-de-vagney\/\",\"name\":\"Le LAPE fait une nouvelle escapade, et s\u2019arr\u00eatera les lundis de 8h45 \u00e0 11h45 \u00e0 la m\u00e9diath\u00e8que de Vagney. - Remiremont Info\",\"isPartOf\":{\"@id\":\"https:\/\/vosgesinfo.fr\/remiremontinfo\/#website\"},\"primaryImageOfPage\":{\"@id\":\"https:\/\/vosgesinfo.fr\/remiremontinfo\/2026\/08\/le-lape-fait-une-nouvelle-escapade-et-sarretera-les-lundis-de-8h45-a-11h45-a-la-mediatheque-de-vagney\/#primaryimage\"},\"image\":{\"@id\":\"https:\/\/vosgesinfo.fr\/remiremontinfo\/2026\/08\/le-lape-fait-une-nouvelle-escapade-et-sarretera-les-lundis-de-8h45-a-11h45-a-la-mediatheque-de-vagney\/#primaryimage\"},\"thumbnailUrl\":\"https:\/\/vosgesinfo.fr\/app\/uploads\/sites\/5\/2026\/08\/lape-tite-escapade-vagney.png\",\"datePublished\":\"2026-08-31T15:39:10+00:00\",\"dateModified\":\"2026-08-31T11:36:41+00:00\",\"breadcrumb\":{\"@id\":\"https:\/\/vosgesinfo.fr\/remiremontinfo\/2026\/08\/le-lape-fait-une-nouvelle-escapade-et-sarretera-les-lundis-de-8h45-a-11h45-a-la-mediatheque-de-vagney\/#breadcrumb\"},\"inLanguage\":\"fr-FR\",\"potentialAction\":[{\"@type\":\"ReadAction\",\"target\":[\"https:\/\/vosgesinfo.fr\/remiremontinfo\/2026\/08\/le-lape-fait-une-nouvelle-escapade-et-sarretera-les-lundis-de-8h45-a-11h45-a-la-mediatheque-de-vagney\/\"]}]},{\"@type\":\"ImageObject\",\"inLanguage\":\"fr-FR\",\"@id\":\"https:\/\/vosgesinfo.fr\/remiremontinfo\/2026\/08\/le-lape-fait-une-nouvelle-escapade-et-sarretera-les-lundis-de-8h45-a-11h45-a-la-mediatheque-de-vagney\/#primaryimage\",\"url\":\"https:\/\/vosgesinfo.fr\/app\/uploads\/sites\/5\/2026\/08\/lape-tite-escapade-vagney.png\",\"contentUrl\":\"https:\/\/vosgesinfo.fr\/app\/uploads\/sites\/5\/2026\/08\/lape-tite-escapade-vagney.png\",\"width\":222,\"height\":314},{\"@type\":\"BreadcrumbList\",\"@id\":\"https:\/\/vosgesinfo.fr\/remiremontinfo\/2026\/08\/le-lape-fait-une-nouvelle-escapade-et-sarretera-les-lundis-de-8h45-a-11h45-a-la-mediatheque-de-vagney\/#breadcrumb\",\"itemListElement\":[{\"@type\":\"ListItem\",\"position\":1,\"name\":\"Home\",\"item\":\"https:\/\/vosgesinfo.fr\/remiremontinfo\/\"},{\"@type\":\"ListItem\",\"position\":2,\"name\":\"Le LAPE fait une nouvelle escapade, et s\u2019arr\u00eatera les lundis de 8h45 \u00e0 11h45 \u00e0 la m\u00e9diath\u00e8que de Vagney.\"}]},{\"@type\":\"WebSite\",\"@id\":\"https:\/\/vosgesinfo.fr\/remiremontinfo\/#website\",\"url\":\"https:\/\/vosgesinfo.fr\/remiremontinfo\/\",\"name\":\"Remiremont Info\",\"description\":\"Toute l&#039;actualit\u00e9 de Remiremont\",\"publisher\":{\"@id\":\"https:\/\/vosgesinfo.fr\/remiremontinfo\/#organization\"},\"alternateName\":\"Toute l'actualit\u00e9 de Remiremont\",\"potentialAction\":[{\"@type\":\"SearchAction\",\"target\":{\"@type\":\"EntryPoint\",\"urlTemplate\":\"https:\/\/vosgesinfo.fr\/remiremontinfo\/?s={search_term_string}\"},\"query-input\":\"required name=search_term_string\"}],\"inLanguage\":\"fr-FR\"},{\"@type\":\"Organization\",\"@id\":\"https:\/\/vosgesinfo.fr\/remiremontinfo\/#organization\",\"name\":\"Remiremont Info\",\"url\":\"https:\/\/vosgesinfo.fr\/remiremontinfo\/\",\"logo\":{\"@type\":\"ImageObject\",\"inLanguage\":\"fr-FR\",\"@id\":\"https:\/\/vosgesinfo.fr\/remiremontinfo\/#\/schema\/logo\/image\/\",\"url\":\"https:\/\/vosgesinfo.fr\/app\/uploads\/sites\/5\/2023\/08\/favicon-remiremontinfo.png\",\"contentUrl\":\"https:\/\/vosgesinfo.fr\/app\/uploads\/sites\/5\/2023\/08\/favicon-remiremontinfo.png\",\"width\":512,\"height\":512,\"caption\":\"Remiremont Info\"},\"image\":{\"@id\":\"https:\/\/vosgesinfo.fr\/remiremontinfo\/#\/schema\/logo\/image\/\"},\"sameAs\":[\"https:\/\/www.facebook.com\/remiremontinfo\",\"https:\/\/x.com\/VosgesInfo88\",\"https:\/\/www.youtube.com\/@vosgesinfo\"]},{\"@type\":\"Person\",\"@id\":\"https:\/\/vosgesinfo.fr\/remiremontinfo\/#\/schema\/person\/27a3695b06db98895b354c0765cdfc31\",\"name\":\"La redaction\",\"image\":{\"@type\":\"ImageObject\",\"inLanguage\":\"fr-FR\",\"@id\":\"https:\/\/vosgesinfo.fr\/remiremontinfo\/#\/schema\/person\/image\/\",\"url\":\"https:\/\/secure.gravatar.com\/avatar\/64c76a78e501cedee55736f43f332df901e1896ae9cd8fad269ae2236dd0e8b6?s=96&d=mm&r=g\",\"contentUrl\":\"https:\/\/secure.gravatar.com\/avatar\/64c76a78e501cedee55736f43f332df901e1896ae9cd8fad269ae2236dd0e8b6?s=96&d=mm&r=g\",\"caption\":\"La redaction\"},\"url\":\"https:\/\/vosgesinfo.fr\/remiremontinfo\/author\/la-redaction\/\"}]}<\/script>\n<!-- \/ Yoast SEO plugin. -->","yoast_head_json":{"title":"Le LAPE fait une nouvelle escapade, et s\u2019arr\u00eatera les lundis de 8h45 \u00e0 11h45 \u00e0 la m\u00e9diath\u00e8que de Vagney. - Remiremont Info","robots":{"index":"index","follow":"follow","max-snippet":"max-snippet:-1","max-image-preview":"max-image-preview:large","max-video-preview":"max-video-preview:-1"},"canonical":"https:\/\/vosgesinfo.fr\/remiremontinfo\/2026\/08\/le-lape-fait-une-nouvelle-escapade-et-sarretera-les-lundis-de-8h45-a-11h45-a-la-mediatheque-de-vagney\/","twitter_card":"summary_large_image","twitter_title":"Le LAPE fait une nouvelle escapade, et s\u2019arr\u00eatera les lundis de 8h45 \u00e0 11h45 \u00e0 la m\u00e9diath\u00e8que de Vagney. - Remiremont Info","twitter_description":"Le Lieu d\u2019Accueil Parents Enfants de la Communaut\u00e9 de Communes des Hautes Vosges (LAPE\u2019tite escapade), offre un nouvel espace aux [&hellip;]","twitter_image":"https:\/\/vosgesinfo.fr\/app\/uploads\/sites\/5\/2026\/08\/lape-tite-escapade-vagney.png","twitter_creator":"@VosgesInfo88","twitter_site":"@VosgesInfo88","twitter_misc":{"\u00c9crit par":"La redaction","Dur\u00e9e de lecture estim\u00e9e":"2 minutes"},"schema":{"@context":"https:\/\/schema.org","@graph":[{"@type":"Article","@id":"https:\/\/vosgesinfo.fr\/remiremontinfo\/2026\/08\/le-lape-fait-une-nouvelle-escapade-et-sarretera-les-lundis-de-8h45-a-11h45-a-la-mediatheque-de-vagney\/#article","isPartOf":{"@id":"https:\/\/vosgesinfo.fr\/remiremontinfo\/2026\/08\/le-lape-fait-une-nouvelle-escapade-et-sarretera-les-lundis-de-8h45-a-11h45-a-la-mediatheque-de-vagney\/"},"author":{"name":"La redaction","@id":"https:\/\/vosgesinfo.fr\/remiremontinfo\/#\/schema\/person\/27a3695b06db98895b354c0765cdfc31"},"headline":"Le LAPE fait une nouvelle escapade, et s\u2019arr\u00eatera les lundis de 8h45 \u00e0 11h45 \u00e0 la m\u00e9diath\u00e8que de Vagney.","datePublished":"2026-08-31T15:39:10+00:00","dateModified":"2026-08-31T11:36:41+00:00","mainEntityOfPage":{"@id":"https:\/\/vosgesinfo.fr\/remiremontinfo\/2026\/08\/le-lape-fait-une-nouvelle-escapade-et-sarretera-les-lundis-de-8h45-a-11h45-a-la-mediatheque-de-vagney\/"},"wordCount":360,"commentCount":0,"publisher":{"@id":"https:\/\/vosgesinfo.fr\/remiremontinfo\/#organization"},"image":{"@id":"https:\/\/vosgesinfo.fr\/remiremontinfo\/2026\/08\/le-lape-fait-une-nouvelle-escapade-et-sarretera-les-lundis-de-8h45-a-11h45-a-la-mediatheque-de-vagney\/#primaryimage"},"thumbnailUrl":"https:\/\/vosgesinfo.fr\/app\/uploads\/sites\/5\/2026\/08\/lape-tite-escapade-vagney.png","keywords":["LAPE\u2019tite escapade"],"articleSection":["A la Une","\u00c9ducation","Remiremont","Social"],"inLanguage":"fr-FR","potentialAction":[{"@type":"CommentAction","name":"Comment","target":["https:\/\/vosgesinfo.fr\/remiremontinfo\/2026\/08\/le-lape-fait-une-nouvelle-escapade-et-sarretera-les-lundis-de-8h45-a-11h45-a-la-mediatheque-de-vagney\/#respond"]}]},{"@type":"WebPage","@id":"https:\/\/vosgesinfo.fr\/remiremontinfo\/2026\/08\/le-lape-fait-une-nouvelle-escapade-et-sarretera-les-lundis-de-8h45-a-11h45-a-la-mediatheque-de-vagney\/","url":"https:\/\/vosgesinfo.fr\/remiremontinfo\/2026\/08\/le-lape-fait-une-nouvelle-escapade-et-sarretera-les-lundis-de-8h45-a-11h45-a-la-mediatheque-de-vagney\/","name":"Le LAPE fait une nouvelle escapade, et s\u2019arr\u00eatera les lundis de 8h45 \u00e0 11h45 \u00e0 la m\u00e9diath\u00e8que de Vagney. - Remiremont Info","isPartOf":{"@id":"https:\/\/vosgesinfo.fr\/remiremontinfo\/#website"},"primaryImageOfPage":{"@id":"https:\/\/vosgesinfo.fr\/remiremontinfo\/2026\/08\/le-lape-fait-une-nouvelle-escapade-et-sarretera-les-lundis-de-8h45-a-11h45-a-la-mediatheque-de-vagney\/#primaryimage"},"image":{"@id":"https:\/\/vosgesinfo.fr\/remiremontinfo\/2026\/08\/le-lape-fait-une-nouvelle-escapade-et-sarretera-les-lundis-de-8h45-a-11h45-a-la-mediatheque-de-vagney\/#primaryimage"},"thumbnailUrl":"https:\/\/vosgesinfo.fr\/app\/uploads\/sites\/5\/2026\/08\/lape-tite-escapade-vagney.png","datePublished":"2026-08-31T15:39:10+00:00","dateModified":"2026-08-31T11:36:41+00:00","breadcrumb":{"@id":"https:\/\/vosgesinfo.fr\/remiremontinfo\/2026\/08\/le-lape-fait-une-nouvelle-escapade-et-sarretera-les-lundis-de-8h45-a-11h45-a-la-mediatheque-de-vagney\/#breadcrumb"},"inLanguage":"fr-FR","potentialAction":[{"@type":"ReadAction","target":["https:\/\/vosgesinfo.fr\/remiremontinfo\/2026\/08\/le-lape-fait-une-nouvelle-escapade-et-sarretera-les-lundis-de-8h45-a-11h45-a-la-mediatheque-de-vagney\/"]}]},{"@type":"ImageObject","inLanguage":"fr-FR","@id":"https:\/\/vosgesinfo.fr\/remiremontinfo\/2026\/08\/le-lape-fait-une-nouvelle-escapade-et-sarretera-les-lundis-de-8h45-a-11h45-a-la-mediatheque-de-vagney\/#primaryimage","url":"https:\/\/vosgesinfo.fr\/app\/uploads\/sites\/5\/2026\/08\/lape-tite-escapade-vagney.png","contentUrl":"https:\/\/vosgesinfo.fr\/app\/uploads\/sites\/5\/2026\/08\/lape-tite-escapade-vagney.png","width":222,"height":314},{"@type":"BreadcrumbList","@id":"https:\/\/vosgesinfo.fr\/remiremontinfo\/2026\/08\/le-lape-fait-une-nouvelle-escapade-et-sarretera-les-lundis-de-8h45-a-11h45-a-la-mediatheque-de-vagney\/#breadcrumb","itemListElement":[{"@type":"ListItem","position":1,"name":"Home","item":"https:\/\/vosgesinfo.fr\/remiremontinfo\/"},{"@type":"ListItem","position":2,"name":"Le LAPE fait une nouvelle escapade, et s\u2019arr\u00eatera les lundis de 8h45 \u00e0 11h45 \u00e0 la m\u00e9diath\u00e8que de Vagney."}]},{"@type":"WebSite","@id":"https:\/\/vosgesinfo.fr\/remiremontinfo\/#website","url":"https:\/\/vosgesinfo.fr\/remiremontinfo\/","name":"Remiremont Info","description":"Toute l&#039;actualit\u00e9 de Remiremont","publisher":{"@id":"https:\/\/vosgesinfo.fr\/remiremontinfo\/#organization"},"alternateName":"Toute l'actualit\u00e9 de Remiremont","potentialAction":[{"@type":"SearchAction","target":{"@type":"EntryPoint","urlTemplate":"https:\/\/vosgesinfo.fr\/remiremontinfo\/?s={search_term_string}"},"query-input":"required name=search_term_string"}],"inLanguage":"fr-FR"},{"@type":"Organization","@id":"https:\/\/vosgesinfo.fr\/remiremontinfo\/#organization","name":"Remiremont Info","url":"https:\/\/vosgesinfo.fr\/remiremontinfo\/","logo":{"@type":"ImageObject","inLanguage":"fr-FR","@id":"https:\/\/vosgesinfo.fr\/remiremontinfo\/#\/schema\/logo\/image\/","url":"https:\/\/vosgesinfo.fr\/app\/uploads\/sites\/5\/2023\/08\/favicon-remiremontinfo.png","contentUrl":"https:\/\/vosgesinfo.fr\/app\/uploads\/sites\/5\/2023\/08\/favicon-remiremontinfo.png","width":512,"height":512,"caption":"Remiremont Info"},"image":{"@id":"https:\/\/vosgesinfo.fr\/remiremontinfo\/#\/schema\/logo\/image\/"},"sameAs":["https:\/\/www.facebook.com\/remiremontinfo","https:\/\/x.com\/VosgesInfo88","https:\/\/www.youtube.com\/@vosgesinfo"]},{"@type":"Person","@id":"https:\/\/vosgesinfo.fr\/remiremontinfo\/#\/schema\/person\/27a3695b06db98895b354c0765cdfc31","name":"La redaction","image":{"@type":"ImageObject","inLanguage":"fr-FR","@id":"https:\/\/vosgesinfo.fr\/remiremontinfo\/#\/schema\/person\/image\/","url":"https:\/\/secure.gravatar.com\/avatar\/64c76a78e501cedee55736f43f332df901e1896ae9cd8fad269ae2236dd0e8b6?s=96&d=mm&r=g","contentUrl":"https:\/\/secure.gravatar.com\/avatar\/64c76a78e501cedee55736f43f332df901e1896ae9cd8fad269ae2236dd0e8b6?s=96&d=mm&r=g","caption":"La redaction"},"url":"https:\/\/vosgesinfo.fr\/remiremontinfo\/author\/la-redaction\/"}]}},"_links":{"self":[{"href":"https:\/\/vosgesinfo.fr\/remiremontinfo\/wp-json\/wp\/v2\/posts\/93560","targetHints":{"allow":["GET"]}}],"collection":[{"href":"https:\/\/vosgesinfo.fr\/remiremontinfo\/wp-json\/wp\/v2\/posts"}],"about":[{"href":"https:\/\/vosgesinfo.fr\/remiremontinfo\/wp-json\/wp\/v2\/types\/post"}],"author":[{"embeddable":true,"href":"https:\/\/vosgesinfo.fr\/remiremontinfo\/wp-json\/wp\/v2\/users\/391"}],"replies":[{"embeddable":true,"href":"https:\/\/vosgesinfo.fr\/remiremontinfo\/wp-json\/wp\/v2\/comments?post=93560"}],"version-history":[{"count":1,"href":"https:\/\/vosgesinfo.fr\/remiremontinfo\/wp-json\/wp\/v2\/posts\/93560\/revisions"}],"predecessor-version":[{"id":93563,"href":"https:\/\/vosgesinfo.fr\/remiremontinfo\/wp-json\/wp\/v2\/posts\/93560\/revisions\/93563"}],"wp:featuredmedia":[{"embeddable":true,"href":"https:\/\/vosgesinfo.fr\/remiremontinfo\/wp-json\/wp\/v2\/media\/93561"}],"wp:attachment":[{"href":"https:\/\/vosgesinfo.fr\/remiremontinfo\/wp-json\/wp\/v2\/media?parent=93560"}],"wp:term":[{"taxonomy":"category","embeddable":true,"href":"https:\/\/vosgesinfo.fr\/remiremontinfo\/wp-json\/wp\/v2\/categories?post=93560"},{"taxonomy":"post_tag","embeddable":true,"href":"https:\/\/vosgesinfo.fr\/remiremontinfo\/wp-json\/wp\/v2\/tags?post=93560"}],"curies":[{"name":"wp","href":"https:\/\/api.w.org\/{rel}","templated":true}]}}