{"id":93564,"date":"2026-09-01T05:52:18","date_gmt":"2026-09-01T03:52:18","guid":{"rendered":"https:\/\/vosgesinfo.fr\/remiremontinfo\/?p=93564"},"modified":"2026-08-31T14:18:53","modified_gmt":"2026-08-31T12:18:53","slug":"une-nouvelle-ecole-de-magie-ouvre-ses-portes-a-saint-nabord","status":"publish","type":"post","link":"https:\/\/vosgesinfo.fr\/remiremontinfo\/2026\/09\/une-nouvelle-ecole-de-magie-ouvre-ses-portes-a-saint-nabord\/","title":{"rendered":"Une nouvelle \u00e9cole de magie ouvre ses portes \u00e0 Saint-Nabord"},"content":{"rendered":"<div class=\"v1elementToProof\">\u00c0 partir du <b>mercredi 16 septembre<\/b>, la ville de Saint-Nabord accueillera cette nouvelle activit\u00e9 au <b>Centre socioculturel de Saint-Nabord<\/b>.<\/div>\n<div><\/div>\n<div class=\"v1elementToProof\"><a href=\"https:\/\/vosgesinfo.fr\/app\/uploads\/sites\/5\/2026\/08\/ecole-de-magie-saint-nabord-1.jpg\"><img decoding=\"async\" class=\"alignright size-medium wp-image-93566\" src=\"https:\/\/vosgesinfo.fr\/app\/uploads\/sites\/5\/2026\/08\/ecole-de-magie-saint-nabord-1-200x300.jpg\" alt=\"\" width=\"200\" height=\"300\" srcset=\"https:\/\/vosgesinfo.fr\/app\/uploads\/sites\/5\/2026\/08\/ecole-de-magie-saint-nabord-1-200x300.jpg 200w, https:\/\/vosgesinfo.fr\/app\/uploads\/sites\/5\/2026\/08\/ecole-de-magie-saint-nabord-1-683x1024.jpg 683w, https:\/\/vosgesinfo.fr\/app\/uploads\/sites\/5\/2026\/08\/ecole-de-magie-saint-nabord-1-768x1152.jpg 768w, https:\/\/vosgesinfo.fr\/app\/uploads\/sites\/5\/2026\/08\/ecole-de-magie-saint-nabord-1.jpg 1024w\" sizes=\"(max-width: 200px) 100vw, 200px\" \/><\/a>Des cours de magie seront propos\u00e9s <b>les mercredis apr\u00e8s-midi, de 14h \u00e0 15h30<\/b>, avec \u00e9galement certains cours programm\u00e9s <b>le mardi soir<\/b>.<\/div>\n<div class=\"v1elementToProof\">Les cours seront dispens\u00e9s par le <b>magicien professionnel lorrain Cl\u00e9ment Demangel<\/b>, qui enseigne d\u00e9j\u00e0 la magie \u00e0 Golbey depuis pr\u00e8s de <b>18 ans<\/b>.<\/div>\n<div class=\"v1elementToProof\">Cette \u00e9cole est ouverte <b>\u00e0 partir de 10 ans<\/b>, aussi bien aux <b>enfants qu&rsquo;aux adultes<\/b>, que vous soyez d\u00e9butant ou simplement curieux de d\u00e9couvrir l&rsquo;univers de la magie.<\/div>\n<div class=\"v1elementToProof\">Il s&rsquo;agit d&rsquo;une v\u00e9ritable nouveaut\u00e9 sur le secteur de <b>Remiremont et Saint-Nabord<\/b>, qui permettra aux passionn\u00e9s de d\u00e9couvrir et d&rsquo;apprendre les techniques de la magie dans un cadre convivial et accessible.<\/div>\n<div class=\"v1elementToProof\"><b>Les inscriptions sont d&rsquo;ores et d\u00e9j\u00e0 ouvertes.<\/b><\/div>\n<div class=\"v1elementToProof\">Pour obtenir davantage d&rsquo;informations sur les cours, les horaires, les tarifs ou les modalit\u00e9s d&rsquo;inscription, il suffit d&rsquo;envoyer un mail \u00e0 :<\/div>\n<div class=\"v1elementToProof\"><a id=\"v1OWA46e74789-07a5-b52a-bc4e-6b1cc35c9f6f\" class=\"v1OWAAutoLink\" href=\"mailto:festivalmagie88@outlook.fr\" rel=\"noreferrer\"><b>festivalmagie88@outlook.fr<\/b><\/a><\/div>\n","protected":false},"excerpt":{"rendered":"<p>\u00c0 partir du mercredi 16 septembre, la ville de Saint-Nabord accueillera cette nouvelle activit\u00e9 au Centre socioculturel de Saint-Nabord. Des [&hellip;]<\/p>\n","protected":false},"author":391,"featured_media":93565,"comment_status":"open","ping_status":"open","sticky":false,"template":"","format":"standard","meta":{"footnotes":""},"categories":[26,43,100],"tags":[3009],"class_list":["post-93564","post","type-post","status-publish","format-standard","has-post-thumbnail","hentry","category-a-la-une","category-remiremont-remiremont-son-canton","category-saint-nabord","tag-clement-demangel"],"acf":[],"yoast_head":"<!-- This site is optimized with the Yoast SEO plugin v22.5 - https:\/\/yoast.com\/wordpress\/plugins\/seo\/ -->\n<title>Une nouvelle \u00e9cole de magie ouvre ses portes \u00e0 Saint-Nabord - Remiremont Info<\/title>\n<meta name=\"robots\" content=\"index, follow, max-snippet:-1, max-image-preview:large, max-video-preview:-1\" \/>\n<link rel=\"canonical\" href=\"https:\/\/vosgesinfo.fr\/remiremontinfo\/2026\/09\/une-nouvelle-ecole-de-magie-ouvre-ses-portes-a-saint-nabord\/\" \/>\n<meta name=\"twitter:card\" content=\"summary_large_image\" \/>\n<meta name=\"twitter:title\" content=\"Une nouvelle \u00e9cole de magie ouvre ses portes \u00e0 Saint-Nabord - Remiremont Info\" \/>\n<meta name=\"twitter:description\" content=\"\u00c0 partir du mercredi 16 septembre, la ville de Saint-Nabord accueillera cette nouvelle activit\u00e9 au Centre socioculturel de Saint-Nabord. Des [&hellip;]\" \/>\n<meta name=\"twitter:image\" content=\"https:\/\/vosgesinfo.fr\/app\/uploads\/sites\/5\/2026\/08\/ecole-de-magie-saint-nabord.jpg\" \/>\n<meta name=\"twitter:creator\" content=\"@VosgesInfo88\" \/>\n<meta name=\"twitter:site\" content=\"@VosgesInfo88\" \/>\n<meta name=\"twitter:label1\" content=\"\u00c9crit par\" \/>\n\t<meta name=\"twitter:data1\" content=\"La redaction\" \/>\n\t<meta name=\"twitter:label2\" content=\"Dur\u00e9e de lecture estim\u00e9e\" \/>\n\t<meta name=\"twitter:data2\" content=\"1 minute\" \/>\n<script type=\"application\/ld+json\" class=\"yoast-schema-graph\">{\"@context\":\"https:\/\/schema.org\",\"@graph\":[{\"@type\":\"Article\",\"@id\":\"https:\/\/vosgesinfo.fr\/remiremontinfo\/2026\/09\/une-nouvelle-ecole-de-magie-ouvre-ses-portes-a-saint-nabord\/#article\",\"isPartOf\":{\"@id\":\"https:\/\/vosgesinfo.fr\/remiremontinfo\/2026\/09\/une-nouvelle-ecole-de-magie-ouvre-ses-portes-a-saint-nabord\/\"},\"author\":{\"name\":\"La redaction\",\"@id\":\"https:\/\/vosgesinfo.fr\/remiremontinfo\/#\/schema\/person\/27a3695b06db98895b354c0765cdfc31\"},\"headline\":\"Une nouvelle \u00e9cole de magie ouvre ses portes \u00e0 Saint-Nabord\",\"datePublished\":\"2026-09-01T03:52:18+00:00\",\"dateModified\":\"2026-08-31T12:18:53+00:00\",\"mainEntityOfPage\":{\"@id\":\"https:\/\/vosgesinfo.fr\/remiremontinfo\/2026\/09\/une-nouvelle-ecole-de-magie-ouvre-ses-portes-a-saint-nabord\/\"},\"wordCount\":177,\"commentCount\":0,\"publisher\":{\"@id\":\"https:\/\/vosgesinfo.fr\/remiremontinfo\/#organization\"},\"image\":{\"@id\":\"https:\/\/vosgesinfo.fr\/remiremontinfo\/2026\/09\/une-nouvelle-ecole-de-magie-ouvre-ses-portes-a-saint-nabord\/#primaryimage\"},\"thumbnailUrl\":\"https:\/\/vosgesinfo.fr\/app\/uploads\/sites\/5\/2026\/08\/ecole-de-magie-saint-nabord.jpg\",\"keywords\":[\"clement demangel\"],\"articleSection\":[\"A la Une\",\"Remiremont\",\"Saint-Nabord\"],\"inLanguage\":\"fr-FR\",\"potentialAction\":[{\"@type\":\"CommentAction\",\"name\":\"Comment\",\"target\":[\"https:\/\/vosgesinfo.fr\/remiremontinfo\/2026\/09\/une-nouvelle-ecole-de-magie-ouvre-ses-portes-a-saint-nabord\/#respond\"]}]},{\"@type\":\"WebPage\",\"@id\":\"https:\/\/vosgesinfo.fr\/remiremontinfo\/2026\/09\/une-nouvelle-ecole-de-magie-ouvre-ses-portes-a-saint-nabord\/\",\"url\":\"https:\/\/vosgesinfo.fr\/remiremontinfo\/2026\/09\/une-nouvelle-ecole-de-magie-ouvre-ses-portes-a-saint-nabord\/\",\"name\":\"Une nouvelle \u00e9cole de magie ouvre ses portes \u00e0 Saint-Nabord - Remiremont Info\",\"isPartOf\":{\"@id\":\"https:\/\/vosgesinfo.fr\/remiremontinfo\/#website\"},\"primaryImageOfPage\":{\"@id\":\"https:\/\/vosgesinfo.fr\/remiremontinfo\/2026\/09\/une-nouvelle-ecole-de-magie-ouvre-ses-portes-a-saint-nabord\/#primaryimage\"},\"image\":{\"@id\":\"https:\/\/vosgesinfo.fr\/remiremontinfo\/2026\/09\/une-nouvelle-ecole-de-magie-ouvre-ses-portes-a-saint-nabord\/#primaryimage\"},\"thumbnailUrl\":\"https:\/\/vosgesinfo.fr\/app\/uploads\/sites\/5\/2026\/08\/ecole-de-magie-saint-nabord.jpg\",\"datePublished\":\"2026-09-01T03:52:18+00:00\",\"dateModified\":\"2026-08-31T12:18:53+00:00\",\"breadcrumb\":{\"@id\":\"https:\/\/vosgesinfo.fr\/remiremontinfo\/2026\/09\/une-nouvelle-ecole-de-magie-ouvre-ses-portes-a-saint-nabord\/#breadcrumb\"},\"inLanguage\":\"fr-FR\",\"potentialAction\":[{\"@type\":\"ReadAction\",\"target\":[\"https:\/\/vosgesinfo.fr\/remiremontinfo\/2026\/09\/une-nouvelle-ecole-de-magie-ouvre-ses-portes-a-saint-nabord\/\"]}]},{\"@type\":\"ImageObject\",\"inLanguage\":\"fr-FR\",\"@id\":\"https:\/\/vosgesinfo.fr\/remiremontinfo\/2026\/09\/une-nouvelle-ecole-de-magie-ouvre-ses-portes-a-saint-nabord\/#primaryimage\",\"url\":\"https:\/\/vosgesinfo.fr\/app\/uploads\/sites\/5\/2026\/08\/ecole-de-magie-saint-nabord.jpg\",\"contentUrl\":\"https:\/\/vosgesinfo.fr\/app\/uploads\/sites\/5\/2026\/08\/ecole-de-magie-saint-nabord.jpg\",\"width\":1024,\"height\":1536},{\"@type\":\"BreadcrumbList\",\"@id\":\"https:\/\/vosgesinfo.fr\/remiremontinfo\/2026\/09\/une-nouvelle-ecole-de-magie-ouvre-ses-portes-a-saint-nabord\/#breadcrumb\",\"itemListElement\":[{\"@type\":\"ListItem\",\"position\":1,\"name\":\"Home\",\"item\":\"https:\/\/vosgesinfo.fr\/remiremontinfo\/\"},{\"@type\":\"ListItem\",\"position\":2,\"name\":\"Une nouvelle \u00e9cole de magie ouvre ses portes \u00e0 Saint-Nabord\"}]},{\"@type\":\"WebSite\",\"@id\":\"https:\/\/vosgesinfo.fr\/remiremontinfo\/#website\",\"url\":\"https:\/\/vosgesinfo.fr\/remiremontinfo\/\",\"name\":\"Remiremont Info\",\"description\":\"Toute l&#039;actualit\u00e9 de Remiremont\",\"publisher\":{\"@id\":\"https:\/\/vosgesinfo.fr\/remiremontinfo\/#organization\"},\"alternateName\":\"Toute l'actualit\u00e9 de Remiremont\",\"potentialAction\":[{\"@type\":\"SearchAction\",\"target\":{\"@type\":\"EntryPoint\",\"urlTemplate\":\"https:\/\/vosgesinfo.fr\/remiremontinfo\/?s={search_term_string}\"},\"query-input\":\"required name=search_term_string\"}],\"inLanguage\":\"fr-FR\"},{\"@type\":\"Organization\",\"@id\":\"https:\/\/vosgesinfo.fr\/remiremontinfo\/#organization\",\"name\":\"Remiremont Info\",\"url\":\"https:\/\/vosgesinfo.fr\/remiremontinfo\/\",\"logo\":{\"@type\":\"ImageObject\",\"inLanguage\":\"fr-FR\",\"@id\":\"https:\/\/vosgesinfo.fr\/remiremontinfo\/#\/schema\/logo\/image\/\",\"url\":\"https:\/\/vosgesinfo.fr\/app\/uploads\/sites\/5\/2023\/08\/favicon-remiremontinfo.png\",\"contentUrl\":\"https:\/\/vosgesinfo.fr\/app\/uploads\/sites\/5\/2023\/08\/favicon-remiremontinfo.png\",\"width\":512,\"height\":512,\"caption\":\"Remiremont Info\"},\"image\":{\"@id\":\"https:\/\/vosgesinfo.fr\/remiremontinfo\/#\/schema\/logo\/image\/\"},\"sameAs\":[\"https:\/\/www.facebook.com\/remiremontinfo\",\"https:\/\/x.com\/VosgesInfo88\",\"https:\/\/www.youtube.com\/@vosgesinfo\"]},{\"@type\":\"Person\",\"@id\":\"https:\/\/vosgesinfo.fr\/remiremontinfo\/#\/schema\/person\/27a3695b06db98895b354c0765cdfc31\",\"name\":\"La redaction\",\"image\":{\"@type\":\"ImageObject\",\"inLanguage\":\"fr-FR\",\"@id\":\"https:\/\/vosgesinfo.fr\/remiremontinfo\/#\/schema\/person\/image\/\",\"url\":\"https:\/\/secure.gravatar.com\/avatar\/64c76a78e501cedee55736f43f332df901e1896ae9cd8fad269ae2236dd0e8b6?s=96&d=mm&r=g\",\"contentUrl\":\"https:\/\/secure.gravatar.com\/avatar\/64c76a78e501cedee55736f43f332df901e1896ae9cd8fad269ae2236dd0e8b6?s=96&d=mm&r=g\",\"caption\":\"La redaction\"},\"url\":\"https:\/\/vosgesinfo.fr\/remiremontinfo\/author\/la-redaction\/\"}]}<\/script>\n<!-- \/ Yoast SEO plugin. -->","yoast_head_json":{"title":"Une nouvelle \u00e9cole de magie ouvre ses portes \u00e0 Saint-Nabord - Remiremont Info","robots":{"index":"index","follow":"follow","max-snippet":"max-snippet:-1","max-image-preview":"max-image-preview:large","max-video-preview":"max-video-preview:-1"},"canonical":"https:\/\/vosgesinfo.fr\/remiremontinfo\/2026\/09\/une-nouvelle-ecole-de-magie-ouvre-ses-portes-a-saint-nabord\/","twitter_card":"summary_large_image","twitter_title":"Une nouvelle \u00e9cole de magie ouvre ses portes \u00e0 Saint-Nabord - Remiremont Info","twitter_description":"\u00c0 partir du mercredi 16 septembre, la ville de Saint-Nabord accueillera cette nouvelle activit\u00e9 au Centre socioculturel de Saint-Nabord. Des [&hellip;]","twitter_image":"https:\/\/vosgesinfo.fr\/app\/uploads\/sites\/5\/2026\/08\/ecole-de-magie-saint-nabord.jpg","twitter_creator":"@VosgesInfo88","twitter_site":"@VosgesInfo88","twitter_misc":{"\u00c9crit par":"La redaction","Dur\u00e9e de lecture estim\u00e9e":"1 minute"},"schema":{"@context":"https:\/\/schema.org","@graph":[{"@type":"Article","@id":"https:\/\/vosgesinfo.fr\/remiremontinfo\/2026\/09\/une-nouvelle-ecole-de-magie-ouvre-ses-portes-a-saint-nabord\/#article","isPartOf":{"@id":"https:\/\/vosgesinfo.fr\/remiremontinfo\/2026\/09\/une-nouvelle-ecole-de-magie-ouvre-ses-portes-a-saint-nabord\/"},"author":{"name":"La redaction","@id":"https:\/\/vosgesinfo.fr\/remiremontinfo\/#\/schema\/person\/27a3695b06db98895b354c0765cdfc31"},"headline":"Une nouvelle \u00e9cole de magie ouvre ses portes \u00e0 Saint-Nabord","datePublished":"2026-09-01T03:52:18+00:00","dateModified":"2026-08-31T12:18:53+00:00","mainEntityOfPage":{"@id":"https:\/\/vosgesinfo.fr\/remiremontinfo\/2026\/09\/une-nouvelle-ecole-de-magie-ouvre-ses-portes-a-saint-nabord\/"},"wordCount":177,"commentCount":0,"publisher":{"@id":"https:\/\/vosgesinfo.fr\/remiremontinfo\/#organization"},"image":{"@id":"https:\/\/vosgesinfo.fr\/remiremontinfo\/2026\/09\/une-nouvelle-ecole-de-magie-ouvre-ses-portes-a-saint-nabord\/#primaryimage"},"thumbnailUrl":"https:\/\/vosgesinfo.fr\/app\/uploads\/sites\/5\/2026\/08\/ecole-de-magie-saint-nabord.jpg","keywords":["clement demangel"],"articleSection":["A la Une","Remiremont","Saint-Nabord"],"inLanguage":"fr-FR","potentialAction":[{"@type":"CommentAction","name":"Comment","target":["https:\/\/vosgesinfo.fr\/remiremontinfo\/2026\/09\/une-nouvelle-ecole-de-magie-ouvre-ses-portes-a-saint-nabord\/#respond"]}]},{"@type":"WebPage","@id":"https:\/\/vosgesinfo.fr\/remiremontinfo\/2026\/09\/une-nouvelle-ecole-de-magie-ouvre-ses-portes-a-saint-nabord\/","url":"https:\/\/vosgesinfo.fr\/remiremontinfo\/2026\/09\/une-nouvelle-ecole-de-magie-ouvre-ses-portes-a-saint-nabord\/","name":"Une nouvelle \u00e9cole de magie ouvre ses portes \u00e0 Saint-Nabord - Remiremont Info","isPartOf":{"@id":"https:\/\/vosgesinfo.fr\/remiremontinfo\/#website"},"primaryImageOfPage":{"@id":"https:\/\/vosgesinfo.fr\/remiremontinfo\/2026\/09\/une-nouvelle-ecole-de-magie-ouvre-ses-portes-a-saint-nabord\/#primaryimage"},"image":{"@id":"https:\/\/vosgesinfo.fr\/remiremontinfo\/2026\/09\/une-nouvelle-ecole-de-magie-ouvre-ses-portes-a-saint-nabord\/#primaryimage"},"thumbnailUrl":"https:\/\/vosgesinfo.fr\/app\/uploads\/sites\/5\/2026\/08\/ecole-de-magie-saint-nabord.jpg","datePublished":"2026-09-01T03:52:18+00:00","dateModified":"2026-08-31T12:18:53+00:00","breadcrumb":{"@id":"https:\/\/vosgesinfo.fr\/remiremontinfo\/2026\/09\/une-nouvelle-ecole-de-magie-ouvre-ses-portes-a-saint-nabord\/#breadcrumb"},"inLanguage":"fr-FR","potentialAction":[{"@type":"ReadAction","target":["https:\/\/vosgesinfo.fr\/remiremontinfo\/2026\/09\/une-nouvelle-ecole-de-magie-ouvre-ses-portes-a-saint-nabord\/"]}]},{"@type":"ImageObject","inLanguage":"fr-FR","@id":"https:\/\/vosgesinfo.fr\/remiremontinfo\/2026\/09\/une-nouvelle-ecole-de-magie-ouvre-ses-portes-a-saint-nabord\/#primaryimage","url":"https:\/\/vosgesinfo.fr\/app\/uploads\/sites\/5\/2026\/08\/ecole-de-magie-saint-nabord.jpg","contentUrl":"https:\/\/vosgesinfo.fr\/app\/uploads\/sites\/5\/2026\/08\/ecole-de-magie-saint-nabord.jpg","width":1024,"height":1536},{"@type":"BreadcrumbList","@id":"https:\/\/vosgesinfo.fr\/remiremontinfo\/2026\/09\/une-nouvelle-ecole-de-magie-ouvre-ses-portes-a-saint-nabord\/#breadcrumb","itemListElement":[{"@type":"ListItem","position":1,"name":"Home","item":"https:\/\/vosgesinfo.fr\/remiremontinfo\/"},{"@type":"ListItem","position":2,"name":"Une nouvelle \u00e9cole de magie ouvre ses portes \u00e0 Saint-Nabord"}]},{"@type":"WebSite","@id":"https:\/\/vosgesinfo.fr\/remiremontinfo\/#website","url":"https:\/\/vosgesinfo.fr\/remiremontinfo\/","name":"Remiremont Info","description":"Toute l&#039;actualit\u00e9 de Remiremont","publisher":{"@id":"https:\/\/vosgesinfo.fr\/remiremontinfo\/#organization"},"alternateName":"Toute l'actualit\u00e9 de Remiremont","potentialAction":[{"@type":"SearchAction","target":{"@type":"EntryPoint","urlTemplate":"https:\/\/vosgesinfo.fr\/remiremontinfo\/?s={search_term_string}"},"query-input":"required name=search_term_string"}],"inLanguage":"fr-FR"},{"@type":"Organization","@id":"https:\/\/vosgesinfo.fr\/remiremontinfo\/#organization","name":"Remiremont Info","url":"https:\/\/vosgesinfo.fr\/remiremontinfo\/","logo":{"@type":"ImageObject","inLanguage":"fr-FR","@id":"https:\/\/vosgesinfo.fr\/remiremontinfo\/#\/schema\/logo\/image\/","url":"https:\/\/vosgesinfo.fr\/app\/uploads\/sites\/5\/2023\/08\/favicon-remiremontinfo.png","contentUrl":"https:\/\/vosgesinfo.fr\/app\/uploads\/sites\/5\/2023\/08\/favicon-remiremontinfo.png","width":512,"height":512,"caption":"Remiremont Info"},"image":{"@id":"https:\/\/vosgesinfo.fr\/remiremontinfo\/#\/schema\/logo\/image\/"},"sameAs":["https:\/\/www.facebook.com\/remiremontinfo","https:\/\/x.com\/VosgesInfo88","https:\/\/www.youtube.com\/@vosgesinfo"]},{"@type":"Person","@id":"https:\/\/vosgesinfo.fr\/remiremontinfo\/#\/schema\/person\/27a3695b06db98895b354c0765cdfc31","name":"La redaction","image":{"@type":"ImageObject","inLanguage":"fr-FR","@id":"https:\/\/vosgesinfo.fr\/remiremontinfo\/#\/schema\/person\/image\/","url":"https:\/\/secure.gravatar.com\/avatar\/64c76a78e501cedee55736f43f332df901e1896ae9cd8fad269ae2236dd0e8b6?s=96&d=mm&r=g","contentUrl":"https:\/\/secure.gravatar.com\/avatar\/64c76a78e501cedee55736f43f332df901e1896ae9cd8fad269ae2236dd0e8b6?s=96&d=mm&r=g","caption":"La redaction"},"url":"https:\/\/vosgesinfo.fr\/remiremontinfo\/author\/la-redaction\/"}]}},"_links":{"self":[{"href":"https:\/\/vosgesinfo.fr\/remiremontinfo\/wp-json\/wp\/v2\/posts\/93564","targetHints":{"allow":["GET"]}}],"collection":[{"href":"https:\/\/vosgesinfo.fr\/remiremontinfo\/wp-json\/wp\/v2\/posts"}],"about":[{"href":"https:\/\/vosgesinfo.fr\/remiremontinfo\/wp-json\/wp\/v2\/types\/post"}],"author":[{"embeddable":true,"href":"https:\/\/vosgesinfo.fr\/remiremontinfo\/wp-json\/wp\/v2\/users\/391"}],"replies":[{"embeddable":true,"href":"https:\/\/vosgesinfo.fr\/remiremontinfo\/wp-json\/wp\/v2\/comments?post=93564"}],"version-history":[{"count":1,"href":"https:\/\/vosgesinfo.fr\/remiremontinfo\/wp-json\/wp\/v2\/posts\/93564\/revisions"}],"predecessor-version":[{"id":93567,"href":"https:\/\/vosgesinfo.fr\/remiremontinfo\/wp-json\/wp\/v2\/posts\/93564\/revisions\/93567"}],"wp:featuredmedia":[{"embeddable":true,"href":"https:\/\/vosgesinfo.fr\/remiremontinfo\/wp-json\/wp\/v2\/media\/93565"}],"wp:attachment":[{"href":"https:\/\/vosgesinfo.fr\/remiremontinfo\/wp-json\/wp\/v2\/media?parent=93564"}],"wp:term":[{"taxonomy":"category","embeddable":true,"href":"https:\/\/vosgesinfo.fr\/remiremontinfo\/wp-json\/wp\/v2\/categories?post=93564"},{"taxonomy":"post_tag","embeddable":true,"href":"https:\/\/vosgesinfo.fr\/remiremontinfo\/wp-json\/wp\/v2\/tags?post=93564"}],"curies":[{"name":"wp","href":"https:\/\/api.w.org\/{rel}","templated":true}]}}