{"id":93603,"date":"2026-09-03T05:52:15","date_gmt":"2026-09-03T03:52:15","guid":{"rendered":"https:\/\/vosgesinfo.fr\/remiremontinfo\/?p=93603"},"modified":"2026-09-01T18:53:52","modified_gmt":"2026-09-01T16:53:52","slug":"la-nouvelle-saison-de-la-miroiterie-commence-venez-la-decouvrir","status":"publish","type":"post","link":"https:\/\/vosgesinfo.fr\/remiremontinfo\/2026\/09\/la-nouvelle-saison-de-la-miroiterie-commence-venez-la-decouvrir\/","title":{"rendered":"La nouvelle saison de la Miroiterie commence\u2026 venez la d\u00e9couvrir !"},"content":{"rendered":"<table class=\"v1r3-o\" border=\"0\" width=\"100%\" cellspacing=\"0\" cellpadding=\"0\" align=\"center\">\n<tbody>\n<tr>\n<td class=\"v1r9-i\">\n<table border=\"0\" width=\"100%\" cellspacing=\"0\" cellpadding=\"0\">\n<tbody>\n<tr>\n<th class=\"v1r5-c\" valign=\"top\" width=\"100%\">\n<table class=\"v1r6-o\" border=\"0\" width=\"100%\" cellspacing=\"0\" cellpadding=\"0\">\n<tbody>\n<tr>\n<td class=\"v1r10-i\" valign=\"top\">\n<table border=\"0\" width=\"100%\" cellspacing=\"0\" cellpadding=\"0\">\n<tbody>\n<tr>\n<td class=\"v1r11-c v1nl2go-default-textstyle\" align=\"left\">\n<div>\n<p><strong>Saison Culturelle 2026\/2027<\/strong><\/p>\n<p><strong>Une nouvelle saison, de nouvelles histoires, de nouveaux rendez-vous&#8230;<\/strong><\/p>\n<p><strong>et surtout, le plaisir de vous retrouver !<\/strong><\/p>\n<p><strong>\ud83d\udcc5 Vendredi 11 Septembre 2026<\/strong><\/p>\n<p><strong>\ud83d\udd63 20H30<\/strong><\/p>\n<\/div>\n<\/td>\n<\/tr>\n<\/tbody>\n<\/table>\n<\/td>\n<\/tr>\n<\/tbody>\n<\/table>\n<\/th>\n<\/tr>\n<\/tbody>\n<\/table>\n<\/td>\n<\/tr>\n<\/tbody>\n<\/table>\n<table class=\"v1r3-o\" border=\"0\" width=\"100%\" cellspacing=\"0\" cellpadding=\"0\" align=\"center\">\n<tbody>\n<tr>\n<td class=\"v1r12-i\">\n<table border=\"0\" width=\"100%\" cellspacing=\"0\" cellpadding=\"0\">\n<tbody>\n<tr>\n<th class=\"v1r5-c\" valign=\"top\" width=\"50%\">\n<table class=\"v1r6-o\" border=\"0\" width=\"100%\" cellspacing=\"0\" cellpadding=\"0\">\n<tbody>\n<tr>\n<td class=\"v1r10-i\" valign=\"top\">\n<table border=\"0\" width=\"100%\" cellspacing=\"0\" cellpadding=\"0\">\n<tbody>\n<tr>\n<td class=\"v1r13-c\" align=\"center\"><img decoding=\"async\" src=\"https:\/\/2wgu1.img.a.d.sendibm1.com\/im\/sh\/tiq8kdyMh0Vl.jpeg?u=WtVElij8PJZGcrwIQBsKoJ07zTJepMu1\" width=\"270\" border=\"0\" \/><\/td>\n<\/tr>\n<\/tbody>\n<\/table>\n<\/td>\n<\/tr>\n<\/tbody>\n<\/table>\n<\/th>\n<th class=\"v1r5-c\" valign=\"top\" width=\"50%\">\n<table class=\"v1r6-o\" border=\"0\" width=\"100%\" cellspacing=\"0\" cellpadding=\"0\">\n<tbody>\n<tr>\n<td class=\"v1r14-i\" valign=\"top\">\n<table border=\"0\" width=\"100%\" cellspacing=\"0\" cellpadding=\"0\">\n<tbody>\n<tr>\n<td class=\"v1r15-c\" align=\"left\">\n<table class=\"v1r16-o\" border=\"0\" width=\"100%\" cellspacing=\"0\" cellpadding=\"0\">\n<tbody>\n<tr>\n<td class=\"v1r17-i v1nl2go-default-textstyle\" align=\"left\" valign=\"top\">\n<div>\n<h3 id=\"v1isPasted\" class=\"v1default-heading3\">\ud83c\udfad UNE PR\u00c9SENTATION DE SAISON&#8230; \u00c0 SA MANI\u00c8RE !<\/h3>\n<h3 id=\"v1isPasted\" class=\"v1default-heading3\">C\u00e9cile Cordebard, com\u00e9dienne et animatrice des ateliers th\u00e9\u00e2tre de la Miroiterie, vous d\u00e9voilera la programmation de la saison 2026\/2027.<\/h3>\n<h3 id=\"v1isPasted\" class=\"v1default-heading3\">Mais attention&#8230;<\/h3>\n<h3 id=\"v1isPasted\" class=\"v1default-heading3\">D&rsquo;une mani\u00e8re originale ! \ud83d\ude09<\/h3>\n<h3 id=\"v1isPasted\" class=\"v1default-heading3\">Surprises au programme !<\/h3>\n<\/div>\n<\/td>\n<\/tr>\n<tr class=\"v1nl2go-responsive-hide\">\n<td height=\"15\">\u00ad<\/td>\n<\/tr>\n<\/tbody>\n<\/table>\n<\/td>\n<\/tr>\n<\/tbody>\n<\/table>\n<\/td>\n<\/tr>\n<\/tbody>\n<\/table>\n<\/th>\n<\/tr>\n<\/tbody>\n<\/table>\n<\/td>\n<\/tr>\n<\/tbody>\n<\/table>\n<table class=\"v1r3-o\" border=\"0\" width=\"100%\" cellspacing=\"0\" cellpadding=\"0\" align=\"center\">\n<tbody>\n<tr>\n<td class=\"v1r18-i\">\n<table border=\"0\" width=\"100%\" cellspacing=\"0\" cellpadding=\"0\">\n<tbody>\n<tr>\n<th class=\"v1r5-c\" valign=\"top\" width=\"50%\">\n<table class=\"v1r6-o\" border=\"0\" width=\"100%\" cellspacing=\"0\" cellpadding=\"0\">\n<tbody>\n<tr>\n<td class=\"v1r10-i\" valign=\"top\">\n<table border=\"0\" width=\"100%\" cellspacing=\"0\" cellpadding=\"0\">\n<tbody>\n<tr>\n<td class=\"v1r15-c\" align=\"left\">\n<table class=\"v1r16-o\" border=\"0\" width=\"100%\" cellspacing=\"0\" cellpadding=\"0\">\n<tbody>\n<tr>\n<td class=\"v1r19-i v1nl2go-default-textstyle\" align=\"justify\" valign=\"top\">\n<div>\n<h3 id=\"v1isPasted\" class=\"v1default-heading3\">\ud83c\udfb8UNE SOIR\u00c9E AUSSI EN<\/h3>\n<h3 class=\"v1default-heading3\">MUSIQUE !<\/h3>\n<p class=\"v1default\"><strong>Antoine<\/strong><strong>, <\/strong><strong>musicien passionn\u00e9 et talentueux, nous embarquera pour un voyage \u00e0 travers ses influences musicales.<\/strong><\/p>\n<p class=\"v1default\"><strong>Guitare<br \/>\nPiano<br \/>\nReprises et d\u00e9couvertes<\/strong><\/p>\n<p class=\"v1default\"><strong>De Freddy Mercury \u00e0 Elton John, de Georges Brassens \u00e0 Michel Berger, il revisitera quelques grands classiques&#8230;<\/strong><\/p>\n<p class=\"v1default\"><strong>Et nous fera \u00e9galement d\u00e9couvrir\u00a0<\/strong><strong>des artistes du monde, moins populaires mais tout aussi pr\u00e9cieux.<\/strong><\/p>\n<\/div>\n<\/td>\n<\/tr>\n<tr class=\"v1nl2go-responsive-hide\">\n<td height=\"15\">\u00ad<\/td>\n<\/tr>\n<\/tbody>\n<\/table>\n<\/td>\n<\/tr>\n<\/tbody>\n<\/table>\n<\/td>\n<\/tr>\n<\/tbody>\n<\/table>\n<\/th>\n<th class=\"v1r5-c\" valign=\"top\" width=\"50%\">\n<table class=\"v1r6-o\" border=\"0\" width=\"100%\" cellspacing=\"0\" cellpadding=\"0\">\n<tbody>\n<tr>\n<td class=\"v1r14-i\" valign=\"top\">\n<table border=\"0\" width=\"100%\" cellspacing=\"0\" cellpadding=\"0\">\n<tbody>\n<tr>\n<td class=\"v1r13-c\" align=\"center\"><img decoding=\"async\" src=\"https:\/\/2wgu1.img.a.d.sendibm1.com\/im\/sh\/FhYjRVdV3Q2Z.jpg?u=WtVElij8PJZGdKH0ccGguEAO3IhTo6c5\" width=\"270\" border=\"0\" \/><\/td>\n<\/tr>\n<\/tbody>\n<\/table>\n<\/td>\n<\/tr>\n<\/tbody>\n<\/table>\n<\/th>\n<\/tr>\n<\/tbody>\n<\/table>\n<\/td>\n<\/tr>\n<\/tbody>\n<\/table>\n<table class=\"v1r20-o\" border=\"0\" width=\"100%\" cellspacing=\"0\" cellpadding=\"0\" align=\"center\">\n<tbody>\n<tr>\n<td class=\"v1r4-i\">\n<table border=\"0\" width=\"100%\" cellspacing=\"0\" cellpadding=\"0\">\n<tbody>\n<tr>\n<th class=\"v1r5-c\" valign=\"top\" width=\"100%\">\n<table class=\"v1r6-o\" border=\"0\" width=\"100%\" cellspacing=\"0\" cellpadding=\"0\">\n<tbody>\n<tr>\n<td class=\"v1r21-i\" valign=\"top\">\n<table border=\"0\" width=\"100%\" cellspacing=\"0\" cellpadding=\"0\">\n<tbody>\n<tr>\n<td class=\"v1r15-c\" align=\"left\">\n<table class=\"v1r22-o\" border=\"0\" width=\"100%\" cellspacing=\"0\" cellpadding=\"0\">\n<tbody>\n<tr>\n<td class=\"v1r23-i v1nl2go-default-textstyle\" align=\"left\" valign=\"top\">\n<div>\n<h3 id=\"v1isPasted\" class=\"v1default-heading3\">Une heure pour d\u00e9couvrir\u00a0<strong>ce que vous r\u00e9serve la nouvelle saison !<\/strong><\/h3>\n<p class=\"v1default\"><strong>Venez partager avec nous ce premier rendez-vous de la saison.<\/strong><\/p>\n<p class=\"v1default\"><strong>Un peu de th\u00e9\u00e2tre, beaucoup de musique, quelques surprises&#8230;<br \/>\net surtout, le plaisir de se retrouver ! \u2764\ufe0f<\/strong><\/p>\n<h2 id=\"v1isPasted\" class=\"v1default-heading2\">\ud83c\udf9f\ufe0f INFOS PRATIQUES<\/h2>\n<p class=\"v1default\"><strong>Vendredi 11 septembre 2026 \u00e0 20h30<\/strong><\/p>\n<p><strong>\ud83d\udccdTh\u00e9\u00e2tre de la Miroiterie &#8211; 28 rue de la Joncherie &#8211; 88200 REMIREMONT<\/strong><\/p>\n<p class=\"v1default\"><strong><br \/>\n\u23f1 Dur\u00e9e : 1h<br \/>\n\ud83d\udc65 Tout public<br \/>\n\ud83c\udf9f\ufe0f Gratuit<\/strong><\/p>\n<p><strong>\ud83d\udcde\u00a0Uniquement par t\u00e9l\u00e9phone ou SMS au : 07 49 29 33 37<\/strong><\/p>\n<p><strong>\u2728Nous vous attendons nombreux pour partager ce moment de convivialit\u00e9 !<\/strong><\/p>\n<p><strong>A tr\u00e8s bient\u00f4t !\u00a0<\/strong><\/p>\n<\/div>\n<\/td>\n<\/tr>\n<\/tbody>\n<\/table>\n<\/td>\n<\/tr>\n<\/tbody>\n<\/table>\n<\/td>\n<\/tr>\n<\/tbody>\n<\/table>\n<\/th>\n<\/tr>\n<\/tbody>\n<\/table>\n<\/td>\n<\/tr>\n<\/tbody>\n<\/table>\n","protected":false},"excerpt":{"rendered":"<p>Saison Culturelle 2026\/2027 Une nouvelle saison, de nouvelles histoires, de nouveaux rendez-vous&#8230; et surtout, le plaisir de vous retrouver ! [&hellip;]<\/p>\n","protected":false},"author":391,"featured_media":93604,"comment_status":"open","ping_status":"open","sticky":false,"template":"","format":"standard","meta":{"footnotes":""},"categories":[26,4,43,35],"tags":[10026,10025,279],"class_list":["post-93603","post","type-post","status-publish","format-standard","has-post-thumbnail","hentry","category-a-la-une","category-culture","category-remiremont-remiremont-son-canton","category-remiremont-son-canton","tag-cecile-cordebard","tag-georges-brassens","tag-theatre-de-la-miroiterie"],"acf":[],"yoast_head":"<!-- This site is optimized with the Yoast SEO plugin v22.5 - https:\/\/yoast.com\/wordpress\/plugins\/seo\/ -->\n<title>La nouvelle saison de la Miroiterie commence\u2026 venez la d\u00e9couvrir ! - Remiremont Info<\/title>\n<meta name=\"robots\" content=\"index, follow, max-snippet:-1, max-image-preview:large, max-video-preview:-1\" \/>\n<link rel=\"canonical\" href=\"https:\/\/vosgesinfo.fr\/remiremontinfo\/2026\/09\/la-nouvelle-saison-de-la-miroiterie-commence-venez-la-decouvrir\/\" \/>\n<meta name=\"twitter:card\" content=\"summary_large_image\" \/>\n<meta name=\"twitter:title\" content=\"La nouvelle saison de la Miroiterie commence\u2026 venez la d\u00e9couvrir ! - Remiremont Info\" \/>\n<meta name=\"twitter:description\" content=\"Saison Culturelle 2026\/2027 Une nouvelle saison, de nouvelles histoires, de nouveaux rendez-vous&#8230; et surtout, le plaisir de vous retrouver ! [&hellip;]\" \/>\n<meta name=\"twitter:image\" content=\"https:\/\/vosgesinfo.fr\/app\/uploads\/sites\/5\/2026\/09\/fhyjrvdv3q2z.jpg\" \/>\n<meta name=\"twitter:creator\" content=\"@VosgesInfo88\" \/>\n<meta name=\"twitter:site\" content=\"@VosgesInfo88\" \/>\n<meta name=\"twitter:label1\" content=\"\u00c9crit par\" \/>\n\t<meta name=\"twitter:data1\" content=\"La redaction\" \/>\n\t<meta name=\"twitter:label2\" content=\"Dur\u00e9e de lecture estim\u00e9e\" \/>\n\t<meta name=\"twitter:data2\" content=\"2 minutes\" \/>\n<script type=\"application\/ld+json\" class=\"yoast-schema-graph\">{\"@context\":\"https:\/\/schema.org\",\"@graph\":[{\"@type\":\"Article\",\"@id\":\"https:\/\/vosgesinfo.fr\/remiremontinfo\/2026\/09\/la-nouvelle-saison-de-la-miroiterie-commence-venez-la-decouvrir\/#article\",\"isPartOf\":{\"@id\":\"https:\/\/vosgesinfo.fr\/remiremontinfo\/2026\/09\/la-nouvelle-saison-de-la-miroiterie-commence-venez-la-decouvrir\/\"},\"author\":{\"name\":\"La redaction\",\"@id\":\"https:\/\/vosgesinfo.fr\/remiremontinfo\/#\/schema\/person\/27a3695b06db98895b354c0765cdfc31\"},\"headline\":\"La nouvelle saison de la Miroiterie commence\u2026 venez la d\u00e9couvrir !\",\"datePublished\":\"2026-09-03T03:52:15+00:00\",\"dateModified\":\"2026-09-01T16:53:52+00:00\",\"mainEntityOfPage\":{\"@id\":\"https:\/\/vosgesinfo.fr\/remiremontinfo\/2026\/09\/la-nouvelle-saison-de-la-miroiterie-commence-venez-la-decouvrir\/\"},\"wordCount\":216,\"commentCount\":0,\"publisher\":{\"@id\":\"https:\/\/vosgesinfo.fr\/remiremontinfo\/#organization\"},\"image\":{\"@id\":\"https:\/\/vosgesinfo.fr\/remiremontinfo\/2026\/09\/la-nouvelle-saison-de-la-miroiterie-commence-venez-la-decouvrir\/#primaryimage\"},\"thumbnailUrl\":\"https:\/\/vosgesinfo.fr\/app\/uploads\/sites\/5\/2026\/09\/fhyjrvdv3q2z.jpg\",\"keywords\":[\"C\u00e9cile Cordebard\",\"Georges Brassens\",\"th\u00e9\u00e2tre de la Miroiterie\"],\"articleSection\":[\"A la Une\",\"Culture\",\"Remiremont\",\"Remiremont &amp; son canton\"],\"inLanguage\":\"fr-FR\",\"potentialAction\":[{\"@type\":\"CommentAction\",\"name\":\"Comment\",\"target\":[\"https:\/\/vosgesinfo.fr\/remiremontinfo\/2026\/09\/la-nouvelle-saison-de-la-miroiterie-commence-venez-la-decouvrir\/#respond\"]}]},{\"@type\":\"WebPage\",\"@id\":\"https:\/\/vosgesinfo.fr\/remiremontinfo\/2026\/09\/la-nouvelle-saison-de-la-miroiterie-commence-venez-la-decouvrir\/\",\"url\":\"https:\/\/vosgesinfo.fr\/remiremontinfo\/2026\/09\/la-nouvelle-saison-de-la-miroiterie-commence-venez-la-decouvrir\/\",\"name\":\"La nouvelle saison de la Miroiterie commence\u2026 venez la d\u00e9couvrir ! - Remiremont Info\",\"isPartOf\":{\"@id\":\"https:\/\/vosgesinfo.fr\/remiremontinfo\/#website\"},\"primaryImageOfPage\":{\"@id\":\"https:\/\/vosgesinfo.fr\/remiremontinfo\/2026\/09\/la-nouvelle-saison-de-la-miroiterie-commence-venez-la-decouvrir\/#primaryimage\"},\"image\":{\"@id\":\"https:\/\/vosgesinfo.fr\/remiremontinfo\/2026\/09\/la-nouvelle-saison-de-la-miroiterie-commence-venez-la-decouvrir\/#primaryimage\"},\"thumbnailUrl\":\"https:\/\/vosgesinfo.fr\/app\/uploads\/sites\/5\/2026\/09\/fhyjrvdv3q2z.jpg\",\"datePublished\":\"2026-09-03T03:52:15+00:00\",\"dateModified\":\"2026-09-01T16:53:52+00:00\",\"breadcrumb\":{\"@id\":\"https:\/\/vosgesinfo.fr\/remiremontinfo\/2026\/09\/la-nouvelle-saison-de-la-miroiterie-commence-venez-la-decouvrir\/#breadcrumb\"},\"inLanguage\":\"fr-FR\",\"potentialAction\":[{\"@type\":\"ReadAction\",\"target\":[\"https:\/\/vosgesinfo.fr\/remiremontinfo\/2026\/09\/la-nouvelle-saison-de-la-miroiterie-commence-venez-la-decouvrir\/\"]}]},{\"@type\":\"ImageObject\",\"inLanguage\":\"fr-FR\",\"@id\":\"https:\/\/vosgesinfo.fr\/remiremontinfo\/2026\/09\/la-nouvelle-saison-de-la-miroiterie-commence-venez-la-decouvrir\/#primaryimage\",\"url\":\"https:\/\/vosgesinfo.fr\/app\/uploads\/sites\/5\/2026\/09\/fhyjrvdv3q2z.jpg\",\"contentUrl\":\"https:\/\/vosgesinfo.fr\/app\/uploads\/sites\/5\/2026\/09\/fhyjrvdv3q2z.jpg\",\"width\":384,\"height\":512},{\"@type\":\"BreadcrumbList\",\"@id\":\"https:\/\/vosgesinfo.fr\/remiremontinfo\/2026\/09\/la-nouvelle-saison-de-la-miroiterie-commence-venez-la-decouvrir\/#breadcrumb\",\"itemListElement\":[{\"@type\":\"ListItem\",\"position\":1,\"name\":\"Home\",\"item\":\"https:\/\/vosgesinfo.fr\/remiremontinfo\/\"},{\"@type\":\"ListItem\",\"position\":2,\"name\":\"La nouvelle saison de la Miroiterie commence\u2026 venez la d\u00e9couvrir !\"}]},{\"@type\":\"WebSite\",\"@id\":\"https:\/\/vosgesinfo.fr\/remiremontinfo\/#website\",\"url\":\"https:\/\/vosgesinfo.fr\/remiremontinfo\/\",\"name\":\"Remiremont Info\",\"description\":\"Toute l&#039;actualit\u00e9 de Remiremont\",\"publisher\":{\"@id\":\"https:\/\/vosgesinfo.fr\/remiremontinfo\/#organization\"},\"alternateName\":\"Toute l'actualit\u00e9 de Remiremont\",\"potentialAction\":[{\"@type\":\"SearchAction\",\"target\":{\"@type\":\"EntryPoint\",\"urlTemplate\":\"https:\/\/vosgesinfo.fr\/remiremontinfo\/?s={search_term_string}\"},\"query-input\":\"required name=search_term_string\"}],\"inLanguage\":\"fr-FR\"},{\"@type\":\"Organization\",\"@id\":\"https:\/\/vosgesinfo.fr\/remiremontinfo\/#organization\",\"name\":\"Remiremont Info\",\"url\":\"https:\/\/vosgesinfo.fr\/remiremontinfo\/\",\"logo\":{\"@type\":\"ImageObject\",\"inLanguage\":\"fr-FR\",\"@id\":\"https:\/\/vosgesinfo.fr\/remiremontinfo\/#\/schema\/logo\/image\/\",\"url\":\"https:\/\/vosgesinfo.fr\/app\/uploads\/sites\/5\/2023\/08\/favicon-remiremontinfo.png\",\"contentUrl\":\"https:\/\/vosgesinfo.fr\/app\/uploads\/sites\/5\/2023\/08\/favicon-remiremontinfo.png\",\"width\":512,\"height\":512,\"caption\":\"Remiremont Info\"},\"image\":{\"@id\":\"https:\/\/vosgesinfo.fr\/remiremontinfo\/#\/schema\/logo\/image\/\"},\"sameAs\":[\"https:\/\/www.facebook.com\/remiremontinfo\",\"https:\/\/x.com\/VosgesInfo88\",\"https:\/\/www.youtube.com\/@vosgesinfo\"]},{\"@type\":\"Person\",\"@id\":\"https:\/\/vosgesinfo.fr\/remiremontinfo\/#\/schema\/person\/27a3695b06db98895b354c0765cdfc31\",\"name\":\"La redaction\",\"image\":{\"@type\":\"ImageObject\",\"inLanguage\":\"fr-FR\",\"@id\":\"https:\/\/vosgesinfo.fr\/remiremontinfo\/#\/schema\/person\/image\/\",\"url\":\"https:\/\/secure.gravatar.com\/avatar\/64c76a78e501cedee55736f43f332df901e1896ae9cd8fad269ae2236dd0e8b6?s=96&d=mm&r=g\",\"contentUrl\":\"https:\/\/secure.gravatar.com\/avatar\/64c76a78e501cedee55736f43f332df901e1896ae9cd8fad269ae2236dd0e8b6?s=96&d=mm&r=g\",\"caption\":\"La redaction\"},\"url\":\"https:\/\/vosgesinfo.fr\/remiremontinfo\/author\/la-redaction\/\"}]}<\/script>\n<!-- \/ Yoast SEO plugin. -->","yoast_head_json":{"title":"La nouvelle saison de la Miroiterie commence\u2026 venez la d\u00e9couvrir ! - Remiremont Info","robots":{"index":"index","follow":"follow","max-snippet":"max-snippet:-1","max-image-preview":"max-image-preview:large","max-video-preview":"max-video-preview:-1"},"canonical":"https:\/\/vosgesinfo.fr\/remiremontinfo\/2026\/09\/la-nouvelle-saison-de-la-miroiterie-commence-venez-la-decouvrir\/","twitter_card":"summary_large_image","twitter_title":"La nouvelle saison de la Miroiterie commence\u2026 venez la d\u00e9couvrir ! - Remiremont Info","twitter_description":"Saison Culturelle 2026\/2027 Une nouvelle saison, de nouvelles histoires, de nouveaux rendez-vous&#8230; et surtout, le plaisir de vous retrouver ! [&hellip;]","twitter_image":"https:\/\/vosgesinfo.fr\/app\/uploads\/sites\/5\/2026\/09\/fhyjrvdv3q2z.jpg","twitter_creator":"@VosgesInfo88","twitter_site":"@VosgesInfo88","twitter_misc":{"\u00c9crit par":"La redaction","Dur\u00e9e de lecture estim\u00e9e":"2 minutes"},"schema":{"@context":"https:\/\/schema.org","@graph":[{"@type":"Article","@id":"https:\/\/vosgesinfo.fr\/remiremontinfo\/2026\/09\/la-nouvelle-saison-de-la-miroiterie-commence-venez-la-decouvrir\/#article","isPartOf":{"@id":"https:\/\/vosgesinfo.fr\/remiremontinfo\/2026\/09\/la-nouvelle-saison-de-la-miroiterie-commence-venez-la-decouvrir\/"},"author":{"name":"La redaction","@id":"https:\/\/vosgesinfo.fr\/remiremontinfo\/#\/schema\/person\/27a3695b06db98895b354c0765cdfc31"},"headline":"La nouvelle saison de la Miroiterie commence\u2026 venez la d\u00e9couvrir !","datePublished":"2026-09-03T03:52:15+00:00","dateModified":"2026-09-01T16:53:52+00:00","mainEntityOfPage":{"@id":"https:\/\/vosgesinfo.fr\/remiremontinfo\/2026\/09\/la-nouvelle-saison-de-la-miroiterie-commence-venez-la-decouvrir\/"},"wordCount":216,"commentCount":0,"publisher":{"@id":"https:\/\/vosgesinfo.fr\/remiremontinfo\/#organization"},"image":{"@id":"https:\/\/vosgesinfo.fr\/remiremontinfo\/2026\/09\/la-nouvelle-saison-de-la-miroiterie-commence-venez-la-decouvrir\/#primaryimage"},"thumbnailUrl":"https:\/\/vosgesinfo.fr\/app\/uploads\/sites\/5\/2026\/09\/fhyjrvdv3q2z.jpg","keywords":["C\u00e9cile Cordebard","Georges Brassens","th\u00e9\u00e2tre de la Miroiterie"],"articleSection":["A la Une","Culture","Remiremont","Remiremont &amp; son canton"],"inLanguage":"fr-FR","potentialAction":[{"@type":"CommentAction","name":"Comment","target":["https:\/\/vosgesinfo.fr\/remiremontinfo\/2026\/09\/la-nouvelle-saison-de-la-miroiterie-commence-venez-la-decouvrir\/#respond"]}]},{"@type":"WebPage","@id":"https:\/\/vosgesinfo.fr\/remiremontinfo\/2026\/09\/la-nouvelle-saison-de-la-miroiterie-commence-venez-la-decouvrir\/","url":"https:\/\/vosgesinfo.fr\/remiremontinfo\/2026\/09\/la-nouvelle-saison-de-la-miroiterie-commence-venez-la-decouvrir\/","name":"La nouvelle saison de la Miroiterie commence\u2026 venez la d\u00e9couvrir ! - Remiremont Info","isPartOf":{"@id":"https:\/\/vosgesinfo.fr\/remiremontinfo\/#website"},"primaryImageOfPage":{"@id":"https:\/\/vosgesinfo.fr\/remiremontinfo\/2026\/09\/la-nouvelle-saison-de-la-miroiterie-commence-venez-la-decouvrir\/#primaryimage"},"image":{"@id":"https:\/\/vosgesinfo.fr\/remiremontinfo\/2026\/09\/la-nouvelle-saison-de-la-miroiterie-commence-venez-la-decouvrir\/#primaryimage"},"thumbnailUrl":"https:\/\/vosgesinfo.fr\/app\/uploads\/sites\/5\/2026\/09\/fhyjrvdv3q2z.jpg","datePublished":"2026-09-03T03:52:15+00:00","dateModified":"2026-09-01T16:53:52+00:00","breadcrumb":{"@id":"https:\/\/vosgesinfo.fr\/remiremontinfo\/2026\/09\/la-nouvelle-saison-de-la-miroiterie-commence-venez-la-decouvrir\/#breadcrumb"},"inLanguage":"fr-FR","potentialAction":[{"@type":"ReadAction","target":["https:\/\/vosgesinfo.fr\/remiremontinfo\/2026\/09\/la-nouvelle-saison-de-la-miroiterie-commence-venez-la-decouvrir\/"]}]},{"@type":"ImageObject","inLanguage":"fr-FR","@id":"https:\/\/vosgesinfo.fr\/remiremontinfo\/2026\/09\/la-nouvelle-saison-de-la-miroiterie-commence-venez-la-decouvrir\/#primaryimage","url":"https:\/\/vosgesinfo.fr\/app\/uploads\/sites\/5\/2026\/09\/fhyjrvdv3q2z.jpg","contentUrl":"https:\/\/vosgesinfo.fr\/app\/uploads\/sites\/5\/2026\/09\/fhyjrvdv3q2z.jpg","width":384,"height":512},{"@type":"BreadcrumbList","@id":"https:\/\/vosgesinfo.fr\/remiremontinfo\/2026\/09\/la-nouvelle-saison-de-la-miroiterie-commence-venez-la-decouvrir\/#breadcrumb","itemListElement":[{"@type":"ListItem","position":1,"name":"Home","item":"https:\/\/vosgesinfo.fr\/remiremontinfo\/"},{"@type":"ListItem","position":2,"name":"La nouvelle saison de la Miroiterie commence\u2026 venez la d\u00e9couvrir !"}]},{"@type":"WebSite","@id":"https:\/\/vosgesinfo.fr\/remiremontinfo\/#website","url":"https:\/\/vosgesinfo.fr\/remiremontinfo\/","name":"Remiremont Info","description":"Toute l&#039;actualit\u00e9 de Remiremont","publisher":{"@id":"https:\/\/vosgesinfo.fr\/remiremontinfo\/#organization"},"alternateName":"Toute l'actualit\u00e9 de Remiremont","potentialAction":[{"@type":"SearchAction","target":{"@type":"EntryPoint","urlTemplate":"https:\/\/vosgesinfo.fr\/remiremontinfo\/?s={search_term_string}"},"query-input":"required name=search_term_string"}],"inLanguage":"fr-FR"},{"@type":"Organization","@id":"https:\/\/vosgesinfo.fr\/remiremontinfo\/#organization","name":"Remiremont Info","url":"https:\/\/vosgesinfo.fr\/remiremontinfo\/","logo":{"@type":"ImageObject","inLanguage":"fr-FR","@id":"https:\/\/vosgesinfo.fr\/remiremontinfo\/#\/schema\/logo\/image\/","url":"https:\/\/vosgesinfo.fr\/app\/uploads\/sites\/5\/2023\/08\/favicon-remiremontinfo.png","contentUrl":"https:\/\/vosgesinfo.fr\/app\/uploads\/sites\/5\/2023\/08\/favicon-remiremontinfo.png","width":512,"height":512,"caption":"Remiremont Info"},"image":{"@id":"https:\/\/vosgesinfo.fr\/remiremontinfo\/#\/schema\/logo\/image\/"},"sameAs":["https:\/\/www.facebook.com\/remiremontinfo","https:\/\/x.com\/VosgesInfo88","https:\/\/www.youtube.com\/@vosgesinfo"]},{"@type":"Person","@id":"https:\/\/vosgesinfo.fr\/remiremontinfo\/#\/schema\/person\/27a3695b06db98895b354c0765cdfc31","name":"La redaction","image":{"@type":"ImageObject","inLanguage":"fr-FR","@id":"https:\/\/vosgesinfo.fr\/remiremontinfo\/#\/schema\/person\/image\/","url":"https:\/\/secure.gravatar.com\/avatar\/64c76a78e501cedee55736f43f332df901e1896ae9cd8fad269ae2236dd0e8b6?s=96&d=mm&r=g","contentUrl":"https:\/\/secure.gravatar.com\/avatar\/64c76a78e501cedee55736f43f332df901e1896ae9cd8fad269ae2236dd0e8b6?s=96&d=mm&r=g","caption":"La redaction"},"url":"https:\/\/vosgesinfo.fr\/remiremontinfo\/author\/la-redaction\/"}]}},"_links":{"self":[{"href":"https:\/\/vosgesinfo.fr\/remiremontinfo\/wp-json\/wp\/v2\/posts\/93603","targetHints":{"allow":["GET"]}}],"collection":[{"href":"https:\/\/vosgesinfo.fr\/remiremontinfo\/wp-json\/wp\/v2\/posts"}],"about":[{"href":"https:\/\/vosgesinfo.fr\/remiremontinfo\/wp-json\/wp\/v2\/types\/post"}],"author":[{"embeddable":true,"href":"https:\/\/vosgesinfo.fr\/remiremontinfo\/wp-json\/wp\/v2\/users\/391"}],"replies":[{"embeddable":true,"href":"https:\/\/vosgesinfo.fr\/remiremontinfo\/wp-json\/wp\/v2\/comments?post=93603"}],"version-history":[{"count":2,"href":"https:\/\/vosgesinfo.fr\/remiremontinfo\/wp-json\/wp\/v2\/posts\/93603\/revisions"}],"predecessor-version":[{"id":93606,"href":"https:\/\/vosgesinfo.fr\/remiremontinfo\/wp-json\/wp\/v2\/posts\/93603\/revisions\/93606"}],"wp:featuredmedia":[{"embeddable":true,"href":"https:\/\/vosgesinfo.fr\/remiremontinfo\/wp-json\/wp\/v2\/media\/93604"}],"wp:attachment":[{"href":"https:\/\/vosgesinfo.fr\/remiremontinfo\/wp-json\/wp\/v2\/media?parent=93603"}],"wp:term":[{"taxonomy":"category","embeddable":true,"href":"https:\/\/vosgesinfo.fr\/remiremontinfo\/wp-json\/wp\/v2\/categories?post=93603"},{"taxonomy":"post_tag","embeddable":true,"href":"https:\/\/vosgesinfo.fr\/remiremontinfo\/wp-json\/wp\/v2\/tags?post=93603"}],"curies":[{"name":"wp","href":"https:\/\/api.w.org\/{rel}","templated":true}]}}