{"id":93609,"date":"2026-09-03T05:56:25","date_gmt":"2026-09-03T03:56:25","guid":{"rendered":"https:\/\/vosgesinfo.fr\/remiremontinfo\/?p=93609"},"modified":"2026-09-03T05:56:25","modified_gmt":"2026-09-03T03:56:25","slug":"les-jeunes-espoirs-du-massif-des-vosges-prennent-de-lavance-sur-la-rentree","status":"publish","type":"post","link":"https:\/\/vosgesinfo.fr\/remiremontinfo\/2026\/09\/les-jeunes-espoirs-du-massif-des-vosges-prennent-de-lavance-sur-la-rentree\/","title":{"rendered":"Les jeunes espoirs du massif des VOSGES prennent de l&rsquo;avance sur la rentr\u00e9e !"},"content":{"rendered":"<p><a href=\"https:\/\/vosgesinfo.fr\/app\/uploads\/sites\/6\/2026\/09\/jeunes-espoirs-haie-griselle.jpg\"><img decoding=\"async\" class=\"aligncenter size-full wp-image-95330\" src=\"https:\/\/vosgesinfo.fr\/app\/uploads\/sites\/6\/2026\/09\/jeunes-espoirs-haie-griselle.jpg\" alt=\"\" width=\"526\" height=\"701\" \/><\/a><br \/>\n<strong>Avant m\u00eame de retrouver les bancs du lyc\u00e9e, sept jeunes espoirs du CIE du Comit\u00e9 de Ski du Massif des Vosges ont v\u00e9cu leur pr\u00e9rentr\u00e9e&#8230; au CREPS de Nancy !\u00a0<\/strong><\/p>\n<p>Pendant quatre jours, nos jeunes du Sport-\u00c9tudes Ski de la Haie Griselle de G\u00e9rardmer ont encha\u00een\u00e9 : \u2705 Un cycle condens\u00e9 d&rsquo;EPS, pour lib\u00e9rer du temps pr\u00e9cieux dans leur emploi du temps pendant l&rsquo;ann\u00e9e \u2705 Des tests de profilage physique pour mieux cerner leurs qualit\u00e9s et affiner leurs entra\u00eenements \u2705 Des ateliers nutrition, pr\u00e9vention du dopage, relaxation et r\u00e9cup\u00e9ration \u2705 Des rencontres avec des sportifs d&rsquo;autres disciplines de toute la r\u00e9gion Grand Est.<br \/>\nL&rsquo;objectif ? Permettre \u00e0 chacun de mieux jongler entre performance sportive, r\u00e9cup\u00e9ration et r\u00e9ussite scolaire \u2014 sans forc\u00e9ment augmenter le volume d&rsquo;entra\u00eenement, mais en l&rsquo;utilisant plus intelligemment.<br \/>\nBravo \u00e0 nos sept jeunes espoirs pour leur investissement : \ud83c\udfaf Achille Henock (biathlon) \ud83c\udfbf Pierre Lan\u00e7on (ski de fond) \ud83c\udfaf Emy Gehin (biathlon) \ud83c\udfaf Lucy Demange (biathlon) \ud83c\udfbf Romane Schweitzer (ski de fond) \ud83c\udfbf Roxane Nilly (ski de fond) \ud83c\udfaf Soan Dh\u00e9nain (biathlon)<br \/>\nAccompagn\u00e9s par Maxime Laheurte, coordinateur du Sport-\u00c9tudes Ski de la Haie Griselle, et organis\u00e9e en collaboration avec la Maison R\u00e9gionale de la Performance du Grand Est.<br \/>\nUne belle pr\u00e9paration avant une nouvelle saison o\u00f9 il faudra, une fois encore, trouver le juste \u00e9quilibre entre les pistes&#8230; et les salles de classe !<\/p>\n","protected":false},"excerpt":{"rendered":"<p>Avant m\u00eame de retrouver les bancs du lyc\u00e9e, sept jeunes espoirs du CIE du Comit\u00e9 de Ski du Massif des [&hellip;]<\/p>\n","protected":false},"author":42,"featured_media":93610,"comment_status":"open","ping_status":"open","sticky":false,"template":"","format":"standard","meta":{"footnotes":""},"categories":[26,6,62,43,14],"tags":[5126],"class_list":["post-93609","post","type-post","status-publish","format-standard","has-post-thumbnail","hentry","category-a-la-une","category-education","category-gerardmer","category-remiremont-remiremont-son-canton","category-sport","tag-la-haie-griselle"],"acf":[],"yoast_head":"<!-- This site is optimized with the Yoast SEO plugin v22.5 - https:\/\/yoast.com\/wordpress\/plugins\/seo\/ -->\n<title>Les jeunes espoirs du massif des VOSGES prennent de l&#039;avance sur la rentr\u00e9e ! - Remiremont Info<\/title>\n<meta name=\"robots\" content=\"index, follow, max-snippet:-1, max-image-preview:large, max-video-preview:-1\" \/>\n<link rel=\"canonical\" href=\"https:\/\/vosgesinfo.fr\/remiremontinfo\/2026\/09\/les-jeunes-espoirs-du-massif-des-vosges-prennent-de-lavance-sur-la-rentree\/\" \/>\n<meta name=\"twitter:card\" content=\"summary_large_image\" \/>\n<meta name=\"twitter:title\" content=\"Les jeunes espoirs du massif des VOSGES prennent de l&#039;avance sur la rentr\u00e9e ! - Remiremont Info\" \/>\n<meta name=\"twitter:description\" content=\"Avant m\u00eame de retrouver les bancs du lyc\u00e9e, sept jeunes espoirs du CIE du Comit\u00e9 de Ski du Massif des [&hellip;]\" \/>\n<meta name=\"twitter:image\" content=\"https:\/\/vosgesinfo.fr\/app\/uploads\/sites\/5\/2026\/09\/jeunes-espoirs-haie-griselle.jpg\" \/>\n<meta name=\"twitter:creator\" content=\"@VosgesInfo88\" \/>\n<meta name=\"twitter:site\" content=\"@VosgesInfo88\" \/>\n<meta name=\"twitter:label1\" content=\"\u00c9crit par\" \/>\n\t<meta name=\"twitter:data1\" content=\"QG\" \/>\n\t<meta name=\"twitter:label2\" content=\"Dur\u00e9e de lecture estim\u00e9e\" \/>\n\t<meta name=\"twitter:data2\" content=\"1 minute\" \/>\n<script type=\"application\/ld+json\" class=\"yoast-schema-graph\">{\"@context\":\"https:\/\/schema.org\",\"@graph\":[{\"@type\":\"Article\",\"@id\":\"https:\/\/vosgesinfo.fr\/remiremontinfo\/2026\/09\/les-jeunes-espoirs-du-massif-des-vosges-prennent-de-lavance-sur-la-rentree\/#article\",\"isPartOf\":{\"@id\":\"https:\/\/vosgesinfo.fr\/remiremontinfo\/2026\/09\/les-jeunes-espoirs-du-massif-des-vosges-prennent-de-lavance-sur-la-rentree\/\"},\"author\":{\"name\":\"QG\",\"@id\":\"https:\/\/vosgesinfo.fr\/remiremontinfo\/#\/schema\/person\/db5605779a843dad16b5368f3e7613a5\"},\"headline\":\"Les jeunes espoirs du massif des VOSGES prennent de l&rsquo;avance sur la rentr\u00e9e !\",\"datePublished\":\"2026-09-03T03:56:25+00:00\",\"dateModified\":\"2026-09-03T03:56:25+00:00\",\"mainEntityOfPage\":{\"@id\":\"https:\/\/vosgesinfo.fr\/remiremontinfo\/2026\/09\/les-jeunes-espoirs-du-massif-des-vosges-prennent-de-lavance-sur-la-rentree\/\"},\"wordCount\":257,\"commentCount\":0,\"publisher\":{\"@id\":\"https:\/\/vosgesinfo.fr\/remiremontinfo\/#organization\"},\"image\":{\"@id\":\"https:\/\/vosgesinfo.fr\/remiremontinfo\/2026\/09\/les-jeunes-espoirs-du-massif-des-vosges-prennent-de-lavance-sur-la-rentree\/#primaryimage\"},\"thumbnailUrl\":\"https:\/\/vosgesinfo.fr\/app\/uploads\/sites\/5\/2026\/09\/jeunes-espoirs-haie-griselle.jpg\",\"keywords\":[\"la haie griselle\"],\"articleSection\":[\"A la Une\",\"\u00c9ducation\",\"G\u00e9rardmer\",\"Remiremont\",\"Sport\"],\"inLanguage\":\"fr-FR\",\"potentialAction\":[{\"@type\":\"CommentAction\",\"name\":\"Comment\",\"target\":[\"https:\/\/vosgesinfo.fr\/remiremontinfo\/2026\/09\/les-jeunes-espoirs-du-massif-des-vosges-prennent-de-lavance-sur-la-rentree\/#respond\"]}]},{\"@type\":\"WebPage\",\"@id\":\"https:\/\/vosgesinfo.fr\/remiremontinfo\/2026\/09\/les-jeunes-espoirs-du-massif-des-vosges-prennent-de-lavance-sur-la-rentree\/\",\"url\":\"https:\/\/vosgesinfo.fr\/remiremontinfo\/2026\/09\/les-jeunes-espoirs-du-massif-des-vosges-prennent-de-lavance-sur-la-rentree\/\",\"name\":\"Les jeunes espoirs du massif des VOSGES prennent de l'avance sur la rentr\u00e9e ! - Remiremont Info\",\"isPartOf\":{\"@id\":\"https:\/\/vosgesinfo.fr\/remiremontinfo\/#website\"},\"primaryImageOfPage\":{\"@id\":\"https:\/\/vosgesinfo.fr\/remiremontinfo\/2026\/09\/les-jeunes-espoirs-du-massif-des-vosges-prennent-de-lavance-sur-la-rentree\/#primaryimage\"},\"image\":{\"@id\":\"https:\/\/vosgesinfo.fr\/remiremontinfo\/2026\/09\/les-jeunes-espoirs-du-massif-des-vosges-prennent-de-lavance-sur-la-rentree\/#primaryimage\"},\"thumbnailUrl\":\"https:\/\/vosgesinfo.fr\/app\/uploads\/sites\/5\/2026\/09\/jeunes-espoirs-haie-griselle.jpg\",\"datePublished\":\"2026-09-03T03:56:25+00:00\",\"dateModified\":\"2026-09-03T03:56:25+00:00\",\"breadcrumb\":{\"@id\":\"https:\/\/vosgesinfo.fr\/remiremontinfo\/2026\/09\/les-jeunes-espoirs-du-massif-des-vosges-prennent-de-lavance-sur-la-rentree\/#breadcrumb\"},\"inLanguage\":\"fr-FR\",\"potentialAction\":[{\"@type\":\"ReadAction\",\"target\":[\"https:\/\/vosgesinfo.fr\/remiremontinfo\/2026\/09\/les-jeunes-espoirs-du-massif-des-vosges-prennent-de-lavance-sur-la-rentree\/\"]}]},{\"@type\":\"ImageObject\",\"inLanguage\":\"fr-FR\",\"@id\":\"https:\/\/vosgesinfo.fr\/remiremontinfo\/2026\/09\/les-jeunes-espoirs-du-massif-des-vosges-prennent-de-lavance-sur-la-rentree\/#primaryimage\",\"url\":\"https:\/\/vosgesinfo.fr\/app\/uploads\/sites\/5\/2026\/09\/jeunes-espoirs-haie-griselle.jpg\",\"contentUrl\":\"https:\/\/vosgesinfo.fr\/app\/uploads\/sites\/5\/2026\/09\/jeunes-espoirs-haie-griselle.jpg\",\"width\":526,\"height\":701},{\"@type\":\"BreadcrumbList\",\"@id\":\"https:\/\/vosgesinfo.fr\/remiremontinfo\/2026\/09\/les-jeunes-espoirs-du-massif-des-vosges-prennent-de-lavance-sur-la-rentree\/#breadcrumb\",\"itemListElement\":[{\"@type\":\"ListItem\",\"position\":1,\"name\":\"Home\",\"item\":\"https:\/\/vosgesinfo.fr\/remiremontinfo\/\"},{\"@type\":\"ListItem\",\"position\":2,\"name\":\"Les jeunes espoirs du massif des VOSGES prennent de l&rsquo;avance sur la rentr\u00e9e !\"}]},{\"@type\":\"WebSite\",\"@id\":\"https:\/\/vosgesinfo.fr\/remiremontinfo\/#website\",\"url\":\"https:\/\/vosgesinfo.fr\/remiremontinfo\/\",\"name\":\"Remiremont Info\",\"description\":\"Toute l&#039;actualit\u00e9 de Remiremont\",\"publisher\":{\"@id\":\"https:\/\/vosgesinfo.fr\/remiremontinfo\/#organization\"},\"alternateName\":\"Toute l'actualit\u00e9 de Remiremont\",\"potentialAction\":[{\"@type\":\"SearchAction\",\"target\":{\"@type\":\"EntryPoint\",\"urlTemplate\":\"https:\/\/vosgesinfo.fr\/remiremontinfo\/?s={search_term_string}\"},\"query-input\":\"required name=search_term_string\"}],\"inLanguage\":\"fr-FR\"},{\"@type\":\"Organization\",\"@id\":\"https:\/\/vosgesinfo.fr\/remiremontinfo\/#organization\",\"name\":\"Remiremont Info\",\"url\":\"https:\/\/vosgesinfo.fr\/remiremontinfo\/\",\"logo\":{\"@type\":\"ImageObject\",\"inLanguage\":\"fr-FR\",\"@id\":\"https:\/\/vosgesinfo.fr\/remiremontinfo\/#\/schema\/logo\/image\/\",\"url\":\"https:\/\/vosgesinfo.fr\/app\/uploads\/sites\/5\/2023\/08\/favicon-remiremontinfo.png\",\"contentUrl\":\"https:\/\/vosgesinfo.fr\/app\/uploads\/sites\/5\/2023\/08\/favicon-remiremontinfo.png\",\"width\":512,\"height\":512,\"caption\":\"Remiremont Info\"},\"image\":{\"@id\":\"https:\/\/vosgesinfo.fr\/remiremontinfo\/#\/schema\/logo\/image\/\"},\"sameAs\":[\"https:\/\/www.facebook.com\/remiremontinfo\",\"https:\/\/x.com\/VosgesInfo88\",\"https:\/\/www.youtube.com\/@vosgesinfo\"]},{\"@type\":\"Person\",\"@id\":\"https:\/\/vosgesinfo.fr\/remiremontinfo\/#\/schema\/person\/db5605779a843dad16b5368f3e7613a5\",\"name\":\"QG\",\"image\":{\"@type\":\"ImageObject\",\"inLanguage\":\"fr-FR\",\"@id\":\"https:\/\/vosgesinfo.fr\/remiremontinfo\/#\/schema\/person\/image\/\",\"url\":\"https:\/\/secure.gravatar.com\/avatar\/ea80c42c204b534408512832fde52504ecabb9706bcb6151cf6175e5b64e6793?s=96&d=mm&r=g\",\"contentUrl\":\"https:\/\/secure.gravatar.com\/avatar\/ea80c42c204b534408512832fde52504ecabb9706bcb6151cf6175e5b64e6793?s=96&d=mm&r=g\",\"caption\":\"QG\"},\"url\":\"https:\/\/vosgesinfo.fr\/remiremontinfo\/author\/quentin88\/\"}]}<\/script>\n<!-- \/ Yoast SEO plugin. -->","yoast_head_json":{"title":"Les jeunes espoirs du massif des VOSGES prennent de l'avance sur la rentr\u00e9e ! - Remiremont Info","robots":{"index":"index","follow":"follow","max-snippet":"max-snippet:-1","max-image-preview":"max-image-preview:large","max-video-preview":"max-video-preview:-1"},"canonical":"https:\/\/vosgesinfo.fr\/remiremontinfo\/2026\/09\/les-jeunes-espoirs-du-massif-des-vosges-prennent-de-lavance-sur-la-rentree\/","twitter_card":"summary_large_image","twitter_title":"Les jeunes espoirs du massif des VOSGES prennent de l'avance sur la rentr\u00e9e ! - Remiremont Info","twitter_description":"Avant m\u00eame de retrouver les bancs du lyc\u00e9e, sept jeunes espoirs du CIE du Comit\u00e9 de Ski du Massif des [&hellip;]","twitter_image":"https:\/\/vosgesinfo.fr\/app\/uploads\/sites\/5\/2026\/09\/jeunes-espoirs-haie-griselle.jpg","twitter_creator":"@VosgesInfo88","twitter_site":"@VosgesInfo88","twitter_misc":{"\u00c9crit par":"QG","Dur\u00e9e de lecture estim\u00e9e":"1 minute"},"schema":{"@context":"https:\/\/schema.org","@graph":[{"@type":"Article","@id":"https:\/\/vosgesinfo.fr\/remiremontinfo\/2026\/09\/les-jeunes-espoirs-du-massif-des-vosges-prennent-de-lavance-sur-la-rentree\/#article","isPartOf":{"@id":"https:\/\/vosgesinfo.fr\/remiremontinfo\/2026\/09\/les-jeunes-espoirs-du-massif-des-vosges-prennent-de-lavance-sur-la-rentree\/"},"author":{"name":"QG","@id":"https:\/\/vosgesinfo.fr\/remiremontinfo\/#\/schema\/person\/db5605779a843dad16b5368f3e7613a5"},"headline":"Les jeunes espoirs du massif des VOSGES prennent de l&rsquo;avance sur la rentr\u00e9e !","datePublished":"2026-09-03T03:56:25+00:00","dateModified":"2026-09-03T03:56:25+00:00","mainEntityOfPage":{"@id":"https:\/\/vosgesinfo.fr\/remiremontinfo\/2026\/09\/les-jeunes-espoirs-du-massif-des-vosges-prennent-de-lavance-sur-la-rentree\/"},"wordCount":257,"commentCount":0,"publisher":{"@id":"https:\/\/vosgesinfo.fr\/remiremontinfo\/#organization"},"image":{"@id":"https:\/\/vosgesinfo.fr\/remiremontinfo\/2026\/09\/les-jeunes-espoirs-du-massif-des-vosges-prennent-de-lavance-sur-la-rentree\/#primaryimage"},"thumbnailUrl":"https:\/\/vosgesinfo.fr\/app\/uploads\/sites\/5\/2026\/09\/jeunes-espoirs-haie-griselle.jpg","keywords":["la haie griselle"],"articleSection":["A la Une","\u00c9ducation","G\u00e9rardmer","Remiremont","Sport"],"inLanguage":"fr-FR","potentialAction":[{"@type":"CommentAction","name":"Comment","target":["https:\/\/vosgesinfo.fr\/remiremontinfo\/2026\/09\/les-jeunes-espoirs-du-massif-des-vosges-prennent-de-lavance-sur-la-rentree\/#respond"]}]},{"@type":"WebPage","@id":"https:\/\/vosgesinfo.fr\/remiremontinfo\/2026\/09\/les-jeunes-espoirs-du-massif-des-vosges-prennent-de-lavance-sur-la-rentree\/","url":"https:\/\/vosgesinfo.fr\/remiremontinfo\/2026\/09\/les-jeunes-espoirs-du-massif-des-vosges-prennent-de-lavance-sur-la-rentree\/","name":"Les jeunes espoirs du massif des VOSGES prennent de l'avance sur la rentr\u00e9e ! - Remiremont Info","isPartOf":{"@id":"https:\/\/vosgesinfo.fr\/remiremontinfo\/#website"},"primaryImageOfPage":{"@id":"https:\/\/vosgesinfo.fr\/remiremontinfo\/2026\/09\/les-jeunes-espoirs-du-massif-des-vosges-prennent-de-lavance-sur-la-rentree\/#primaryimage"},"image":{"@id":"https:\/\/vosgesinfo.fr\/remiremontinfo\/2026\/09\/les-jeunes-espoirs-du-massif-des-vosges-prennent-de-lavance-sur-la-rentree\/#primaryimage"},"thumbnailUrl":"https:\/\/vosgesinfo.fr\/app\/uploads\/sites\/5\/2026\/09\/jeunes-espoirs-haie-griselle.jpg","datePublished":"2026-09-03T03:56:25+00:00","dateModified":"2026-09-03T03:56:25+00:00","breadcrumb":{"@id":"https:\/\/vosgesinfo.fr\/remiremontinfo\/2026\/09\/les-jeunes-espoirs-du-massif-des-vosges-prennent-de-lavance-sur-la-rentree\/#breadcrumb"},"inLanguage":"fr-FR","potentialAction":[{"@type":"ReadAction","target":["https:\/\/vosgesinfo.fr\/remiremontinfo\/2026\/09\/les-jeunes-espoirs-du-massif-des-vosges-prennent-de-lavance-sur-la-rentree\/"]}]},{"@type":"ImageObject","inLanguage":"fr-FR","@id":"https:\/\/vosgesinfo.fr\/remiremontinfo\/2026\/09\/les-jeunes-espoirs-du-massif-des-vosges-prennent-de-lavance-sur-la-rentree\/#primaryimage","url":"https:\/\/vosgesinfo.fr\/app\/uploads\/sites\/5\/2026\/09\/jeunes-espoirs-haie-griselle.jpg","contentUrl":"https:\/\/vosgesinfo.fr\/app\/uploads\/sites\/5\/2026\/09\/jeunes-espoirs-haie-griselle.jpg","width":526,"height":701},{"@type":"BreadcrumbList","@id":"https:\/\/vosgesinfo.fr\/remiremontinfo\/2026\/09\/les-jeunes-espoirs-du-massif-des-vosges-prennent-de-lavance-sur-la-rentree\/#breadcrumb","itemListElement":[{"@type":"ListItem","position":1,"name":"Home","item":"https:\/\/vosgesinfo.fr\/remiremontinfo\/"},{"@type":"ListItem","position":2,"name":"Les jeunes espoirs du massif des VOSGES prennent de l&rsquo;avance sur la rentr\u00e9e !"}]},{"@type":"WebSite","@id":"https:\/\/vosgesinfo.fr\/remiremontinfo\/#website","url":"https:\/\/vosgesinfo.fr\/remiremontinfo\/","name":"Remiremont Info","description":"Toute l&#039;actualit\u00e9 de Remiremont","publisher":{"@id":"https:\/\/vosgesinfo.fr\/remiremontinfo\/#organization"},"alternateName":"Toute l'actualit\u00e9 de Remiremont","potentialAction":[{"@type":"SearchAction","target":{"@type":"EntryPoint","urlTemplate":"https:\/\/vosgesinfo.fr\/remiremontinfo\/?s={search_term_string}"},"query-input":"required name=search_term_string"}],"inLanguage":"fr-FR"},{"@type":"Organization","@id":"https:\/\/vosgesinfo.fr\/remiremontinfo\/#organization","name":"Remiremont Info","url":"https:\/\/vosgesinfo.fr\/remiremontinfo\/","logo":{"@type":"ImageObject","inLanguage":"fr-FR","@id":"https:\/\/vosgesinfo.fr\/remiremontinfo\/#\/schema\/logo\/image\/","url":"https:\/\/vosgesinfo.fr\/app\/uploads\/sites\/5\/2023\/08\/favicon-remiremontinfo.png","contentUrl":"https:\/\/vosgesinfo.fr\/app\/uploads\/sites\/5\/2023\/08\/favicon-remiremontinfo.png","width":512,"height":512,"caption":"Remiremont Info"},"image":{"@id":"https:\/\/vosgesinfo.fr\/remiremontinfo\/#\/schema\/logo\/image\/"},"sameAs":["https:\/\/www.facebook.com\/remiremontinfo","https:\/\/x.com\/VosgesInfo88","https:\/\/www.youtube.com\/@vosgesinfo"]},{"@type":"Person","@id":"https:\/\/vosgesinfo.fr\/remiremontinfo\/#\/schema\/person\/db5605779a843dad16b5368f3e7613a5","name":"QG","image":{"@type":"ImageObject","inLanguage":"fr-FR","@id":"https:\/\/vosgesinfo.fr\/remiremontinfo\/#\/schema\/person\/image\/","url":"https:\/\/secure.gravatar.com\/avatar\/ea80c42c204b534408512832fde52504ecabb9706bcb6151cf6175e5b64e6793?s=96&d=mm&r=g","contentUrl":"https:\/\/secure.gravatar.com\/avatar\/ea80c42c204b534408512832fde52504ecabb9706bcb6151cf6175e5b64e6793?s=96&d=mm&r=g","caption":"QG"},"url":"https:\/\/vosgesinfo.fr\/remiremontinfo\/author\/quentin88\/"}]}},"_links":{"self":[{"href":"https:\/\/vosgesinfo.fr\/remiremontinfo\/wp-json\/wp\/v2\/posts\/93609","targetHints":{"allow":["GET"]}}],"collection":[{"href":"https:\/\/vosgesinfo.fr\/remiremontinfo\/wp-json\/wp\/v2\/posts"}],"about":[{"href":"https:\/\/vosgesinfo.fr\/remiremontinfo\/wp-json\/wp\/v2\/types\/post"}],"author":[{"embeddable":true,"href":"https:\/\/vosgesinfo.fr\/remiremontinfo\/wp-json\/wp\/v2\/users\/42"}],"replies":[{"embeddable":true,"href":"https:\/\/vosgesinfo.fr\/remiremontinfo\/wp-json\/wp\/v2\/comments?post=93609"}],"version-history":[{"count":1,"href":"https:\/\/vosgesinfo.fr\/remiremontinfo\/wp-json\/wp\/v2\/posts\/93609\/revisions"}],"predecessor-version":[{"id":93632,"href":"https:\/\/vosgesinfo.fr\/remiremontinfo\/wp-json\/wp\/v2\/posts\/93609\/revisions\/93632"}],"wp:featuredmedia":[{"embeddable":true,"href":"https:\/\/vosgesinfo.fr\/remiremontinfo\/wp-json\/wp\/v2\/media\/93610"}],"wp:attachment":[{"href":"https:\/\/vosgesinfo.fr\/remiremontinfo\/wp-json\/wp\/v2\/media?parent=93609"}],"wp:term":[{"taxonomy":"category","embeddable":true,"href":"https:\/\/vosgesinfo.fr\/remiremontinfo\/wp-json\/wp\/v2\/categories?post=93609"},{"taxonomy":"post_tag","embeddable":true,"href":"https:\/\/vosgesinfo.fr\/remiremontinfo\/wp-json\/wp\/v2\/tags?post=93609"}],"curies":[{"name":"wp","href":"https:\/\/api.w.org\/{rel}","templated":true}]}}