{"id":93621,"date":"2026-09-02T14:23:49","date_gmt":"2026-09-02T12:23:49","guid":{"rendered":"https:\/\/vosgesinfo.fr\/remiremontinfo\/?p=93621"},"modified":"2026-09-02T14:23:49","modified_gmt":"2026-09-02T12:23:49","slug":"septembre-rouge-30-mins-par-jour-pendant-30-jours","status":"publish","type":"post","link":"https:\/\/vosgesinfo.fr\/remiremontinfo\/2026\/09\/septembre-rouge-30-mins-par-jour-pendant-30-jours\/","title":{"rendered":"Septembre Rouge : 30 mins par jour pendant 30 jours"},"content":{"rendered":"<p><a href=\"https:\/\/vosgesinfo.fr\/app\/uploads\/sites\/5\/2026\/09\/septembre-bouge-un-mois-pour-remettre-l-activite-physique-et-sportive-au-coeur-du-quotidien-large.jpg\"><img decoding=\"async\" class=\"aligncenter size-medium wp-image-93624\" src=\"https:\/\/vosgesinfo.fr\/app\/uploads\/sites\/5\/2026\/09\/septembre-bouge-un-mois-pour-remettre-l-activite-physique-et-sportive-au-coeur-du-quotidien-large-300x126.jpg\" alt=\"\" width=\"300\" height=\"126\" srcset=\"https:\/\/vosgesinfo.fr\/app\/uploads\/sites\/5\/2026\/09\/septembre-bouge-un-mois-pour-remettre-l-activite-physique-et-sportive-au-coeur-du-quotidien-large-300x126.jpg 300w, https:\/\/vosgesinfo.fr\/app\/uploads\/sites\/5\/2026\/09\/septembre-bouge-un-mois-pour-remettre-l-activite-physique-et-sportive-au-coeur-du-quotidien-large.jpg 335w\" sizes=\"(max-width: 300px) 100vw, 300px\" \/><\/a><\/p>\n<p><strong>Actuellement \u00e9ducateur sportif \u00e0 la piscine de la Bresse et ex infirmier urgentiste, R\u00e9mi Lesage se lance dans Septembre Rouge,\u00a0<\/strong><strong> op\u00e9ration <\/strong><strong>de pr\u00e9vention et de promotion de la sant\u00e9 du minist\u00e8re des sports, et vous invite \u00e0 en faire autant !<\/strong><\/p>\n<p><a href=\"https:\/\/vosgesinfo.fr\/app\/uploads\/sites\/5\/2026\/09\/screenshot-2026-08-28-22-03-36-356-com.strava.jpg\"><img decoding=\"async\" class=\"alignright size-medium wp-image-93623\" src=\"https:\/\/vosgesinfo.fr\/app\/uploads\/sites\/5\/2026\/09\/screenshot-2026-08-28-22-03-36-356-com.strava-135x300.jpg\" alt=\"\" width=\"135\" height=\"300\" srcset=\"https:\/\/vosgesinfo.fr\/app\/uploads\/sites\/5\/2026\/09\/screenshot-2026-08-28-22-03-36-356-com.strava-135x300.jpg 135w, https:\/\/vosgesinfo.fr\/app\/uploads\/sites\/5\/2026\/09\/screenshot-2026-08-28-22-03-36-356-com.strava-461x1024.jpg 461w, https:\/\/vosgesinfo.fr\/app\/uploads\/sites\/5\/2026\/09\/screenshot-2026-08-28-22-03-36-356-com.strava-768x1707.jpg 768w, https:\/\/vosgesinfo.fr\/app\/uploads\/sites\/5\/2026\/09\/screenshot-2026-08-28-22-03-36-356-com.strava-691x1536.jpg 691w, https:\/\/vosgesinfo.fr\/app\/uploads\/sites\/5\/2026\/09\/screenshot-2026-08-28-22-03-36-356-com.strava.jpg 864w\" sizes=\"(max-width: 135px) 100vw, 135px\" \/><\/a>\u00ab\u00a0Pour moi, pr\u00e9venir et promouvoir la sant\u00e9 par une activit\u00e9 physique r\u00e9guli\u00e8re est plus qu&rsquo;un devoir, une passion \u00e0 partager.<\/p>\n<p>Bouger r\u00e9guli\u00e8rement c&rsquo;est : le meilleur des traitements et le moins co\u00fbteux. Appliquer r\u00e9guli\u00e8rement, celui-ci peut rapporter gros.<\/p>\n<p>_ Am\u00e9liorer sa sant\u00e9 physique ( pulsations, tensions, poids, taux du sucre dans le sang, endurance, retour veineux, articulations, muscles et tellement d&rsquo;autres)<\/p>\n<p>_ Am\u00e9liorer sa sant\u00e9 mentale ( diminue les risques ou aide \u00e0 gu\u00e9rir les burn-out, d\u00e9pressions, stress post-traumatiques, anxi\u00e9t\u00e9, angoisses, am\u00e9liore la gestion du stress en diminuant le cortisol et tellement d&rsquo;autres \ud83d\ude05)<\/p>\n<p><a href=\"https:\/\/vosgesinfo.fr\/app\/uploads\/sites\/5\/2026\/09\/img-20260508-135008.jpg\"><img decoding=\"async\" class=\"alignright size-medium wp-image-93622\" src=\"https:\/\/vosgesinfo.fr\/app\/uploads\/sites\/5\/2026\/09\/img-20260508-135008-223x300.jpg\" alt=\"\" width=\"223\" height=\"300\" srcset=\"https:\/\/vosgesinfo.fr\/app\/uploads\/sites\/5\/2026\/09\/img-20260508-135008-223x300.jpg 223w, https:\/\/vosgesinfo.fr\/app\/uploads\/sites\/5\/2026\/09\/img-20260508-135008-759x1024.jpg 759w, https:\/\/vosgesinfo.fr\/app\/uploads\/sites\/5\/2026\/09\/img-20260508-135008-768x1036.jpg 768w, https:\/\/vosgesinfo.fr\/app\/uploads\/sites\/5\/2026\/09\/img-20260508-135008-1139x1536.jpg 1139w, https:\/\/vosgesinfo.fr\/app\/uploads\/sites\/5\/2026\/09\/img-20260508-135008.jpg 1424w\" sizes=\"(max-width: 223px) 100vw, 223px\" \/><\/a>_ s&rsquo;ouvrir \u00e0 la vie, s&rsquo;offrir une proximit\u00e9 avec la nature, d\u00e9couvrir la faune et la flore, se donner plus de chance \u00e0 d\u00e9velopper du lien social.<\/p>\n<p>_ se donner toute les chances de mieux dormir la nuit.<\/p>\n<p>_ se donner un maximum de chances d&rsquo;augmenter ses facult\u00e9s physiques ( la force, l&rsquo;endurance mais aussi l&rsquo;\u00e9quilibre)<\/p>\n<p>_ mais aussi se donner un max de chance d&rsquo;augmenter sa productivit\u00e9 au travail.<\/p>\n<p>Bouger tout le temps, un petit peu mais r\u00e9guli\u00e8rement c&rsquo;est vraiment le secret.<\/p>\n<p>J&rsquo;en sais quelque chose puisque faire du sport r\u00e9guli\u00e8rement m&rsquo;a permis de me reconvertir en ma\u00eetre nageur sauveteur et j&rsquo;ai mis en place le v\u00e9lotaf qui me permet d&rsquo;augmenter mes chances de gu\u00e9rir de ma maladie : une d\u00e9pression s\u00e9v\u00e8re d\u00e9clar\u00e9e en 2019 suite \u00e0 un stress post-traumatique en 2018&Prime;.<\/p>\n","protected":false},"excerpt":{"rendered":"<p>Actuellement \u00e9ducateur sportif \u00e0 la piscine de la Bresse et ex infirmier urgentiste, R\u00e9mi Lesage se lance dans Septembre Rouge,\u00a0 [&hellip;]<\/p>\n","protected":false},"author":391,"featured_media":93622,"comment_status":"open","ping_status":"open","sticky":false,"template":"","format":"standard","meta":{"footnotes":""},"categories":[26,43,12,14,18],"tags":[9099,10033],"class_list":["post-93621","post","type-post","status-publish","format-standard","has-post-thumbnail","hentry","category-a-la-une","category-remiremont-remiremont-son-canton","category-sante","category-sport","category-vosges","tag-remi-le-sage","tag-septembre-rouge"],"acf":[],"yoast_head":"<!-- This site is optimized with the Yoast SEO plugin v22.5 - https:\/\/yoast.com\/wordpress\/plugins\/seo\/ -->\n<title>Septembre Rouge : 30 mins par jour pendant 30 jours - Remiremont Info<\/title>\n<meta name=\"robots\" content=\"index, follow, max-snippet:-1, max-image-preview:large, max-video-preview:-1\" \/>\n<link rel=\"canonical\" href=\"https:\/\/vosgesinfo.fr\/remiremontinfo\/?p=93621\" \/>\n<meta name=\"twitter:card\" content=\"summary_large_image\" \/>\n<meta name=\"twitter:title\" content=\"Septembre Rouge : 30 mins par jour pendant 30 jours - Remiremont Info\" \/>\n<meta name=\"twitter:description\" content=\"Actuellement \u00e9ducateur sportif \u00e0 la piscine de la Bresse et ex infirmier urgentiste, R\u00e9mi Lesage se lance dans Septembre Rouge,\u00a0 [&hellip;]\" \/>\n<meta name=\"twitter:image\" content=\"https:\/\/vosgesinfo.fr\/app\/uploads\/sites\/5\/2026\/09\/septembre-bouge-un-mois-pour-remettre-l-activite-physique-et-sportive-au-coeur-du-quotidien-large-300x126.jpg\" \/>\n<meta name=\"twitter:creator\" content=\"@VosgesInfo88\" \/>\n<meta name=\"twitter:site\" content=\"@VosgesInfo88\" \/>\n<meta name=\"twitter:label1\" content=\"\u00c9crit par\" \/>\n\t<meta name=\"twitter:data1\" content=\"La redaction\" \/>\n\t<meta name=\"twitter:label2\" content=\"Dur\u00e9e de lecture estim\u00e9e\" \/>\n\t<meta name=\"twitter:data2\" content=\"1 minute\" \/>\n<script type=\"application\/ld+json\" class=\"yoast-schema-graph\">{\"@context\":\"https:\/\/schema.org\",\"@graph\":[{\"@type\":\"Article\",\"@id\":\"https:\/\/vosgesinfo.fr\/remiremontinfo\/?p=93621#article\",\"isPartOf\":{\"@id\":\"https:\/\/vosgesinfo.fr\/remiremontinfo\/?p=93621\"},\"author\":{\"name\":\"La redaction\",\"@id\":\"https:\/\/vosgesinfo.fr\/remiremontinfo\/#\/schema\/person\/27a3695b06db98895b354c0765cdfc31\"},\"headline\":\"Septembre Rouge : 30 mins par jour pendant 30 jours\",\"datePublished\":\"2026-09-02T12:23:49+00:00\",\"dateModified\":\"2026-09-02T12:23:49+00:00\",\"mainEntityOfPage\":{\"@id\":\"https:\/\/vosgesinfo.fr\/remiremontinfo\/?p=93621\"},\"wordCount\":301,\"commentCount\":0,\"publisher\":{\"@id\":\"https:\/\/vosgesinfo.fr\/remiremontinfo\/#organization\"},\"image\":{\"@id\":\"https:\/\/vosgesinfo.fr\/remiremontinfo\/?p=93621#primaryimage\"},\"thumbnailUrl\":\"https:\/\/vosgesinfo.fr\/app\/uploads\/sites\/5\/2026\/09\/img-20260508-135008.jpg\",\"keywords\":[\"R\u00e9mi Le Sage\",\"septembre rouge\"],\"articleSection\":[\"A la Une\",\"Remiremont\",\"Sant\u00e9\",\"Sport\",\"Vosges\"],\"inLanguage\":\"fr-FR\",\"potentialAction\":[{\"@type\":\"CommentAction\",\"name\":\"Comment\",\"target\":[\"https:\/\/vosgesinfo.fr\/remiremontinfo\/?p=93621#respond\"]}]},{\"@type\":\"WebPage\",\"@id\":\"https:\/\/vosgesinfo.fr\/remiremontinfo\/?p=93621\",\"url\":\"https:\/\/vosgesinfo.fr\/remiremontinfo\/?p=93621\",\"name\":\"Septembre Rouge : 30 mins par jour pendant 30 jours - Remiremont Info\",\"isPartOf\":{\"@id\":\"https:\/\/vosgesinfo.fr\/remiremontinfo\/#website\"},\"primaryImageOfPage\":{\"@id\":\"https:\/\/vosgesinfo.fr\/remiremontinfo\/?p=93621#primaryimage\"},\"image\":{\"@id\":\"https:\/\/vosgesinfo.fr\/remiremontinfo\/?p=93621#primaryimage\"},\"thumbnailUrl\":\"https:\/\/vosgesinfo.fr\/app\/uploads\/sites\/5\/2026\/09\/img-20260508-135008.jpg\",\"datePublished\":\"2026-09-02T12:23:49+00:00\",\"dateModified\":\"2026-09-02T12:23:49+00:00\",\"breadcrumb\":{\"@id\":\"https:\/\/vosgesinfo.fr\/remiremontinfo\/?p=93621#breadcrumb\"},\"inLanguage\":\"fr-FR\",\"potentialAction\":[{\"@type\":\"ReadAction\",\"target\":[\"https:\/\/vosgesinfo.fr\/remiremontinfo\/?p=93621\"]}]},{\"@type\":\"ImageObject\",\"inLanguage\":\"fr-FR\",\"@id\":\"https:\/\/vosgesinfo.fr\/remiremontinfo\/?p=93621#primaryimage\",\"url\":\"https:\/\/vosgesinfo.fr\/app\/uploads\/sites\/5\/2026\/09\/img-20260508-135008.jpg\",\"contentUrl\":\"https:\/\/vosgesinfo.fr\/app\/uploads\/sites\/5\/2026\/09\/img-20260508-135008.jpg\",\"width\":1424,\"height\":1920},{\"@type\":\"BreadcrumbList\",\"@id\":\"https:\/\/vosgesinfo.fr\/remiremontinfo\/?p=93621#breadcrumb\",\"itemListElement\":[{\"@type\":\"ListItem\",\"position\":1,\"name\":\"Home\",\"item\":\"https:\/\/vosgesinfo.fr\/remiremontinfo\/\"},{\"@type\":\"ListItem\",\"position\":2,\"name\":\"Septembre Rouge : 3\u00e0 mins par jour pendant 30 jours\"}]},{\"@type\":\"WebSite\",\"@id\":\"https:\/\/vosgesinfo.fr\/remiremontinfo\/#website\",\"url\":\"https:\/\/vosgesinfo.fr\/remiremontinfo\/\",\"name\":\"Remiremont Info\",\"description\":\"Toute l&#039;actualit\u00e9 de Remiremont\",\"publisher\":{\"@id\":\"https:\/\/vosgesinfo.fr\/remiremontinfo\/#organization\"},\"alternateName\":\"Toute l'actualit\u00e9 de Remiremont\",\"potentialAction\":[{\"@type\":\"SearchAction\",\"target\":{\"@type\":\"EntryPoint\",\"urlTemplate\":\"https:\/\/vosgesinfo.fr\/remiremontinfo\/?s={search_term_string}\"},\"query-input\":\"required name=search_term_string\"}],\"inLanguage\":\"fr-FR\"},{\"@type\":\"Organization\",\"@id\":\"https:\/\/vosgesinfo.fr\/remiremontinfo\/#organization\",\"name\":\"Remiremont Info\",\"url\":\"https:\/\/vosgesinfo.fr\/remiremontinfo\/\",\"logo\":{\"@type\":\"ImageObject\",\"inLanguage\":\"fr-FR\",\"@id\":\"https:\/\/vosgesinfo.fr\/remiremontinfo\/#\/schema\/logo\/image\/\",\"url\":\"https:\/\/vosgesinfo.fr\/app\/uploads\/sites\/5\/2023\/08\/favicon-remiremontinfo.png\",\"contentUrl\":\"https:\/\/vosgesinfo.fr\/app\/uploads\/sites\/5\/2023\/08\/favicon-remiremontinfo.png\",\"width\":512,\"height\":512,\"caption\":\"Remiremont Info\"},\"image\":{\"@id\":\"https:\/\/vosgesinfo.fr\/remiremontinfo\/#\/schema\/logo\/image\/\"},\"sameAs\":[\"https:\/\/www.facebook.com\/remiremontinfo\",\"https:\/\/x.com\/VosgesInfo88\",\"https:\/\/www.youtube.com\/@vosgesinfo\"]},{\"@type\":\"Person\",\"@id\":\"https:\/\/vosgesinfo.fr\/remiremontinfo\/#\/schema\/person\/27a3695b06db98895b354c0765cdfc31\",\"name\":\"La redaction\",\"image\":{\"@type\":\"ImageObject\",\"inLanguage\":\"fr-FR\",\"@id\":\"https:\/\/vosgesinfo.fr\/remiremontinfo\/#\/schema\/person\/image\/\",\"url\":\"https:\/\/secure.gravatar.com\/avatar\/64c76a78e501cedee55736f43f332df901e1896ae9cd8fad269ae2236dd0e8b6?s=96&d=mm&r=g\",\"contentUrl\":\"https:\/\/secure.gravatar.com\/avatar\/64c76a78e501cedee55736f43f332df901e1896ae9cd8fad269ae2236dd0e8b6?s=96&d=mm&r=g\",\"caption\":\"La redaction\"},\"url\":\"https:\/\/vosgesinfo.fr\/remiremontinfo\/author\/la-redaction\/\"}]}<\/script>\n<!-- \/ Yoast SEO plugin. -->","yoast_head_json":{"title":"Septembre Rouge : 30 mins par jour pendant 30 jours - Remiremont Info","robots":{"index":"index","follow":"follow","max-snippet":"max-snippet:-1","max-image-preview":"max-image-preview:large","max-video-preview":"max-video-preview:-1"},"canonical":"https:\/\/vosgesinfo.fr\/remiremontinfo\/?p=93621","twitter_card":"summary_large_image","twitter_title":"Septembre Rouge : 30 mins par jour pendant 30 jours - Remiremont Info","twitter_description":"Actuellement \u00e9ducateur sportif \u00e0 la piscine de la Bresse et ex infirmier urgentiste, R\u00e9mi Lesage se lance dans Septembre Rouge,\u00a0 [&hellip;]","twitter_image":"https:\/\/vosgesinfo.fr\/app\/uploads\/sites\/5\/2026\/09\/septembre-bouge-un-mois-pour-remettre-l-activite-physique-et-sportive-au-coeur-du-quotidien-large-300x126.jpg","twitter_creator":"@VosgesInfo88","twitter_site":"@VosgesInfo88","twitter_misc":{"\u00c9crit par":"La redaction","Dur\u00e9e de lecture estim\u00e9e":"1 minute"},"schema":{"@context":"https:\/\/schema.org","@graph":[{"@type":"Article","@id":"https:\/\/vosgesinfo.fr\/remiremontinfo\/?p=93621#article","isPartOf":{"@id":"https:\/\/vosgesinfo.fr\/remiremontinfo\/?p=93621"},"author":{"name":"La redaction","@id":"https:\/\/vosgesinfo.fr\/remiremontinfo\/#\/schema\/person\/27a3695b06db98895b354c0765cdfc31"},"headline":"Septembre Rouge : 30 mins par jour pendant 30 jours","datePublished":"2026-09-02T12:23:49+00:00","dateModified":"2026-09-02T12:23:49+00:00","mainEntityOfPage":{"@id":"https:\/\/vosgesinfo.fr\/remiremontinfo\/?p=93621"},"wordCount":301,"commentCount":0,"publisher":{"@id":"https:\/\/vosgesinfo.fr\/remiremontinfo\/#organization"},"image":{"@id":"https:\/\/vosgesinfo.fr\/remiremontinfo\/?p=93621#primaryimage"},"thumbnailUrl":"https:\/\/vosgesinfo.fr\/app\/uploads\/sites\/5\/2026\/09\/img-20260508-135008.jpg","keywords":["R\u00e9mi Le Sage","septembre rouge"],"articleSection":["A la Une","Remiremont","Sant\u00e9","Sport","Vosges"],"inLanguage":"fr-FR","potentialAction":[{"@type":"CommentAction","name":"Comment","target":["https:\/\/vosgesinfo.fr\/remiremontinfo\/?p=93621#respond"]}]},{"@type":"WebPage","@id":"https:\/\/vosgesinfo.fr\/remiremontinfo\/?p=93621","url":"https:\/\/vosgesinfo.fr\/remiremontinfo\/?p=93621","name":"Septembre Rouge : 30 mins par jour pendant 30 jours - Remiremont Info","isPartOf":{"@id":"https:\/\/vosgesinfo.fr\/remiremontinfo\/#website"},"primaryImageOfPage":{"@id":"https:\/\/vosgesinfo.fr\/remiremontinfo\/?p=93621#primaryimage"},"image":{"@id":"https:\/\/vosgesinfo.fr\/remiremontinfo\/?p=93621#primaryimage"},"thumbnailUrl":"https:\/\/vosgesinfo.fr\/app\/uploads\/sites\/5\/2026\/09\/img-20260508-135008.jpg","datePublished":"2026-09-02T12:23:49+00:00","dateModified":"2026-09-02T12:23:49+00:00","breadcrumb":{"@id":"https:\/\/vosgesinfo.fr\/remiremontinfo\/?p=93621#breadcrumb"},"inLanguage":"fr-FR","potentialAction":[{"@type":"ReadAction","target":["https:\/\/vosgesinfo.fr\/remiremontinfo\/?p=93621"]}]},{"@type":"ImageObject","inLanguage":"fr-FR","@id":"https:\/\/vosgesinfo.fr\/remiremontinfo\/?p=93621#primaryimage","url":"https:\/\/vosgesinfo.fr\/app\/uploads\/sites\/5\/2026\/09\/img-20260508-135008.jpg","contentUrl":"https:\/\/vosgesinfo.fr\/app\/uploads\/sites\/5\/2026\/09\/img-20260508-135008.jpg","width":1424,"height":1920},{"@type":"BreadcrumbList","@id":"https:\/\/vosgesinfo.fr\/remiremontinfo\/?p=93621#breadcrumb","itemListElement":[{"@type":"ListItem","position":1,"name":"Home","item":"https:\/\/vosgesinfo.fr\/remiremontinfo\/"},{"@type":"ListItem","position":2,"name":"Septembre Rouge : 3\u00e0 mins par jour pendant 30 jours"}]},{"@type":"WebSite","@id":"https:\/\/vosgesinfo.fr\/remiremontinfo\/#website","url":"https:\/\/vosgesinfo.fr\/remiremontinfo\/","name":"Remiremont Info","description":"Toute l&#039;actualit\u00e9 de Remiremont","publisher":{"@id":"https:\/\/vosgesinfo.fr\/remiremontinfo\/#organization"},"alternateName":"Toute l'actualit\u00e9 de Remiremont","potentialAction":[{"@type":"SearchAction","target":{"@type":"EntryPoint","urlTemplate":"https:\/\/vosgesinfo.fr\/remiremontinfo\/?s={search_term_string}"},"query-input":"required name=search_term_string"}],"inLanguage":"fr-FR"},{"@type":"Organization","@id":"https:\/\/vosgesinfo.fr\/remiremontinfo\/#organization","name":"Remiremont Info","url":"https:\/\/vosgesinfo.fr\/remiremontinfo\/","logo":{"@type":"ImageObject","inLanguage":"fr-FR","@id":"https:\/\/vosgesinfo.fr\/remiremontinfo\/#\/schema\/logo\/image\/","url":"https:\/\/vosgesinfo.fr\/app\/uploads\/sites\/5\/2023\/08\/favicon-remiremontinfo.png","contentUrl":"https:\/\/vosgesinfo.fr\/app\/uploads\/sites\/5\/2023\/08\/favicon-remiremontinfo.png","width":512,"height":512,"caption":"Remiremont Info"},"image":{"@id":"https:\/\/vosgesinfo.fr\/remiremontinfo\/#\/schema\/logo\/image\/"},"sameAs":["https:\/\/www.facebook.com\/remiremontinfo","https:\/\/x.com\/VosgesInfo88","https:\/\/www.youtube.com\/@vosgesinfo"]},{"@type":"Person","@id":"https:\/\/vosgesinfo.fr\/remiremontinfo\/#\/schema\/person\/27a3695b06db98895b354c0765cdfc31","name":"La redaction","image":{"@type":"ImageObject","inLanguage":"fr-FR","@id":"https:\/\/vosgesinfo.fr\/remiremontinfo\/#\/schema\/person\/image\/","url":"https:\/\/secure.gravatar.com\/avatar\/64c76a78e501cedee55736f43f332df901e1896ae9cd8fad269ae2236dd0e8b6?s=96&d=mm&r=g","contentUrl":"https:\/\/secure.gravatar.com\/avatar\/64c76a78e501cedee55736f43f332df901e1896ae9cd8fad269ae2236dd0e8b6?s=96&d=mm&r=g","caption":"La redaction"},"url":"https:\/\/vosgesinfo.fr\/remiremontinfo\/author\/la-redaction\/"}]}},"_links":{"self":[{"href":"https:\/\/vosgesinfo.fr\/remiremontinfo\/wp-json\/wp\/v2\/posts\/93621","targetHints":{"allow":["GET"]}}],"collection":[{"href":"https:\/\/vosgesinfo.fr\/remiremontinfo\/wp-json\/wp\/v2\/posts"}],"about":[{"href":"https:\/\/vosgesinfo.fr\/remiremontinfo\/wp-json\/wp\/v2\/types\/post"}],"author":[{"embeddable":true,"href":"https:\/\/vosgesinfo.fr\/remiremontinfo\/wp-json\/wp\/v2\/users\/391"}],"replies":[{"embeddable":true,"href":"https:\/\/vosgesinfo.fr\/remiremontinfo\/wp-json\/wp\/v2\/comments?post=93621"}],"version-history":[{"count":1,"href":"https:\/\/vosgesinfo.fr\/remiremontinfo\/wp-json\/wp\/v2\/posts\/93621\/revisions"}],"predecessor-version":[{"id":93625,"href":"https:\/\/vosgesinfo.fr\/remiremontinfo\/wp-json\/wp\/v2\/posts\/93621\/revisions\/93625"}],"wp:featuredmedia":[{"embeddable":true,"href":"https:\/\/vosgesinfo.fr\/remiremontinfo\/wp-json\/wp\/v2\/media\/93622"}],"wp:attachment":[{"href":"https:\/\/vosgesinfo.fr\/remiremontinfo\/wp-json\/wp\/v2\/media?parent=93621"}],"wp:term":[{"taxonomy":"category","embeddable":true,"href":"https:\/\/vosgesinfo.fr\/remiremontinfo\/wp-json\/wp\/v2\/categories?post=93621"},{"taxonomy":"post_tag","embeddable":true,"href":"https:\/\/vosgesinfo.fr\/remiremontinfo\/wp-json\/wp\/v2\/tags?post=93621"}],"curies":[{"name":"wp","href":"https:\/\/api.w.org\/{rel}","templated":true}]}}