{"id":93626,"date":"2026-09-03T05:57:11","date_gmt":"2026-09-03T03:57:11","guid":{"rendered":"https:\/\/vosgesinfo.fr\/remiremontinfo\/?p=93626"},"modified":"2026-09-02T16:06:00","modified_gmt":"2026-09-02T14:06:00","slug":"le-club-evasion-prepare-sa-43e-saison","status":"publish","type":"post","link":"https:\/\/vosgesinfo.fr\/remiremontinfo\/2026\/09\/le-club-evasion-prepare-sa-43e-saison\/","title":{"rendered":"Le Club \u00c9vasion pr\u00e9pare sa 43e saison"},"content":{"rendered":"<p dir=\"auto\"><a href=\"https:\/\/vosgesinfo.fr\/app\/uploads\/sites\/5\/2026\/09\/club-evasion-rentree-2026.jpg\"><img decoding=\"async\" class=\"aligncenter size-medium wp-image-93627\" src=\"https:\/\/vosgesinfo.fr\/app\/uploads\/sites\/5\/2026\/09\/club-evasion-rentree-2026-300x199.jpg\" alt=\"\" width=\"300\" height=\"199\" srcset=\"https:\/\/vosgesinfo.fr\/app\/uploads\/sites\/5\/2026\/09\/club-evasion-rentree-2026-300x199.jpg 300w, https:\/\/vosgesinfo.fr\/app\/uploads\/sites\/5\/2026\/09\/club-evasion-rentree-2026-1024x678.jpg 1024w, https:\/\/vosgesinfo.fr\/app\/uploads\/sites\/5\/2026\/09\/club-evasion-rentree-2026-768x508.jpg 768w, https:\/\/vosgesinfo.fr\/app\/uploads\/sites\/5\/2026\/09\/club-evasion-rentree-2026-1536x1017.jpg 1536w, https:\/\/vosgesinfo.fr\/app\/uploads\/sites\/5\/2026\/09\/club-evasion-rentree-2026.jpg 1920w\" sizes=\"(max-width: 300px) 100vw, 300px\" \/><\/a><\/p>\n<p>La rentr\u00e9e approche pour le\u00a0<b>Club \u00c9vasion<\/b>, qui donnera le coup d&rsquo;envoi de sa nouvelle saison le\u00a0<b>7 septembre 2026<\/b>. Cr\u00e9\u00e9e en d\u00e9cembre 1983, l&rsquo;association entame ainsi sa\u00a0<b>43e saison<\/b>, une long\u00e9vit\u00e9 qui t\u00e9moigne de son dynamisme et de sa convivialit\u00e9.<u><\/u><u><\/u><\/p>\n<p>Pour cette saison 2026-2027, le club propose une nouvelle fois un large choix d&rsquo;activit\u00e9s pour bouger, entretenir sa forme et prendre soin de soi. Au programme :\u00a0<b>HIIT\/abdos et Cocktail Fitness<\/b>\u00a0pour les sports tonifiants,\u00a0<b>Zumba\u00ae<\/b>\u00a0pour les activit\u00e9s plus dynamiques, ainsi que\u00a0<b>stretching, Hatha Yoga et Yin Yoga<\/b>pour le bien-\u00eatre pour citer ceux o\u00f9 il y a des cr\u00e9neaux disponibles.<u><\/u><u><\/u><\/p>\n<p>Les s\u00e9ances sont encadr\u00e9es par des animatrices qualifi\u00e9es, notamment\u00a0<b>Lara Belgeri<\/b>, pour les activit\u00e9s toniques et actives, et\u00a0<b>Murielle Mervelay<\/b>, pour plusieurs disciplines d\u00e9di\u00e9es au bien-\u00eatre. Les cours se d\u00e9roulent notamment au\u00a0<b>Gymnase Doumer,\u00a0<a href=\"https:\/\/www.google.com\/maps\/search\/25+rue+Paul-Doumer+%C3%A0+Remiremont?entry=gmail&amp;source=g\" target=\"_blank\" rel=\"noopener noreferrer\">25 rue Paul-Doumer \u00e0 Remiremont<\/a><\/b>, du lundi au vendredi, le matin, l&rsquo;apr\u00e8s-midi ou en soir\u00e9e.<u><\/u><u><\/u><\/p>\n<p>Avec pr\u00e8s de\u00a0<b>380 adh\u00e9rents<\/b>, le Club \u00c9vasion s&rsquo;adresse \u00e0 tous les adultes, quel que soit leur niveau. L&rsquo;objectif : permettre \u00e0 chacun de trouver une activit\u00e9 adapt\u00e9e \u00e0 ses envies et \u00e0 ses capacit\u00e9s, dans une ambiance chaleureuse et conviviale.<u><\/u><u><\/u><\/p>\n<p dir=\"auto\">Les inscriptions pour la saison 2026-2027 sont ouvertes sur le\u00a0<b>nouveau site du Club \u00c9vasion<\/b>\u00a0:\u00a0<a href=\"https:\/\/gymentretienevasion.comiti-sport.fr\/?utm_source=chatgpt.com\" target=\"_blank\" rel=\"noopener noreferrer\">gymentretienevasion.comiti-sport.fr<\/a>. Une nouvelle saison plac\u00e9e sous le signe de l&rsquo;activit\u00e9 physique, du bien-\u00eatre et du plaisir partag\u00e9 !<u><\/u><\/p>\n<p dir=\"auto\"><u><\/u>\u00a0Pour plus d&rsquo;information merci de consulter notre site<\/p>\n<p><a href=\"https:\/\/gymentretienevasion.comiti-sport.fr\/\" target=\"_blank\" rel=\"noopener noreferrer\">https:\/\/gymentretienevasion.comiti-sport.fr\/<\/a><\/p>\n","protected":false},"excerpt":{"rendered":"<p>La rentr\u00e9e approche pour le\u00a0Club \u00c9vasion, qui donnera le coup d&rsquo;envoi de sa nouvelle saison le\u00a07 septembre 2026. Cr\u00e9\u00e9e en [&hellip;]<\/p>\n","protected":false},"author":391,"featured_media":93627,"comment_status":"open","ping_status":"open","sticky":false,"template":"","format":"standard","meta":{"footnotes":""},"categories":[26,43,17],"tags":[],"class_list":["post-93626","post","type-post","status-publish","format-standard","has-post-thumbnail","hentry","category-a-la-une","category-remiremont-remiremont-son-canton","category-vie-associative"],"acf":[],"yoast_head":"<!-- This site is optimized with the Yoast SEO plugin v22.5 - https:\/\/yoast.com\/wordpress\/plugins\/seo\/ -->\n<title>Le Club \u00c9vasion pr\u00e9pare sa 43e saison - Remiremont Info<\/title>\n<meta name=\"robots\" content=\"index, follow, max-snippet:-1, max-image-preview:large, max-video-preview:-1\" \/>\n<link rel=\"canonical\" href=\"https:\/\/vosgesinfo.fr\/remiremontinfo\/2026\/09\/le-club-evasion-prepare-sa-43e-saison\/\" \/>\n<meta name=\"twitter:card\" content=\"summary_large_image\" \/>\n<meta name=\"twitter:title\" content=\"Le Club \u00c9vasion pr\u00e9pare sa 43e saison - Remiremont Info\" \/>\n<meta name=\"twitter:description\" content=\"La rentr\u00e9e approche pour le\u00a0Club \u00c9vasion, qui donnera le coup d&rsquo;envoi de sa nouvelle saison le\u00a07 septembre 2026. Cr\u00e9\u00e9e en [&hellip;]\" \/>\n<meta name=\"twitter:image\" content=\"https:\/\/vosgesinfo.fr\/app\/uploads\/sites\/5\/2026\/09\/club-evasion-rentree-2026.jpg\" \/>\n<meta name=\"twitter:creator\" content=\"@VosgesInfo88\" \/>\n<meta name=\"twitter:site\" content=\"@VosgesInfo88\" \/>\n<meta name=\"twitter:label1\" content=\"\u00c9crit par\" \/>\n\t<meta name=\"twitter:data1\" content=\"La redaction\" \/>\n\t<meta name=\"twitter:label2\" content=\"Dur\u00e9e de lecture estim\u00e9e\" \/>\n\t<meta name=\"twitter:data2\" content=\"1 minute\" \/>\n<script type=\"application\/ld+json\" class=\"yoast-schema-graph\">{\"@context\":\"https:\/\/schema.org\",\"@graph\":[{\"@type\":\"Article\",\"@id\":\"https:\/\/vosgesinfo.fr\/remiremontinfo\/2026\/09\/le-club-evasion-prepare-sa-43e-saison\/#article\",\"isPartOf\":{\"@id\":\"https:\/\/vosgesinfo.fr\/remiremontinfo\/2026\/09\/le-club-evasion-prepare-sa-43e-saison\/\"},\"author\":{\"name\":\"La redaction\",\"@id\":\"https:\/\/vosgesinfo.fr\/remiremontinfo\/#\/schema\/person\/27a3695b06db98895b354c0765cdfc31\"},\"headline\":\"Le Club \u00c9vasion pr\u00e9pare sa 43e saison\",\"datePublished\":\"2026-09-03T03:57:11+00:00\",\"dateModified\":\"2026-09-02T14:06:00+00:00\",\"mainEntityOfPage\":{\"@id\":\"https:\/\/vosgesinfo.fr\/remiremontinfo\/2026\/09\/le-club-evasion-prepare-sa-43e-saison\/\"},\"wordCount\":268,\"commentCount\":0,\"publisher\":{\"@id\":\"https:\/\/vosgesinfo.fr\/remiremontinfo\/#organization\"},\"image\":{\"@id\":\"https:\/\/vosgesinfo.fr\/remiremontinfo\/2026\/09\/le-club-evasion-prepare-sa-43e-saison\/#primaryimage\"},\"thumbnailUrl\":\"https:\/\/vosgesinfo.fr\/app\/uploads\/sites\/5\/2026\/09\/club-evasion-rentree-2026.jpg\",\"articleSection\":[\"A la Une\",\"Remiremont\",\"Vie associative\"],\"inLanguage\":\"fr-FR\",\"potentialAction\":[{\"@type\":\"CommentAction\",\"name\":\"Comment\",\"target\":[\"https:\/\/vosgesinfo.fr\/remiremontinfo\/2026\/09\/le-club-evasion-prepare-sa-43e-saison\/#respond\"]}]},{\"@type\":\"WebPage\",\"@id\":\"https:\/\/vosgesinfo.fr\/remiremontinfo\/2026\/09\/le-club-evasion-prepare-sa-43e-saison\/\",\"url\":\"https:\/\/vosgesinfo.fr\/remiremontinfo\/2026\/09\/le-club-evasion-prepare-sa-43e-saison\/\",\"name\":\"Le Club \u00c9vasion pr\u00e9pare sa 43e saison - Remiremont Info\",\"isPartOf\":{\"@id\":\"https:\/\/vosgesinfo.fr\/remiremontinfo\/#website\"},\"primaryImageOfPage\":{\"@id\":\"https:\/\/vosgesinfo.fr\/remiremontinfo\/2026\/09\/le-club-evasion-prepare-sa-43e-saison\/#primaryimage\"},\"image\":{\"@id\":\"https:\/\/vosgesinfo.fr\/remiremontinfo\/2026\/09\/le-club-evasion-prepare-sa-43e-saison\/#primaryimage\"},\"thumbnailUrl\":\"https:\/\/vosgesinfo.fr\/app\/uploads\/sites\/5\/2026\/09\/club-evasion-rentree-2026.jpg\",\"datePublished\":\"2026-09-03T03:57:11+00:00\",\"dateModified\":\"2026-09-02T14:06:00+00:00\",\"breadcrumb\":{\"@id\":\"https:\/\/vosgesinfo.fr\/remiremontinfo\/2026\/09\/le-club-evasion-prepare-sa-43e-saison\/#breadcrumb\"},\"inLanguage\":\"fr-FR\",\"potentialAction\":[{\"@type\":\"ReadAction\",\"target\":[\"https:\/\/vosgesinfo.fr\/remiremontinfo\/2026\/09\/le-club-evasion-prepare-sa-43e-saison\/\"]}]},{\"@type\":\"ImageObject\",\"inLanguage\":\"fr-FR\",\"@id\":\"https:\/\/vosgesinfo.fr\/remiremontinfo\/2026\/09\/le-club-evasion-prepare-sa-43e-saison\/#primaryimage\",\"url\":\"https:\/\/vosgesinfo.fr\/app\/uploads\/sites\/5\/2026\/09\/club-evasion-rentree-2026.jpg\",\"contentUrl\":\"https:\/\/vosgesinfo.fr\/app\/uploads\/sites\/5\/2026\/09\/club-evasion-rentree-2026.jpg\",\"width\":1920,\"height\":1271},{\"@type\":\"BreadcrumbList\",\"@id\":\"https:\/\/vosgesinfo.fr\/remiremontinfo\/2026\/09\/le-club-evasion-prepare-sa-43e-saison\/#breadcrumb\",\"itemListElement\":[{\"@type\":\"ListItem\",\"position\":1,\"name\":\"Home\",\"item\":\"https:\/\/vosgesinfo.fr\/remiremontinfo\/\"},{\"@type\":\"ListItem\",\"position\":2,\"name\":\"Le Club \u00c9vasion pr\u00e9pare sa 43e saison\"}]},{\"@type\":\"WebSite\",\"@id\":\"https:\/\/vosgesinfo.fr\/remiremontinfo\/#website\",\"url\":\"https:\/\/vosgesinfo.fr\/remiremontinfo\/\",\"name\":\"Remiremont Info\",\"description\":\"Toute l&#039;actualit\u00e9 de Remiremont\",\"publisher\":{\"@id\":\"https:\/\/vosgesinfo.fr\/remiremontinfo\/#organization\"},\"alternateName\":\"Toute l'actualit\u00e9 de Remiremont\",\"potentialAction\":[{\"@type\":\"SearchAction\",\"target\":{\"@type\":\"EntryPoint\",\"urlTemplate\":\"https:\/\/vosgesinfo.fr\/remiremontinfo\/?s={search_term_string}\"},\"query-input\":\"required name=search_term_string\"}],\"inLanguage\":\"fr-FR\"},{\"@type\":\"Organization\",\"@id\":\"https:\/\/vosgesinfo.fr\/remiremontinfo\/#organization\",\"name\":\"Remiremont Info\",\"url\":\"https:\/\/vosgesinfo.fr\/remiremontinfo\/\",\"logo\":{\"@type\":\"ImageObject\",\"inLanguage\":\"fr-FR\",\"@id\":\"https:\/\/vosgesinfo.fr\/remiremontinfo\/#\/schema\/logo\/image\/\",\"url\":\"https:\/\/vosgesinfo.fr\/app\/uploads\/sites\/5\/2023\/08\/favicon-remiremontinfo.png\",\"contentUrl\":\"https:\/\/vosgesinfo.fr\/app\/uploads\/sites\/5\/2023\/08\/favicon-remiremontinfo.png\",\"width\":512,\"height\":512,\"caption\":\"Remiremont Info\"},\"image\":{\"@id\":\"https:\/\/vosgesinfo.fr\/remiremontinfo\/#\/schema\/logo\/image\/\"},\"sameAs\":[\"https:\/\/www.facebook.com\/remiremontinfo\",\"https:\/\/x.com\/VosgesInfo88\",\"https:\/\/www.youtube.com\/@vosgesinfo\"]},{\"@type\":\"Person\",\"@id\":\"https:\/\/vosgesinfo.fr\/remiremontinfo\/#\/schema\/person\/27a3695b06db98895b354c0765cdfc31\",\"name\":\"La redaction\",\"image\":{\"@type\":\"ImageObject\",\"inLanguage\":\"fr-FR\",\"@id\":\"https:\/\/vosgesinfo.fr\/remiremontinfo\/#\/schema\/person\/image\/\",\"url\":\"https:\/\/secure.gravatar.com\/avatar\/64c76a78e501cedee55736f43f332df901e1896ae9cd8fad269ae2236dd0e8b6?s=96&d=mm&r=g\",\"contentUrl\":\"https:\/\/secure.gravatar.com\/avatar\/64c76a78e501cedee55736f43f332df901e1896ae9cd8fad269ae2236dd0e8b6?s=96&d=mm&r=g\",\"caption\":\"La redaction\"},\"url\":\"https:\/\/vosgesinfo.fr\/remiremontinfo\/author\/la-redaction\/\"}]}<\/script>\n<!-- \/ Yoast SEO plugin. -->","yoast_head_json":{"title":"Le Club \u00c9vasion pr\u00e9pare sa 43e saison - Remiremont Info","robots":{"index":"index","follow":"follow","max-snippet":"max-snippet:-1","max-image-preview":"max-image-preview:large","max-video-preview":"max-video-preview:-1"},"canonical":"https:\/\/vosgesinfo.fr\/remiremontinfo\/2026\/09\/le-club-evasion-prepare-sa-43e-saison\/","twitter_card":"summary_large_image","twitter_title":"Le Club \u00c9vasion pr\u00e9pare sa 43e saison - Remiremont Info","twitter_description":"La rentr\u00e9e approche pour le\u00a0Club \u00c9vasion, qui donnera le coup d&rsquo;envoi de sa nouvelle saison le\u00a07 septembre 2026. Cr\u00e9\u00e9e en [&hellip;]","twitter_image":"https:\/\/vosgesinfo.fr\/app\/uploads\/sites\/5\/2026\/09\/club-evasion-rentree-2026.jpg","twitter_creator":"@VosgesInfo88","twitter_site":"@VosgesInfo88","twitter_misc":{"\u00c9crit par":"La redaction","Dur\u00e9e de lecture estim\u00e9e":"1 minute"},"schema":{"@context":"https:\/\/schema.org","@graph":[{"@type":"Article","@id":"https:\/\/vosgesinfo.fr\/remiremontinfo\/2026\/09\/le-club-evasion-prepare-sa-43e-saison\/#article","isPartOf":{"@id":"https:\/\/vosgesinfo.fr\/remiremontinfo\/2026\/09\/le-club-evasion-prepare-sa-43e-saison\/"},"author":{"name":"La redaction","@id":"https:\/\/vosgesinfo.fr\/remiremontinfo\/#\/schema\/person\/27a3695b06db98895b354c0765cdfc31"},"headline":"Le Club \u00c9vasion pr\u00e9pare sa 43e saison","datePublished":"2026-09-03T03:57:11+00:00","dateModified":"2026-09-02T14:06:00+00:00","mainEntityOfPage":{"@id":"https:\/\/vosgesinfo.fr\/remiremontinfo\/2026\/09\/le-club-evasion-prepare-sa-43e-saison\/"},"wordCount":268,"commentCount":0,"publisher":{"@id":"https:\/\/vosgesinfo.fr\/remiremontinfo\/#organization"},"image":{"@id":"https:\/\/vosgesinfo.fr\/remiremontinfo\/2026\/09\/le-club-evasion-prepare-sa-43e-saison\/#primaryimage"},"thumbnailUrl":"https:\/\/vosgesinfo.fr\/app\/uploads\/sites\/5\/2026\/09\/club-evasion-rentree-2026.jpg","articleSection":["A la Une","Remiremont","Vie associative"],"inLanguage":"fr-FR","potentialAction":[{"@type":"CommentAction","name":"Comment","target":["https:\/\/vosgesinfo.fr\/remiremontinfo\/2026\/09\/le-club-evasion-prepare-sa-43e-saison\/#respond"]}]},{"@type":"WebPage","@id":"https:\/\/vosgesinfo.fr\/remiremontinfo\/2026\/09\/le-club-evasion-prepare-sa-43e-saison\/","url":"https:\/\/vosgesinfo.fr\/remiremontinfo\/2026\/09\/le-club-evasion-prepare-sa-43e-saison\/","name":"Le Club \u00c9vasion pr\u00e9pare sa 43e saison - Remiremont Info","isPartOf":{"@id":"https:\/\/vosgesinfo.fr\/remiremontinfo\/#website"},"primaryImageOfPage":{"@id":"https:\/\/vosgesinfo.fr\/remiremontinfo\/2026\/09\/le-club-evasion-prepare-sa-43e-saison\/#primaryimage"},"image":{"@id":"https:\/\/vosgesinfo.fr\/remiremontinfo\/2026\/09\/le-club-evasion-prepare-sa-43e-saison\/#primaryimage"},"thumbnailUrl":"https:\/\/vosgesinfo.fr\/app\/uploads\/sites\/5\/2026\/09\/club-evasion-rentree-2026.jpg","datePublished":"2026-09-03T03:57:11+00:00","dateModified":"2026-09-02T14:06:00+00:00","breadcrumb":{"@id":"https:\/\/vosgesinfo.fr\/remiremontinfo\/2026\/09\/le-club-evasion-prepare-sa-43e-saison\/#breadcrumb"},"inLanguage":"fr-FR","potentialAction":[{"@type":"ReadAction","target":["https:\/\/vosgesinfo.fr\/remiremontinfo\/2026\/09\/le-club-evasion-prepare-sa-43e-saison\/"]}]},{"@type":"ImageObject","inLanguage":"fr-FR","@id":"https:\/\/vosgesinfo.fr\/remiremontinfo\/2026\/09\/le-club-evasion-prepare-sa-43e-saison\/#primaryimage","url":"https:\/\/vosgesinfo.fr\/app\/uploads\/sites\/5\/2026\/09\/club-evasion-rentree-2026.jpg","contentUrl":"https:\/\/vosgesinfo.fr\/app\/uploads\/sites\/5\/2026\/09\/club-evasion-rentree-2026.jpg","width":1920,"height":1271},{"@type":"BreadcrumbList","@id":"https:\/\/vosgesinfo.fr\/remiremontinfo\/2026\/09\/le-club-evasion-prepare-sa-43e-saison\/#breadcrumb","itemListElement":[{"@type":"ListItem","position":1,"name":"Home","item":"https:\/\/vosgesinfo.fr\/remiremontinfo\/"},{"@type":"ListItem","position":2,"name":"Le Club \u00c9vasion pr\u00e9pare sa 43e saison"}]},{"@type":"WebSite","@id":"https:\/\/vosgesinfo.fr\/remiremontinfo\/#website","url":"https:\/\/vosgesinfo.fr\/remiremontinfo\/","name":"Remiremont Info","description":"Toute l&#039;actualit\u00e9 de Remiremont","publisher":{"@id":"https:\/\/vosgesinfo.fr\/remiremontinfo\/#organization"},"alternateName":"Toute l'actualit\u00e9 de Remiremont","potentialAction":[{"@type":"SearchAction","target":{"@type":"EntryPoint","urlTemplate":"https:\/\/vosgesinfo.fr\/remiremontinfo\/?s={search_term_string}"},"query-input":"required name=search_term_string"}],"inLanguage":"fr-FR"},{"@type":"Organization","@id":"https:\/\/vosgesinfo.fr\/remiremontinfo\/#organization","name":"Remiremont Info","url":"https:\/\/vosgesinfo.fr\/remiremontinfo\/","logo":{"@type":"ImageObject","inLanguage":"fr-FR","@id":"https:\/\/vosgesinfo.fr\/remiremontinfo\/#\/schema\/logo\/image\/","url":"https:\/\/vosgesinfo.fr\/app\/uploads\/sites\/5\/2023\/08\/favicon-remiremontinfo.png","contentUrl":"https:\/\/vosgesinfo.fr\/app\/uploads\/sites\/5\/2023\/08\/favicon-remiremontinfo.png","width":512,"height":512,"caption":"Remiremont Info"},"image":{"@id":"https:\/\/vosgesinfo.fr\/remiremontinfo\/#\/schema\/logo\/image\/"},"sameAs":["https:\/\/www.facebook.com\/remiremontinfo","https:\/\/x.com\/VosgesInfo88","https:\/\/www.youtube.com\/@vosgesinfo"]},{"@type":"Person","@id":"https:\/\/vosgesinfo.fr\/remiremontinfo\/#\/schema\/person\/27a3695b06db98895b354c0765cdfc31","name":"La redaction","image":{"@type":"ImageObject","inLanguage":"fr-FR","@id":"https:\/\/vosgesinfo.fr\/remiremontinfo\/#\/schema\/person\/image\/","url":"https:\/\/secure.gravatar.com\/avatar\/64c76a78e501cedee55736f43f332df901e1896ae9cd8fad269ae2236dd0e8b6?s=96&d=mm&r=g","contentUrl":"https:\/\/secure.gravatar.com\/avatar\/64c76a78e501cedee55736f43f332df901e1896ae9cd8fad269ae2236dd0e8b6?s=96&d=mm&r=g","caption":"La redaction"},"url":"https:\/\/vosgesinfo.fr\/remiremontinfo\/author\/la-redaction\/"}]}},"_links":{"self":[{"href":"https:\/\/vosgesinfo.fr\/remiremontinfo\/wp-json\/wp\/v2\/posts\/93626","targetHints":{"allow":["GET"]}}],"collection":[{"href":"https:\/\/vosgesinfo.fr\/remiremontinfo\/wp-json\/wp\/v2\/posts"}],"about":[{"href":"https:\/\/vosgesinfo.fr\/remiremontinfo\/wp-json\/wp\/v2\/types\/post"}],"author":[{"embeddable":true,"href":"https:\/\/vosgesinfo.fr\/remiremontinfo\/wp-json\/wp\/v2\/users\/391"}],"replies":[{"embeddable":true,"href":"https:\/\/vosgesinfo.fr\/remiremontinfo\/wp-json\/wp\/v2\/comments?post=93626"}],"version-history":[{"count":1,"href":"https:\/\/vosgesinfo.fr\/remiremontinfo\/wp-json\/wp\/v2\/posts\/93626\/revisions"}],"predecessor-version":[{"id":93628,"href":"https:\/\/vosgesinfo.fr\/remiremontinfo\/wp-json\/wp\/v2\/posts\/93626\/revisions\/93628"}],"wp:featuredmedia":[{"embeddable":true,"href":"https:\/\/vosgesinfo.fr\/remiremontinfo\/wp-json\/wp\/v2\/media\/93627"}],"wp:attachment":[{"href":"https:\/\/vosgesinfo.fr\/remiremontinfo\/wp-json\/wp\/v2\/media?parent=93626"}],"wp:term":[{"taxonomy":"category","embeddable":true,"href":"https:\/\/vosgesinfo.fr\/remiremontinfo\/wp-json\/wp\/v2\/categories?post=93626"},{"taxonomy":"post_tag","embeddable":true,"href":"https:\/\/vosgesinfo.fr\/remiremontinfo\/wp-json\/wp\/v2\/tags?post=93626"}],"curies":[{"name":"wp","href":"https:\/\/api.w.org\/{rel}","templated":true}]}}