{"id":93629,"date":"2026-09-02T18:13:50","date_gmt":"2026-09-02T16:13:50","guid":{"rendered":"https:\/\/vosgesinfo.fr\/remiremontinfo\/2026\/09\/menaces-de-mort-contre-le-maire-dessegney-un-homme-condamne-a-deux-ans-de-prison-avec-sursis\/"},"modified":"2026-09-02T18:13:50","modified_gmt":"2026-09-02T16:13:50","slug":"menaces-de-mort-contre-le-maire-dessegney-un-homme-condamne-a-deux-ans-de-prison-avec-sursis","status":"publish","type":"post","link":"https:\/\/vosgesinfo.fr\/remiremontinfo\/2026\/09\/menaces-de-mort-contre-le-maire-dessegney-un-homme-condamne-a-deux-ans-de-prison-avec-sursis\/","title":{"rendered":"Menaces de mort contre le maire d\u2019Essegney : un homme condamn\u00e9 \u00e0 deux ans de prison avec sursis"},"content":{"rendered":"<h2 class=\"isSelectedEnd\"><strong><a href=\"https:\/\/vosgesinfo.fr\/app\/uploads\/sites\/3\/2026\/09\/procureur-epinal.jpg\"><img decoding=\"async\" class=\"aligncenter size-full wp-image-145235\" src=\"https:\/\/vosgesinfo.fr\/app\/uploads\/sites\/3\/2026\/09\/procureur-epinal.jpg\" alt=\"\" width=\"2000\" height=\"1500\" \/><\/a>L\u2019affaire avait suscit\u00e9 une vive inqui\u00e9tude \u00e0 Essegney. Ce mercredi apr\u00e8s-midi, Fr\u00e9d\u00e9ric Nahon, procureur de la R\u00e9publique d\u2019\u00c9pinal, a d\u00e9taill\u00e9 lors d\u2019une conf\u00e9rence de presse les circonstances de l\u2019enqu\u00eate ouverte apr\u00e8s des menaces de mort visant le maire de la commune et sa famille.<\/strong><\/h2>\n<p class=\"isSelectedEnd\">Les faits remontent au <strong>lundi 31 ao\u00fbt<\/strong>. Le maire d\u2019Essegney s\u2019\u00e9tait pr\u00e9sent\u00e9 \u00e0 la gendarmerie apr\u00e8s avoir re\u00e7u, sur son t\u00e9l\u00e9phone professionnel, un SMS particuli\u00e8rement violent. Le message lui demandait de quitter ses fonctions de maire sous peine de repr\u00e9sailles visant directement son \u00e9pouse, son enfant et lui-m\u00eame.<\/p>\n<p class=\"isSelectedEnd\">Face \u00e0 la gravit\u00e9 des menaces et \u00e0 l\u2019ultimatum fix\u00e9 par leur auteur, le parquet d\u2019\u00c9pinal avait imm\u00e9diatement ouvert une enqu\u00eate en flagrance. Les investigations ont \u00e9t\u00e9 confi\u00e9es aux militaires de la brigade de recherches de Remiremont.<\/p>\n<h3>Un t\u00e9l\u00e9phone achet\u00e9 sous une fausse identit\u00e9<\/h3>\n<p class=\"isSelectedEnd\">Les enqu\u00eateurs ont rapidement remont\u00e9 la piste de l\u2019auteur pr\u00e9sum\u00e9. Le SMS avait \u00e9t\u00e9 envoy\u00e9 depuis un t\u00e9l\u00e9phone pr\u00e9pay\u00e9 achet\u00e9 dans un commerce d\u2019\u00c9pinal. L\u2019appareil avait \u00e9t\u00e9 acquis sous une fausse identit\u00e9, ce qui t\u00e9moignait de la volont\u00e9 de son utilisateur de ne pas \u00eatre identifi\u00e9.<\/p>\n<p class=\"isSelectedEnd\">L\u2019exploitation des images de vid\u00e9osurveillance du commerce a toutefois permis aux gendarmes de mettre un visage sur le suspect.<\/p>\n<p class=\"isSelectedEnd\">\u00c2g\u00e9 de <strong>56 ans<\/strong>, originaire des Vosges et exer\u00e7ant une activit\u00e9 professionnelle, l\u2019homme a \u00e9t\u00e9 interpell\u00e9 <strong>mardi 1er septembre vers 16 heures<\/strong>, avant d\u2019\u00eatre plac\u00e9 en garde \u00e0 vue. Au cours de son audition, il a reconnu \u00eatre l\u2019auteur du SMS adress\u00e9 au maire.<\/p>\n<p class=\"isSelectedEnd\">Mais les enqu\u00eateurs ont \u00e9galement d\u00e9couvert que cet \u00e9pisode n\u2019\u00e9tait pas isol\u00e9.<\/p>\n<h3>Une premi\u00e8re menace envoy\u00e9e quelques mois plus t\u00f4t<\/h3>\n<p class=\"isSelectedEnd\">Le quinquag\u00e9naire a reconnu avoir adress\u00e9 un premier courrier mena\u00e7ant \u00e0 l\u2019\u00e9lu le <strong>20 mai 2026<\/strong>. Dans cette lettre, il lui demandait d\u00e9j\u00e0 de renoncer \u00e0 son mandat ainsi qu\u2019\u00e0 son \u00e9quipe municipale, tout en \u00e9voquant de possibles violences contre lui ou un membre de sa famille.<\/p>\n<p class=\"isSelectedEnd\">Lors de sa garde \u00e0 vue, le mis en cause a expliqu\u00e9 avoir \u00ab perdu pied \u00bb et avoir agi sous le coup de l\u2019impulsion. Selon ses d\u00e9clarations, son comportement serait notamment li\u00e9 \u00e0 un contexte de d\u00e9saccord politique. Il reprochait au maire d\u2019avoir pr\u00e9sent\u00e9 une liste lors des derni\u00e8res \u00e9lections municipales alors qu\u2019il \u00e9tait lui-m\u00eame candidat.<\/p>\n<p class=\"isSelectedEnd\">Il a \u00e9galement \u00e9voqu\u00e9 un diff\u00e9rend concernant l\u2019attribution d\u2019un bail portant sur un terrain de chasse.<\/p>\n<p class=\"isSelectedEnd\">L\u2019homme ne pr\u00e9sentait par ailleurs <strong>aucun ant\u00e9c\u00e9dent judiciaire<\/strong>.<\/p>\n<h3>Deux ans de prison avec sursis<\/h3>\n<p class=\"isSelectedEnd\">Compte tenu de la gravit\u00e9 des faits, mais \u00e9galement de l\u2019absence de condamnation ant\u00e9rieure et de la reconnaissance des faits, le suspect a \u00e9t\u00e9 pr\u00e9sent\u00e9 \u00e0 la justice \u00e0 l\u2019issue de sa garde \u00e0 vue dans le cadre d\u2019une <strong>comparution sur reconnaissance pr\u00e9alable de culpabilit\u00e9 (CRPC)<\/strong>.<\/p>\n<p class=\"isSelectedEnd\">Il a \u00e9t\u00e9 reconnu coupable de <strong>menaces de mort \u00e0 l\u2019encontre d\u2019un \u00e9lu<\/strong> et condamn\u00e9 \u00e0 <strong>deux ans d\u2019emprisonnement avec sursis<\/strong>, auxquels s\u2019ajoutent <strong>2 000 euros d\u2019amende<\/strong>.<\/p>\n<p class=\"isSelectedEnd\">La justice lui interdit \u00e9galement de prendre contact avec le maire et les membres de sa famille pendant <strong>trois ans<\/strong>. Il lui est aussi interdit de se rendre au domicile de l\u2019\u00e9lu ainsi qu\u2019\u00e0 la mairie d\u2019Essegney. Une <strong>interdiction de d\u00e9tenir des armes pendant cinq ans<\/strong> a \u00e9t\u00e9 prononc\u00e9e, accompagn\u00e9e de la confiscation de l\u2019ensemble des armes d\u00e9tenues.<\/p>\n<p class=\"isSelectedEnd\">La peine, accept\u00e9e par le pr\u00e9venu, est imm\u00e9diatement ex\u00e9cutoire. Il dispose toutefois d&rsquo;un d\u00e9lai de dix jours pour faire appel.<\/p>\n<p class=\"isSelectedEnd\">Une audience ult\u00e9rieure concernant les int\u00e9r\u00eats civils a \u00e9t\u00e9 sollicit\u00e9e par les parties civiles.<\/p>\n<h3>\u00ab Des faits inadmissibles \u00bb<\/h3>\n<p class=\"isSelectedEnd\">Au cours de sa conf\u00e9rence de presse, le procureur de la R\u00e9publique d\u2019\u00c9pinal a tenu \u00e0 apporter publiquement son soutien au maire d\u2019Essegney. Une aide de l\u2019association d\u2019aide aux victimes lui a \u00e9galement \u00e9t\u00e9 propos\u00e9e.<\/p>\n<p class=\"isSelectedEnd\">Fr\u00e9d\u00e9ric Nahon a par ailleurs salu\u00e9 le travail des gendarmes, soulignant leur rapidit\u00e9 dans l\u2019identification et l\u2019interpellation de l\u2019auteur des menaces.<\/p>\n<p>Pour le magistrat, ces faits d\u00e9passent le simple conflit entre particuliers : les menaces dirig\u00e9es contre un maire constituent, selon lui, une atteinte directe \u00e0 l\u2019exercice du mandat d\u2019\u00e9lu et, plus largement, au fonctionnement d\u00e9mocratique. Le parquet entend ainsi rappeler que ce type de comportement fera l\u2019objet d\u2019une r\u00e9ponse judiciaire ferme.<\/p>\n<p><a href=\"https:\/\/vosgesinfo.fr\/app\/uploads\/sites\/3\/2026\/09\/procureur-epinal.2jpg.jpg\"><img decoding=\"async\" class=\"aligncenter size-full wp-image-145236\" src=\"https:\/\/vosgesinfo.fr\/app\/uploads\/sites\/3\/2026\/09\/procureur-epinal.2jpg.jpg\" alt=\"\" width=\"2000\" height=\"1500\" \/><\/a><\/p>\n","protected":false},"excerpt":{"rendered":"<p>L\u2019affaire avait suscit\u00e9 une vive inqui\u00e9tude \u00e0 Essegney. Ce mercredi apr\u00e8s-midi, Fr\u00e9d\u00e9ric Nahon, procureur de la R\u00e9publique d\u2019\u00c9pinal, a d\u00e9taill\u00e9 [&hellip;]<\/p>\n","protected":false},"author":52,"featured_media":93630,"comment_status":"open","ping_status":"open","sticky":false,"template":"","format":"standard","meta":{"footnotes":""},"categories":[26,108,6375,8,62,845,43,362],"tags":[10034,10035,8304,2279,167,10036,10037,10038,8980,32],"class_list":["post-93629","post","type-post","status-publish","format-standard","has-post-thumbnail","hentry","category-a-la-une","category-epinal","category-fait-divers","category-faits-divers","category-gerardmer","category-la-plaine-des-vosges","category-remiremont-remiremont-son-canton","category-saint-die","tag-brigade-de-recherches-de-remiremont","tag-essegney","tag-frederic-nahon","tag-gendarmerie","tag-justice","tag-maire-dessegney","tag-menaces-contre-un-elu","tag-menaces-de-mort","tag-procureur-depinal","tag-vosges"],"acf":[],"yoast_head":"<!-- This site is optimized with the Yoast SEO plugin v22.5 - https:\/\/yoast.com\/wordpress\/plugins\/seo\/ -->\n<title>Menaces de mort contre le maire d\u2019Essegney : un homme condamn\u00e9 \u00e0 deux ans de prison avec sursis - Remiremont Info<\/title>\n<meta name=\"robots\" content=\"index, follow, max-snippet:-1, max-image-preview:large, max-video-preview:-1\" \/>\n<link rel=\"canonical\" href=\"https:\/\/vosgesinfo.fr\/remiremontinfo\/2026\/09\/menaces-de-mort-contre-le-maire-dessegney-un-homme-condamne-a-deux-ans-de-prison-avec-sursis\/\" \/>\n<meta name=\"twitter:card\" content=\"summary_large_image\" \/>\n<meta name=\"twitter:title\" content=\"Menaces de mort contre le maire d\u2019Essegney : un homme condamn\u00e9 \u00e0 deux ans de prison avec sursis - Remiremont Info\" \/>\n<meta name=\"twitter:description\" content=\"L\u2019affaire avait suscit\u00e9 une vive inqui\u00e9tude \u00e0 Essegney. Ce mercredi apr\u00e8s-midi, Fr\u00e9d\u00e9ric Nahon, procureur de la R\u00e9publique d\u2019\u00c9pinal, a d\u00e9taill\u00e9 [&hellip;]\" \/>\n<meta name=\"twitter:image\" content=\"https:\/\/vosgesinfo.fr\/app\/uploads\/sites\/5\/2026\/09\/procureur-epinal.jpg\" \/>\n<meta name=\"twitter:creator\" content=\"@VosgesInfo88\" \/>\n<meta name=\"twitter:site\" content=\"@VosgesInfo88\" \/>\n<meta name=\"twitter:label1\" content=\"\u00c9crit par\" \/>\n\t<meta name=\"twitter:data1\" content=\"C.K.\" \/>\n\t<meta name=\"twitter:label2\" content=\"Dur\u00e9e de lecture estim\u00e9e\" \/>\n\t<meta name=\"twitter:data2\" content=\"4 minutes\" \/>\n<script type=\"application\/ld+json\" class=\"yoast-schema-graph\">{\"@context\":\"https:\/\/schema.org\",\"@graph\":[{\"@type\":\"Article\",\"@id\":\"https:\/\/vosgesinfo.fr\/remiremontinfo\/2026\/09\/menaces-de-mort-contre-le-maire-dessegney-un-homme-condamne-a-deux-ans-de-prison-avec-sursis\/#article\",\"isPartOf\":{\"@id\":\"https:\/\/vosgesinfo.fr\/remiremontinfo\/2026\/09\/menaces-de-mort-contre-le-maire-dessegney-un-homme-condamne-a-deux-ans-de-prison-avec-sursis\/\"},\"author\":{\"name\":\"C.K.\",\"@id\":\"https:\/\/vosgesinfo.fr\/remiremontinfo\/#\/schema\/person\/6f9a650eeea99d969b6c4ab78fccbe81\"},\"headline\":\"Menaces de mort contre le maire d\u2019Essegney : un homme condamn\u00e9 \u00e0 deux ans de prison avec sursis\",\"datePublished\":\"2026-09-02T16:13:50+00:00\",\"dateModified\":\"2026-09-02T16:13:50+00:00\",\"mainEntityOfPage\":{\"@id\":\"https:\/\/vosgesinfo.fr\/remiremontinfo\/2026\/09\/menaces-de-mort-contre-le-maire-dessegney-un-homme-condamne-a-deux-ans-de-prison-avec-sursis\/\"},\"wordCount\":784,\"commentCount\":0,\"publisher\":{\"@id\":\"https:\/\/vosgesinfo.fr\/remiremontinfo\/#organization\"},\"image\":{\"@id\":\"https:\/\/vosgesinfo.fr\/remiremontinfo\/2026\/09\/menaces-de-mort-contre-le-maire-dessegney-un-homme-condamne-a-deux-ans-de-prison-avec-sursis\/#primaryimage\"},\"thumbnailUrl\":\"https:\/\/vosgesinfo.fr\/app\/uploads\/sites\/5\/2026\/09\/procureur-epinal.jpg\",\"keywords\":[\"brigade de recherches de Remiremont\",\"Essegney\",\"Fr\u00e9d\u00e9ric Nahon\",\"gendarmerie\",\"justice\",\"maire d\u2019Essegney\",\"menaces contre un \u00e9lu\",\"menaces de mort\",\"Procureur d'Epinal\",\"Vosges\"],\"articleSection\":[\"A la Une\",\"Epinal\",\"Fait Divers\",\"Faits-divers\",\"G\u00e9rardmer\",\"La plaine des vosges\",\"Remiremont\",\"Saint-di\u00e9\"],\"inLanguage\":\"fr-FR\",\"potentialAction\":[{\"@type\":\"CommentAction\",\"name\":\"Comment\",\"target\":[\"https:\/\/vosgesinfo.fr\/remiremontinfo\/2026\/09\/menaces-de-mort-contre-le-maire-dessegney-un-homme-condamne-a-deux-ans-de-prison-avec-sursis\/#respond\"]}]},{\"@type\":\"WebPage\",\"@id\":\"https:\/\/vosgesinfo.fr\/remiremontinfo\/2026\/09\/menaces-de-mort-contre-le-maire-dessegney-un-homme-condamne-a-deux-ans-de-prison-avec-sursis\/\",\"url\":\"https:\/\/vosgesinfo.fr\/remiremontinfo\/2026\/09\/menaces-de-mort-contre-le-maire-dessegney-un-homme-condamne-a-deux-ans-de-prison-avec-sursis\/\",\"name\":\"Menaces de mort contre le maire d\u2019Essegney : un homme condamn\u00e9 \u00e0 deux ans de prison avec sursis - Remiremont Info\",\"isPartOf\":{\"@id\":\"https:\/\/vosgesinfo.fr\/remiremontinfo\/#website\"},\"primaryImageOfPage\":{\"@id\":\"https:\/\/vosgesinfo.fr\/remiremontinfo\/2026\/09\/menaces-de-mort-contre-le-maire-dessegney-un-homme-condamne-a-deux-ans-de-prison-avec-sursis\/#primaryimage\"},\"image\":{\"@id\":\"https:\/\/vosgesinfo.fr\/remiremontinfo\/2026\/09\/menaces-de-mort-contre-le-maire-dessegney-un-homme-condamne-a-deux-ans-de-prison-avec-sursis\/#primaryimage\"},\"thumbnailUrl\":\"https:\/\/vosgesinfo.fr\/app\/uploads\/sites\/5\/2026\/09\/procureur-epinal.jpg\",\"datePublished\":\"2026-09-02T16:13:50+00:00\",\"dateModified\":\"2026-09-02T16:13:50+00:00\",\"breadcrumb\":{\"@id\":\"https:\/\/vosgesinfo.fr\/remiremontinfo\/2026\/09\/menaces-de-mort-contre-le-maire-dessegney-un-homme-condamne-a-deux-ans-de-prison-avec-sursis\/#breadcrumb\"},\"inLanguage\":\"fr-FR\",\"potentialAction\":[{\"@type\":\"ReadAction\",\"target\":[\"https:\/\/vosgesinfo.fr\/remiremontinfo\/2026\/09\/menaces-de-mort-contre-le-maire-dessegney-un-homme-condamne-a-deux-ans-de-prison-avec-sursis\/\"]}]},{\"@type\":\"ImageObject\",\"inLanguage\":\"fr-FR\",\"@id\":\"https:\/\/vosgesinfo.fr\/remiremontinfo\/2026\/09\/menaces-de-mort-contre-le-maire-dessegney-un-homme-condamne-a-deux-ans-de-prison-avec-sursis\/#primaryimage\",\"url\":\"https:\/\/vosgesinfo.fr\/app\/uploads\/sites\/5\/2026\/09\/procureur-epinal.jpg\",\"contentUrl\":\"https:\/\/vosgesinfo.fr\/app\/uploads\/sites\/5\/2026\/09\/procureur-epinal.jpg\",\"width\":2000,\"height\":1500},{\"@type\":\"BreadcrumbList\",\"@id\":\"https:\/\/vosgesinfo.fr\/remiremontinfo\/2026\/09\/menaces-de-mort-contre-le-maire-dessegney-un-homme-condamne-a-deux-ans-de-prison-avec-sursis\/#breadcrumb\",\"itemListElement\":[{\"@type\":\"ListItem\",\"position\":1,\"name\":\"Home\",\"item\":\"https:\/\/vosgesinfo.fr\/remiremontinfo\/\"},{\"@type\":\"ListItem\",\"position\":2,\"name\":\"Menaces de mort contre le maire d\u2019Essegney : un homme condamn\u00e9 \u00e0 deux ans de prison avec sursis\"}]},{\"@type\":\"WebSite\",\"@id\":\"https:\/\/vosgesinfo.fr\/remiremontinfo\/#website\",\"url\":\"https:\/\/vosgesinfo.fr\/remiremontinfo\/\",\"name\":\"Remiremont Info\",\"description\":\"Toute l&#039;actualit\u00e9 de Remiremont\",\"publisher\":{\"@id\":\"https:\/\/vosgesinfo.fr\/remiremontinfo\/#organization\"},\"alternateName\":\"Toute l'actualit\u00e9 de Remiremont\",\"potentialAction\":[{\"@type\":\"SearchAction\",\"target\":{\"@type\":\"EntryPoint\",\"urlTemplate\":\"https:\/\/vosgesinfo.fr\/remiremontinfo\/?s={search_term_string}\"},\"query-input\":\"required name=search_term_string\"}],\"inLanguage\":\"fr-FR\"},{\"@type\":\"Organization\",\"@id\":\"https:\/\/vosgesinfo.fr\/remiremontinfo\/#organization\",\"name\":\"Remiremont Info\",\"url\":\"https:\/\/vosgesinfo.fr\/remiremontinfo\/\",\"logo\":{\"@type\":\"ImageObject\",\"inLanguage\":\"fr-FR\",\"@id\":\"https:\/\/vosgesinfo.fr\/remiremontinfo\/#\/schema\/logo\/image\/\",\"url\":\"https:\/\/vosgesinfo.fr\/app\/uploads\/sites\/5\/2023\/08\/favicon-remiremontinfo.png\",\"contentUrl\":\"https:\/\/vosgesinfo.fr\/app\/uploads\/sites\/5\/2023\/08\/favicon-remiremontinfo.png\",\"width\":512,\"height\":512,\"caption\":\"Remiremont Info\"},\"image\":{\"@id\":\"https:\/\/vosgesinfo.fr\/remiremontinfo\/#\/schema\/logo\/image\/\"},\"sameAs\":[\"https:\/\/www.facebook.com\/remiremontinfo\",\"https:\/\/x.com\/VosgesInfo88\",\"https:\/\/www.youtube.com\/@vosgesinfo\"]},{\"@type\":\"Person\",\"@id\":\"https:\/\/vosgesinfo.fr\/remiremontinfo\/#\/schema\/person\/6f9a650eeea99d969b6c4ab78fccbe81\",\"name\":\"C.K.\",\"image\":{\"@type\":\"ImageObject\",\"inLanguage\":\"fr-FR\",\"@id\":\"https:\/\/vosgesinfo.fr\/remiremontinfo\/#\/schema\/person\/image\/\",\"url\":\"https:\/\/secure.gravatar.com\/avatar\/48e3fc7f8421ba8942be6b74a2b7f014ca39bc00dece156b7a8e098ae7dc87bf?s=96&d=mm&r=g\",\"contentUrl\":\"https:\/\/secure.gravatar.com\/avatar\/48e3fc7f8421ba8942be6b74a2b7f014ca39bc00dece156b7a8e098ae7dc87bf?s=96&d=mm&r=g\",\"caption\":\"C.K.\"},\"url\":\"https:\/\/vosgesinfo.fr\/remiremontinfo\/author\/celia-k-n\/\"}]}<\/script>\n<!-- \/ Yoast SEO plugin. -->","yoast_head_json":{"title":"Menaces de mort contre le maire d\u2019Essegney : un homme condamn\u00e9 \u00e0 deux ans de prison avec sursis - Remiremont Info","robots":{"index":"index","follow":"follow","max-snippet":"max-snippet:-1","max-image-preview":"max-image-preview:large","max-video-preview":"max-video-preview:-1"},"canonical":"https:\/\/vosgesinfo.fr\/remiremontinfo\/2026\/09\/menaces-de-mort-contre-le-maire-dessegney-un-homme-condamne-a-deux-ans-de-prison-avec-sursis\/","twitter_card":"summary_large_image","twitter_title":"Menaces de mort contre le maire d\u2019Essegney : un homme condamn\u00e9 \u00e0 deux ans de prison avec sursis - Remiremont Info","twitter_description":"L\u2019affaire avait suscit\u00e9 une vive inqui\u00e9tude \u00e0 Essegney. Ce mercredi apr\u00e8s-midi, Fr\u00e9d\u00e9ric Nahon, procureur de la R\u00e9publique d\u2019\u00c9pinal, a d\u00e9taill\u00e9 [&hellip;]","twitter_image":"https:\/\/vosgesinfo.fr\/app\/uploads\/sites\/5\/2026\/09\/procureur-epinal.jpg","twitter_creator":"@VosgesInfo88","twitter_site":"@VosgesInfo88","twitter_misc":{"\u00c9crit par":"C.K.","Dur\u00e9e de lecture estim\u00e9e":"4 minutes"},"schema":{"@context":"https:\/\/schema.org","@graph":[{"@type":"Article","@id":"https:\/\/vosgesinfo.fr\/remiremontinfo\/2026\/09\/menaces-de-mort-contre-le-maire-dessegney-un-homme-condamne-a-deux-ans-de-prison-avec-sursis\/#article","isPartOf":{"@id":"https:\/\/vosgesinfo.fr\/remiremontinfo\/2026\/09\/menaces-de-mort-contre-le-maire-dessegney-un-homme-condamne-a-deux-ans-de-prison-avec-sursis\/"},"author":{"name":"C.K.","@id":"https:\/\/vosgesinfo.fr\/remiremontinfo\/#\/schema\/person\/6f9a650eeea99d969b6c4ab78fccbe81"},"headline":"Menaces de mort contre le maire d\u2019Essegney : un homme condamn\u00e9 \u00e0 deux ans de prison avec sursis","datePublished":"2026-09-02T16:13:50+00:00","dateModified":"2026-09-02T16:13:50+00:00","mainEntityOfPage":{"@id":"https:\/\/vosgesinfo.fr\/remiremontinfo\/2026\/09\/menaces-de-mort-contre-le-maire-dessegney-un-homme-condamne-a-deux-ans-de-prison-avec-sursis\/"},"wordCount":784,"commentCount":0,"publisher":{"@id":"https:\/\/vosgesinfo.fr\/remiremontinfo\/#organization"},"image":{"@id":"https:\/\/vosgesinfo.fr\/remiremontinfo\/2026\/09\/menaces-de-mort-contre-le-maire-dessegney-un-homme-condamne-a-deux-ans-de-prison-avec-sursis\/#primaryimage"},"thumbnailUrl":"https:\/\/vosgesinfo.fr\/app\/uploads\/sites\/5\/2026\/09\/procureur-epinal.jpg","keywords":["brigade de recherches de Remiremont","Essegney","Fr\u00e9d\u00e9ric Nahon","gendarmerie","justice","maire d\u2019Essegney","menaces contre un \u00e9lu","menaces de mort","Procureur d'Epinal","Vosges"],"articleSection":["A la Une","Epinal","Fait Divers","Faits-divers","G\u00e9rardmer","La plaine des vosges","Remiremont","Saint-di\u00e9"],"inLanguage":"fr-FR","potentialAction":[{"@type":"CommentAction","name":"Comment","target":["https:\/\/vosgesinfo.fr\/remiremontinfo\/2026\/09\/menaces-de-mort-contre-le-maire-dessegney-un-homme-condamne-a-deux-ans-de-prison-avec-sursis\/#respond"]}]},{"@type":"WebPage","@id":"https:\/\/vosgesinfo.fr\/remiremontinfo\/2026\/09\/menaces-de-mort-contre-le-maire-dessegney-un-homme-condamne-a-deux-ans-de-prison-avec-sursis\/","url":"https:\/\/vosgesinfo.fr\/remiremontinfo\/2026\/09\/menaces-de-mort-contre-le-maire-dessegney-un-homme-condamne-a-deux-ans-de-prison-avec-sursis\/","name":"Menaces de mort contre le maire d\u2019Essegney : un homme condamn\u00e9 \u00e0 deux ans de prison avec sursis - Remiremont Info","isPartOf":{"@id":"https:\/\/vosgesinfo.fr\/remiremontinfo\/#website"},"primaryImageOfPage":{"@id":"https:\/\/vosgesinfo.fr\/remiremontinfo\/2026\/09\/menaces-de-mort-contre-le-maire-dessegney-un-homme-condamne-a-deux-ans-de-prison-avec-sursis\/#primaryimage"},"image":{"@id":"https:\/\/vosgesinfo.fr\/remiremontinfo\/2026\/09\/menaces-de-mort-contre-le-maire-dessegney-un-homme-condamne-a-deux-ans-de-prison-avec-sursis\/#primaryimage"},"thumbnailUrl":"https:\/\/vosgesinfo.fr\/app\/uploads\/sites\/5\/2026\/09\/procureur-epinal.jpg","datePublished":"2026-09-02T16:13:50+00:00","dateModified":"2026-09-02T16:13:50+00:00","breadcrumb":{"@id":"https:\/\/vosgesinfo.fr\/remiremontinfo\/2026\/09\/menaces-de-mort-contre-le-maire-dessegney-un-homme-condamne-a-deux-ans-de-prison-avec-sursis\/#breadcrumb"},"inLanguage":"fr-FR","potentialAction":[{"@type":"ReadAction","target":["https:\/\/vosgesinfo.fr\/remiremontinfo\/2026\/09\/menaces-de-mort-contre-le-maire-dessegney-un-homme-condamne-a-deux-ans-de-prison-avec-sursis\/"]}]},{"@type":"ImageObject","inLanguage":"fr-FR","@id":"https:\/\/vosgesinfo.fr\/remiremontinfo\/2026\/09\/menaces-de-mort-contre-le-maire-dessegney-un-homme-condamne-a-deux-ans-de-prison-avec-sursis\/#primaryimage","url":"https:\/\/vosgesinfo.fr\/app\/uploads\/sites\/5\/2026\/09\/procureur-epinal.jpg","contentUrl":"https:\/\/vosgesinfo.fr\/app\/uploads\/sites\/5\/2026\/09\/procureur-epinal.jpg","width":2000,"height":1500},{"@type":"BreadcrumbList","@id":"https:\/\/vosgesinfo.fr\/remiremontinfo\/2026\/09\/menaces-de-mort-contre-le-maire-dessegney-un-homme-condamne-a-deux-ans-de-prison-avec-sursis\/#breadcrumb","itemListElement":[{"@type":"ListItem","position":1,"name":"Home","item":"https:\/\/vosgesinfo.fr\/remiremontinfo\/"},{"@type":"ListItem","position":2,"name":"Menaces de mort contre le maire d\u2019Essegney : un homme condamn\u00e9 \u00e0 deux ans de prison avec sursis"}]},{"@type":"WebSite","@id":"https:\/\/vosgesinfo.fr\/remiremontinfo\/#website","url":"https:\/\/vosgesinfo.fr\/remiremontinfo\/","name":"Remiremont Info","description":"Toute l&#039;actualit\u00e9 de Remiremont","publisher":{"@id":"https:\/\/vosgesinfo.fr\/remiremontinfo\/#organization"},"alternateName":"Toute l'actualit\u00e9 de Remiremont","potentialAction":[{"@type":"SearchAction","target":{"@type":"EntryPoint","urlTemplate":"https:\/\/vosgesinfo.fr\/remiremontinfo\/?s={search_term_string}"},"query-input":"required name=search_term_string"}],"inLanguage":"fr-FR"},{"@type":"Organization","@id":"https:\/\/vosgesinfo.fr\/remiremontinfo\/#organization","name":"Remiremont Info","url":"https:\/\/vosgesinfo.fr\/remiremontinfo\/","logo":{"@type":"ImageObject","inLanguage":"fr-FR","@id":"https:\/\/vosgesinfo.fr\/remiremontinfo\/#\/schema\/logo\/image\/","url":"https:\/\/vosgesinfo.fr\/app\/uploads\/sites\/5\/2023\/08\/favicon-remiremontinfo.png","contentUrl":"https:\/\/vosgesinfo.fr\/app\/uploads\/sites\/5\/2023\/08\/favicon-remiremontinfo.png","width":512,"height":512,"caption":"Remiremont Info"},"image":{"@id":"https:\/\/vosgesinfo.fr\/remiremontinfo\/#\/schema\/logo\/image\/"},"sameAs":["https:\/\/www.facebook.com\/remiremontinfo","https:\/\/x.com\/VosgesInfo88","https:\/\/www.youtube.com\/@vosgesinfo"]},{"@type":"Person","@id":"https:\/\/vosgesinfo.fr\/remiremontinfo\/#\/schema\/person\/6f9a650eeea99d969b6c4ab78fccbe81","name":"C.K.","image":{"@type":"ImageObject","inLanguage":"fr-FR","@id":"https:\/\/vosgesinfo.fr\/remiremontinfo\/#\/schema\/person\/image\/","url":"https:\/\/secure.gravatar.com\/avatar\/48e3fc7f8421ba8942be6b74a2b7f014ca39bc00dece156b7a8e098ae7dc87bf?s=96&d=mm&r=g","contentUrl":"https:\/\/secure.gravatar.com\/avatar\/48e3fc7f8421ba8942be6b74a2b7f014ca39bc00dece156b7a8e098ae7dc87bf?s=96&d=mm&r=g","caption":"C.K."},"url":"https:\/\/vosgesinfo.fr\/remiremontinfo\/author\/celia-k-n\/"}]}},"_links":{"self":[{"href":"https:\/\/vosgesinfo.fr\/remiremontinfo\/wp-json\/wp\/v2\/posts\/93629","targetHints":{"allow":["GET"]}}],"collection":[{"href":"https:\/\/vosgesinfo.fr\/remiremontinfo\/wp-json\/wp\/v2\/posts"}],"about":[{"href":"https:\/\/vosgesinfo.fr\/remiremontinfo\/wp-json\/wp\/v2\/types\/post"}],"author":[{"embeddable":true,"href":"https:\/\/vosgesinfo.fr\/remiremontinfo\/wp-json\/wp\/v2\/users\/52"}],"replies":[{"embeddable":true,"href":"https:\/\/vosgesinfo.fr\/remiremontinfo\/wp-json\/wp\/v2\/comments?post=93629"}],"version-history":[{"count":0,"href":"https:\/\/vosgesinfo.fr\/remiremontinfo\/wp-json\/wp\/v2\/posts\/93629\/revisions"}],"wp:featuredmedia":[{"embeddable":true,"href":"https:\/\/vosgesinfo.fr\/remiremontinfo\/wp-json\/wp\/v2\/media\/93630"}],"wp:attachment":[{"href":"https:\/\/vosgesinfo.fr\/remiremontinfo\/wp-json\/wp\/v2\/media?parent=93629"}],"wp:term":[{"taxonomy":"category","embeddable":true,"href":"https:\/\/vosgesinfo.fr\/remiremontinfo\/wp-json\/wp\/v2\/categories?post=93629"},{"taxonomy":"post_tag","embeddable":true,"href":"https:\/\/vosgesinfo.fr\/remiremontinfo\/wp-json\/wp\/v2\/tags?post=93629"}],"curies":[{"name":"wp","href":"https:\/\/api.w.org\/{rel}","templated":true}]}}