{"id":93633,"date":"2026-09-03T08:37:07","date_gmt":"2026-09-03T06:37:07","guid":{"rendered":"https:\/\/vosgesinfo.fr\/remiremontinfo\/?p=93633"},"modified":"2026-09-03T08:37:07","modified_gmt":"2026-09-03T06:37:07","slug":"16eme-vide-garage-11eme-rassemblement-auto-moto-9eme-balade-automobile-2eme-balade-en-mobylette","status":"publish","type":"post","link":"https:\/\/vosgesinfo.fr\/remiremontinfo\/2026\/09\/16eme-vide-garage-11eme-rassemblement-auto-moto-9eme-balade-automobile-2eme-balade-en-mobylette\/","title":{"rendered":"16\u00e8me vide garage \/11\u00e8me Rassemblement Auto Moto 9\u00e8me Balade Automobile \/ 2\u00e8me Balade en mobylette"},"content":{"rendered":"<h3 style=\"text-align: center;\"><span style=\"font-size: 12pt;\">16\u00e8me vide garage \/11\u00e8me Rassemblement Auto Moto<\/span><br \/>\n<span style=\"font-size: 12pt;\">9\u00e8me Balade Automobile \/ 2\u00e8me Balade en mobylette<\/span><br \/>\n<span style=\"font-size: 12pt;\">Dimanche 13 septembre 2026<\/span><br \/>\n<span style=\"font-size: 12pt;\">88340 Le Girmont Val d\u2019Ajol (15 min de Remiremont \u2013 30 min d\u2019Epinal \u2013<\/span><br \/>\n<span style=\"font-size: 12pt;\">20min de Luxeuil, 45min de Vesoul, 1h de Belfort, Besan\u00e7on et Nancy)<\/span><br \/>\n<span style=\"font-size: 12pt;\">Centre du village autour du pr\u00e9au<\/span><\/h3>\n<p>&nbsp;<\/p>\n<p><a href=\"https:\/\/vosgesinfo.fr\/app\/uploads\/sites\/5\/2026\/09\/affiche-a4-vide-garage-2026-16e-edition-3mm-fond-perdu.jpg\"><img decoding=\"async\" class=\"alignright size-medium wp-image-93634\" src=\"https:\/\/vosgesinfo.fr\/app\/uploads\/sites\/5\/2026\/09\/affiche-a4-vide-garage-2026-16e-edition-3mm-fond-perdu-214x300.jpg\" alt=\"\" width=\"214\" height=\"300\" srcset=\"https:\/\/vosgesinfo.fr\/app\/uploads\/sites\/5\/2026\/09\/affiche-a4-vide-garage-2026-16e-edition-3mm-fond-perdu-214x300.jpg 214w, https:\/\/vosgesinfo.fr\/app\/uploads\/sites\/5\/2026\/09\/affiche-a4-vide-garage-2026-16e-edition-3mm-fond-perdu-730x1024.jpg 730w, https:\/\/vosgesinfo.fr\/app\/uploads\/sites\/5\/2026\/09\/affiche-a4-vide-garage-2026-16e-edition-3mm-fond-perdu-768x1077.jpg 768w, https:\/\/vosgesinfo.fr\/app\/uploads\/sites\/5\/2026\/09\/affiche-a4-vide-garage-2026-16e-edition-3mm-fond-perdu-1095x1536.jpg 1095w, https:\/\/vosgesinfo.fr\/app\/uploads\/sites\/5\/2026\/09\/affiche-a4-vide-garage-2026-16e-edition-3mm-fond-perdu.jpg 1369w\" sizes=\"(max-width: 214px) 100vw, 214px\" \/><\/a>16\u00e8me vide garage : d\u00e9ballage de 8h \u00e0 18h<br \/>\nConcept du vide grenier consacr\u00e9 au domaine m\u00e9canique<br \/>\nAuto, Moto, Cycle, Kart, Quad\u2026<br \/>\nTourisme, Comp\u00e9tition, Historique, Tuning<br \/>\nD\u00e9ballage de tout objet touchant de pr\u00e8s ou de loin \u00e0 ce domaine :<br \/>\nQuelques exemples (liste non exhaustive) :<br \/>\n&#8211; Pneu et jante<br \/>\n&#8211; Pi\u00e8ces d\u00e9tach\u00e9es m\u00e9canique ou carrosserie<br \/>\n&#8211; Accessoires et Equipement : Housses, Auto Radio, GPS, sono\u2026<br \/>\n&#8211; Textiles : Ligne de v\u00eatements, V\u00eatements ignifug\u00e9s\u2026<br \/>\n&#8211; Objet de collection : Miniature, Plaque publicitaire\u2026<br \/>\n&#8211; Outillage : Cric, Chandelles, Visseuse&#8230;<br \/>\nTarif : 2\u20ac le m\u00e8tre lin\u00e9aire sans restriction<br \/>\n11\u00e8me Rassemblement Auto\/Moto : Exposition libre \u00e0 partir de 9h<br \/>\nExposition de v\u00e9hicules historiques, de collection, de prestige<br \/>\nExposition de v\u00e9hicules Sportif et de comp\u00e9tition, de tuning ou d\u2019exception<br \/>\n9\u00e8me Balade automobile d\u00e9part \u00e0 partir de 9h30<br \/>\nParcours non chronom\u00e9tr\u00e9s d\u2019environ 80km dans les Vosges sa\u00f4noises et m\u00e9ridionales<br \/>\nNavigation par road book fl\u00e9ch\u00e9-m\u00e9tr\u00e9<br \/>\n50\u20ac par \u00e9quipage de 2 personnes (comprend le repas de midi, le roadbook et 1 plaque souvenir)<br \/>\nR\u00e9servation obligatoire, places limit\u00e9es<br \/>\n2\u00e8me Balade en mobylette<br \/>\nParcours non chronom\u00e9tr\u00e9 d\u2019environ 80km dans les Vosges sa\u00f4noises et m\u00e9ridionales<br \/>\nNavigation dite \u00ab en tiroir \u00bb<br \/>\nLimit\u00e9 \u00e0 40 mobylettes (inscription obligatoire)<br \/>\n25\u20ac par personne (comprend la collation du matin, le repas de midi et un autocollant souvenir)<br \/>\nSur r\u00e9servation, places limit\u00e9es<br \/>\n<strong>Animation :<\/strong><br \/>\nPr\u00e9sence d&rsquo;exposants professionnels<br \/>\nPetite restauration sur place toute la journ\u00e9e<br \/>\nRepas (Menu \u00e0 12\u20ac)<br \/>\nVisiteurs : Entr\u00e9e Gratuite<br \/>\nContact (renseignements et r\u00e9servations) :<br \/>\nGr\u00e9gory Daval<br \/>\n06 60 05 22 50<br \/>\nfaingspautosport@gmail.com<\/p>\n","protected":false},"excerpt":{"rendered":"<p>16\u00e8me vide garage \/11\u00e8me Rassemblement Auto Moto 9\u00e8me Balade Automobile \/ 2\u00e8me Balade en mobylette Dimanche 13 septembre 2026 88340 [&hellip;]<\/p>\n","protected":false},"author":391,"featured_media":93634,"comment_status":"open","ping_status":"open","sticky":false,"template":"","format":"standard","meta":{"footnotes":""},"categories":[26,43,17,18],"tags":[8410],"class_list":["post-93633","post","type-post","status-publish","format-standard","has-post-thumbnail","hentry","category-a-la-une","category-remiremont-remiremont-son-canton","category-vie-associative","category-vosges","tag-escapade-girmontoise"],"acf":[],"yoast_head":"<!-- This site is optimized with the Yoast SEO plugin v22.5 - https:\/\/yoast.com\/wordpress\/plugins\/seo\/ -->\n<title>16\u00e8me vide garage \/11\u00e8me Rassemblement Auto Moto 9\u00e8me Balade Automobile \/ 2\u00e8me Balade en mobylette - Remiremont Info<\/title>\n<meta name=\"robots\" content=\"index, follow, max-snippet:-1, max-image-preview:large, max-video-preview:-1\" \/>\n<link rel=\"canonical\" href=\"https:\/\/vosgesinfo.fr\/remiremontinfo\/?p=93633\" \/>\n<meta name=\"twitter:card\" content=\"summary_large_image\" \/>\n<meta name=\"twitter:title\" content=\"16\u00e8me vide garage \/11\u00e8me Rassemblement Auto Moto 9\u00e8me Balade Automobile \/ 2\u00e8me Balade en mobylette - Remiremont Info\" \/>\n<meta name=\"twitter:description\" content=\"16\u00e8me vide garage \/11\u00e8me Rassemblement Auto Moto 9\u00e8me Balade Automobile \/ 2\u00e8me Balade en mobylette Dimanche 13 septembre 2026 88340 [&hellip;]\" \/>\n<meta name=\"twitter:creator\" content=\"@VosgesInfo88\" \/>\n<meta name=\"twitter:site\" content=\"@VosgesInfo88\" \/>\n<meta name=\"twitter:label1\" content=\"\u00c9crit par\" \/>\n\t<meta name=\"twitter:data1\" content=\"La redaction\" \/>\n\t<meta name=\"twitter:label2\" content=\"Dur\u00e9e de lecture estim\u00e9e\" \/>\n\t<meta name=\"twitter:data2\" content=\"2 minutes\" \/>\n<script type=\"application\/ld+json\" class=\"yoast-schema-graph\">{\"@context\":\"https:\/\/schema.org\",\"@graph\":[{\"@type\":\"Article\",\"@id\":\"https:\/\/vosgesinfo.fr\/remiremontinfo\/?p=93633#article\",\"isPartOf\":{\"@id\":\"https:\/\/vosgesinfo.fr\/remiremontinfo\/?p=93633\"},\"author\":{\"name\":\"La redaction\",\"@id\":\"https:\/\/vosgesinfo.fr\/remiremontinfo\/#\/schema\/person\/27a3695b06db98895b354c0765cdfc31\"},\"headline\":\"16\u00e8me vide garage \/11\u00e8me Rassemblement Auto Moto 9\u00e8me Balade Automobile \/ 2\u00e8me Balade en mobylette\",\"datePublished\":\"2026-09-03T06:37:07+00:00\",\"dateModified\":\"2026-09-03T06:37:07+00:00\",\"mainEntityOfPage\":{\"@id\":\"https:\/\/vosgesinfo.fr\/remiremontinfo\/?p=93633\"},\"wordCount\":324,\"commentCount\":0,\"publisher\":{\"@id\":\"https:\/\/vosgesinfo.fr\/remiremontinfo\/#organization\"},\"image\":{\"@id\":\"https:\/\/vosgesinfo.fr\/remiremontinfo\/?p=93633#primaryimage\"},\"thumbnailUrl\":\"https:\/\/vosgesinfo.fr\/app\/uploads\/sites\/5\/2026\/09\/affiche-a4-vide-garage-2026-16e-edition-3mm-fond-perdu.jpg\",\"keywords\":[\"escapade girmontoise\"],\"articleSection\":[\"A la Une\",\"Remiremont\",\"Vie associative\",\"Vosges\"],\"inLanguage\":\"fr-FR\",\"potentialAction\":[{\"@type\":\"CommentAction\",\"name\":\"Comment\",\"target\":[\"https:\/\/vosgesinfo.fr\/remiremontinfo\/?p=93633#respond\"]}]},{\"@type\":\"WebPage\",\"@id\":\"https:\/\/vosgesinfo.fr\/remiremontinfo\/?p=93633\",\"url\":\"https:\/\/vosgesinfo.fr\/remiremontinfo\/?p=93633\",\"name\":\"16\u00e8me vide garage \/11\u00e8me Rassemblement Auto Moto 9\u00e8me Balade Automobile \/ 2\u00e8me Balade en mobylette - Remiremont Info\",\"isPartOf\":{\"@id\":\"https:\/\/vosgesinfo.fr\/remiremontinfo\/#website\"},\"primaryImageOfPage\":{\"@id\":\"https:\/\/vosgesinfo.fr\/remiremontinfo\/?p=93633#primaryimage\"},\"image\":{\"@id\":\"https:\/\/vosgesinfo.fr\/remiremontinfo\/?p=93633#primaryimage\"},\"thumbnailUrl\":\"https:\/\/vosgesinfo.fr\/app\/uploads\/sites\/5\/2026\/09\/affiche-a4-vide-garage-2026-16e-edition-3mm-fond-perdu.jpg\",\"datePublished\":\"2026-09-03T06:37:07+00:00\",\"dateModified\":\"2026-09-03T06:37:07+00:00\",\"breadcrumb\":{\"@id\":\"https:\/\/vosgesinfo.fr\/remiremontinfo\/?p=93633#breadcrumb\"},\"inLanguage\":\"fr-FR\",\"potentialAction\":[{\"@type\":\"ReadAction\",\"target\":[\"https:\/\/vosgesinfo.fr\/remiremontinfo\/?p=93633\"]}]},{\"@type\":\"ImageObject\",\"inLanguage\":\"fr-FR\",\"@id\":\"https:\/\/vosgesinfo.fr\/remiremontinfo\/?p=93633#primaryimage\",\"url\":\"https:\/\/vosgesinfo.fr\/app\/uploads\/sites\/5\/2026\/09\/affiche-a4-vide-garage-2026-16e-edition-3mm-fond-perdu.jpg\",\"contentUrl\":\"https:\/\/vosgesinfo.fr\/app\/uploads\/sites\/5\/2026\/09\/affiche-a4-vide-garage-2026-16e-edition-3mm-fond-perdu.jpg\",\"width\":1369,\"height\":1920},{\"@type\":\"BreadcrumbList\",\"@id\":\"https:\/\/vosgesinfo.fr\/remiremontinfo\/?p=93633#breadcrumb\",\"itemListElement\":[{\"@type\":\"ListItem\",\"position\":1,\"name\":\"Home\",\"item\":\"https:\/\/vosgesinfo.fr\/remiremontinfo\/\"},{\"@type\":\"ListItem\",\"position\":2,\"name\":\"16\u00e8me vide garage \/11\u00e8me Rassemblement Auto Moto 9\u00e8me Balade Automobile \/ 2\u00e8me Balade en mobylette\"}]},{\"@type\":\"WebSite\",\"@id\":\"https:\/\/vosgesinfo.fr\/remiremontinfo\/#website\",\"url\":\"https:\/\/vosgesinfo.fr\/remiremontinfo\/\",\"name\":\"Remiremont Info\",\"description\":\"Toute l&#039;actualit\u00e9 de Remiremont\",\"publisher\":{\"@id\":\"https:\/\/vosgesinfo.fr\/remiremontinfo\/#organization\"},\"alternateName\":\"Toute l'actualit\u00e9 de Remiremont\",\"potentialAction\":[{\"@type\":\"SearchAction\",\"target\":{\"@type\":\"EntryPoint\",\"urlTemplate\":\"https:\/\/vosgesinfo.fr\/remiremontinfo\/?s={search_term_string}\"},\"query-input\":\"required name=search_term_string\"}],\"inLanguage\":\"fr-FR\"},{\"@type\":\"Organization\",\"@id\":\"https:\/\/vosgesinfo.fr\/remiremontinfo\/#organization\",\"name\":\"Remiremont Info\",\"url\":\"https:\/\/vosgesinfo.fr\/remiremontinfo\/\",\"logo\":{\"@type\":\"ImageObject\",\"inLanguage\":\"fr-FR\",\"@id\":\"https:\/\/vosgesinfo.fr\/remiremontinfo\/#\/schema\/logo\/image\/\",\"url\":\"https:\/\/vosgesinfo.fr\/app\/uploads\/sites\/5\/2023\/08\/favicon-remiremontinfo.png\",\"contentUrl\":\"https:\/\/vosgesinfo.fr\/app\/uploads\/sites\/5\/2023\/08\/favicon-remiremontinfo.png\",\"width\":512,\"height\":512,\"caption\":\"Remiremont Info\"},\"image\":{\"@id\":\"https:\/\/vosgesinfo.fr\/remiremontinfo\/#\/schema\/logo\/image\/\"},\"sameAs\":[\"https:\/\/www.facebook.com\/remiremontinfo\",\"https:\/\/x.com\/VosgesInfo88\",\"https:\/\/www.youtube.com\/@vosgesinfo\"]},{\"@type\":\"Person\",\"@id\":\"https:\/\/vosgesinfo.fr\/remiremontinfo\/#\/schema\/person\/27a3695b06db98895b354c0765cdfc31\",\"name\":\"La redaction\",\"image\":{\"@type\":\"ImageObject\",\"inLanguage\":\"fr-FR\",\"@id\":\"https:\/\/vosgesinfo.fr\/remiremontinfo\/#\/schema\/person\/image\/\",\"url\":\"https:\/\/secure.gravatar.com\/avatar\/64c76a78e501cedee55736f43f332df901e1896ae9cd8fad269ae2236dd0e8b6?s=96&d=mm&r=g\",\"contentUrl\":\"https:\/\/secure.gravatar.com\/avatar\/64c76a78e501cedee55736f43f332df901e1896ae9cd8fad269ae2236dd0e8b6?s=96&d=mm&r=g\",\"caption\":\"La redaction\"},\"url\":\"https:\/\/vosgesinfo.fr\/remiremontinfo\/author\/la-redaction\/\"}]}<\/script>\n<!-- \/ Yoast SEO plugin. -->","yoast_head_json":{"title":"16\u00e8me vide garage \/11\u00e8me Rassemblement Auto Moto 9\u00e8me Balade Automobile \/ 2\u00e8me Balade en mobylette - Remiremont Info","robots":{"index":"index","follow":"follow","max-snippet":"max-snippet:-1","max-image-preview":"max-image-preview:large","max-video-preview":"max-video-preview:-1"},"canonical":"https:\/\/vosgesinfo.fr\/remiremontinfo\/?p=93633","twitter_card":"summary_large_image","twitter_title":"16\u00e8me vide garage \/11\u00e8me Rassemblement Auto Moto 9\u00e8me Balade Automobile \/ 2\u00e8me Balade en mobylette - Remiremont Info","twitter_description":"16\u00e8me vide garage \/11\u00e8me Rassemblement Auto Moto 9\u00e8me Balade Automobile \/ 2\u00e8me Balade en mobylette Dimanche 13 septembre 2026 88340 [&hellip;]","twitter_creator":"@VosgesInfo88","twitter_site":"@VosgesInfo88","twitter_misc":{"\u00c9crit par":"La redaction","Dur\u00e9e de lecture estim\u00e9e":"2 minutes"},"schema":{"@context":"https:\/\/schema.org","@graph":[{"@type":"Article","@id":"https:\/\/vosgesinfo.fr\/remiremontinfo\/?p=93633#article","isPartOf":{"@id":"https:\/\/vosgesinfo.fr\/remiremontinfo\/?p=93633"},"author":{"name":"La redaction","@id":"https:\/\/vosgesinfo.fr\/remiremontinfo\/#\/schema\/person\/27a3695b06db98895b354c0765cdfc31"},"headline":"16\u00e8me vide garage \/11\u00e8me Rassemblement Auto Moto 9\u00e8me Balade Automobile \/ 2\u00e8me Balade en mobylette","datePublished":"2026-09-03T06:37:07+00:00","dateModified":"2026-09-03T06:37:07+00:00","mainEntityOfPage":{"@id":"https:\/\/vosgesinfo.fr\/remiremontinfo\/?p=93633"},"wordCount":324,"commentCount":0,"publisher":{"@id":"https:\/\/vosgesinfo.fr\/remiremontinfo\/#organization"},"image":{"@id":"https:\/\/vosgesinfo.fr\/remiremontinfo\/?p=93633#primaryimage"},"thumbnailUrl":"https:\/\/vosgesinfo.fr\/app\/uploads\/sites\/5\/2026\/09\/affiche-a4-vide-garage-2026-16e-edition-3mm-fond-perdu.jpg","keywords":["escapade girmontoise"],"articleSection":["A la Une","Remiremont","Vie associative","Vosges"],"inLanguage":"fr-FR","potentialAction":[{"@type":"CommentAction","name":"Comment","target":["https:\/\/vosgesinfo.fr\/remiremontinfo\/?p=93633#respond"]}]},{"@type":"WebPage","@id":"https:\/\/vosgesinfo.fr\/remiremontinfo\/?p=93633","url":"https:\/\/vosgesinfo.fr\/remiremontinfo\/?p=93633","name":"16\u00e8me vide garage \/11\u00e8me Rassemblement Auto Moto 9\u00e8me Balade Automobile \/ 2\u00e8me Balade en mobylette - Remiremont Info","isPartOf":{"@id":"https:\/\/vosgesinfo.fr\/remiremontinfo\/#website"},"primaryImageOfPage":{"@id":"https:\/\/vosgesinfo.fr\/remiremontinfo\/?p=93633#primaryimage"},"image":{"@id":"https:\/\/vosgesinfo.fr\/remiremontinfo\/?p=93633#primaryimage"},"thumbnailUrl":"https:\/\/vosgesinfo.fr\/app\/uploads\/sites\/5\/2026\/09\/affiche-a4-vide-garage-2026-16e-edition-3mm-fond-perdu.jpg","datePublished":"2026-09-03T06:37:07+00:00","dateModified":"2026-09-03T06:37:07+00:00","breadcrumb":{"@id":"https:\/\/vosgesinfo.fr\/remiremontinfo\/?p=93633#breadcrumb"},"inLanguage":"fr-FR","potentialAction":[{"@type":"ReadAction","target":["https:\/\/vosgesinfo.fr\/remiremontinfo\/?p=93633"]}]},{"@type":"ImageObject","inLanguage":"fr-FR","@id":"https:\/\/vosgesinfo.fr\/remiremontinfo\/?p=93633#primaryimage","url":"https:\/\/vosgesinfo.fr\/app\/uploads\/sites\/5\/2026\/09\/affiche-a4-vide-garage-2026-16e-edition-3mm-fond-perdu.jpg","contentUrl":"https:\/\/vosgesinfo.fr\/app\/uploads\/sites\/5\/2026\/09\/affiche-a4-vide-garage-2026-16e-edition-3mm-fond-perdu.jpg","width":1369,"height":1920},{"@type":"BreadcrumbList","@id":"https:\/\/vosgesinfo.fr\/remiremontinfo\/?p=93633#breadcrumb","itemListElement":[{"@type":"ListItem","position":1,"name":"Home","item":"https:\/\/vosgesinfo.fr\/remiremontinfo\/"},{"@type":"ListItem","position":2,"name":"16\u00e8me vide garage \/11\u00e8me Rassemblement Auto Moto 9\u00e8me Balade Automobile \/ 2\u00e8me Balade en mobylette"}]},{"@type":"WebSite","@id":"https:\/\/vosgesinfo.fr\/remiremontinfo\/#website","url":"https:\/\/vosgesinfo.fr\/remiremontinfo\/","name":"Remiremont Info","description":"Toute l&#039;actualit\u00e9 de Remiremont","publisher":{"@id":"https:\/\/vosgesinfo.fr\/remiremontinfo\/#organization"},"alternateName":"Toute l'actualit\u00e9 de Remiremont","potentialAction":[{"@type":"SearchAction","target":{"@type":"EntryPoint","urlTemplate":"https:\/\/vosgesinfo.fr\/remiremontinfo\/?s={search_term_string}"},"query-input":"required name=search_term_string"}],"inLanguage":"fr-FR"},{"@type":"Organization","@id":"https:\/\/vosgesinfo.fr\/remiremontinfo\/#organization","name":"Remiremont Info","url":"https:\/\/vosgesinfo.fr\/remiremontinfo\/","logo":{"@type":"ImageObject","inLanguage":"fr-FR","@id":"https:\/\/vosgesinfo.fr\/remiremontinfo\/#\/schema\/logo\/image\/","url":"https:\/\/vosgesinfo.fr\/app\/uploads\/sites\/5\/2023\/08\/favicon-remiremontinfo.png","contentUrl":"https:\/\/vosgesinfo.fr\/app\/uploads\/sites\/5\/2023\/08\/favicon-remiremontinfo.png","width":512,"height":512,"caption":"Remiremont Info"},"image":{"@id":"https:\/\/vosgesinfo.fr\/remiremontinfo\/#\/schema\/logo\/image\/"},"sameAs":["https:\/\/www.facebook.com\/remiremontinfo","https:\/\/x.com\/VosgesInfo88","https:\/\/www.youtube.com\/@vosgesinfo"]},{"@type":"Person","@id":"https:\/\/vosgesinfo.fr\/remiremontinfo\/#\/schema\/person\/27a3695b06db98895b354c0765cdfc31","name":"La redaction","image":{"@type":"ImageObject","inLanguage":"fr-FR","@id":"https:\/\/vosgesinfo.fr\/remiremontinfo\/#\/schema\/person\/image\/","url":"https:\/\/secure.gravatar.com\/avatar\/64c76a78e501cedee55736f43f332df901e1896ae9cd8fad269ae2236dd0e8b6?s=96&d=mm&r=g","contentUrl":"https:\/\/secure.gravatar.com\/avatar\/64c76a78e501cedee55736f43f332df901e1896ae9cd8fad269ae2236dd0e8b6?s=96&d=mm&r=g","caption":"La redaction"},"url":"https:\/\/vosgesinfo.fr\/remiremontinfo\/author\/la-redaction\/"}]}},"_links":{"self":[{"href":"https:\/\/vosgesinfo.fr\/remiremontinfo\/wp-json\/wp\/v2\/posts\/93633","targetHints":{"allow":["GET"]}}],"collection":[{"href":"https:\/\/vosgesinfo.fr\/remiremontinfo\/wp-json\/wp\/v2\/posts"}],"about":[{"href":"https:\/\/vosgesinfo.fr\/remiremontinfo\/wp-json\/wp\/v2\/types\/post"}],"author":[{"embeddable":true,"href":"https:\/\/vosgesinfo.fr\/remiremontinfo\/wp-json\/wp\/v2\/users\/391"}],"replies":[{"embeddable":true,"href":"https:\/\/vosgesinfo.fr\/remiremontinfo\/wp-json\/wp\/v2\/comments?post=93633"}],"version-history":[{"count":1,"href":"https:\/\/vosgesinfo.fr\/remiremontinfo\/wp-json\/wp\/v2\/posts\/93633\/revisions"}],"predecessor-version":[{"id":93635,"href":"https:\/\/vosgesinfo.fr\/remiremontinfo\/wp-json\/wp\/v2\/posts\/93633\/revisions\/93635"}],"wp:featuredmedia":[{"embeddable":true,"href":"https:\/\/vosgesinfo.fr\/remiremontinfo\/wp-json\/wp\/v2\/media\/93634"}],"wp:attachment":[{"href":"https:\/\/vosgesinfo.fr\/remiremontinfo\/wp-json\/wp\/v2\/media?parent=93633"}],"wp:term":[{"taxonomy":"category","embeddable":true,"href":"https:\/\/vosgesinfo.fr\/remiremontinfo\/wp-json\/wp\/v2\/categories?post=93633"},{"taxonomy":"post_tag","embeddable":true,"href":"https:\/\/vosgesinfo.fr\/remiremontinfo\/wp-json\/wp\/v2\/tags?post=93633"}],"curies":[{"name":"wp","href":"https:\/\/api.w.org\/{rel}","templated":true}]}}