{"id":93643,"date":"2026-09-03T18:02:24","date_gmt":"2026-09-03T16:02:24","guid":{"rendered":"https:\/\/vosgesinfo.fr\/remiremontinfo\/?p=93643"},"modified":"2026-09-03T17:08:11","modified_gmt":"2026-09-03T15:08:11","slug":"les-vosges-secretes-se-devoilent-lors-des-journees-europeennes-du-patrimoine-2026","status":"publish","type":"post","link":"https:\/\/vosgesinfo.fr\/remiremontinfo\/2026\/09\/les-vosges-secretes-se-devoilent-lors-des-journees-europeennes-du-patrimoine-2026\/","title":{"rendered":"LES VOSGES SECR\u00c8TES SE D\u00c9VOILENT LORS DES JOURN\u00c9ES EUROP\u00c9ENNES DU PATRIMOINE 2026"},"content":{"rendered":"<h3>Samedi 19 et dimanche 20 septembre 2026, les Journ\u00e9es europ\u00e9ennes du patrimoine sont de retour pour leur 43\u00e8me \u00e9dition, sur les th\u00e8mes \u00ab Patrimoine de la photographie \u00bb et \u00ab Patrimoine en p\u00e9ril : raviver, r\u00e9sister, r\u00e9imaginer \u00bb. Les Vosges Secr\u00e8tes vous r\u00e9servent un riche programme de visites et d\u2019animations \u00e0 d\u00e9couvrir d\u00e8s maintenant !<\/h3>\n<p>&nbsp;<\/p>\n<p>VOTRE PROGRAMME DE VISITES ET D\u2019ANIMATIONS !<br \/>\n<a href=\"https:\/\/vosgesinfo.fr\/app\/uploads\/sites\/5\/2026\/09\/jep-affiche--a4.jpg\"><img decoding=\"async\" class=\"alignright size-medium wp-image-93644\" src=\"https:\/\/vosgesinfo.fr\/app\/uploads\/sites\/5\/2026\/09\/jep-affiche--a4-212x300.jpg\" alt=\"\" width=\"212\" height=\"300\" srcset=\"https:\/\/vosgesinfo.fr\/app\/uploads\/sites\/5\/2026\/09\/jep-affiche--a4-212x300.jpg 212w, https:\/\/vosgesinfo.fr\/app\/uploads\/sites\/5\/2026\/09\/jep-affiche--a4-724x1024.jpg 724w, https:\/\/vosgesinfo.fr\/app\/uploads\/sites\/5\/2026\/09\/jep-affiche--a4-768x1087.jpg 768w, https:\/\/vosgesinfo.fr\/app\/uploads\/sites\/5\/2026\/09\/jep-affiche--a4-1086x1536.jpg 1086w, https:\/\/vosgesinfo.fr\/app\/uploads\/sites\/5\/2026\/09\/jep-affiche--a4.jpg 1357w\" sizes=\"(max-width: 212px) 100vw, 212px\" \/><\/a>\u00c0 l\u2019occasion de la 43\u00e8me \u00e9dition des Journ\u00e9es europ\u00e9ennes du patrimoine, les Vosges Secr\u00e8tes mettent \u00e0 l\u2019honneur les deux th\u00e8mes nationaux de cette ann\u00e9e : \u00ab Patrimoine de la photographie \u00bb et \u00ab Patrimoine en p\u00e9ril : raviver, r\u00e9sister, r\u00e9imaginer \u00bb.<br \/>\nLes 19 et 20 septembre, ces deux journ\u00e9es seront l\u2019occasion de pousser les portes de sites embl\u00e9matiques, de rencontrer celles et ceux qui font vivre le patrimoine au quotidien et de d\u00e9couvrir un programme riche en visites, animations et expositions.<\/p>\n<p>\u00c9difices historiques ou religieux, savoir-faire et artisanat d\u2019art, patrimoine gastronomique\u2026 autant de facettes \u00e0 d\u00e9couvrir ou red\u00e9couvrir au fil des rendez-vous propos\u00e9s dans les Vosges Secr\u00e8tes. Ces journ\u00e9es offrent aussi une autre mani\u00e8re de regarder les lieux qui nous entourent, en permettant notamment d\u2019acc\u00e9der \u00e0 des sites habituelle- ment ferm\u00e9s au public ou de les d\u00e9couvrir sous un nouvel angle.<\/p>\n<p>Le programme :\u00a0<a href=\"https:\/\/www.tourisme-remiremont-plombieres.com\/decouvrir\/histoire-et-patrimoine\/journees-europeennes-du-patrimoine\/\" target=\"_blank\" rel=\"noopener\">cliquez ici !<\/a><\/p>\n<p><strong>Zoom sur :\u00a0<\/strong><\/p>\n<p>LES VISITES GUID\u00c9ES DE L\u2019OFFICE DE TOURISME \u00c0<br \/>\nREMIREMONT<br \/>\nTout au long du weekend, les guides conf\u00e9renci\u00e8res de l\u2019office de tourisme vous proposent des visites guid\u00e9es gratuites de 45min pour d\u00e9couvrir les incontournables de la ville :<br \/>\nBalade patrimoniale, fa\u00e7ades d\u2019hier et d\u2019aujourd\u2019hui : samedi et dimanche \u00e0 10h<br \/>\nL\u2019\u00e9glise : samedi et dimanche \u00e0 16h30<br \/>\nLe quartier canonial : samedi \u00e0 15h30 et dimanche \u00e0 11h et 14h30<br \/>\nLa crypte de l\u2019\u00e9glise : samedi et dimanche \u00e0 13h30<br \/>\nLe palais abbatial : samedi \u00e0 14h30 et dimanche \u00e0 15h30<br \/>\nSi nos rues m\u2019\u00e9taient cont\u00e9es (in\u00e9dit) : samedi \u00e0 11h<br \/>\nR\u00e9servation obligatoire aupr\u00e8s de l\u2019office de tourisme au 03 29 62 23 70 (places limit\u00e9es).<\/p>\n","protected":false},"excerpt":{"rendered":"<p>Samedi 19 et dimanche 20 septembre 2026, les Journ\u00e9es europ\u00e9ennes du patrimoine sont de retour pour leur 43\u00e8me \u00e9dition, sur [&hellip;]<\/p>\n","protected":false},"author":42,"featured_media":93644,"comment_status":"open","ping_status":"open","sticky":false,"template":"","format":"standard","meta":{"footnotes":""},"categories":[26,43,15],"tags":[4707],"class_list":["post-93643","post","type-post","status-publish","format-standard","has-post-thumbnail","hentry","category-a-la-une","category-remiremont-remiremont-son-canton","category-tourisme","tag-journees-europeennes-du-patrimoine"],"acf":[],"yoast_head":"<!-- This site is optimized with the Yoast SEO plugin v22.5 - https:\/\/yoast.com\/wordpress\/plugins\/seo\/ -->\n<title>LES VOSGES SECR\u00c8TES SE D\u00c9VOILENT LORS DES JOURN\u00c9ES EUROP\u00c9ENNES DU PATRIMOINE 2026 - Remiremont Info<\/title>\n<meta name=\"robots\" content=\"index, follow, max-snippet:-1, max-image-preview:large, max-video-preview:-1\" \/>\n<link rel=\"canonical\" href=\"https:\/\/vosgesinfo.fr\/remiremontinfo\/2026\/09\/les-vosges-secretes-se-devoilent-lors-des-journees-europeennes-du-patrimoine-2026\/\" \/>\n<meta name=\"twitter:card\" content=\"summary_large_image\" \/>\n<meta name=\"twitter:title\" content=\"LES VOSGES SECR\u00c8TES SE D\u00c9VOILENT LORS DES JOURN\u00c9ES EUROP\u00c9ENNES DU PATRIMOINE 2026 - Remiremont Info\" \/>\n<meta name=\"twitter:description\" content=\"Samedi 19 et dimanche 20 septembre 2026, les Journ\u00e9es europ\u00e9ennes du patrimoine sont de retour pour leur 43\u00e8me \u00e9dition, sur [&hellip;]\" \/>\n<meta name=\"twitter:image\" content=\"https:\/\/vosgesinfo.fr\/app\/uploads\/sites\/5\/2026\/09\/jep-affiche--a4.jpg\" \/>\n<meta name=\"twitter:creator\" content=\"@VosgesInfo88\" \/>\n<meta name=\"twitter:site\" content=\"@VosgesInfo88\" \/>\n<meta name=\"twitter:label1\" content=\"\u00c9crit par\" \/>\n\t<meta name=\"twitter:data1\" content=\"QG\" \/>\n\t<meta name=\"twitter:label2\" content=\"Dur\u00e9e de lecture estim\u00e9e\" \/>\n\t<meta name=\"twitter:data2\" content=\"2 minutes\" \/>\n<script type=\"application\/ld+json\" class=\"yoast-schema-graph\">{\"@context\":\"https:\/\/schema.org\",\"@graph\":[{\"@type\":\"Article\",\"@id\":\"https:\/\/vosgesinfo.fr\/remiremontinfo\/2026\/09\/les-vosges-secretes-se-devoilent-lors-des-journees-europeennes-du-patrimoine-2026\/#article\",\"isPartOf\":{\"@id\":\"https:\/\/vosgesinfo.fr\/remiremontinfo\/2026\/09\/les-vosges-secretes-se-devoilent-lors-des-journees-europeennes-du-patrimoine-2026\/\"},\"author\":{\"name\":\"QG\",\"@id\":\"https:\/\/vosgesinfo.fr\/remiremontinfo\/#\/schema\/person\/db5605779a843dad16b5368f3e7613a5\"},\"headline\":\"LES VOSGES SECR\u00c8TES SE D\u00c9VOILENT LORS DES JOURN\u00c9ES EUROP\u00c9ENNES DU PATRIMOINE 2026\",\"datePublished\":\"2026-09-03T16:02:24+00:00\",\"dateModified\":\"2026-09-03T15:08:11+00:00\",\"mainEntityOfPage\":{\"@id\":\"https:\/\/vosgesinfo.fr\/remiremontinfo\/2026\/09\/les-vosges-secretes-se-devoilent-lors-des-journees-europeennes-du-patrimoine-2026\/\"},\"wordCount\":353,\"commentCount\":0,\"publisher\":{\"@id\":\"https:\/\/vosgesinfo.fr\/remiremontinfo\/#organization\"},\"image\":{\"@id\":\"https:\/\/vosgesinfo.fr\/remiremontinfo\/2026\/09\/les-vosges-secretes-se-devoilent-lors-des-journees-europeennes-du-patrimoine-2026\/#primaryimage\"},\"thumbnailUrl\":\"https:\/\/vosgesinfo.fr\/app\/uploads\/sites\/5\/2026\/09\/jep-affiche--a4.jpg\",\"keywords\":[\"Journ\u00e9es europ\u00e9ennes du patrimoine\"],\"articleSection\":[\"A la Une\",\"Remiremont\",\"Tourisme\"],\"inLanguage\":\"fr-FR\",\"potentialAction\":[{\"@type\":\"CommentAction\",\"name\":\"Comment\",\"target\":[\"https:\/\/vosgesinfo.fr\/remiremontinfo\/2026\/09\/les-vosges-secretes-se-devoilent-lors-des-journees-europeennes-du-patrimoine-2026\/#respond\"]}]},{\"@type\":\"WebPage\",\"@id\":\"https:\/\/vosgesinfo.fr\/remiremontinfo\/2026\/09\/les-vosges-secretes-se-devoilent-lors-des-journees-europeennes-du-patrimoine-2026\/\",\"url\":\"https:\/\/vosgesinfo.fr\/remiremontinfo\/2026\/09\/les-vosges-secretes-se-devoilent-lors-des-journees-europeennes-du-patrimoine-2026\/\",\"name\":\"LES VOSGES SECR\u00c8TES SE D\u00c9VOILENT LORS DES JOURN\u00c9ES EUROP\u00c9ENNES DU PATRIMOINE 2026 - Remiremont Info\",\"isPartOf\":{\"@id\":\"https:\/\/vosgesinfo.fr\/remiremontinfo\/#website\"},\"primaryImageOfPage\":{\"@id\":\"https:\/\/vosgesinfo.fr\/remiremontinfo\/2026\/09\/les-vosges-secretes-se-devoilent-lors-des-journees-europeennes-du-patrimoine-2026\/#primaryimage\"},\"image\":{\"@id\":\"https:\/\/vosgesinfo.fr\/remiremontinfo\/2026\/09\/les-vosges-secretes-se-devoilent-lors-des-journees-europeennes-du-patrimoine-2026\/#primaryimage\"},\"thumbnailUrl\":\"https:\/\/vosgesinfo.fr\/app\/uploads\/sites\/5\/2026\/09\/jep-affiche--a4.jpg\",\"datePublished\":\"2026-09-03T16:02:24+00:00\",\"dateModified\":\"2026-09-03T15:08:11+00:00\",\"breadcrumb\":{\"@id\":\"https:\/\/vosgesinfo.fr\/remiremontinfo\/2026\/09\/les-vosges-secretes-se-devoilent-lors-des-journees-europeennes-du-patrimoine-2026\/#breadcrumb\"},\"inLanguage\":\"fr-FR\",\"potentialAction\":[{\"@type\":\"ReadAction\",\"target\":[\"https:\/\/vosgesinfo.fr\/remiremontinfo\/2026\/09\/les-vosges-secretes-se-devoilent-lors-des-journees-europeennes-du-patrimoine-2026\/\"]}]},{\"@type\":\"ImageObject\",\"inLanguage\":\"fr-FR\",\"@id\":\"https:\/\/vosgesinfo.fr\/remiremontinfo\/2026\/09\/les-vosges-secretes-se-devoilent-lors-des-journees-europeennes-du-patrimoine-2026\/#primaryimage\",\"url\":\"https:\/\/vosgesinfo.fr\/app\/uploads\/sites\/5\/2026\/09\/jep-affiche--a4.jpg\",\"contentUrl\":\"https:\/\/vosgesinfo.fr\/app\/uploads\/sites\/5\/2026\/09\/jep-affiche--a4.jpg\",\"width\":1357,\"height\":1920},{\"@type\":\"BreadcrumbList\",\"@id\":\"https:\/\/vosgesinfo.fr\/remiremontinfo\/2026\/09\/les-vosges-secretes-se-devoilent-lors-des-journees-europeennes-du-patrimoine-2026\/#breadcrumb\",\"itemListElement\":[{\"@type\":\"ListItem\",\"position\":1,\"name\":\"Home\",\"item\":\"https:\/\/vosgesinfo.fr\/remiremontinfo\/\"},{\"@type\":\"ListItem\",\"position\":2,\"name\":\"LES VOSGES SECR\u00c8TES SE D\u00c9VOILENT LORS DES JOURN\u00c9ES EUROP\u00c9ENNES DU PATRIMOINE 2026\"}]},{\"@type\":\"WebSite\",\"@id\":\"https:\/\/vosgesinfo.fr\/remiremontinfo\/#website\",\"url\":\"https:\/\/vosgesinfo.fr\/remiremontinfo\/\",\"name\":\"Remiremont Info\",\"description\":\"Toute l&#039;actualit\u00e9 de Remiremont\",\"publisher\":{\"@id\":\"https:\/\/vosgesinfo.fr\/remiremontinfo\/#organization\"},\"alternateName\":\"Toute l'actualit\u00e9 de Remiremont\",\"potentialAction\":[{\"@type\":\"SearchAction\",\"target\":{\"@type\":\"EntryPoint\",\"urlTemplate\":\"https:\/\/vosgesinfo.fr\/remiremontinfo\/?s={search_term_string}\"},\"query-input\":\"required name=search_term_string\"}],\"inLanguage\":\"fr-FR\"},{\"@type\":\"Organization\",\"@id\":\"https:\/\/vosgesinfo.fr\/remiremontinfo\/#organization\",\"name\":\"Remiremont Info\",\"url\":\"https:\/\/vosgesinfo.fr\/remiremontinfo\/\",\"logo\":{\"@type\":\"ImageObject\",\"inLanguage\":\"fr-FR\",\"@id\":\"https:\/\/vosgesinfo.fr\/remiremontinfo\/#\/schema\/logo\/image\/\",\"url\":\"https:\/\/vosgesinfo.fr\/app\/uploads\/sites\/5\/2023\/08\/favicon-remiremontinfo.png\",\"contentUrl\":\"https:\/\/vosgesinfo.fr\/app\/uploads\/sites\/5\/2023\/08\/favicon-remiremontinfo.png\",\"width\":512,\"height\":512,\"caption\":\"Remiremont Info\"},\"image\":{\"@id\":\"https:\/\/vosgesinfo.fr\/remiremontinfo\/#\/schema\/logo\/image\/\"},\"sameAs\":[\"https:\/\/www.facebook.com\/remiremontinfo\",\"https:\/\/x.com\/VosgesInfo88\",\"https:\/\/www.youtube.com\/@vosgesinfo\"]},{\"@type\":\"Person\",\"@id\":\"https:\/\/vosgesinfo.fr\/remiremontinfo\/#\/schema\/person\/db5605779a843dad16b5368f3e7613a5\",\"name\":\"QG\",\"image\":{\"@type\":\"ImageObject\",\"inLanguage\":\"fr-FR\",\"@id\":\"https:\/\/vosgesinfo.fr\/remiremontinfo\/#\/schema\/person\/image\/\",\"url\":\"https:\/\/secure.gravatar.com\/avatar\/ea80c42c204b534408512832fde52504ecabb9706bcb6151cf6175e5b64e6793?s=96&d=mm&r=g\",\"contentUrl\":\"https:\/\/secure.gravatar.com\/avatar\/ea80c42c204b534408512832fde52504ecabb9706bcb6151cf6175e5b64e6793?s=96&d=mm&r=g\",\"caption\":\"QG\"},\"url\":\"https:\/\/vosgesinfo.fr\/remiremontinfo\/author\/quentin88\/\"}]}<\/script>\n<!-- \/ Yoast SEO plugin. -->","yoast_head_json":{"title":"LES VOSGES SECR\u00c8TES SE D\u00c9VOILENT LORS DES JOURN\u00c9ES EUROP\u00c9ENNES DU PATRIMOINE 2026 - Remiremont Info","robots":{"index":"index","follow":"follow","max-snippet":"max-snippet:-1","max-image-preview":"max-image-preview:large","max-video-preview":"max-video-preview:-1"},"canonical":"https:\/\/vosgesinfo.fr\/remiremontinfo\/2026\/09\/les-vosges-secretes-se-devoilent-lors-des-journees-europeennes-du-patrimoine-2026\/","twitter_card":"summary_large_image","twitter_title":"LES VOSGES SECR\u00c8TES SE D\u00c9VOILENT LORS DES JOURN\u00c9ES EUROP\u00c9ENNES DU PATRIMOINE 2026 - Remiremont Info","twitter_description":"Samedi 19 et dimanche 20 septembre 2026, les Journ\u00e9es europ\u00e9ennes du patrimoine sont de retour pour leur 43\u00e8me \u00e9dition, sur [&hellip;]","twitter_image":"https:\/\/vosgesinfo.fr\/app\/uploads\/sites\/5\/2026\/09\/jep-affiche--a4.jpg","twitter_creator":"@VosgesInfo88","twitter_site":"@VosgesInfo88","twitter_misc":{"\u00c9crit par":"QG","Dur\u00e9e de lecture estim\u00e9e":"2 minutes"},"schema":{"@context":"https:\/\/schema.org","@graph":[{"@type":"Article","@id":"https:\/\/vosgesinfo.fr\/remiremontinfo\/2026\/09\/les-vosges-secretes-se-devoilent-lors-des-journees-europeennes-du-patrimoine-2026\/#article","isPartOf":{"@id":"https:\/\/vosgesinfo.fr\/remiremontinfo\/2026\/09\/les-vosges-secretes-se-devoilent-lors-des-journees-europeennes-du-patrimoine-2026\/"},"author":{"name":"QG","@id":"https:\/\/vosgesinfo.fr\/remiremontinfo\/#\/schema\/person\/db5605779a843dad16b5368f3e7613a5"},"headline":"LES VOSGES SECR\u00c8TES SE D\u00c9VOILENT LORS DES JOURN\u00c9ES EUROP\u00c9ENNES DU PATRIMOINE 2026","datePublished":"2026-09-03T16:02:24+00:00","dateModified":"2026-09-03T15:08:11+00:00","mainEntityOfPage":{"@id":"https:\/\/vosgesinfo.fr\/remiremontinfo\/2026\/09\/les-vosges-secretes-se-devoilent-lors-des-journees-europeennes-du-patrimoine-2026\/"},"wordCount":353,"commentCount":0,"publisher":{"@id":"https:\/\/vosgesinfo.fr\/remiremontinfo\/#organization"},"image":{"@id":"https:\/\/vosgesinfo.fr\/remiremontinfo\/2026\/09\/les-vosges-secretes-se-devoilent-lors-des-journees-europeennes-du-patrimoine-2026\/#primaryimage"},"thumbnailUrl":"https:\/\/vosgesinfo.fr\/app\/uploads\/sites\/5\/2026\/09\/jep-affiche--a4.jpg","keywords":["Journ\u00e9es europ\u00e9ennes du patrimoine"],"articleSection":["A la Une","Remiremont","Tourisme"],"inLanguage":"fr-FR","potentialAction":[{"@type":"CommentAction","name":"Comment","target":["https:\/\/vosgesinfo.fr\/remiremontinfo\/2026\/09\/les-vosges-secretes-se-devoilent-lors-des-journees-europeennes-du-patrimoine-2026\/#respond"]}]},{"@type":"WebPage","@id":"https:\/\/vosgesinfo.fr\/remiremontinfo\/2026\/09\/les-vosges-secretes-se-devoilent-lors-des-journees-europeennes-du-patrimoine-2026\/","url":"https:\/\/vosgesinfo.fr\/remiremontinfo\/2026\/09\/les-vosges-secretes-se-devoilent-lors-des-journees-europeennes-du-patrimoine-2026\/","name":"LES VOSGES SECR\u00c8TES SE D\u00c9VOILENT LORS DES JOURN\u00c9ES EUROP\u00c9ENNES DU PATRIMOINE 2026 - Remiremont Info","isPartOf":{"@id":"https:\/\/vosgesinfo.fr\/remiremontinfo\/#website"},"primaryImageOfPage":{"@id":"https:\/\/vosgesinfo.fr\/remiremontinfo\/2026\/09\/les-vosges-secretes-se-devoilent-lors-des-journees-europeennes-du-patrimoine-2026\/#primaryimage"},"image":{"@id":"https:\/\/vosgesinfo.fr\/remiremontinfo\/2026\/09\/les-vosges-secretes-se-devoilent-lors-des-journees-europeennes-du-patrimoine-2026\/#primaryimage"},"thumbnailUrl":"https:\/\/vosgesinfo.fr\/app\/uploads\/sites\/5\/2026\/09\/jep-affiche--a4.jpg","datePublished":"2026-09-03T16:02:24+00:00","dateModified":"2026-09-03T15:08:11+00:00","breadcrumb":{"@id":"https:\/\/vosgesinfo.fr\/remiremontinfo\/2026\/09\/les-vosges-secretes-se-devoilent-lors-des-journees-europeennes-du-patrimoine-2026\/#breadcrumb"},"inLanguage":"fr-FR","potentialAction":[{"@type":"ReadAction","target":["https:\/\/vosgesinfo.fr\/remiremontinfo\/2026\/09\/les-vosges-secretes-se-devoilent-lors-des-journees-europeennes-du-patrimoine-2026\/"]}]},{"@type":"ImageObject","inLanguage":"fr-FR","@id":"https:\/\/vosgesinfo.fr\/remiremontinfo\/2026\/09\/les-vosges-secretes-se-devoilent-lors-des-journees-europeennes-du-patrimoine-2026\/#primaryimage","url":"https:\/\/vosgesinfo.fr\/app\/uploads\/sites\/5\/2026\/09\/jep-affiche--a4.jpg","contentUrl":"https:\/\/vosgesinfo.fr\/app\/uploads\/sites\/5\/2026\/09\/jep-affiche--a4.jpg","width":1357,"height":1920},{"@type":"BreadcrumbList","@id":"https:\/\/vosgesinfo.fr\/remiremontinfo\/2026\/09\/les-vosges-secretes-se-devoilent-lors-des-journees-europeennes-du-patrimoine-2026\/#breadcrumb","itemListElement":[{"@type":"ListItem","position":1,"name":"Home","item":"https:\/\/vosgesinfo.fr\/remiremontinfo\/"},{"@type":"ListItem","position":2,"name":"LES VOSGES SECR\u00c8TES SE D\u00c9VOILENT LORS DES JOURN\u00c9ES EUROP\u00c9ENNES DU PATRIMOINE 2026"}]},{"@type":"WebSite","@id":"https:\/\/vosgesinfo.fr\/remiremontinfo\/#website","url":"https:\/\/vosgesinfo.fr\/remiremontinfo\/","name":"Remiremont Info","description":"Toute l&#039;actualit\u00e9 de Remiremont","publisher":{"@id":"https:\/\/vosgesinfo.fr\/remiremontinfo\/#organization"},"alternateName":"Toute l'actualit\u00e9 de Remiremont","potentialAction":[{"@type":"SearchAction","target":{"@type":"EntryPoint","urlTemplate":"https:\/\/vosgesinfo.fr\/remiremontinfo\/?s={search_term_string}"},"query-input":"required name=search_term_string"}],"inLanguage":"fr-FR"},{"@type":"Organization","@id":"https:\/\/vosgesinfo.fr\/remiremontinfo\/#organization","name":"Remiremont Info","url":"https:\/\/vosgesinfo.fr\/remiremontinfo\/","logo":{"@type":"ImageObject","inLanguage":"fr-FR","@id":"https:\/\/vosgesinfo.fr\/remiremontinfo\/#\/schema\/logo\/image\/","url":"https:\/\/vosgesinfo.fr\/app\/uploads\/sites\/5\/2023\/08\/favicon-remiremontinfo.png","contentUrl":"https:\/\/vosgesinfo.fr\/app\/uploads\/sites\/5\/2023\/08\/favicon-remiremontinfo.png","width":512,"height":512,"caption":"Remiremont Info"},"image":{"@id":"https:\/\/vosgesinfo.fr\/remiremontinfo\/#\/schema\/logo\/image\/"},"sameAs":["https:\/\/www.facebook.com\/remiremontinfo","https:\/\/x.com\/VosgesInfo88","https:\/\/www.youtube.com\/@vosgesinfo"]},{"@type":"Person","@id":"https:\/\/vosgesinfo.fr\/remiremontinfo\/#\/schema\/person\/db5605779a843dad16b5368f3e7613a5","name":"QG","image":{"@type":"ImageObject","inLanguage":"fr-FR","@id":"https:\/\/vosgesinfo.fr\/remiremontinfo\/#\/schema\/person\/image\/","url":"https:\/\/secure.gravatar.com\/avatar\/ea80c42c204b534408512832fde52504ecabb9706bcb6151cf6175e5b64e6793?s=96&d=mm&r=g","contentUrl":"https:\/\/secure.gravatar.com\/avatar\/ea80c42c204b534408512832fde52504ecabb9706bcb6151cf6175e5b64e6793?s=96&d=mm&r=g","caption":"QG"},"url":"https:\/\/vosgesinfo.fr\/remiremontinfo\/author\/quentin88\/"}]}},"_links":{"self":[{"href":"https:\/\/vosgesinfo.fr\/remiremontinfo\/wp-json\/wp\/v2\/posts\/93643","targetHints":{"allow":["GET"]}}],"collection":[{"href":"https:\/\/vosgesinfo.fr\/remiremontinfo\/wp-json\/wp\/v2\/posts"}],"about":[{"href":"https:\/\/vosgesinfo.fr\/remiremontinfo\/wp-json\/wp\/v2\/types\/post"}],"author":[{"embeddable":true,"href":"https:\/\/vosgesinfo.fr\/remiremontinfo\/wp-json\/wp\/v2\/users\/42"}],"replies":[{"embeddable":true,"href":"https:\/\/vosgesinfo.fr\/remiremontinfo\/wp-json\/wp\/v2\/comments?post=93643"}],"version-history":[{"count":1,"href":"https:\/\/vosgesinfo.fr\/remiremontinfo\/wp-json\/wp\/v2\/posts\/93643\/revisions"}],"predecessor-version":[{"id":93647,"href":"https:\/\/vosgesinfo.fr\/remiremontinfo\/wp-json\/wp\/v2\/posts\/93643\/revisions\/93647"}],"wp:featuredmedia":[{"embeddable":true,"href":"https:\/\/vosgesinfo.fr\/remiremontinfo\/wp-json\/wp\/v2\/media\/93644"}],"wp:attachment":[{"href":"https:\/\/vosgesinfo.fr\/remiremontinfo\/wp-json\/wp\/v2\/media?parent=93643"}],"wp:term":[{"taxonomy":"category","embeddable":true,"href":"https:\/\/vosgesinfo.fr\/remiremontinfo\/wp-json\/wp\/v2\/categories?post=93643"},{"taxonomy":"post_tag","embeddable":true,"href":"https:\/\/vosgesinfo.fr\/remiremontinfo\/wp-json\/wp\/v2\/tags?post=93643"}],"curies":[{"name":"wp","href":"https:\/\/api.w.org\/{rel}","templated":true}]}}