{"id":93676,"date":"2026-09-05T05:53:55","date_gmt":"2026-09-05T03:53:55","guid":{"rendered":"https:\/\/vosgesinfo.fr\/remiremontinfo\/?p=93676"},"modified":"2026-09-04T15:57:50","modified_gmt":"2026-09-04T13:57:50","slug":"rentree-paysanne-a-la-ferme-pierrat","status":"publish","type":"post","link":"https:\/\/vosgesinfo.fr\/remiremontinfo\/2026\/09\/rentree-paysanne-a-la-ferme-pierrat\/","title":{"rendered":"Rentr\u00e9e paysanne \u00e0 la ferme PIERRAT !"},"content":{"rendered":"<p style=\"text-align: center;\"><strong>Communiqu\u00e9<\/strong><\/p>\n<p>\u00ab\u00a0Jeunes \u00e9leveurs et producteurs passionn\u00e9s, nous \u00e9levons \u00e0 750m d&rsquo;altitude, au c\u0153ur de la montagne Vosgienne du Haut du T\u00f4t, un troupeau de vaches Vosgiennes allaitantes.<\/p>\n<p><a href=\"https:\/\/vosgesinfo.fr\/app\/uploads\/sites\/5\/2026\/09\/brown-and-green-modern-qurban-animals-flash-sale-poster.jpg\"><img decoding=\"async\" class=\"alignright size-medium wp-image-93677\" src=\"https:\/\/vosgesinfo.fr\/app\/uploads\/sites\/5\/2026\/09\/brown-and-green-modern-qurban-animals-flash-sale-poster-212x300.jpg\" alt=\"\" width=\"212\" height=\"300\" srcset=\"https:\/\/vosgesinfo.fr\/app\/uploads\/sites\/5\/2026\/09\/brown-and-green-modern-qurban-animals-flash-sale-poster-212x300.jpg 212w, https:\/\/vosgesinfo.fr\/app\/uploads\/sites\/5\/2026\/09\/brown-and-green-modern-qurban-animals-flash-sale-poster-724x1024.jpg 724w, https:\/\/vosgesinfo.fr\/app\/uploads\/sites\/5\/2026\/09\/brown-and-green-modern-qurban-animals-flash-sale-poster-768x1087.jpg 768w, https:\/\/vosgesinfo.fr\/app\/uploads\/sites\/5\/2026\/09\/brown-and-green-modern-qurban-animals-flash-sale-poster-1086x1536.jpg 1086w, https:\/\/vosgesinfo.fr\/app\/uploads\/sites\/5\/2026\/09\/brown-and-green-modern-qurban-animals-flash-sale-poster.jpg 1357w\" sizes=\"(max-width: 212px) 100vw, 212px\" \/><\/a>Nous avons \u00e0 c\u0153ur depuis plusieurs ann\u00e9es de promouvoir et de faire d\u00e9couvrir au grand public l&rsquo;agriculture, la vie en montagne, la race Vosgienne ainsi que le pastoralisme.<br \/>\nEn cette ann\u00e9e internationale des parcours et \u00e9leveurs pastoraux, nous avons imagin\u00e9s une rentr\u00e9e paysanne qui se d\u00e9roulera le 12 Septembre sur notre ferme, de 17 heures \u00e0 23 heures, bonne franquette garantie !\u00a0\u00bb<\/p>\n<p><strong>Au programme :<\/strong><br \/>\nD\u00e8s 17h March\u00e9 de producteurs et artisans locaux, d\u00e9couverte de la ferme et de son exposition sur la Vosgienne et l&rsquo;agriculture de montagne. Animations avec la rentr\u00e9e \u00e0 l&rsquo;\u00e9table et le nourrissage des vaches et une animation autour des abeilles<br \/>\n18h Spectacle de la compagnie Le Gicle Impro venue d&rsquo;\u00c9pinal<br \/>\nD\u00e8s 19h Repas paysan compos\u00e9 de grillades de b\u0153uf de la ferme et de produits locaux<br \/>\n20h &#8211; 23h Concert des groupes The Folk Tales et Canyon Rock<br \/>\nFaustine AMIOT, autrice du conte pour enfants \u00ab\u00a0Violette la Vosgienne\u00a0\u00bb ainsi qu&rsquo;Oliver BERTOT des \u00c9ditions Olizel, seront avec nous pour pr\u00e9senter et d\u00e9dicacer le tome 3 de \u00ab\u00a0Violette la Vosgienne visite la fromagerie\u00a0\u00bb !<br \/>\nLieu : 50 Route du Haut du T\u00f4t &#8211; 88120 VAGNEY<br \/>\nHoraires de l&rsquo;\u00e9v\u00e8nement : de 17 heures \u00e0 23 heures<\/p>\n","protected":false},"excerpt":{"rendered":"<p>Communiqu\u00e9 \u00ab\u00a0Jeunes \u00e9leveurs et producteurs passionn\u00e9s, nous \u00e9levons \u00e0 750m d&rsquo;altitude, au c\u0153ur de la montagne Vosgienne du Haut du [&hellip;]<\/p>\n","protected":false},"author":42,"featured_media":93677,"comment_status":"open","ping_status":"open","sticky":false,"template":"","format":"standard","meta":{"footnotes":""},"categories":[26,47,1547,43],"tags":[9323],"class_list":["post-93676","post","type-post","status-publish","format-standard","has-post-thumbnail","hentry","category-a-la-une","category-agriculture","category-gerardmer-2","category-remiremont-remiremont-son-canton","tag-ferme-pierrat"],"acf":[],"yoast_head":"<!-- This site is optimized with the Yoast SEO plugin v22.5 - https:\/\/yoast.com\/wordpress\/plugins\/seo\/ -->\n<title>Rentr\u00e9e paysanne \u00e0 la ferme PIERRAT ! - Remiremont Info<\/title>\n<meta name=\"robots\" content=\"index, follow, max-snippet:-1, max-image-preview:large, max-video-preview:-1\" \/>\n<link rel=\"canonical\" href=\"https:\/\/vosgesinfo.fr\/remiremontinfo\/2026\/09\/rentree-paysanne-a-la-ferme-pierrat\/\" \/>\n<meta name=\"twitter:card\" content=\"summary_large_image\" \/>\n<meta name=\"twitter:title\" content=\"Rentr\u00e9e paysanne \u00e0 la ferme PIERRAT ! - Remiremont Info\" \/>\n<meta name=\"twitter:description\" content=\"Communiqu\u00e9 \u00ab\u00a0Jeunes \u00e9leveurs et producteurs passionn\u00e9s, nous \u00e9levons \u00e0 750m d&rsquo;altitude, au c\u0153ur de la montagne Vosgienne du Haut du [&hellip;]\" \/>\n<meta name=\"twitter:image\" content=\"https:\/\/vosgesinfo.fr\/app\/uploads\/sites\/5\/2026\/09\/brown-and-green-modern-qurban-animals-flash-sale-poster.jpg\" \/>\n<meta name=\"twitter:creator\" content=\"@VosgesInfo88\" \/>\n<meta name=\"twitter:site\" content=\"@VosgesInfo88\" \/>\n<meta name=\"twitter:label1\" content=\"\u00c9crit par\" \/>\n\t<meta name=\"twitter:data1\" content=\"QG\" \/>\n\t<meta name=\"twitter:label2\" content=\"Dur\u00e9e de lecture estim\u00e9e\" \/>\n\t<meta name=\"twitter:data2\" content=\"2 minutes\" \/>\n<script type=\"application\/ld+json\" class=\"yoast-schema-graph\">{\"@context\":\"https:\/\/schema.org\",\"@graph\":[{\"@type\":\"Article\",\"@id\":\"https:\/\/vosgesinfo.fr\/remiremontinfo\/2026\/09\/rentree-paysanne-a-la-ferme-pierrat\/#article\",\"isPartOf\":{\"@id\":\"https:\/\/vosgesinfo.fr\/remiremontinfo\/2026\/09\/rentree-paysanne-a-la-ferme-pierrat\/\"},\"author\":{\"name\":\"QG\",\"@id\":\"https:\/\/vosgesinfo.fr\/remiremontinfo\/#\/schema\/person\/db5605779a843dad16b5368f3e7613a5\"},\"headline\":\"Rentr\u00e9e paysanne \u00e0 la ferme PIERRAT !\",\"datePublished\":\"2026-09-05T03:53:55+00:00\",\"dateModified\":\"2026-09-04T13:57:50+00:00\",\"mainEntityOfPage\":{\"@id\":\"https:\/\/vosgesinfo.fr\/remiremontinfo\/2026\/09\/rentree-paysanne-a-la-ferme-pierrat\/\"},\"wordCount\":239,\"commentCount\":0,\"publisher\":{\"@id\":\"https:\/\/vosgesinfo.fr\/remiremontinfo\/#organization\"},\"image\":{\"@id\":\"https:\/\/vosgesinfo.fr\/remiremontinfo\/2026\/09\/rentree-paysanne-a-la-ferme-pierrat\/#primaryimage\"},\"thumbnailUrl\":\"https:\/\/vosgesinfo.fr\/app\/uploads\/sites\/5\/2026\/09\/brown-and-green-modern-qurban-animals-flash-sale-poster.jpg\",\"keywords\":[\"Ferme PIERRAT\"],\"articleSection\":[\"A la Une\",\"Agriculture\",\"Gerardmer\",\"Remiremont\"],\"inLanguage\":\"fr-FR\",\"potentialAction\":[{\"@type\":\"CommentAction\",\"name\":\"Comment\",\"target\":[\"https:\/\/vosgesinfo.fr\/remiremontinfo\/2026\/09\/rentree-paysanne-a-la-ferme-pierrat\/#respond\"]}]},{\"@type\":\"WebPage\",\"@id\":\"https:\/\/vosgesinfo.fr\/remiremontinfo\/2026\/09\/rentree-paysanne-a-la-ferme-pierrat\/\",\"url\":\"https:\/\/vosgesinfo.fr\/remiremontinfo\/2026\/09\/rentree-paysanne-a-la-ferme-pierrat\/\",\"name\":\"Rentr\u00e9e paysanne \u00e0 la ferme PIERRAT ! - Remiremont Info\",\"isPartOf\":{\"@id\":\"https:\/\/vosgesinfo.fr\/remiremontinfo\/#website\"},\"primaryImageOfPage\":{\"@id\":\"https:\/\/vosgesinfo.fr\/remiremontinfo\/2026\/09\/rentree-paysanne-a-la-ferme-pierrat\/#primaryimage\"},\"image\":{\"@id\":\"https:\/\/vosgesinfo.fr\/remiremontinfo\/2026\/09\/rentree-paysanne-a-la-ferme-pierrat\/#primaryimage\"},\"thumbnailUrl\":\"https:\/\/vosgesinfo.fr\/app\/uploads\/sites\/5\/2026\/09\/brown-and-green-modern-qurban-animals-flash-sale-poster.jpg\",\"datePublished\":\"2026-09-05T03:53:55+00:00\",\"dateModified\":\"2026-09-04T13:57:50+00:00\",\"breadcrumb\":{\"@id\":\"https:\/\/vosgesinfo.fr\/remiremontinfo\/2026\/09\/rentree-paysanne-a-la-ferme-pierrat\/#breadcrumb\"},\"inLanguage\":\"fr-FR\",\"potentialAction\":[{\"@type\":\"ReadAction\",\"target\":[\"https:\/\/vosgesinfo.fr\/remiremontinfo\/2026\/09\/rentree-paysanne-a-la-ferme-pierrat\/\"]}]},{\"@type\":\"ImageObject\",\"inLanguage\":\"fr-FR\",\"@id\":\"https:\/\/vosgesinfo.fr\/remiremontinfo\/2026\/09\/rentree-paysanne-a-la-ferme-pierrat\/#primaryimage\",\"url\":\"https:\/\/vosgesinfo.fr\/app\/uploads\/sites\/5\/2026\/09\/brown-and-green-modern-qurban-animals-flash-sale-poster.jpg\",\"contentUrl\":\"https:\/\/vosgesinfo.fr\/app\/uploads\/sites\/5\/2026\/09\/brown-and-green-modern-qurban-animals-flash-sale-poster.jpg\",\"width\":1357,\"height\":1920},{\"@type\":\"BreadcrumbList\",\"@id\":\"https:\/\/vosgesinfo.fr\/remiremontinfo\/2026\/09\/rentree-paysanne-a-la-ferme-pierrat\/#breadcrumb\",\"itemListElement\":[{\"@type\":\"ListItem\",\"position\":1,\"name\":\"Home\",\"item\":\"https:\/\/vosgesinfo.fr\/remiremontinfo\/\"},{\"@type\":\"ListItem\",\"position\":2,\"name\":\"Rentr\u00e9e paysanne \u00e0 la ferme PIERRAT !\"}]},{\"@type\":\"WebSite\",\"@id\":\"https:\/\/vosgesinfo.fr\/remiremontinfo\/#website\",\"url\":\"https:\/\/vosgesinfo.fr\/remiremontinfo\/\",\"name\":\"Remiremont Info\",\"description\":\"Toute l&#039;actualit\u00e9 de Remiremont\",\"publisher\":{\"@id\":\"https:\/\/vosgesinfo.fr\/remiremontinfo\/#organization\"},\"alternateName\":\"Toute l'actualit\u00e9 de Remiremont\",\"potentialAction\":[{\"@type\":\"SearchAction\",\"target\":{\"@type\":\"EntryPoint\",\"urlTemplate\":\"https:\/\/vosgesinfo.fr\/remiremontinfo\/?s={search_term_string}\"},\"query-input\":\"required name=search_term_string\"}],\"inLanguage\":\"fr-FR\"},{\"@type\":\"Organization\",\"@id\":\"https:\/\/vosgesinfo.fr\/remiremontinfo\/#organization\",\"name\":\"Remiremont Info\",\"url\":\"https:\/\/vosgesinfo.fr\/remiremontinfo\/\",\"logo\":{\"@type\":\"ImageObject\",\"inLanguage\":\"fr-FR\",\"@id\":\"https:\/\/vosgesinfo.fr\/remiremontinfo\/#\/schema\/logo\/image\/\",\"url\":\"https:\/\/vosgesinfo.fr\/app\/uploads\/sites\/5\/2023\/08\/favicon-remiremontinfo.png\",\"contentUrl\":\"https:\/\/vosgesinfo.fr\/app\/uploads\/sites\/5\/2023\/08\/favicon-remiremontinfo.png\",\"width\":512,\"height\":512,\"caption\":\"Remiremont Info\"},\"image\":{\"@id\":\"https:\/\/vosgesinfo.fr\/remiremontinfo\/#\/schema\/logo\/image\/\"},\"sameAs\":[\"https:\/\/www.facebook.com\/remiremontinfo\",\"https:\/\/x.com\/VosgesInfo88\",\"https:\/\/www.youtube.com\/@vosgesinfo\"]},{\"@type\":\"Person\",\"@id\":\"https:\/\/vosgesinfo.fr\/remiremontinfo\/#\/schema\/person\/db5605779a843dad16b5368f3e7613a5\",\"name\":\"QG\",\"image\":{\"@type\":\"ImageObject\",\"inLanguage\":\"fr-FR\",\"@id\":\"https:\/\/vosgesinfo.fr\/remiremontinfo\/#\/schema\/person\/image\/\",\"url\":\"https:\/\/secure.gravatar.com\/avatar\/ea80c42c204b534408512832fde52504ecabb9706bcb6151cf6175e5b64e6793?s=96&d=mm&r=g\",\"contentUrl\":\"https:\/\/secure.gravatar.com\/avatar\/ea80c42c204b534408512832fde52504ecabb9706bcb6151cf6175e5b64e6793?s=96&d=mm&r=g\",\"caption\":\"QG\"},\"url\":\"https:\/\/vosgesinfo.fr\/remiremontinfo\/author\/quentin88\/\"}]}<\/script>\n<!-- \/ Yoast SEO plugin. -->","yoast_head_json":{"title":"Rentr\u00e9e paysanne \u00e0 la ferme PIERRAT ! - Remiremont Info","robots":{"index":"index","follow":"follow","max-snippet":"max-snippet:-1","max-image-preview":"max-image-preview:large","max-video-preview":"max-video-preview:-1"},"canonical":"https:\/\/vosgesinfo.fr\/remiremontinfo\/2026\/09\/rentree-paysanne-a-la-ferme-pierrat\/","twitter_card":"summary_large_image","twitter_title":"Rentr\u00e9e paysanne \u00e0 la ferme PIERRAT ! - Remiremont Info","twitter_description":"Communiqu\u00e9 \u00ab\u00a0Jeunes \u00e9leveurs et producteurs passionn\u00e9s, nous \u00e9levons \u00e0 750m d&rsquo;altitude, au c\u0153ur de la montagne Vosgienne du Haut du [&hellip;]","twitter_image":"https:\/\/vosgesinfo.fr\/app\/uploads\/sites\/5\/2026\/09\/brown-and-green-modern-qurban-animals-flash-sale-poster.jpg","twitter_creator":"@VosgesInfo88","twitter_site":"@VosgesInfo88","twitter_misc":{"\u00c9crit par":"QG","Dur\u00e9e de lecture estim\u00e9e":"2 minutes"},"schema":{"@context":"https:\/\/schema.org","@graph":[{"@type":"Article","@id":"https:\/\/vosgesinfo.fr\/remiremontinfo\/2026\/09\/rentree-paysanne-a-la-ferme-pierrat\/#article","isPartOf":{"@id":"https:\/\/vosgesinfo.fr\/remiremontinfo\/2026\/09\/rentree-paysanne-a-la-ferme-pierrat\/"},"author":{"name":"QG","@id":"https:\/\/vosgesinfo.fr\/remiremontinfo\/#\/schema\/person\/db5605779a843dad16b5368f3e7613a5"},"headline":"Rentr\u00e9e paysanne \u00e0 la ferme PIERRAT !","datePublished":"2026-09-05T03:53:55+00:00","dateModified":"2026-09-04T13:57:50+00:00","mainEntityOfPage":{"@id":"https:\/\/vosgesinfo.fr\/remiremontinfo\/2026\/09\/rentree-paysanne-a-la-ferme-pierrat\/"},"wordCount":239,"commentCount":0,"publisher":{"@id":"https:\/\/vosgesinfo.fr\/remiremontinfo\/#organization"},"image":{"@id":"https:\/\/vosgesinfo.fr\/remiremontinfo\/2026\/09\/rentree-paysanne-a-la-ferme-pierrat\/#primaryimage"},"thumbnailUrl":"https:\/\/vosgesinfo.fr\/app\/uploads\/sites\/5\/2026\/09\/brown-and-green-modern-qurban-animals-flash-sale-poster.jpg","keywords":["Ferme PIERRAT"],"articleSection":["A la Une","Agriculture","Gerardmer","Remiremont"],"inLanguage":"fr-FR","potentialAction":[{"@type":"CommentAction","name":"Comment","target":["https:\/\/vosgesinfo.fr\/remiremontinfo\/2026\/09\/rentree-paysanne-a-la-ferme-pierrat\/#respond"]}]},{"@type":"WebPage","@id":"https:\/\/vosgesinfo.fr\/remiremontinfo\/2026\/09\/rentree-paysanne-a-la-ferme-pierrat\/","url":"https:\/\/vosgesinfo.fr\/remiremontinfo\/2026\/09\/rentree-paysanne-a-la-ferme-pierrat\/","name":"Rentr\u00e9e paysanne \u00e0 la ferme PIERRAT ! - Remiremont Info","isPartOf":{"@id":"https:\/\/vosgesinfo.fr\/remiremontinfo\/#website"},"primaryImageOfPage":{"@id":"https:\/\/vosgesinfo.fr\/remiremontinfo\/2026\/09\/rentree-paysanne-a-la-ferme-pierrat\/#primaryimage"},"image":{"@id":"https:\/\/vosgesinfo.fr\/remiremontinfo\/2026\/09\/rentree-paysanne-a-la-ferme-pierrat\/#primaryimage"},"thumbnailUrl":"https:\/\/vosgesinfo.fr\/app\/uploads\/sites\/5\/2026\/09\/brown-and-green-modern-qurban-animals-flash-sale-poster.jpg","datePublished":"2026-09-05T03:53:55+00:00","dateModified":"2026-09-04T13:57:50+00:00","breadcrumb":{"@id":"https:\/\/vosgesinfo.fr\/remiremontinfo\/2026\/09\/rentree-paysanne-a-la-ferme-pierrat\/#breadcrumb"},"inLanguage":"fr-FR","potentialAction":[{"@type":"ReadAction","target":["https:\/\/vosgesinfo.fr\/remiremontinfo\/2026\/09\/rentree-paysanne-a-la-ferme-pierrat\/"]}]},{"@type":"ImageObject","inLanguage":"fr-FR","@id":"https:\/\/vosgesinfo.fr\/remiremontinfo\/2026\/09\/rentree-paysanne-a-la-ferme-pierrat\/#primaryimage","url":"https:\/\/vosgesinfo.fr\/app\/uploads\/sites\/5\/2026\/09\/brown-and-green-modern-qurban-animals-flash-sale-poster.jpg","contentUrl":"https:\/\/vosgesinfo.fr\/app\/uploads\/sites\/5\/2026\/09\/brown-and-green-modern-qurban-animals-flash-sale-poster.jpg","width":1357,"height":1920},{"@type":"BreadcrumbList","@id":"https:\/\/vosgesinfo.fr\/remiremontinfo\/2026\/09\/rentree-paysanne-a-la-ferme-pierrat\/#breadcrumb","itemListElement":[{"@type":"ListItem","position":1,"name":"Home","item":"https:\/\/vosgesinfo.fr\/remiremontinfo\/"},{"@type":"ListItem","position":2,"name":"Rentr\u00e9e paysanne \u00e0 la ferme PIERRAT !"}]},{"@type":"WebSite","@id":"https:\/\/vosgesinfo.fr\/remiremontinfo\/#website","url":"https:\/\/vosgesinfo.fr\/remiremontinfo\/","name":"Remiremont Info","description":"Toute l&#039;actualit\u00e9 de Remiremont","publisher":{"@id":"https:\/\/vosgesinfo.fr\/remiremontinfo\/#organization"},"alternateName":"Toute l'actualit\u00e9 de Remiremont","potentialAction":[{"@type":"SearchAction","target":{"@type":"EntryPoint","urlTemplate":"https:\/\/vosgesinfo.fr\/remiremontinfo\/?s={search_term_string}"},"query-input":"required name=search_term_string"}],"inLanguage":"fr-FR"},{"@type":"Organization","@id":"https:\/\/vosgesinfo.fr\/remiremontinfo\/#organization","name":"Remiremont Info","url":"https:\/\/vosgesinfo.fr\/remiremontinfo\/","logo":{"@type":"ImageObject","inLanguage":"fr-FR","@id":"https:\/\/vosgesinfo.fr\/remiremontinfo\/#\/schema\/logo\/image\/","url":"https:\/\/vosgesinfo.fr\/app\/uploads\/sites\/5\/2023\/08\/favicon-remiremontinfo.png","contentUrl":"https:\/\/vosgesinfo.fr\/app\/uploads\/sites\/5\/2023\/08\/favicon-remiremontinfo.png","width":512,"height":512,"caption":"Remiremont Info"},"image":{"@id":"https:\/\/vosgesinfo.fr\/remiremontinfo\/#\/schema\/logo\/image\/"},"sameAs":["https:\/\/www.facebook.com\/remiremontinfo","https:\/\/x.com\/VosgesInfo88","https:\/\/www.youtube.com\/@vosgesinfo"]},{"@type":"Person","@id":"https:\/\/vosgesinfo.fr\/remiremontinfo\/#\/schema\/person\/db5605779a843dad16b5368f3e7613a5","name":"QG","image":{"@type":"ImageObject","inLanguage":"fr-FR","@id":"https:\/\/vosgesinfo.fr\/remiremontinfo\/#\/schema\/person\/image\/","url":"https:\/\/secure.gravatar.com\/avatar\/ea80c42c204b534408512832fde52504ecabb9706bcb6151cf6175e5b64e6793?s=96&d=mm&r=g","contentUrl":"https:\/\/secure.gravatar.com\/avatar\/ea80c42c204b534408512832fde52504ecabb9706bcb6151cf6175e5b64e6793?s=96&d=mm&r=g","caption":"QG"},"url":"https:\/\/vosgesinfo.fr\/remiremontinfo\/author\/quentin88\/"}]}},"_links":{"self":[{"href":"https:\/\/vosgesinfo.fr\/remiremontinfo\/wp-json\/wp\/v2\/posts\/93676","targetHints":{"allow":["GET"]}}],"collection":[{"href":"https:\/\/vosgesinfo.fr\/remiremontinfo\/wp-json\/wp\/v2\/posts"}],"about":[{"href":"https:\/\/vosgesinfo.fr\/remiremontinfo\/wp-json\/wp\/v2\/types\/post"}],"author":[{"embeddable":true,"href":"https:\/\/vosgesinfo.fr\/remiremontinfo\/wp-json\/wp\/v2\/users\/42"}],"replies":[{"embeddable":true,"href":"https:\/\/vosgesinfo.fr\/remiremontinfo\/wp-json\/wp\/v2\/comments?post=93676"}],"version-history":[{"count":2,"href":"https:\/\/vosgesinfo.fr\/remiremontinfo\/wp-json\/wp\/v2\/posts\/93676\/revisions"}],"predecessor-version":[{"id":93679,"href":"https:\/\/vosgesinfo.fr\/remiremontinfo\/wp-json\/wp\/v2\/posts\/93676\/revisions\/93679"}],"wp:featuredmedia":[{"embeddable":true,"href":"https:\/\/vosgesinfo.fr\/remiremontinfo\/wp-json\/wp\/v2\/media\/93677"}],"wp:attachment":[{"href":"https:\/\/vosgesinfo.fr\/remiremontinfo\/wp-json\/wp\/v2\/media?parent=93676"}],"wp:term":[{"taxonomy":"category","embeddable":true,"href":"https:\/\/vosgesinfo.fr\/remiremontinfo\/wp-json\/wp\/v2\/categories?post=93676"},{"taxonomy":"post_tag","embeddable":true,"href":"https:\/\/vosgesinfo.fr\/remiremontinfo\/wp-json\/wp\/v2\/tags?post=93676"}],"curies":[{"name":"wp","href":"https:\/\/api.w.org\/{rel}","templated":true}]}}