{"id":93744,"date":"2026-09-06T17:48:32","date_gmt":"2026-09-06T15:48:32","guid":{"rendered":"https:\/\/vosgesinfo.fr\/remiremontinfo\/?p=93744"},"modified":"2026-09-06T17:48:32","modified_gmt":"2026-09-06T15:48:32","slug":"a-la-rencontre-dun-ecrivain-de-nos-montagnes","status":"publish","type":"post","link":"https:\/\/vosgesinfo.fr\/remiremontinfo\/2026\/09\/a-la-rencontre-dun-ecrivain-de-nos-montagnes\/","title":{"rendered":"\u00c0 la rencontre d\u2019un \u00e9crivain de nos montagnes"},"content":{"rendered":"<div id=\"attachment_93746\" style=\"width: 1034px\" class=\"wp-caption aligncenter\"><a href=\"https:\/\/vosgesinfo.fr\/app\/uploads\/sites\/5\/2026\/09\/dedicace-17.jpg\"><img decoding=\"async\" aria-describedby=\"caption-attachment-93746\" class=\"size-large wp-image-93746\" src=\"https:\/\/vosgesinfo.fr\/app\/uploads\/sites\/5\/2026\/09\/dedicace-17-1024x683.jpg\" alt=\"\" width=\"1024\" height=\"683\" srcset=\"https:\/\/vosgesinfo.fr\/app\/uploads\/sites\/5\/2026\/09\/dedicace-17-1024x683.jpg 1024w, https:\/\/vosgesinfo.fr\/app\/uploads\/sites\/5\/2026\/09\/dedicace-17-300x200.jpg 300w, https:\/\/vosgesinfo.fr\/app\/uploads\/sites\/5\/2026\/09\/dedicace-17-768x512.jpg 768w, https:\/\/vosgesinfo.fr\/app\/uploads\/sites\/5\/2026\/09\/dedicace-17-1536x1024.jpg 1536w, https:\/\/vosgesinfo.fr\/app\/uploads\/sites\/5\/2026\/09\/dedicace-17.jpg 1920w\" sizes=\"(max-width: 1024px) 100vw, 1024px\" \/><\/a><p id=\"caption-attachment-93746\" class=\"wp-caption-text\">Maud et Jean-Pierre G\u00e9hin<\/p><\/div>\n<p data-id=\"MLN1Ws\">Ce samedi matin, Jean-Pierre G\u00e9hin, que l\u2019on peut qualifier d\u2019\u00e9crivain de nos montagnes ou \u00e9crivain des hautes chaumes, s\u2019est pos\u00e9 sous les arcades, invit\u00e9 par Maud de la librairie \u00ab\u00a0Pause et Vous\u00a0\u00bb. \u00a0 Mais pourquoi le qualifier ainsi\u00a0? Simplement, pour ne pas dire logiquement, parce que l\u2019homme a quasiment pass\u00e9 toute sa vie sur La Bresse et que la majorit\u00e9 de ses romans ont un ancrage local fort et abordent des sujets parfois m\u00e9connus de l&rsquo;histoire vosgienne.<\/p>\n<p>L\u2019\u00e9crivain pr\u00e9sentait son dernier ouvrage, \u00ab\u00a0Culpa\u00a0\u00bb. Un roman, son neuvi\u00e8me ouvrage, qui m\u00eale deux genres qu\u2019il affectionne : le roman historique et le polar. L&rsquo;histoire \u00e0 la bataille du Hohneck nous entraine entre deux \u00e9poques charni\u00e8res et des probl\u00e9matiques historiques et actuelles.<\/p>\n<p><a href=\"https:\/\/vosgesinfo.fr\/app\/uploads\/sites\/5\/2026\/09\/dedicace-3.jpg\"><img decoding=\"async\" class=\"alignright size-medium wp-image-93747\" src=\"https:\/\/vosgesinfo.fr\/app\/uploads\/sites\/5\/2026\/09\/dedicace-3-300x200.jpg\" alt=\"\" width=\"300\" height=\"200\" srcset=\"https:\/\/vosgesinfo.fr\/app\/uploads\/sites\/5\/2026\/09\/dedicace-3-300x200.jpg 300w, https:\/\/vosgesinfo.fr\/app\/uploads\/sites\/5\/2026\/09\/dedicace-3-1024x683.jpg 1024w, https:\/\/vosgesinfo.fr\/app\/uploads\/sites\/5\/2026\/09\/dedicace-3-768x512.jpg 768w, https:\/\/vosgesinfo.fr\/app\/uploads\/sites\/5\/2026\/09\/dedicace-3-1536x1024.jpg 1536w, https:\/\/vosgesinfo.fr\/app\/uploads\/sites\/5\/2026\/09\/dedicace-3.jpg 1920w\" sizes=\"(max-width: 300px) 100vw, 300px\" \/><\/a>Il a \u00e9galement \u00e9crit 6 autres romans, une nouvelle humoristique : \u00a0\u00bb L\u2019auberge des deux versants \u00a0\u00bb et un guide historique intitul\u00e9 Rando-Guide historique : \u00a0\u00bb Marchez dans l&rsquo;histoire des Hautes-Chaumes \u00ab\u00a0. L\u2019une des originalit\u00e9s de ce guide est que pour chaque rando, il a pos\u00e9 lui-m\u00eame des panneaux indicateurs sur les sentiers qui renvoient au topo-guide.<\/p>\n<p>Un auteur \u00e0 d\u00e9couvrir imp\u00e9rativement si l\u2019on aime les Vosges, ses montagnes, sa culture et si l\u2019on aime d\u00e9couvrir l\u2019histoire m\u00e9connue ou l\u2019histoire r\u00e9tablie dans sa v\u00e9rit\u00e9. Un homme \u00e0 rencontrer aussi car, comme il le dit, \u00ab\u00a0l\u2019\u00e9criture est une activit\u00e9 solitaire qui prend tout son sens quand elle est partag\u00e9e\u00a0\u00bb. Quand la lecture ouvre \u00e0 la rencontre\u2026<\/p>\n<p data-id=\"jpWEPl\">\u00a0<strong>PM<\/strong><\/p>\n<div id=\"attachment_93745\" style=\"width: 1034px\" class=\"wp-caption alignright\"><a href=\"https:\/\/vosgesinfo.fr\/app\/uploads\/sites\/5\/2026\/09\/dedicace-6.jpg\"><img decoding=\"async\" aria-describedby=\"caption-attachment-93745\" class=\"size-large wp-image-93745\" src=\"https:\/\/vosgesinfo.fr\/app\/uploads\/sites\/5\/2026\/09\/dedicace-6-1024x683.jpg\" alt=\"\" width=\"1024\" height=\"683\" srcset=\"https:\/\/vosgesinfo.fr\/app\/uploads\/sites\/5\/2026\/09\/dedicace-6-1024x683.jpg 1024w, https:\/\/vosgesinfo.fr\/app\/uploads\/sites\/5\/2026\/09\/dedicace-6-300x200.jpg 300w, https:\/\/vosgesinfo.fr\/app\/uploads\/sites\/5\/2026\/09\/dedicace-6-768x512.jpg 768w, https:\/\/vosgesinfo.fr\/app\/uploads\/sites\/5\/2026\/09\/dedicace-6-1536x1024.jpg 1536w, https:\/\/vosgesinfo.fr\/app\/uploads\/sites\/5\/2026\/09\/dedicace-6.jpg 1920w\" sizes=\"(max-width: 1024px) 100vw, 1024px\" \/><\/a><p id=\"caption-attachment-93745\" class=\"wp-caption-text\">L&rsquo;\u00e9crivain devant quelques uns de ses ouvrages<\/p><\/div>\n","protected":false},"excerpt":{"rendered":"<p>Ce samedi matin, Jean-Pierre G\u00e9hin, que l\u2019on peut qualifier d\u2019\u00e9crivain de nos montagnes ou \u00e9crivain des hautes chaumes, s\u2019est pos\u00e9 [&hellip;]<\/p>\n","protected":false},"author":413,"featured_media":93745,"comment_status":"open","ping_status":"open","sticky":false,"template":"","format":"standard","meta":{"footnotes":""},"categories":[26,4,86,25,400,192,43,35],"tags":[10055,6703],"class_list":["post-93744","post","type-post","status-publish","format-standard","has-post-thumbnail","hentry","category-a-la-une","category-culture","category-histoire","category-la-bresse-son-canton","category-litterature","category-massif-vosgien","category-remiremont-remiremont-son-canton","category-remiremont-son-canton","tag-jean-pierre-gehin","tag-librairie-pause-et-vous"],"acf":[],"yoast_head":"<!-- This site is optimized with the Yoast SEO plugin v22.5 - https:\/\/yoast.com\/wordpress\/plugins\/seo\/ -->\n<title>\u00c0 la rencontre d\u2019un \u00e9crivain de nos montagnes - Remiremont Info<\/title>\n<meta name=\"robots\" content=\"index, follow, max-snippet:-1, max-image-preview:large, max-video-preview:-1\" \/>\n<link rel=\"canonical\" href=\"https:\/\/vosgesinfo.fr\/remiremontinfo\/?p=93744\" \/>\n<meta name=\"twitter:card\" content=\"summary_large_image\" \/>\n<meta name=\"twitter:title\" content=\"\u00c0 la rencontre d\u2019un \u00e9crivain de nos montagnes - Remiremont Info\" \/>\n<meta name=\"twitter:description\" content=\"Ce samedi matin, Jean-Pierre G\u00e9hin, que l\u2019on peut qualifier d\u2019\u00e9crivain de nos montagnes ou \u00e9crivain des hautes chaumes, s\u2019est pos\u00e9 [&hellip;]\" \/>\n<meta name=\"twitter:image\" content=\"https:\/\/vosgesinfo.fr\/app\/uploads\/sites\/5\/2026\/09\/dedicace-6.jpg\" \/>\n<meta name=\"twitter:creator\" content=\"@VosgesInfo88\" \/>\n<meta name=\"twitter:site\" content=\"@VosgesInfo88\" \/>\n<meta name=\"twitter:label1\" content=\"\u00c9crit par\" \/>\n\t<meta name=\"twitter:data1\" content=\"P.M\" \/>\n\t<meta name=\"twitter:label2\" content=\"Dur\u00e9e de lecture estim\u00e9e\" \/>\n\t<meta name=\"twitter:data2\" content=\"3 minutes\" \/>\n<script type=\"application\/ld+json\" class=\"yoast-schema-graph\">{\"@context\":\"https:\/\/schema.org\",\"@graph\":[{\"@type\":\"Article\",\"@id\":\"https:\/\/vosgesinfo.fr\/remiremontinfo\/?p=93744#article\",\"isPartOf\":{\"@id\":\"https:\/\/vosgesinfo.fr\/remiremontinfo\/?p=93744\"},\"author\":{\"name\":\"P.M\",\"@id\":\"https:\/\/vosgesinfo.fr\/remiremontinfo\/#\/schema\/person\/a6fd2dde36da20be3679f2058b94c5b8\"},\"headline\":\"\u00c0 la rencontre d\u2019un \u00e9crivain de nos montagnes\",\"datePublished\":\"2026-09-06T15:48:32+00:00\",\"dateModified\":\"2026-09-06T15:48:32+00:00\",\"mainEntityOfPage\":{\"@id\":\"https:\/\/vosgesinfo.fr\/remiremontinfo\/?p=93744\"},\"wordCount\":289,\"commentCount\":0,\"publisher\":{\"@id\":\"https:\/\/vosgesinfo.fr\/remiremontinfo\/#organization\"},\"image\":{\"@id\":\"https:\/\/vosgesinfo.fr\/remiremontinfo\/?p=93744#primaryimage\"},\"thumbnailUrl\":\"https:\/\/vosgesinfo.fr\/app\/uploads\/sites\/5\/2026\/09\/dedicace-6.jpg\",\"keywords\":[\"Jean-Pierre G\u00e9hin\",\"Librairie Pause et Vous\"],\"articleSection\":[\"A la Une\",\"Culture\",\"Histoire\",\"La Bresse &amp; son canton\",\"Litt\u00e9rature\",\"Massif vosgien\",\"Remiremont\",\"Remiremont &amp; son canton\"],\"inLanguage\":\"fr-FR\",\"potentialAction\":[{\"@type\":\"CommentAction\",\"name\":\"Comment\",\"target\":[\"https:\/\/vosgesinfo.fr\/remiremontinfo\/?p=93744#respond\"]}]},{\"@type\":\"WebPage\",\"@id\":\"https:\/\/vosgesinfo.fr\/remiremontinfo\/?p=93744\",\"url\":\"https:\/\/vosgesinfo.fr\/remiremontinfo\/?p=93744\",\"name\":\"\u00c0 la rencontre d\u2019un \u00e9crivain de nos montagnes - Remiremont Info\",\"isPartOf\":{\"@id\":\"https:\/\/vosgesinfo.fr\/remiremontinfo\/#website\"},\"primaryImageOfPage\":{\"@id\":\"https:\/\/vosgesinfo.fr\/remiremontinfo\/?p=93744#primaryimage\"},\"image\":{\"@id\":\"https:\/\/vosgesinfo.fr\/remiremontinfo\/?p=93744#primaryimage\"},\"thumbnailUrl\":\"https:\/\/vosgesinfo.fr\/app\/uploads\/sites\/5\/2026\/09\/dedicace-6.jpg\",\"datePublished\":\"2026-09-06T15:48:32+00:00\",\"dateModified\":\"2026-09-06T15:48:32+00:00\",\"breadcrumb\":{\"@id\":\"https:\/\/vosgesinfo.fr\/remiremontinfo\/?p=93744#breadcrumb\"},\"inLanguage\":\"fr-FR\",\"potentialAction\":[{\"@type\":\"ReadAction\",\"target\":[\"https:\/\/vosgesinfo.fr\/remiremontinfo\/?p=93744\"]}]},{\"@type\":\"ImageObject\",\"inLanguage\":\"fr-FR\",\"@id\":\"https:\/\/vosgesinfo.fr\/remiremontinfo\/?p=93744#primaryimage\",\"url\":\"https:\/\/vosgesinfo.fr\/app\/uploads\/sites\/5\/2026\/09\/dedicace-6.jpg\",\"contentUrl\":\"https:\/\/vosgesinfo.fr\/app\/uploads\/sites\/5\/2026\/09\/dedicace-6.jpg\",\"width\":1920,\"height\":1280,\"caption\":\"L'\u00e9crivain devant quelques uns de ses ouvrages\"},{\"@type\":\"BreadcrumbList\",\"@id\":\"https:\/\/vosgesinfo.fr\/remiremontinfo\/?p=93744#breadcrumb\",\"itemListElement\":[{\"@type\":\"ListItem\",\"position\":1,\"name\":\"Home\",\"item\":\"https:\/\/vosgesinfo.fr\/remiremontinfo\/\"},{\"@type\":\"ListItem\",\"position\":2,\"name\":\"\u00c0 la rencontre d\u2019un \u00e9crivain de nos montagnes\"}]},{\"@type\":\"WebSite\",\"@id\":\"https:\/\/vosgesinfo.fr\/remiremontinfo\/#website\",\"url\":\"https:\/\/vosgesinfo.fr\/remiremontinfo\/\",\"name\":\"Remiremont Info\",\"description\":\"Toute l&#039;actualit\u00e9 de Remiremont\",\"publisher\":{\"@id\":\"https:\/\/vosgesinfo.fr\/remiremontinfo\/#organization\"},\"alternateName\":\"Toute l'actualit\u00e9 de Remiremont\",\"potentialAction\":[{\"@type\":\"SearchAction\",\"target\":{\"@type\":\"EntryPoint\",\"urlTemplate\":\"https:\/\/vosgesinfo.fr\/remiremontinfo\/?s={search_term_string}\"},\"query-input\":\"required name=search_term_string\"}],\"inLanguage\":\"fr-FR\"},{\"@type\":\"Organization\",\"@id\":\"https:\/\/vosgesinfo.fr\/remiremontinfo\/#organization\",\"name\":\"Remiremont Info\",\"url\":\"https:\/\/vosgesinfo.fr\/remiremontinfo\/\",\"logo\":{\"@type\":\"ImageObject\",\"inLanguage\":\"fr-FR\",\"@id\":\"https:\/\/vosgesinfo.fr\/remiremontinfo\/#\/schema\/logo\/image\/\",\"url\":\"https:\/\/vosgesinfo.fr\/app\/uploads\/sites\/5\/2023\/08\/favicon-remiremontinfo.png\",\"contentUrl\":\"https:\/\/vosgesinfo.fr\/app\/uploads\/sites\/5\/2023\/08\/favicon-remiremontinfo.png\",\"width\":512,\"height\":512,\"caption\":\"Remiremont Info\"},\"image\":{\"@id\":\"https:\/\/vosgesinfo.fr\/remiremontinfo\/#\/schema\/logo\/image\/\"},\"sameAs\":[\"https:\/\/www.facebook.com\/remiremontinfo\",\"https:\/\/x.com\/VosgesInfo88\",\"https:\/\/www.youtube.com\/@vosgesinfo\"]},{\"@type\":\"Person\",\"@id\":\"https:\/\/vosgesinfo.fr\/remiremontinfo\/#\/schema\/person\/a6fd2dde36da20be3679f2058b94c5b8\",\"name\":\"P.M\",\"image\":{\"@type\":\"ImageObject\",\"inLanguage\":\"fr-FR\",\"@id\":\"https:\/\/vosgesinfo.fr\/remiremontinfo\/#\/schema\/person\/image\/\",\"url\":\"https:\/\/secure.gravatar.com\/avatar\/db38f6ef38bb165f6f4d352563f264129673ed4536984fbbcddf700bd12f8a9a?s=96&d=mm&r=g\",\"contentUrl\":\"https:\/\/secure.gravatar.com\/avatar\/db38f6ef38bb165f6f4d352563f264129673ed4536984fbbcddf700bd12f8a9a?s=96&d=mm&r=g\",\"caption\":\"P.M\"},\"url\":\"https:\/\/vosgesinfo.fr\/remiremontinfo\/author\/p-mangel88\/\"}]}<\/script>\n<!-- \/ Yoast SEO plugin. -->","yoast_head_json":{"title":"\u00c0 la rencontre d\u2019un \u00e9crivain de nos montagnes - Remiremont Info","robots":{"index":"index","follow":"follow","max-snippet":"max-snippet:-1","max-image-preview":"max-image-preview:large","max-video-preview":"max-video-preview:-1"},"canonical":"https:\/\/vosgesinfo.fr\/remiremontinfo\/?p=93744","twitter_card":"summary_large_image","twitter_title":"\u00c0 la rencontre d\u2019un \u00e9crivain de nos montagnes - Remiremont Info","twitter_description":"Ce samedi matin, Jean-Pierre G\u00e9hin, que l\u2019on peut qualifier d\u2019\u00e9crivain de nos montagnes ou \u00e9crivain des hautes chaumes, s\u2019est pos\u00e9 [&hellip;]","twitter_image":"https:\/\/vosgesinfo.fr\/app\/uploads\/sites\/5\/2026\/09\/dedicace-6.jpg","twitter_creator":"@VosgesInfo88","twitter_site":"@VosgesInfo88","twitter_misc":{"\u00c9crit par":"P.M","Dur\u00e9e de lecture estim\u00e9e":"3 minutes"},"schema":{"@context":"https:\/\/schema.org","@graph":[{"@type":"Article","@id":"https:\/\/vosgesinfo.fr\/remiremontinfo\/?p=93744#article","isPartOf":{"@id":"https:\/\/vosgesinfo.fr\/remiremontinfo\/?p=93744"},"author":{"name":"P.M","@id":"https:\/\/vosgesinfo.fr\/remiremontinfo\/#\/schema\/person\/a6fd2dde36da20be3679f2058b94c5b8"},"headline":"\u00c0 la rencontre d\u2019un \u00e9crivain de nos montagnes","datePublished":"2026-09-06T15:48:32+00:00","dateModified":"2026-09-06T15:48:32+00:00","mainEntityOfPage":{"@id":"https:\/\/vosgesinfo.fr\/remiremontinfo\/?p=93744"},"wordCount":289,"commentCount":0,"publisher":{"@id":"https:\/\/vosgesinfo.fr\/remiremontinfo\/#organization"},"image":{"@id":"https:\/\/vosgesinfo.fr\/remiremontinfo\/?p=93744#primaryimage"},"thumbnailUrl":"https:\/\/vosgesinfo.fr\/app\/uploads\/sites\/5\/2026\/09\/dedicace-6.jpg","keywords":["Jean-Pierre G\u00e9hin","Librairie Pause et Vous"],"articleSection":["A la Une","Culture","Histoire","La Bresse &amp; son canton","Litt\u00e9rature","Massif vosgien","Remiremont","Remiremont &amp; son canton"],"inLanguage":"fr-FR","potentialAction":[{"@type":"CommentAction","name":"Comment","target":["https:\/\/vosgesinfo.fr\/remiremontinfo\/?p=93744#respond"]}]},{"@type":"WebPage","@id":"https:\/\/vosgesinfo.fr\/remiremontinfo\/?p=93744","url":"https:\/\/vosgesinfo.fr\/remiremontinfo\/?p=93744","name":"\u00c0 la rencontre d\u2019un \u00e9crivain de nos montagnes - Remiremont Info","isPartOf":{"@id":"https:\/\/vosgesinfo.fr\/remiremontinfo\/#website"},"primaryImageOfPage":{"@id":"https:\/\/vosgesinfo.fr\/remiremontinfo\/?p=93744#primaryimage"},"image":{"@id":"https:\/\/vosgesinfo.fr\/remiremontinfo\/?p=93744#primaryimage"},"thumbnailUrl":"https:\/\/vosgesinfo.fr\/app\/uploads\/sites\/5\/2026\/09\/dedicace-6.jpg","datePublished":"2026-09-06T15:48:32+00:00","dateModified":"2026-09-06T15:48:32+00:00","breadcrumb":{"@id":"https:\/\/vosgesinfo.fr\/remiremontinfo\/?p=93744#breadcrumb"},"inLanguage":"fr-FR","potentialAction":[{"@type":"ReadAction","target":["https:\/\/vosgesinfo.fr\/remiremontinfo\/?p=93744"]}]},{"@type":"ImageObject","inLanguage":"fr-FR","@id":"https:\/\/vosgesinfo.fr\/remiremontinfo\/?p=93744#primaryimage","url":"https:\/\/vosgesinfo.fr\/app\/uploads\/sites\/5\/2026\/09\/dedicace-6.jpg","contentUrl":"https:\/\/vosgesinfo.fr\/app\/uploads\/sites\/5\/2026\/09\/dedicace-6.jpg","width":1920,"height":1280,"caption":"L'\u00e9crivain devant quelques uns de ses ouvrages"},{"@type":"BreadcrumbList","@id":"https:\/\/vosgesinfo.fr\/remiremontinfo\/?p=93744#breadcrumb","itemListElement":[{"@type":"ListItem","position":1,"name":"Home","item":"https:\/\/vosgesinfo.fr\/remiremontinfo\/"},{"@type":"ListItem","position":2,"name":"\u00c0 la rencontre d\u2019un \u00e9crivain de nos montagnes"}]},{"@type":"WebSite","@id":"https:\/\/vosgesinfo.fr\/remiremontinfo\/#website","url":"https:\/\/vosgesinfo.fr\/remiremontinfo\/","name":"Remiremont Info","description":"Toute l&#039;actualit\u00e9 de Remiremont","publisher":{"@id":"https:\/\/vosgesinfo.fr\/remiremontinfo\/#organization"},"alternateName":"Toute l'actualit\u00e9 de Remiremont","potentialAction":[{"@type":"SearchAction","target":{"@type":"EntryPoint","urlTemplate":"https:\/\/vosgesinfo.fr\/remiremontinfo\/?s={search_term_string}"},"query-input":"required name=search_term_string"}],"inLanguage":"fr-FR"},{"@type":"Organization","@id":"https:\/\/vosgesinfo.fr\/remiremontinfo\/#organization","name":"Remiremont Info","url":"https:\/\/vosgesinfo.fr\/remiremontinfo\/","logo":{"@type":"ImageObject","inLanguage":"fr-FR","@id":"https:\/\/vosgesinfo.fr\/remiremontinfo\/#\/schema\/logo\/image\/","url":"https:\/\/vosgesinfo.fr\/app\/uploads\/sites\/5\/2023\/08\/favicon-remiremontinfo.png","contentUrl":"https:\/\/vosgesinfo.fr\/app\/uploads\/sites\/5\/2023\/08\/favicon-remiremontinfo.png","width":512,"height":512,"caption":"Remiremont Info"},"image":{"@id":"https:\/\/vosgesinfo.fr\/remiremontinfo\/#\/schema\/logo\/image\/"},"sameAs":["https:\/\/www.facebook.com\/remiremontinfo","https:\/\/x.com\/VosgesInfo88","https:\/\/www.youtube.com\/@vosgesinfo"]},{"@type":"Person","@id":"https:\/\/vosgesinfo.fr\/remiremontinfo\/#\/schema\/person\/a6fd2dde36da20be3679f2058b94c5b8","name":"P.M","image":{"@type":"ImageObject","inLanguage":"fr-FR","@id":"https:\/\/vosgesinfo.fr\/remiremontinfo\/#\/schema\/person\/image\/","url":"https:\/\/secure.gravatar.com\/avatar\/db38f6ef38bb165f6f4d352563f264129673ed4536984fbbcddf700bd12f8a9a?s=96&d=mm&r=g","contentUrl":"https:\/\/secure.gravatar.com\/avatar\/db38f6ef38bb165f6f4d352563f264129673ed4536984fbbcddf700bd12f8a9a?s=96&d=mm&r=g","caption":"P.M"},"url":"https:\/\/vosgesinfo.fr\/remiremontinfo\/author\/p-mangel88\/"}]}},"_links":{"self":[{"href":"https:\/\/vosgesinfo.fr\/remiremontinfo\/wp-json\/wp\/v2\/posts\/93744","targetHints":{"allow":["GET"]}}],"collection":[{"href":"https:\/\/vosgesinfo.fr\/remiremontinfo\/wp-json\/wp\/v2\/posts"}],"about":[{"href":"https:\/\/vosgesinfo.fr\/remiremontinfo\/wp-json\/wp\/v2\/types\/post"}],"author":[{"embeddable":true,"href":"https:\/\/vosgesinfo.fr\/remiremontinfo\/wp-json\/wp\/v2\/users\/413"}],"replies":[{"embeddable":true,"href":"https:\/\/vosgesinfo.fr\/remiremontinfo\/wp-json\/wp\/v2\/comments?post=93744"}],"version-history":[{"count":2,"href":"https:\/\/vosgesinfo.fr\/remiremontinfo\/wp-json\/wp\/v2\/posts\/93744\/revisions"}],"predecessor-version":[{"id":93749,"href":"https:\/\/vosgesinfo.fr\/remiremontinfo\/wp-json\/wp\/v2\/posts\/93744\/revisions\/93749"}],"wp:featuredmedia":[{"embeddable":true,"href":"https:\/\/vosgesinfo.fr\/remiremontinfo\/wp-json\/wp\/v2\/media\/93745"}],"wp:attachment":[{"href":"https:\/\/vosgesinfo.fr\/remiremontinfo\/wp-json\/wp\/v2\/media?parent=93744"}],"wp:term":[{"taxonomy":"category","embeddable":true,"href":"https:\/\/vosgesinfo.fr\/remiremontinfo\/wp-json\/wp\/v2\/categories?post=93744"},{"taxonomy":"post_tag","embeddable":true,"href":"https:\/\/vosgesinfo.fr\/remiremontinfo\/wp-json\/wp\/v2\/tags?post=93744"}],"curies":[{"name":"wp","href":"https:\/\/api.w.org\/{rel}","templated":true}]}}