{"id":9699,"date":"2019-01-07T12:19:37","date_gmt":"2019-01-07T11:19:37","guid":{"rendered":"https:\/\/vosgesinfo.fr\/remiremontinfo\/2019\/01\/bresse-deces-de-monsieur-elie-richaud\/"},"modified":"2019-01-07T12:19:37","modified_gmt":"2019-01-07T11:19:37","slug":"bresse-deces-de-monsieur-elie-richaud","status":"publish","type":"post","link":"https:\/\/vosgesinfo.fr\/remiremontinfo\/2019\/01\/bresse-deces-de-monsieur-elie-richaud\/","title":{"rendered":"La Bresse &#8211; D\u00e9c\u00e8s de Monsieur Elie RICHAUD"},"content":{"rendered":"<div class=\"copy-paste-block\">\n<div class=\"block-notice-html clearfix\">\n<p style=\"text-align: center;\"><strong>LA BRESSE<\/strong><\/p>\n<p style=\"text-align: center;\"><strong>MIRABEL ET BLACONS (26)<\/strong><\/p>\n<p>Marguerite RICHAUD, Guitou, son \u00e9pouse ;<\/p>\n<p>Daniel et Anne RICHAUD,<\/p>\n<p>H\u00e9l\u00e8ne REBOH (\u2020),<\/p>\n<p>Monique et Michel BAILLY,<\/p>\n<p>Jean-Louis et Sabine RICHAUD,<\/p>\n<p>Ses enfants et leurs conjoints ;<\/p>\n<p>Nicolas et Laury, Sophie et Laurent, Jean-Baptiste, Paul,<\/p>\n<p>Magalie, Laetitia, Vincent, Louise, Romain, Audrey, Noelle, ses petits-enfants ;<\/p>\n<p>Emma, Samuel, ses arri\u00e8re petits-enfants ;<\/p>\n<p>Toute la famille et ses amis ;<a href=\"http:\/\/remiremontinfo.fr\/2018\/12\/fressemoselle-deces-de-monsieur-jean-louis-germain\/avis-de-deces-400x120\/\" rel=\"attachment wp-att-126922\"><img decoding=\"async\" class=\"aligncenter size-full wp-image-126922\" src=\"\/2016\/01\/avis-de-d\u00e9c\u00e8s-400x120.jpg\" alt=\"avis-de-d\u00e9c\u00e8s-400x120\" width=\"400\" height=\"120\" \/><\/a><\/p>\n<p>Ont la douleur de vous faire part du d\u00e9c\u00e8s de<\/p>\n<\/div>\n<h3 class=\"block-notice-name\">Monsieur Elie <strong>RICHAUD<\/strong><\/h3>\n<div class=\"block-notice-html\">\n<p>Survenu le 4 janvier 2019, \u00e0 l\u2019\u00e2ge de 90 ans.<\/p>\n<p>Pour ceux qui souhaitent lui rendre un dernier hommage,<\/p>\n<p>Elie repose \u00e0 la chambre fun\u00e9raire de La Bresse, salon A,<\/p>\n<p>O\u00f9 la famille re\u00e7oit de 10h30 \u00e0 12h et de 16h \u00e0 18h30,<\/p>\n<p>Jusqu\u2019\u00e0 mardi.<\/p>\n<p><b>La c\u00e9r\u00e9monie religieuse, ainsi que l\u2019enterrement,<\/b><\/p>\n<p><b>Auront lieu \u00e0 MIRABEL ET BLACONS, dans la Dr\u00f4me,<\/b><\/p>\n<p><b>Le Vendredi 11 janvier \u00e0 9h30.<\/b><\/p>\n<p>La famille remercie par avance toutes les personnes qui prendront part \u00e0 sa peine,<\/p>\n<p>\u00e9galement le personnel des ADMR et les infirmi\u00e8res qui ont entour\u00e9 Elie,<\/p>\n<p>ces derni\u00e8res ann\u00e9es.<\/p>\n<p>Vous pouvez d\u00e9poser vos messages de condol\u00e9ances sur ce site<\/p>\n<p>Pompes Fun\u00e8bres MANGEL<\/p>\n<p>88310 CORNIMONT<\/p>\n<p>88160 LE THILLOT<\/p>\n<p><a href=\"http:\/\/www.pf-mangel.fr\" target=\"blank\" rel=\"noopener\">www.pf-mangel.fr<\/a><\/p>\n<\/div>\n<\/div>\n","protected":false},"excerpt":{"rendered":"<p>LA BRESSE MIRABEL ET BLACONS (26) Marguerite RICHAUD, Guitou, son \u00e9pouse ; Daniel et Anne RICHAUD, H\u00e9l\u00e8ne REBOH (\u2020), Monique [&hellip;]<\/p>\n","protected":false},"author":39,"featured_media":9700,"comment_status":"open","ping_status":"open","sticky":false,"template":"","format":"standard","meta":{"footnotes":""},"categories":[162],"tags":[],"class_list":["post-9699","post","type-post","status-publish","format-standard","has-post-thumbnail","hentry","category-avis-de-deces"],"acf":[],"yoast_head":"<!-- This site is optimized with the Yoast SEO plugin v22.5 - https:\/\/yoast.com\/wordpress\/plugins\/seo\/ -->\n<title>La Bresse - D\u00e9c\u00e8s de Monsieur Elie RICHAUD - Remiremont Info<\/title>\n<meta name=\"robots\" content=\"index, follow, max-snippet:-1, max-image-preview:large, max-video-preview:-1\" \/>\n<link rel=\"canonical\" href=\"https:\/\/vosgesinfo.fr\/remiremontinfo\/2019\/01\/bresse-deces-de-monsieur-elie-richaud\/\" \/>\n<meta name=\"twitter:card\" content=\"summary_large_image\" \/>\n<meta name=\"twitter:title\" content=\"La Bresse - D\u00e9c\u00e8s de Monsieur Elie RICHAUD - Remiremont Info\" \/>\n<meta name=\"twitter:description\" content=\"LA BRESSE MIRABEL ET BLACONS (26) Marguerite RICHAUD, Guitou, son \u00e9pouse ; Daniel et Anne RICHAUD, H\u00e9l\u00e8ne REBOH (\u2020), Monique [&hellip;]\" \/>\n<meta name=\"twitter:image\" content=\"https:\/\/vosgesinfo.fr\/app\/uploads\/sites\/5\/2024\/09\/201601avis-de-deces.jpg\" \/>\n<meta name=\"twitter:creator\" content=\"@VosgesInfo88\" \/>\n<meta name=\"twitter:site\" content=\"@VosgesInfo88\" \/>\n<meta name=\"twitter:label1\" content=\"\u00c9crit par\" \/>\n\t<meta name=\"twitter:data1\" content=\"Phj\" \/>\n\t<meta name=\"twitter:label2\" content=\"Dur\u00e9e de lecture estim\u00e9e\" \/>\n\t<meta name=\"twitter:data2\" content=\"1 minute\" \/>\n<script type=\"application\/ld+json\" class=\"yoast-schema-graph\">{\"@context\":\"https:\/\/schema.org\",\"@graph\":[{\"@type\":\"Article\",\"@id\":\"https:\/\/vosgesinfo.fr\/remiremontinfo\/2019\/01\/bresse-deces-de-monsieur-elie-richaud\/#article\",\"isPartOf\":{\"@id\":\"https:\/\/vosgesinfo.fr\/remiremontinfo\/2019\/01\/bresse-deces-de-monsieur-elie-richaud\/\"},\"author\":{\"name\":\"Phj\",\"@id\":\"https:\/\/vosgesinfo.fr\/remiremontinfo\/#\/schema\/person\/4f57dc393faf2ac8b9f1cab30ad79250\"},\"headline\":\"La Bresse &#8211; D\u00e9c\u00e8s de Monsieur Elie RICHAUD\",\"datePublished\":\"2019-01-07T11:19:37+00:00\",\"dateModified\":\"2019-01-07T11:19:37+00:00\",\"mainEntityOfPage\":{\"@id\":\"https:\/\/vosgesinfo.fr\/remiremontinfo\/2019\/01\/bresse-deces-de-monsieur-elie-richaud\/\"},\"wordCount\":201,\"commentCount\":0,\"publisher\":{\"@id\":\"https:\/\/vosgesinfo.fr\/remiremontinfo\/#organization\"},\"image\":{\"@id\":\"https:\/\/vosgesinfo.fr\/remiremontinfo\/2019\/01\/bresse-deces-de-monsieur-elie-richaud\/#primaryimage\"},\"thumbnailUrl\":\"https:\/\/vosgesinfo.fr\/app\/uploads\/sites\/5\/2024\/09\/201601avis-de-deces.jpg\",\"articleSection\":[\"Avis de d\u00e9c\u00e8s\"],\"inLanguage\":\"fr-FR\",\"potentialAction\":[{\"@type\":\"CommentAction\",\"name\":\"Comment\",\"target\":[\"https:\/\/vosgesinfo.fr\/remiremontinfo\/2019\/01\/bresse-deces-de-monsieur-elie-richaud\/#respond\"]}]},{\"@type\":\"WebPage\",\"@id\":\"https:\/\/vosgesinfo.fr\/remiremontinfo\/2019\/01\/bresse-deces-de-monsieur-elie-richaud\/\",\"url\":\"https:\/\/vosgesinfo.fr\/remiremontinfo\/2019\/01\/bresse-deces-de-monsieur-elie-richaud\/\",\"name\":\"La Bresse - D\u00e9c\u00e8s de Monsieur Elie RICHAUD - Remiremont Info\",\"isPartOf\":{\"@id\":\"https:\/\/vosgesinfo.fr\/remiremontinfo\/#website\"},\"primaryImageOfPage\":{\"@id\":\"https:\/\/vosgesinfo.fr\/remiremontinfo\/2019\/01\/bresse-deces-de-monsieur-elie-richaud\/#primaryimage\"},\"image\":{\"@id\":\"https:\/\/vosgesinfo.fr\/remiremontinfo\/2019\/01\/bresse-deces-de-monsieur-elie-richaud\/#primaryimage\"},\"thumbnailUrl\":\"https:\/\/vosgesinfo.fr\/app\/uploads\/sites\/5\/2024\/09\/201601avis-de-deces.jpg\",\"datePublished\":\"2019-01-07T11:19:37+00:00\",\"dateModified\":\"2019-01-07T11:19:37+00:00\",\"breadcrumb\":{\"@id\":\"https:\/\/vosgesinfo.fr\/remiremontinfo\/2019\/01\/bresse-deces-de-monsieur-elie-richaud\/#breadcrumb\"},\"inLanguage\":\"fr-FR\",\"potentialAction\":[{\"@type\":\"ReadAction\",\"target\":[\"https:\/\/vosgesinfo.fr\/remiremontinfo\/2019\/01\/bresse-deces-de-monsieur-elie-richaud\/\"]}]},{\"@type\":\"ImageObject\",\"inLanguage\":\"fr-FR\",\"@id\":\"https:\/\/vosgesinfo.fr\/remiremontinfo\/2019\/01\/bresse-deces-de-monsieur-elie-richaud\/#primaryimage\",\"url\":\"https:\/\/vosgesinfo.fr\/app\/uploads\/sites\/5\/2024\/09\/201601avis-de-deces.jpg\",\"contentUrl\":\"https:\/\/vosgesinfo.fr\/app\/uploads\/sites\/5\/2024\/09\/201601avis-de-deces.jpg\",\"width\":418,\"height\":120},{\"@type\":\"BreadcrumbList\",\"@id\":\"https:\/\/vosgesinfo.fr\/remiremontinfo\/2019\/01\/bresse-deces-de-monsieur-elie-richaud\/#breadcrumb\",\"itemListElement\":[{\"@type\":\"ListItem\",\"position\":1,\"name\":\"Home\",\"item\":\"https:\/\/vosgesinfo.fr\/remiremontinfo\/\"},{\"@type\":\"ListItem\",\"position\":2,\"name\":\"La Bresse &#8211; D\u00e9c\u00e8s de Monsieur Elie RICHAUD\"}]},{\"@type\":\"WebSite\",\"@id\":\"https:\/\/vosgesinfo.fr\/remiremontinfo\/#website\",\"url\":\"https:\/\/vosgesinfo.fr\/remiremontinfo\/\",\"name\":\"Remiremont Info\",\"description\":\"Toute l&#039;actualit\u00e9 de Remiremont\",\"publisher\":{\"@id\":\"https:\/\/vosgesinfo.fr\/remiremontinfo\/#organization\"},\"alternateName\":\"Toute l'actualit\u00e9 de Remiremont\",\"potentialAction\":[{\"@type\":\"SearchAction\",\"target\":{\"@type\":\"EntryPoint\",\"urlTemplate\":\"https:\/\/vosgesinfo.fr\/remiremontinfo\/?s={search_term_string}\"},\"query-input\":\"required name=search_term_string\"}],\"inLanguage\":\"fr-FR\"},{\"@type\":\"Organization\",\"@id\":\"https:\/\/vosgesinfo.fr\/remiremontinfo\/#organization\",\"name\":\"Remiremont Info\",\"url\":\"https:\/\/vosgesinfo.fr\/remiremontinfo\/\",\"logo\":{\"@type\":\"ImageObject\",\"inLanguage\":\"fr-FR\",\"@id\":\"https:\/\/vosgesinfo.fr\/remiremontinfo\/#\/schema\/logo\/image\/\",\"url\":\"https:\/\/vosgesinfo.fr\/app\/uploads\/sites\/5\/2023\/08\/favicon-remiremontinfo.png\",\"contentUrl\":\"https:\/\/vosgesinfo.fr\/app\/uploads\/sites\/5\/2023\/08\/favicon-remiremontinfo.png\",\"width\":512,\"height\":512,\"caption\":\"Remiremont Info\"},\"image\":{\"@id\":\"https:\/\/vosgesinfo.fr\/remiremontinfo\/#\/schema\/logo\/image\/\"},\"sameAs\":[\"https:\/\/www.facebook.com\/remiremontinfo\",\"https:\/\/x.com\/VosgesInfo88\",\"https:\/\/www.youtube.com\/@vosgesinfo\"]},{\"@type\":\"Person\",\"@id\":\"https:\/\/vosgesinfo.fr\/remiremontinfo\/#\/schema\/person\/4f57dc393faf2ac8b9f1cab30ad79250\",\"name\":\"Phj\",\"image\":{\"@type\":\"ImageObject\",\"inLanguage\":\"fr-FR\",\"@id\":\"https:\/\/vosgesinfo.fr\/remiremontinfo\/#\/schema\/person\/image\/\",\"url\":\"https:\/\/secure.gravatar.com\/avatar\/ada60265080fb9a89c9809bf0abb1f448a128cb85db1c08905baa5038fbe3cfe?s=96&d=mm&r=g\",\"contentUrl\":\"https:\/\/secure.gravatar.com\/avatar\/ada60265080fb9a89c9809bf0abb1f448a128cb85db1c08905baa5038fbe3cfe?s=96&d=mm&r=g\",\"caption\":\"Phj\"},\"url\":\"https:\/\/vosgesinfo.fr\/remiremontinfo\/author\/phj\/\"}]}<\/script>\n<!-- \/ Yoast SEO plugin. -->","yoast_head_json":{"title":"La Bresse - D\u00e9c\u00e8s de Monsieur Elie RICHAUD - Remiremont Info","robots":{"index":"index","follow":"follow","max-snippet":"max-snippet:-1","max-image-preview":"max-image-preview:large","max-video-preview":"max-video-preview:-1"},"canonical":"https:\/\/vosgesinfo.fr\/remiremontinfo\/2019\/01\/bresse-deces-de-monsieur-elie-richaud\/","twitter_card":"summary_large_image","twitter_title":"La Bresse - D\u00e9c\u00e8s de Monsieur Elie RICHAUD - Remiremont Info","twitter_description":"LA BRESSE MIRABEL ET BLACONS (26) Marguerite RICHAUD, Guitou, son \u00e9pouse ; Daniel et Anne RICHAUD, H\u00e9l\u00e8ne REBOH (\u2020), Monique [&hellip;]","twitter_image":"https:\/\/vosgesinfo.fr\/app\/uploads\/sites\/5\/2024\/09\/201601avis-de-deces.jpg","twitter_creator":"@VosgesInfo88","twitter_site":"@VosgesInfo88","twitter_misc":{"\u00c9crit par":"Phj","Dur\u00e9e de lecture estim\u00e9e":"1 minute"},"schema":{"@context":"https:\/\/schema.org","@graph":[{"@type":"Article","@id":"https:\/\/vosgesinfo.fr\/remiremontinfo\/2019\/01\/bresse-deces-de-monsieur-elie-richaud\/#article","isPartOf":{"@id":"https:\/\/vosgesinfo.fr\/remiremontinfo\/2019\/01\/bresse-deces-de-monsieur-elie-richaud\/"},"author":{"name":"Phj","@id":"https:\/\/vosgesinfo.fr\/remiremontinfo\/#\/schema\/person\/4f57dc393faf2ac8b9f1cab30ad79250"},"headline":"La Bresse &#8211; D\u00e9c\u00e8s de Monsieur Elie RICHAUD","datePublished":"2019-01-07T11:19:37+00:00","dateModified":"2019-01-07T11:19:37+00:00","mainEntityOfPage":{"@id":"https:\/\/vosgesinfo.fr\/remiremontinfo\/2019\/01\/bresse-deces-de-monsieur-elie-richaud\/"},"wordCount":201,"commentCount":0,"publisher":{"@id":"https:\/\/vosgesinfo.fr\/remiremontinfo\/#organization"},"image":{"@id":"https:\/\/vosgesinfo.fr\/remiremontinfo\/2019\/01\/bresse-deces-de-monsieur-elie-richaud\/#primaryimage"},"thumbnailUrl":"https:\/\/vosgesinfo.fr\/app\/uploads\/sites\/5\/2024\/09\/201601avis-de-deces.jpg","articleSection":["Avis de d\u00e9c\u00e8s"],"inLanguage":"fr-FR","potentialAction":[{"@type":"CommentAction","name":"Comment","target":["https:\/\/vosgesinfo.fr\/remiremontinfo\/2019\/01\/bresse-deces-de-monsieur-elie-richaud\/#respond"]}]},{"@type":"WebPage","@id":"https:\/\/vosgesinfo.fr\/remiremontinfo\/2019\/01\/bresse-deces-de-monsieur-elie-richaud\/","url":"https:\/\/vosgesinfo.fr\/remiremontinfo\/2019\/01\/bresse-deces-de-monsieur-elie-richaud\/","name":"La Bresse - D\u00e9c\u00e8s de Monsieur Elie RICHAUD - Remiremont Info","isPartOf":{"@id":"https:\/\/vosgesinfo.fr\/remiremontinfo\/#website"},"primaryImageOfPage":{"@id":"https:\/\/vosgesinfo.fr\/remiremontinfo\/2019\/01\/bresse-deces-de-monsieur-elie-richaud\/#primaryimage"},"image":{"@id":"https:\/\/vosgesinfo.fr\/remiremontinfo\/2019\/01\/bresse-deces-de-monsieur-elie-richaud\/#primaryimage"},"thumbnailUrl":"https:\/\/vosgesinfo.fr\/app\/uploads\/sites\/5\/2024\/09\/201601avis-de-deces.jpg","datePublished":"2019-01-07T11:19:37+00:00","dateModified":"2019-01-07T11:19:37+00:00","breadcrumb":{"@id":"https:\/\/vosgesinfo.fr\/remiremontinfo\/2019\/01\/bresse-deces-de-monsieur-elie-richaud\/#breadcrumb"},"inLanguage":"fr-FR","potentialAction":[{"@type":"ReadAction","target":["https:\/\/vosgesinfo.fr\/remiremontinfo\/2019\/01\/bresse-deces-de-monsieur-elie-richaud\/"]}]},{"@type":"ImageObject","inLanguage":"fr-FR","@id":"https:\/\/vosgesinfo.fr\/remiremontinfo\/2019\/01\/bresse-deces-de-monsieur-elie-richaud\/#primaryimage","url":"https:\/\/vosgesinfo.fr\/app\/uploads\/sites\/5\/2024\/09\/201601avis-de-deces.jpg","contentUrl":"https:\/\/vosgesinfo.fr\/app\/uploads\/sites\/5\/2024\/09\/201601avis-de-deces.jpg","width":418,"height":120},{"@type":"BreadcrumbList","@id":"https:\/\/vosgesinfo.fr\/remiremontinfo\/2019\/01\/bresse-deces-de-monsieur-elie-richaud\/#breadcrumb","itemListElement":[{"@type":"ListItem","position":1,"name":"Home","item":"https:\/\/vosgesinfo.fr\/remiremontinfo\/"},{"@type":"ListItem","position":2,"name":"La Bresse &#8211; D\u00e9c\u00e8s de Monsieur Elie RICHAUD"}]},{"@type":"WebSite","@id":"https:\/\/vosgesinfo.fr\/remiremontinfo\/#website","url":"https:\/\/vosgesinfo.fr\/remiremontinfo\/","name":"Remiremont Info","description":"Toute l&#039;actualit\u00e9 de Remiremont","publisher":{"@id":"https:\/\/vosgesinfo.fr\/remiremontinfo\/#organization"},"alternateName":"Toute l'actualit\u00e9 de Remiremont","potentialAction":[{"@type":"SearchAction","target":{"@type":"EntryPoint","urlTemplate":"https:\/\/vosgesinfo.fr\/remiremontinfo\/?s={search_term_string}"},"query-input":"required name=search_term_string"}],"inLanguage":"fr-FR"},{"@type":"Organization","@id":"https:\/\/vosgesinfo.fr\/remiremontinfo\/#organization","name":"Remiremont Info","url":"https:\/\/vosgesinfo.fr\/remiremontinfo\/","logo":{"@type":"ImageObject","inLanguage":"fr-FR","@id":"https:\/\/vosgesinfo.fr\/remiremontinfo\/#\/schema\/logo\/image\/","url":"https:\/\/vosgesinfo.fr\/app\/uploads\/sites\/5\/2023\/08\/favicon-remiremontinfo.png","contentUrl":"https:\/\/vosgesinfo.fr\/app\/uploads\/sites\/5\/2023\/08\/favicon-remiremontinfo.png","width":512,"height":512,"caption":"Remiremont Info"},"image":{"@id":"https:\/\/vosgesinfo.fr\/remiremontinfo\/#\/schema\/logo\/image\/"},"sameAs":["https:\/\/www.facebook.com\/remiremontinfo","https:\/\/x.com\/VosgesInfo88","https:\/\/www.youtube.com\/@vosgesinfo"]},{"@type":"Person","@id":"https:\/\/vosgesinfo.fr\/remiremontinfo\/#\/schema\/person\/4f57dc393faf2ac8b9f1cab30ad79250","name":"Phj","image":{"@type":"ImageObject","inLanguage":"fr-FR","@id":"https:\/\/vosgesinfo.fr\/remiremontinfo\/#\/schema\/person\/image\/","url":"https:\/\/secure.gravatar.com\/avatar\/ada60265080fb9a89c9809bf0abb1f448a128cb85db1c08905baa5038fbe3cfe?s=96&d=mm&r=g","contentUrl":"https:\/\/secure.gravatar.com\/avatar\/ada60265080fb9a89c9809bf0abb1f448a128cb85db1c08905baa5038fbe3cfe?s=96&d=mm&r=g","caption":"Phj"},"url":"https:\/\/vosgesinfo.fr\/remiremontinfo\/author\/phj\/"}]}},"_links":{"self":[{"href":"https:\/\/vosgesinfo.fr\/remiremontinfo\/wp-json\/wp\/v2\/posts\/9699","targetHints":{"allow":["GET"]}}],"collection":[{"href":"https:\/\/vosgesinfo.fr\/remiremontinfo\/wp-json\/wp\/v2\/posts"}],"about":[{"href":"https:\/\/vosgesinfo.fr\/remiremontinfo\/wp-json\/wp\/v2\/types\/post"}],"author":[{"embeddable":true,"href":"https:\/\/vosgesinfo.fr\/remiremontinfo\/wp-json\/wp\/v2\/users\/39"}],"replies":[{"embeddable":true,"href":"https:\/\/vosgesinfo.fr\/remiremontinfo\/wp-json\/wp\/v2\/comments?post=9699"}],"version-history":[{"count":0,"href":"https:\/\/vosgesinfo.fr\/remiremontinfo\/wp-json\/wp\/v2\/posts\/9699\/revisions"}],"wp:featuredmedia":[{"embeddable":true,"href":"https:\/\/vosgesinfo.fr\/remiremontinfo\/wp-json\/wp\/v2\/media\/9700"}],"wp:attachment":[{"href":"https:\/\/vosgesinfo.fr\/remiremontinfo\/wp-json\/wp\/v2\/media?parent=9699"}],"wp:term":[{"taxonomy":"category","embeddable":true,"href":"https:\/\/vosgesinfo.fr\/remiremontinfo\/wp-json\/wp\/v2\/categories?post=9699"},{"taxonomy":"post_tag","embeddable":true,"href":"https:\/\/vosgesinfo.fr\/remiremontinfo\/wp-json\/wp\/v2\/tags?post=9699"}],"curies":[{"name":"wp","href":"https:\/\/api.w.org\/{rel}","templated":true}]}}