{"id":9711,"date":"2019-01-15T06:23:18","date_gmt":"2019-01-15T05:23:18","guid":{"rendered":"https:\/\/vosgesinfo.fr\/remiremontinfo\/2019\/01\/vagney-programme-cinema-lentractes-16-22-janvier\/"},"modified":"2019-01-15T06:23:18","modified_gmt":"2019-01-15T05:23:18","slug":"vagney-programme-cinema-lentractes-16-22-janvier","status":"publish","type":"post","link":"https:\/\/vosgesinfo.fr\/remiremontinfo\/2019\/01\/vagney-programme-cinema-lentractes-16-22-janvier\/","title":{"rendered":"Vagney \u2013 Le programme du cin\u00e9ma l\u2019Entr\u2019Actes du 16 au 22 janvier"},"content":{"rendered":"<section id=\"header7-kf\" class=\"header7 cid-rds81e9kOc\">\n<div class=\"container\">\n<div class=\"media-container-row\">\n<div class=\"media-content align-right\">\n<h1 class=\"mbr-section-title mbr-white pb-3 mbr-fonts-style display-2\" style=\"text-align: center;\">Le retour de<br \/>\nMary Poppins<\/h1>\n<p><img decoding=\"async\" class=\"aligncenter\" title=\"\" src=\"http:\/\/www.cinema-vagney.fr\/assets\/images\/31912101-412x589.jpg\" alt=\"Mobirise\" width=\"162\" height=\"232\" \/><\/p>\n<div class=\"mbr-section-text mbr-white pb-3\">\n<p class=\"mbr-text mbr-fonts-style display-7\"><span style=\"color: #ff0000;\"><strong>Mercredi 16 \u00e0 16h00<\/strong><\/span><br \/>\n<span style=\"color: #ff0000;\"><strong>Vendredi 18 \u00e0 17h30<\/strong><\/span><br \/>\n<strong><span style=\"color: #ff0000;\">Samedi 26 \u00e0 17h00<\/span><\/strong><\/p>\n<p class=\"mbr-text mbr-fonts-style display-7\"><strong><br \/>\n<\/strong>\u00a0(2h 11min)<br \/>\nDe Rob Marshall;\u00a0Avec Emily Blunt, Lin-Manuel Miranda, Ben Whishaw<br \/>\nGenres Com\u00e9die musicale, Fantastique<br \/>\nNationalit\u00e9 Am\u00e9ricain<\/p>\n<\/div>\n<\/div>\n<div class=\"mbr-figure\"><span style=\"color: #008080;\"><em><strong>Synopsis<\/strong><\/em><\/span><\/div>\n<\/div>\n<\/div>\n<\/section>\n<p><!--more--><\/p>\n<p><!--more--><\/p>\n<section id=\"features11-kg\" class=\"features11 cid-rds82DaOR0\">\n<div class=\"container\">\n<div class=\"col-md-12\">\n<div class=\"media-container-row\">\n<div class=\" align-left\">\n<div class=\"block-content\">\n<div class=\"card p-3 pr-3\">\n<div class=\"card-box\">\n<p class=\"block-text mbr-fonts-style display-7\">Michael Banks travaille \u00e0 la banque o\u00f9 son p\u00e8re \u00e9tait employ\u00e9, et il vit toujours au 17 all\u00e9e des Cerisiers avec ses trois enfants, Annabel, Georgie et John, et leur gouvernante Ellen. Comme sa m\u00e8re avant elle, Jane Banks se bat pour les droits des ouvriers et apporte son aide \u00e0 la famille de Michael. Lorsque la famille subit une perte tragique, Mary Poppins r\u00e9appara\u00eet magiquement dans la vie de la famille. Avec l\u2019aide de Jack, l\u2019allumeur de r\u00e9verb\u00e8res toujours optimiste, Mary va tout faire pour que la joie et l\u2019\u00e9merveillement reviennent dans leur existence\u2026 Elle leur fera aussi d\u00e9couvrir de tout nouveaux personnages plein de fantaisie, dont sa cousine, l\u2019excentrique Topsy.<\/p>\n<\/div>\n<\/div>\n<\/div>\n<\/div>\n<\/div>\n<\/div>\n<\/div>\n<\/section>\n<section id=\"header7-kh\" class=\"header7 cid-rds842BzvB\">\n<div class=\"container\">\n<div class=\"media-container-row\">\n<div class=\"media-content align-right\">\n<h1 class=\"mbr-section-title mbr-white pb-3 mbr-fonts-style display-2\" style=\"text-align: center;\">Pupille<\/h1>\n<p><img decoding=\"async\" class=\"aligncenter\" title=\"\" src=\"http:\/\/www.cinema-vagney.fr\/assets\/images\/54803381-412x561.jpg\" alt=\"Mobirise\" width=\"170\" height=\"232\" \/><\/p>\n<div class=\"mbr-section-text mbr-white pb-3\">\n<p class=\"mbr-text mbr-fonts-style display-7\"><span style=\"color: #ff0000;\"><strong>Jeudi 17 \u00e0 20h30<\/strong><\/span><\/p>\n<p class=\"mbr-text mbr-fonts-style display-7\"><strong><br \/>\n<\/strong>(1h 47min);\u00a0De Jeanne Herry<br \/>\nAvec Sandrine Kiberlain, Gilles Lellouche, \u00c9lodie Bouchez<br \/>\nGenre Drame;\u00a0Nationalit\u00e9 Fran\u00e7ais<\/p>\n<\/div>\n<\/div>\n<div class=\"mbr-figure\"><span style=\"color: #008080;\"><em><strong>Synopsis<\/strong><\/em><\/span><\/div>\n<\/div>\n<\/div>\n<\/section>\n<section id=\"features11-ki\" class=\"features11 cid-rds84KcJMS\">\n<div class=\"container\">\n<div class=\"col-md-12\">\n<div class=\"media-container-row\">\n<div class=\" align-left\">\n<div class=\"block-content\">\n<div class=\"card p-3 pr-3\">\n<div class=\"card-box\">\n<p class=\"block-text mbr-fonts-style display-7\">Th\u00e9o est remis \u00e0 l&rsquo;adoption par sa m\u00e8re biologique le jour de sa naissance. C&rsquo;est un accouchement sous X. La m\u00e8re \u00e0 deux mois pour revenir sur sa d\u00e9cision&#8230;ou pas. Les services de l&rsquo;aide sociale \u00e0 l&rsquo;enfance et le service adoption se mettent en mouvement. Les uns doivent s&rsquo;occuper du b\u00e9b\u00e9, le porter (au sens plein du terme) dans ce temps suspendu, cette phase d&rsquo;incertitude. Les autres doivent trouver celle qui deviendra sa m\u00e8re adoptante. Elle s&rsquo;appelle Alice et cela fait dix ans qu&rsquo;elle se bat pour avoir un enfant. PUPILLE est l&rsquo;histoire de la rencontre entre Alice, 41 ans, et Th\u00e9o, trois mois.<\/p>\n<\/div>\n<\/div>\n<\/div>\n<\/div>\n<\/div>\n<\/div>\n<\/div>\n<\/section>\n<section id=\"header7-kj\" class=\"header7 cid-rdsarwL8SB\">\n<div class=\"container\">\n<div class=\"media-container-row\">\n<div class=\"media-content align-right\">\n<h1 class=\"mbr-section-title mbr-white pb-3 mbr-fonts-style display-2\" style=\"text-align: center;\">Lola et ses fr\u00eares<\/h1>\n<p><img decoding=\"async\" class=\"aligncenter\" title=\"\" src=\"http:\/\/www.cinema-vagney.fr\/assets\/images\/20317591-412x560.jpg\" alt=\"Mobirise\" width=\"185\" height=\"251\" \/><\/p>\n<div class=\"mbr-section-text mbr-white pb-3\">\n<p class=\"mbr-text mbr-fonts-style display-7\"><span style=\"color: #ff0000;\"><strong>Vendredi 18 \u00e0 21h00<\/strong><\/span><br \/>\n<span style=\"color: #ff0000;\"><strong>Dimanche 20 \u00e0 17h00<\/strong><\/span><\/p>\n<p class=\"mbr-text mbr-fonts-style display-7\"><strong><br \/>\n<\/strong>(1h 45min);\u00a0De Jean-Paul Rouve<br \/>\nAvec Ludivine Sagnier, Jos\u00e9 Garcia, Jean-Paul Rouve plus<br \/>\nGenre Com\u00e9die dramatique;\u00a0Nationalit\u00e9 Fran\u00e7ais<\/p>\n<\/div>\n<\/div>\n<div class=\"mbr-figure\"><span style=\"color: #008080;\"><em><strong>Synopsis<\/strong><\/em><\/span><\/div>\n<\/div>\n<\/div>\n<\/section>\n<section id=\"features11-kk\" class=\"features11 cid-rdsasy6tNP\">\n<div class=\"container\">\n<div class=\"col-md-12\">\n<div class=\"media-container-row\">\n<div class=\" align-left\">\n<div class=\"block-content\">\n<div class=\"card p-3 pr-3\">\n<div class=\"card-box\">\n<p class=\"block-text mbr-fonts-style display-7\">Lola a deux fr\u00e8res : Benoit, qui se marie pour la 3\u00e8me fois, et Pierre, qui d\u00e9barque en retard au mariage\u2026 Excuses, reproches, engueulades, brouilles, chacun essaye de vivre sa vie de son c\u00f4t\u00e9. Benoit va devenir p\u00e8re sans y \u00eatre pr\u00eat. Lola fait la rencontre de Zoher alors qu\u2019elle s&rsquo;occupe de son divorce. Quant \u00e0 Pierre, ses probl\u00e8mes professionnels s&rsquo;enveniment. Tout dans leur vie devrait les \u00e9loigner, mais ces trois-l\u00e0 sont ins\u00e9parables.<\/p>\n<section id=\"header7-k9\" class=\"header7 cid-rdrUovNL9L\">\n<div class=\"container\">\n<div class=\"media-container-row\">\n<div class=\"media-content align-right\">\n<h1 class=\"mbr-section-title mbr-white pb-3 mbr-fonts-style display-2\" style=\"text-align: center;\">Asterix,\u00a0Le secret de la potion magique<\/h1>\n<div class=\"mbr-section-text mbr-white pb-3\">\n<p class=\"mbr-text mbr-fonts-style display-7\"><strong><img decoding=\"async\" class=\"aligncenter\" title=\"\" src=\"http:\/\/www.cinema-vagney.fr\/assets\/images\/17930111-412x558.jpg\" alt=\"Mobirise\" width=\"175\" height=\"237\" \/><br \/>\n<span style=\"color: #ff0000;\">Samedi 19\u00a0 \u00e0 17h00<\/span><\/strong><\/p>\n<p class=\"mbr-text mbr-fonts-style display-7\"><strong><br \/>\n<\/strong>(1h 25min);\u00a0De Louis Clichy, Alexandre Astier<br \/>\nAvec Bernard Alane, Christian Clavier, Guillaume Briat<br \/>\nGenres Animation, Famille;\u00a0Nationalit\u00e9 Fran\u00e7ais<\/p>\n<\/div>\n<\/div>\n<div class=\"mbr-figure\"><span style=\"color: #008080;\"><em><strong>Synopsis<\/strong><\/em><\/span><\/div>\n<\/div>\n<\/div>\n<\/section>\n<section id=\"features11-kb\" class=\"features11 cid-rdrUpP3Gko\">\n<div class=\"container\">\n<div class=\"col-md-12\">\n<div class=\"media-container-row\">\n<div class=\" align-left\">\n<div class=\"block-content\">\n<div class=\"card p-3 pr-3\">\n<div class=\"card-box\">\n<p class=\"block-text mbr-fonts-style display-7\"><span style=\"color: #008000;\">A partir de 3 ans<\/span><br \/>\n\u00c0 la suite d\u2019une chute lors de la cueillette du gui, le druide Panoramix d\u00e9cide qu\u2019il est temps d\u2019assurer l\u2019avenir du village. Accompagn\u00e9 d\u2019Ast\u00e9rix et Ob\u00e9lix, il entreprend de parcourir le monde gaulois \u00e0 la recherche d\u2019un jeune druide talentueux \u00e0 qui transmettre le Secret de la Potion Magique\u2026<\/p>\n<\/div>\n<\/div>\n<\/div>\n<\/div>\n<\/div>\n<\/div>\n<\/div>\n<\/section>\n<\/div>\n<\/div>\n<\/div>\n<\/div>\n<\/div>\n<\/div>\n<\/div>\n<\/section>\n<section id=\"header7-km\" class=\"header7 cid-rdsc4Wd0j0\">\n<div class=\"container\">\n<div class=\"media-container-row\">\n<div class=\"media-content align-right\">\n<h1 class=\"mbr-section-title mbr-white pb-3 mbr-fonts-style display-2\" style=\"text-align: center;\">Remi sans famille<\/h1>\n<p><img decoding=\"async\" class=\"aligncenter\" title=\"\" src=\"http:\/\/www.cinema-vagney.fr\/assets\/images\/55601731-412x549.jpg\" alt=\"Mobirise\" width=\"183\" height=\"244\" \/><\/p>\n<div class=\"mbr-section-text mbr-white pb-3\">\n<p class=\"mbr-text mbr-fonts-style display-7\"><span style=\"color: #ff0000;\"><strong>Samedi 19 \u00e0 21h00<\/strong><\/span><br \/>\n<span style=\"color: #ff0000;\"><strong>Dimanche 27 \u00e0 17h00<\/strong><\/span><br \/>\n<span style=\"color: #ff0000;\"><strong>Lundi 28 \u00e0 20h30<\/strong><\/span><\/p>\n<p class=\"mbr-text mbr-fonts-style display-7\"><strong><br \/>\n<\/strong>\u00a0(1h 49min)<br \/>\nDe Antoine Blossier;\u00a0Avec Daniel Auteuil, Maleaume Paquin, Virginie Ledoyen<br \/>\nGenres Aventure, Famille;\u00a0Nationalit\u00e9 Fran\u00e7ais<\/p>\n<\/div>\n<\/div>\n<div class=\"mbr-figure\"><span style=\"color: #008080;\"><em><strong>Synopsis<\/strong><\/em><\/span><\/div>\n<\/div>\n<\/div>\n<\/section>\n<section id=\"features11-kn\" class=\"features11 cid-rdsc64U8Kq\">\n<div class=\"container\">\n<div class=\"col-md-12\">\n<div class=\"media-container-row\">\n<div class=\" align-left\">\n<div class=\"block-content\">\n<div class=\"card p-3 pr-3\">\n<div class=\"card-box\">\n<p class=\"block-text mbr-fonts-style display-7\"><span style=\"color: #008000;\">A partir de 6 ans<\/span><br \/>\nLes aventures du jeune R\u00e9mi, orphelin recueilli par la douce Madame Barberin. A l\u2019\u00e2ge de 10 ans, il est arrach\u00e9 \u00e0 sa m\u00e8re adoptive et confi\u00e9 au Signor Vitalis, un myst\u00e9rieux musicien ambulant. A ses c\u00f4t\u00e9s, il va apprendre la rude vie de saltimbanque et \u00e0 chanter pour gagner son pain. Accompagn\u00e9 du fid\u00e8le chien Capi et du petit singe Joli-C\u0153ur, son long voyage \u00e0 travers la France, fait de rencontres, d\u2019amiti\u00e9s et d\u2019entraide, le m\u00e8ne au secret de ses origines\u2026<\/p>\n<\/div>\n<\/div>\n<\/div>\n<\/div>\n<\/div>\n<\/div>\n<\/div>\n<\/section>\n<section id=\"header7-ko\" class=\"header7 cid-rdsdWYPcPk\">\n<div class=\"container\">\n<div class=\"media-container-row\">\n<div class=\"media-content align-right\">\n<h1 class=\"mbr-section-title mbr-white pb-3 mbr-fonts-style display-2\" style=\"text-align: center;\">Le Gendre de ma vie<\/h1>\n<p><img decoding=\"async\" class=\"aligncenter\" title=\"\" src=\"http:\/\/www.cinema-vagney.fr\/assets\/images\/32614601-412x561.jpg\" alt=\"Mobirise\" width=\"206\" height=\"281\" \/><\/p>\n<div class=\"mbr-section-text mbr-white pb-3\">\n<p class=\"mbr-text mbr-fonts-style display-7\"><span style=\"color: #ff0000;\"><strong>Lundi 21 \u00e0 20h30<\/strong><\/span><br \/>\n<span style=\"color: #ff0000;\"><strong>Samedi 26 \u00e0 21h00<\/strong><\/span><\/p>\n<p class=\"mbr-text mbr-fonts-style display-7\"><strong><br \/>\n<\/strong>\u00a0(1h 40min);\u00a0De Fran\u00e7ois Desagnat<br \/>\nAvec Kad Merad, Pauline Etienne, Julie Gayet<br \/>\nGenre Com\u00e9die;\u00a0Nationalit\u00e9 Fran\u00e7ais<\/p>\n<\/div>\n<\/div>\n<div class=\"mbr-figure\"><span style=\"color: #008080;\"><em><strong>Synopsis<\/strong><\/em><\/span><\/div>\n<\/div>\n<\/div>\n<\/section>\n<section id=\"features11-kp\" class=\"features11 cid-rdsdYmdWjJ\">\n<div class=\"container\">\n<div class=\"col-md-12\">\n<div class=\"media-container-row\">\n<div class=\" align-left\">\n<div class=\"block-content\">\n<div class=\"card p-3 pr-3\">\n<div class=\"card-box\">\n<p class=\"block-text mbr-fonts-style display-7\">St\u00e9phane et Suzanne sont parents de trois jeunes femmes, le tableau peut sembler id\u00e9al mais St\u00e9phane n\u2019a jamais eu de fils et a toujours r\u00eav\u00e9 d\u2019en avoir. Pour combler cette frustration, il s\u2019accapare ses gendres et en tombe plus vite amoureux que ses filles. Quand Alexia sa fille cadette, d\u00e9cide de quitter Thomas, magnifique rugbyman et nouvelle idole de son p\u00e8re, pour un jeune m\u00e9decin qu\u2019il ne supporte pas, St\u00e9phane va se d\u00e9battre.<\/p>\n<\/div>\n<p class=\"block-text mbr-fonts-style display-7\" style=\"text-align: center;\"><span style=\"color: #800080;\">\u2014\u2014\u2014\u2014\u2014\u2014\u2014\u2014\u2014\u2014-<\/span><\/p>\n<section id=\"features11-b8\" class=\"features11 cid-qQx9IjEte1\">\n<div class=\"container\">\n<div class=\"col-md-12\">\n<div class=\"media-container-row\">\n<div class=\" align-left\">\n<div class=\"block-content\">\n<div class=\"card p-3 pr-3\">\n<div class=\"card-box\">\n<p class=\"block-text mbr-fonts-style display-7\" style=\"text-align: center;\"><span style=\"color: #800080;\"><strong>Tarifs Cin\u00e9ma L\u2019Entr\u2019Actes<\/strong> : Normal : <strong>5\u20ac<\/strong> \/ R\u00e9duit, \u2013 de18ans,\u00a0\u00c9tudiant : <strong>4\u20ac<\/strong> \/ S\u00e9ance 3D : \u00a0<strong>+ 1\u00a0\u20ac. \u00a0.<\/strong><\/span><\/p>\n<p class=\"block-text mbr-fonts-style display-7\" style=\"text-align: center;\"><span style=\"color: #800080;\"><strong><img decoding=\"async\" class=\"\" src=\"http:\/\/geo.cine-market.fr\/bundles\/synacomcinemalocator\/images\/logov2_cinecheque.png\" alt=\"\" width=\"144\" height=\"54\" \/><img decoding=\"async\" class=\"\" src=\"https:\/\/www.vosges.fr\/Portals\/1\/xBlog\/uploads\/2018\/4\/24\/7242b8d5-b8ba-408c-b724-cf96cdb9c5b8.jpg\" alt=\"R\u00e9sultat de recherche d'images pour &quot;carte zap 2018&quot;\" width=\"67\" height=\"67\" \/><img decoding=\"async\" class=\"\" src=\"https:\/\/www.cezam-bretagne.com\/modules\/kameleon\/upload\/1Logo_carte_Cezam_pench%C3%A9.jpg\" alt=\"R\u00e9sultat de recherche d'images pour &quot;carte cezam&quot;\" width=\"109\" height=\"75\" \/><\/strong><\/span><\/p>\n<p class=\"block-text mbr-fonts-style display-7\" style=\"text-align: center;\"><span style=\"color: #800080;\"><img decoding=\"async\" class=\"\" src=\"https:\/\/vosgesinfo.fr\/app\/uploads\/sites\/5\/2016\/12\/gie-carte-bancaire.jpeg\" alt=\"R\u00e9sultat de recherche d'images pour &quot;carte bancaire&quot;\" width=\"101\" height=\"109\" \/><\/span><\/p>\n<p class=\"block-text mbr-fonts-style display-7\" style=\"text-align: center;\"><span style=\"color: #800080;\">\u2014\u2014\u2014\u2014\u2014\u2014\u2014\u2014\u2014\u2014-<\/span><\/p>\n<p class=\"block-text mbr-fonts-style display-7\"><span style=\"color: #ff0000;\"><strong>Retrouvez le programme complet du mois\u00a0de janvier\u00a0en format Image Jpeg :<\/strong><\/span><\/p>\n<p class=\"block-text mbr-fonts-style display-7\"><a href=\"\/2018\/12\/Screenshot_20181214-114243_Drive.jpg\"><img decoding=\"async\" class=\"wp-image-250282 aligncenter\" src=\"\/2018\/12\/Screenshot_20181214-114243_Drive-183x255.jpg\" alt=\"Screenshot_20181214-114243_Drive\" width=\"211\" height=\"294\" \/><\/a><\/p>\n<p><strong><span style=\"color: #ff0000;\">CARTE D\u2019ABONNEMENT<\/span> (renseignement en caisse)<\/strong><\/p>\n<p><strong><a href=\"\/2018\/06\/fly-carte-abonnement.jpg\"><img decoding=\"async\" class=\"size-medium wp-image-233878 aligncenter\" src=\"\/2018\/06\/fly-carte-abonnement-359x255.jpg\" alt=\"fly carte abonnement\" width=\"359\" height=\"255\" \/><\/a><\/strong><\/p>\n<div class=\"card p-3 pr-3\">\n<p class=\"block-text mbr-fonts-style display-7\"><span style=\"color: #ff0000;\">Site internet:<\/span>\u00a0<a href=\"http:\/\/www.cinema-vagney.fr\/\">http:\/\/www.cinema-vagney.fr\/<\/a><\/p>\n<p class=\"block-text mbr-fonts-style display-7\"><span style=\"color: #ff0000;\">Facebook:<\/span>\u00a0<a href=\"https:\/\/fr-fr.facebook.com\/Cin%C3%A9ma-Lentractes-de-VAGNEY-186434849771\/\">https:\/\/fr-fr.facebook.com\/Cin%C3%A9ma-Lentractes-de-VAGNEY-186434849771\/<\/a><\/p>\n<p class=\"block-text mbr-fonts-style display-7\"><span style=\"color: #ff0000;\">Twitter:<\/span>\u00a0<a href=\"https:\/\/twitter.com\/cinemaVagney\">https:\/\/twitter.com\/cinemaVagney<\/a><\/p>\n<p class=\"block-text mbr-fonts-style display-7\"><span style=\"color: #ff0000;\">SnapChat :<\/span> cinemavagney\u00a0<a href=\"\/2018\/02\/20180103_0044581.jpg\"><img decoding=\"async\" class=\"alignnone wp-image-220378\" src=\"\/2018\/02\/20180103_0044581-214x255.jpg\" alt=\"20180103_004458\" width=\"86\" height=\"102\" \/><\/a><\/p>\n<p class=\"block-text mbr-fonts-style display-7\">\n<\/div>\n<p class=\"block-text mbr-fonts-style display-7\"><strong><em>-Yann.C-<\/em><\/strong><\/p>\n<\/div>\n<\/div>\n<\/div>\n<\/div>\n<\/div>\n<\/div>\n<\/div>\n<\/section>\n<p class=\"block-text mbr-fonts-style display-7\">\n<\/div>\n<\/div>\n<\/div>\n<\/div>\n<\/div>\n<\/div>\n<\/section>\n","protected":false},"excerpt":{"rendered":"<p>Le retour de Mary Poppins Mercredi 16 \u00e0 16h00 Vendredi 18 \u00e0 17h30 Samedi 26 \u00e0 17h00 \u00a0(2h 11min) De [&hellip;]<\/p>\n","protected":false},"author":272,"featured_media":9712,"comment_status":"open","ping_status":"open","sticky":false,"template":"","format":"standard","meta":{"footnotes":""},"categories":[4,25,36],"tags":[],"class_list":["post-9711","post","type-post","status-publish","format-standard","has-post-thumbnail","hentry","category-culture","category-la-bresse-son-canton","category-vagney"],"acf":[],"yoast_head":"<!-- This site is optimized with the Yoast SEO plugin v22.5 - https:\/\/yoast.com\/wordpress\/plugins\/seo\/ -->\n<title>Vagney \u2013 Le programme du cin\u00e9ma l\u2019Entr\u2019Actes du 16 au 22 janvier - Remiremont Info<\/title>\n<meta name=\"robots\" content=\"index, follow, max-snippet:-1, max-image-preview:large, max-video-preview:-1\" \/>\n<link rel=\"canonical\" href=\"https:\/\/vosgesinfo.fr\/remiremontinfo\/2019\/01\/vagney-programme-cinema-lentractes-16-22-janvier\/\" \/>\n<meta name=\"twitter:card\" content=\"summary_large_image\" \/>\n<meta name=\"twitter:title\" content=\"Vagney \u2013 Le programme du cin\u00e9ma l\u2019Entr\u2019Actes du 16 au 22 janvier - Remiremont Info\" \/>\n<meta name=\"twitter:description\" content=\"Le retour de Mary Poppins Mercredi 16 \u00e0 16h00 Vendredi 18 \u00e0 17h30 Samedi 26 \u00e0 17h00 \u00a0(2h 11min) De [&hellip;]\" \/>\n<meta name=\"twitter:image\" content=\"https:\/\/vosgesinfo.fr\/app\/uploads\/sites\/5\/2024\/09\/201803cinema2.jpg\" \/>\n<meta name=\"twitter:creator\" content=\"@VosgesInfo88\" \/>\n<meta name=\"twitter:site\" content=\"@VosgesInfo88\" \/>\n<meta name=\"twitter:label1\" content=\"\u00c9crit par\" \/>\n\t<meta name=\"twitter:data1\" content=\"cinemavagney\" \/>\n\t<meta name=\"twitter:label2\" content=\"Dur\u00e9e de lecture estim\u00e9e\" \/>\n\t<meta name=\"twitter:data2\" content=\"4 minutes\" \/>\n<script type=\"application\/ld+json\" class=\"yoast-schema-graph\">{\"@context\":\"https:\/\/schema.org\",\"@graph\":[{\"@type\":\"Article\",\"@id\":\"https:\/\/vosgesinfo.fr\/remiremontinfo\/2019\/01\/vagney-programme-cinema-lentractes-16-22-janvier\/#article\",\"isPartOf\":{\"@id\":\"https:\/\/vosgesinfo.fr\/remiremontinfo\/2019\/01\/vagney-programme-cinema-lentractes-16-22-janvier\/\"},\"author\":{\"name\":\"cinemavagney\",\"@id\":\"https:\/\/vosgesinfo.fr\/remiremontinfo\/#\/schema\/person\/865f8c711468b81237613764bdab66e7\"},\"headline\":\"Vagney \u2013 Le programme du cin\u00e9ma l\u2019Entr\u2019Actes du 16 au 22 janvier\",\"datePublished\":\"2019-01-15T05:23:18+00:00\",\"dateModified\":\"2019-01-15T05:23:18+00:00\",\"mainEntityOfPage\":{\"@id\":\"https:\/\/vosgesinfo.fr\/remiremontinfo\/2019\/01\/vagney-programme-cinema-lentractes-16-22-janvier\/\"},\"wordCount\":798,\"commentCount\":0,\"publisher\":{\"@id\":\"https:\/\/vosgesinfo.fr\/remiremontinfo\/#organization\"},\"image\":{\"@id\":\"https:\/\/vosgesinfo.fr\/remiremontinfo\/2019\/01\/vagney-programme-cinema-lentractes-16-22-janvier\/#primaryimage\"},\"thumbnailUrl\":\"https:\/\/vosgesinfo.fr\/app\/uploads\/sites\/5\/2024\/09\/201803cinema2.jpg\",\"articleSection\":[\"Culture\",\"La Bresse &amp; son canton\",\"Vagney\"],\"inLanguage\":\"fr-FR\",\"potentialAction\":[{\"@type\":\"CommentAction\",\"name\":\"Comment\",\"target\":[\"https:\/\/vosgesinfo.fr\/remiremontinfo\/2019\/01\/vagney-programme-cinema-lentractes-16-22-janvier\/#respond\"]}]},{\"@type\":\"WebPage\",\"@id\":\"https:\/\/vosgesinfo.fr\/remiremontinfo\/2019\/01\/vagney-programme-cinema-lentractes-16-22-janvier\/\",\"url\":\"https:\/\/vosgesinfo.fr\/remiremontinfo\/2019\/01\/vagney-programme-cinema-lentractes-16-22-janvier\/\",\"name\":\"Vagney \u2013 Le programme du cin\u00e9ma l\u2019Entr\u2019Actes du 16 au 22 janvier - Remiremont Info\",\"isPartOf\":{\"@id\":\"https:\/\/vosgesinfo.fr\/remiremontinfo\/#website\"},\"primaryImageOfPage\":{\"@id\":\"https:\/\/vosgesinfo.fr\/remiremontinfo\/2019\/01\/vagney-programme-cinema-lentractes-16-22-janvier\/#primaryimage\"},\"image\":{\"@id\":\"https:\/\/vosgesinfo.fr\/remiremontinfo\/2019\/01\/vagney-programme-cinema-lentractes-16-22-janvier\/#primaryimage\"},\"thumbnailUrl\":\"https:\/\/vosgesinfo.fr\/app\/uploads\/sites\/5\/2024\/09\/201803cinema2.jpg\",\"datePublished\":\"2019-01-15T05:23:18+00:00\",\"dateModified\":\"2019-01-15T05:23:18+00:00\",\"breadcrumb\":{\"@id\":\"https:\/\/vosgesinfo.fr\/remiremontinfo\/2019\/01\/vagney-programme-cinema-lentractes-16-22-janvier\/#breadcrumb\"},\"inLanguage\":\"fr-FR\",\"potentialAction\":[{\"@type\":\"ReadAction\",\"target\":[\"https:\/\/vosgesinfo.fr\/remiremontinfo\/2019\/01\/vagney-programme-cinema-lentractes-16-22-janvier\/\"]}]},{\"@type\":\"ImageObject\",\"inLanguage\":\"fr-FR\",\"@id\":\"https:\/\/vosgesinfo.fr\/remiremontinfo\/2019\/01\/vagney-programme-cinema-lentractes-16-22-janvier\/#primaryimage\",\"url\":\"https:\/\/vosgesinfo.fr\/app\/uploads\/sites\/5\/2024\/09\/201803cinema2.jpg\",\"contentUrl\":\"https:\/\/vosgesinfo.fr\/app\/uploads\/sites\/5\/2024\/09\/201803cinema2.jpg\",\"width\":1656,\"height\":1117},{\"@type\":\"BreadcrumbList\",\"@id\":\"https:\/\/vosgesinfo.fr\/remiremontinfo\/2019\/01\/vagney-programme-cinema-lentractes-16-22-janvier\/#breadcrumb\",\"itemListElement\":[{\"@type\":\"ListItem\",\"position\":1,\"name\":\"Home\",\"item\":\"https:\/\/vosgesinfo.fr\/remiremontinfo\/\"},{\"@type\":\"ListItem\",\"position\":2,\"name\":\"Vagney \u2013 Le programme du cin\u00e9ma l\u2019Entr\u2019Actes du 16 au 22 janvier\"}]},{\"@type\":\"WebSite\",\"@id\":\"https:\/\/vosgesinfo.fr\/remiremontinfo\/#website\",\"url\":\"https:\/\/vosgesinfo.fr\/remiremontinfo\/\",\"name\":\"Remiremont Info\",\"description\":\"Toute l&#039;actualit\u00e9 de Remiremont\",\"publisher\":{\"@id\":\"https:\/\/vosgesinfo.fr\/remiremontinfo\/#organization\"},\"alternateName\":\"Toute l'actualit\u00e9 de Remiremont\",\"potentialAction\":[{\"@type\":\"SearchAction\",\"target\":{\"@type\":\"EntryPoint\",\"urlTemplate\":\"https:\/\/vosgesinfo.fr\/remiremontinfo\/?s={search_term_string}\"},\"query-input\":\"required name=search_term_string\"}],\"inLanguage\":\"fr-FR\"},{\"@type\":\"Organization\",\"@id\":\"https:\/\/vosgesinfo.fr\/remiremontinfo\/#organization\",\"name\":\"Remiremont Info\",\"url\":\"https:\/\/vosgesinfo.fr\/remiremontinfo\/\",\"logo\":{\"@type\":\"ImageObject\",\"inLanguage\":\"fr-FR\",\"@id\":\"https:\/\/vosgesinfo.fr\/remiremontinfo\/#\/schema\/logo\/image\/\",\"url\":\"https:\/\/vosgesinfo.fr\/app\/uploads\/sites\/5\/2023\/08\/favicon-remiremontinfo.png\",\"contentUrl\":\"https:\/\/vosgesinfo.fr\/app\/uploads\/sites\/5\/2023\/08\/favicon-remiremontinfo.png\",\"width\":512,\"height\":512,\"caption\":\"Remiremont Info\"},\"image\":{\"@id\":\"https:\/\/vosgesinfo.fr\/remiremontinfo\/#\/schema\/logo\/image\/\"},\"sameAs\":[\"https:\/\/www.facebook.com\/remiremontinfo\",\"https:\/\/x.com\/VosgesInfo88\",\"https:\/\/www.youtube.com\/@vosgesinfo\"]},{\"@type\":\"Person\",\"@id\":\"https:\/\/vosgesinfo.fr\/remiremontinfo\/#\/schema\/person\/865f8c711468b81237613764bdab66e7\",\"name\":\"cinemavagney\",\"image\":{\"@type\":\"ImageObject\",\"inLanguage\":\"fr-FR\",\"@id\":\"https:\/\/vosgesinfo.fr\/remiremontinfo\/#\/schema\/person\/image\/\",\"url\":\"https:\/\/secure.gravatar.com\/avatar\/af843eff690e434be300227f0bd39478b841e9734f6d4b9d40bb723f10ed2948?s=96&d=mm&r=g\",\"contentUrl\":\"https:\/\/secure.gravatar.com\/avatar\/af843eff690e434be300227f0bd39478b841e9734f6d4b9d40bb723f10ed2948?s=96&d=mm&r=g\",\"caption\":\"cinemavagney\"},\"description\":\"Cin\u00e9ma de Vagney Place de la Lib\u00e9ration 88120 VAGNEY Association Vagney-Loisirs\",\"url\":\"https:\/\/vosgesinfo.fr\/remiremontinfo\/author\/cinemavagney\/\"}]}<\/script>\n<!-- \/ Yoast SEO plugin. -->","yoast_head_json":{"title":"Vagney \u2013 Le programme du cin\u00e9ma l\u2019Entr\u2019Actes du 16 au 22 janvier - Remiremont Info","robots":{"index":"index","follow":"follow","max-snippet":"max-snippet:-1","max-image-preview":"max-image-preview:large","max-video-preview":"max-video-preview:-1"},"canonical":"https:\/\/vosgesinfo.fr\/remiremontinfo\/2019\/01\/vagney-programme-cinema-lentractes-16-22-janvier\/","twitter_card":"summary_large_image","twitter_title":"Vagney \u2013 Le programme du cin\u00e9ma l\u2019Entr\u2019Actes du 16 au 22 janvier - Remiremont Info","twitter_description":"Le retour de Mary Poppins Mercredi 16 \u00e0 16h00 Vendredi 18 \u00e0 17h30 Samedi 26 \u00e0 17h00 \u00a0(2h 11min) De [&hellip;]","twitter_image":"https:\/\/vosgesinfo.fr\/app\/uploads\/sites\/5\/2024\/09\/201803cinema2.jpg","twitter_creator":"@VosgesInfo88","twitter_site":"@VosgesInfo88","twitter_misc":{"\u00c9crit par":"cinemavagney","Dur\u00e9e de lecture estim\u00e9e":"4 minutes"},"schema":{"@context":"https:\/\/schema.org","@graph":[{"@type":"Article","@id":"https:\/\/vosgesinfo.fr\/remiremontinfo\/2019\/01\/vagney-programme-cinema-lentractes-16-22-janvier\/#article","isPartOf":{"@id":"https:\/\/vosgesinfo.fr\/remiremontinfo\/2019\/01\/vagney-programme-cinema-lentractes-16-22-janvier\/"},"author":{"name":"cinemavagney","@id":"https:\/\/vosgesinfo.fr\/remiremontinfo\/#\/schema\/person\/865f8c711468b81237613764bdab66e7"},"headline":"Vagney \u2013 Le programme du cin\u00e9ma l\u2019Entr\u2019Actes du 16 au 22 janvier","datePublished":"2019-01-15T05:23:18+00:00","dateModified":"2019-01-15T05:23:18+00:00","mainEntityOfPage":{"@id":"https:\/\/vosgesinfo.fr\/remiremontinfo\/2019\/01\/vagney-programme-cinema-lentractes-16-22-janvier\/"},"wordCount":798,"commentCount":0,"publisher":{"@id":"https:\/\/vosgesinfo.fr\/remiremontinfo\/#organization"},"image":{"@id":"https:\/\/vosgesinfo.fr\/remiremontinfo\/2019\/01\/vagney-programme-cinema-lentractes-16-22-janvier\/#primaryimage"},"thumbnailUrl":"https:\/\/vosgesinfo.fr\/app\/uploads\/sites\/5\/2024\/09\/201803cinema2.jpg","articleSection":["Culture","La Bresse &amp; son canton","Vagney"],"inLanguage":"fr-FR","potentialAction":[{"@type":"CommentAction","name":"Comment","target":["https:\/\/vosgesinfo.fr\/remiremontinfo\/2019\/01\/vagney-programme-cinema-lentractes-16-22-janvier\/#respond"]}]},{"@type":"WebPage","@id":"https:\/\/vosgesinfo.fr\/remiremontinfo\/2019\/01\/vagney-programme-cinema-lentractes-16-22-janvier\/","url":"https:\/\/vosgesinfo.fr\/remiremontinfo\/2019\/01\/vagney-programme-cinema-lentractes-16-22-janvier\/","name":"Vagney \u2013 Le programme du cin\u00e9ma l\u2019Entr\u2019Actes du 16 au 22 janvier - Remiremont Info","isPartOf":{"@id":"https:\/\/vosgesinfo.fr\/remiremontinfo\/#website"},"primaryImageOfPage":{"@id":"https:\/\/vosgesinfo.fr\/remiremontinfo\/2019\/01\/vagney-programme-cinema-lentractes-16-22-janvier\/#primaryimage"},"image":{"@id":"https:\/\/vosgesinfo.fr\/remiremontinfo\/2019\/01\/vagney-programme-cinema-lentractes-16-22-janvier\/#primaryimage"},"thumbnailUrl":"https:\/\/vosgesinfo.fr\/app\/uploads\/sites\/5\/2024\/09\/201803cinema2.jpg","datePublished":"2019-01-15T05:23:18+00:00","dateModified":"2019-01-15T05:23:18+00:00","breadcrumb":{"@id":"https:\/\/vosgesinfo.fr\/remiremontinfo\/2019\/01\/vagney-programme-cinema-lentractes-16-22-janvier\/#breadcrumb"},"inLanguage":"fr-FR","potentialAction":[{"@type":"ReadAction","target":["https:\/\/vosgesinfo.fr\/remiremontinfo\/2019\/01\/vagney-programme-cinema-lentractes-16-22-janvier\/"]}]},{"@type":"ImageObject","inLanguage":"fr-FR","@id":"https:\/\/vosgesinfo.fr\/remiremontinfo\/2019\/01\/vagney-programme-cinema-lentractes-16-22-janvier\/#primaryimage","url":"https:\/\/vosgesinfo.fr\/app\/uploads\/sites\/5\/2024\/09\/201803cinema2.jpg","contentUrl":"https:\/\/vosgesinfo.fr\/app\/uploads\/sites\/5\/2024\/09\/201803cinema2.jpg","width":1656,"height":1117},{"@type":"BreadcrumbList","@id":"https:\/\/vosgesinfo.fr\/remiremontinfo\/2019\/01\/vagney-programme-cinema-lentractes-16-22-janvier\/#breadcrumb","itemListElement":[{"@type":"ListItem","position":1,"name":"Home","item":"https:\/\/vosgesinfo.fr\/remiremontinfo\/"},{"@type":"ListItem","position":2,"name":"Vagney \u2013 Le programme du cin\u00e9ma l\u2019Entr\u2019Actes du 16 au 22 janvier"}]},{"@type":"WebSite","@id":"https:\/\/vosgesinfo.fr\/remiremontinfo\/#website","url":"https:\/\/vosgesinfo.fr\/remiremontinfo\/","name":"Remiremont Info","description":"Toute l&#039;actualit\u00e9 de Remiremont","publisher":{"@id":"https:\/\/vosgesinfo.fr\/remiremontinfo\/#organization"},"alternateName":"Toute l'actualit\u00e9 de Remiremont","potentialAction":[{"@type":"SearchAction","target":{"@type":"EntryPoint","urlTemplate":"https:\/\/vosgesinfo.fr\/remiremontinfo\/?s={search_term_string}"},"query-input":"required name=search_term_string"}],"inLanguage":"fr-FR"},{"@type":"Organization","@id":"https:\/\/vosgesinfo.fr\/remiremontinfo\/#organization","name":"Remiremont Info","url":"https:\/\/vosgesinfo.fr\/remiremontinfo\/","logo":{"@type":"ImageObject","inLanguage":"fr-FR","@id":"https:\/\/vosgesinfo.fr\/remiremontinfo\/#\/schema\/logo\/image\/","url":"https:\/\/vosgesinfo.fr\/app\/uploads\/sites\/5\/2023\/08\/favicon-remiremontinfo.png","contentUrl":"https:\/\/vosgesinfo.fr\/app\/uploads\/sites\/5\/2023\/08\/favicon-remiremontinfo.png","width":512,"height":512,"caption":"Remiremont Info"},"image":{"@id":"https:\/\/vosgesinfo.fr\/remiremontinfo\/#\/schema\/logo\/image\/"},"sameAs":["https:\/\/www.facebook.com\/remiremontinfo","https:\/\/x.com\/VosgesInfo88","https:\/\/www.youtube.com\/@vosgesinfo"]},{"@type":"Person","@id":"https:\/\/vosgesinfo.fr\/remiremontinfo\/#\/schema\/person\/865f8c711468b81237613764bdab66e7","name":"cinemavagney","image":{"@type":"ImageObject","inLanguage":"fr-FR","@id":"https:\/\/vosgesinfo.fr\/remiremontinfo\/#\/schema\/person\/image\/","url":"https:\/\/secure.gravatar.com\/avatar\/af843eff690e434be300227f0bd39478b841e9734f6d4b9d40bb723f10ed2948?s=96&d=mm&r=g","contentUrl":"https:\/\/secure.gravatar.com\/avatar\/af843eff690e434be300227f0bd39478b841e9734f6d4b9d40bb723f10ed2948?s=96&d=mm&r=g","caption":"cinemavagney"},"description":"Cin\u00e9ma de Vagney Place de la Lib\u00e9ration 88120 VAGNEY Association Vagney-Loisirs","url":"https:\/\/vosgesinfo.fr\/remiremontinfo\/author\/cinemavagney\/"}]}},"_links":{"self":[{"href":"https:\/\/vosgesinfo.fr\/remiremontinfo\/wp-json\/wp\/v2\/posts\/9711","targetHints":{"allow":["GET"]}}],"collection":[{"href":"https:\/\/vosgesinfo.fr\/remiremontinfo\/wp-json\/wp\/v2\/posts"}],"about":[{"href":"https:\/\/vosgesinfo.fr\/remiremontinfo\/wp-json\/wp\/v2\/types\/post"}],"author":[{"embeddable":true,"href":"https:\/\/vosgesinfo.fr\/remiremontinfo\/wp-json\/wp\/v2\/users\/272"}],"replies":[{"embeddable":true,"href":"https:\/\/vosgesinfo.fr\/remiremontinfo\/wp-json\/wp\/v2\/comments?post=9711"}],"version-history":[{"count":0,"href":"https:\/\/vosgesinfo.fr\/remiremontinfo\/wp-json\/wp\/v2\/posts\/9711\/revisions"}],"wp:featuredmedia":[{"embeddable":true,"href":"https:\/\/vosgesinfo.fr\/remiremontinfo\/wp-json\/wp\/v2\/media\/9712"}],"wp:attachment":[{"href":"https:\/\/vosgesinfo.fr\/remiremontinfo\/wp-json\/wp\/v2\/media?parent=9711"}],"wp:term":[{"taxonomy":"category","embeddable":true,"href":"https:\/\/vosgesinfo.fr\/remiremontinfo\/wp-json\/wp\/v2\/categories?post=9711"},{"taxonomy":"post_tag","embeddable":true,"href":"https:\/\/vosgesinfo.fr\/remiremontinfo\/wp-json\/wp\/v2\/tags?post=9711"}],"curies":[{"name":"wp","href":"https:\/\/api.w.org\/{rel}","templated":true}]}}