{"id":9725,"date":"2019-01-18T08:58:17","date_gmt":"2019-01-18T07:58:17","guid":{"rendered":"https:\/\/vosgesinfo.fr\/remiremontinfo\/2019\/01\/region-offre-gratuite-ter-aux-forces-de-lordre\/"},"modified":"2019-01-18T08:58:17","modified_gmt":"2019-01-18T07:58:17","slug":"region-offre-gratuite-ter-aux-forces-de-lordre","status":"publish","type":"post","link":"https:\/\/vosgesinfo.fr\/remiremontinfo\/2019\/01\/region-offre-gratuite-ter-aux-forces-de-lordre\/","title":{"rendered":"La R\u00e9gion offre la gratuit\u00e9 des TER aux forces de l\u2019ordre"},"content":{"rendered":"<p style=\"font-weight: 400;\"><strong>A partir du 1<sup>er<\/sup>\u00a0f\u00e9vrier 2019, la R\u00e9gion Grand Est permettra aux policiers et gendarmes du Grand Est de circuler gratuitement dans les trains r\u00e9gionaux du Grand Est. Cette gratuit\u00e9 concerne les agents actifs op\u00e9rationnels, sur leurs trajets domicile \u2013 travail. Une mesure phare qui permettra de renforcer la s\u00e9curit\u00e9 \u00e0 bord des trains r\u00e9gionaux.<\/strong><\/p>\n<p style=\"font-weight: 400;\">\n<p style=\"font-weight: 400;\"><em>\u00ab\u00a0En tant qu\u2019Autorit\u00e9 Organisatrice des Transports ferroviaires r\u00e9gionaux, la R\u00e9gion entend r\u00e9pondre efficacement aux besoins de ses territoires en am\u00e9liorant la qualit\u00e9 de service pour les usagers. La mise en \u0153uvre de cette gratuit\u00e9 est un grand pas en avant pour notre r\u00e9seau ferroviaire<\/em>.\u00a0<em>La pr\u00e9sence maximale des forces de l\u2019ordre \u00e0 bord de nos TER est un facteur de s\u00e9curit\u00e9 d\u00e9cisif.\u00a0\u00bb,<\/em>\u00a0a d\u00e9clar\u00e9\u00a0<strong>Jean Rottner<\/strong>, Pr\u00e9sident de la R\u00e9gion Grand Est.<\/p>\n<p style=\"font-weight: 400;\">\u00a0La R\u00e9gion Grand Est et SNCF Mobilit\u00e9s ont estim\u00e9 l\u2019impact financier du dispositif \u00e0 environ 125\u00a0000 euros par an, financ\u00e9s int\u00e9gralement par la R\u00e9gion, en compl\u00e9ment de la prise en charge employeur maintenue par l\u2019Etat.<\/p>\n<p style=\"font-weight: 400;\">Gr\u00e2ce \u00e0 ce dispositif, la R\u00e9gion\u00a0encourage ainsi l\u2019ensemble des habitants du Grand Est, y compris les forces de l\u2019ordre, \u00e0 privil\u00e9gier l\u2019usage des transports collectifs pour leurs d\u00e9placements au quotidien.<\/p>\n<p style=\"font-weight: 400; text-align: center;\"><a href=\"\/2019\/01\/2.png\"><img decoding=\"async\" class=\"alignnone size-medium wp-image-251351\" src=\"\/2019\/01\/2-400x183.png\" alt=\"2\" width=\"400\" height=\"183\" \/><\/a><\/p>\n","protected":false},"excerpt":{"rendered":"<p>A partir du 1er\u00a0f\u00e9vrier 2019, la R\u00e9gion Grand Est permettra aux policiers et gendarmes du Grand Est de circuler gratuitement [&hellip;]<\/p>\n","protected":false},"author":407,"featured_media":9726,"comment_status":"open","ping_status":"open","sticky":false,"template":"","format":"standard","meta":{"footnotes":""},"categories":[26,188],"tags":[],"class_list":["post-9725","post","type-post","status-publish","format-standard","has-post-thumbnail","hentry","category-a-la-une","category-region"],"acf":[],"yoast_head":"<!-- This site is optimized with the Yoast SEO plugin v22.5 - https:\/\/yoast.com\/wordpress\/plugins\/seo\/ -->\n<title>La R\u00e9gion offre la gratuit\u00e9 des TER aux forces de l\u2019ordre - Remiremont Info<\/title>\n<meta name=\"robots\" content=\"index, follow, max-snippet:-1, max-image-preview:large, max-video-preview:-1\" \/>\n<link rel=\"canonical\" href=\"https:\/\/vosgesinfo.fr\/remiremontinfo\/2019\/01\/region-offre-gratuite-ter-aux-forces-de-lordre\/\" \/>\n<meta name=\"twitter:card\" content=\"summary_large_image\" \/>\n<meta name=\"twitter:title\" content=\"La R\u00e9gion offre la gratuit\u00e9 des TER aux forces de l\u2019ordre - Remiremont Info\" \/>\n<meta name=\"twitter:description\" content=\"A partir du 1er\u00a0f\u00e9vrier 2019, la R\u00e9gion Grand Est permettra aux policiers et gendarmes du Grand Est de circuler gratuitement [&hellip;]\" \/>\n<meta name=\"twitter:image\" content=\"https:\/\/vosgesinfo.fr\/app\/uploads\/sites\/5\/2024\/09\/201611voiture-de-police.jpg\" \/>\n<meta name=\"twitter:creator\" content=\"@VosgesInfo88\" \/>\n<meta name=\"twitter:site\" content=\"@VosgesInfo88\" \/>\n<meta name=\"twitter:label1\" content=\"\u00c9crit par\" \/>\n\t<meta name=\"twitter:data1\" content=\"C D\" \/>\n\t<meta name=\"twitter:label2\" content=\"Dur\u00e9e de lecture estim\u00e9e\" \/>\n\t<meta name=\"twitter:data2\" content=\"1 minute\" \/>\n<script type=\"application\/ld+json\" class=\"yoast-schema-graph\">{\"@context\":\"https:\/\/schema.org\",\"@graph\":[{\"@type\":\"Article\",\"@id\":\"https:\/\/vosgesinfo.fr\/remiremontinfo\/2019\/01\/region-offre-gratuite-ter-aux-forces-de-lordre\/#article\",\"isPartOf\":{\"@id\":\"https:\/\/vosgesinfo.fr\/remiremontinfo\/2019\/01\/region-offre-gratuite-ter-aux-forces-de-lordre\/\"},\"author\":{\"name\":\"C D\",\"@id\":\"https:\/\/vosgesinfo.fr\/remiremontinfo\/#\/schema\/person\/3bfd164d5218a185b1db68655a265316\"},\"headline\":\"La R\u00e9gion offre la gratuit\u00e9 des TER aux forces de l\u2019ordre\",\"datePublished\":\"2019-01-18T07:58:17+00:00\",\"dateModified\":\"2019-01-18T07:58:17+00:00\",\"mainEntityOfPage\":{\"@id\":\"https:\/\/vosgesinfo.fr\/remiremontinfo\/2019\/01\/region-offre-gratuite-ter-aux-forces-de-lordre\/\"},\"wordCount\":232,\"commentCount\":0,\"publisher\":{\"@id\":\"https:\/\/vosgesinfo.fr\/remiremontinfo\/#organization\"},\"image\":{\"@id\":\"https:\/\/vosgesinfo.fr\/remiremontinfo\/2019\/01\/region-offre-gratuite-ter-aux-forces-de-lordre\/#primaryimage\"},\"thumbnailUrl\":\"https:\/\/vosgesinfo.fr\/app\/uploads\/sites\/5\/2024\/09\/201611voiture-de-police.jpg\",\"articleSection\":[\"A la Une\",\"R\u00e9gion\"],\"inLanguage\":\"fr-FR\",\"potentialAction\":[{\"@type\":\"CommentAction\",\"name\":\"Comment\",\"target\":[\"https:\/\/vosgesinfo.fr\/remiremontinfo\/2019\/01\/region-offre-gratuite-ter-aux-forces-de-lordre\/#respond\"]}]},{\"@type\":\"WebPage\",\"@id\":\"https:\/\/vosgesinfo.fr\/remiremontinfo\/2019\/01\/region-offre-gratuite-ter-aux-forces-de-lordre\/\",\"url\":\"https:\/\/vosgesinfo.fr\/remiremontinfo\/2019\/01\/region-offre-gratuite-ter-aux-forces-de-lordre\/\",\"name\":\"La R\u00e9gion offre la gratuit\u00e9 des TER aux forces de l\u2019ordre - Remiremont Info\",\"isPartOf\":{\"@id\":\"https:\/\/vosgesinfo.fr\/remiremontinfo\/#website\"},\"primaryImageOfPage\":{\"@id\":\"https:\/\/vosgesinfo.fr\/remiremontinfo\/2019\/01\/region-offre-gratuite-ter-aux-forces-de-lordre\/#primaryimage\"},\"image\":{\"@id\":\"https:\/\/vosgesinfo.fr\/remiremontinfo\/2019\/01\/region-offre-gratuite-ter-aux-forces-de-lordre\/#primaryimage\"},\"thumbnailUrl\":\"https:\/\/vosgesinfo.fr\/app\/uploads\/sites\/5\/2024\/09\/201611voiture-de-police.jpg\",\"datePublished\":\"2019-01-18T07:58:17+00:00\",\"dateModified\":\"2019-01-18T07:58:17+00:00\",\"breadcrumb\":{\"@id\":\"https:\/\/vosgesinfo.fr\/remiremontinfo\/2019\/01\/region-offre-gratuite-ter-aux-forces-de-lordre\/#breadcrumb\"},\"inLanguage\":\"fr-FR\",\"potentialAction\":[{\"@type\":\"ReadAction\",\"target\":[\"https:\/\/vosgesinfo.fr\/remiremontinfo\/2019\/01\/region-offre-gratuite-ter-aux-forces-de-lordre\/\"]}]},{\"@type\":\"ImageObject\",\"inLanguage\":\"fr-FR\",\"@id\":\"https:\/\/vosgesinfo.fr\/remiremontinfo\/2019\/01\/region-offre-gratuite-ter-aux-forces-de-lordre\/#primaryimage\",\"url\":\"https:\/\/vosgesinfo.fr\/app\/uploads\/sites\/5\/2024\/09\/201611voiture-de-police.jpg\",\"contentUrl\":\"https:\/\/vosgesinfo.fr\/app\/uploads\/sites\/5\/2024\/09\/201611voiture-de-police.jpg\",\"width\":622,\"height\":349},{\"@type\":\"BreadcrumbList\",\"@id\":\"https:\/\/vosgesinfo.fr\/remiremontinfo\/2019\/01\/region-offre-gratuite-ter-aux-forces-de-lordre\/#breadcrumb\",\"itemListElement\":[{\"@type\":\"ListItem\",\"position\":1,\"name\":\"Home\",\"item\":\"https:\/\/vosgesinfo.fr\/remiremontinfo\/\"},{\"@type\":\"ListItem\",\"position\":2,\"name\":\"La R\u00e9gion offre la gratuit\u00e9 des TER aux forces de l\u2019ordre\"}]},{\"@type\":\"WebSite\",\"@id\":\"https:\/\/vosgesinfo.fr\/remiremontinfo\/#website\",\"url\":\"https:\/\/vosgesinfo.fr\/remiremontinfo\/\",\"name\":\"Remiremont Info\",\"description\":\"Toute l&#039;actualit\u00e9 de Remiremont\",\"publisher\":{\"@id\":\"https:\/\/vosgesinfo.fr\/remiremontinfo\/#organization\"},\"alternateName\":\"Toute l'actualit\u00e9 de Remiremont\",\"potentialAction\":[{\"@type\":\"SearchAction\",\"target\":{\"@type\":\"EntryPoint\",\"urlTemplate\":\"https:\/\/vosgesinfo.fr\/remiremontinfo\/?s={search_term_string}\"},\"query-input\":\"required name=search_term_string\"}],\"inLanguage\":\"fr-FR\"},{\"@type\":\"Organization\",\"@id\":\"https:\/\/vosgesinfo.fr\/remiremontinfo\/#organization\",\"name\":\"Remiremont Info\",\"url\":\"https:\/\/vosgesinfo.fr\/remiremontinfo\/\",\"logo\":{\"@type\":\"ImageObject\",\"inLanguage\":\"fr-FR\",\"@id\":\"https:\/\/vosgesinfo.fr\/remiremontinfo\/#\/schema\/logo\/image\/\",\"url\":\"https:\/\/vosgesinfo.fr\/app\/uploads\/sites\/5\/2023\/08\/favicon-remiremontinfo.png\",\"contentUrl\":\"https:\/\/vosgesinfo.fr\/app\/uploads\/sites\/5\/2023\/08\/favicon-remiremontinfo.png\",\"width\":512,\"height\":512,\"caption\":\"Remiremont Info\"},\"image\":{\"@id\":\"https:\/\/vosgesinfo.fr\/remiremontinfo\/#\/schema\/logo\/image\/\"},\"sameAs\":[\"https:\/\/www.facebook.com\/remiremontinfo\",\"https:\/\/x.com\/VosgesInfo88\",\"https:\/\/www.youtube.com\/@vosgesinfo\"]},{\"@type\":\"Person\",\"@id\":\"https:\/\/vosgesinfo.fr\/remiremontinfo\/#\/schema\/person\/3bfd164d5218a185b1db68655a265316\",\"name\":\"C D\",\"image\":{\"@type\":\"ImageObject\",\"inLanguage\":\"fr-FR\",\"@id\":\"https:\/\/vosgesinfo.fr\/remiremontinfo\/#\/schema\/person\/image\/\",\"url\":\"https:\/\/secure.gravatar.com\/avatar\/1f9a70007336511a47468b8f1c66f922b8b7cf617b02a31149ada43893a5d48f?s=96&d=mm&r=g\",\"contentUrl\":\"https:\/\/secure.gravatar.com\/avatar\/1f9a70007336511a47468b8f1c66f922b8b7cf617b02a31149ada43893a5d48f?s=96&d=mm&r=g\",\"caption\":\"C D\"},\"url\":\"https:\/\/vosgesinfo.fr\/remiremontinfo\/author\/cedric-drevet\/\"}]}<\/script>\n<!-- \/ Yoast SEO plugin. -->","yoast_head_json":{"title":"La R\u00e9gion offre la gratuit\u00e9 des TER aux forces de l\u2019ordre - Remiremont Info","robots":{"index":"index","follow":"follow","max-snippet":"max-snippet:-1","max-image-preview":"max-image-preview:large","max-video-preview":"max-video-preview:-1"},"canonical":"https:\/\/vosgesinfo.fr\/remiremontinfo\/2019\/01\/region-offre-gratuite-ter-aux-forces-de-lordre\/","twitter_card":"summary_large_image","twitter_title":"La R\u00e9gion offre la gratuit\u00e9 des TER aux forces de l\u2019ordre - Remiremont Info","twitter_description":"A partir du 1er\u00a0f\u00e9vrier 2019, la R\u00e9gion Grand Est permettra aux policiers et gendarmes du Grand Est de circuler gratuitement [&hellip;]","twitter_image":"https:\/\/vosgesinfo.fr\/app\/uploads\/sites\/5\/2024\/09\/201611voiture-de-police.jpg","twitter_creator":"@VosgesInfo88","twitter_site":"@VosgesInfo88","twitter_misc":{"\u00c9crit par":"C D","Dur\u00e9e de lecture estim\u00e9e":"1 minute"},"schema":{"@context":"https:\/\/schema.org","@graph":[{"@type":"Article","@id":"https:\/\/vosgesinfo.fr\/remiremontinfo\/2019\/01\/region-offre-gratuite-ter-aux-forces-de-lordre\/#article","isPartOf":{"@id":"https:\/\/vosgesinfo.fr\/remiremontinfo\/2019\/01\/region-offre-gratuite-ter-aux-forces-de-lordre\/"},"author":{"name":"C D","@id":"https:\/\/vosgesinfo.fr\/remiremontinfo\/#\/schema\/person\/3bfd164d5218a185b1db68655a265316"},"headline":"La R\u00e9gion offre la gratuit\u00e9 des TER aux forces de l\u2019ordre","datePublished":"2019-01-18T07:58:17+00:00","dateModified":"2019-01-18T07:58:17+00:00","mainEntityOfPage":{"@id":"https:\/\/vosgesinfo.fr\/remiremontinfo\/2019\/01\/region-offre-gratuite-ter-aux-forces-de-lordre\/"},"wordCount":232,"commentCount":0,"publisher":{"@id":"https:\/\/vosgesinfo.fr\/remiremontinfo\/#organization"},"image":{"@id":"https:\/\/vosgesinfo.fr\/remiremontinfo\/2019\/01\/region-offre-gratuite-ter-aux-forces-de-lordre\/#primaryimage"},"thumbnailUrl":"https:\/\/vosgesinfo.fr\/app\/uploads\/sites\/5\/2024\/09\/201611voiture-de-police.jpg","articleSection":["A la Une","R\u00e9gion"],"inLanguage":"fr-FR","potentialAction":[{"@type":"CommentAction","name":"Comment","target":["https:\/\/vosgesinfo.fr\/remiremontinfo\/2019\/01\/region-offre-gratuite-ter-aux-forces-de-lordre\/#respond"]}]},{"@type":"WebPage","@id":"https:\/\/vosgesinfo.fr\/remiremontinfo\/2019\/01\/region-offre-gratuite-ter-aux-forces-de-lordre\/","url":"https:\/\/vosgesinfo.fr\/remiremontinfo\/2019\/01\/region-offre-gratuite-ter-aux-forces-de-lordre\/","name":"La R\u00e9gion offre la gratuit\u00e9 des TER aux forces de l\u2019ordre - Remiremont Info","isPartOf":{"@id":"https:\/\/vosgesinfo.fr\/remiremontinfo\/#website"},"primaryImageOfPage":{"@id":"https:\/\/vosgesinfo.fr\/remiremontinfo\/2019\/01\/region-offre-gratuite-ter-aux-forces-de-lordre\/#primaryimage"},"image":{"@id":"https:\/\/vosgesinfo.fr\/remiremontinfo\/2019\/01\/region-offre-gratuite-ter-aux-forces-de-lordre\/#primaryimage"},"thumbnailUrl":"https:\/\/vosgesinfo.fr\/app\/uploads\/sites\/5\/2024\/09\/201611voiture-de-police.jpg","datePublished":"2019-01-18T07:58:17+00:00","dateModified":"2019-01-18T07:58:17+00:00","breadcrumb":{"@id":"https:\/\/vosgesinfo.fr\/remiremontinfo\/2019\/01\/region-offre-gratuite-ter-aux-forces-de-lordre\/#breadcrumb"},"inLanguage":"fr-FR","potentialAction":[{"@type":"ReadAction","target":["https:\/\/vosgesinfo.fr\/remiremontinfo\/2019\/01\/region-offre-gratuite-ter-aux-forces-de-lordre\/"]}]},{"@type":"ImageObject","inLanguage":"fr-FR","@id":"https:\/\/vosgesinfo.fr\/remiremontinfo\/2019\/01\/region-offre-gratuite-ter-aux-forces-de-lordre\/#primaryimage","url":"https:\/\/vosgesinfo.fr\/app\/uploads\/sites\/5\/2024\/09\/201611voiture-de-police.jpg","contentUrl":"https:\/\/vosgesinfo.fr\/app\/uploads\/sites\/5\/2024\/09\/201611voiture-de-police.jpg","width":622,"height":349},{"@type":"BreadcrumbList","@id":"https:\/\/vosgesinfo.fr\/remiremontinfo\/2019\/01\/region-offre-gratuite-ter-aux-forces-de-lordre\/#breadcrumb","itemListElement":[{"@type":"ListItem","position":1,"name":"Home","item":"https:\/\/vosgesinfo.fr\/remiremontinfo\/"},{"@type":"ListItem","position":2,"name":"La R\u00e9gion offre la gratuit\u00e9 des TER aux forces de l\u2019ordre"}]},{"@type":"WebSite","@id":"https:\/\/vosgesinfo.fr\/remiremontinfo\/#website","url":"https:\/\/vosgesinfo.fr\/remiremontinfo\/","name":"Remiremont Info","description":"Toute l&#039;actualit\u00e9 de Remiremont","publisher":{"@id":"https:\/\/vosgesinfo.fr\/remiremontinfo\/#organization"},"alternateName":"Toute l'actualit\u00e9 de Remiremont","potentialAction":[{"@type":"SearchAction","target":{"@type":"EntryPoint","urlTemplate":"https:\/\/vosgesinfo.fr\/remiremontinfo\/?s={search_term_string}"},"query-input":"required name=search_term_string"}],"inLanguage":"fr-FR"},{"@type":"Organization","@id":"https:\/\/vosgesinfo.fr\/remiremontinfo\/#organization","name":"Remiremont Info","url":"https:\/\/vosgesinfo.fr\/remiremontinfo\/","logo":{"@type":"ImageObject","inLanguage":"fr-FR","@id":"https:\/\/vosgesinfo.fr\/remiremontinfo\/#\/schema\/logo\/image\/","url":"https:\/\/vosgesinfo.fr\/app\/uploads\/sites\/5\/2023\/08\/favicon-remiremontinfo.png","contentUrl":"https:\/\/vosgesinfo.fr\/app\/uploads\/sites\/5\/2023\/08\/favicon-remiremontinfo.png","width":512,"height":512,"caption":"Remiremont Info"},"image":{"@id":"https:\/\/vosgesinfo.fr\/remiremontinfo\/#\/schema\/logo\/image\/"},"sameAs":["https:\/\/www.facebook.com\/remiremontinfo","https:\/\/x.com\/VosgesInfo88","https:\/\/www.youtube.com\/@vosgesinfo"]},{"@type":"Person","@id":"https:\/\/vosgesinfo.fr\/remiremontinfo\/#\/schema\/person\/3bfd164d5218a185b1db68655a265316","name":"C D","image":{"@type":"ImageObject","inLanguage":"fr-FR","@id":"https:\/\/vosgesinfo.fr\/remiremontinfo\/#\/schema\/person\/image\/","url":"https:\/\/secure.gravatar.com\/avatar\/1f9a70007336511a47468b8f1c66f922b8b7cf617b02a31149ada43893a5d48f?s=96&d=mm&r=g","contentUrl":"https:\/\/secure.gravatar.com\/avatar\/1f9a70007336511a47468b8f1c66f922b8b7cf617b02a31149ada43893a5d48f?s=96&d=mm&r=g","caption":"C D"},"url":"https:\/\/vosgesinfo.fr\/remiremontinfo\/author\/cedric-drevet\/"}]}},"_links":{"self":[{"href":"https:\/\/vosgesinfo.fr\/remiremontinfo\/wp-json\/wp\/v2\/posts\/9725","targetHints":{"allow":["GET"]}}],"collection":[{"href":"https:\/\/vosgesinfo.fr\/remiremontinfo\/wp-json\/wp\/v2\/posts"}],"about":[{"href":"https:\/\/vosgesinfo.fr\/remiremontinfo\/wp-json\/wp\/v2\/types\/post"}],"author":[{"embeddable":true,"href":"https:\/\/vosgesinfo.fr\/remiremontinfo\/wp-json\/wp\/v2\/users\/407"}],"replies":[{"embeddable":true,"href":"https:\/\/vosgesinfo.fr\/remiremontinfo\/wp-json\/wp\/v2\/comments?post=9725"}],"version-history":[{"count":0,"href":"https:\/\/vosgesinfo.fr\/remiremontinfo\/wp-json\/wp\/v2\/posts\/9725\/revisions"}],"wp:featuredmedia":[{"embeddable":true,"href":"https:\/\/vosgesinfo.fr\/remiremontinfo\/wp-json\/wp\/v2\/media\/9726"}],"wp:attachment":[{"href":"https:\/\/vosgesinfo.fr\/remiremontinfo\/wp-json\/wp\/v2\/media?parent=9725"}],"wp:term":[{"taxonomy":"category","embeddable":true,"href":"https:\/\/vosgesinfo.fr\/remiremontinfo\/wp-json\/wp\/v2\/categories?post=9725"},{"taxonomy":"post_tag","embeddable":true,"href":"https:\/\/vosgesinfo.fr\/remiremontinfo\/wp-json\/wp\/v2\/tags?post=9725"}],"curies":[{"name":"wp","href":"https:\/\/api.w.org\/{rel}","templated":true}]}}