{"id":9748,"date":"2019-01-20T12:20:27","date_gmt":"2019-01-20T11:20:27","guid":{"rendered":"https:\/\/vosgesinfo.fr\/remiremontinfo\/2019\/01\/spectacles-gratuits-a-radio-gue-mozot\/"},"modified":"2019-01-20T12:20:27","modified_gmt":"2019-01-20T11:20:27","slug":"spectacles-gratuits-a-radio-gue-mozot","status":"publish","type":"post","link":"https:\/\/vosgesinfo.fr\/remiremontinfo\/2019\/01\/spectacles-gratuits-a-radio-gue-mozot\/","title":{"rendered":"Spectacles gratuits \u00e0 Radio Gu\u00e9 Mozot"},"content":{"rendered":"<p>Radio Gu\u00e9 Mozot organise des spectacles gratuits destin\u00e9s \u00e0 tous, le premier samedi de chaque mois, dans ses studios situ\u00e9s au 8 place de l&rsquo;h\u00f4tel de ville \u00e0 St-Etienne-l\u00e8s-Remiremont.<\/p>\n<p>Les prochains se d\u00e9rouleront le 2 f\u00e9vrier \u00e0 17h et la programmation vient tout juste d&rsquo;\u00eatre d\u00e9voil\u00e9e&#8230;<\/p>\n<p>Il y aura de l&rsquo;humour avec \u00ab\u00a0Le duo des Morettos\u00a0\u00bb. Un p\u00e8re et son fils. L&rsquo;un est humoriste, s&rsquo;amusant avec les mots \u00e0 la mani\u00e8re de Raymond Devos. L&rsquo;autre joue de la fl\u00fbte traversi\u00e8re et donne le change pour quelques sketchs. C&rsquo;est dr\u00f4le, touchant et musical!<\/p>\n<p>La chanson quant \u00e0 elle, sera pr\u00e9sente gr\u00e2ce Gillou, qui est animateur sur la station organisatrice et \u00e9galement chanteur. Il a d\u00e9j\u00e0 sorti 2 CD 2 titres, et a aussi quelques reprises dans son r\u00e9pertoire.<\/p>\n<p>Le public int\u00e9ress\u00e9 pourra venir spontan\u00e9ment le jour j, ou r\u00e9server en envoyant un mail \u00e0 <a href=\"mailto:contact@radioguemozot.eu\">contact@radioguemozot.eu<\/a> en indiquant nom, pr\u00e9nom, et nombre de personnes.<\/p>\n<p>En plus de pouvoir y assister, il y aura la possibilit\u00e9 d&rsquo;\u00e9couter sur le 107 FM ou sur <a href=\"http:\/\/www.radioguemozot.eu\/\">http:\/\/www.radioguemozot.eu\/<\/a> et de visionner le Facebook live sur la page de la radio.<\/p>\n<p>Celle-ci vous propose, si vous le souhaitez, de lui transmettre par mail, le nom d&rsquo;artistes locaux que vous aimeriez voir lors de ces rendez-vous mensuels.<\/p>\n<p><a href=\"\/2019\/01\/Duo-Morettos.jpg\">\u00a0 \u00a0 \u00a0 \u00a0 \u00a0 \u00a0 \u00a0 \u00a0 \u00a0 \u00a0 \u00a0 \u00a0 \u00a0\u00a0 <img decoding=\"async\" class=\"alignnone size-medium wp-image-251490\" src=\"\/2019\/01\/Duo-Morettos-400x242.jpg\" alt=\"Duo Morettos\" width=\"400\" height=\"242\" \/><\/a> \u00a0 \u00a0<a href=\"\/2019\/01\/Gillou.jpg\"><img decoding=\"async\" class=\"alignnone size-medium wp-image-251491\" src=\"\/2019\/01\/Gillou-400x251.jpg\" alt=\"Gillou\" width=\"400\" height=\"251\" \/><\/a><\/p>\n","protected":false},"excerpt":{"rendered":"<p>Radio Gu\u00e9 Mozot organise des spectacles gratuits destin\u00e9s \u00e0 tous, le premier samedi de chaque mois, dans ses studios situ\u00e9s [&hellip;]<\/p>\n","protected":false},"author":64,"featured_media":9749,"comment_status":"open","ping_status":"open","sticky":false,"template":"","format":"standard","meta":{"footnotes":""},"categories":[26,4,35],"tags":[],"class_list":["post-9748","post","type-post","status-publish","format-standard","has-post-thumbnail","hentry","category-a-la-une","category-culture","category-remiremont-son-canton"],"acf":[],"yoast_head":"<!-- This site is optimized with the Yoast SEO plugin v22.5 - https:\/\/yoast.com\/wordpress\/plugins\/seo\/ -->\n<title>Spectacles gratuits \u00e0 Radio Gu\u00e9 Mozot - Remiremont Info<\/title>\n<meta name=\"robots\" content=\"index, follow, max-snippet:-1, max-image-preview:large, max-video-preview:-1\" \/>\n<link rel=\"canonical\" href=\"https:\/\/vosgesinfo.fr\/remiremontinfo\/2019\/01\/spectacles-gratuits-a-radio-gue-mozot\/\" \/>\n<meta name=\"twitter:card\" content=\"summary_large_image\" \/>\n<meta name=\"twitter:title\" content=\"Spectacles gratuits \u00e0 Radio Gu\u00e9 Mozot - Remiremont Info\" \/>\n<meta name=\"twitter:description\" content=\"Radio Gu\u00e9 Mozot organise des spectacles gratuits destin\u00e9s \u00e0 tous, le premier samedi de chaque mois, dans ses studios situ\u00e9s [&hellip;]\" \/>\n<meta name=\"twitter:image\" content=\"https:\/\/vosgesinfo.fr\/app\/uploads\/sites\/5\/2024\/09\/201901duo-morettos.jpg\" \/>\n<meta name=\"twitter:creator\" content=\"@VosgesInfo88\" \/>\n<meta name=\"twitter:site\" content=\"@VosgesInfo88\" \/>\n<meta name=\"twitter:label1\" content=\"\u00c9crit par\" \/>\n\t<meta name=\"twitter:data1\" content=\"RGM\" \/>\n\t<meta name=\"twitter:label2\" content=\"Dur\u00e9e de lecture estim\u00e9e\" \/>\n\t<meta name=\"twitter:data2\" content=\"1 minute\" \/>\n<script type=\"application\/ld+json\" class=\"yoast-schema-graph\">{\"@context\":\"https:\/\/schema.org\",\"@graph\":[{\"@type\":\"Article\",\"@id\":\"https:\/\/vosgesinfo.fr\/remiremontinfo\/2019\/01\/spectacles-gratuits-a-radio-gue-mozot\/#article\",\"isPartOf\":{\"@id\":\"https:\/\/vosgesinfo.fr\/remiremontinfo\/2019\/01\/spectacles-gratuits-a-radio-gue-mozot\/\"},\"author\":{\"name\":\"RGM\",\"@id\":\"https:\/\/vosgesinfo.fr\/remiremontinfo\/#\/schema\/person\/06cabf2fb8670007d1e7d1850e9b8175\"},\"headline\":\"Spectacles gratuits \u00e0 Radio Gu\u00e9 Mozot\",\"datePublished\":\"2019-01-20T11:20:27+00:00\",\"dateModified\":\"2019-01-20T11:20:27+00:00\",\"mainEntityOfPage\":{\"@id\":\"https:\/\/vosgesinfo.fr\/remiremontinfo\/2019\/01\/spectacles-gratuits-a-radio-gue-mozot\/\"},\"wordCount\":237,\"commentCount\":0,\"publisher\":{\"@id\":\"https:\/\/vosgesinfo.fr\/remiremontinfo\/#organization\"},\"image\":{\"@id\":\"https:\/\/vosgesinfo.fr\/remiremontinfo\/2019\/01\/spectacles-gratuits-a-radio-gue-mozot\/#primaryimage\"},\"thumbnailUrl\":\"https:\/\/vosgesinfo.fr\/app\/uploads\/sites\/5\/2024\/09\/201901duo-morettos.jpg\",\"articleSection\":[\"A la Une\",\"Culture\",\"Remiremont &amp; son canton\"],\"inLanguage\":\"fr-FR\",\"potentialAction\":[{\"@type\":\"CommentAction\",\"name\":\"Comment\",\"target\":[\"https:\/\/vosgesinfo.fr\/remiremontinfo\/2019\/01\/spectacles-gratuits-a-radio-gue-mozot\/#respond\"]}]},{\"@type\":\"WebPage\",\"@id\":\"https:\/\/vosgesinfo.fr\/remiremontinfo\/2019\/01\/spectacles-gratuits-a-radio-gue-mozot\/\",\"url\":\"https:\/\/vosgesinfo.fr\/remiremontinfo\/2019\/01\/spectacles-gratuits-a-radio-gue-mozot\/\",\"name\":\"Spectacles gratuits \u00e0 Radio Gu\u00e9 Mozot - Remiremont Info\",\"isPartOf\":{\"@id\":\"https:\/\/vosgesinfo.fr\/remiremontinfo\/#website\"},\"primaryImageOfPage\":{\"@id\":\"https:\/\/vosgesinfo.fr\/remiremontinfo\/2019\/01\/spectacles-gratuits-a-radio-gue-mozot\/#primaryimage\"},\"image\":{\"@id\":\"https:\/\/vosgesinfo.fr\/remiremontinfo\/2019\/01\/spectacles-gratuits-a-radio-gue-mozot\/#primaryimage\"},\"thumbnailUrl\":\"https:\/\/vosgesinfo.fr\/app\/uploads\/sites\/5\/2024\/09\/201901duo-morettos.jpg\",\"datePublished\":\"2019-01-20T11:20:27+00:00\",\"dateModified\":\"2019-01-20T11:20:27+00:00\",\"breadcrumb\":{\"@id\":\"https:\/\/vosgesinfo.fr\/remiremontinfo\/2019\/01\/spectacles-gratuits-a-radio-gue-mozot\/#breadcrumb\"},\"inLanguage\":\"fr-FR\",\"potentialAction\":[{\"@type\":\"ReadAction\",\"target\":[\"https:\/\/vosgesinfo.fr\/remiremontinfo\/2019\/01\/spectacles-gratuits-a-radio-gue-mozot\/\"]}]},{\"@type\":\"ImageObject\",\"inLanguage\":\"fr-FR\",\"@id\":\"https:\/\/vosgesinfo.fr\/remiremontinfo\/2019\/01\/spectacles-gratuits-a-radio-gue-mozot\/#primaryimage\",\"url\":\"https:\/\/vosgesinfo.fr\/app\/uploads\/sites\/5\/2024\/09\/201901duo-morettos.jpg\",\"contentUrl\":\"https:\/\/vosgesinfo.fr\/app\/uploads\/sites\/5\/2024\/09\/201901duo-morettos.jpg\",\"width\":660,\"height\":400},{\"@type\":\"BreadcrumbList\",\"@id\":\"https:\/\/vosgesinfo.fr\/remiremontinfo\/2019\/01\/spectacles-gratuits-a-radio-gue-mozot\/#breadcrumb\",\"itemListElement\":[{\"@type\":\"ListItem\",\"position\":1,\"name\":\"Home\",\"item\":\"https:\/\/vosgesinfo.fr\/remiremontinfo\/\"},{\"@type\":\"ListItem\",\"position\":2,\"name\":\"Spectacles gratuits \u00e0 Radio Gu\u00e9 Mozot\"}]},{\"@type\":\"WebSite\",\"@id\":\"https:\/\/vosgesinfo.fr\/remiremontinfo\/#website\",\"url\":\"https:\/\/vosgesinfo.fr\/remiremontinfo\/\",\"name\":\"Remiremont Info\",\"description\":\"Toute l&#039;actualit\u00e9 de Remiremont\",\"publisher\":{\"@id\":\"https:\/\/vosgesinfo.fr\/remiremontinfo\/#organization\"},\"alternateName\":\"Toute l'actualit\u00e9 de Remiremont\",\"potentialAction\":[{\"@type\":\"SearchAction\",\"target\":{\"@type\":\"EntryPoint\",\"urlTemplate\":\"https:\/\/vosgesinfo.fr\/remiremontinfo\/?s={search_term_string}\"},\"query-input\":\"required name=search_term_string\"}],\"inLanguage\":\"fr-FR\"},{\"@type\":\"Organization\",\"@id\":\"https:\/\/vosgesinfo.fr\/remiremontinfo\/#organization\",\"name\":\"Remiremont Info\",\"url\":\"https:\/\/vosgesinfo.fr\/remiremontinfo\/\",\"logo\":{\"@type\":\"ImageObject\",\"inLanguage\":\"fr-FR\",\"@id\":\"https:\/\/vosgesinfo.fr\/remiremontinfo\/#\/schema\/logo\/image\/\",\"url\":\"https:\/\/vosgesinfo.fr\/app\/uploads\/sites\/5\/2023\/08\/favicon-remiremontinfo.png\",\"contentUrl\":\"https:\/\/vosgesinfo.fr\/app\/uploads\/sites\/5\/2023\/08\/favicon-remiremontinfo.png\",\"width\":512,\"height\":512,\"caption\":\"Remiremont Info\"},\"image\":{\"@id\":\"https:\/\/vosgesinfo.fr\/remiremontinfo\/#\/schema\/logo\/image\/\"},\"sameAs\":[\"https:\/\/www.facebook.com\/remiremontinfo\",\"https:\/\/x.com\/VosgesInfo88\",\"https:\/\/www.youtube.com\/@vosgesinfo\"]},{\"@type\":\"Person\",\"@id\":\"https:\/\/vosgesinfo.fr\/remiremontinfo\/#\/schema\/person\/06cabf2fb8670007d1e7d1850e9b8175\",\"name\":\"RGM\",\"image\":{\"@type\":\"ImageObject\",\"inLanguage\":\"fr-FR\",\"@id\":\"https:\/\/vosgesinfo.fr\/remiremontinfo\/#\/schema\/person\/image\/\",\"url\":\"https:\/\/secure.gravatar.com\/avatar\/9963645761824ae4793ebbb770563a9128450c2727b21578e71d4c7044b98652?s=96&d=mm&r=g\",\"contentUrl\":\"https:\/\/secure.gravatar.com\/avatar\/9963645761824ae4793ebbb770563a9128450c2727b21578e71d4c7044b98652?s=96&d=mm&r=g\",\"caption\":\"RGM\"},\"url\":\"https:\/\/vosgesinfo.fr\/remiremontinfo\/author\/rgm\/\"}]}<\/script>\n<!-- \/ Yoast SEO plugin. -->","yoast_head_json":{"title":"Spectacles gratuits \u00e0 Radio Gu\u00e9 Mozot - Remiremont Info","robots":{"index":"index","follow":"follow","max-snippet":"max-snippet:-1","max-image-preview":"max-image-preview:large","max-video-preview":"max-video-preview:-1"},"canonical":"https:\/\/vosgesinfo.fr\/remiremontinfo\/2019\/01\/spectacles-gratuits-a-radio-gue-mozot\/","twitter_card":"summary_large_image","twitter_title":"Spectacles gratuits \u00e0 Radio Gu\u00e9 Mozot - Remiremont Info","twitter_description":"Radio Gu\u00e9 Mozot organise des spectacles gratuits destin\u00e9s \u00e0 tous, le premier samedi de chaque mois, dans ses studios situ\u00e9s [&hellip;]","twitter_image":"https:\/\/vosgesinfo.fr\/app\/uploads\/sites\/5\/2024\/09\/201901duo-morettos.jpg","twitter_creator":"@VosgesInfo88","twitter_site":"@VosgesInfo88","twitter_misc":{"\u00c9crit par":"RGM","Dur\u00e9e de lecture estim\u00e9e":"1 minute"},"schema":{"@context":"https:\/\/schema.org","@graph":[{"@type":"Article","@id":"https:\/\/vosgesinfo.fr\/remiremontinfo\/2019\/01\/spectacles-gratuits-a-radio-gue-mozot\/#article","isPartOf":{"@id":"https:\/\/vosgesinfo.fr\/remiremontinfo\/2019\/01\/spectacles-gratuits-a-radio-gue-mozot\/"},"author":{"name":"RGM","@id":"https:\/\/vosgesinfo.fr\/remiremontinfo\/#\/schema\/person\/06cabf2fb8670007d1e7d1850e9b8175"},"headline":"Spectacles gratuits \u00e0 Radio Gu\u00e9 Mozot","datePublished":"2019-01-20T11:20:27+00:00","dateModified":"2019-01-20T11:20:27+00:00","mainEntityOfPage":{"@id":"https:\/\/vosgesinfo.fr\/remiremontinfo\/2019\/01\/spectacles-gratuits-a-radio-gue-mozot\/"},"wordCount":237,"commentCount":0,"publisher":{"@id":"https:\/\/vosgesinfo.fr\/remiremontinfo\/#organization"},"image":{"@id":"https:\/\/vosgesinfo.fr\/remiremontinfo\/2019\/01\/spectacles-gratuits-a-radio-gue-mozot\/#primaryimage"},"thumbnailUrl":"https:\/\/vosgesinfo.fr\/app\/uploads\/sites\/5\/2024\/09\/201901duo-morettos.jpg","articleSection":["A la Une","Culture","Remiremont &amp; son canton"],"inLanguage":"fr-FR","potentialAction":[{"@type":"CommentAction","name":"Comment","target":["https:\/\/vosgesinfo.fr\/remiremontinfo\/2019\/01\/spectacles-gratuits-a-radio-gue-mozot\/#respond"]}]},{"@type":"WebPage","@id":"https:\/\/vosgesinfo.fr\/remiremontinfo\/2019\/01\/spectacles-gratuits-a-radio-gue-mozot\/","url":"https:\/\/vosgesinfo.fr\/remiremontinfo\/2019\/01\/spectacles-gratuits-a-radio-gue-mozot\/","name":"Spectacles gratuits \u00e0 Radio Gu\u00e9 Mozot - Remiremont Info","isPartOf":{"@id":"https:\/\/vosgesinfo.fr\/remiremontinfo\/#website"},"primaryImageOfPage":{"@id":"https:\/\/vosgesinfo.fr\/remiremontinfo\/2019\/01\/spectacles-gratuits-a-radio-gue-mozot\/#primaryimage"},"image":{"@id":"https:\/\/vosgesinfo.fr\/remiremontinfo\/2019\/01\/spectacles-gratuits-a-radio-gue-mozot\/#primaryimage"},"thumbnailUrl":"https:\/\/vosgesinfo.fr\/app\/uploads\/sites\/5\/2024\/09\/201901duo-morettos.jpg","datePublished":"2019-01-20T11:20:27+00:00","dateModified":"2019-01-20T11:20:27+00:00","breadcrumb":{"@id":"https:\/\/vosgesinfo.fr\/remiremontinfo\/2019\/01\/spectacles-gratuits-a-radio-gue-mozot\/#breadcrumb"},"inLanguage":"fr-FR","potentialAction":[{"@type":"ReadAction","target":["https:\/\/vosgesinfo.fr\/remiremontinfo\/2019\/01\/spectacles-gratuits-a-radio-gue-mozot\/"]}]},{"@type":"ImageObject","inLanguage":"fr-FR","@id":"https:\/\/vosgesinfo.fr\/remiremontinfo\/2019\/01\/spectacles-gratuits-a-radio-gue-mozot\/#primaryimage","url":"https:\/\/vosgesinfo.fr\/app\/uploads\/sites\/5\/2024\/09\/201901duo-morettos.jpg","contentUrl":"https:\/\/vosgesinfo.fr\/app\/uploads\/sites\/5\/2024\/09\/201901duo-morettos.jpg","width":660,"height":400},{"@type":"BreadcrumbList","@id":"https:\/\/vosgesinfo.fr\/remiremontinfo\/2019\/01\/spectacles-gratuits-a-radio-gue-mozot\/#breadcrumb","itemListElement":[{"@type":"ListItem","position":1,"name":"Home","item":"https:\/\/vosgesinfo.fr\/remiremontinfo\/"},{"@type":"ListItem","position":2,"name":"Spectacles gratuits \u00e0 Radio Gu\u00e9 Mozot"}]},{"@type":"WebSite","@id":"https:\/\/vosgesinfo.fr\/remiremontinfo\/#website","url":"https:\/\/vosgesinfo.fr\/remiremontinfo\/","name":"Remiremont Info","description":"Toute l&#039;actualit\u00e9 de Remiremont","publisher":{"@id":"https:\/\/vosgesinfo.fr\/remiremontinfo\/#organization"},"alternateName":"Toute l'actualit\u00e9 de Remiremont","potentialAction":[{"@type":"SearchAction","target":{"@type":"EntryPoint","urlTemplate":"https:\/\/vosgesinfo.fr\/remiremontinfo\/?s={search_term_string}"},"query-input":"required name=search_term_string"}],"inLanguage":"fr-FR"},{"@type":"Organization","@id":"https:\/\/vosgesinfo.fr\/remiremontinfo\/#organization","name":"Remiremont Info","url":"https:\/\/vosgesinfo.fr\/remiremontinfo\/","logo":{"@type":"ImageObject","inLanguage":"fr-FR","@id":"https:\/\/vosgesinfo.fr\/remiremontinfo\/#\/schema\/logo\/image\/","url":"https:\/\/vosgesinfo.fr\/app\/uploads\/sites\/5\/2023\/08\/favicon-remiremontinfo.png","contentUrl":"https:\/\/vosgesinfo.fr\/app\/uploads\/sites\/5\/2023\/08\/favicon-remiremontinfo.png","width":512,"height":512,"caption":"Remiremont Info"},"image":{"@id":"https:\/\/vosgesinfo.fr\/remiremontinfo\/#\/schema\/logo\/image\/"},"sameAs":["https:\/\/www.facebook.com\/remiremontinfo","https:\/\/x.com\/VosgesInfo88","https:\/\/www.youtube.com\/@vosgesinfo"]},{"@type":"Person","@id":"https:\/\/vosgesinfo.fr\/remiremontinfo\/#\/schema\/person\/06cabf2fb8670007d1e7d1850e9b8175","name":"RGM","image":{"@type":"ImageObject","inLanguage":"fr-FR","@id":"https:\/\/vosgesinfo.fr\/remiremontinfo\/#\/schema\/person\/image\/","url":"https:\/\/secure.gravatar.com\/avatar\/9963645761824ae4793ebbb770563a9128450c2727b21578e71d4c7044b98652?s=96&d=mm&r=g","contentUrl":"https:\/\/secure.gravatar.com\/avatar\/9963645761824ae4793ebbb770563a9128450c2727b21578e71d4c7044b98652?s=96&d=mm&r=g","caption":"RGM"},"url":"https:\/\/vosgesinfo.fr\/remiremontinfo\/author\/rgm\/"}]}},"_links":{"self":[{"href":"https:\/\/vosgesinfo.fr\/remiremontinfo\/wp-json\/wp\/v2\/posts\/9748","targetHints":{"allow":["GET"]}}],"collection":[{"href":"https:\/\/vosgesinfo.fr\/remiremontinfo\/wp-json\/wp\/v2\/posts"}],"about":[{"href":"https:\/\/vosgesinfo.fr\/remiremontinfo\/wp-json\/wp\/v2\/types\/post"}],"author":[{"embeddable":true,"href":"https:\/\/vosgesinfo.fr\/remiremontinfo\/wp-json\/wp\/v2\/users\/64"}],"replies":[{"embeddable":true,"href":"https:\/\/vosgesinfo.fr\/remiremontinfo\/wp-json\/wp\/v2\/comments?post=9748"}],"version-history":[{"count":0,"href":"https:\/\/vosgesinfo.fr\/remiremontinfo\/wp-json\/wp\/v2\/posts\/9748\/revisions"}],"wp:featuredmedia":[{"embeddable":true,"href":"https:\/\/vosgesinfo.fr\/remiremontinfo\/wp-json\/wp\/v2\/media\/9749"}],"wp:attachment":[{"href":"https:\/\/vosgesinfo.fr\/remiremontinfo\/wp-json\/wp\/v2\/media?parent=9748"}],"wp:term":[{"taxonomy":"category","embeddable":true,"href":"https:\/\/vosgesinfo.fr\/remiremontinfo\/wp-json\/wp\/v2\/categories?post=9748"},{"taxonomy":"post_tag","embeddable":true,"href":"https:\/\/vosgesinfo.fr\/remiremontinfo\/wp-json\/wp\/v2\/tags?post=9748"}],"curies":[{"name":"wp","href":"https:\/\/api.w.org\/{rel}","templated":true}]}}