{"id":9811,"date":"2019-01-22T08:30:59","date_gmt":"2019-01-22T07:30:59","guid":{"rendered":"https:\/\/vosgesinfo.fr\/remiremontinfo\/2019\/01\/lassociation-amis-lorrains-laos-convie-a-assemblee-generale\/"},"modified":"2019-01-22T08:30:59","modified_gmt":"2019-01-22T07:30:59","slug":"lassociation-amis-lorrains-laos-convie-a-assemblee-generale","status":"publish","type":"post","link":"https:\/\/vosgesinfo.fr\/remiremontinfo\/2019\/01\/lassociation-amis-lorrains-laos-convie-a-assemblee-generale\/","title":{"rendered":"L&rsquo;association \u00ab\u00a0Amis Lorrains du Laos\u00a0\u00bb vous convie \u00e0 son assembl\u00e9e g\u00e9n\u00e9rale"},"content":{"rendered":"<p class=\"p1\"><a href=\"\/2019\/01\/amis-du-laos.png\"><img decoding=\"async\" class=\"alignnone size-large wp-image-251643\" src=\"\/2019\/01\/amis-du-laos-1024x734.png\" alt=\"amis du laos\" width=\"960\" height=\"688\" \/><\/a><\/p>\n<p class=\"p1\"><span class=\"s1\">L&rsquo;association \u00e0 but humanitaire<span class=\"Apple-converted-space\">\u00a0 <\/span>\u00ab\u00a0Amis Lorrains Du Laos\u00a0\u00bb, tient son Assembl\u00e9e G\u00e9n\u00e9rale annuelle le samedi 2 mars \u00e0 17 h au centre socio culturel de St Nabord, salle Lorraine. Elle sera suivie \u00e0 19h 30 d&rsquo;un repas lao dont le menu suit :<\/span><\/p>\n<p class=\"p1\"><span class=\"s1\"> &#8211; Soupe lao \u00ab\u00a0Keng Phak\u00a0\u00bb<\/span><\/p>\n<p class=\"p1\"><span class=\"s1\"> &#8211; Mignon de porc \u00e0 l&rsquo;ananas<\/span><\/p>\n<p class=\"p1\"><span class=\"s1\"> &#8211; Riz Lao<\/span><\/p>\n<p class=\"p1\"><span class=\"s1\"> &#8211; G\u00e2teau fondant \u00e0 la courge<\/span><\/p>\n<p class=\"p1\"><span class=\"s1\"> &#8211; Th\u00e9 ou caf\u00e9<\/span><\/p>\n<p class=\"p1\"><span class=\"s1\">Une participation au repas est demand\u00e9e \u00e0 hauteur de 18 \u20ac qui devra \u00eatre r\u00e9gl\u00e9e \u00e0 l&rsquo;ordre de : <\/span><\/p>\n<p class=\"p1\"><span class=\"s1\"><span class=\"Apple-converted-space\">\u00a0\u00a0 \u00a0 <\/span>Amis Lorrains Du Laos, 110 rue des Fontenelles, 88200 Dommartin les Remiremont.<\/span><\/p>\n<p class=\"p1\"><span class=\"s1\">R\u00e9servation \u00e0 effectuer avant le 23 f\u00e9vrier 2019.<\/span><\/p>\n<p class=\"p1\"><a href=\"\/2019\/01\/2019_01-Lettre-aux-amis2-page-001.jpg\"><img decoding=\"async\" class=\"alignnone size-large wp-image-251644\" src=\"\/2019\/01\/2019_01-Lettre-aux-amis2-page-001-724x1024.jpg\" alt=\"2019_01 Lettre aux amis2-page-001\" width=\"724\" height=\"1024\" \/><\/a> <a href=\"\/2019\/01\/2019_01-Lettre-aux-amis2-page-002.jpg\"><img decoding=\"async\" class=\"alignnone size-large wp-image-251645\" src=\"\/2019\/01\/2019_01-Lettre-aux-amis2-page-002-724x1024.jpg\" alt=\"2019_01 Lettre aux amis2-page-002\" width=\"724\" height=\"1024\" \/><\/a><\/p>\n","protected":false},"excerpt":{"rendered":"<p>L&rsquo;association \u00e0 but humanitaire\u00a0 \u00ab\u00a0Amis Lorrains Du Laos\u00a0\u00bb, tient son Assembl\u00e9e G\u00e9n\u00e9rale annuelle le samedi 2 mars \u00e0 17 h [&hellip;]<\/p>\n","protected":false},"author":407,"featured_media":9812,"comment_status":"open","ping_status":"open","sticky":false,"template":"","format":"standard","meta":{"footnotes":""},"categories":[35,100,60],"tags":[],"class_list":["post-9811","post","type-post","status-publish","format-standard","has-post-thumbnail","hentry","category-remiremont-son-canton","category-saint-nabord","category-solidarite"],"acf":[],"yoast_head":"<!-- This site is optimized with the Yoast SEO plugin v22.5 - https:\/\/yoast.com\/wordpress\/plugins\/seo\/ -->\n<title>L&#039;association &quot;Amis Lorrains du Laos&quot; vous convie \u00e0 son assembl\u00e9e g\u00e9n\u00e9rale - Remiremont Info<\/title>\n<meta name=\"robots\" content=\"index, follow, max-snippet:-1, max-image-preview:large, max-video-preview:-1\" \/>\n<link rel=\"canonical\" href=\"https:\/\/vosgesinfo.fr\/remiremontinfo\/2019\/01\/lassociation-amis-lorrains-laos-convie-a-assemblee-generale\/\" \/>\n<meta name=\"twitter:card\" content=\"summary_large_image\" \/>\n<meta name=\"twitter:title\" content=\"L&#039;association &quot;Amis Lorrains du Laos&quot; vous convie \u00e0 son assembl\u00e9e g\u00e9n\u00e9rale - Remiremont Info\" \/>\n<meta name=\"twitter:description\" content=\"L&rsquo;association \u00e0 but humanitaire\u00a0 \u00ab\u00a0Amis Lorrains Du Laos\u00a0\u00bb, tient son Assembl\u00e9e G\u00e9n\u00e9rale annuelle le samedi 2 mars \u00e0 17 h [&hellip;]\" \/>\n<meta name=\"twitter:image\" content=\"https:\/\/vosgesinfo.fr\/app\/uploads\/sites\/5\/2024\/09\/201901amis-du-laos.png\" \/>\n<meta name=\"twitter:creator\" content=\"@VosgesInfo88\" \/>\n<meta name=\"twitter:site\" content=\"@VosgesInfo88\" \/>\n<meta name=\"twitter:label1\" content=\"\u00c9crit par\" \/>\n\t<meta name=\"twitter:data1\" content=\"C D\" \/>\n<script type=\"application\/ld+json\" class=\"yoast-schema-graph\">{\"@context\":\"https:\/\/schema.org\",\"@graph\":[{\"@type\":\"Article\",\"@id\":\"https:\/\/vosgesinfo.fr\/remiremontinfo\/2019\/01\/lassociation-amis-lorrains-laos-convie-a-assemblee-generale\/#article\",\"isPartOf\":{\"@id\":\"https:\/\/vosgesinfo.fr\/remiremontinfo\/2019\/01\/lassociation-amis-lorrains-laos-convie-a-assemblee-generale\/\"},\"author\":{\"name\":\"C D\",\"@id\":\"https:\/\/vosgesinfo.fr\/remiremontinfo\/#\/schema\/person\/3bfd164d5218a185b1db68655a265316\"},\"headline\":\"L&rsquo;association \u00ab\u00a0Amis Lorrains du Laos\u00a0\u00bb vous convie \u00e0 son assembl\u00e9e g\u00e9n\u00e9rale\",\"datePublished\":\"2019-01-22T07:30:59+00:00\",\"dateModified\":\"2019-01-22T07:30:59+00:00\",\"mainEntityOfPage\":{\"@id\":\"https:\/\/vosgesinfo.fr\/remiremontinfo\/2019\/01\/lassociation-amis-lorrains-laos-convie-a-assemblee-generale\/\"},\"wordCount\":114,\"commentCount\":0,\"publisher\":{\"@id\":\"https:\/\/vosgesinfo.fr\/remiremontinfo\/#organization\"},\"image\":{\"@id\":\"https:\/\/vosgesinfo.fr\/remiremontinfo\/2019\/01\/lassociation-amis-lorrains-laos-convie-a-assemblee-generale\/#primaryimage\"},\"thumbnailUrl\":\"https:\/\/vosgesinfo.fr\/app\/uploads\/sites\/5\/2024\/09\/201901amis-du-laos.png\",\"articleSection\":[\"Remiremont &amp; son canton\",\"Saint-Nabord\",\"Solidarit\u00e9\"],\"inLanguage\":\"fr-FR\",\"potentialAction\":[{\"@type\":\"CommentAction\",\"name\":\"Comment\",\"target\":[\"https:\/\/vosgesinfo.fr\/remiremontinfo\/2019\/01\/lassociation-amis-lorrains-laos-convie-a-assemblee-generale\/#respond\"]}]},{\"@type\":\"WebPage\",\"@id\":\"https:\/\/vosgesinfo.fr\/remiremontinfo\/2019\/01\/lassociation-amis-lorrains-laos-convie-a-assemblee-generale\/\",\"url\":\"https:\/\/vosgesinfo.fr\/remiremontinfo\/2019\/01\/lassociation-amis-lorrains-laos-convie-a-assemblee-generale\/\",\"name\":\"L'association \\\"Amis Lorrains du Laos\\\" vous convie \u00e0 son assembl\u00e9e g\u00e9n\u00e9rale - Remiremont Info\",\"isPartOf\":{\"@id\":\"https:\/\/vosgesinfo.fr\/remiremontinfo\/#website\"},\"primaryImageOfPage\":{\"@id\":\"https:\/\/vosgesinfo.fr\/remiremontinfo\/2019\/01\/lassociation-amis-lorrains-laos-convie-a-assemblee-generale\/#primaryimage\"},\"image\":{\"@id\":\"https:\/\/vosgesinfo.fr\/remiremontinfo\/2019\/01\/lassociation-amis-lorrains-laos-convie-a-assemblee-generale\/#primaryimage\"},\"thumbnailUrl\":\"https:\/\/vosgesinfo.fr\/app\/uploads\/sites\/5\/2024\/09\/201901amis-du-laos.png\",\"datePublished\":\"2019-01-22T07:30:59+00:00\",\"dateModified\":\"2019-01-22T07:30:59+00:00\",\"breadcrumb\":{\"@id\":\"https:\/\/vosgesinfo.fr\/remiremontinfo\/2019\/01\/lassociation-amis-lorrains-laos-convie-a-assemblee-generale\/#breadcrumb\"},\"inLanguage\":\"fr-FR\",\"potentialAction\":[{\"@type\":\"ReadAction\",\"target\":[\"https:\/\/vosgesinfo.fr\/remiremontinfo\/2019\/01\/lassociation-amis-lorrains-laos-convie-a-assemblee-generale\/\"]}]},{\"@type\":\"ImageObject\",\"inLanguage\":\"fr-FR\",\"@id\":\"https:\/\/vosgesinfo.fr\/remiremontinfo\/2019\/01\/lassociation-amis-lorrains-laos-convie-a-assemblee-generale\/#primaryimage\",\"url\":\"https:\/\/vosgesinfo.fr\/app\/uploads\/sites\/5\/2024\/09\/201901amis-du-laos.png\",\"contentUrl\":\"https:\/\/vosgesinfo.fr\/app\/uploads\/sites\/5\/2024\/09\/201901amis-du-laos.png\",\"width\":1822,\"height\":1306},{\"@type\":\"BreadcrumbList\",\"@id\":\"https:\/\/vosgesinfo.fr\/remiremontinfo\/2019\/01\/lassociation-amis-lorrains-laos-convie-a-assemblee-generale\/#breadcrumb\",\"itemListElement\":[{\"@type\":\"ListItem\",\"position\":1,\"name\":\"Home\",\"item\":\"https:\/\/vosgesinfo.fr\/remiremontinfo\/\"},{\"@type\":\"ListItem\",\"position\":2,\"name\":\"L&rsquo;association \u00ab\u00a0Amis Lorrains du Laos\u00a0\u00bb vous convie \u00e0 son assembl\u00e9e g\u00e9n\u00e9rale\"}]},{\"@type\":\"WebSite\",\"@id\":\"https:\/\/vosgesinfo.fr\/remiremontinfo\/#website\",\"url\":\"https:\/\/vosgesinfo.fr\/remiremontinfo\/\",\"name\":\"Remiremont Info\",\"description\":\"Toute l&#039;actualit\u00e9 de Remiremont\",\"publisher\":{\"@id\":\"https:\/\/vosgesinfo.fr\/remiremontinfo\/#organization\"},\"alternateName\":\"Toute l'actualit\u00e9 de Remiremont\",\"potentialAction\":[{\"@type\":\"SearchAction\",\"target\":{\"@type\":\"EntryPoint\",\"urlTemplate\":\"https:\/\/vosgesinfo.fr\/remiremontinfo\/?s={search_term_string}\"},\"query-input\":\"required name=search_term_string\"}],\"inLanguage\":\"fr-FR\"},{\"@type\":\"Organization\",\"@id\":\"https:\/\/vosgesinfo.fr\/remiremontinfo\/#organization\",\"name\":\"Remiremont Info\",\"url\":\"https:\/\/vosgesinfo.fr\/remiremontinfo\/\",\"logo\":{\"@type\":\"ImageObject\",\"inLanguage\":\"fr-FR\",\"@id\":\"https:\/\/vosgesinfo.fr\/remiremontinfo\/#\/schema\/logo\/image\/\",\"url\":\"https:\/\/vosgesinfo.fr\/app\/uploads\/sites\/5\/2023\/08\/favicon-remiremontinfo.png\",\"contentUrl\":\"https:\/\/vosgesinfo.fr\/app\/uploads\/sites\/5\/2023\/08\/favicon-remiremontinfo.png\",\"width\":512,\"height\":512,\"caption\":\"Remiremont Info\"},\"image\":{\"@id\":\"https:\/\/vosgesinfo.fr\/remiremontinfo\/#\/schema\/logo\/image\/\"},\"sameAs\":[\"https:\/\/www.facebook.com\/remiremontinfo\",\"https:\/\/x.com\/VosgesInfo88\",\"https:\/\/www.youtube.com\/@vosgesinfo\"]},{\"@type\":\"Person\",\"@id\":\"https:\/\/vosgesinfo.fr\/remiremontinfo\/#\/schema\/person\/3bfd164d5218a185b1db68655a265316\",\"name\":\"C D\",\"image\":{\"@type\":\"ImageObject\",\"inLanguage\":\"fr-FR\",\"@id\":\"https:\/\/vosgesinfo.fr\/remiremontinfo\/#\/schema\/person\/image\/\",\"url\":\"https:\/\/secure.gravatar.com\/avatar\/1f9a70007336511a47468b8f1c66f922b8b7cf617b02a31149ada43893a5d48f?s=96&d=mm&r=g\",\"contentUrl\":\"https:\/\/secure.gravatar.com\/avatar\/1f9a70007336511a47468b8f1c66f922b8b7cf617b02a31149ada43893a5d48f?s=96&d=mm&r=g\",\"caption\":\"C D\"},\"url\":\"https:\/\/vosgesinfo.fr\/remiremontinfo\/author\/cedric-drevet\/\"}]}<\/script>\n<!-- \/ Yoast SEO plugin. -->","yoast_head_json":{"title":"L'association \"Amis Lorrains du Laos\" vous convie \u00e0 son assembl\u00e9e g\u00e9n\u00e9rale - Remiremont Info","robots":{"index":"index","follow":"follow","max-snippet":"max-snippet:-1","max-image-preview":"max-image-preview:large","max-video-preview":"max-video-preview:-1"},"canonical":"https:\/\/vosgesinfo.fr\/remiremontinfo\/2019\/01\/lassociation-amis-lorrains-laos-convie-a-assemblee-generale\/","twitter_card":"summary_large_image","twitter_title":"L'association \"Amis Lorrains du Laos\" vous convie \u00e0 son assembl\u00e9e g\u00e9n\u00e9rale - Remiremont Info","twitter_description":"L&rsquo;association \u00e0 but humanitaire\u00a0 \u00ab\u00a0Amis Lorrains Du Laos\u00a0\u00bb, tient son Assembl\u00e9e G\u00e9n\u00e9rale annuelle le samedi 2 mars \u00e0 17 h [&hellip;]","twitter_image":"https:\/\/vosgesinfo.fr\/app\/uploads\/sites\/5\/2024\/09\/201901amis-du-laos.png","twitter_creator":"@VosgesInfo88","twitter_site":"@VosgesInfo88","twitter_misc":{"\u00c9crit par":"C D"},"schema":{"@context":"https:\/\/schema.org","@graph":[{"@type":"Article","@id":"https:\/\/vosgesinfo.fr\/remiremontinfo\/2019\/01\/lassociation-amis-lorrains-laos-convie-a-assemblee-generale\/#article","isPartOf":{"@id":"https:\/\/vosgesinfo.fr\/remiremontinfo\/2019\/01\/lassociation-amis-lorrains-laos-convie-a-assemblee-generale\/"},"author":{"name":"C D","@id":"https:\/\/vosgesinfo.fr\/remiremontinfo\/#\/schema\/person\/3bfd164d5218a185b1db68655a265316"},"headline":"L&rsquo;association \u00ab\u00a0Amis Lorrains du Laos\u00a0\u00bb vous convie \u00e0 son assembl\u00e9e g\u00e9n\u00e9rale","datePublished":"2019-01-22T07:30:59+00:00","dateModified":"2019-01-22T07:30:59+00:00","mainEntityOfPage":{"@id":"https:\/\/vosgesinfo.fr\/remiremontinfo\/2019\/01\/lassociation-amis-lorrains-laos-convie-a-assemblee-generale\/"},"wordCount":114,"commentCount":0,"publisher":{"@id":"https:\/\/vosgesinfo.fr\/remiremontinfo\/#organization"},"image":{"@id":"https:\/\/vosgesinfo.fr\/remiremontinfo\/2019\/01\/lassociation-amis-lorrains-laos-convie-a-assemblee-generale\/#primaryimage"},"thumbnailUrl":"https:\/\/vosgesinfo.fr\/app\/uploads\/sites\/5\/2024\/09\/201901amis-du-laos.png","articleSection":["Remiremont &amp; son canton","Saint-Nabord","Solidarit\u00e9"],"inLanguage":"fr-FR","potentialAction":[{"@type":"CommentAction","name":"Comment","target":["https:\/\/vosgesinfo.fr\/remiremontinfo\/2019\/01\/lassociation-amis-lorrains-laos-convie-a-assemblee-generale\/#respond"]}]},{"@type":"WebPage","@id":"https:\/\/vosgesinfo.fr\/remiremontinfo\/2019\/01\/lassociation-amis-lorrains-laos-convie-a-assemblee-generale\/","url":"https:\/\/vosgesinfo.fr\/remiremontinfo\/2019\/01\/lassociation-amis-lorrains-laos-convie-a-assemblee-generale\/","name":"L'association \"Amis Lorrains du Laos\" vous convie \u00e0 son assembl\u00e9e g\u00e9n\u00e9rale - Remiremont Info","isPartOf":{"@id":"https:\/\/vosgesinfo.fr\/remiremontinfo\/#website"},"primaryImageOfPage":{"@id":"https:\/\/vosgesinfo.fr\/remiremontinfo\/2019\/01\/lassociation-amis-lorrains-laos-convie-a-assemblee-generale\/#primaryimage"},"image":{"@id":"https:\/\/vosgesinfo.fr\/remiremontinfo\/2019\/01\/lassociation-amis-lorrains-laos-convie-a-assemblee-generale\/#primaryimage"},"thumbnailUrl":"https:\/\/vosgesinfo.fr\/app\/uploads\/sites\/5\/2024\/09\/201901amis-du-laos.png","datePublished":"2019-01-22T07:30:59+00:00","dateModified":"2019-01-22T07:30:59+00:00","breadcrumb":{"@id":"https:\/\/vosgesinfo.fr\/remiremontinfo\/2019\/01\/lassociation-amis-lorrains-laos-convie-a-assemblee-generale\/#breadcrumb"},"inLanguage":"fr-FR","potentialAction":[{"@type":"ReadAction","target":["https:\/\/vosgesinfo.fr\/remiremontinfo\/2019\/01\/lassociation-amis-lorrains-laos-convie-a-assemblee-generale\/"]}]},{"@type":"ImageObject","inLanguage":"fr-FR","@id":"https:\/\/vosgesinfo.fr\/remiremontinfo\/2019\/01\/lassociation-amis-lorrains-laos-convie-a-assemblee-generale\/#primaryimage","url":"https:\/\/vosgesinfo.fr\/app\/uploads\/sites\/5\/2024\/09\/201901amis-du-laos.png","contentUrl":"https:\/\/vosgesinfo.fr\/app\/uploads\/sites\/5\/2024\/09\/201901amis-du-laos.png","width":1822,"height":1306},{"@type":"BreadcrumbList","@id":"https:\/\/vosgesinfo.fr\/remiremontinfo\/2019\/01\/lassociation-amis-lorrains-laos-convie-a-assemblee-generale\/#breadcrumb","itemListElement":[{"@type":"ListItem","position":1,"name":"Home","item":"https:\/\/vosgesinfo.fr\/remiremontinfo\/"},{"@type":"ListItem","position":2,"name":"L&rsquo;association \u00ab\u00a0Amis Lorrains du Laos\u00a0\u00bb vous convie \u00e0 son assembl\u00e9e g\u00e9n\u00e9rale"}]},{"@type":"WebSite","@id":"https:\/\/vosgesinfo.fr\/remiremontinfo\/#website","url":"https:\/\/vosgesinfo.fr\/remiremontinfo\/","name":"Remiremont Info","description":"Toute l&#039;actualit\u00e9 de Remiremont","publisher":{"@id":"https:\/\/vosgesinfo.fr\/remiremontinfo\/#organization"},"alternateName":"Toute l'actualit\u00e9 de Remiremont","potentialAction":[{"@type":"SearchAction","target":{"@type":"EntryPoint","urlTemplate":"https:\/\/vosgesinfo.fr\/remiremontinfo\/?s={search_term_string}"},"query-input":"required name=search_term_string"}],"inLanguage":"fr-FR"},{"@type":"Organization","@id":"https:\/\/vosgesinfo.fr\/remiremontinfo\/#organization","name":"Remiremont Info","url":"https:\/\/vosgesinfo.fr\/remiremontinfo\/","logo":{"@type":"ImageObject","inLanguage":"fr-FR","@id":"https:\/\/vosgesinfo.fr\/remiremontinfo\/#\/schema\/logo\/image\/","url":"https:\/\/vosgesinfo.fr\/app\/uploads\/sites\/5\/2023\/08\/favicon-remiremontinfo.png","contentUrl":"https:\/\/vosgesinfo.fr\/app\/uploads\/sites\/5\/2023\/08\/favicon-remiremontinfo.png","width":512,"height":512,"caption":"Remiremont Info"},"image":{"@id":"https:\/\/vosgesinfo.fr\/remiremontinfo\/#\/schema\/logo\/image\/"},"sameAs":["https:\/\/www.facebook.com\/remiremontinfo","https:\/\/x.com\/VosgesInfo88","https:\/\/www.youtube.com\/@vosgesinfo"]},{"@type":"Person","@id":"https:\/\/vosgesinfo.fr\/remiremontinfo\/#\/schema\/person\/3bfd164d5218a185b1db68655a265316","name":"C D","image":{"@type":"ImageObject","inLanguage":"fr-FR","@id":"https:\/\/vosgesinfo.fr\/remiremontinfo\/#\/schema\/person\/image\/","url":"https:\/\/secure.gravatar.com\/avatar\/1f9a70007336511a47468b8f1c66f922b8b7cf617b02a31149ada43893a5d48f?s=96&d=mm&r=g","contentUrl":"https:\/\/secure.gravatar.com\/avatar\/1f9a70007336511a47468b8f1c66f922b8b7cf617b02a31149ada43893a5d48f?s=96&d=mm&r=g","caption":"C D"},"url":"https:\/\/vosgesinfo.fr\/remiremontinfo\/author\/cedric-drevet\/"}]}},"_links":{"self":[{"href":"https:\/\/vosgesinfo.fr\/remiremontinfo\/wp-json\/wp\/v2\/posts\/9811","targetHints":{"allow":["GET"]}}],"collection":[{"href":"https:\/\/vosgesinfo.fr\/remiremontinfo\/wp-json\/wp\/v2\/posts"}],"about":[{"href":"https:\/\/vosgesinfo.fr\/remiremontinfo\/wp-json\/wp\/v2\/types\/post"}],"author":[{"embeddable":true,"href":"https:\/\/vosgesinfo.fr\/remiremontinfo\/wp-json\/wp\/v2\/users\/407"}],"replies":[{"embeddable":true,"href":"https:\/\/vosgesinfo.fr\/remiremontinfo\/wp-json\/wp\/v2\/comments?post=9811"}],"version-history":[{"count":0,"href":"https:\/\/vosgesinfo.fr\/remiremontinfo\/wp-json\/wp\/v2\/posts\/9811\/revisions"}],"wp:featuredmedia":[{"embeddable":true,"href":"https:\/\/vosgesinfo.fr\/remiremontinfo\/wp-json\/wp\/v2\/media\/9812"}],"wp:attachment":[{"href":"https:\/\/vosgesinfo.fr\/remiremontinfo\/wp-json\/wp\/v2\/media?parent=9811"}],"wp:term":[{"taxonomy":"category","embeddable":true,"href":"https:\/\/vosgesinfo.fr\/remiremontinfo\/wp-json\/wp\/v2\/categories?post=9811"},{"taxonomy":"post_tag","embeddable":true,"href":"https:\/\/vosgesinfo.fr\/remiremontinfo\/wp-json\/wp\/v2\/tags?post=9811"}],"curies":[{"name":"wp","href":"https:\/\/api.w.org\/{rel}","templated":true}]}}