{"id":9837,"date":"2019-01-22T12:21:20","date_gmt":"2019-01-22T11:21:20","guid":{"rendered":"https:\/\/vosgesinfo.fr\/remiremontinfo\/2019\/01\/finances-publiques-vosges-syndicats-denoncent-de-nouvelles-suppressions-de-postes\/"},"modified":"2019-01-22T12:21:20","modified_gmt":"2019-01-22T11:21:20","slug":"finances-publiques-vosges-syndicats-denoncent-de-nouvelles-suppressions-de-postes","status":"publish","type":"post","link":"https:\/\/vosgesinfo.fr\/remiremontinfo\/2019\/01\/finances-publiques-vosges-syndicats-denoncent-de-nouvelles-suppressions-de-postes\/","title":{"rendered":"Finances publiques des Vosges : les syndicats d\u00e9noncent de nouvelles suppressions de postes"},"content":{"rendered":"<h2><a href=\"\/2019\/01\/finance-publique-vosges-epinal-8.jpg\"><img decoding=\"async\" class=\"alignnone size-large wp-image-251686\" src=\"\/2019\/01\/finance-publique-vosges-epinal-8-1024x768.jpg\" alt=\"finance-publique-vosges-epinal-8\" width=\"960\" height=\"720\" \/><\/a><\/h2>\n<h2><span style=\"font-size: 14pt;\">On compte pr\u00e8s de 306 postes supprim\u00e9s depuis 2002 dans les services des finances publiques des Vosges. Et cette ann\u00e9e, 19 postes ont \u00e9t\u00e9 supprim\u00e9s \u00e0 la DDFIP88 (Direction d\u00e9partementale des finances publiques des Vosges). Les repr\u00e9sentants syndicaux menaient une action pour informer les agents sur ces suppressions.<\/span><\/h2>\n<p>Les repr\u00e9sentants syndicaux (Solidaires Finances publiques, CGT, FO et CFDT) ont d\u00e9cid\u00e9 de ne pas assister au comit\u00e9 technique local qui se tenait ce lundi dans les locaux de la direction des finances publiques des Vosges. Ils protestent contre la suppression de 19 postes en 2019 \u00e0 la DDFIP88, la Direction d\u00e9partementale des finances publiques des Vosges. Depuis 2002, 306 postes ont \u00e9t\u00e9 supprim\u00e9s dans les Vosges.<\/p>\n<p><em>\u00abCela repr\u00e9sente\u00a02\u00a0130 suppressions de postes au niveau national\u00a0\u00bb<\/em>\u00a0commente Martial Beck, responsable Solidaires Finances publiques Vosges. Selon lui, depuis 2002,\u00a0<em>\u00ab\u00a0306 postes ont \u00e9t\u00e9 supprim\u00e9s dans les Vosges depuis 2002\u00bb<\/em>\u00a0poursuit-il. \u00a0Pour Martial Beck, le pr\u00e9l\u00e8vement \u00e0 la source mis en place par le gouvernement a aggrav\u00e9 les choses.<em>\u00a0\u00ab\u00a0Cette ann\u00e9e, c\u2019est pire que les ann\u00e9es pr\u00e9c\u00e9dentes avec 19 suppressions dans les Vosges \u00bb<\/em>.<\/p>\n<p>Il s\u2019agit de trois postes \u00e0 la direction des finances publiques, six au centre des finances publiques d\u2019Epinal, trois \u00e0 Remiremont, un \u00e0 G\u00e9rardmer, un \u00e0 Vittel, un \u00e0 Saint-Di\u00e9-des-Vosges, un \u00e0 Remiremont, un \u00e0 La V\u00f4ge-l\u00e8s-Bains, et un \u00e0 Neufch\u00e2teau.<\/p>\n<p>Dans les semaines \u00e0 venir, une action sera mise en place.<\/p>\n<p>C.K.N.<\/p>\n\n","protected":false},"excerpt":{"rendered":"<p>On compte pr\u00e8s de 306 postes supprim\u00e9s depuis 2002 dans les services des finances publiques des Vosges. Et cette ann\u00e9e, [&hellip;]<\/p>\n","protected":false},"author":407,"featured_media":9838,"comment_status":"open","ping_status":"open","sticky":false,"template":"","format":"standard","meta":{"footnotes":""},"categories":[8],"tags":[1580,1581,1582,1583,32],"class_list":["post-9837","post","type-post","status-publish","format-standard","has-post-thumbnail","hentry","category-faits-divers","tag-agents","tag-emplois","tag-finances-publiques-des-vosges","tag-suppression-de-postes","tag-vosges"],"acf":[],"yoast_head":"<!-- This site is optimized with the Yoast SEO plugin v22.5 - https:\/\/yoast.com\/wordpress\/plugins\/seo\/ -->\n<title>Finances publiques des Vosges : les syndicats d\u00e9noncent de nouvelles suppressions de postes - Remiremont Info<\/title>\n<meta name=\"robots\" content=\"index, follow, max-snippet:-1, max-image-preview:large, max-video-preview:-1\" \/>\n<link rel=\"canonical\" href=\"https:\/\/vosgesinfo.fr\/remiremontinfo\/2019\/01\/finances-publiques-vosges-syndicats-denoncent-de-nouvelles-suppressions-de-postes\/\" \/>\n<meta name=\"twitter:card\" content=\"summary_large_image\" \/>\n<meta name=\"twitter:title\" content=\"Finances publiques des Vosges : les syndicats d\u00e9noncent de nouvelles suppressions de postes - Remiremont Info\" \/>\n<meta name=\"twitter:description\" content=\"On compte pr\u00e8s de 306 postes supprim\u00e9s depuis 2002 dans les services des finances publiques des Vosges. Et cette ann\u00e9e, [&hellip;]\" \/>\n<meta name=\"twitter:image\" content=\"https:\/\/vosgesinfo.fr\/app\/uploads\/sites\/5\/2024\/09\/201901finance-publique-vosges-epinal-8.jpg\" \/>\n<meta name=\"twitter:creator\" content=\"@VosgesInfo88\" \/>\n<meta name=\"twitter:site\" content=\"@VosgesInfo88\" \/>\n<meta name=\"twitter:label1\" content=\"\u00c9crit par\" \/>\n\t<meta name=\"twitter:data1\" content=\"C D\" \/>\n\t<meta name=\"twitter:label2\" content=\"Dur\u00e9e de lecture estim\u00e9e\" \/>\n\t<meta name=\"twitter:data2\" content=\"1 minute\" \/>\n<script type=\"application\/ld+json\" class=\"yoast-schema-graph\">{\"@context\":\"https:\/\/schema.org\",\"@graph\":[{\"@type\":\"Article\",\"@id\":\"https:\/\/vosgesinfo.fr\/remiremontinfo\/2019\/01\/finances-publiques-vosges-syndicats-denoncent-de-nouvelles-suppressions-de-postes\/#article\",\"isPartOf\":{\"@id\":\"https:\/\/vosgesinfo.fr\/remiremontinfo\/2019\/01\/finances-publiques-vosges-syndicats-denoncent-de-nouvelles-suppressions-de-postes\/\"},\"author\":{\"name\":\"C D\",\"@id\":\"https:\/\/vosgesinfo.fr\/remiremontinfo\/#\/schema\/person\/3bfd164d5218a185b1db68655a265316\"},\"headline\":\"Finances publiques des Vosges : les syndicats d\u00e9noncent de nouvelles suppressions de postes\",\"datePublished\":\"2019-01-22T11:21:20+00:00\",\"dateModified\":\"2019-01-22T11:21:20+00:00\",\"mainEntityOfPage\":{\"@id\":\"https:\/\/vosgesinfo.fr\/remiremontinfo\/2019\/01\/finances-publiques-vosges-syndicats-denoncent-de-nouvelles-suppressions-de-postes\/\"},\"wordCount\":259,\"commentCount\":0,\"publisher\":{\"@id\":\"https:\/\/vosgesinfo.fr\/remiremontinfo\/#organization\"},\"image\":{\"@id\":\"https:\/\/vosgesinfo.fr\/remiremontinfo\/2019\/01\/finances-publiques-vosges-syndicats-denoncent-de-nouvelles-suppressions-de-postes\/#primaryimage\"},\"thumbnailUrl\":\"https:\/\/vosgesinfo.fr\/app\/uploads\/sites\/5\/2024\/09\/201901finance-publique-vosges-epinal-8.jpg\",\"keywords\":[\"agents\",\"emplois\",\"finances publiques des Vosges\",\"suppression de postes\",\"Vosges\"],\"articleSection\":[\"Faits-divers\"],\"inLanguage\":\"fr-FR\",\"potentialAction\":[{\"@type\":\"CommentAction\",\"name\":\"Comment\",\"target\":[\"https:\/\/vosgesinfo.fr\/remiremontinfo\/2019\/01\/finances-publiques-vosges-syndicats-denoncent-de-nouvelles-suppressions-de-postes\/#respond\"]}]},{\"@type\":\"WebPage\",\"@id\":\"https:\/\/vosgesinfo.fr\/remiremontinfo\/2019\/01\/finances-publiques-vosges-syndicats-denoncent-de-nouvelles-suppressions-de-postes\/\",\"url\":\"https:\/\/vosgesinfo.fr\/remiremontinfo\/2019\/01\/finances-publiques-vosges-syndicats-denoncent-de-nouvelles-suppressions-de-postes\/\",\"name\":\"Finances publiques des Vosges : les syndicats d\u00e9noncent de nouvelles suppressions de postes - Remiremont Info\",\"isPartOf\":{\"@id\":\"https:\/\/vosgesinfo.fr\/remiremontinfo\/#website\"},\"primaryImageOfPage\":{\"@id\":\"https:\/\/vosgesinfo.fr\/remiremontinfo\/2019\/01\/finances-publiques-vosges-syndicats-denoncent-de-nouvelles-suppressions-de-postes\/#primaryimage\"},\"image\":{\"@id\":\"https:\/\/vosgesinfo.fr\/remiremontinfo\/2019\/01\/finances-publiques-vosges-syndicats-denoncent-de-nouvelles-suppressions-de-postes\/#primaryimage\"},\"thumbnailUrl\":\"https:\/\/vosgesinfo.fr\/app\/uploads\/sites\/5\/2024\/09\/201901finance-publique-vosges-epinal-8.jpg\",\"datePublished\":\"2019-01-22T11:21:20+00:00\",\"dateModified\":\"2019-01-22T11:21:20+00:00\",\"breadcrumb\":{\"@id\":\"https:\/\/vosgesinfo.fr\/remiremontinfo\/2019\/01\/finances-publiques-vosges-syndicats-denoncent-de-nouvelles-suppressions-de-postes\/#breadcrumb\"},\"inLanguage\":\"fr-FR\",\"potentialAction\":[{\"@type\":\"ReadAction\",\"target\":[\"https:\/\/vosgesinfo.fr\/remiremontinfo\/2019\/01\/finances-publiques-vosges-syndicats-denoncent-de-nouvelles-suppressions-de-postes\/\"]}]},{\"@type\":\"ImageObject\",\"inLanguage\":\"fr-FR\",\"@id\":\"https:\/\/vosgesinfo.fr\/remiremontinfo\/2019\/01\/finances-publiques-vosges-syndicats-denoncent-de-nouvelles-suppressions-de-postes\/#primaryimage\",\"url\":\"https:\/\/vosgesinfo.fr\/app\/uploads\/sites\/5\/2024\/09\/201901finance-publique-vosges-epinal-8.jpg\",\"contentUrl\":\"https:\/\/vosgesinfo.fr\/app\/uploads\/sites\/5\/2024\/09\/201901finance-publique-vosges-epinal-8.jpg\",\"width\":2560,\"height\":1920},{\"@type\":\"BreadcrumbList\",\"@id\":\"https:\/\/vosgesinfo.fr\/remiremontinfo\/2019\/01\/finances-publiques-vosges-syndicats-denoncent-de-nouvelles-suppressions-de-postes\/#breadcrumb\",\"itemListElement\":[{\"@type\":\"ListItem\",\"position\":1,\"name\":\"Home\",\"item\":\"https:\/\/vosgesinfo.fr\/remiremontinfo\/\"},{\"@type\":\"ListItem\",\"position\":2,\"name\":\"Finances publiques des Vosges : les syndicats d\u00e9noncent de nouvelles suppressions de postes\"}]},{\"@type\":\"WebSite\",\"@id\":\"https:\/\/vosgesinfo.fr\/remiremontinfo\/#website\",\"url\":\"https:\/\/vosgesinfo.fr\/remiremontinfo\/\",\"name\":\"Remiremont Info\",\"description\":\"Toute l&#039;actualit\u00e9 de Remiremont\",\"publisher\":{\"@id\":\"https:\/\/vosgesinfo.fr\/remiremontinfo\/#organization\"},\"alternateName\":\"Toute l'actualit\u00e9 de Remiremont\",\"potentialAction\":[{\"@type\":\"SearchAction\",\"target\":{\"@type\":\"EntryPoint\",\"urlTemplate\":\"https:\/\/vosgesinfo.fr\/remiremontinfo\/?s={search_term_string}\"},\"query-input\":\"required name=search_term_string\"}],\"inLanguage\":\"fr-FR\"},{\"@type\":\"Organization\",\"@id\":\"https:\/\/vosgesinfo.fr\/remiremontinfo\/#organization\",\"name\":\"Remiremont Info\",\"url\":\"https:\/\/vosgesinfo.fr\/remiremontinfo\/\",\"logo\":{\"@type\":\"ImageObject\",\"inLanguage\":\"fr-FR\",\"@id\":\"https:\/\/vosgesinfo.fr\/remiremontinfo\/#\/schema\/logo\/image\/\",\"url\":\"https:\/\/vosgesinfo.fr\/app\/uploads\/sites\/5\/2023\/08\/favicon-remiremontinfo.png\",\"contentUrl\":\"https:\/\/vosgesinfo.fr\/app\/uploads\/sites\/5\/2023\/08\/favicon-remiremontinfo.png\",\"width\":512,\"height\":512,\"caption\":\"Remiremont Info\"},\"image\":{\"@id\":\"https:\/\/vosgesinfo.fr\/remiremontinfo\/#\/schema\/logo\/image\/\"},\"sameAs\":[\"https:\/\/www.facebook.com\/remiremontinfo\",\"https:\/\/x.com\/VosgesInfo88\",\"https:\/\/www.youtube.com\/@vosgesinfo\"]},{\"@type\":\"Person\",\"@id\":\"https:\/\/vosgesinfo.fr\/remiremontinfo\/#\/schema\/person\/3bfd164d5218a185b1db68655a265316\",\"name\":\"C D\",\"image\":{\"@type\":\"ImageObject\",\"inLanguage\":\"fr-FR\",\"@id\":\"https:\/\/vosgesinfo.fr\/remiremontinfo\/#\/schema\/person\/image\/\",\"url\":\"https:\/\/secure.gravatar.com\/avatar\/1f9a70007336511a47468b8f1c66f922b8b7cf617b02a31149ada43893a5d48f?s=96&d=mm&r=g\",\"contentUrl\":\"https:\/\/secure.gravatar.com\/avatar\/1f9a70007336511a47468b8f1c66f922b8b7cf617b02a31149ada43893a5d48f?s=96&d=mm&r=g\",\"caption\":\"C D\"},\"url\":\"https:\/\/vosgesinfo.fr\/remiremontinfo\/author\/cedric-drevet\/\"}]}<\/script>\n<!-- \/ Yoast SEO plugin. -->","yoast_head_json":{"title":"Finances publiques des Vosges : les syndicats d\u00e9noncent de nouvelles suppressions de postes - Remiremont Info","robots":{"index":"index","follow":"follow","max-snippet":"max-snippet:-1","max-image-preview":"max-image-preview:large","max-video-preview":"max-video-preview:-1"},"canonical":"https:\/\/vosgesinfo.fr\/remiremontinfo\/2019\/01\/finances-publiques-vosges-syndicats-denoncent-de-nouvelles-suppressions-de-postes\/","twitter_card":"summary_large_image","twitter_title":"Finances publiques des Vosges : les syndicats d\u00e9noncent de nouvelles suppressions de postes - Remiremont Info","twitter_description":"On compte pr\u00e8s de 306 postes supprim\u00e9s depuis 2002 dans les services des finances publiques des Vosges. Et cette ann\u00e9e, [&hellip;]","twitter_image":"https:\/\/vosgesinfo.fr\/app\/uploads\/sites\/5\/2024\/09\/201901finance-publique-vosges-epinal-8.jpg","twitter_creator":"@VosgesInfo88","twitter_site":"@VosgesInfo88","twitter_misc":{"\u00c9crit par":"C D","Dur\u00e9e de lecture estim\u00e9e":"1 minute"},"schema":{"@context":"https:\/\/schema.org","@graph":[{"@type":"Article","@id":"https:\/\/vosgesinfo.fr\/remiremontinfo\/2019\/01\/finances-publiques-vosges-syndicats-denoncent-de-nouvelles-suppressions-de-postes\/#article","isPartOf":{"@id":"https:\/\/vosgesinfo.fr\/remiremontinfo\/2019\/01\/finances-publiques-vosges-syndicats-denoncent-de-nouvelles-suppressions-de-postes\/"},"author":{"name":"C D","@id":"https:\/\/vosgesinfo.fr\/remiremontinfo\/#\/schema\/person\/3bfd164d5218a185b1db68655a265316"},"headline":"Finances publiques des Vosges : les syndicats d\u00e9noncent de nouvelles suppressions de postes","datePublished":"2019-01-22T11:21:20+00:00","dateModified":"2019-01-22T11:21:20+00:00","mainEntityOfPage":{"@id":"https:\/\/vosgesinfo.fr\/remiremontinfo\/2019\/01\/finances-publiques-vosges-syndicats-denoncent-de-nouvelles-suppressions-de-postes\/"},"wordCount":259,"commentCount":0,"publisher":{"@id":"https:\/\/vosgesinfo.fr\/remiremontinfo\/#organization"},"image":{"@id":"https:\/\/vosgesinfo.fr\/remiremontinfo\/2019\/01\/finances-publiques-vosges-syndicats-denoncent-de-nouvelles-suppressions-de-postes\/#primaryimage"},"thumbnailUrl":"https:\/\/vosgesinfo.fr\/app\/uploads\/sites\/5\/2024\/09\/201901finance-publique-vosges-epinal-8.jpg","keywords":["agents","emplois","finances publiques des Vosges","suppression de postes","Vosges"],"articleSection":["Faits-divers"],"inLanguage":"fr-FR","potentialAction":[{"@type":"CommentAction","name":"Comment","target":["https:\/\/vosgesinfo.fr\/remiremontinfo\/2019\/01\/finances-publiques-vosges-syndicats-denoncent-de-nouvelles-suppressions-de-postes\/#respond"]}]},{"@type":"WebPage","@id":"https:\/\/vosgesinfo.fr\/remiremontinfo\/2019\/01\/finances-publiques-vosges-syndicats-denoncent-de-nouvelles-suppressions-de-postes\/","url":"https:\/\/vosgesinfo.fr\/remiremontinfo\/2019\/01\/finances-publiques-vosges-syndicats-denoncent-de-nouvelles-suppressions-de-postes\/","name":"Finances publiques des Vosges : les syndicats d\u00e9noncent de nouvelles suppressions de postes - Remiremont Info","isPartOf":{"@id":"https:\/\/vosgesinfo.fr\/remiremontinfo\/#website"},"primaryImageOfPage":{"@id":"https:\/\/vosgesinfo.fr\/remiremontinfo\/2019\/01\/finances-publiques-vosges-syndicats-denoncent-de-nouvelles-suppressions-de-postes\/#primaryimage"},"image":{"@id":"https:\/\/vosgesinfo.fr\/remiremontinfo\/2019\/01\/finances-publiques-vosges-syndicats-denoncent-de-nouvelles-suppressions-de-postes\/#primaryimage"},"thumbnailUrl":"https:\/\/vosgesinfo.fr\/app\/uploads\/sites\/5\/2024\/09\/201901finance-publique-vosges-epinal-8.jpg","datePublished":"2019-01-22T11:21:20+00:00","dateModified":"2019-01-22T11:21:20+00:00","breadcrumb":{"@id":"https:\/\/vosgesinfo.fr\/remiremontinfo\/2019\/01\/finances-publiques-vosges-syndicats-denoncent-de-nouvelles-suppressions-de-postes\/#breadcrumb"},"inLanguage":"fr-FR","potentialAction":[{"@type":"ReadAction","target":["https:\/\/vosgesinfo.fr\/remiremontinfo\/2019\/01\/finances-publiques-vosges-syndicats-denoncent-de-nouvelles-suppressions-de-postes\/"]}]},{"@type":"ImageObject","inLanguage":"fr-FR","@id":"https:\/\/vosgesinfo.fr\/remiremontinfo\/2019\/01\/finances-publiques-vosges-syndicats-denoncent-de-nouvelles-suppressions-de-postes\/#primaryimage","url":"https:\/\/vosgesinfo.fr\/app\/uploads\/sites\/5\/2024\/09\/201901finance-publique-vosges-epinal-8.jpg","contentUrl":"https:\/\/vosgesinfo.fr\/app\/uploads\/sites\/5\/2024\/09\/201901finance-publique-vosges-epinal-8.jpg","width":2560,"height":1920},{"@type":"BreadcrumbList","@id":"https:\/\/vosgesinfo.fr\/remiremontinfo\/2019\/01\/finances-publiques-vosges-syndicats-denoncent-de-nouvelles-suppressions-de-postes\/#breadcrumb","itemListElement":[{"@type":"ListItem","position":1,"name":"Home","item":"https:\/\/vosgesinfo.fr\/remiremontinfo\/"},{"@type":"ListItem","position":2,"name":"Finances publiques des Vosges : les syndicats d\u00e9noncent de nouvelles suppressions de postes"}]},{"@type":"WebSite","@id":"https:\/\/vosgesinfo.fr\/remiremontinfo\/#website","url":"https:\/\/vosgesinfo.fr\/remiremontinfo\/","name":"Remiremont Info","description":"Toute l&#039;actualit\u00e9 de Remiremont","publisher":{"@id":"https:\/\/vosgesinfo.fr\/remiremontinfo\/#organization"},"alternateName":"Toute l'actualit\u00e9 de Remiremont","potentialAction":[{"@type":"SearchAction","target":{"@type":"EntryPoint","urlTemplate":"https:\/\/vosgesinfo.fr\/remiremontinfo\/?s={search_term_string}"},"query-input":"required name=search_term_string"}],"inLanguage":"fr-FR"},{"@type":"Organization","@id":"https:\/\/vosgesinfo.fr\/remiremontinfo\/#organization","name":"Remiremont Info","url":"https:\/\/vosgesinfo.fr\/remiremontinfo\/","logo":{"@type":"ImageObject","inLanguage":"fr-FR","@id":"https:\/\/vosgesinfo.fr\/remiremontinfo\/#\/schema\/logo\/image\/","url":"https:\/\/vosgesinfo.fr\/app\/uploads\/sites\/5\/2023\/08\/favicon-remiremontinfo.png","contentUrl":"https:\/\/vosgesinfo.fr\/app\/uploads\/sites\/5\/2023\/08\/favicon-remiremontinfo.png","width":512,"height":512,"caption":"Remiremont Info"},"image":{"@id":"https:\/\/vosgesinfo.fr\/remiremontinfo\/#\/schema\/logo\/image\/"},"sameAs":["https:\/\/www.facebook.com\/remiremontinfo","https:\/\/x.com\/VosgesInfo88","https:\/\/www.youtube.com\/@vosgesinfo"]},{"@type":"Person","@id":"https:\/\/vosgesinfo.fr\/remiremontinfo\/#\/schema\/person\/3bfd164d5218a185b1db68655a265316","name":"C D","image":{"@type":"ImageObject","inLanguage":"fr-FR","@id":"https:\/\/vosgesinfo.fr\/remiremontinfo\/#\/schema\/person\/image\/","url":"https:\/\/secure.gravatar.com\/avatar\/1f9a70007336511a47468b8f1c66f922b8b7cf617b02a31149ada43893a5d48f?s=96&d=mm&r=g","contentUrl":"https:\/\/secure.gravatar.com\/avatar\/1f9a70007336511a47468b8f1c66f922b8b7cf617b02a31149ada43893a5d48f?s=96&d=mm&r=g","caption":"C D"},"url":"https:\/\/vosgesinfo.fr\/remiremontinfo\/author\/cedric-drevet\/"}]}},"_links":{"self":[{"href":"https:\/\/vosgesinfo.fr\/remiremontinfo\/wp-json\/wp\/v2\/posts\/9837","targetHints":{"allow":["GET"]}}],"collection":[{"href":"https:\/\/vosgesinfo.fr\/remiremontinfo\/wp-json\/wp\/v2\/posts"}],"about":[{"href":"https:\/\/vosgesinfo.fr\/remiremontinfo\/wp-json\/wp\/v2\/types\/post"}],"author":[{"embeddable":true,"href":"https:\/\/vosgesinfo.fr\/remiremontinfo\/wp-json\/wp\/v2\/users\/407"}],"replies":[{"embeddable":true,"href":"https:\/\/vosgesinfo.fr\/remiremontinfo\/wp-json\/wp\/v2\/comments?post=9837"}],"version-history":[{"count":0,"href":"https:\/\/vosgesinfo.fr\/remiremontinfo\/wp-json\/wp\/v2\/posts\/9837\/revisions"}],"wp:featuredmedia":[{"embeddable":true,"href":"https:\/\/vosgesinfo.fr\/remiremontinfo\/wp-json\/wp\/v2\/media\/9838"}],"wp:attachment":[{"href":"https:\/\/vosgesinfo.fr\/remiremontinfo\/wp-json\/wp\/v2\/media?parent=9837"}],"wp:term":[{"taxonomy":"category","embeddable":true,"href":"https:\/\/vosgesinfo.fr\/remiremontinfo\/wp-json\/wp\/v2\/categories?post=9837"},{"taxonomy":"post_tag","embeddable":true,"href":"https:\/\/vosgesinfo.fr\/remiremontinfo\/wp-json\/wp\/v2\/tags?post=9837"}],"curies":[{"name":"wp","href":"https:\/\/api.w.org\/{rel}","templated":true}]}}