{"id":9847,"date":"2019-01-22T13:53:05","date_gmt":"2019-01-22T12:53:05","guid":{"rendered":"https:\/\/vosgesinfo.fr\/remiremontinfo\/2019\/01\/jusqua-10-cm-de-neige-verglas-attendus-routes-vosgiennes\/"},"modified":"2019-01-22T13:53:05","modified_gmt":"2019-01-22T12:53:05","slug":"jusqua-10-cm-de-neige-verglas-attendus-routes-vosgiennes","status":"publish","type":"post","link":"https:\/\/vosgesinfo.fr\/remiremontinfo\/2019\/01\/jusqua-10-cm-de-neige-verglas-attendus-routes-vosgiennes\/","title":{"rendered":"Jusqu\u2019\u00e0 10 cm de neige et du verglas attendu sur les routes vosgiennes"},"content":{"rendered":"<h2><a href=\"\/2019\/01\/neige-route.jpg\"><img decoding=\"async\" class=\"alignnone size-full wp-image-251704\" src=\"\/2019\/01\/neige-route.jpg\" alt=\"neige-route\" width=\"960\" height=\"514\" \/><\/a><\/h2>\n<h2>Attention, M\u00e9t\u00e9o France a plac\u00e9 la r\u00e9gion en vigilance jaune \u00e0 la neige et au verglas. Ces cumuls devraient se renforcer avec de nouvelles chutes de neige d\u2019ici \u00e0 mercredi pourraient localement atteindre jusqu\u2019\u00e0 10 centim\u00e8tres.<\/h2>\n<p>M\u00e9t\u00e9o-France a plac\u00e9 les quatre d\u00e9partements Lorrains de Meuse, Meurthe-et-Moselle, Moselle et Vosges en vigilance jaune \u00e0 la neige et au verglas. On attend jusqu\u2019\u00e0 10 cm de neige sur les routes vosgiennes.\u00a0<em>\u00ab\u00a0Ce passage neigeux durera quelques heures, puis sera suivi d\u2019une accalmie temporaire avant la reprise des averses de neige en soir\u00e9e et dans la nuit de mardi \u00e0 mercredi, provenant \u00e0 nouveau par l\u2019ouest.\u00a0\u00bb<\/em>\u00a0explique M\u00e9t\u00e9o France.<\/p>\n<h3>Le plan Grand froid activ\u00e9 dans les Vosges<\/h3>\n<p>D\u00e8s ce lundi\u00a0le pr\u00e9fet des\u00a0Vosges a d\u00e9clench\u00e9 le niveau 1 de vigilance du plan grand froid.\u00a0Au cours des trois prochains jours, les temp\u00e9ratures annonc\u00e9es par M\u00e9t\u00e9o-France seront inf\u00e9rieures ou \u00e9gales \u00e0 -5\u00b0.\u00a0En effet, en p\u00e9riode de grand froid, des mesures particuli\u00e8res sont mises en \u0153uvre de mani\u00e8re adapt\u00e9e par les autorit\u00e9s et les diff\u00e9rents acteurs concern\u00e9s en fonction de l\u2019impact pr\u00e9visible ou av\u00e9r\u00e9 de la vague de froid. Ainsi, un num\u00e9ro de t\u00e9l\u00e9phone gratuit, le 115, joignable 24h\/24, peut \u00eatre appel\u00e9 d\u00e8s lors que vous auriez connaissance d\u2019une personne en d\u00e9tresse dans la rue.<\/p>\n<p>Le niveau de vigilance sera revu en fonction de l\u2019\u00e9volution des temp\u00e9ratures.<\/p>\n<p>Soyez tr\u00e8s prudents et vigilants si vous devez absolument vous d\u00e9placer. Renseignez-vous sur les conditions de circulation.<\/p>\n<p>C.K.N.<\/p>\n","protected":false},"excerpt":{"rendered":"<p>Attention, M\u00e9t\u00e9o France a plac\u00e9 la r\u00e9gion en vigilance jaune \u00e0 la neige et au verglas. Ces cumuls devraient se [&hellip;]<\/p>\n","protected":false},"author":407,"featured_media":9848,"comment_status":"open","ping_status":"open","sticky":false,"template":"","format":"standard","meta":{"footnotes":""},"categories":[26,95,18],"tags":[1585,1586,487,720,32],"class_list":["post-9847","post","type-post","status-publish","format-standard","has-post-thumbnail","hentry","category-a-la-une","category-securite","category-vosges","tag-froid","tag-meteo-france","tag-neige","tag-verglas","tag-vosges"],"acf":[],"yoast_head":"<!-- This site is optimized with the Yoast SEO plugin v22.5 - https:\/\/yoast.com\/wordpress\/plugins\/seo\/ -->\n<title>Jusqu\u2019\u00e0 10 cm de neige et du verglas attendu sur les routes vosgiennes - Remiremont Info<\/title>\n<meta name=\"robots\" content=\"index, follow, max-snippet:-1, max-image-preview:large, max-video-preview:-1\" \/>\n<link rel=\"canonical\" href=\"https:\/\/vosgesinfo.fr\/remiremontinfo\/2019\/01\/jusqua-10-cm-de-neige-verglas-attendus-routes-vosgiennes\/\" \/>\n<meta name=\"twitter:card\" content=\"summary_large_image\" \/>\n<meta name=\"twitter:title\" content=\"Jusqu\u2019\u00e0 10 cm de neige et du verglas attendu sur les routes vosgiennes - Remiremont Info\" \/>\n<meta name=\"twitter:description\" content=\"Attention, M\u00e9t\u00e9o France a plac\u00e9 la r\u00e9gion en vigilance jaune \u00e0 la neige et au verglas. Ces cumuls devraient se [&hellip;]\" \/>\n<meta name=\"twitter:image\" content=\"https:\/\/vosgesinfo.fr\/app\/uploads\/sites\/5\/2024\/09\/201901neige-route.jpg\" \/>\n<meta name=\"twitter:creator\" content=\"@VosgesInfo88\" \/>\n<meta name=\"twitter:site\" content=\"@VosgesInfo88\" \/>\n<meta name=\"twitter:label1\" content=\"\u00c9crit par\" \/>\n\t<meta name=\"twitter:data1\" content=\"C D\" \/>\n\t<meta name=\"twitter:label2\" content=\"Dur\u00e9e de lecture estim\u00e9e\" \/>\n\t<meta name=\"twitter:data2\" content=\"1 minute\" \/>\n<script type=\"application\/ld+json\" class=\"yoast-schema-graph\">{\"@context\":\"https:\/\/schema.org\",\"@graph\":[{\"@type\":\"Article\",\"@id\":\"https:\/\/vosgesinfo.fr\/remiremontinfo\/2019\/01\/jusqua-10-cm-de-neige-verglas-attendus-routes-vosgiennes\/#article\",\"isPartOf\":{\"@id\":\"https:\/\/vosgesinfo.fr\/remiremontinfo\/2019\/01\/jusqua-10-cm-de-neige-verglas-attendus-routes-vosgiennes\/\"},\"author\":{\"name\":\"C D\",\"@id\":\"https:\/\/vosgesinfo.fr\/remiremontinfo\/#\/schema\/person\/3bfd164d5218a185b1db68655a265316\"},\"headline\":\"Jusqu\u2019\u00e0 10 cm de neige et du verglas attendu sur les routes vosgiennes\",\"datePublished\":\"2019-01-22T12:53:05+00:00\",\"dateModified\":\"2019-01-22T12:53:05+00:00\",\"mainEntityOfPage\":{\"@id\":\"https:\/\/vosgesinfo.fr\/remiremontinfo\/2019\/01\/jusqua-10-cm-de-neige-verglas-attendus-routes-vosgiennes\/\"},\"wordCount\":287,\"commentCount\":0,\"publisher\":{\"@id\":\"https:\/\/vosgesinfo.fr\/remiremontinfo\/#organization\"},\"image\":{\"@id\":\"https:\/\/vosgesinfo.fr\/remiremontinfo\/2019\/01\/jusqua-10-cm-de-neige-verglas-attendus-routes-vosgiennes\/#primaryimage\"},\"thumbnailUrl\":\"https:\/\/vosgesinfo.fr\/app\/uploads\/sites\/5\/2024\/09\/201901neige-route.jpg\",\"keywords\":[\"Froid\",\"meteo france\",\"neige\",\"verglas\",\"Vosges\"],\"articleSection\":[\"A la Une\",\"S\u00e9curit\u00e9\",\"Vosges\"],\"inLanguage\":\"fr-FR\",\"potentialAction\":[{\"@type\":\"CommentAction\",\"name\":\"Comment\",\"target\":[\"https:\/\/vosgesinfo.fr\/remiremontinfo\/2019\/01\/jusqua-10-cm-de-neige-verglas-attendus-routes-vosgiennes\/#respond\"]}]},{\"@type\":\"WebPage\",\"@id\":\"https:\/\/vosgesinfo.fr\/remiremontinfo\/2019\/01\/jusqua-10-cm-de-neige-verglas-attendus-routes-vosgiennes\/\",\"url\":\"https:\/\/vosgesinfo.fr\/remiremontinfo\/2019\/01\/jusqua-10-cm-de-neige-verglas-attendus-routes-vosgiennes\/\",\"name\":\"Jusqu\u2019\u00e0 10 cm de neige et du verglas attendu sur les routes vosgiennes - Remiremont Info\",\"isPartOf\":{\"@id\":\"https:\/\/vosgesinfo.fr\/remiremontinfo\/#website\"},\"primaryImageOfPage\":{\"@id\":\"https:\/\/vosgesinfo.fr\/remiremontinfo\/2019\/01\/jusqua-10-cm-de-neige-verglas-attendus-routes-vosgiennes\/#primaryimage\"},\"image\":{\"@id\":\"https:\/\/vosgesinfo.fr\/remiremontinfo\/2019\/01\/jusqua-10-cm-de-neige-verglas-attendus-routes-vosgiennes\/#primaryimage\"},\"thumbnailUrl\":\"https:\/\/vosgesinfo.fr\/app\/uploads\/sites\/5\/2024\/09\/201901neige-route.jpg\",\"datePublished\":\"2019-01-22T12:53:05+00:00\",\"dateModified\":\"2019-01-22T12:53:05+00:00\",\"breadcrumb\":{\"@id\":\"https:\/\/vosgesinfo.fr\/remiremontinfo\/2019\/01\/jusqua-10-cm-de-neige-verglas-attendus-routes-vosgiennes\/#breadcrumb\"},\"inLanguage\":\"fr-FR\",\"potentialAction\":[{\"@type\":\"ReadAction\",\"target\":[\"https:\/\/vosgesinfo.fr\/remiremontinfo\/2019\/01\/jusqua-10-cm-de-neige-verglas-attendus-routes-vosgiennes\/\"]}]},{\"@type\":\"ImageObject\",\"inLanguage\":\"fr-FR\",\"@id\":\"https:\/\/vosgesinfo.fr\/remiremontinfo\/2019\/01\/jusqua-10-cm-de-neige-verglas-attendus-routes-vosgiennes\/#primaryimage\",\"url\":\"https:\/\/vosgesinfo.fr\/app\/uploads\/sites\/5\/2024\/09\/201901neige-route.jpg\",\"contentUrl\":\"https:\/\/vosgesinfo.fr\/app\/uploads\/sites\/5\/2024\/09\/201901neige-route.jpg\",\"width\":960,\"height\":514},{\"@type\":\"BreadcrumbList\",\"@id\":\"https:\/\/vosgesinfo.fr\/remiremontinfo\/2019\/01\/jusqua-10-cm-de-neige-verglas-attendus-routes-vosgiennes\/#breadcrumb\",\"itemListElement\":[{\"@type\":\"ListItem\",\"position\":1,\"name\":\"Home\",\"item\":\"https:\/\/vosgesinfo.fr\/remiremontinfo\/\"},{\"@type\":\"ListItem\",\"position\":2,\"name\":\"Jusqu\u2019\u00e0 10 cm de neige et du verglas attendu sur les routes vosgiennes\"}]},{\"@type\":\"WebSite\",\"@id\":\"https:\/\/vosgesinfo.fr\/remiremontinfo\/#website\",\"url\":\"https:\/\/vosgesinfo.fr\/remiremontinfo\/\",\"name\":\"Remiremont Info\",\"description\":\"Toute l&#039;actualit\u00e9 de Remiremont\",\"publisher\":{\"@id\":\"https:\/\/vosgesinfo.fr\/remiremontinfo\/#organization\"},\"alternateName\":\"Toute l'actualit\u00e9 de Remiremont\",\"potentialAction\":[{\"@type\":\"SearchAction\",\"target\":{\"@type\":\"EntryPoint\",\"urlTemplate\":\"https:\/\/vosgesinfo.fr\/remiremontinfo\/?s={search_term_string}\"},\"query-input\":\"required name=search_term_string\"}],\"inLanguage\":\"fr-FR\"},{\"@type\":\"Organization\",\"@id\":\"https:\/\/vosgesinfo.fr\/remiremontinfo\/#organization\",\"name\":\"Remiremont Info\",\"url\":\"https:\/\/vosgesinfo.fr\/remiremontinfo\/\",\"logo\":{\"@type\":\"ImageObject\",\"inLanguage\":\"fr-FR\",\"@id\":\"https:\/\/vosgesinfo.fr\/remiremontinfo\/#\/schema\/logo\/image\/\",\"url\":\"https:\/\/vosgesinfo.fr\/app\/uploads\/sites\/5\/2023\/08\/favicon-remiremontinfo.png\",\"contentUrl\":\"https:\/\/vosgesinfo.fr\/app\/uploads\/sites\/5\/2023\/08\/favicon-remiremontinfo.png\",\"width\":512,\"height\":512,\"caption\":\"Remiremont Info\"},\"image\":{\"@id\":\"https:\/\/vosgesinfo.fr\/remiremontinfo\/#\/schema\/logo\/image\/\"},\"sameAs\":[\"https:\/\/www.facebook.com\/remiremontinfo\",\"https:\/\/x.com\/VosgesInfo88\",\"https:\/\/www.youtube.com\/@vosgesinfo\"]},{\"@type\":\"Person\",\"@id\":\"https:\/\/vosgesinfo.fr\/remiremontinfo\/#\/schema\/person\/3bfd164d5218a185b1db68655a265316\",\"name\":\"C D\",\"image\":{\"@type\":\"ImageObject\",\"inLanguage\":\"fr-FR\",\"@id\":\"https:\/\/vosgesinfo.fr\/remiremontinfo\/#\/schema\/person\/image\/\",\"url\":\"https:\/\/secure.gravatar.com\/avatar\/1f9a70007336511a47468b8f1c66f922b8b7cf617b02a31149ada43893a5d48f?s=96&d=mm&r=g\",\"contentUrl\":\"https:\/\/secure.gravatar.com\/avatar\/1f9a70007336511a47468b8f1c66f922b8b7cf617b02a31149ada43893a5d48f?s=96&d=mm&r=g\",\"caption\":\"C D\"},\"url\":\"https:\/\/vosgesinfo.fr\/remiremontinfo\/author\/cedric-drevet\/\"}]}<\/script>\n<!-- \/ Yoast SEO plugin. -->","yoast_head_json":{"title":"Jusqu\u2019\u00e0 10 cm de neige et du verglas attendu sur les routes vosgiennes - Remiremont Info","robots":{"index":"index","follow":"follow","max-snippet":"max-snippet:-1","max-image-preview":"max-image-preview:large","max-video-preview":"max-video-preview:-1"},"canonical":"https:\/\/vosgesinfo.fr\/remiremontinfo\/2019\/01\/jusqua-10-cm-de-neige-verglas-attendus-routes-vosgiennes\/","twitter_card":"summary_large_image","twitter_title":"Jusqu\u2019\u00e0 10 cm de neige et du verglas attendu sur les routes vosgiennes - Remiremont Info","twitter_description":"Attention, M\u00e9t\u00e9o France a plac\u00e9 la r\u00e9gion en vigilance jaune \u00e0 la neige et au verglas. Ces cumuls devraient se [&hellip;]","twitter_image":"https:\/\/vosgesinfo.fr\/app\/uploads\/sites\/5\/2024\/09\/201901neige-route.jpg","twitter_creator":"@VosgesInfo88","twitter_site":"@VosgesInfo88","twitter_misc":{"\u00c9crit par":"C D","Dur\u00e9e de lecture estim\u00e9e":"1 minute"},"schema":{"@context":"https:\/\/schema.org","@graph":[{"@type":"Article","@id":"https:\/\/vosgesinfo.fr\/remiremontinfo\/2019\/01\/jusqua-10-cm-de-neige-verglas-attendus-routes-vosgiennes\/#article","isPartOf":{"@id":"https:\/\/vosgesinfo.fr\/remiremontinfo\/2019\/01\/jusqua-10-cm-de-neige-verglas-attendus-routes-vosgiennes\/"},"author":{"name":"C D","@id":"https:\/\/vosgesinfo.fr\/remiremontinfo\/#\/schema\/person\/3bfd164d5218a185b1db68655a265316"},"headline":"Jusqu\u2019\u00e0 10 cm de neige et du verglas attendu sur les routes vosgiennes","datePublished":"2019-01-22T12:53:05+00:00","dateModified":"2019-01-22T12:53:05+00:00","mainEntityOfPage":{"@id":"https:\/\/vosgesinfo.fr\/remiremontinfo\/2019\/01\/jusqua-10-cm-de-neige-verglas-attendus-routes-vosgiennes\/"},"wordCount":287,"commentCount":0,"publisher":{"@id":"https:\/\/vosgesinfo.fr\/remiremontinfo\/#organization"},"image":{"@id":"https:\/\/vosgesinfo.fr\/remiremontinfo\/2019\/01\/jusqua-10-cm-de-neige-verglas-attendus-routes-vosgiennes\/#primaryimage"},"thumbnailUrl":"https:\/\/vosgesinfo.fr\/app\/uploads\/sites\/5\/2024\/09\/201901neige-route.jpg","keywords":["Froid","meteo france","neige","verglas","Vosges"],"articleSection":["A la Une","S\u00e9curit\u00e9","Vosges"],"inLanguage":"fr-FR","potentialAction":[{"@type":"CommentAction","name":"Comment","target":["https:\/\/vosgesinfo.fr\/remiremontinfo\/2019\/01\/jusqua-10-cm-de-neige-verglas-attendus-routes-vosgiennes\/#respond"]}]},{"@type":"WebPage","@id":"https:\/\/vosgesinfo.fr\/remiremontinfo\/2019\/01\/jusqua-10-cm-de-neige-verglas-attendus-routes-vosgiennes\/","url":"https:\/\/vosgesinfo.fr\/remiremontinfo\/2019\/01\/jusqua-10-cm-de-neige-verglas-attendus-routes-vosgiennes\/","name":"Jusqu\u2019\u00e0 10 cm de neige et du verglas attendu sur les routes vosgiennes - Remiremont Info","isPartOf":{"@id":"https:\/\/vosgesinfo.fr\/remiremontinfo\/#website"},"primaryImageOfPage":{"@id":"https:\/\/vosgesinfo.fr\/remiremontinfo\/2019\/01\/jusqua-10-cm-de-neige-verglas-attendus-routes-vosgiennes\/#primaryimage"},"image":{"@id":"https:\/\/vosgesinfo.fr\/remiremontinfo\/2019\/01\/jusqua-10-cm-de-neige-verglas-attendus-routes-vosgiennes\/#primaryimage"},"thumbnailUrl":"https:\/\/vosgesinfo.fr\/app\/uploads\/sites\/5\/2024\/09\/201901neige-route.jpg","datePublished":"2019-01-22T12:53:05+00:00","dateModified":"2019-01-22T12:53:05+00:00","breadcrumb":{"@id":"https:\/\/vosgesinfo.fr\/remiremontinfo\/2019\/01\/jusqua-10-cm-de-neige-verglas-attendus-routes-vosgiennes\/#breadcrumb"},"inLanguage":"fr-FR","potentialAction":[{"@type":"ReadAction","target":["https:\/\/vosgesinfo.fr\/remiremontinfo\/2019\/01\/jusqua-10-cm-de-neige-verglas-attendus-routes-vosgiennes\/"]}]},{"@type":"ImageObject","inLanguage":"fr-FR","@id":"https:\/\/vosgesinfo.fr\/remiremontinfo\/2019\/01\/jusqua-10-cm-de-neige-verglas-attendus-routes-vosgiennes\/#primaryimage","url":"https:\/\/vosgesinfo.fr\/app\/uploads\/sites\/5\/2024\/09\/201901neige-route.jpg","contentUrl":"https:\/\/vosgesinfo.fr\/app\/uploads\/sites\/5\/2024\/09\/201901neige-route.jpg","width":960,"height":514},{"@type":"BreadcrumbList","@id":"https:\/\/vosgesinfo.fr\/remiremontinfo\/2019\/01\/jusqua-10-cm-de-neige-verglas-attendus-routes-vosgiennes\/#breadcrumb","itemListElement":[{"@type":"ListItem","position":1,"name":"Home","item":"https:\/\/vosgesinfo.fr\/remiremontinfo\/"},{"@type":"ListItem","position":2,"name":"Jusqu\u2019\u00e0 10 cm de neige et du verglas attendu sur les routes vosgiennes"}]},{"@type":"WebSite","@id":"https:\/\/vosgesinfo.fr\/remiremontinfo\/#website","url":"https:\/\/vosgesinfo.fr\/remiremontinfo\/","name":"Remiremont Info","description":"Toute l&#039;actualit\u00e9 de Remiremont","publisher":{"@id":"https:\/\/vosgesinfo.fr\/remiremontinfo\/#organization"},"alternateName":"Toute l'actualit\u00e9 de Remiremont","potentialAction":[{"@type":"SearchAction","target":{"@type":"EntryPoint","urlTemplate":"https:\/\/vosgesinfo.fr\/remiremontinfo\/?s={search_term_string}"},"query-input":"required name=search_term_string"}],"inLanguage":"fr-FR"},{"@type":"Organization","@id":"https:\/\/vosgesinfo.fr\/remiremontinfo\/#organization","name":"Remiremont Info","url":"https:\/\/vosgesinfo.fr\/remiremontinfo\/","logo":{"@type":"ImageObject","inLanguage":"fr-FR","@id":"https:\/\/vosgesinfo.fr\/remiremontinfo\/#\/schema\/logo\/image\/","url":"https:\/\/vosgesinfo.fr\/app\/uploads\/sites\/5\/2023\/08\/favicon-remiremontinfo.png","contentUrl":"https:\/\/vosgesinfo.fr\/app\/uploads\/sites\/5\/2023\/08\/favicon-remiremontinfo.png","width":512,"height":512,"caption":"Remiremont Info"},"image":{"@id":"https:\/\/vosgesinfo.fr\/remiremontinfo\/#\/schema\/logo\/image\/"},"sameAs":["https:\/\/www.facebook.com\/remiremontinfo","https:\/\/x.com\/VosgesInfo88","https:\/\/www.youtube.com\/@vosgesinfo"]},{"@type":"Person","@id":"https:\/\/vosgesinfo.fr\/remiremontinfo\/#\/schema\/person\/3bfd164d5218a185b1db68655a265316","name":"C D","image":{"@type":"ImageObject","inLanguage":"fr-FR","@id":"https:\/\/vosgesinfo.fr\/remiremontinfo\/#\/schema\/person\/image\/","url":"https:\/\/secure.gravatar.com\/avatar\/1f9a70007336511a47468b8f1c66f922b8b7cf617b02a31149ada43893a5d48f?s=96&d=mm&r=g","contentUrl":"https:\/\/secure.gravatar.com\/avatar\/1f9a70007336511a47468b8f1c66f922b8b7cf617b02a31149ada43893a5d48f?s=96&d=mm&r=g","caption":"C D"},"url":"https:\/\/vosgesinfo.fr\/remiremontinfo\/author\/cedric-drevet\/"}]}},"_links":{"self":[{"href":"https:\/\/vosgesinfo.fr\/remiremontinfo\/wp-json\/wp\/v2\/posts\/9847","targetHints":{"allow":["GET"]}}],"collection":[{"href":"https:\/\/vosgesinfo.fr\/remiremontinfo\/wp-json\/wp\/v2\/posts"}],"about":[{"href":"https:\/\/vosgesinfo.fr\/remiremontinfo\/wp-json\/wp\/v2\/types\/post"}],"author":[{"embeddable":true,"href":"https:\/\/vosgesinfo.fr\/remiremontinfo\/wp-json\/wp\/v2\/users\/407"}],"replies":[{"embeddable":true,"href":"https:\/\/vosgesinfo.fr\/remiremontinfo\/wp-json\/wp\/v2\/comments?post=9847"}],"version-history":[{"count":0,"href":"https:\/\/vosgesinfo.fr\/remiremontinfo\/wp-json\/wp\/v2\/posts\/9847\/revisions"}],"wp:featuredmedia":[{"embeddable":true,"href":"https:\/\/vosgesinfo.fr\/remiremontinfo\/wp-json\/wp\/v2\/media\/9848"}],"wp:attachment":[{"href":"https:\/\/vosgesinfo.fr\/remiremontinfo\/wp-json\/wp\/v2\/media?parent=9847"}],"wp:term":[{"taxonomy":"category","embeddable":true,"href":"https:\/\/vosgesinfo.fr\/remiremontinfo\/wp-json\/wp\/v2\/categories?post=9847"},{"taxonomy":"post_tag","embeddable":true,"href":"https:\/\/vosgesinfo.fr\/remiremontinfo\/wp-json\/wp\/v2\/tags?post=9847"}],"curies":[{"name":"wp","href":"https:\/\/api.w.org\/{rel}","templated":true}]}}