{"id":9896,"date":"2019-01-24T08:21:57","date_gmt":"2019-01-24T07:21:57","guid":{"rendered":"https:\/\/vosgesinfo.fr\/remiremontinfo\/2019\/01\/julien-absalon-prepare-equipe-jeux-olympiques\/"},"modified":"2019-01-24T08:21:57","modified_gmt":"2019-01-24T07:21:57","slug":"julien-absalon-prepare-equipe-jeux-olympiques","status":"publish","type":"post","link":"https:\/\/vosgesinfo.fr\/remiremontinfo\/2019\/01\/julien-absalon-prepare-equipe-jeux-olympiques\/","title":{"rendered":"Julien Absalon pr\u00e9pare son \u00e9quipe pour les jeux Olympiques !"},"content":{"rendered":"<p>&nbsp;<\/p>\n<p>&nbsp;<\/p>\n<p>&nbsp;<\/p>\n<div id=\"attachment_251827\" style=\"width: 970px\" class=\"wp-caption alignnone\"><a href=\"\/2019\/01\/50597953_10216370419146640_4208003429550784512_n.jpg\"><img decoding=\"async\" aria-describedby=\"caption-attachment-251827\" class=\"size-full wp-image-251827\" src=\"\/2019\/01\/50597953_10216370419146640_4208003429550784512_n.jpg\" alt=\"Julien Absalon\" width=\"960\" height=\"640\" \/><\/a><p id=\"caption-attachment-251827\" class=\"wp-caption-text\">Julien Absalon<\/p><\/div>\n<p>&nbsp;<\/p>\n<h2 class=\"p1\">Julien Absalon \u00e9tait \u00e0 la Confiserie Bressaude, son partenaire, pour pr\u00e9senter son \u00e9quipe \u00ab\u00a0Absolute Absalon\u00a0\u00bb, de passage dans les Vosges pour un stage de pr\u00e9paration.<\/h2>\n<p class=\"p1\"><em><span class=\"s1\">\u00ab\u00a0J\u2019ai d\u00e9cid\u00e9 en 2018 de cr\u00e9er une \u00ab\u00e9quipe professionnelle ayant pour objectif de transmettre mon exp\u00e9rience \u00e0 la nouvelle g\u00e9n\u00e9ration\u00a0\u00bb<\/span><\/em><\/p>\n<p class=\"p1\"><span class=\"s1\">L\u2019\u00e9quipe est compos\u00e9e de Thomas Bonnet, 20 ans, Axel Zingle, 19 ans, Mathis Azzaro, 18 ans (tous les trois en cat\u00e9gorie U23) et de Jordan Sarrou, 26 ans. Tous ont d\u00e9j\u00e0 un impressionnant palmar\u00e8s derri\u00e8re eux. Absalon \u00e9tend les mener plus loin au cours des ann\u00e9es \u00e0 venir.<\/span><\/p>\n<p class=\"p1\"><em><span class=\"s1\">\u00ab\u00a0On vise Paris 2024\u00a0\u00bb<\/span><\/em><\/p>\n<p class=\"p1\"><span class=\"s1\">Jordan Sarrou se pr\u00e9pare pour l\u2019ann\u00e9e 2019 sur le circuit des coupes du monde, les championnats du monde, et surtout pour les Jeux Olympiques de Tokyo en 2020.\u00a0<\/span><span class=\"s1\">Les trois plus jeunes de l\u2019\u00e9quipe seront form\u00e9s avec pour objectif les Jeux Olympiques de Paris en 2024.<\/span><\/p>\n<p class=\"p1\">\n<p style=\"text-align: center;\"><strong>Photographies : Claude No\u00ebl.<\/strong><\/p>\n\n","protected":false},"excerpt":{"rendered":"<p>&nbsp; &nbsp; &nbsp; &nbsp; Julien Absalon \u00e9tait \u00e0 la Confiserie Bressaude, son partenaire, pour pr\u00e9senter son \u00e9quipe \u00ab\u00a0Absolute Absalon\u00a0\u00bb, de [&hellip;]<\/p>\n","protected":false},"author":407,"featured_media":9897,"comment_status":"open","ping_status":"open","sticky":false,"template":"","format":"standard","meta":{"footnotes":""},"categories":[26,14],"tags":[1594,1562,1595,1344,1596],"class_list":["post-9896","post","type-post","status-publish","format-standard","has-post-thumbnail","hentry","category-a-la-une","category-sport","tag-absolute-absalon","tag-confiserie-bressaude","tag-cyclisme","tag-jeux-olympiques","tag-julien-absalon"],"acf":[],"yoast_head":"<!-- This site is optimized with the Yoast SEO plugin v22.5 - https:\/\/yoast.com\/wordpress\/plugins\/seo\/ -->\n<title>Julien Absalon pr\u00e9pare son \u00e9quipe pour les jeux Olympiques ! - Remiremont Info<\/title>\n<meta name=\"robots\" content=\"index, follow, max-snippet:-1, max-image-preview:large, max-video-preview:-1\" \/>\n<link rel=\"canonical\" href=\"https:\/\/vosgesinfo.fr\/remiremontinfo\/2019\/01\/julien-absalon-prepare-equipe-jeux-olympiques\/\" \/>\n<meta name=\"twitter:card\" content=\"summary_large_image\" \/>\n<meta name=\"twitter:title\" content=\"Julien Absalon pr\u00e9pare son \u00e9quipe pour les jeux Olympiques ! - Remiremont Info\" \/>\n<meta name=\"twitter:description\" content=\"&nbsp; &nbsp; &nbsp; &nbsp; Julien Absalon \u00e9tait \u00e0 la Confiserie Bressaude, son partenaire, pour pr\u00e9senter son \u00e9quipe \u00ab\u00a0Absolute Absalon\u00a0\u00bb, de [&hellip;]\" \/>\n<meta name=\"twitter:image\" content=\"https:\/\/vosgesinfo.fr\/app\/uploads\/sites\/5\/2024\/09\/20190150597953-10216370419146640-4208003429550784512-n.jpg\" \/>\n<meta name=\"twitter:creator\" content=\"@VosgesInfo88\" \/>\n<meta name=\"twitter:site\" content=\"@VosgesInfo88\" \/>\n<meta name=\"twitter:label1\" content=\"\u00c9crit par\" \/>\n\t<meta name=\"twitter:data1\" content=\"C D\" \/>\n\t<meta name=\"twitter:label2\" content=\"Dur\u00e9e de lecture estim\u00e9e\" \/>\n\t<meta name=\"twitter:data2\" content=\"1 minute\" \/>\n<script type=\"application\/ld+json\" class=\"yoast-schema-graph\">{\"@context\":\"https:\/\/schema.org\",\"@graph\":[{\"@type\":\"Article\",\"@id\":\"https:\/\/vosgesinfo.fr\/remiremontinfo\/2019\/01\/julien-absalon-prepare-equipe-jeux-olympiques\/#article\",\"isPartOf\":{\"@id\":\"https:\/\/vosgesinfo.fr\/remiremontinfo\/2019\/01\/julien-absalon-prepare-equipe-jeux-olympiques\/\"},\"author\":{\"name\":\"C D\",\"@id\":\"https:\/\/vosgesinfo.fr\/remiremontinfo\/#\/schema\/person\/3bfd164d5218a185b1db68655a265316\"},\"headline\":\"Julien Absalon pr\u00e9pare son \u00e9quipe pour les jeux Olympiques !\",\"datePublished\":\"2019-01-24T07:21:57+00:00\",\"dateModified\":\"2019-01-24T07:21:57+00:00\",\"mainEntityOfPage\":{\"@id\":\"https:\/\/vosgesinfo.fr\/remiremontinfo\/2019\/01\/julien-absalon-prepare-equipe-jeux-olympiques\/\"},\"wordCount\":186,\"commentCount\":0,\"publisher\":{\"@id\":\"https:\/\/vosgesinfo.fr\/remiremontinfo\/#organization\"},\"image\":{\"@id\":\"https:\/\/vosgesinfo.fr\/remiremontinfo\/2019\/01\/julien-absalon-prepare-equipe-jeux-olympiques\/#primaryimage\"},\"thumbnailUrl\":\"https:\/\/vosgesinfo.fr\/app\/uploads\/sites\/5\/2024\/09\/20190150597953-10216370419146640-4208003429550784512-n.jpg\",\"keywords\":[\"absolute absalon\",\"confiserie bressaude\",\"cyclisme\",\"Jeux Olympiques\",\"Julien Absalon\"],\"articleSection\":[\"A la Une\",\"Sport\"],\"inLanguage\":\"fr-FR\",\"potentialAction\":[{\"@type\":\"CommentAction\",\"name\":\"Comment\",\"target\":[\"https:\/\/vosgesinfo.fr\/remiremontinfo\/2019\/01\/julien-absalon-prepare-equipe-jeux-olympiques\/#respond\"]}]},{\"@type\":\"WebPage\",\"@id\":\"https:\/\/vosgesinfo.fr\/remiremontinfo\/2019\/01\/julien-absalon-prepare-equipe-jeux-olympiques\/\",\"url\":\"https:\/\/vosgesinfo.fr\/remiremontinfo\/2019\/01\/julien-absalon-prepare-equipe-jeux-olympiques\/\",\"name\":\"Julien Absalon pr\u00e9pare son \u00e9quipe pour les jeux Olympiques ! - Remiremont Info\",\"isPartOf\":{\"@id\":\"https:\/\/vosgesinfo.fr\/remiremontinfo\/#website\"},\"primaryImageOfPage\":{\"@id\":\"https:\/\/vosgesinfo.fr\/remiremontinfo\/2019\/01\/julien-absalon-prepare-equipe-jeux-olympiques\/#primaryimage\"},\"image\":{\"@id\":\"https:\/\/vosgesinfo.fr\/remiremontinfo\/2019\/01\/julien-absalon-prepare-equipe-jeux-olympiques\/#primaryimage\"},\"thumbnailUrl\":\"https:\/\/vosgesinfo.fr\/app\/uploads\/sites\/5\/2024\/09\/20190150597953-10216370419146640-4208003429550784512-n.jpg\",\"datePublished\":\"2019-01-24T07:21:57+00:00\",\"dateModified\":\"2019-01-24T07:21:57+00:00\",\"breadcrumb\":{\"@id\":\"https:\/\/vosgesinfo.fr\/remiremontinfo\/2019\/01\/julien-absalon-prepare-equipe-jeux-olympiques\/#breadcrumb\"},\"inLanguage\":\"fr-FR\",\"potentialAction\":[{\"@type\":\"ReadAction\",\"target\":[\"https:\/\/vosgesinfo.fr\/remiremontinfo\/2019\/01\/julien-absalon-prepare-equipe-jeux-olympiques\/\"]}]},{\"@type\":\"ImageObject\",\"inLanguage\":\"fr-FR\",\"@id\":\"https:\/\/vosgesinfo.fr\/remiremontinfo\/2019\/01\/julien-absalon-prepare-equipe-jeux-olympiques\/#primaryimage\",\"url\":\"https:\/\/vosgesinfo.fr\/app\/uploads\/sites\/5\/2024\/09\/20190150597953-10216370419146640-4208003429550784512-n.jpg\",\"contentUrl\":\"https:\/\/vosgesinfo.fr\/app\/uploads\/sites\/5\/2024\/09\/20190150597953-10216370419146640-4208003429550784512-n.jpg\",\"width\":960,\"height\":640},{\"@type\":\"BreadcrumbList\",\"@id\":\"https:\/\/vosgesinfo.fr\/remiremontinfo\/2019\/01\/julien-absalon-prepare-equipe-jeux-olympiques\/#breadcrumb\",\"itemListElement\":[{\"@type\":\"ListItem\",\"position\":1,\"name\":\"Home\",\"item\":\"https:\/\/vosgesinfo.fr\/remiremontinfo\/\"},{\"@type\":\"ListItem\",\"position\":2,\"name\":\"Julien Absalon pr\u00e9pare son \u00e9quipe pour les jeux Olympiques !\"}]},{\"@type\":\"WebSite\",\"@id\":\"https:\/\/vosgesinfo.fr\/remiremontinfo\/#website\",\"url\":\"https:\/\/vosgesinfo.fr\/remiremontinfo\/\",\"name\":\"Remiremont Info\",\"description\":\"Toute l&#039;actualit\u00e9 de Remiremont\",\"publisher\":{\"@id\":\"https:\/\/vosgesinfo.fr\/remiremontinfo\/#organization\"},\"alternateName\":\"Toute l'actualit\u00e9 de Remiremont\",\"potentialAction\":[{\"@type\":\"SearchAction\",\"target\":{\"@type\":\"EntryPoint\",\"urlTemplate\":\"https:\/\/vosgesinfo.fr\/remiremontinfo\/?s={search_term_string}\"},\"query-input\":\"required name=search_term_string\"}],\"inLanguage\":\"fr-FR\"},{\"@type\":\"Organization\",\"@id\":\"https:\/\/vosgesinfo.fr\/remiremontinfo\/#organization\",\"name\":\"Remiremont Info\",\"url\":\"https:\/\/vosgesinfo.fr\/remiremontinfo\/\",\"logo\":{\"@type\":\"ImageObject\",\"inLanguage\":\"fr-FR\",\"@id\":\"https:\/\/vosgesinfo.fr\/remiremontinfo\/#\/schema\/logo\/image\/\",\"url\":\"https:\/\/vosgesinfo.fr\/app\/uploads\/sites\/5\/2023\/08\/favicon-remiremontinfo.png\",\"contentUrl\":\"https:\/\/vosgesinfo.fr\/app\/uploads\/sites\/5\/2023\/08\/favicon-remiremontinfo.png\",\"width\":512,\"height\":512,\"caption\":\"Remiremont Info\"},\"image\":{\"@id\":\"https:\/\/vosgesinfo.fr\/remiremontinfo\/#\/schema\/logo\/image\/\"},\"sameAs\":[\"https:\/\/www.facebook.com\/remiremontinfo\",\"https:\/\/x.com\/VosgesInfo88\",\"https:\/\/www.youtube.com\/@vosgesinfo\"]},{\"@type\":\"Person\",\"@id\":\"https:\/\/vosgesinfo.fr\/remiremontinfo\/#\/schema\/person\/3bfd164d5218a185b1db68655a265316\",\"name\":\"C D\",\"image\":{\"@type\":\"ImageObject\",\"inLanguage\":\"fr-FR\",\"@id\":\"https:\/\/vosgesinfo.fr\/remiremontinfo\/#\/schema\/person\/image\/\",\"url\":\"https:\/\/secure.gravatar.com\/avatar\/1f9a70007336511a47468b8f1c66f922b8b7cf617b02a31149ada43893a5d48f?s=96&d=mm&r=g\",\"contentUrl\":\"https:\/\/secure.gravatar.com\/avatar\/1f9a70007336511a47468b8f1c66f922b8b7cf617b02a31149ada43893a5d48f?s=96&d=mm&r=g\",\"caption\":\"C D\"},\"url\":\"https:\/\/vosgesinfo.fr\/remiremontinfo\/author\/cedric-drevet\/\"}]}<\/script>\n<!-- \/ Yoast SEO plugin. -->","yoast_head_json":{"title":"Julien Absalon pr\u00e9pare son \u00e9quipe pour les jeux Olympiques ! - Remiremont Info","robots":{"index":"index","follow":"follow","max-snippet":"max-snippet:-1","max-image-preview":"max-image-preview:large","max-video-preview":"max-video-preview:-1"},"canonical":"https:\/\/vosgesinfo.fr\/remiremontinfo\/2019\/01\/julien-absalon-prepare-equipe-jeux-olympiques\/","twitter_card":"summary_large_image","twitter_title":"Julien Absalon pr\u00e9pare son \u00e9quipe pour les jeux Olympiques ! - Remiremont Info","twitter_description":"&nbsp; &nbsp; &nbsp; &nbsp; Julien Absalon \u00e9tait \u00e0 la Confiserie Bressaude, son partenaire, pour pr\u00e9senter son \u00e9quipe \u00ab\u00a0Absolute Absalon\u00a0\u00bb, de [&hellip;]","twitter_image":"https:\/\/vosgesinfo.fr\/app\/uploads\/sites\/5\/2024\/09\/20190150597953-10216370419146640-4208003429550784512-n.jpg","twitter_creator":"@VosgesInfo88","twitter_site":"@VosgesInfo88","twitter_misc":{"\u00c9crit par":"C D","Dur\u00e9e de lecture estim\u00e9e":"1 minute"},"schema":{"@context":"https:\/\/schema.org","@graph":[{"@type":"Article","@id":"https:\/\/vosgesinfo.fr\/remiremontinfo\/2019\/01\/julien-absalon-prepare-equipe-jeux-olympiques\/#article","isPartOf":{"@id":"https:\/\/vosgesinfo.fr\/remiremontinfo\/2019\/01\/julien-absalon-prepare-equipe-jeux-olympiques\/"},"author":{"name":"C D","@id":"https:\/\/vosgesinfo.fr\/remiremontinfo\/#\/schema\/person\/3bfd164d5218a185b1db68655a265316"},"headline":"Julien Absalon pr\u00e9pare son \u00e9quipe pour les jeux Olympiques !","datePublished":"2019-01-24T07:21:57+00:00","dateModified":"2019-01-24T07:21:57+00:00","mainEntityOfPage":{"@id":"https:\/\/vosgesinfo.fr\/remiremontinfo\/2019\/01\/julien-absalon-prepare-equipe-jeux-olympiques\/"},"wordCount":186,"commentCount":0,"publisher":{"@id":"https:\/\/vosgesinfo.fr\/remiremontinfo\/#organization"},"image":{"@id":"https:\/\/vosgesinfo.fr\/remiremontinfo\/2019\/01\/julien-absalon-prepare-equipe-jeux-olympiques\/#primaryimage"},"thumbnailUrl":"https:\/\/vosgesinfo.fr\/app\/uploads\/sites\/5\/2024\/09\/20190150597953-10216370419146640-4208003429550784512-n.jpg","keywords":["absolute absalon","confiserie bressaude","cyclisme","Jeux Olympiques","Julien Absalon"],"articleSection":["A la Une","Sport"],"inLanguage":"fr-FR","potentialAction":[{"@type":"CommentAction","name":"Comment","target":["https:\/\/vosgesinfo.fr\/remiremontinfo\/2019\/01\/julien-absalon-prepare-equipe-jeux-olympiques\/#respond"]}]},{"@type":"WebPage","@id":"https:\/\/vosgesinfo.fr\/remiremontinfo\/2019\/01\/julien-absalon-prepare-equipe-jeux-olympiques\/","url":"https:\/\/vosgesinfo.fr\/remiremontinfo\/2019\/01\/julien-absalon-prepare-equipe-jeux-olympiques\/","name":"Julien Absalon pr\u00e9pare son \u00e9quipe pour les jeux Olympiques ! - Remiremont Info","isPartOf":{"@id":"https:\/\/vosgesinfo.fr\/remiremontinfo\/#website"},"primaryImageOfPage":{"@id":"https:\/\/vosgesinfo.fr\/remiremontinfo\/2019\/01\/julien-absalon-prepare-equipe-jeux-olympiques\/#primaryimage"},"image":{"@id":"https:\/\/vosgesinfo.fr\/remiremontinfo\/2019\/01\/julien-absalon-prepare-equipe-jeux-olympiques\/#primaryimage"},"thumbnailUrl":"https:\/\/vosgesinfo.fr\/app\/uploads\/sites\/5\/2024\/09\/20190150597953-10216370419146640-4208003429550784512-n.jpg","datePublished":"2019-01-24T07:21:57+00:00","dateModified":"2019-01-24T07:21:57+00:00","breadcrumb":{"@id":"https:\/\/vosgesinfo.fr\/remiremontinfo\/2019\/01\/julien-absalon-prepare-equipe-jeux-olympiques\/#breadcrumb"},"inLanguage":"fr-FR","potentialAction":[{"@type":"ReadAction","target":["https:\/\/vosgesinfo.fr\/remiremontinfo\/2019\/01\/julien-absalon-prepare-equipe-jeux-olympiques\/"]}]},{"@type":"ImageObject","inLanguage":"fr-FR","@id":"https:\/\/vosgesinfo.fr\/remiremontinfo\/2019\/01\/julien-absalon-prepare-equipe-jeux-olympiques\/#primaryimage","url":"https:\/\/vosgesinfo.fr\/app\/uploads\/sites\/5\/2024\/09\/20190150597953-10216370419146640-4208003429550784512-n.jpg","contentUrl":"https:\/\/vosgesinfo.fr\/app\/uploads\/sites\/5\/2024\/09\/20190150597953-10216370419146640-4208003429550784512-n.jpg","width":960,"height":640},{"@type":"BreadcrumbList","@id":"https:\/\/vosgesinfo.fr\/remiremontinfo\/2019\/01\/julien-absalon-prepare-equipe-jeux-olympiques\/#breadcrumb","itemListElement":[{"@type":"ListItem","position":1,"name":"Home","item":"https:\/\/vosgesinfo.fr\/remiremontinfo\/"},{"@type":"ListItem","position":2,"name":"Julien Absalon pr\u00e9pare son \u00e9quipe pour les jeux Olympiques !"}]},{"@type":"WebSite","@id":"https:\/\/vosgesinfo.fr\/remiremontinfo\/#website","url":"https:\/\/vosgesinfo.fr\/remiremontinfo\/","name":"Remiremont Info","description":"Toute l&#039;actualit\u00e9 de Remiremont","publisher":{"@id":"https:\/\/vosgesinfo.fr\/remiremontinfo\/#organization"},"alternateName":"Toute l'actualit\u00e9 de Remiremont","potentialAction":[{"@type":"SearchAction","target":{"@type":"EntryPoint","urlTemplate":"https:\/\/vosgesinfo.fr\/remiremontinfo\/?s={search_term_string}"},"query-input":"required name=search_term_string"}],"inLanguage":"fr-FR"},{"@type":"Organization","@id":"https:\/\/vosgesinfo.fr\/remiremontinfo\/#organization","name":"Remiremont Info","url":"https:\/\/vosgesinfo.fr\/remiremontinfo\/","logo":{"@type":"ImageObject","inLanguage":"fr-FR","@id":"https:\/\/vosgesinfo.fr\/remiremontinfo\/#\/schema\/logo\/image\/","url":"https:\/\/vosgesinfo.fr\/app\/uploads\/sites\/5\/2023\/08\/favicon-remiremontinfo.png","contentUrl":"https:\/\/vosgesinfo.fr\/app\/uploads\/sites\/5\/2023\/08\/favicon-remiremontinfo.png","width":512,"height":512,"caption":"Remiremont Info"},"image":{"@id":"https:\/\/vosgesinfo.fr\/remiremontinfo\/#\/schema\/logo\/image\/"},"sameAs":["https:\/\/www.facebook.com\/remiremontinfo","https:\/\/x.com\/VosgesInfo88","https:\/\/www.youtube.com\/@vosgesinfo"]},{"@type":"Person","@id":"https:\/\/vosgesinfo.fr\/remiremontinfo\/#\/schema\/person\/3bfd164d5218a185b1db68655a265316","name":"C D","image":{"@type":"ImageObject","inLanguage":"fr-FR","@id":"https:\/\/vosgesinfo.fr\/remiremontinfo\/#\/schema\/person\/image\/","url":"https:\/\/secure.gravatar.com\/avatar\/1f9a70007336511a47468b8f1c66f922b8b7cf617b02a31149ada43893a5d48f?s=96&d=mm&r=g","contentUrl":"https:\/\/secure.gravatar.com\/avatar\/1f9a70007336511a47468b8f1c66f922b8b7cf617b02a31149ada43893a5d48f?s=96&d=mm&r=g","caption":"C D"},"url":"https:\/\/vosgesinfo.fr\/remiremontinfo\/author\/cedric-drevet\/"}]}},"_links":{"self":[{"href":"https:\/\/vosgesinfo.fr\/remiremontinfo\/wp-json\/wp\/v2\/posts\/9896","targetHints":{"allow":["GET"]}}],"collection":[{"href":"https:\/\/vosgesinfo.fr\/remiremontinfo\/wp-json\/wp\/v2\/posts"}],"about":[{"href":"https:\/\/vosgesinfo.fr\/remiremontinfo\/wp-json\/wp\/v2\/types\/post"}],"author":[{"embeddable":true,"href":"https:\/\/vosgesinfo.fr\/remiremontinfo\/wp-json\/wp\/v2\/users\/407"}],"replies":[{"embeddable":true,"href":"https:\/\/vosgesinfo.fr\/remiremontinfo\/wp-json\/wp\/v2\/comments?post=9896"}],"version-history":[{"count":0,"href":"https:\/\/vosgesinfo.fr\/remiremontinfo\/wp-json\/wp\/v2\/posts\/9896\/revisions"}],"wp:featuredmedia":[{"embeddable":true,"href":"https:\/\/vosgesinfo.fr\/remiremontinfo\/wp-json\/wp\/v2\/media\/9897"}],"wp:attachment":[{"href":"https:\/\/vosgesinfo.fr\/remiremontinfo\/wp-json\/wp\/v2\/media?parent=9896"}],"wp:term":[{"taxonomy":"category","embeddable":true,"href":"https:\/\/vosgesinfo.fr\/remiremontinfo\/wp-json\/wp\/v2\/categories?post=9896"},{"taxonomy":"post_tag","embeddable":true,"href":"https:\/\/vosgesinfo.fr\/remiremontinfo\/wp-json\/wp\/v2\/tags?post=9896"}],"curies":[{"name":"wp","href":"https:\/\/api.w.org\/{rel}","templated":true}]}}