{"id":9950,"date":"2019-01-25T05:10:07","date_gmt":"2019-01-25T04:10:07","guid":{"rendered":"https:\/\/vosgesinfo.fr\/remiremontinfo\/2019\/01\/lart-contemporain-rencontre-lart-ancien-visite-guidee-musee-charles-de-bruyeres\/"},"modified":"2019-01-25T05:10:07","modified_gmt":"2019-01-25T04:10:07","slug":"lart-contemporain-rencontre-lart-ancien-visite-guidee-musee-charles-de-bruyeres","status":"publish","type":"post","link":"https:\/\/vosgesinfo.fr\/remiremontinfo\/2019\/01\/lart-contemporain-rencontre-lart-ancien-visite-guidee-musee-charles-de-bruyeres\/","title":{"rendered":"Quand l&rsquo;art contemporain rencontre l&rsquo;art ancien : visite guid\u00e9e au mus\u00e9e Charles de Bruy\u00e8res"},"content":{"rendered":"<div>Le samedi 9 f\u00e9vrier \u00e0 16 heures, visite guid\u00e9e au mus\u00e9e Charles-de-Bruy\u00e8res\u00a0consacr\u00e9e \u00e0 l&rsquo;exposition \u00ab\u00a0Charles de Bruy\u00e8res invite\u00a0\u00bb, mariage audacieux entre art ancien et art contemporain.<\/div>\n<div><\/div>\n<div><strong>Tarifs :<\/strong><\/div>\n<div>Entr\u00e9e : 6 \u20ac (tarif plein) et 4 \u20ac (tarif r\u00e9duit, sous conditions)<\/div>\n<div><\/div>\n<div>Plus de renseignements au 03 29 62 59 14.<\/div>\n<div><\/div>\n<div>S\u00e9ances de rattrapage le 2 mars, le 6 avril, le 4 mai et le 18 mai !<\/div>\n<div><\/div>\n<div><a href=\"\/2019\/01\/affiche-2-1.jpg\"><img decoding=\"async\" class=\"alignnone size-large wp-image-251917\" src=\"\/2019\/01\/affiche-2-1-724x1024.jpg\" alt=\"affiche-2 (1)\" width=\"724\" height=\"1024\" \/><\/a><\/div>\n","protected":false},"excerpt":{"rendered":"<p>Le samedi 9 f\u00e9vrier \u00e0 16 heures, visite guid\u00e9e au mus\u00e9e Charles-de-Bruy\u00e8res\u00a0consacr\u00e9e \u00e0 l&rsquo;exposition \u00ab\u00a0Charles de Bruy\u00e8res invite\u00a0\u00bb, mariage audacieux [&hellip;]<\/p>\n","protected":false},"author":407,"featured_media":9951,"comment_status":"open","ping_status":"open","sticky":false,"template":"","format":"standard","meta":{"footnotes":""},"categories":[229,1556,35],"tags":[],"class_list":["post-9950","post","type-post","status-publish","format-standard","has-post-thumbnail","hentry","category-art","category-remiremont-remiremont-son-canton-2","category-remiremont-son-canton"],"acf":[],"yoast_head":"<!-- This site is optimized with the Yoast SEO plugin v22.5 - https:\/\/yoast.com\/wordpress\/plugins\/seo\/ -->\n<title>Quand l&#039;art contemporain rencontre l&#039;art ancien : visite guid\u00e9e au mus\u00e9e Charles de Bruy\u00e8res - Remiremont Info<\/title>\n<meta name=\"robots\" content=\"index, follow, max-snippet:-1, max-image-preview:large, max-video-preview:-1\" \/>\n<link rel=\"canonical\" href=\"https:\/\/vosgesinfo.fr\/remiremontinfo\/2019\/01\/lart-contemporain-rencontre-lart-ancien-visite-guidee-musee-charles-de-bruyeres\/\" \/>\n<meta name=\"twitter:card\" content=\"summary_large_image\" \/>\n<meta name=\"twitter:title\" content=\"Quand l&#039;art contemporain rencontre l&#039;art ancien : visite guid\u00e9e au mus\u00e9e Charles de Bruy\u00e8res - Remiremont Info\" \/>\n<meta name=\"twitter:description\" content=\"Le samedi 9 f\u00e9vrier \u00e0 16 heures, visite guid\u00e9e au mus\u00e9e Charles-de-Bruy\u00e8res\u00a0consacr\u00e9e \u00e0 l&rsquo;exposition \u00ab\u00a0Charles de Bruy\u00e8res invite\u00a0\u00bb, mariage audacieux [&hellip;]\" \/>\n<meta name=\"twitter:image\" content=\"https:\/\/vosgesinfo.fr\/app\/uploads\/sites\/5\/2024\/09\/201901affiche-2-1.jpg\" \/>\n<meta name=\"twitter:creator\" content=\"@VosgesInfo88\" \/>\n<meta name=\"twitter:site\" content=\"@VosgesInfo88\" \/>\n<meta name=\"twitter:label1\" content=\"\u00c9crit par\" \/>\n\t<meta name=\"twitter:data1\" content=\"C D\" \/>\n<script type=\"application\/ld+json\" class=\"yoast-schema-graph\">{\"@context\":\"https:\/\/schema.org\",\"@graph\":[{\"@type\":\"Article\",\"@id\":\"https:\/\/vosgesinfo.fr\/remiremontinfo\/2019\/01\/lart-contemporain-rencontre-lart-ancien-visite-guidee-musee-charles-de-bruyeres\/#article\",\"isPartOf\":{\"@id\":\"https:\/\/vosgesinfo.fr\/remiremontinfo\/2019\/01\/lart-contemporain-rencontre-lart-ancien-visite-guidee-musee-charles-de-bruyeres\/\"},\"author\":{\"name\":\"C D\",\"@id\":\"https:\/\/vosgesinfo.fr\/remiremontinfo\/#\/schema\/person\/3bfd164d5218a185b1db68655a265316\"},\"headline\":\"Quand l&rsquo;art contemporain rencontre l&rsquo;art ancien : visite guid\u00e9e au mus\u00e9e Charles de Bruy\u00e8res\",\"datePublished\":\"2019-01-25T04:10:07+00:00\",\"dateModified\":\"2019-01-25T04:10:07+00:00\",\"mainEntityOfPage\":{\"@id\":\"https:\/\/vosgesinfo.fr\/remiremontinfo\/2019\/01\/lart-contemporain-rencontre-lart-ancien-visite-guidee-musee-charles-de-bruyeres\/\"},\"wordCount\":76,\"commentCount\":0,\"publisher\":{\"@id\":\"https:\/\/vosgesinfo.fr\/remiremontinfo\/#organization\"},\"image\":{\"@id\":\"https:\/\/vosgesinfo.fr\/remiremontinfo\/2019\/01\/lart-contemporain-rencontre-lart-ancien-visite-guidee-musee-charles-de-bruyeres\/#primaryimage\"},\"thumbnailUrl\":\"https:\/\/vosgesinfo.fr\/app\/uploads\/sites\/5\/2024\/09\/201901affiche-2-1.jpg\",\"articleSection\":[\"Art\",\"Remiremont\",\"Remiremont &amp; son canton\"],\"inLanguage\":\"fr-FR\",\"potentialAction\":[{\"@type\":\"CommentAction\",\"name\":\"Comment\",\"target\":[\"https:\/\/vosgesinfo.fr\/remiremontinfo\/2019\/01\/lart-contemporain-rencontre-lart-ancien-visite-guidee-musee-charles-de-bruyeres\/#respond\"]}]},{\"@type\":\"WebPage\",\"@id\":\"https:\/\/vosgesinfo.fr\/remiremontinfo\/2019\/01\/lart-contemporain-rencontre-lart-ancien-visite-guidee-musee-charles-de-bruyeres\/\",\"url\":\"https:\/\/vosgesinfo.fr\/remiremontinfo\/2019\/01\/lart-contemporain-rencontre-lart-ancien-visite-guidee-musee-charles-de-bruyeres\/\",\"name\":\"Quand l'art contemporain rencontre l'art ancien : visite guid\u00e9e au mus\u00e9e Charles de Bruy\u00e8res - Remiremont Info\",\"isPartOf\":{\"@id\":\"https:\/\/vosgesinfo.fr\/remiremontinfo\/#website\"},\"primaryImageOfPage\":{\"@id\":\"https:\/\/vosgesinfo.fr\/remiremontinfo\/2019\/01\/lart-contemporain-rencontre-lart-ancien-visite-guidee-musee-charles-de-bruyeres\/#primaryimage\"},\"image\":{\"@id\":\"https:\/\/vosgesinfo.fr\/remiremontinfo\/2019\/01\/lart-contemporain-rencontre-lart-ancien-visite-guidee-musee-charles-de-bruyeres\/#primaryimage\"},\"thumbnailUrl\":\"https:\/\/vosgesinfo.fr\/app\/uploads\/sites\/5\/2024\/09\/201901affiche-2-1.jpg\",\"datePublished\":\"2019-01-25T04:10:07+00:00\",\"dateModified\":\"2019-01-25T04:10:07+00:00\",\"breadcrumb\":{\"@id\":\"https:\/\/vosgesinfo.fr\/remiremontinfo\/2019\/01\/lart-contemporain-rencontre-lart-ancien-visite-guidee-musee-charles-de-bruyeres\/#breadcrumb\"},\"inLanguage\":\"fr-FR\",\"potentialAction\":[{\"@type\":\"ReadAction\",\"target\":[\"https:\/\/vosgesinfo.fr\/remiremontinfo\/2019\/01\/lart-contemporain-rencontre-lart-ancien-visite-guidee-musee-charles-de-bruyeres\/\"]}]},{\"@type\":\"ImageObject\",\"inLanguage\":\"fr-FR\",\"@id\":\"https:\/\/vosgesinfo.fr\/remiremontinfo\/2019\/01\/lart-contemporain-rencontre-lart-ancien-visite-guidee-musee-charles-de-bruyeres\/#primaryimage\",\"url\":\"https:\/\/vosgesinfo.fr\/app\/uploads\/sites\/5\/2024\/09\/201901affiche-2-1.jpg\",\"contentUrl\":\"https:\/\/vosgesinfo.fr\/app\/uploads\/sites\/5\/2024\/09\/201901affiche-2-1.jpg\",\"width\":1200,\"height\":1697},{\"@type\":\"BreadcrumbList\",\"@id\":\"https:\/\/vosgesinfo.fr\/remiremontinfo\/2019\/01\/lart-contemporain-rencontre-lart-ancien-visite-guidee-musee-charles-de-bruyeres\/#breadcrumb\",\"itemListElement\":[{\"@type\":\"ListItem\",\"position\":1,\"name\":\"Home\",\"item\":\"https:\/\/vosgesinfo.fr\/remiremontinfo\/\"},{\"@type\":\"ListItem\",\"position\":2,\"name\":\"Quand l&rsquo;art contemporain rencontre l&rsquo;art ancien : visite guid\u00e9e au mus\u00e9e Charles de Bruy\u00e8res\"}]},{\"@type\":\"WebSite\",\"@id\":\"https:\/\/vosgesinfo.fr\/remiremontinfo\/#website\",\"url\":\"https:\/\/vosgesinfo.fr\/remiremontinfo\/\",\"name\":\"Remiremont Info\",\"description\":\"Toute l&#039;actualit\u00e9 de Remiremont\",\"publisher\":{\"@id\":\"https:\/\/vosgesinfo.fr\/remiremontinfo\/#organization\"},\"alternateName\":\"Toute l'actualit\u00e9 de Remiremont\",\"potentialAction\":[{\"@type\":\"SearchAction\",\"target\":{\"@type\":\"EntryPoint\",\"urlTemplate\":\"https:\/\/vosgesinfo.fr\/remiremontinfo\/?s={search_term_string}\"},\"query-input\":\"required name=search_term_string\"}],\"inLanguage\":\"fr-FR\"},{\"@type\":\"Organization\",\"@id\":\"https:\/\/vosgesinfo.fr\/remiremontinfo\/#organization\",\"name\":\"Remiremont Info\",\"url\":\"https:\/\/vosgesinfo.fr\/remiremontinfo\/\",\"logo\":{\"@type\":\"ImageObject\",\"inLanguage\":\"fr-FR\",\"@id\":\"https:\/\/vosgesinfo.fr\/remiremontinfo\/#\/schema\/logo\/image\/\",\"url\":\"https:\/\/vosgesinfo.fr\/app\/uploads\/sites\/5\/2023\/08\/favicon-remiremontinfo.png\",\"contentUrl\":\"https:\/\/vosgesinfo.fr\/app\/uploads\/sites\/5\/2023\/08\/favicon-remiremontinfo.png\",\"width\":512,\"height\":512,\"caption\":\"Remiremont Info\"},\"image\":{\"@id\":\"https:\/\/vosgesinfo.fr\/remiremontinfo\/#\/schema\/logo\/image\/\"},\"sameAs\":[\"https:\/\/www.facebook.com\/remiremontinfo\",\"https:\/\/x.com\/VosgesInfo88\",\"https:\/\/www.youtube.com\/@vosgesinfo\"]},{\"@type\":\"Person\",\"@id\":\"https:\/\/vosgesinfo.fr\/remiremontinfo\/#\/schema\/person\/3bfd164d5218a185b1db68655a265316\",\"name\":\"C D\",\"image\":{\"@type\":\"ImageObject\",\"inLanguage\":\"fr-FR\",\"@id\":\"https:\/\/vosgesinfo.fr\/remiremontinfo\/#\/schema\/person\/image\/\",\"url\":\"https:\/\/secure.gravatar.com\/avatar\/1f9a70007336511a47468b8f1c66f922b8b7cf617b02a31149ada43893a5d48f?s=96&d=mm&r=g\",\"contentUrl\":\"https:\/\/secure.gravatar.com\/avatar\/1f9a70007336511a47468b8f1c66f922b8b7cf617b02a31149ada43893a5d48f?s=96&d=mm&r=g\",\"caption\":\"C D\"},\"url\":\"https:\/\/vosgesinfo.fr\/remiremontinfo\/author\/cedric-drevet\/\"}]}<\/script>\n<!-- \/ Yoast SEO plugin. -->","yoast_head_json":{"title":"Quand l'art contemporain rencontre l'art ancien : visite guid\u00e9e au mus\u00e9e Charles de Bruy\u00e8res - Remiremont Info","robots":{"index":"index","follow":"follow","max-snippet":"max-snippet:-1","max-image-preview":"max-image-preview:large","max-video-preview":"max-video-preview:-1"},"canonical":"https:\/\/vosgesinfo.fr\/remiremontinfo\/2019\/01\/lart-contemporain-rencontre-lart-ancien-visite-guidee-musee-charles-de-bruyeres\/","twitter_card":"summary_large_image","twitter_title":"Quand l'art contemporain rencontre l'art ancien : visite guid\u00e9e au mus\u00e9e Charles de Bruy\u00e8res - Remiremont Info","twitter_description":"Le samedi 9 f\u00e9vrier \u00e0 16 heures, visite guid\u00e9e au mus\u00e9e Charles-de-Bruy\u00e8res\u00a0consacr\u00e9e \u00e0 l&rsquo;exposition \u00ab\u00a0Charles de Bruy\u00e8res invite\u00a0\u00bb, mariage audacieux [&hellip;]","twitter_image":"https:\/\/vosgesinfo.fr\/app\/uploads\/sites\/5\/2024\/09\/201901affiche-2-1.jpg","twitter_creator":"@VosgesInfo88","twitter_site":"@VosgesInfo88","twitter_misc":{"\u00c9crit par":"C D"},"schema":{"@context":"https:\/\/schema.org","@graph":[{"@type":"Article","@id":"https:\/\/vosgesinfo.fr\/remiremontinfo\/2019\/01\/lart-contemporain-rencontre-lart-ancien-visite-guidee-musee-charles-de-bruyeres\/#article","isPartOf":{"@id":"https:\/\/vosgesinfo.fr\/remiremontinfo\/2019\/01\/lart-contemporain-rencontre-lart-ancien-visite-guidee-musee-charles-de-bruyeres\/"},"author":{"name":"C D","@id":"https:\/\/vosgesinfo.fr\/remiremontinfo\/#\/schema\/person\/3bfd164d5218a185b1db68655a265316"},"headline":"Quand l&rsquo;art contemporain rencontre l&rsquo;art ancien : visite guid\u00e9e au mus\u00e9e Charles de Bruy\u00e8res","datePublished":"2019-01-25T04:10:07+00:00","dateModified":"2019-01-25T04:10:07+00:00","mainEntityOfPage":{"@id":"https:\/\/vosgesinfo.fr\/remiremontinfo\/2019\/01\/lart-contemporain-rencontre-lart-ancien-visite-guidee-musee-charles-de-bruyeres\/"},"wordCount":76,"commentCount":0,"publisher":{"@id":"https:\/\/vosgesinfo.fr\/remiremontinfo\/#organization"},"image":{"@id":"https:\/\/vosgesinfo.fr\/remiremontinfo\/2019\/01\/lart-contemporain-rencontre-lart-ancien-visite-guidee-musee-charles-de-bruyeres\/#primaryimage"},"thumbnailUrl":"https:\/\/vosgesinfo.fr\/app\/uploads\/sites\/5\/2024\/09\/201901affiche-2-1.jpg","articleSection":["Art","Remiremont","Remiremont &amp; son canton"],"inLanguage":"fr-FR","potentialAction":[{"@type":"CommentAction","name":"Comment","target":["https:\/\/vosgesinfo.fr\/remiremontinfo\/2019\/01\/lart-contemporain-rencontre-lart-ancien-visite-guidee-musee-charles-de-bruyeres\/#respond"]}]},{"@type":"WebPage","@id":"https:\/\/vosgesinfo.fr\/remiremontinfo\/2019\/01\/lart-contemporain-rencontre-lart-ancien-visite-guidee-musee-charles-de-bruyeres\/","url":"https:\/\/vosgesinfo.fr\/remiremontinfo\/2019\/01\/lart-contemporain-rencontre-lart-ancien-visite-guidee-musee-charles-de-bruyeres\/","name":"Quand l'art contemporain rencontre l'art ancien : visite guid\u00e9e au mus\u00e9e Charles de Bruy\u00e8res - Remiremont Info","isPartOf":{"@id":"https:\/\/vosgesinfo.fr\/remiremontinfo\/#website"},"primaryImageOfPage":{"@id":"https:\/\/vosgesinfo.fr\/remiremontinfo\/2019\/01\/lart-contemporain-rencontre-lart-ancien-visite-guidee-musee-charles-de-bruyeres\/#primaryimage"},"image":{"@id":"https:\/\/vosgesinfo.fr\/remiremontinfo\/2019\/01\/lart-contemporain-rencontre-lart-ancien-visite-guidee-musee-charles-de-bruyeres\/#primaryimage"},"thumbnailUrl":"https:\/\/vosgesinfo.fr\/app\/uploads\/sites\/5\/2024\/09\/201901affiche-2-1.jpg","datePublished":"2019-01-25T04:10:07+00:00","dateModified":"2019-01-25T04:10:07+00:00","breadcrumb":{"@id":"https:\/\/vosgesinfo.fr\/remiremontinfo\/2019\/01\/lart-contemporain-rencontre-lart-ancien-visite-guidee-musee-charles-de-bruyeres\/#breadcrumb"},"inLanguage":"fr-FR","potentialAction":[{"@type":"ReadAction","target":["https:\/\/vosgesinfo.fr\/remiremontinfo\/2019\/01\/lart-contemporain-rencontre-lart-ancien-visite-guidee-musee-charles-de-bruyeres\/"]}]},{"@type":"ImageObject","inLanguage":"fr-FR","@id":"https:\/\/vosgesinfo.fr\/remiremontinfo\/2019\/01\/lart-contemporain-rencontre-lart-ancien-visite-guidee-musee-charles-de-bruyeres\/#primaryimage","url":"https:\/\/vosgesinfo.fr\/app\/uploads\/sites\/5\/2024\/09\/201901affiche-2-1.jpg","contentUrl":"https:\/\/vosgesinfo.fr\/app\/uploads\/sites\/5\/2024\/09\/201901affiche-2-1.jpg","width":1200,"height":1697},{"@type":"BreadcrumbList","@id":"https:\/\/vosgesinfo.fr\/remiremontinfo\/2019\/01\/lart-contemporain-rencontre-lart-ancien-visite-guidee-musee-charles-de-bruyeres\/#breadcrumb","itemListElement":[{"@type":"ListItem","position":1,"name":"Home","item":"https:\/\/vosgesinfo.fr\/remiremontinfo\/"},{"@type":"ListItem","position":2,"name":"Quand l&rsquo;art contemporain rencontre l&rsquo;art ancien : visite guid\u00e9e au mus\u00e9e Charles de Bruy\u00e8res"}]},{"@type":"WebSite","@id":"https:\/\/vosgesinfo.fr\/remiremontinfo\/#website","url":"https:\/\/vosgesinfo.fr\/remiremontinfo\/","name":"Remiremont Info","description":"Toute l&#039;actualit\u00e9 de Remiremont","publisher":{"@id":"https:\/\/vosgesinfo.fr\/remiremontinfo\/#organization"},"alternateName":"Toute l'actualit\u00e9 de Remiremont","potentialAction":[{"@type":"SearchAction","target":{"@type":"EntryPoint","urlTemplate":"https:\/\/vosgesinfo.fr\/remiremontinfo\/?s={search_term_string}"},"query-input":"required name=search_term_string"}],"inLanguage":"fr-FR"},{"@type":"Organization","@id":"https:\/\/vosgesinfo.fr\/remiremontinfo\/#organization","name":"Remiremont Info","url":"https:\/\/vosgesinfo.fr\/remiremontinfo\/","logo":{"@type":"ImageObject","inLanguage":"fr-FR","@id":"https:\/\/vosgesinfo.fr\/remiremontinfo\/#\/schema\/logo\/image\/","url":"https:\/\/vosgesinfo.fr\/app\/uploads\/sites\/5\/2023\/08\/favicon-remiremontinfo.png","contentUrl":"https:\/\/vosgesinfo.fr\/app\/uploads\/sites\/5\/2023\/08\/favicon-remiremontinfo.png","width":512,"height":512,"caption":"Remiremont Info"},"image":{"@id":"https:\/\/vosgesinfo.fr\/remiremontinfo\/#\/schema\/logo\/image\/"},"sameAs":["https:\/\/www.facebook.com\/remiremontinfo","https:\/\/x.com\/VosgesInfo88","https:\/\/www.youtube.com\/@vosgesinfo"]},{"@type":"Person","@id":"https:\/\/vosgesinfo.fr\/remiremontinfo\/#\/schema\/person\/3bfd164d5218a185b1db68655a265316","name":"C D","image":{"@type":"ImageObject","inLanguage":"fr-FR","@id":"https:\/\/vosgesinfo.fr\/remiremontinfo\/#\/schema\/person\/image\/","url":"https:\/\/secure.gravatar.com\/avatar\/1f9a70007336511a47468b8f1c66f922b8b7cf617b02a31149ada43893a5d48f?s=96&d=mm&r=g","contentUrl":"https:\/\/secure.gravatar.com\/avatar\/1f9a70007336511a47468b8f1c66f922b8b7cf617b02a31149ada43893a5d48f?s=96&d=mm&r=g","caption":"C D"},"url":"https:\/\/vosgesinfo.fr\/remiremontinfo\/author\/cedric-drevet\/"}]}},"_links":{"self":[{"href":"https:\/\/vosgesinfo.fr\/remiremontinfo\/wp-json\/wp\/v2\/posts\/9950","targetHints":{"allow":["GET"]}}],"collection":[{"href":"https:\/\/vosgesinfo.fr\/remiremontinfo\/wp-json\/wp\/v2\/posts"}],"about":[{"href":"https:\/\/vosgesinfo.fr\/remiremontinfo\/wp-json\/wp\/v2\/types\/post"}],"author":[{"embeddable":true,"href":"https:\/\/vosgesinfo.fr\/remiremontinfo\/wp-json\/wp\/v2\/users\/407"}],"replies":[{"embeddable":true,"href":"https:\/\/vosgesinfo.fr\/remiremontinfo\/wp-json\/wp\/v2\/comments?post=9950"}],"version-history":[{"count":0,"href":"https:\/\/vosgesinfo.fr\/remiremontinfo\/wp-json\/wp\/v2\/posts\/9950\/revisions"}],"wp:featuredmedia":[{"embeddable":true,"href":"https:\/\/vosgesinfo.fr\/remiremontinfo\/wp-json\/wp\/v2\/media\/9951"}],"wp:attachment":[{"href":"https:\/\/vosgesinfo.fr\/remiremontinfo\/wp-json\/wp\/v2\/media?parent=9950"}],"wp:term":[{"taxonomy":"category","embeddable":true,"href":"https:\/\/vosgesinfo.fr\/remiremontinfo\/wp-json\/wp\/v2\/categories?post=9950"},{"taxonomy":"post_tag","embeddable":true,"href":"https:\/\/vosgesinfo.fr\/remiremontinfo\/wp-json\/wp\/v2\/tags?post=9950"}],"curies":[{"name":"wp","href":"https:\/\/api.w.org\/{rel}","templated":true}]}}