{"id":22466,"date":"2023-08-31T13:34:08","date_gmt":"2023-08-31T11:34:08","guid":{"rendered":"https:\/\/vosgesinfo.fr\/saintdieinfo\/2023\/08\/corcieux-deux-nouveaux-professionnels-de-sante-rejoignent-le-pole-medical-forfelet\/"},"modified":"2024-02-27T17:02:08","modified_gmt":"2024-02-27T16:02:08","slug":"corcieux-deux-nouveaux-professionnels-de-sante-rejoignent-pole-medical-forfelet","status":"publish","type":"post","link":"https:\/\/vosgesinfo.fr\/saintdieinfo\/2023\/08\/corcieux-deux-nouveaux-professionnels-de-sante-rejoignent-pole-medical-forfelet\/","title":{"rendered":"Corcieux \u2013 Deux nouveaux professionnels de sant\u00e9 rejoignent le p\u00f4le m\u00e9dical forfelet"},"content":{"rendered":"<div id=\"attachment_205352\" style=\"width: 970px\" class=\"wp-caption aligncenter\"><a href=\"https:\/\/saintdieinfo.fr\/wp-content\/uploads\/2023\/08\/Corcieux-Nouveaux_Praticiens_P\u00f4le_M\u00e9dical.jpg\" target=\"_blank\" rel=\"noopener\"><img decoding=\"async\" aria-describedby=\"caption-attachment-205352\" class=\"wp-image-205352 size-large\" src=\"https:\/\/vosgesinfo.fr\/app\/uploads\/sites\/4\/2023\/08\/corcieux-nouveaux-praticiens-pole-medical.jpg\" alt=\"Corcieux-Nouveaux_Praticiens_P\u00f4le_M\u00e9dical\" width=\"960\" height=\"640\" \/><\/a><p id=\"caption-attachment-205352\" class=\"wp-caption-text\">(Photographie Mairie de Corcieux)<\/p><\/div>\n<h2><strong><span style=\"font-size: 14pt;\">C&rsquo;est une bonne nouvelle pour la commune de Corcieux. La semaine derni\u00e8re, la Mairie a annonc\u00e9 que Mathilde Wolf et Quentin Fran\u00e7ois, tous 2 kin\u00e9sith\u00e9rapeutes et tous 2 originaires de Haute-Savoie, ont r\u00e9cemment rejoint le p\u00f4le m\u00e9dical forfelet. Ils exercent au cabinet de kin\u00e9sith\u00e9rapie ainsi qu&rsquo;\u00e0 domicile. Pour prendre rendez-vous aupr\u00e8s d&rsquo;eux\u00a0: <a href=\"http:\/\/www.maiia.com\/\">www.maiia.com<\/a> ou laisser un message au num\u00e9ro 09-55-61-83-63.<\/span><\/strong><\/h2>\n","protected":false},"excerpt":{"rendered":"<p>C&rsquo;est une bonne nouvelle pour la commune de Corcieux. La semaine derni\u00e8re, la Mairie a annonc\u00e9 que Mathilde Wolf et [&hellip;]<\/p>\n","protected":false},"author":44,"featured_media":22465,"comment_status":"open","ping_status":"open","sticky":false,"template":"","format":"standard","meta":{"footnotes":""},"categories":[460,2915,4152,13],"tags":[1824,3162,1476],"class_list":["post-22466","post","type-post","status-publish","format-standard","has-post-thumbnail","hentry","category-a-la-une","category-saint-die-son-canton","category-sante","category-societe","tag-corcieux","tag-pole-medical-de-corcieux","tag-professionnels-de-sante"],"acf":[],"yoast_head":"<!-- This site is optimized with the Yoast SEO plugin v22.5 - https:\/\/yoast.com\/wordpress\/plugins\/seo\/ -->\n<title>Corcieux \u2013 Deux nouveaux professionnels de sant\u00e9 rejoignent le p\u00f4le m\u00e9dical forfelet - Saint Die Info<\/title>\n<meta name=\"robots\" content=\"index, follow, max-snippet:-1, max-image-preview:large, max-video-preview:-1\" \/>\n<link rel=\"canonical\" href=\"https:\/\/vosgesinfo.fr\/saintdieinfo\/2023\/08\/corcieux-deux-nouveaux-professionnels-de-sante-rejoignent-pole-medical-forfelet\/\" \/>\n<meta name=\"twitter:card\" content=\"summary_large_image\" \/>\n<meta name=\"twitter:title\" content=\"Corcieux \u2013 Deux nouveaux professionnels de sant\u00e9 rejoignent le p\u00f4le m\u00e9dical forfelet - Saint Die Info\" \/>\n<meta name=\"twitter:description\" content=\"C&rsquo;est une bonne nouvelle pour la commune de Corcieux. La semaine derni\u00e8re, la Mairie a annonc\u00e9 que Mathilde Wolf et [&hellip;]\" \/>\n<meta name=\"twitter:image\" content=\"https:\/\/vosgesinfo.fr\/app\/uploads\/sites\/4\/2023\/08\/corcieux-nouveaux-praticiens-pole-medical.jpg\" \/>\n<meta name=\"twitter:creator\" content=\"@VosgesInfo88\" \/>\n<meta name=\"twitter:site\" content=\"@VosgesInfo88\" \/>\n<meta name=\"twitter:label1\" content=\"\u00c9crit par\" \/>\n\t<meta name=\"twitter:data1\" content=\"la r\u00e9daction\" \/>\n<script type=\"application\/ld+json\" class=\"yoast-schema-graph\">{\"@context\":\"https:\/\/schema.org\",\"@graph\":[{\"@type\":\"Article\",\"@id\":\"https:\/\/vosgesinfo.fr\/saintdieinfo\/2023\/08\/corcieux-deux-nouveaux-professionnels-de-sante-rejoignent-pole-medical-forfelet\/#article\",\"isPartOf\":{\"@id\":\"https:\/\/vosgesinfo.fr\/saintdieinfo\/2023\/08\/corcieux-deux-nouveaux-professionnels-de-sante-rejoignent-pole-medical-forfelet\/\"},\"author\":{\"name\":\"la r\u00e9daction\",\"@id\":\"https:\/\/vosgesinfo.fr\/saintdieinfo\/#\/schema\/person\/faee6704a21f3977511db84bd1cd450f\"},\"headline\":\"Corcieux \u2013 Deux nouveaux professionnels de sant\u00e9 rejoignent le p\u00f4le m\u00e9dical forfelet\",\"datePublished\":\"2023-08-31T11:34:08+00:00\",\"dateModified\":\"2024-02-27T16:02:08+00:00\",\"mainEntityOfPage\":{\"@id\":\"https:\/\/vosgesinfo.fr\/saintdieinfo\/2023\/08\/corcieux-deux-nouveaux-professionnels-de-sante-rejoignent-pole-medical-forfelet\/\"},\"wordCount\":100,\"commentCount\":0,\"publisher\":{\"@id\":\"https:\/\/vosgesinfo.fr\/saintdieinfo\/#organization\"},\"image\":{\"@id\":\"https:\/\/vosgesinfo.fr\/saintdieinfo\/2023\/08\/corcieux-deux-nouveaux-professionnels-de-sante-rejoignent-pole-medical-forfelet\/#primaryimage\"},\"thumbnailUrl\":\"https:\/\/vosgesinfo.fr\/app\/uploads\/sites\/4\/2023\/08\/corcieux-nouveaux-praticiens-pole-medical.jpg\",\"keywords\":[\"Corcieux\",\"P\u00f4le m\u00e9dical de Corcieux\",\"professionnels de sant\u00e9\"],\"articleSection\":[\"A la Une\",\"Saint-Di\u00e9-des-Vosges et son Agglom\u00e9ration\",\"Sant\u00e9\",\"Soci\u00e9t\u00e9\"],\"inLanguage\":\"fr-FR\",\"potentialAction\":[{\"@type\":\"CommentAction\",\"name\":\"Comment\",\"target\":[\"https:\/\/vosgesinfo.fr\/saintdieinfo\/2023\/08\/corcieux-deux-nouveaux-professionnels-de-sante-rejoignent-pole-medical-forfelet\/#respond\"]}]},{\"@type\":\"WebPage\",\"@id\":\"https:\/\/vosgesinfo.fr\/saintdieinfo\/2023\/08\/corcieux-deux-nouveaux-professionnels-de-sante-rejoignent-pole-medical-forfelet\/\",\"url\":\"https:\/\/vosgesinfo.fr\/saintdieinfo\/2023\/08\/corcieux-deux-nouveaux-professionnels-de-sante-rejoignent-pole-medical-forfelet\/\",\"name\":\"Corcieux \u2013 Deux nouveaux professionnels de sant\u00e9 rejoignent le p\u00f4le m\u00e9dical forfelet - Saint Die Info\",\"isPartOf\":{\"@id\":\"https:\/\/vosgesinfo.fr\/saintdieinfo\/#website\"},\"primaryImageOfPage\":{\"@id\":\"https:\/\/vosgesinfo.fr\/saintdieinfo\/2023\/08\/corcieux-deux-nouveaux-professionnels-de-sante-rejoignent-pole-medical-forfelet\/#primaryimage\"},\"image\":{\"@id\":\"https:\/\/vosgesinfo.fr\/saintdieinfo\/2023\/08\/corcieux-deux-nouveaux-professionnels-de-sante-rejoignent-pole-medical-forfelet\/#primaryimage\"},\"thumbnailUrl\":\"https:\/\/vosgesinfo.fr\/app\/uploads\/sites\/4\/2023\/08\/corcieux-nouveaux-praticiens-pole-medical.jpg\",\"datePublished\":\"2023-08-31T11:34:08+00:00\",\"dateModified\":\"2024-02-27T16:02:08+00:00\",\"breadcrumb\":{\"@id\":\"https:\/\/vosgesinfo.fr\/saintdieinfo\/2023\/08\/corcieux-deux-nouveaux-professionnels-de-sante-rejoignent-pole-medical-forfelet\/#breadcrumb\"},\"inLanguage\":\"fr-FR\",\"potentialAction\":[{\"@type\":\"ReadAction\",\"target\":[\"https:\/\/vosgesinfo.fr\/saintdieinfo\/2023\/08\/corcieux-deux-nouveaux-professionnels-de-sante-rejoignent-pole-medical-forfelet\/\"]}]},{\"@type\":\"ImageObject\",\"inLanguage\":\"fr-FR\",\"@id\":\"https:\/\/vosgesinfo.fr\/saintdieinfo\/2023\/08\/corcieux-deux-nouveaux-professionnels-de-sante-rejoignent-pole-medical-forfelet\/#primaryimage\",\"url\":\"https:\/\/vosgesinfo.fr\/app\/uploads\/sites\/4\/2023\/08\/corcieux-nouveaux-praticiens-pole-medical.jpg\",\"contentUrl\":\"https:\/\/vosgesinfo.fr\/app\/uploads\/sites\/4\/2023\/08\/corcieux-nouveaux-praticiens-pole-medical.jpg\",\"width\":2048,\"height\":1365},{\"@type\":\"BreadcrumbList\",\"@id\":\"https:\/\/vosgesinfo.fr\/saintdieinfo\/2023\/08\/corcieux-deux-nouveaux-professionnels-de-sante-rejoignent-pole-medical-forfelet\/#breadcrumb\",\"itemListElement\":[{\"@type\":\"ListItem\",\"position\":1,\"name\":\"Home\",\"item\":\"https:\/\/vosgesinfo.fr\/saintdieinfo\/\"},{\"@type\":\"ListItem\",\"position\":2,\"name\":\"Corcieux \u2013 Deux nouveaux professionnels de sant\u00e9 rejoignent le p\u00f4le m\u00e9dical forfelet\"}]},{\"@type\":\"WebSite\",\"@id\":\"https:\/\/vosgesinfo.fr\/saintdieinfo\/#website\",\"url\":\"https:\/\/vosgesinfo.fr\/saintdieinfo\/\",\"name\":\"Saint Die Info\",\"description\":\"Toute l&#039;actualit\u00e9 de Saint-Di\u00e9-Des-Vosges\",\"publisher\":{\"@id\":\"https:\/\/vosgesinfo.fr\/saintdieinfo\/#organization\"},\"alternateName\":\"Toute l'actualit\u00e9 de Saint-Di\u00e9-Des-Vosges\",\"potentialAction\":[{\"@type\":\"SearchAction\",\"target\":{\"@type\":\"EntryPoint\",\"urlTemplate\":\"https:\/\/vosgesinfo.fr\/saintdieinfo\/?s={search_term_string}\"},\"query-input\":\"required name=search_term_string\"}],\"inLanguage\":\"fr-FR\"},{\"@type\":\"Organization\",\"@id\":\"https:\/\/vosgesinfo.fr\/saintdieinfo\/#organization\",\"name\":\"Saint Die Info\",\"url\":\"https:\/\/vosgesinfo.fr\/saintdieinfo\/\",\"logo\":{\"@type\":\"ImageObject\",\"inLanguage\":\"fr-FR\",\"@id\":\"https:\/\/vosgesinfo.fr\/saintdieinfo\/#\/schema\/logo\/image\/\",\"url\":\"https:\/\/vosgesinfo.fr\/app\/uploads\/sites\/4\/2024\/02\/logo-sdi.jpg\",\"contentUrl\":\"https:\/\/vosgesinfo.fr\/app\/uploads\/sites\/4\/2024\/02\/logo-sdi.jpg\",\"width\":600,\"height\":600,\"caption\":\"Saint Die Info\"},\"image\":{\"@id\":\"https:\/\/vosgesinfo.fr\/saintdieinfo\/#\/schema\/logo\/image\/\"},\"sameAs\":[\"https:\/\/www.facebook.com\/Saintdieinfofr\",\"https:\/\/x.com\/VosgesInfo88\",\"https:\/\/www.youtube.com\/@vosgesinfo\"]},{\"@type\":\"Person\",\"@id\":\"https:\/\/vosgesinfo.fr\/saintdieinfo\/#\/schema\/person\/faee6704a21f3977511db84bd1cd450f\",\"name\":\"la r\u00e9daction\",\"image\":{\"@type\":\"ImageObject\",\"inLanguage\":\"fr-FR\",\"@id\":\"https:\/\/vosgesinfo.fr\/saintdieinfo\/#\/schema\/person\/image\/\",\"url\":\"https:\/\/secure.gravatar.com\/avatar\/6673d8bc6a9c17fa9a453eaa3448de834fa308c2ec9635b7aa99441a7c8d2cf6?s=96&d=mm&r=g\",\"contentUrl\":\"https:\/\/secure.gravatar.com\/avatar\/6673d8bc6a9c17fa9a453eaa3448de834fa308c2ec9635b7aa99441a7c8d2cf6?s=96&d=mm&r=g\",\"caption\":\"la r\u00e9daction\"},\"url\":\"https:\/\/vosgesinfo.fr\/saintdieinfo\/author\/redac\/\"}]}<\/script>\n<!-- \/ Yoast SEO plugin. -->","yoast_head_json":{"title":"Corcieux \u2013 Deux nouveaux professionnels de sant\u00e9 rejoignent le p\u00f4le m\u00e9dical forfelet - Saint Die Info","robots":{"index":"index","follow":"follow","max-snippet":"max-snippet:-1","max-image-preview":"max-image-preview:large","max-video-preview":"max-video-preview:-1"},"canonical":"https:\/\/vosgesinfo.fr\/saintdieinfo\/2023\/08\/corcieux-deux-nouveaux-professionnels-de-sante-rejoignent-pole-medical-forfelet\/","twitter_card":"summary_large_image","twitter_title":"Corcieux \u2013 Deux nouveaux professionnels de sant\u00e9 rejoignent le p\u00f4le m\u00e9dical forfelet - Saint Die Info","twitter_description":"C&rsquo;est une bonne nouvelle pour la commune de Corcieux. La semaine derni\u00e8re, la Mairie a annonc\u00e9 que Mathilde Wolf et [&hellip;]","twitter_image":"https:\/\/vosgesinfo.fr\/app\/uploads\/sites\/4\/2023\/08\/corcieux-nouveaux-praticiens-pole-medical.jpg","twitter_creator":"@VosgesInfo88","twitter_site":"@VosgesInfo88","twitter_misc":{"\u00c9crit par":"la r\u00e9daction"},"schema":{"@context":"https:\/\/schema.org","@graph":[{"@type":"Article","@id":"https:\/\/vosgesinfo.fr\/saintdieinfo\/2023\/08\/corcieux-deux-nouveaux-professionnels-de-sante-rejoignent-pole-medical-forfelet\/#article","isPartOf":{"@id":"https:\/\/vosgesinfo.fr\/saintdieinfo\/2023\/08\/corcieux-deux-nouveaux-professionnels-de-sante-rejoignent-pole-medical-forfelet\/"},"author":{"name":"la r\u00e9daction","@id":"https:\/\/vosgesinfo.fr\/saintdieinfo\/#\/schema\/person\/faee6704a21f3977511db84bd1cd450f"},"headline":"Corcieux \u2013 Deux nouveaux professionnels de sant\u00e9 rejoignent le p\u00f4le m\u00e9dical forfelet","datePublished":"2023-08-31T11:34:08+00:00","dateModified":"2024-02-27T16:02:08+00:00","mainEntityOfPage":{"@id":"https:\/\/vosgesinfo.fr\/saintdieinfo\/2023\/08\/corcieux-deux-nouveaux-professionnels-de-sante-rejoignent-pole-medical-forfelet\/"},"wordCount":100,"commentCount":0,"publisher":{"@id":"https:\/\/vosgesinfo.fr\/saintdieinfo\/#organization"},"image":{"@id":"https:\/\/vosgesinfo.fr\/saintdieinfo\/2023\/08\/corcieux-deux-nouveaux-professionnels-de-sante-rejoignent-pole-medical-forfelet\/#primaryimage"},"thumbnailUrl":"https:\/\/vosgesinfo.fr\/app\/uploads\/sites\/4\/2023\/08\/corcieux-nouveaux-praticiens-pole-medical.jpg","keywords":["Corcieux","P\u00f4le m\u00e9dical de Corcieux","professionnels de sant\u00e9"],"articleSection":["A la Une","Saint-Di\u00e9-des-Vosges et son Agglom\u00e9ration","Sant\u00e9","Soci\u00e9t\u00e9"],"inLanguage":"fr-FR","potentialAction":[{"@type":"CommentAction","name":"Comment","target":["https:\/\/vosgesinfo.fr\/saintdieinfo\/2023\/08\/corcieux-deux-nouveaux-professionnels-de-sante-rejoignent-pole-medical-forfelet\/#respond"]}]},{"@type":"WebPage","@id":"https:\/\/vosgesinfo.fr\/saintdieinfo\/2023\/08\/corcieux-deux-nouveaux-professionnels-de-sante-rejoignent-pole-medical-forfelet\/","url":"https:\/\/vosgesinfo.fr\/saintdieinfo\/2023\/08\/corcieux-deux-nouveaux-professionnels-de-sante-rejoignent-pole-medical-forfelet\/","name":"Corcieux \u2013 Deux nouveaux professionnels de sant\u00e9 rejoignent le p\u00f4le m\u00e9dical forfelet - Saint Die Info","isPartOf":{"@id":"https:\/\/vosgesinfo.fr\/saintdieinfo\/#website"},"primaryImageOfPage":{"@id":"https:\/\/vosgesinfo.fr\/saintdieinfo\/2023\/08\/corcieux-deux-nouveaux-professionnels-de-sante-rejoignent-pole-medical-forfelet\/#primaryimage"},"image":{"@id":"https:\/\/vosgesinfo.fr\/saintdieinfo\/2023\/08\/corcieux-deux-nouveaux-professionnels-de-sante-rejoignent-pole-medical-forfelet\/#primaryimage"},"thumbnailUrl":"https:\/\/vosgesinfo.fr\/app\/uploads\/sites\/4\/2023\/08\/corcieux-nouveaux-praticiens-pole-medical.jpg","datePublished":"2023-08-31T11:34:08+00:00","dateModified":"2024-02-27T16:02:08+00:00","breadcrumb":{"@id":"https:\/\/vosgesinfo.fr\/saintdieinfo\/2023\/08\/corcieux-deux-nouveaux-professionnels-de-sante-rejoignent-pole-medical-forfelet\/#breadcrumb"},"inLanguage":"fr-FR","potentialAction":[{"@type":"ReadAction","target":["https:\/\/vosgesinfo.fr\/saintdieinfo\/2023\/08\/corcieux-deux-nouveaux-professionnels-de-sante-rejoignent-pole-medical-forfelet\/"]}]},{"@type":"ImageObject","inLanguage":"fr-FR","@id":"https:\/\/vosgesinfo.fr\/saintdieinfo\/2023\/08\/corcieux-deux-nouveaux-professionnels-de-sante-rejoignent-pole-medical-forfelet\/#primaryimage","url":"https:\/\/vosgesinfo.fr\/app\/uploads\/sites\/4\/2023\/08\/corcieux-nouveaux-praticiens-pole-medical.jpg","contentUrl":"https:\/\/vosgesinfo.fr\/app\/uploads\/sites\/4\/2023\/08\/corcieux-nouveaux-praticiens-pole-medical.jpg","width":2048,"height":1365},{"@type":"BreadcrumbList","@id":"https:\/\/vosgesinfo.fr\/saintdieinfo\/2023\/08\/corcieux-deux-nouveaux-professionnels-de-sante-rejoignent-pole-medical-forfelet\/#breadcrumb","itemListElement":[{"@type":"ListItem","position":1,"name":"Home","item":"https:\/\/vosgesinfo.fr\/saintdieinfo\/"},{"@type":"ListItem","position":2,"name":"Corcieux \u2013 Deux nouveaux professionnels de sant\u00e9 rejoignent le p\u00f4le m\u00e9dical forfelet"}]},{"@type":"WebSite","@id":"https:\/\/vosgesinfo.fr\/saintdieinfo\/#website","url":"https:\/\/vosgesinfo.fr\/saintdieinfo\/","name":"Saint Die Info","description":"Toute l&#039;actualit\u00e9 de Saint-Di\u00e9-Des-Vosges","publisher":{"@id":"https:\/\/vosgesinfo.fr\/saintdieinfo\/#organization"},"alternateName":"Toute l'actualit\u00e9 de Saint-Di\u00e9-Des-Vosges","potentialAction":[{"@type":"SearchAction","target":{"@type":"EntryPoint","urlTemplate":"https:\/\/vosgesinfo.fr\/saintdieinfo\/?s={search_term_string}"},"query-input":"required name=search_term_string"}],"inLanguage":"fr-FR"},{"@type":"Organization","@id":"https:\/\/vosgesinfo.fr\/saintdieinfo\/#organization","name":"Saint Die Info","url":"https:\/\/vosgesinfo.fr\/saintdieinfo\/","logo":{"@type":"ImageObject","inLanguage":"fr-FR","@id":"https:\/\/vosgesinfo.fr\/saintdieinfo\/#\/schema\/logo\/image\/","url":"https:\/\/vosgesinfo.fr\/app\/uploads\/sites\/4\/2024\/02\/logo-sdi.jpg","contentUrl":"https:\/\/vosgesinfo.fr\/app\/uploads\/sites\/4\/2024\/02\/logo-sdi.jpg","width":600,"height":600,"caption":"Saint Die Info"},"image":{"@id":"https:\/\/vosgesinfo.fr\/saintdieinfo\/#\/schema\/logo\/image\/"},"sameAs":["https:\/\/www.facebook.com\/Saintdieinfofr","https:\/\/x.com\/VosgesInfo88","https:\/\/www.youtube.com\/@vosgesinfo"]},{"@type":"Person","@id":"https:\/\/vosgesinfo.fr\/saintdieinfo\/#\/schema\/person\/faee6704a21f3977511db84bd1cd450f","name":"la r\u00e9daction","image":{"@type":"ImageObject","inLanguage":"fr-FR","@id":"https:\/\/vosgesinfo.fr\/saintdieinfo\/#\/schema\/person\/image\/","url":"https:\/\/secure.gravatar.com\/avatar\/6673d8bc6a9c17fa9a453eaa3448de834fa308c2ec9635b7aa99441a7c8d2cf6?s=96&d=mm&r=g","contentUrl":"https:\/\/secure.gravatar.com\/avatar\/6673d8bc6a9c17fa9a453eaa3448de834fa308c2ec9635b7aa99441a7c8d2cf6?s=96&d=mm&r=g","caption":"la r\u00e9daction"},"url":"https:\/\/vosgesinfo.fr\/saintdieinfo\/author\/redac\/"}]}},"_links":{"self":[{"href":"https:\/\/vosgesinfo.fr\/saintdieinfo\/wp-json\/wp\/v2\/posts\/22466","targetHints":{"allow":["GET"]}}],"collection":[{"href":"https:\/\/vosgesinfo.fr\/saintdieinfo\/wp-json\/wp\/v2\/posts"}],"about":[{"href":"https:\/\/vosgesinfo.fr\/saintdieinfo\/wp-json\/wp\/v2\/types\/post"}],"author":[{"embeddable":true,"href":"https:\/\/vosgesinfo.fr\/saintdieinfo\/wp-json\/wp\/v2\/users\/44"}],"replies":[{"embeddable":true,"href":"https:\/\/vosgesinfo.fr\/saintdieinfo\/wp-json\/wp\/v2\/comments?post=22466"}],"version-history":[{"count":1,"href":"https:\/\/vosgesinfo.fr\/saintdieinfo\/wp-json\/wp\/v2\/posts\/22466\/revisions"}],"predecessor-version":[{"id":29662,"href":"https:\/\/vosgesinfo.fr\/saintdieinfo\/wp-json\/wp\/v2\/posts\/22466\/revisions\/29662"}],"wp:featuredmedia":[{"embeddable":true,"href":"https:\/\/vosgesinfo.fr\/saintdieinfo\/wp-json\/wp\/v2\/media\/22465"}],"wp:attachment":[{"href":"https:\/\/vosgesinfo.fr\/saintdieinfo\/wp-json\/wp\/v2\/media?parent=22466"}],"wp:term":[{"taxonomy":"category","embeddable":true,"href":"https:\/\/vosgesinfo.fr\/saintdieinfo\/wp-json\/wp\/v2\/categories?post=22466"},{"taxonomy":"post_tag","embeddable":true,"href":"https:\/\/vosgesinfo.fr\/saintdieinfo\/wp-json\/wp\/v2\/tags?post=22466"}],"curies":[{"name":"wp","href":"https:\/\/api.w.org\/{rel}","templated":true}]}}