{"id":22468,"date":"2023-08-31T14:00:15","date_gmt":"2023-08-31T12:00:15","guid":{"rendered":"https:\/\/vosgesinfo.fr\/saintdieinfo\/2023\/08\/deovoice-les-castings-ont-debute\/"},"modified":"2024-02-27T17:02:08","modified_gmt":"2024-02-27T16:02:08","slug":"deovoice-castings-ont-debute","status":"publish","type":"post","link":"https:\/\/vosgesinfo.fr\/saintdieinfo\/2023\/08\/deovoice-castings-ont-debute\/","title":{"rendered":"D\u00e9o&rsquo;Voice\u00a0: Les castings ont d\u00e9but\u00e9\u00a0!"},"content":{"rendered":"<div id=\"attachment_205355\" style=\"width: 970px\" class=\"wp-caption aligncenter\"><a href=\"https:\/\/saintdieinfo.fr\/wp-content\/uploads\/2023\/08\/Premi\u00e8re_Journ\u00e9e_Casting_D\u00e9oVoice.jpg\" target=\"_blank\" rel=\"noopener\"><img decoding=\"async\" aria-describedby=\"caption-attachment-205355\" class=\"wp-image-205355 size-large\" src=\"https:\/\/vosgesinfo.fr\/app\/uploads\/sites\/4\/2023\/08\/premiere-journee-casting-deovoice.jpg\" alt=\"Premi\u00e8re_Journ\u00e9e_Casting_D\u00e9o'Voice\" width=\"960\" height=\"720\" \/><\/a><p id=\"caption-attachment-205355\" class=\"wp-caption-text\">(Photographie Comit\u00e9 des F\u00eates de Saint-Di\u00e9-des-Vosges)<\/p><\/div>\n<h2><strong><span style=\"font-size: 14pt;\"><span style=\"color: #3366ff;\"><a style=\"color: #3366ff;\" href=\"https:\/\/saintdieinfo.fr\/2023\/06\/soiree-elire-plus-belle-voix-de-deodatie\/\" target=\"_blank\" rel=\"noopener\">Le samedi 14 octobre prochain, le Comit\u00e9 des F\u00eates de Saint-Di\u00e9-des-Vosges organise, en partenariat avec la Ville, une soir\u00e9e D\u00e9o&rsquo;Voice<\/a><\/span>. Une nouveaut\u00e9 dans le calendrier d\u00e9odatien qui s&rsquo;inspire, comme son nom l&rsquo;indique, de l&rsquo;\u00e9mission t\u00e9l\u00e9vis\u00e9e \u00ab\u00a0The Voice\u00a0\u00bb.<\/span><\/strong><\/h2>\n<p><!--more--><\/p>\n<p>Alors que les r\u00e9servations pour assister \u00e0 la soir\u00e9e-repas sont d\u00e9sormais ouvertes (par ch\u00e8que uniquement, \u00e0 envoyer au Comit\u00e9 des F\u00eates \u2013 11 rue de la Ferme, Marzelay, 88100 Saint-Di\u00e9-des-Vosges, en pr\u00e9cisant votre num\u00e9ro de t\u00e9l\u00e9phone), la phase de casting a d\u00e9but\u00e9 hier mercredi&#8230; et le choix ne fut visiblement pas \u00e9vident. \u00ab\u00a0Beaucoup de talents et un choix tr\u00e8s difficile pour le jury\u00a0\u00bb a commenc\u00e9 le Comit\u00e9 des F\u00eates apr\u00e8s cette premi\u00e8re journ\u00e9e de casting, qui s&rsquo;est d\u00e9roul\u00e9e \u00e0 la salle KAFE du quartier Kellermann. Parmi les membres du jury, on retrouve notamment Jean-Michel Rey, qu&rsquo;on ne pr\u00e9sente plus, Anthony Da Silva, chanteur du groupe Phoenix 66, ou Eve P\u00e9try, chanteuse du groupe Last Time. Au terme de cette phase de casting, la dizaine de candidat(e)s pr\u00e9-s\u00e9lectionn\u00e9(e)s seront en lice le 14 octobre afin d&rsquo;\u00eatre \u00e9lu(e) la plus belle voix de la D\u00e9odatie.<\/p>\n<p>J.J.<\/p>\n","protected":false},"excerpt":{"rendered":"<p>Le samedi 14 octobre prochain, le Comit\u00e9 des F\u00eates de Saint-Di\u00e9-des-Vosges organise, en partenariat avec la Ville, une soir\u00e9e D\u00e9o&rsquo;Voice. [&hellip;]<\/p>\n","protected":false},"author":44,"featured_media":22467,"comment_status":"open","ping_status":"open","sticky":false,"template":"","format":"standard","meta":{"footnotes":""},"categories":[460,20,2915],"tags":[3163,3164,3165],"class_list":["post-22468","post","type-post","status-publish","format-standard","has-post-thumbnail","hentry","category-a-la-une","category-loisirs","category-saint-die-son-canton","tag-comite-des-fetes-de-saint-die-des-vosges","tag-deovoice","tag-salle-kafe"],"acf":[],"yoast_head":"<!-- This site is optimized with the Yoast SEO plugin v22.5 - https:\/\/yoast.com\/wordpress\/plugins\/seo\/ -->\n<title>D\u00e9o&#039;Voice\u00a0: Les castings ont d\u00e9but\u00e9\u00a0! - Saint Die Info<\/title>\n<meta name=\"robots\" content=\"index, follow, max-snippet:-1, max-image-preview:large, max-video-preview:-1\" \/>\n<link rel=\"canonical\" href=\"https:\/\/vosgesinfo.fr\/saintdieinfo\/2023\/08\/deovoice-castings-ont-debute\/\" \/>\n<meta name=\"twitter:card\" content=\"summary_large_image\" \/>\n<meta name=\"twitter:title\" content=\"D\u00e9o&#039;Voice\u00a0: Les castings ont d\u00e9but\u00e9\u00a0! - Saint Die Info\" \/>\n<meta name=\"twitter:description\" content=\"Le samedi 14 octobre prochain, le Comit\u00e9 des F\u00eates de Saint-Di\u00e9-des-Vosges organise, en partenariat avec la Ville, une soir\u00e9e D\u00e9o&rsquo;Voice. [&hellip;]\" \/>\n<meta name=\"twitter:image\" content=\"https:\/\/vosgesinfo.fr\/app\/uploads\/sites\/4\/2023\/08\/premiere-journee-casting-deovoice.jpg\" \/>\n<meta name=\"twitter:creator\" content=\"@VosgesInfo88\" \/>\n<meta name=\"twitter:site\" content=\"@VosgesInfo88\" \/>\n<meta name=\"twitter:label1\" content=\"\u00c9crit par\" \/>\n\t<meta name=\"twitter:data1\" content=\"la r\u00e9daction\" \/>\n\t<meta name=\"twitter:label2\" content=\"Dur\u00e9e de lecture estim\u00e9e\" \/>\n\t<meta name=\"twitter:data2\" content=\"1 minute\" \/>\n<script type=\"application\/ld+json\" class=\"yoast-schema-graph\">{\"@context\":\"https:\/\/schema.org\",\"@graph\":[{\"@type\":\"Article\",\"@id\":\"https:\/\/vosgesinfo.fr\/saintdieinfo\/2023\/08\/deovoice-castings-ont-debute\/#article\",\"isPartOf\":{\"@id\":\"https:\/\/vosgesinfo.fr\/saintdieinfo\/2023\/08\/deovoice-castings-ont-debute\/\"},\"author\":{\"name\":\"la r\u00e9daction\",\"@id\":\"https:\/\/vosgesinfo.fr\/saintdieinfo\/#\/schema\/person\/faee6704a21f3977511db84bd1cd450f\"},\"headline\":\"D\u00e9o&rsquo;Voice\u00a0: Les castings ont d\u00e9but\u00e9\u00a0!\",\"datePublished\":\"2023-08-31T12:00:15+00:00\",\"dateModified\":\"2024-02-27T16:02:08+00:00\",\"mainEntityOfPage\":{\"@id\":\"https:\/\/vosgesinfo.fr\/saintdieinfo\/2023\/08\/deovoice-castings-ont-debute\/\"},\"wordCount\":239,\"commentCount\":0,\"publisher\":{\"@id\":\"https:\/\/vosgesinfo.fr\/saintdieinfo\/#organization\"},\"image\":{\"@id\":\"https:\/\/vosgesinfo.fr\/saintdieinfo\/2023\/08\/deovoice-castings-ont-debute\/#primaryimage\"},\"thumbnailUrl\":\"https:\/\/vosgesinfo.fr\/app\/uploads\/sites\/4\/2023\/08\/premiere-journee-casting-deovoice.jpg\",\"keywords\":[\"Comit\u00e9 des F\u00eates de Saint-Di\u00e9-des-Vosges\",\"D\u00e9o'Voice\",\"Salle KAFE\"],\"articleSection\":[\"A la Une\",\"Loisirs\",\"Saint-Di\u00e9-des-Vosges et son Agglom\u00e9ration\"],\"inLanguage\":\"fr-FR\",\"potentialAction\":[{\"@type\":\"CommentAction\",\"name\":\"Comment\",\"target\":[\"https:\/\/vosgesinfo.fr\/saintdieinfo\/2023\/08\/deovoice-castings-ont-debute\/#respond\"]}]},{\"@type\":\"WebPage\",\"@id\":\"https:\/\/vosgesinfo.fr\/saintdieinfo\/2023\/08\/deovoice-castings-ont-debute\/\",\"url\":\"https:\/\/vosgesinfo.fr\/saintdieinfo\/2023\/08\/deovoice-castings-ont-debute\/\",\"name\":\"D\u00e9o'Voice\u00a0: Les castings ont d\u00e9but\u00e9\u00a0! - Saint Die Info\",\"isPartOf\":{\"@id\":\"https:\/\/vosgesinfo.fr\/saintdieinfo\/#website\"},\"primaryImageOfPage\":{\"@id\":\"https:\/\/vosgesinfo.fr\/saintdieinfo\/2023\/08\/deovoice-castings-ont-debute\/#primaryimage\"},\"image\":{\"@id\":\"https:\/\/vosgesinfo.fr\/saintdieinfo\/2023\/08\/deovoice-castings-ont-debute\/#primaryimage\"},\"thumbnailUrl\":\"https:\/\/vosgesinfo.fr\/app\/uploads\/sites\/4\/2023\/08\/premiere-journee-casting-deovoice.jpg\",\"datePublished\":\"2023-08-31T12:00:15+00:00\",\"dateModified\":\"2024-02-27T16:02:08+00:00\",\"breadcrumb\":{\"@id\":\"https:\/\/vosgesinfo.fr\/saintdieinfo\/2023\/08\/deovoice-castings-ont-debute\/#breadcrumb\"},\"inLanguage\":\"fr-FR\",\"potentialAction\":[{\"@type\":\"ReadAction\",\"target\":[\"https:\/\/vosgesinfo.fr\/saintdieinfo\/2023\/08\/deovoice-castings-ont-debute\/\"]}]},{\"@type\":\"ImageObject\",\"inLanguage\":\"fr-FR\",\"@id\":\"https:\/\/vosgesinfo.fr\/saintdieinfo\/2023\/08\/deovoice-castings-ont-debute\/#primaryimage\",\"url\":\"https:\/\/vosgesinfo.fr\/app\/uploads\/sites\/4\/2023\/08\/premiere-journee-casting-deovoice.jpg\",\"contentUrl\":\"https:\/\/vosgesinfo.fr\/app\/uploads\/sites\/4\/2023\/08\/premiere-journee-casting-deovoice.jpg\",\"width\":2048,\"height\":1536},{\"@type\":\"BreadcrumbList\",\"@id\":\"https:\/\/vosgesinfo.fr\/saintdieinfo\/2023\/08\/deovoice-castings-ont-debute\/#breadcrumb\",\"itemListElement\":[{\"@type\":\"ListItem\",\"position\":1,\"name\":\"Home\",\"item\":\"https:\/\/vosgesinfo.fr\/saintdieinfo\/\"},{\"@type\":\"ListItem\",\"position\":2,\"name\":\"D\u00e9o&rsquo;Voice\u00a0: Les castings ont d\u00e9but\u00e9\u00a0!\"}]},{\"@type\":\"WebSite\",\"@id\":\"https:\/\/vosgesinfo.fr\/saintdieinfo\/#website\",\"url\":\"https:\/\/vosgesinfo.fr\/saintdieinfo\/\",\"name\":\"Saint Die Info\",\"description\":\"Toute l&#039;actualit\u00e9 de Saint-Di\u00e9-Des-Vosges\",\"publisher\":{\"@id\":\"https:\/\/vosgesinfo.fr\/saintdieinfo\/#organization\"},\"alternateName\":\"Toute l'actualit\u00e9 de Saint-Di\u00e9-Des-Vosges\",\"potentialAction\":[{\"@type\":\"SearchAction\",\"target\":{\"@type\":\"EntryPoint\",\"urlTemplate\":\"https:\/\/vosgesinfo.fr\/saintdieinfo\/?s={search_term_string}\"},\"query-input\":\"required name=search_term_string\"}],\"inLanguage\":\"fr-FR\"},{\"@type\":\"Organization\",\"@id\":\"https:\/\/vosgesinfo.fr\/saintdieinfo\/#organization\",\"name\":\"Saint Die Info\",\"url\":\"https:\/\/vosgesinfo.fr\/saintdieinfo\/\",\"logo\":{\"@type\":\"ImageObject\",\"inLanguage\":\"fr-FR\",\"@id\":\"https:\/\/vosgesinfo.fr\/saintdieinfo\/#\/schema\/logo\/image\/\",\"url\":\"https:\/\/vosgesinfo.fr\/app\/uploads\/sites\/4\/2024\/02\/logo-sdi.jpg\",\"contentUrl\":\"https:\/\/vosgesinfo.fr\/app\/uploads\/sites\/4\/2024\/02\/logo-sdi.jpg\",\"width\":600,\"height\":600,\"caption\":\"Saint Die Info\"},\"image\":{\"@id\":\"https:\/\/vosgesinfo.fr\/saintdieinfo\/#\/schema\/logo\/image\/\"},\"sameAs\":[\"https:\/\/www.facebook.com\/Saintdieinfofr\",\"https:\/\/x.com\/VosgesInfo88\",\"https:\/\/www.youtube.com\/@vosgesinfo\"]},{\"@type\":\"Person\",\"@id\":\"https:\/\/vosgesinfo.fr\/saintdieinfo\/#\/schema\/person\/faee6704a21f3977511db84bd1cd450f\",\"name\":\"la r\u00e9daction\",\"image\":{\"@type\":\"ImageObject\",\"inLanguage\":\"fr-FR\",\"@id\":\"https:\/\/vosgesinfo.fr\/saintdieinfo\/#\/schema\/person\/image\/\",\"url\":\"https:\/\/secure.gravatar.com\/avatar\/6673d8bc6a9c17fa9a453eaa3448de834fa308c2ec9635b7aa99441a7c8d2cf6?s=96&d=mm&r=g\",\"contentUrl\":\"https:\/\/secure.gravatar.com\/avatar\/6673d8bc6a9c17fa9a453eaa3448de834fa308c2ec9635b7aa99441a7c8d2cf6?s=96&d=mm&r=g\",\"caption\":\"la r\u00e9daction\"},\"url\":\"https:\/\/vosgesinfo.fr\/saintdieinfo\/author\/redac\/\"}]}<\/script>\n<!-- \/ Yoast SEO plugin. -->","yoast_head_json":{"title":"D\u00e9o'Voice\u00a0: Les castings ont d\u00e9but\u00e9\u00a0! - Saint Die Info","robots":{"index":"index","follow":"follow","max-snippet":"max-snippet:-1","max-image-preview":"max-image-preview:large","max-video-preview":"max-video-preview:-1"},"canonical":"https:\/\/vosgesinfo.fr\/saintdieinfo\/2023\/08\/deovoice-castings-ont-debute\/","twitter_card":"summary_large_image","twitter_title":"D\u00e9o'Voice\u00a0: Les castings ont d\u00e9but\u00e9\u00a0! - Saint Die Info","twitter_description":"Le samedi 14 octobre prochain, le Comit\u00e9 des F\u00eates de Saint-Di\u00e9-des-Vosges organise, en partenariat avec la Ville, une soir\u00e9e D\u00e9o&rsquo;Voice. [&hellip;]","twitter_image":"https:\/\/vosgesinfo.fr\/app\/uploads\/sites\/4\/2023\/08\/premiere-journee-casting-deovoice.jpg","twitter_creator":"@VosgesInfo88","twitter_site":"@VosgesInfo88","twitter_misc":{"\u00c9crit par":"la r\u00e9daction","Dur\u00e9e de lecture estim\u00e9e":"1 minute"},"schema":{"@context":"https:\/\/schema.org","@graph":[{"@type":"Article","@id":"https:\/\/vosgesinfo.fr\/saintdieinfo\/2023\/08\/deovoice-castings-ont-debute\/#article","isPartOf":{"@id":"https:\/\/vosgesinfo.fr\/saintdieinfo\/2023\/08\/deovoice-castings-ont-debute\/"},"author":{"name":"la r\u00e9daction","@id":"https:\/\/vosgesinfo.fr\/saintdieinfo\/#\/schema\/person\/faee6704a21f3977511db84bd1cd450f"},"headline":"D\u00e9o&rsquo;Voice\u00a0: Les castings ont d\u00e9but\u00e9\u00a0!","datePublished":"2023-08-31T12:00:15+00:00","dateModified":"2024-02-27T16:02:08+00:00","mainEntityOfPage":{"@id":"https:\/\/vosgesinfo.fr\/saintdieinfo\/2023\/08\/deovoice-castings-ont-debute\/"},"wordCount":239,"commentCount":0,"publisher":{"@id":"https:\/\/vosgesinfo.fr\/saintdieinfo\/#organization"},"image":{"@id":"https:\/\/vosgesinfo.fr\/saintdieinfo\/2023\/08\/deovoice-castings-ont-debute\/#primaryimage"},"thumbnailUrl":"https:\/\/vosgesinfo.fr\/app\/uploads\/sites\/4\/2023\/08\/premiere-journee-casting-deovoice.jpg","keywords":["Comit\u00e9 des F\u00eates de Saint-Di\u00e9-des-Vosges","D\u00e9o'Voice","Salle KAFE"],"articleSection":["A la Une","Loisirs","Saint-Di\u00e9-des-Vosges et son Agglom\u00e9ration"],"inLanguage":"fr-FR","potentialAction":[{"@type":"CommentAction","name":"Comment","target":["https:\/\/vosgesinfo.fr\/saintdieinfo\/2023\/08\/deovoice-castings-ont-debute\/#respond"]}]},{"@type":"WebPage","@id":"https:\/\/vosgesinfo.fr\/saintdieinfo\/2023\/08\/deovoice-castings-ont-debute\/","url":"https:\/\/vosgesinfo.fr\/saintdieinfo\/2023\/08\/deovoice-castings-ont-debute\/","name":"D\u00e9o'Voice\u00a0: Les castings ont d\u00e9but\u00e9\u00a0! - Saint Die Info","isPartOf":{"@id":"https:\/\/vosgesinfo.fr\/saintdieinfo\/#website"},"primaryImageOfPage":{"@id":"https:\/\/vosgesinfo.fr\/saintdieinfo\/2023\/08\/deovoice-castings-ont-debute\/#primaryimage"},"image":{"@id":"https:\/\/vosgesinfo.fr\/saintdieinfo\/2023\/08\/deovoice-castings-ont-debute\/#primaryimage"},"thumbnailUrl":"https:\/\/vosgesinfo.fr\/app\/uploads\/sites\/4\/2023\/08\/premiere-journee-casting-deovoice.jpg","datePublished":"2023-08-31T12:00:15+00:00","dateModified":"2024-02-27T16:02:08+00:00","breadcrumb":{"@id":"https:\/\/vosgesinfo.fr\/saintdieinfo\/2023\/08\/deovoice-castings-ont-debute\/#breadcrumb"},"inLanguage":"fr-FR","potentialAction":[{"@type":"ReadAction","target":["https:\/\/vosgesinfo.fr\/saintdieinfo\/2023\/08\/deovoice-castings-ont-debute\/"]}]},{"@type":"ImageObject","inLanguage":"fr-FR","@id":"https:\/\/vosgesinfo.fr\/saintdieinfo\/2023\/08\/deovoice-castings-ont-debute\/#primaryimage","url":"https:\/\/vosgesinfo.fr\/app\/uploads\/sites\/4\/2023\/08\/premiere-journee-casting-deovoice.jpg","contentUrl":"https:\/\/vosgesinfo.fr\/app\/uploads\/sites\/4\/2023\/08\/premiere-journee-casting-deovoice.jpg","width":2048,"height":1536},{"@type":"BreadcrumbList","@id":"https:\/\/vosgesinfo.fr\/saintdieinfo\/2023\/08\/deovoice-castings-ont-debute\/#breadcrumb","itemListElement":[{"@type":"ListItem","position":1,"name":"Home","item":"https:\/\/vosgesinfo.fr\/saintdieinfo\/"},{"@type":"ListItem","position":2,"name":"D\u00e9o&rsquo;Voice\u00a0: Les castings ont d\u00e9but\u00e9\u00a0!"}]},{"@type":"WebSite","@id":"https:\/\/vosgesinfo.fr\/saintdieinfo\/#website","url":"https:\/\/vosgesinfo.fr\/saintdieinfo\/","name":"Saint Die Info","description":"Toute l&#039;actualit\u00e9 de Saint-Di\u00e9-Des-Vosges","publisher":{"@id":"https:\/\/vosgesinfo.fr\/saintdieinfo\/#organization"},"alternateName":"Toute l'actualit\u00e9 de Saint-Di\u00e9-Des-Vosges","potentialAction":[{"@type":"SearchAction","target":{"@type":"EntryPoint","urlTemplate":"https:\/\/vosgesinfo.fr\/saintdieinfo\/?s={search_term_string}"},"query-input":"required name=search_term_string"}],"inLanguage":"fr-FR"},{"@type":"Organization","@id":"https:\/\/vosgesinfo.fr\/saintdieinfo\/#organization","name":"Saint Die Info","url":"https:\/\/vosgesinfo.fr\/saintdieinfo\/","logo":{"@type":"ImageObject","inLanguage":"fr-FR","@id":"https:\/\/vosgesinfo.fr\/saintdieinfo\/#\/schema\/logo\/image\/","url":"https:\/\/vosgesinfo.fr\/app\/uploads\/sites\/4\/2024\/02\/logo-sdi.jpg","contentUrl":"https:\/\/vosgesinfo.fr\/app\/uploads\/sites\/4\/2024\/02\/logo-sdi.jpg","width":600,"height":600,"caption":"Saint Die Info"},"image":{"@id":"https:\/\/vosgesinfo.fr\/saintdieinfo\/#\/schema\/logo\/image\/"},"sameAs":["https:\/\/www.facebook.com\/Saintdieinfofr","https:\/\/x.com\/VosgesInfo88","https:\/\/www.youtube.com\/@vosgesinfo"]},{"@type":"Person","@id":"https:\/\/vosgesinfo.fr\/saintdieinfo\/#\/schema\/person\/faee6704a21f3977511db84bd1cd450f","name":"la r\u00e9daction","image":{"@type":"ImageObject","inLanguage":"fr-FR","@id":"https:\/\/vosgesinfo.fr\/saintdieinfo\/#\/schema\/person\/image\/","url":"https:\/\/secure.gravatar.com\/avatar\/6673d8bc6a9c17fa9a453eaa3448de834fa308c2ec9635b7aa99441a7c8d2cf6?s=96&d=mm&r=g","contentUrl":"https:\/\/secure.gravatar.com\/avatar\/6673d8bc6a9c17fa9a453eaa3448de834fa308c2ec9635b7aa99441a7c8d2cf6?s=96&d=mm&r=g","caption":"la r\u00e9daction"},"url":"https:\/\/vosgesinfo.fr\/saintdieinfo\/author\/redac\/"}]}},"_links":{"self":[{"href":"https:\/\/vosgesinfo.fr\/saintdieinfo\/wp-json\/wp\/v2\/posts\/22468","targetHints":{"allow":["GET"]}}],"collection":[{"href":"https:\/\/vosgesinfo.fr\/saintdieinfo\/wp-json\/wp\/v2\/posts"}],"about":[{"href":"https:\/\/vosgesinfo.fr\/saintdieinfo\/wp-json\/wp\/v2\/types\/post"}],"author":[{"embeddable":true,"href":"https:\/\/vosgesinfo.fr\/saintdieinfo\/wp-json\/wp\/v2\/users\/44"}],"replies":[{"embeddable":true,"href":"https:\/\/vosgesinfo.fr\/saintdieinfo\/wp-json\/wp\/v2\/comments?post=22468"}],"version-history":[{"count":1,"href":"https:\/\/vosgesinfo.fr\/saintdieinfo\/wp-json\/wp\/v2\/posts\/22468\/revisions"}],"predecessor-version":[{"id":29663,"href":"https:\/\/vosgesinfo.fr\/saintdieinfo\/wp-json\/wp\/v2\/posts\/22468\/revisions\/29663"}],"wp:featuredmedia":[{"embeddable":true,"href":"https:\/\/vosgesinfo.fr\/saintdieinfo\/wp-json\/wp\/v2\/media\/22467"}],"wp:attachment":[{"href":"https:\/\/vosgesinfo.fr\/saintdieinfo\/wp-json\/wp\/v2\/media?parent=22468"}],"wp:term":[{"taxonomy":"category","embeddable":true,"href":"https:\/\/vosgesinfo.fr\/saintdieinfo\/wp-json\/wp\/v2\/categories?post=22468"},{"taxonomy":"post_tag","embeddable":true,"href":"https:\/\/vosgesinfo.fr\/saintdieinfo\/wp-json\/wp\/v2\/tags?post=22468"}],"curies":[{"name":"wp","href":"https:\/\/api.w.org\/{rel}","templated":true}]}}