{"id":22661,"date":"2023-09-07T12:38:41","date_gmt":"2023-09-07T10:38:41","guid":{"rendered":"https:\/\/vosgesinfo.fr\/saintdieinfo\/2023\/09\/candidate-a-lelection-de-miss-curvy-lorraine-la-deodatienne-laura-barbier-veut-montrer-que-la-beaute-ne-sarrete-pas-a-une-taille-de-vetements\/"},"modified":"2024-02-27T17:02:28","modified_gmt":"2024-02-27T16:02:28","slug":"candidate-a-lelection-de-miss-curvy-lorraine-deodatienne-laura-barbier-veut-montrer-beaute-ne-sarrete-a-taille-de-vetements","status":"publish","type":"post","link":"https:\/\/vosgesinfo.fr\/saintdieinfo\/2023\/09\/candidate-a-lelection-de-miss-curvy-lorraine-deodatienne-laura-barbier-veut-montrer-beaute-ne-sarrete-a-taille-de-vetements\/","title":{"rendered":"Candidate \u00e0 l&rsquo;\u00e9lection de Miss Curvy Lorraine, la D\u00e9odatienne Laura Barbier veut montrer que la beaut\u00e9 ne s&rsquo;arr\u00eate pas \u00e0 une taille de v\u00eatements"},"content":{"rendered":"<div id=\"attachment_205657\" style=\"width: 776px\" class=\"wp-caption aligncenter\"><a href=\"https:\/\/saintdieinfo.fr\/wp-content\/uploads\/2023\/09\/Laura_Barbier_Miss_Curvy_Lorraine_2023.jpg\" target=\"_blank\" rel=\"noopener\"><img decoding=\"async\" aria-describedby=\"caption-attachment-205657\" class=\"wp-image-205657 size-large\" src=\"https:\/\/vosgesinfo.fr\/app\/uploads\/sites\/4\/2023\/09\/laura-barbier-miss-curvy-lorraine-2023.jpg\" alt=\"Laura_Barbier_Miss_Curvy_Lorraine_2023\" width=\"766\" height=\"1024\" \/><\/a><p id=\"caption-attachment-205657\" class=\"wp-caption-text\">(Photographie DR)<\/p><\/div>\n<h2><strong><span style=\"font-size: 14pt;\">En cette ann\u00e9e 2023, Laura Barbier a d\u00e9cid\u00e9 de se lancer. \u00c2g\u00e9e de 26 ans, la jeune femme originaire de Saint-Di\u00e9-des-Vosges, qui habite aujourd&rsquo;hui \u00e0 Saulcy-sur-Meurthe, participe \u00e0 la prochaine \u00e9lection de Miss Curvy Lorraine, le 4 novembre prochain \u00e0 Yutz.<\/span><\/strong><\/h2>\n<p><!--more--><\/p>\n<p>\u00ab\u00a0J&rsquo;ai connu ce concours en 2019. Depuis, je suis l&rsquo;aventure des anciennes candidates sur les r\u00e9seaux. Mais c&rsquo;est cette ann\u00e9e que je me suis dit \u00ab\u00a0Pourquoi pas moi\u00a0?\u00a0\u00bb. J&rsquo;ai donc pris mon courage \u00e0 2 mains et je me suis inscrite. Les ann\u00e9es pr\u00e9c\u00e9dentes, je n&rsquo;avais pas la force, je n&rsquo;\u00e9tais pas pr\u00eate de passer ce cap de l&rsquo;acceptation de soi. Mais en voyant les \u00e9volutions des anciennes candidates, avant et apr\u00e8s l&rsquo;aventure, je me suis lanc\u00e9e apr\u00e8s un travail sur moi-m\u00eame pour accepter mon corps\u00a0\u00bb explique Laura Barbier, qui d\u00e9plore constater beaucoup de grossophobie. \u00ab La grossophobie est encore importante aujourd&rsquo;hui. Certains disent par exemple que les femmes rondes ont besoin de concours comme Miss Curvy pour exister&#8230; \u00bb<\/p>\n<p>Si elle a d\u00e9cid\u00e9 de participer \u00e0 l&rsquo;aventure de Miss Curvy Lorraine 2023, Laura Barbier ne vise pas pour autant la couronne. \u00ab\u00a0C&rsquo;est avant tout une aventure pour moi-m\u00eame. C&rsquo;est aussi une aventure humaine et bienveillante, o\u00f9 j&rsquo;ai fait de belles rencontres. Le message principal et le plus clair que je veux porter \u00e0 travers cette candidature, c&rsquo;est que la beaut\u00e9 ne s&rsquo;arr\u00eate pas \u00e0 une taille de v\u00eatements, et que les femmes doivent s&rsquo;aimer telles qu&rsquo;elles le sont. Toutes les femmes ont le droit de s&rsquo;aimer.\u00a0\u00bb<\/p>\n<p>Apr\u00e8s l&rsquo;\u00e9lection de novembre, la D\u00e9odatienne ne compte pas encha\u00eener d&rsquo;autres concours de beaut\u00e9, mais plut\u00f4t s&rsquo;engager dans l&rsquo;association \u00ab\u00a0Les Courbes de Lorraine\u00a0\u00bb afin de soutenir les prochaines candidatures de Miss Curvy Lorraine. Pour suivre Laura Barbier dans son aventure \u00ab\u00a0Miss Curvy Lorraine 2023\u00a0\u00bb, rendez-vous sur ses r\u00e9seaux : <span style=\"color: #3366ff;\"><a style=\"color: #3366ff;\" href=\"https:\/\/www.facebook.com\/profile.php?id=100086973068854&amp;locale=fr_FR\" target=\"_blank\" rel=\"noopener\">Facebook<\/a><\/span> et <span style=\"color: #3366ff;\"><a style=\"color: #3366ff;\" href=\"https:\/\/www.instagram.com\/laura_candidate_mcl2023\/\" target=\"_blank\" rel=\"noopener\">Instagram.<\/a><\/span><\/p>\n<p>J.J.<\/p>\n","protected":false},"excerpt":{"rendered":"<p>En cette ann\u00e9e 2023, Laura Barbier a d\u00e9cid\u00e9 de se lancer. \u00c2g\u00e9e de 26 ans, la jeune femme originaire de [&hellip;]<\/p>\n","protected":false},"author":44,"featured_media":22662,"comment_status":"open","ping_status":"open","sticky":false,"template":"","format":"standard","meta":{"footnotes":""},"categories":[460,2915],"tags":[3276,3277],"class_list":["post-22661","post","type-post","status-publish","format-standard","has-post-thumbnail","hentry","category-a-la-une","category-saint-die-son-canton","tag-laura-barbier","tag-miss-curvy-lorraine-2023"],"acf":[],"yoast_head":"<!-- This site is optimized with the Yoast SEO plugin v22.5 - https:\/\/yoast.com\/wordpress\/plugins\/seo\/ -->\n<title>Candidate \u00e0 l&#039;\u00e9lection de Miss Curvy Lorraine, la D\u00e9odatienne Laura Barbier veut montrer que la beaut\u00e9 ne s&#039;arr\u00eate pas \u00e0 une taille de v\u00eatements - Saint Die Info<\/title>\n<meta name=\"robots\" content=\"index, follow, max-snippet:-1, max-image-preview:large, max-video-preview:-1\" \/>\n<link rel=\"canonical\" href=\"https:\/\/vosgesinfo.fr\/saintdieinfo\/2023\/09\/candidate-a-lelection-de-miss-curvy-lorraine-deodatienne-laura-barbier-veut-montrer-beaute-ne-sarrete-a-taille-de-vetements\/\" \/>\n<meta name=\"twitter:card\" content=\"summary_large_image\" \/>\n<meta name=\"twitter:title\" content=\"Candidate \u00e0 l&#039;\u00e9lection de Miss Curvy Lorraine, la D\u00e9odatienne Laura Barbier veut montrer que la beaut\u00e9 ne s&#039;arr\u00eate pas \u00e0 une taille de v\u00eatements - Saint Die Info\" \/>\n<meta name=\"twitter:description\" content=\"En cette ann\u00e9e 2023, Laura Barbier a d\u00e9cid\u00e9 de se lancer. \u00c2g\u00e9e de 26 ans, la jeune femme originaire de [&hellip;]\" \/>\n<meta name=\"twitter:image\" content=\"https:\/\/vosgesinfo.fr\/app\/uploads\/sites\/4\/2023\/09\/laura-barbier-miss-curvy-lorraine-2023-2.jpg\" \/>\n<meta name=\"twitter:creator\" content=\"@VosgesInfo88\" \/>\n<meta name=\"twitter:site\" content=\"@VosgesInfo88\" \/>\n<meta name=\"twitter:label1\" content=\"\u00c9crit par\" \/>\n\t<meta name=\"twitter:data1\" content=\"la r\u00e9daction\" \/>\n\t<meta name=\"twitter:label2\" content=\"Dur\u00e9e de lecture estim\u00e9e\" \/>\n\t<meta name=\"twitter:data2\" content=\"2 minutes\" \/>\n<script type=\"application\/ld+json\" class=\"yoast-schema-graph\">{\"@context\":\"https:\/\/schema.org\",\"@graph\":[{\"@type\":\"Article\",\"@id\":\"https:\/\/vosgesinfo.fr\/saintdieinfo\/2023\/09\/candidate-a-lelection-de-miss-curvy-lorraine-deodatienne-laura-barbier-veut-montrer-beaute-ne-sarrete-a-taille-de-vetements\/#article\",\"isPartOf\":{\"@id\":\"https:\/\/vosgesinfo.fr\/saintdieinfo\/2023\/09\/candidate-a-lelection-de-miss-curvy-lorraine-deodatienne-laura-barbier-veut-montrer-beaute-ne-sarrete-a-taille-de-vetements\/\"},\"author\":{\"name\":\"la r\u00e9daction\",\"@id\":\"https:\/\/vosgesinfo.fr\/saintdieinfo\/#\/schema\/person\/faee6704a21f3977511db84bd1cd450f\"},\"headline\":\"Candidate \u00e0 l&rsquo;\u00e9lection de Miss Curvy Lorraine, la D\u00e9odatienne Laura Barbier veut montrer que la beaut\u00e9 ne s&rsquo;arr\u00eate pas \u00e0 une taille de v\u00eatements\",\"datePublished\":\"2023-09-07T10:38:41+00:00\",\"dateModified\":\"2024-02-27T16:02:28+00:00\",\"mainEntityOfPage\":{\"@id\":\"https:\/\/vosgesinfo.fr\/saintdieinfo\/2023\/09\/candidate-a-lelection-de-miss-curvy-lorraine-deodatienne-laura-barbier-veut-montrer-beaute-ne-sarrete-a-taille-de-vetements\/\"},\"wordCount\":368,\"commentCount\":0,\"publisher\":{\"@id\":\"https:\/\/vosgesinfo.fr\/saintdieinfo\/#organization\"},\"image\":{\"@id\":\"https:\/\/vosgesinfo.fr\/saintdieinfo\/2023\/09\/candidate-a-lelection-de-miss-curvy-lorraine-deodatienne-laura-barbier-veut-montrer-beaute-ne-sarrete-a-taille-de-vetements\/#primaryimage\"},\"thumbnailUrl\":\"https:\/\/vosgesinfo.fr\/app\/uploads\/sites\/4\/2023\/09\/laura-barbier-miss-curvy-lorraine-2023-2.jpg\",\"keywords\":[\"Laura Barbier\",\"Miss Curvy Lorraine 2023\"],\"articleSection\":[\"A la Une\",\"Saint-Di\u00e9-des-Vosges et son Agglom\u00e9ration\"],\"inLanguage\":\"fr-FR\",\"potentialAction\":[{\"@type\":\"CommentAction\",\"name\":\"Comment\",\"target\":[\"https:\/\/vosgesinfo.fr\/saintdieinfo\/2023\/09\/candidate-a-lelection-de-miss-curvy-lorraine-deodatienne-laura-barbier-veut-montrer-beaute-ne-sarrete-a-taille-de-vetements\/#respond\"]}]},{\"@type\":\"WebPage\",\"@id\":\"https:\/\/vosgesinfo.fr\/saintdieinfo\/2023\/09\/candidate-a-lelection-de-miss-curvy-lorraine-deodatienne-laura-barbier-veut-montrer-beaute-ne-sarrete-a-taille-de-vetements\/\",\"url\":\"https:\/\/vosgesinfo.fr\/saintdieinfo\/2023\/09\/candidate-a-lelection-de-miss-curvy-lorraine-deodatienne-laura-barbier-veut-montrer-beaute-ne-sarrete-a-taille-de-vetements\/\",\"name\":\"Candidate \u00e0 l'\u00e9lection de Miss Curvy Lorraine, la D\u00e9odatienne Laura Barbier veut montrer que la beaut\u00e9 ne s'arr\u00eate pas \u00e0 une taille de v\u00eatements - Saint Die Info\",\"isPartOf\":{\"@id\":\"https:\/\/vosgesinfo.fr\/saintdieinfo\/#website\"},\"primaryImageOfPage\":{\"@id\":\"https:\/\/vosgesinfo.fr\/saintdieinfo\/2023\/09\/candidate-a-lelection-de-miss-curvy-lorraine-deodatienne-laura-barbier-veut-montrer-beaute-ne-sarrete-a-taille-de-vetements\/#primaryimage\"},\"image\":{\"@id\":\"https:\/\/vosgesinfo.fr\/saintdieinfo\/2023\/09\/candidate-a-lelection-de-miss-curvy-lorraine-deodatienne-laura-barbier-veut-montrer-beaute-ne-sarrete-a-taille-de-vetements\/#primaryimage\"},\"thumbnailUrl\":\"https:\/\/vosgesinfo.fr\/app\/uploads\/sites\/4\/2023\/09\/laura-barbier-miss-curvy-lorraine-2023-2.jpg\",\"datePublished\":\"2023-09-07T10:38:41+00:00\",\"dateModified\":\"2024-02-27T16:02:28+00:00\",\"breadcrumb\":{\"@id\":\"https:\/\/vosgesinfo.fr\/saintdieinfo\/2023\/09\/candidate-a-lelection-de-miss-curvy-lorraine-deodatienne-laura-barbier-veut-montrer-beaute-ne-sarrete-a-taille-de-vetements\/#breadcrumb\"},\"inLanguage\":\"fr-FR\",\"potentialAction\":[{\"@type\":\"ReadAction\",\"target\":[\"https:\/\/vosgesinfo.fr\/saintdieinfo\/2023\/09\/candidate-a-lelection-de-miss-curvy-lorraine-deodatienne-laura-barbier-veut-montrer-beaute-ne-sarrete-a-taille-de-vetements\/\"]}]},{\"@type\":\"ImageObject\",\"inLanguage\":\"fr-FR\",\"@id\":\"https:\/\/vosgesinfo.fr\/saintdieinfo\/2023\/09\/candidate-a-lelection-de-miss-curvy-lorraine-deodatienne-laura-barbier-veut-montrer-beaute-ne-sarrete-a-taille-de-vetements\/#primaryimage\",\"url\":\"https:\/\/vosgesinfo.fr\/app\/uploads\/sites\/4\/2023\/09\/laura-barbier-miss-curvy-lorraine-2023-2.jpg\",\"contentUrl\":\"https:\/\/vosgesinfo.fr\/app\/uploads\/sites\/4\/2023\/09\/laura-barbier-miss-curvy-lorraine-2023-2.jpg\",\"width\":1196,\"height\":890},{\"@type\":\"BreadcrumbList\",\"@id\":\"https:\/\/vosgesinfo.fr\/saintdieinfo\/2023\/09\/candidate-a-lelection-de-miss-curvy-lorraine-deodatienne-laura-barbier-veut-montrer-beaute-ne-sarrete-a-taille-de-vetements\/#breadcrumb\",\"itemListElement\":[{\"@type\":\"ListItem\",\"position\":1,\"name\":\"Home\",\"item\":\"https:\/\/vosgesinfo.fr\/saintdieinfo\/\"},{\"@type\":\"ListItem\",\"position\":2,\"name\":\"Candidate \u00e0 l&rsquo;\u00e9lection de Miss Curvy Lorraine, la D\u00e9odatienne Laura Barbier veut montrer que la beaut\u00e9 ne s&rsquo;arr\u00eate pas \u00e0 une taille de v\u00eatements\"}]},{\"@type\":\"WebSite\",\"@id\":\"https:\/\/vosgesinfo.fr\/saintdieinfo\/#website\",\"url\":\"https:\/\/vosgesinfo.fr\/saintdieinfo\/\",\"name\":\"Saint Die Info\",\"description\":\"Toute l&#039;actualit\u00e9 de Saint-Di\u00e9-Des-Vosges\",\"publisher\":{\"@id\":\"https:\/\/vosgesinfo.fr\/saintdieinfo\/#organization\"},\"alternateName\":\"Toute l'actualit\u00e9 de Saint-Di\u00e9-Des-Vosges\",\"potentialAction\":[{\"@type\":\"SearchAction\",\"target\":{\"@type\":\"EntryPoint\",\"urlTemplate\":\"https:\/\/vosgesinfo.fr\/saintdieinfo\/?s={search_term_string}\"},\"query-input\":\"required name=search_term_string\"}],\"inLanguage\":\"fr-FR\"},{\"@type\":\"Organization\",\"@id\":\"https:\/\/vosgesinfo.fr\/saintdieinfo\/#organization\",\"name\":\"Saint Die Info\",\"url\":\"https:\/\/vosgesinfo.fr\/saintdieinfo\/\",\"logo\":{\"@type\":\"ImageObject\",\"inLanguage\":\"fr-FR\",\"@id\":\"https:\/\/vosgesinfo.fr\/saintdieinfo\/#\/schema\/logo\/image\/\",\"url\":\"https:\/\/vosgesinfo.fr\/app\/uploads\/sites\/4\/2024\/02\/logo-sdi.jpg\",\"contentUrl\":\"https:\/\/vosgesinfo.fr\/app\/uploads\/sites\/4\/2024\/02\/logo-sdi.jpg\",\"width\":600,\"height\":600,\"caption\":\"Saint Die Info\"},\"image\":{\"@id\":\"https:\/\/vosgesinfo.fr\/saintdieinfo\/#\/schema\/logo\/image\/\"},\"sameAs\":[\"https:\/\/www.facebook.com\/Saintdieinfofr\",\"https:\/\/x.com\/VosgesInfo88\",\"https:\/\/www.youtube.com\/@vosgesinfo\"]},{\"@type\":\"Person\",\"@id\":\"https:\/\/vosgesinfo.fr\/saintdieinfo\/#\/schema\/person\/faee6704a21f3977511db84bd1cd450f\",\"name\":\"la r\u00e9daction\",\"image\":{\"@type\":\"ImageObject\",\"inLanguage\":\"fr-FR\",\"@id\":\"https:\/\/vosgesinfo.fr\/saintdieinfo\/#\/schema\/person\/image\/\",\"url\":\"https:\/\/secure.gravatar.com\/avatar\/6673d8bc6a9c17fa9a453eaa3448de834fa308c2ec9635b7aa99441a7c8d2cf6?s=96&d=mm&r=g\",\"contentUrl\":\"https:\/\/secure.gravatar.com\/avatar\/6673d8bc6a9c17fa9a453eaa3448de834fa308c2ec9635b7aa99441a7c8d2cf6?s=96&d=mm&r=g\",\"caption\":\"la r\u00e9daction\"},\"url\":\"https:\/\/vosgesinfo.fr\/saintdieinfo\/author\/redac\/\"}]}<\/script>\n<!-- \/ Yoast SEO plugin. -->","yoast_head_json":{"title":"Candidate \u00e0 l'\u00e9lection de Miss Curvy Lorraine, la D\u00e9odatienne Laura Barbier veut montrer que la beaut\u00e9 ne s'arr\u00eate pas \u00e0 une taille de v\u00eatements - Saint Die Info","robots":{"index":"index","follow":"follow","max-snippet":"max-snippet:-1","max-image-preview":"max-image-preview:large","max-video-preview":"max-video-preview:-1"},"canonical":"https:\/\/vosgesinfo.fr\/saintdieinfo\/2023\/09\/candidate-a-lelection-de-miss-curvy-lorraine-deodatienne-laura-barbier-veut-montrer-beaute-ne-sarrete-a-taille-de-vetements\/","twitter_card":"summary_large_image","twitter_title":"Candidate \u00e0 l'\u00e9lection de Miss Curvy Lorraine, la D\u00e9odatienne Laura Barbier veut montrer que la beaut\u00e9 ne s'arr\u00eate pas \u00e0 une taille de v\u00eatements - Saint Die Info","twitter_description":"En cette ann\u00e9e 2023, Laura Barbier a d\u00e9cid\u00e9 de se lancer. \u00c2g\u00e9e de 26 ans, la jeune femme originaire de [&hellip;]","twitter_image":"https:\/\/vosgesinfo.fr\/app\/uploads\/sites\/4\/2023\/09\/laura-barbier-miss-curvy-lorraine-2023-2.jpg","twitter_creator":"@VosgesInfo88","twitter_site":"@VosgesInfo88","twitter_misc":{"\u00c9crit par":"la r\u00e9daction","Dur\u00e9e de lecture estim\u00e9e":"2 minutes"},"schema":{"@context":"https:\/\/schema.org","@graph":[{"@type":"Article","@id":"https:\/\/vosgesinfo.fr\/saintdieinfo\/2023\/09\/candidate-a-lelection-de-miss-curvy-lorraine-deodatienne-laura-barbier-veut-montrer-beaute-ne-sarrete-a-taille-de-vetements\/#article","isPartOf":{"@id":"https:\/\/vosgesinfo.fr\/saintdieinfo\/2023\/09\/candidate-a-lelection-de-miss-curvy-lorraine-deodatienne-laura-barbier-veut-montrer-beaute-ne-sarrete-a-taille-de-vetements\/"},"author":{"name":"la r\u00e9daction","@id":"https:\/\/vosgesinfo.fr\/saintdieinfo\/#\/schema\/person\/faee6704a21f3977511db84bd1cd450f"},"headline":"Candidate \u00e0 l&rsquo;\u00e9lection de Miss Curvy Lorraine, la D\u00e9odatienne Laura Barbier veut montrer que la beaut\u00e9 ne s&rsquo;arr\u00eate pas \u00e0 une taille de v\u00eatements","datePublished":"2023-09-07T10:38:41+00:00","dateModified":"2024-02-27T16:02:28+00:00","mainEntityOfPage":{"@id":"https:\/\/vosgesinfo.fr\/saintdieinfo\/2023\/09\/candidate-a-lelection-de-miss-curvy-lorraine-deodatienne-laura-barbier-veut-montrer-beaute-ne-sarrete-a-taille-de-vetements\/"},"wordCount":368,"commentCount":0,"publisher":{"@id":"https:\/\/vosgesinfo.fr\/saintdieinfo\/#organization"},"image":{"@id":"https:\/\/vosgesinfo.fr\/saintdieinfo\/2023\/09\/candidate-a-lelection-de-miss-curvy-lorraine-deodatienne-laura-barbier-veut-montrer-beaute-ne-sarrete-a-taille-de-vetements\/#primaryimage"},"thumbnailUrl":"https:\/\/vosgesinfo.fr\/app\/uploads\/sites\/4\/2023\/09\/laura-barbier-miss-curvy-lorraine-2023-2.jpg","keywords":["Laura Barbier","Miss Curvy Lorraine 2023"],"articleSection":["A la Une","Saint-Di\u00e9-des-Vosges et son Agglom\u00e9ration"],"inLanguage":"fr-FR","potentialAction":[{"@type":"CommentAction","name":"Comment","target":["https:\/\/vosgesinfo.fr\/saintdieinfo\/2023\/09\/candidate-a-lelection-de-miss-curvy-lorraine-deodatienne-laura-barbier-veut-montrer-beaute-ne-sarrete-a-taille-de-vetements\/#respond"]}]},{"@type":"WebPage","@id":"https:\/\/vosgesinfo.fr\/saintdieinfo\/2023\/09\/candidate-a-lelection-de-miss-curvy-lorraine-deodatienne-laura-barbier-veut-montrer-beaute-ne-sarrete-a-taille-de-vetements\/","url":"https:\/\/vosgesinfo.fr\/saintdieinfo\/2023\/09\/candidate-a-lelection-de-miss-curvy-lorraine-deodatienne-laura-barbier-veut-montrer-beaute-ne-sarrete-a-taille-de-vetements\/","name":"Candidate \u00e0 l'\u00e9lection de Miss Curvy Lorraine, la D\u00e9odatienne Laura Barbier veut montrer que la beaut\u00e9 ne s'arr\u00eate pas \u00e0 une taille de v\u00eatements - Saint Die Info","isPartOf":{"@id":"https:\/\/vosgesinfo.fr\/saintdieinfo\/#website"},"primaryImageOfPage":{"@id":"https:\/\/vosgesinfo.fr\/saintdieinfo\/2023\/09\/candidate-a-lelection-de-miss-curvy-lorraine-deodatienne-laura-barbier-veut-montrer-beaute-ne-sarrete-a-taille-de-vetements\/#primaryimage"},"image":{"@id":"https:\/\/vosgesinfo.fr\/saintdieinfo\/2023\/09\/candidate-a-lelection-de-miss-curvy-lorraine-deodatienne-laura-barbier-veut-montrer-beaute-ne-sarrete-a-taille-de-vetements\/#primaryimage"},"thumbnailUrl":"https:\/\/vosgesinfo.fr\/app\/uploads\/sites\/4\/2023\/09\/laura-barbier-miss-curvy-lorraine-2023-2.jpg","datePublished":"2023-09-07T10:38:41+00:00","dateModified":"2024-02-27T16:02:28+00:00","breadcrumb":{"@id":"https:\/\/vosgesinfo.fr\/saintdieinfo\/2023\/09\/candidate-a-lelection-de-miss-curvy-lorraine-deodatienne-laura-barbier-veut-montrer-beaute-ne-sarrete-a-taille-de-vetements\/#breadcrumb"},"inLanguage":"fr-FR","potentialAction":[{"@type":"ReadAction","target":["https:\/\/vosgesinfo.fr\/saintdieinfo\/2023\/09\/candidate-a-lelection-de-miss-curvy-lorraine-deodatienne-laura-barbier-veut-montrer-beaute-ne-sarrete-a-taille-de-vetements\/"]}]},{"@type":"ImageObject","inLanguage":"fr-FR","@id":"https:\/\/vosgesinfo.fr\/saintdieinfo\/2023\/09\/candidate-a-lelection-de-miss-curvy-lorraine-deodatienne-laura-barbier-veut-montrer-beaute-ne-sarrete-a-taille-de-vetements\/#primaryimage","url":"https:\/\/vosgesinfo.fr\/app\/uploads\/sites\/4\/2023\/09\/laura-barbier-miss-curvy-lorraine-2023-2.jpg","contentUrl":"https:\/\/vosgesinfo.fr\/app\/uploads\/sites\/4\/2023\/09\/laura-barbier-miss-curvy-lorraine-2023-2.jpg","width":1196,"height":890},{"@type":"BreadcrumbList","@id":"https:\/\/vosgesinfo.fr\/saintdieinfo\/2023\/09\/candidate-a-lelection-de-miss-curvy-lorraine-deodatienne-laura-barbier-veut-montrer-beaute-ne-sarrete-a-taille-de-vetements\/#breadcrumb","itemListElement":[{"@type":"ListItem","position":1,"name":"Home","item":"https:\/\/vosgesinfo.fr\/saintdieinfo\/"},{"@type":"ListItem","position":2,"name":"Candidate \u00e0 l&rsquo;\u00e9lection de Miss Curvy Lorraine, la D\u00e9odatienne Laura Barbier veut montrer que la beaut\u00e9 ne s&rsquo;arr\u00eate pas \u00e0 une taille de v\u00eatements"}]},{"@type":"WebSite","@id":"https:\/\/vosgesinfo.fr\/saintdieinfo\/#website","url":"https:\/\/vosgesinfo.fr\/saintdieinfo\/","name":"Saint Die Info","description":"Toute l&#039;actualit\u00e9 de Saint-Di\u00e9-Des-Vosges","publisher":{"@id":"https:\/\/vosgesinfo.fr\/saintdieinfo\/#organization"},"alternateName":"Toute l'actualit\u00e9 de Saint-Di\u00e9-Des-Vosges","potentialAction":[{"@type":"SearchAction","target":{"@type":"EntryPoint","urlTemplate":"https:\/\/vosgesinfo.fr\/saintdieinfo\/?s={search_term_string}"},"query-input":"required name=search_term_string"}],"inLanguage":"fr-FR"},{"@type":"Organization","@id":"https:\/\/vosgesinfo.fr\/saintdieinfo\/#organization","name":"Saint Die Info","url":"https:\/\/vosgesinfo.fr\/saintdieinfo\/","logo":{"@type":"ImageObject","inLanguage":"fr-FR","@id":"https:\/\/vosgesinfo.fr\/saintdieinfo\/#\/schema\/logo\/image\/","url":"https:\/\/vosgesinfo.fr\/app\/uploads\/sites\/4\/2024\/02\/logo-sdi.jpg","contentUrl":"https:\/\/vosgesinfo.fr\/app\/uploads\/sites\/4\/2024\/02\/logo-sdi.jpg","width":600,"height":600,"caption":"Saint Die Info"},"image":{"@id":"https:\/\/vosgesinfo.fr\/saintdieinfo\/#\/schema\/logo\/image\/"},"sameAs":["https:\/\/www.facebook.com\/Saintdieinfofr","https:\/\/x.com\/VosgesInfo88","https:\/\/www.youtube.com\/@vosgesinfo"]},{"@type":"Person","@id":"https:\/\/vosgesinfo.fr\/saintdieinfo\/#\/schema\/person\/faee6704a21f3977511db84bd1cd450f","name":"la r\u00e9daction","image":{"@type":"ImageObject","inLanguage":"fr-FR","@id":"https:\/\/vosgesinfo.fr\/saintdieinfo\/#\/schema\/person\/image\/","url":"https:\/\/secure.gravatar.com\/avatar\/6673d8bc6a9c17fa9a453eaa3448de834fa308c2ec9635b7aa99441a7c8d2cf6?s=96&d=mm&r=g","contentUrl":"https:\/\/secure.gravatar.com\/avatar\/6673d8bc6a9c17fa9a453eaa3448de834fa308c2ec9635b7aa99441a7c8d2cf6?s=96&d=mm&r=g","caption":"la r\u00e9daction"},"url":"https:\/\/vosgesinfo.fr\/saintdieinfo\/author\/redac\/"}]}},"_links":{"self":[{"href":"https:\/\/vosgesinfo.fr\/saintdieinfo\/wp-json\/wp\/v2\/posts\/22661","targetHints":{"allow":["GET"]}}],"collection":[{"href":"https:\/\/vosgesinfo.fr\/saintdieinfo\/wp-json\/wp\/v2\/posts"}],"about":[{"href":"https:\/\/vosgesinfo.fr\/saintdieinfo\/wp-json\/wp\/v2\/types\/post"}],"author":[{"embeddable":true,"href":"https:\/\/vosgesinfo.fr\/saintdieinfo\/wp-json\/wp\/v2\/users\/44"}],"replies":[{"embeddable":true,"href":"https:\/\/vosgesinfo.fr\/saintdieinfo\/wp-json\/wp\/v2\/comments?post=22661"}],"version-history":[{"count":1,"href":"https:\/\/vosgesinfo.fr\/saintdieinfo\/wp-json\/wp\/v2\/posts\/22661\/revisions"}],"predecessor-version":[{"id":29730,"href":"https:\/\/vosgesinfo.fr\/saintdieinfo\/wp-json\/wp\/v2\/posts\/22661\/revisions\/29730"}],"wp:featuredmedia":[{"embeddable":true,"href":"https:\/\/vosgesinfo.fr\/saintdieinfo\/wp-json\/wp\/v2\/media\/22662"}],"wp:attachment":[{"href":"https:\/\/vosgesinfo.fr\/saintdieinfo\/wp-json\/wp\/v2\/media?parent=22661"}],"wp:term":[{"taxonomy":"category","embeddable":true,"href":"https:\/\/vosgesinfo.fr\/saintdieinfo\/wp-json\/wp\/v2\/categories?post=22661"},{"taxonomy":"post_tag","embeddable":true,"href":"https:\/\/vosgesinfo.fr\/saintdieinfo\/wp-json\/wp\/v2\/tags?post=22661"}],"curies":[{"name":"wp","href":"https:\/\/api.w.org\/{rel}","templated":true}]}}