{"id":22714,"date":"2023-09-09T06:27:35","date_gmt":"2023-09-09T04:27:35","guid":{"rendered":"https:\/\/vosgesinfo.fr\/saintdieinfo\/2023\/09\/mgr-didier-berthet-eveque-du-diocese-de-saint-die-est-decede\/"},"modified":"2024-02-27T17:02:34","modified_gmt":"2024-02-27T16:02:34","slug":"mgr-didier-berthet-eveque-diocese-de-saint-die-decede","status":"publish","type":"post","link":"https:\/\/vosgesinfo.fr\/saintdieinfo\/2023\/09\/mgr-didier-berthet-eveque-diocese-de-saint-die-decede\/","title":{"rendered":"Mgr Didier Berthet, \u00e9v\u00eaque du Dioc\u00e8se de Saint-Di\u00e9, est d\u00e9c\u00e9d\u00e9"},"content":{"rendered":"<p><a href=\"https:\/\/vosgesinfo.fr\/app\/uploads\/sites\/4\/2020\/12\/monseigneur-berthet.png\" target=\"_blank\" rel=\"noopener\"><img decoding=\"async\" class=\"aligncenter wp-image-165733 size-full\" src=\"https:\/\/vosgesinfo.fr\/app\/uploads\/sites\/4\/2020\/12\/monseigneur-berthet.png\" alt=\"monseigneur berthet\" width=\"800\" height=\"639\" \/><\/a><\/p>\n<h2><strong><span style=\"font-size: 14pt;\">Mgr Didier Berthet, \u00e9v\u00eaque du Dioc\u00e8se de Saint-Di\u00e9 depuis le 15 juin 2016 apr\u00e8s sa nomination par le pape Fran\u00e7ois, s&rsquo;est \u00e9teint ce vendredi 8 septembre, \u00e0 Portieux, apr\u00e8s un long combat de plus de 2 ans contre la maladie. Il avait 61 ans.<br \/>\n<\/span><\/strong><\/h2>\n<p><!--more--><\/p>\n<p>Comme le pr\u00e9cise le Dioc\u00e8se de Saint-Di\u00e9, \u00ab\u00a0Mgr Didier Berthet venait de f\u00eater son 7e anniversaire d&rsquo;ordination \u00e9piscopal le 4 septembre dernier. [\u2026] Les derni\u00e8res semaines et jours ont \u00e9t\u00e9 plus douloureux et p\u00e9nibles pour lui, o\u00f9 son \u00e9tat s&rsquo;est d\u00e9grad\u00e9 tr\u00e8s rapidement. Il nous disait cependant encore ce mercredi \u00eatre dans la paix, exprimant aussi la force qu&rsquo;il puisait dans les nombreux messages re\u00e7us de pri\u00e8re et d&rsquo;affection fraternelle. Il \u00e9tait aussi infiniment reconnaissant \u00e0 toutes celles et ceux qui l&rsquo;ont accompagn\u00e9 au quotidien tout au long de ces derniers jours.\u00a0\u00bb<\/p>\n<p>En raison du protocole de soins qu&rsquo;il suivait, <span style=\"color: #3366ff;\"><a style=\"color: #3366ff;\" href=\"https:\/\/saintdieinfo.fr\/2022\/09\/diocese-de-saint-die-mgr-denis-jachiet-remplace-temporairement-mgr-didier-berthet\/\" target=\"_blank\" rel=\"noopener\">Mgr Didier Berthet avait \u00e9t\u00e9 temporairement remplac\u00e9 par Mgr Denis Jachiet<\/a><\/span> de septembre 2022 jusqu&rsquo;\u00e0 la fin du mois de f\u00e9vrier 2023, <span style=\"color: #3366ff;\"><a style=\"color: #3366ff;\" href=\"https:\/\/saintdieinfo.fr\/2023\/02\/mgr-didier-berthet-reprend-gouvernement-pastoral-diocese-de-saint-die-vosges\/\" target=\"_blank\" rel=\"noopener\">lorsqu&rsquo;il avait repris le gouvernement pastoral du Dioc\u00e8se de Saint-Di\u00e9.<\/a><\/span><\/p>\n<p>Le corps de Mgr Didier Berthet reposer \u00e0 la grande chapelle de la communaut\u00e9 des s\u0153urs de Portieux, situ\u00e9e au 21 rue Eug\u00e8ne-Huraux, puis en l&rsquo;\u00e9glise Notre-Dame-de-Galil\u00e9e \u00e0 Saint-Di\u00e9-des-Vosges. Des veill\u00e9es de pri\u00e8res auront lieu mardi 12 septembre \u00e0 19h\u00a0: en la cath\u00e9drale de Saint-Di\u00e9-des-Vosges, \u00e0 Epinal en la basilique Saint-Maurice et \u00e0 Mirecourt, en l&rsquo;\u00e9glise de la commune. La date et le lieu des obs\u00e8ques seront communiqu\u00e9es prochainement par le Dioc\u00e8se de Saint-Di\u00e9.<\/p>\n<p>J.J.<\/p>\n","protected":false},"excerpt":{"rendered":"<p>Mgr Didier Berthet, \u00e9v\u00eaque du Dioc\u00e8se de Saint-Di\u00e9 depuis le 15 juin 2016 apr\u00e8s sa nomination par le pape Fran\u00e7ois, [&hellip;]<\/p>\n","protected":false},"author":44,"featured_media":22713,"comment_status":"open","ping_status":"open","sticky":false,"template":"","format":"standard","meta":{"footnotes":""},"categories":[460,2949,2915],"tags":[],"class_list":["post-22714","post","type-post","status-publish","format-standard","has-post-thumbnail","hentry","category-a-la-une","category-avis-de-deces-carnet","category-saint-die-son-canton"],"acf":[],"yoast_head":"<!-- This site is optimized with the Yoast SEO plugin v22.5 - https:\/\/yoast.com\/wordpress\/plugins\/seo\/ -->\n<title>Mgr Didier Berthet, \u00e9v\u00eaque du Dioc\u00e8se de Saint-Di\u00e9, est d\u00e9c\u00e9d\u00e9 - Saint Die Info<\/title>\n<meta name=\"robots\" content=\"index, follow, max-snippet:-1, max-image-preview:large, max-video-preview:-1\" \/>\n<link rel=\"canonical\" href=\"https:\/\/vosgesinfo.fr\/saintdieinfo\/2023\/09\/mgr-didier-berthet-eveque-diocese-de-saint-die-decede\/\" \/>\n<meta name=\"twitter:card\" content=\"summary_large_image\" \/>\n<meta name=\"twitter:title\" content=\"Mgr Didier Berthet, \u00e9v\u00eaque du Dioc\u00e8se de Saint-Di\u00e9, est d\u00e9c\u00e9d\u00e9 - Saint Die Info\" \/>\n<meta name=\"twitter:description\" content=\"Mgr Didier Berthet, \u00e9v\u00eaque du Dioc\u00e8se de Saint-Di\u00e9 depuis le 15 juin 2016 apr\u00e8s sa nomination par le pape Fran\u00e7ois, [&hellip;]\" \/>\n<meta name=\"twitter:image\" content=\"https:\/\/vosgesinfo.fr\/app\/uploads\/sites\/4\/2020\/12\/monseigneur-berthet.png\" \/>\n<meta name=\"twitter:creator\" content=\"@VosgesInfo88\" \/>\n<meta name=\"twitter:site\" content=\"@VosgesInfo88\" \/>\n<meta name=\"twitter:label1\" content=\"\u00c9crit par\" \/>\n\t<meta name=\"twitter:data1\" content=\"la r\u00e9daction\" \/>\n\t<meta name=\"twitter:label2\" content=\"Dur\u00e9e de lecture estim\u00e9e\" \/>\n\t<meta name=\"twitter:data2\" content=\"1 minute\" \/>\n<script type=\"application\/ld+json\" class=\"yoast-schema-graph\">{\"@context\":\"https:\/\/schema.org\",\"@graph\":[{\"@type\":\"Article\",\"@id\":\"https:\/\/vosgesinfo.fr\/saintdieinfo\/2023\/09\/mgr-didier-berthet-eveque-diocese-de-saint-die-decede\/#article\",\"isPartOf\":{\"@id\":\"https:\/\/vosgesinfo.fr\/saintdieinfo\/2023\/09\/mgr-didier-berthet-eveque-diocese-de-saint-die-decede\/\"},\"author\":{\"name\":\"la r\u00e9daction\",\"@id\":\"https:\/\/vosgesinfo.fr\/saintdieinfo\/#\/schema\/person\/faee6704a21f3977511db84bd1cd450f\"},\"headline\":\"Mgr Didier Berthet, \u00e9v\u00eaque du Dioc\u00e8se de Saint-Di\u00e9, est d\u00e9c\u00e9d\u00e9\",\"datePublished\":\"2023-09-09T04:27:35+00:00\",\"dateModified\":\"2024-02-27T16:02:34+00:00\",\"mainEntityOfPage\":{\"@id\":\"https:\/\/vosgesinfo.fr\/saintdieinfo\/2023\/09\/mgr-didier-berthet-eveque-diocese-de-saint-die-decede\/\"},\"wordCount\":286,\"commentCount\":0,\"publisher\":{\"@id\":\"https:\/\/vosgesinfo.fr\/saintdieinfo\/#organization\"},\"image\":{\"@id\":\"https:\/\/vosgesinfo.fr\/saintdieinfo\/2023\/09\/mgr-didier-berthet-eveque-diocese-de-saint-die-decede\/#primaryimage\"},\"thumbnailUrl\":\"https:\/\/vosgesinfo.fr\/app\/uploads\/sites\/4\/2020\/12\/monseigneur-berthet.png\",\"articleSection\":[\"A la Une\",\"Avis de d\u00e9c\u00e8s\",\"Saint-Di\u00e9-des-Vosges et son Agglom\u00e9ration\"],\"inLanguage\":\"fr-FR\",\"potentialAction\":[{\"@type\":\"CommentAction\",\"name\":\"Comment\",\"target\":[\"https:\/\/vosgesinfo.fr\/saintdieinfo\/2023\/09\/mgr-didier-berthet-eveque-diocese-de-saint-die-decede\/#respond\"]}]},{\"@type\":\"WebPage\",\"@id\":\"https:\/\/vosgesinfo.fr\/saintdieinfo\/2023\/09\/mgr-didier-berthet-eveque-diocese-de-saint-die-decede\/\",\"url\":\"https:\/\/vosgesinfo.fr\/saintdieinfo\/2023\/09\/mgr-didier-berthet-eveque-diocese-de-saint-die-decede\/\",\"name\":\"Mgr Didier Berthet, \u00e9v\u00eaque du Dioc\u00e8se de Saint-Di\u00e9, est d\u00e9c\u00e9d\u00e9 - Saint Die Info\",\"isPartOf\":{\"@id\":\"https:\/\/vosgesinfo.fr\/saintdieinfo\/#website\"},\"primaryImageOfPage\":{\"@id\":\"https:\/\/vosgesinfo.fr\/saintdieinfo\/2023\/09\/mgr-didier-berthet-eveque-diocese-de-saint-die-decede\/#primaryimage\"},\"image\":{\"@id\":\"https:\/\/vosgesinfo.fr\/saintdieinfo\/2023\/09\/mgr-didier-berthet-eveque-diocese-de-saint-die-decede\/#primaryimage\"},\"thumbnailUrl\":\"https:\/\/vosgesinfo.fr\/app\/uploads\/sites\/4\/2020\/12\/monseigneur-berthet.png\",\"datePublished\":\"2023-09-09T04:27:35+00:00\",\"dateModified\":\"2024-02-27T16:02:34+00:00\",\"breadcrumb\":{\"@id\":\"https:\/\/vosgesinfo.fr\/saintdieinfo\/2023\/09\/mgr-didier-berthet-eveque-diocese-de-saint-die-decede\/#breadcrumb\"},\"inLanguage\":\"fr-FR\",\"potentialAction\":[{\"@type\":\"ReadAction\",\"target\":[\"https:\/\/vosgesinfo.fr\/saintdieinfo\/2023\/09\/mgr-didier-berthet-eveque-diocese-de-saint-die-decede\/\"]}]},{\"@type\":\"ImageObject\",\"inLanguage\":\"fr-FR\",\"@id\":\"https:\/\/vosgesinfo.fr\/saintdieinfo\/2023\/09\/mgr-didier-berthet-eveque-diocese-de-saint-die-decede\/#primaryimage\",\"url\":\"https:\/\/vosgesinfo.fr\/app\/uploads\/sites\/4\/2020\/12\/monseigneur-berthet.png\",\"contentUrl\":\"https:\/\/vosgesinfo.fr\/app\/uploads\/sites\/4\/2020\/12\/monseigneur-berthet.png\",\"width\":800,\"height\":639},{\"@type\":\"BreadcrumbList\",\"@id\":\"https:\/\/vosgesinfo.fr\/saintdieinfo\/2023\/09\/mgr-didier-berthet-eveque-diocese-de-saint-die-decede\/#breadcrumb\",\"itemListElement\":[{\"@type\":\"ListItem\",\"position\":1,\"name\":\"Home\",\"item\":\"https:\/\/vosgesinfo.fr\/saintdieinfo\/\"},{\"@type\":\"ListItem\",\"position\":2,\"name\":\"Mgr Didier Berthet, \u00e9v\u00eaque du Dioc\u00e8se de Saint-Di\u00e9, est d\u00e9c\u00e9d\u00e9\"}]},{\"@type\":\"WebSite\",\"@id\":\"https:\/\/vosgesinfo.fr\/saintdieinfo\/#website\",\"url\":\"https:\/\/vosgesinfo.fr\/saintdieinfo\/\",\"name\":\"Saint Die Info\",\"description\":\"Toute l&#039;actualit\u00e9 de Saint-Di\u00e9-Des-Vosges\",\"publisher\":{\"@id\":\"https:\/\/vosgesinfo.fr\/saintdieinfo\/#organization\"},\"alternateName\":\"Toute l'actualit\u00e9 de Saint-Di\u00e9-Des-Vosges\",\"potentialAction\":[{\"@type\":\"SearchAction\",\"target\":{\"@type\":\"EntryPoint\",\"urlTemplate\":\"https:\/\/vosgesinfo.fr\/saintdieinfo\/?s={search_term_string}\"},\"query-input\":\"required name=search_term_string\"}],\"inLanguage\":\"fr-FR\"},{\"@type\":\"Organization\",\"@id\":\"https:\/\/vosgesinfo.fr\/saintdieinfo\/#organization\",\"name\":\"Saint Die Info\",\"url\":\"https:\/\/vosgesinfo.fr\/saintdieinfo\/\",\"logo\":{\"@type\":\"ImageObject\",\"inLanguage\":\"fr-FR\",\"@id\":\"https:\/\/vosgesinfo.fr\/saintdieinfo\/#\/schema\/logo\/image\/\",\"url\":\"https:\/\/vosgesinfo.fr\/app\/uploads\/sites\/4\/2024\/02\/logo-sdi.jpg\",\"contentUrl\":\"https:\/\/vosgesinfo.fr\/app\/uploads\/sites\/4\/2024\/02\/logo-sdi.jpg\",\"width\":600,\"height\":600,\"caption\":\"Saint Die Info\"},\"image\":{\"@id\":\"https:\/\/vosgesinfo.fr\/saintdieinfo\/#\/schema\/logo\/image\/\"},\"sameAs\":[\"https:\/\/www.facebook.com\/Saintdieinfofr\",\"https:\/\/x.com\/VosgesInfo88\",\"https:\/\/www.youtube.com\/@vosgesinfo\"]},{\"@type\":\"Person\",\"@id\":\"https:\/\/vosgesinfo.fr\/saintdieinfo\/#\/schema\/person\/faee6704a21f3977511db84bd1cd450f\",\"name\":\"la r\u00e9daction\",\"image\":{\"@type\":\"ImageObject\",\"inLanguage\":\"fr-FR\",\"@id\":\"https:\/\/vosgesinfo.fr\/saintdieinfo\/#\/schema\/person\/image\/\",\"url\":\"https:\/\/secure.gravatar.com\/avatar\/6673d8bc6a9c17fa9a453eaa3448de834fa308c2ec9635b7aa99441a7c8d2cf6?s=96&d=mm&r=g\",\"contentUrl\":\"https:\/\/secure.gravatar.com\/avatar\/6673d8bc6a9c17fa9a453eaa3448de834fa308c2ec9635b7aa99441a7c8d2cf6?s=96&d=mm&r=g\",\"caption\":\"la r\u00e9daction\"},\"url\":\"https:\/\/vosgesinfo.fr\/saintdieinfo\/author\/redac\/\"}]}<\/script>\n<!-- \/ Yoast SEO plugin. -->","yoast_head_json":{"title":"Mgr Didier Berthet, \u00e9v\u00eaque du Dioc\u00e8se de Saint-Di\u00e9, est d\u00e9c\u00e9d\u00e9 - Saint Die Info","robots":{"index":"index","follow":"follow","max-snippet":"max-snippet:-1","max-image-preview":"max-image-preview:large","max-video-preview":"max-video-preview:-1"},"canonical":"https:\/\/vosgesinfo.fr\/saintdieinfo\/2023\/09\/mgr-didier-berthet-eveque-diocese-de-saint-die-decede\/","twitter_card":"summary_large_image","twitter_title":"Mgr Didier Berthet, \u00e9v\u00eaque du Dioc\u00e8se de Saint-Di\u00e9, est d\u00e9c\u00e9d\u00e9 - Saint Die Info","twitter_description":"Mgr Didier Berthet, \u00e9v\u00eaque du Dioc\u00e8se de Saint-Di\u00e9 depuis le 15 juin 2016 apr\u00e8s sa nomination par le pape Fran\u00e7ois, [&hellip;]","twitter_image":"https:\/\/vosgesinfo.fr\/app\/uploads\/sites\/4\/2020\/12\/monseigneur-berthet.png","twitter_creator":"@VosgesInfo88","twitter_site":"@VosgesInfo88","twitter_misc":{"\u00c9crit par":"la r\u00e9daction","Dur\u00e9e de lecture estim\u00e9e":"1 minute"},"schema":{"@context":"https:\/\/schema.org","@graph":[{"@type":"Article","@id":"https:\/\/vosgesinfo.fr\/saintdieinfo\/2023\/09\/mgr-didier-berthet-eveque-diocese-de-saint-die-decede\/#article","isPartOf":{"@id":"https:\/\/vosgesinfo.fr\/saintdieinfo\/2023\/09\/mgr-didier-berthet-eveque-diocese-de-saint-die-decede\/"},"author":{"name":"la r\u00e9daction","@id":"https:\/\/vosgesinfo.fr\/saintdieinfo\/#\/schema\/person\/faee6704a21f3977511db84bd1cd450f"},"headline":"Mgr Didier Berthet, \u00e9v\u00eaque du Dioc\u00e8se de Saint-Di\u00e9, est d\u00e9c\u00e9d\u00e9","datePublished":"2023-09-09T04:27:35+00:00","dateModified":"2024-02-27T16:02:34+00:00","mainEntityOfPage":{"@id":"https:\/\/vosgesinfo.fr\/saintdieinfo\/2023\/09\/mgr-didier-berthet-eveque-diocese-de-saint-die-decede\/"},"wordCount":286,"commentCount":0,"publisher":{"@id":"https:\/\/vosgesinfo.fr\/saintdieinfo\/#organization"},"image":{"@id":"https:\/\/vosgesinfo.fr\/saintdieinfo\/2023\/09\/mgr-didier-berthet-eveque-diocese-de-saint-die-decede\/#primaryimage"},"thumbnailUrl":"https:\/\/vosgesinfo.fr\/app\/uploads\/sites\/4\/2020\/12\/monseigneur-berthet.png","articleSection":["A la Une","Avis de d\u00e9c\u00e8s","Saint-Di\u00e9-des-Vosges et son Agglom\u00e9ration"],"inLanguage":"fr-FR","potentialAction":[{"@type":"CommentAction","name":"Comment","target":["https:\/\/vosgesinfo.fr\/saintdieinfo\/2023\/09\/mgr-didier-berthet-eveque-diocese-de-saint-die-decede\/#respond"]}]},{"@type":"WebPage","@id":"https:\/\/vosgesinfo.fr\/saintdieinfo\/2023\/09\/mgr-didier-berthet-eveque-diocese-de-saint-die-decede\/","url":"https:\/\/vosgesinfo.fr\/saintdieinfo\/2023\/09\/mgr-didier-berthet-eveque-diocese-de-saint-die-decede\/","name":"Mgr Didier Berthet, \u00e9v\u00eaque du Dioc\u00e8se de Saint-Di\u00e9, est d\u00e9c\u00e9d\u00e9 - Saint Die Info","isPartOf":{"@id":"https:\/\/vosgesinfo.fr\/saintdieinfo\/#website"},"primaryImageOfPage":{"@id":"https:\/\/vosgesinfo.fr\/saintdieinfo\/2023\/09\/mgr-didier-berthet-eveque-diocese-de-saint-die-decede\/#primaryimage"},"image":{"@id":"https:\/\/vosgesinfo.fr\/saintdieinfo\/2023\/09\/mgr-didier-berthet-eveque-diocese-de-saint-die-decede\/#primaryimage"},"thumbnailUrl":"https:\/\/vosgesinfo.fr\/app\/uploads\/sites\/4\/2020\/12\/monseigneur-berthet.png","datePublished":"2023-09-09T04:27:35+00:00","dateModified":"2024-02-27T16:02:34+00:00","breadcrumb":{"@id":"https:\/\/vosgesinfo.fr\/saintdieinfo\/2023\/09\/mgr-didier-berthet-eveque-diocese-de-saint-die-decede\/#breadcrumb"},"inLanguage":"fr-FR","potentialAction":[{"@type":"ReadAction","target":["https:\/\/vosgesinfo.fr\/saintdieinfo\/2023\/09\/mgr-didier-berthet-eveque-diocese-de-saint-die-decede\/"]}]},{"@type":"ImageObject","inLanguage":"fr-FR","@id":"https:\/\/vosgesinfo.fr\/saintdieinfo\/2023\/09\/mgr-didier-berthet-eveque-diocese-de-saint-die-decede\/#primaryimage","url":"https:\/\/vosgesinfo.fr\/app\/uploads\/sites\/4\/2020\/12\/monseigneur-berthet.png","contentUrl":"https:\/\/vosgesinfo.fr\/app\/uploads\/sites\/4\/2020\/12\/monseigneur-berthet.png","width":800,"height":639},{"@type":"BreadcrumbList","@id":"https:\/\/vosgesinfo.fr\/saintdieinfo\/2023\/09\/mgr-didier-berthet-eveque-diocese-de-saint-die-decede\/#breadcrumb","itemListElement":[{"@type":"ListItem","position":1,"name":"Home","item":"https:\/\/vosgesinfo.fr\/saintdieinfo\/"},{"@type":"ListItem","position":2,"name":"Mgr Didier Berthet, \u00e9v\u00eaque du Dioc\u00e8se de Saint-Di\u00e9, est d\u00e9c\u00e9d\u00e9"}]},{"@type":"WebSite","@id":"https:\/\/vosgesinfo.fr\/saintdieinfo\/#website","url":"https:\/\/vosgesinfo.fr\/saintdieinfo\/","name":"Saint Die Info","description":"Toute l&#039;actualit\u00e9 de Saint-Di\u00e9-Des-Vosges","publisher":{"@id":"https:\/\/vosgesinfo.fr\/saintdieinfo\/#organization"},"alternateName":"Toute l'actualit\u00e9 de Saint-Di\u00e9-Des-Vosges","potentialAction":[{"@type":"SearchAction","target":{"@type":"EntryPoint","urlTemplate":"https:\/\/vosgesinfo.fr\/saintdieinfo\/?s={search_term_string}"},"query-input":"required name=search_term_string"}],"inLanguage":"fr-FR"},{"@type":"Organization","@id":"https:\/\/vosgesinfo.fr\/saintdieinfo\/#organization","name":"Saint Die Info","url":"https:\/\/vosgesinfo.fr\/saintdieinfo\/","logo":{"@type":"ImageObject","inLanguage":"fr-FR","@id":"https:\/\/vosgesinfo.fr\/saintdieinfo\/#\/schema\/logo\/image\/","url":"https:\/\/vosgesinfo.fr\/app\/uploads\/sites\/4\/2024\/02\/logo-sdi.jpg","contentUrl":"https:\/\/vosgesinfo.fr\/app\/uploads\/sites\/4\/2024\/02\/logo-sdi.jpg","width":600,"height":600,"caption":"Saint Die Info"},"image":{"@id":"https:\/\/vosgesinfo.fr\/saintdieinfo\/#\/schema\/logo\/image\/"},"sameAs":["https:\/\/www.facebook.com\/Saintdieinfofr","https:\/\/x.com\/VosgesInfo88","https:\/\/www.youtube.com\/@vosgesinfo"]},{"@type":"Person","@id":"https:\/\/vosgesinfo.fr\/saintdieinfo\/#\/schema\/person\/faee6704a21f3977511db84bd1cd450f","name":"la r\u00e9daction","image":{"@type":"ImageObject","inLanguage":"fr-FR","@id":"https:\/\/vosgesinfo.fr\/saintdieinfo\/#\/schema\/person\/image\/","url":"https:\/\/secure.gravatar.com\/avatar\/6673d8bc6a9c17fa9a453eaa3448de834fa308c2ec9635b7aa99441a7c8d2cf6?s=96&d=mm&r=g","contentUrl":"https:\/\/secure.gravatar.com\/avatar\/6673d8bc6a9c17fa9a453eaa3448de834fa308c2ec9635b7aa99441a7c8d2cf6?s=96&d=mm&r=g","caption":"la r\u00e9daction"},"url":"https:\/\/vosgesinfo.fr\/saintdieinfo\/author\/redac\/"}]}},"_links":{"self":[{"href":"https:\/\/vosgesinfo.fr\/saintdieinfo\/wp-json\/wp\/v2\/posts\/22714","targetHints":{"allow":["GET"]}}],"collection":[{"href":"https:\/\/vosgesinfo.fr\/saintdieinfo\/wp-json\/wp\/v2\/posts"}],"about":[{"href":"https:\/\/vosgesinfo.fr\/saintdieinfo\/wp-json\/wp\/v2\/types\/post"}],"author":[{"embeddable":true,"href":"https:\/\/vosgesinfo.fr\/saintdieinfo\/wp-json\/wp\/v2\/users\/44"}],"replies":[{"embeddable":true,"href":"https:\/\/vosgesinfo.fr\/saintdieinfo\/wp-json\/wp\/v2\/comments?post=22714"}],"version-history":[{"count":1,"href":"https:\/\/vosgesinfo.fr\/saintdieinfo\/wp-json\/wp\/v2\/posts\/22714\/revisions"}],"predecessor-version":[{"id":29746,"href":"https:\/\/vosgesinfo.fr\/saintdieinfo\/wp-json\/wp\/v2\/posts\/22714\/revisions\/29746"}],"wp:featuredmedia":[{"embeddable":true,"href":"https:\/\/vosgesinfo.fr\/saintdieinfo\/wp-json\/wp\/v2\/media\/22713"}],"wp:attachment":[{"href":"https:\/\/vosgesinfo.fr\/saintdieinfo\/wp-json\/wp\/v2\/media?parent=22714"}],"wp:term":[{"taxonomy":"category","embeddable":true,"href":"https:\/\/vosgesinfo.fr\/saintdieinfo\/wp-json\/wp\/v2\/categories?post=22714"},{"taxonomy":"post_tag","embeddable":true,"href":"https:\/\/vosgesinfo.fr\/saintdieinfo\/wp-json\/wp\/v2\/tags?post=22714"}],"curies":[{"name":"wp","href":"https:\/\/api.w.org\/{rel}","templated":true}]}}