{"id":22722,"date":"2023-09-09T07:22:45","date_gmt":"2023-09-09T05:22:45","guid":{"rendered":"https:\/\/vosgesinfo.fr\/saintdieinfo\/2023\/09\/lancement-dune-enquete-publique-sur-la-pratique-du-velo-a-saint-die-des-vosges\/"},"modified":"2024-02-27T17:02:34","modified_gmt":"2024-02-27T16:02:34","slug":"lancement-dune-enquete-publique-pratique-velo-a-saint-die-vosges","status":"publish","type":"post","link":"https:\/\/vosgesinfo.fr\/saintdieinfo\/2023\/09\/lancement-dune-enquete-publique-pratique-velo-a-saint-die-vosges\/","title":{"rendered":"Lancement d&rsquo;une enqu\u00eate publique sur la pratique du v\u00e9lo \u00e0 Saint-Di\u00e9-des-Vosges"},"content":{"rendered":"\n<h2><strong><span style=\"font-size: 14pt;\">A compter de ce samedi 9 septembre et jusqu&rsquo;au dimanche 15 octobre inclus, les associations L&rsquo;Engrenage, Il est encore temps en D\u00e9odatie et l&rsquo;Union Cyclotouriste Vosgienne \u2013 UCV \u2013 qui participent toutes les 3 \u00e0 la commission municipale \u00ab\u00a0V\u00e9lo\u00a0\u00bb, lancent une enqu\u00eate baptis\u00e9e \u00ab\u00a0Parlons v\u00e9lo en D\u00e9odatie\u00a0\u00bb.<\/span><\/strong><\/h2>\n<p><!--more--><\/p>\n<p>Destin\u00e9e aux D\u00e9odatiens et personnes ext\u00e9rieures qui se rendent r\u00e9guli\u00e8rement \u00e0 Saint-Di\u00e9-des-Vosges, cette enqu\u00eate en ligne est anonyme et permettra, comme l&rsquo;expliquent les 3 associations, \u00ab\u00a0de mieux cibler les actions et les am\u00e9nagement cyclables qui r\u00e9pondront \u00e0 vos besoins. C&rsquo;est l&rsquo;occasion donn\u00e9e pour chacun des cyclistes et non cyclistes de participer \u00e0 l&rsquo;\u00e9laboration de ces am\u00e9nagements.\u00a0\u00bb<\/p>\n<p>\u00ab\u00a0Pour quels types de trajets utilisez-vous principalement le v\u00e9lo\u00a0?\u00a0\u00bb\u00a0; \u00ab\u00a0Pour quelles raisons privil\u00e9giez-vous le v\u00e9lo pour vos d\u00e9placements utilitaires\u00a0?\u00a0\u00bb\u00a0; \u00ab\u00a0Jusqu&rsquo;\u00e0 quelle dur\u00e9e de trajet \u00eatres vous pr\u00eat(e) \u00e0 vous d\u00e9placer quotidiennement \u00e0 v\u00e9lo\u00a0?\u00a0\u00bb\u00a0; \u00ab\u00a0Comment \u00e9valuez-vous les am\u00e9nagements cyclables sur vos trajets habituels\u00a0?\u00a0\u00bb\u00a0; \u00ab\u00a0Comment \u00e9valuez-vous la s\u00e9curit\u00e9 \u00e0 v\u00e9lo sur vos trajets habituels\u00a0\u00bb&#8230; sont quelques-unes des questions \u00e0 choix multiples pos\u00e9es au fil du questionnaire.<\/p>\n<p>Les r\u00e9sultats de l&rsquo;enqu\u00eate feront l&rsquo;objet d&rsquo;un rapport d\u00e9taill\u00e9 public et seront \u00e9galement pr\u00e9sent\u00e9s lors d&rsquo;une prochaine s\u00e9ance de la commission municipale. \u00ab\u00a0Le but c&rsquo;est qu&rsquo;il y ait une discussion, un dialogue, que l&rsquo;on travaille tous ensemble sur la place du v\u00e9lo \u00e0 Saint-Di\u00e9-des-Vosges\u00a0\u00bb souligne Jean-Pierre Mathieu, en sa qualit\u00e9 de pr\u00e9sident de l&rsquo;Engrenage.<\/p>\n<p>Pour participer \u00e0 l&rsquo;enqu\u00eate : <span style=\"color: #3366ff;\"><a style=\"color: #3366ff;\" href=\"https:\/\/framaforms.org\/parlons-velo-en-deodatie-1684386295\" target=\"_blank\" rel=\"noopener\">https:\/\/framaforms.org\/parlons-velo-en-deodatie-1684386295<\/a><\/span><\/p>\n<p>J.J.<\/p>\n","protected":false},"excerpt":{"rendered":"<p>A compter de ce samedi 9 septembre et jusqu&rsquo;au dimanche 15 octobre inclus, les associations L&rsquo;Engrenage, Il est encore temps [&hellip;]<\/p>\n","protected":false},"author":44,"featured_media":22723,"comment_status":"open","ping_status":"open","sticky":false,"template":"","format":"standard","meta":{"footnotes":""},"categories":[460,2915,17],"tags":[3307,3308,3200,3309,3310,3311],"class_list":["post-22722","post","type-post","status-publish","format-standard","has-post-thumbnail","hentry","category-a-la-une","category-saint-die-son-canton","category-vie-associative","tag-commission-municipale-velo","tag-enquete-publique","tag-il-est-encore-temps-en-deodatie","tag-lengrenage","tag-place-du-velo-a-saint-die-des-vosges","tag-union-cyclotouriste-vosgienne"],"acf":[],"yoast_head":"<!-- This site is optimized with the Yoast SEO plugin v22.5 - https:\/\/yoast.com\/wordpress\/plugins\/seo\/ -->\n<title>Lancement d&#039;une enqu\u00eate publique sur la pratique du v\u00e9lo \u00e0 Saint-Di\u00e9-des-Vosges - Saint Die Info<\/title>\n<meta name=\"robots\" content=\"index, follow, max-snippet:-1, max-image-preview:large, max-video-preview:-1\" \/>\n<link rel=\"canonical\" href=\"https:\/\/vosgesinfo.fr\/saintdieinfo\/2023\/09\/lancement-dune-enquete-publique-pratique-velo-a-saint-die-vosges\/\" \/>\n<meta name=\"twitter:card\" content=\"summary_large_image\" \/>\n<meta name=\"twitter:title\" content=\"Lancement d&#039;une enqu\u00eate publique sur la pratique du v\u00e9lo \u00e0 Saint-Di\u00e9-des-Vosges - Saint Die Info\" \/>\n<meta name=\"twitter:description\" content=\"A compter de ce samedi 9 septembre et jusqu&rsquo;au dimanche 15 octobre inclus, les associations L&rsquo;Engrenage, Il est encore temps [&hellip;]\" \/>\n<meta name=\"twitter:image\" content=\"https:\/\/vosgesinfo.fr\/app\/uploads\/sites\/4\/2023\/09\/enquete-parlons-velo-deodatie-1.jpg\" \/>\n<meta name=\"twitter:creator\" content=\"@VosgesInfo88\" \/>\n<meta name=\"twitter:site\" content=\"@VosgesInfo88\" \/>\n<meta name=\"twitter:label1\" content=\"\u00c9crit par\" \/>\n\t<meta name=\"twitter:data1\" content=\"la r\u00e9daction\" \/>\n\t<meta name=\"twitter:label2\" content=\"Dur\u00e9e de lecture estim\u00e9e\" \/>\n\t<meta name=\"twitter:data2\" content=\"1 minute\" \/>\n<script type=\"application\/ld+json\" class=\"yoast-schema-graph\">{\"@context\":\"https:\/\/schema.org\",\"@graph\":[{\"@type\":\"Article\",\"@id\":\"https:\/\/vosgesinfo.fr\/saintdieinfo\/2023\/09\/lancement-dune-enquete-publique-pratique-velo-a-saint-die-vosges\/#article\",\"isPartOf\":{\"@id\":\"https:\/\/vosgesinfo.fr\/saintdieinfo\/2023\/09\/lancement-dune-enquete-publique-pratique-velo-a-saint-die-vosges\/\"},\"author\":{\"name\":\"la r\u00e9daction\",\"@id\":\"https:\/\/vosgesinfo.fr\/saintdieinfo\/#\/schema\/person\/faee6704a21f3977511db84bd1cd450f\"},\"headline\":\"Lancement d&rsquo;une enqu\u00eate publique sur la pratique du v\u00e9lo \u00e0 Saint-Di\u00e9-des-Vosges\",\"datePublished\":\"2023-09-09T05:22:45+00:00\",\"dateModified\":\"2024-02-27T16:02:34+00:00\",\"mainEntityOfPage\":{\"@id\":\"https:\/\/vosgesinfo.fr\/saintdieinfo\/2023\/09\/lancement-dune-enquete-publique-pratique-velo-a-saint-die-vosges\/\"},\"wordCount\":291,\"commentCount\":0,\"publisher\":{\"@id\":\"https:\/\/vosgesinfo.fr\/saintdieinfo\/#organization\"},\"image\":{\"@id\":\"https:\/\/vosgesinfo.fr\/saintdieinfo\/2023\/09\/lancement-dune-enquete-publique-pratique-velo-a-saint-die-vosges\/#primaryimage\"},\"thumbnailUrl\":\"https:\/\/vosgesinfo.fr\/app\/uploads\/sites\/4\/2023\/09\/enquete-parlons-velo-deodatie-1.jpg\",\"keywords\":[\"Commission municipale v\u00e9lo\",\"Enqu\u00eate publique\",\"Il est encore temps en D\u00e9odatie\",\"L'Engrenage\",\"Place du v\u00e9lo \u00e0 Saint-Di\u00e9-des-Vosges\",\"Union Cyclotouriste Vosgienne\"],\"articleSection\":[\"A la Une\",\"Saint-Di\u00e9-des-Vosges et son Agglom\u00e9ration\",\"Vie Associative\"],\"inLanguage\":\"fr-FR\",\"potentialAction\":[{\"@type\":\"CommentAction\",\"name\":\"Comment\",\"target\":[\"https:\/\/vosgesinfo.fr\/saintdieinfo\/2023\/09\/lancement-dune-enquete-publique-pratique-velo-a-saint-die-vosges\/#respond\"]}]},{\"@type\":\"WebPage\",\"@id\":\"https:\/\/vosgesinfo.fr\/saintdieinfo\/2023\/09\/lancement-dune-enquete-publique-pratique-velo-a-saint-die-vosges\/\",\"url\":\"https:\/\/vosgesinfo.fr\/saintdieinfo\/2023\/09\/lancement-dune-enquete-publique-pratique-velo-a-saint-die-vosges\/\",\"name\":\"Lancement d'une enqu\u00eate publique sur la pratique du v\u00e9lo \u00e0 Saint-Di\u00e9-des-Vosges - Saint Die Info\",\"isPartOf\":{\"@id\":\"https:\/\/vosgesinfo.fr\/saintdieinfo\/#website\"},\"primaryImageOfPage\":{\"@id\":\"https:\/\/vosgesinfo.fr\/saintdieinfo\/2023\/09\/lancement-dune-enquete-publique-pratique-velo-a-saint-die-vosges\/#primaryimage\"},\"image\":{\"@id\":\"https:\/\/vosgesinfo.fr\/saintdieinfo\/2023\/09\/lancement-dune-enquete-publique-pratique-velo-a-saint-die-vosges\/#primaryimage\"},\"thumbnailUrl\":\"https:\/\/vosgesinfo.fr\/app\/uploads\/sites\/4\/2023\/09\/enquete-parlons-velo-deodatie-1.jpg\",\"datePublished\":\"2023-09-09T05:22:45+00:00\",\"dateModified\":\"2024-02-27T16:02:34+00:00\",\"breadcrumb\":{\"@id\":\"https:\/\/vosgesinfo.fr\/saintdieinfo\/2023\/09\/lancement-dune-enquete-publique-pratique-velo-a-saint-die-vosges\/#breadcrumb\"},\"inLanguage\":\"fr-FR\",\"potentialAction\":[{\"@type\":\"ReadAction\",\"target\":[\"https:\/\/vosgesinfo.fr\/saintdieinfo\/2023\/09\/lancement-dune-enquete-publique-pratique-velo-a-saint-die-vosges\/\"]}]},{\"@type\":\"ImageObject\",\"inLanguage\":\"fr-FR\",\"@id\":\"https:\/\/vosgesinfo.fr\/saintdieinfo\/2023\/09\/lancement-dune-enquete-publique-pratique-velo-a-saint-die-vosges\/#primaryimage\",\"url\":\"https:\/\/vosgesinfo.fr\/app\/uploads\/sites\/4\/2023\/09\/enquete-parlons-velo-deodatie-1.jpg\",\"contentUrl\":\"https:\/\/vosgesinfo.fr\/app\/uploads\/sites\/4\/2023\/09\/enquete-parlons-velo-deodatie-1.jpg\",\"width\":1600,\"height\":1205},{\"@type\":\"BreadcrumbList\",\"@id\":\"https:\/\/vosgesinfo.fr\/saintdieinfo\/2023\/09\/lancement-dune-enquete-publique-pratique-velo-a-saint-die-vosges\/#breadcrumb\",\"itemListElement\":[{\"@type\":\"ListItem\",\"position\":1,\"name\":\"Home\",\"item\":\"https:\/\/vosgesinfo.fr\/saintdieinfo\/\"},{\"@type\":\"ListItem\",\"position\":2,\"name\":\"Lancement d&rsquo;une enqu\u00eate publique sur la pratique du v\u00e9lo \u00e0 Saint-Di\u00e9-des-Vosges\"}]},{\"@type\":\"WebSite\",\"@id\":\"https:\/\/vosgesinfo.fr\/saintdieinfo\/#website\",\"url\":\"https:\/\/vosgesinfo.fr\/saintdieinfo\/\",\"name\":\"Saint Die Info\",\"description\":\"Toute l&#039;actualit\u00e9 de Saint-Di\u00e9-Des-Vosges\",\"publisher\":{\"@id\":\"https:\/\/vosgesinfo.fr\/saintdieinfo\/#organization\"},\"alternateName\":\"Toute l'actualit\u00e9 de Saint-Di\u00e9-Des-Vosges\",\"potentialAction\":[{\"@type\":\"SearchAction\",\"target\":{\"@type\":\"EntryPoint\",\"urlTemplate\":\"https:\/\/vosgesinfo.fr\/saintdieinfo\/?s={search_term_string}\"},\"query-input\":\"required name=search_term_string\"}],\"inLanguage\":\"fr-FR\"},{\"@type\":\"Organization\",\"@id\":\"https:\/\/vosgesinfo.fr\/saintdieinfo\/#organization\",\"name\":\"Saint Die Info\",\"url\":\"https:\/\/vosgesinfo.fr\/saintdieinfo\/\",\"logo\":{\"@type\":\"ImageObject\",\"inLanguage\":\"fr-FR\",\"@id\":\"https:\/\/vosgesinfo.fr\/saintdieinfo\/#\/schema\/logo\/image\/\",\"url\":\"https:\/\/vosgesinfo.fr\/app\/uploads\/sites\/4\/2024\/02\/logo-sdi.jpg\",\"contentUrl\":\"https:\/\/vosgesinfo.fr\/app\/uploads\/sites\/4\/2024\/02\/logo-sdi.jpg\",\"width\":600,\"height\":600,\"caption\":\"Saint Die Info\"},\"image\":{\"@id\":\"https:\/\/vosgesinfo.fr\/saintdieinfo\/#\/schema\/logo\/image\/\"},\"sameAs\":[\"https:\/\/www.facebook.com\/Saintdieinfofr\",\"https:\/\/x.com\/VosgesInfo88\",\"https:\/\/www.youtube.com\/@vosgesinfo\"]},{\"@type\":\"Person\",\"@id\":\"https:\/\/vosgesinfo.fr\/saintdieinfo\/#\/schema\/person\/faee6704a21f3977511db84bd1cd450f\",\"name\":\"la r\u00e9daction\",\"image\":{\"@type\":\"ImageObject\",\"inLanguage\":\"fr-FR\",\"@id\":\"https:\/\/vosgesinfo.fr\/saintdieinfo\/#\/schema\/person\/image\/\",\"url\":\"https:\/\/secure.gravatar.com\/avatar\/6673d8bc6a9c17fa9a453eaa3448de834fa308c2ec9635b7aa99441a7c8d2cf6?s=96&d=mm&r=g\",\"contentUrl\":\"https:\/\/secure.gravatar.com\/avatar\/6673d8bc6a9c17fa9a453eaa3448de834fa308c2ec9635b7aa99441a7c8d2cf6?s=96&d=mm&r=g\",\"caption\":\"la r\u00e9daction\"},\"url\":\"https:\/\/vosgesinfo.fr\/saintdieinfo\/author\/redac\/\"}]}<\/script>\n<!-- \/ Yoast SEO plugin. -->","yoast_head_json":{"title":"Lancement d'une enqu\u00eate publique sur la pratique du v\u00e9lo \u00e0 Saint-Di\u00e9-des-Vosges - Saint Die Info","robots":{"index":"index","follow":"follow","max-snippet":"max-snippet:-1","max-image-preview":"max-image-preview:large","max-video-preview":"max-video-preview:-1"},"canonical":"https:\/\/vosgesinfo.fr\/saintdieinfo\/2023\/09\/lancement-dune-enquete-publique-pratique-velo-a-saint-die-vosges\/","twitter_card":"summary_large_image","twitter_title":"Lancement d'une enqu\u00eate publique sur la pratique du v\u00e9lo \u00e0 Saint-Di\u00e9-des-Vosges - Saint Die Info","twitter_description":"A compter de ce samedi 9 septembre et jusqu&rsquo;au dimanche 15 octobre inclus, les associations L&rsquo;Engrenage, Il est encore temps [&hellip;]","twitter_image":"https:\/\/vosgesinfo.fr\/app\/uploads\/sites\/4\/2023\/09\/enquete-parlons-velo-deodatie-1.jpg","twitter_creator":"@VosgesInfo88","twitter_site":"@VosgesInfo88","twitter_misc":{"\u00c9crit par":"la r\u00e9daction","Dur\u00e9e de lecture estim\u00e9e":"1 minute"},"schema":{"@context":"https:\/\/schema.org","@graph":[{"@type":"Article","@id":"https:\/\/vosgesinfo.fr\/saintdieinfo\/2023\/09\/lancement-dune-enquete-publique-pratique-velo-a-saint-die-vosges\/#article","isPartOf":{"@id":"https:\/\/vosgesinfo.fr\/saintdieinfo\/2023\/09\/lancement-dune-enquete-publique-pratique-velo-a-saint-die-vosges\/"},"author":{"name":"la r\u00e9daction","@id":"https:\/\/vosgesinfo.fr\/saintdieinfo\/#\/schema\/person\/faee6704a21f3977511db84bd1cd450f"},"headline":"Lancement d&rsquo;une enqu\u00eate publique sur la pratique du v\u00e9lo \u00e0 Saint-Di\u00e9-des-Vosges","datePublished":"2023-09-09T05:22:45+00:00","dateModified":"2024-02-27T16:02:34+00:00","mainEntityOfPage":{"@id":"https:\/\/vosgesinfo.fr\/saintdieinfo\/2023\/09\/lancement-dune-enquete-publique-pratique-velo-a-saint-die-vosges\/"},"wordCount":291,"commentCount":0,"publisher":{"@id":"https:\/\/vosgesinfo.fr\/saintdieinfo\/#organization"},"image":{"@id":"https:\/\/vosgesinfo.fr\/saintdieinfo\/2023\/09\/lancement-dune-enquete-publique-pratique-velo-a-saint-die-vosges\/#primaryimage"},"thumbnailUrl":"https:\/\/vosgesinfo.fr\/app\/uploads\/sites\/4\/2023\/09\/enquete-parlons-velo-deodatie-1.jpg","keywords":["Commission municipale v\u00e9lo","Enqu\u00eate publique","Il est encore temps en D\u00e9odatie","L'Engrenage","Place du v\u00e9lo \u00e0 Saint-Di\u00e9-des-Vosges","Union Cyclotouriste Vosgienne"],"articleSection":["A la Une","Saint-Di\u00e9-des-Vosges et son Agglom\u00e9ration","Vie Associative"],"inLanguage":"fr-FR","potentialAction":[{"@type":"CommentAction","name":"Comment","target":["https:\/\/vosgesinfo.fr\/saintdieinfo\/2023\/09\/lancement-dune-enquete-publique-pratique-velo-a-saint-die-vosges\/#respond"]}]},{"@type":"WebPage","@id":"https:\/\/vosgesinfo.fr\/saintdieinfo\/2023\/09\/lancement-dune-enquete-publique-pratique-velo-a-saint-die-vosges\/","url":"https:\/\/vosgesinfo.fr\/saintdieinfo\/2023\/09\/lancement-dune-enquete-publique-pratique-velo-a-saint-die-vosges\/","name":"Lancement d'une enqu\u00eate publique sur la pratique du v\u00e9lo \u00e0 Saint-Di\u00e9-des-Vosges - Saint Die Info","isPartOf":{"@id":"https:\/\/vosgesinfo.fr\/saintdieinfo\/#website"},"primaryImageOfPage":{"@id":"https:\/\/vosgesinfo.fr\/saintdieinfo\/2023\/09\/lancement-dune-enquete-publique-pratique-velo-a-saint-die-vosges\/#primaryimage"},"image":{"@id":"https:\/\/vosgesinfo.fr\/saintdieinfo\/2023\/09\/lancement-dune-enquete-publique-pratique-velo-a-saint-die-vosges\/#primaryimage"},"thumbnailUrl":"https:\/\/vosgesinfo.fr\/app\/uploads\/sites\/4\/2023\/09\/enquete-parlons-velo-deodatie-1.jpg","datePublished":"2023-09-09T05:22:45+00:00","dateModified":"2024-02-27T16:02:34+00:00","breadcrumb":{"@id":"https:\/\/vosgesinfo.fr\/saintdieinfo\/2023\/09\/lancement-dune-enquete-publique-pratique-velo-a-saint-die-vosges\/#breadcrumb"},"inLanguage":"fr-FR","potentialAction":[{"@type":"ReadAction","target":["https:\/\/vosgesinfo.fr\/saintdieinfo\/2023\/09\/lancement-dune-enquete-publique-pratique-velo-a-saint-die-vosges\/"]}]},{"@type":"ImageObject","inLanguage":"fr-FR","@id":"https:\/\/vosgesinfo.fr\/saintdieinfo\/2023\/09\/lancement-dune-enquete-publique-pratique-velo-a-saint-die-vosges\/#primaryimage","url":"https:\/\/vosgesinfo.fr\/app\/uploads\/sites\/4\/2023\/09\/enquete-parlons-velo-deodatie-1.jpg","contentUrl":"https:\/\/vosgesinfo.fr\/app\/uploads\/sites\/4\/2023\/09\/enquete-parlons-velo-deodatie-1.jpg","width":1600,"height":1205},{"@type":"BreadcrumbList","@id":"https:\/\/vosgesinfo.fr\/saintdieinfo\/2023\/09\/lancement-dune-enquete-publique-pratique-velo-a-saint-die-vosges\/#breadcrumb","itemListElement":[{"@type":"ListItem","position":1,"name":"Home","item":"https:\/\/vosgesinfo.fr\/saintdieinfo\/"},{"@type":"ListItem","position":2,"name":"Lancement d&rsquo;une enqu\u00eate publique sur la pratique du v\u00e9lo \u00e0 Saint-Di\u00e9-des-Vosges"}]},{"@type":"WebSite","@id":"https:\/\/vosgesinfo.fr\/saintdieinfo\/#website","url":"https:\/\/vosgesinfo.fr\/saintdieinfo\/","name":"Saint Die Info","description":"Toute l&#039;actualit\u00e9 de Saint-Di\u00e9-Des-Vosges","publisher":{"@id":"https:\/\/vosgesinfo.fr\/saintdieinfo\/#organization"},"alternateName":"Toute l'actualit\u00e9 de Saint-Di\u00e9-Des-Vosges","potentialAction":[{"@type":"SearchAction","target":{"@type":"EntryPoint","urlTemplate":"https:\/\/vosgesinfo.fr\/saintdieinfo\/?s={search_term_string}"},"query-input":"required name=search_term_string"}],"inLanguage":"fr-FR"},{"@type":"Organization","@id":"https:\/\/vosgesinfo.fr\/saintdieinfo\/#organization","name":"Saint Die Info","url":"https:\/\/vosgesinfo.fr\/saintdieinfo\/","logo":{"@type":"ImageObject","inLanguage":"fr-FR","@id":"https:\/\/vosgesinfo.fr\/saintdieinfo\/#\/schema\/logo\/image\/","url":"https:\/\/vosgesinfo.fr\/app\/uploads\/sites\/4\/2024\/02\/logo-sdi.jpg","contentUrl":"https:\/\/vosgesinfo.fr\/app\/uploads\/sites\/4\/2024\/02\/logo-sdi.jpg","width":600,"height":600,"caption":"Saint Die Info"},"image":{"@id":"https:\/\/vosgesinfo.fr\/saintdieinfo\/#\/schema\/logo\/image\/"},"sameAs":["https:\/\/www.facebook.com\/Saintdieinfofr","https:\/\/x.com\/VosgesInfo88","https:\/\/www.youtube.com\/@vosgesinfo"]},{"@type":"Person","@id":"https:\/\/vosgesinfo.fr\/saintdieinfo\/#\/schema\/person\/faee6704a21f3977511db84bd1cd450f","name":"la r\u00e9daction","image":{"@type":"ImageObject","inLanguage":"fr-FR","@id":"https:\/\/vosgesinfo.fr\/saintdieinfo\/#\/schema\/person\/image\/","url":"https:\/\/secure.gravatar.com\/avatar\/6673d8bc6a9c17fa9a453eaa3448de834fa308c2ec9635b7aa99441a7c8d2cf6?s=96&d=mm&r=g","contentUrl":"https:\/\/secure.gravatar.com\/avatar\/6673d8bc6a9c17fa9a453eaa3448de834fa308c2ec9635b7aa99441a7c8d2cf6?s=96&d=mm&r=g","caption":"la r\u00e9daction"},"url":"https:\/\/vosgesinfo.fr\/saintdieinfo\/author\/redac\/"}]}},"_links":{"self":[{"href":"https:\/\/vosgesinfo.fr\/saintdieinfo\/wp-json\/wp\/v2\/posts\/22722","targetHints":{"allow":["GET"]}}],"collection":[{"href":"https:\/\/vosgesinfo.fr\/saintdieinfo\/wp-json\/wp\/v2\/posts"}],"about":[{"href":"https:\/\/vosgesinfo.fr\/saintdieinfo\/wp-json\/wp\/v2\/types\/post"}],"author":[{"embeddable":true,"href":"https:\/\/vosgesinfo.fr\/saintdieinfo\/wp-json\/wp\/v2\/users\/44"}],"replies":[{"embeddable":true,"href":"https:\/\/vosgesinfo.fr\/saintdieinfo\/wp-json\/wp\/v2\/comments?post=22722"}],"version-history":[{"count":1,"href":"https:\/\/vosgesinfo.fr\/saintdieinfo\/wp-json\/wp\/v2\/posts\/22722\/revisions"}],"predecessor-version":[{"id":29749,"href":"https:\/\/vosgesinfo.fr\/saintdieinfo\/wp-json\/wp\/v2\/posts\/22722\/revisions\/29749"}],"wp:featuredmedia":[{"embeddable":true,"href":"https:\/\/vosgesinfo.fr\/saintdieinfo\/wp-json\/wp\/v2\/media\/22723"}],"wp:attachment":[{"href":"https:\/\/vosgesinfo.fr\/saintdieinfo\/wp-json\/wp\/v2\/media?parent=22722"}],"wp:term":[{"taxonomy":"category","embeddable":true,"href":"https:\/\/vosgesinfo.fr\/saintdieinfo\/wp-json\/wp\/v2\/categories?post=22722"},{"taxonomy":"post_tag","embeddable":true,"href":"https:\/\/vosgesinfo.fr\/saintdieinfo\/wp-json\/wp\/v2\/tags?post=22722"}],"curies":[{"name":"wp","href":"https:\/\/api.w.org\/{rel}","templated":true}]}}