{"id":23103,"date":"2023-09-26T05:59:53","date_gmt":"2023-09-26T03:59:53","guid":{"rendered":"https:\/\/vosgesinfo.fr\/saintdieinfo\/2023\/09\/s-v-d-procie-fete-le-rugby\/"},"modified":"2024-02-27T17:03:13","modified_gmt":"2024-02-27T16:03:13","slug":"s-v-d-procie-fete-rugby","status":"publish","type":"post","link":"https:\/\/vosgesinfo.fr\/saintdieinfo\/2023\/09\/s-v-d-procie-fete-rugby\/","title":{"rendered":"S.V.D. Pro&#038;Cie f\u00eate le Rugby"},"content":{"rendered":"<p align=\"LEFT\"><a href=\"https:\/\/saintdieinfo.fr\/wp-content\/uploads\/2023\/09\/1695670273324.jpg\" target=\"_blank\" rel=\"noopener\"><img decoding=\"async\" class=\"aligncenter wp-image-206336 size-large\" src=\"https:\/\/vosgesinfo.fr\/app\/uploads\/sites\/4\/2023\/09\/1695670273324.jpg\" alt=\"1695670273324\" width=\"768\" height=\"1024\" \/><\/a><\/p>\n<h2 align=\"LEFT\"><strong><span style=\"font-family: Times New Roman, sans-serif; font-size: 14pt;\"><span style=\"font-family: Calibri, sans-serif;\">A compter du 25 Septembre 2023, vous allez profiter de remises sur de nombreux appareils de grandes marques, \u00e0 l\u2019occasion de la Coupe du Monde de Rugby\u00a0!<\/span><\/span><\/strong><\/h2>\n<p align=\"LEFT\"><!--more--><\/p>\n<p align=\"LEFT\"><span style=\"font-family: Times New Roman, sans-serif; font-size: 12pt;\"><span style=\"font-family: Calibri, sans-serif;\">Eric Antoine, le Directeur de SVD Pro et Cie, bien connu des d\u00e9odatiens, et \u00e9paul\u00e9 par son \u00e9quipe, a mis en place jusqu\u2019au 9 Octobre, <\/span><strong><span style=\"font-family: Calibri, sans-serif;\">une op\u00e9ration sp\u00e9ciale intitul\u00e9e \u00ab\u00a0Toujours l\u00e0 pour marquer l\u2019essai avec vous\u00a0\u00bb, en r\u00e9f\u00e9rence \u00e0 la coupe du monde de Rugby, et qui va vous faire profiter de\u00a0remises imm\u00e9diates exceptionnelles sur de nombreux produits de grandes marques.<\/span><\/strong><\/span><\/p>\n<p align=\"LEFT\"><span style=\"font-family: Times New Roman, sans-serif; font-size: 12pt;\"><span style=\"font-family: Calibri, sans-serif;\">Des frigidaires, aux machines \u00e0 laver, en passant par les lave-linges, les fours, fours \u00e0 pizzas, les t\u00e9l\u00e9viseurs, les ordinateurs et autres \u00e9quipements hifi et \u00e9lectrom\u00e9nagers&#8230;<\/span><\/span><\/p>\n\n<p align=\"LEFT\"><span style=\"font-family: Times New Roman, sans-serif; font-size: 12pt;\"><strong><span style=\"font-family: Calibri, sans-serif;\">Vous allez pouvoir faire des \u00e9conomies, <\/span><\/strong><span style=\"font-family: Calibri, sans-serif;\">comme par exemples\u00a0: 150 \u20ac de remises sur un lave-linge de marque LG, capacit\u00e9 8kg, qui vous reviendra \u00e0 399 \u20ac au lieu de 549 \u20ac (+ 10\u20ac d\u2019\u00e9co. part), 150 \u20ac de remises sur le t\u00e9l\u00e9viseur Philips, 139 cm, 4K, ultra HD qui sera \u00e0 599\u20ac au lieu de 749\u20ac (+ 15\u20ac d\u2019\u00e9co.part)\u00a0; 90\u20ac de remises sur le s\u00e8che-linge Electrolux \u00e0 condensation, cap. 7kg, et qui vous reviendra \u00e0 459 \u20ac au lieu de 549 \u20ac (+ 10 \u20ac d\u2019\u00e9co. part.). \u2026Bien d\u2019autres offres vous attendent au magasin.<\/span><\/span><\/p>\n\n<p align=\"LEFT\"><span style=\"font-family: Times New Roman, sans-serif; font-size: 12pt;\"><strong><span style=\"font-family: Calibri, sans-serif;\">SVD Pro&amp;Cie est \u00ab\u00a0toujours l\u00e0 pour vous<\/span><\/strong><span style=\"font-family: Calibri, sans-serif;\"><strong>\u00a0\u00bb,<\/strong> en effet, Eric et son \u00e9quipe s\u2019occupent de tout\u00a0! du conseil en passant par la livraison, l\u2019installation, l\u2019assistance, \u00e9galement l\u00e0 en cas de r\u00e9paration, de reprise et de garanties\u00a0! <\/span><\/span><\/p>\n<p align=\"LEFT\"><strong><span style=\"font-family: Times New Roman, sans-serif; font-size: 12pt;\"><span style=\"font-family: Calibri, sans-serif;\">Retrouvez \u00e9galement plus de 7000 produits, disponibles sur le site <a href=\"http:\/\/www.procie-st-die-des-vosges.com\/\" target=\"_blank\" rel=\"noopener\">http:\/\/www.procie-st-die-des-vosges.com<\/a><\/span><\/span><\/strong><\/p>\n<p align=\"LEFT\"><a href=\"https:\/\/vosgesinfo.fr\/app\/uploads\/sites\/4\/2023\/09\/svd-pro-et-cie-photo-ext-ok.jpg\" target=\"_blank\" rel=\"noopener\"><img decoding=\"async\" class=\"aligncenter wp-image-206330 size-full\" src=\"https:\/\/vosgesinfo.fr\/app\/uploads\/sites\/4\/2023\/09\/svd-pro-et-cie-photo-ext-ok.jpg\" alt=\"svd pro et cie-photo ext ok\" width=\"588\" height=\"350\" \/><\/a><\/p>\n<p align=\"LEFT\"><strong><span style=\"font-family: Times New Roman, sans-serif; font-size: 12pt;\"><span style=\"font-family: Calibri, sans-serif;\">SVD PRO&amp;Cie<\/span>\u00a0: <span style=\"font-family: Calibri, sans-serif;\"><strong>17, rue Antoine de Saint-Exup\u00e9ry &#8211; 88100 Saint-Di\u00e9-des-Vosges.<\/strong><\/span><\/span><\/strong><\/p>\n<p align=\"LEFT\"><span style=\"font-family: Times New Roman, sans-serif; font-size: 12pt;\"><span style=\"font-family: Calibri, sans-serif;\">T\u00e9l. : <\/span><span style=\"font-family: Calibri, sans-serif;\"><strong>03-29-27-29-70<\/strong><b> &#8211; <\/b><\/span><span style=\"font-family: Calibri, sans-serif;\">Ouvert du mardi au samedi, de 9h \u00e0 12h et de 14h \u00e0 19h.<\/span> <\/span><\/p>\n<p align=\"LEFT\"><span style=\"font-family: Times New Roman, sans-serif; font-size: 12pt;\"><span style=\"font-family: Calibri, sans-serif;\">R\u00e9daction et photos\u00a0: Patricia Ferry-Demange \u2013 patricia.ferrydemange@gmail.com<\/span><\/span><\/p>\n","protected":false},"excerpt":{"rendered":"<p>A compter du 25 Septembre 2023, vous allez profiter de remises sur de nombreux appareils de grandes marques, \u00e0 l\u2019occasion [&hellip;]<\/p>\n","protected":false},"author":44,"featured_media":23101,"comment_status":"open","ping_status":"open","sticky":false,"template":"","format":"standard","meta":{"footnotes":""},"categories":[460,2915],"tags":[3477,3102],"class_list":["post-23103","post","type-post","status-publish","format-standard","has-post-thumbnail","hentry","category-a-la-une","category-saint-die-son-canton","tag-coupe-du-monde-de-rugby-2023","tag-svd-procie"],"acf":[],"yoast_head":"<!-- This site is optimized with the Yoast SEO plugin v22.5 - https:\/\/yoast.com\/wordpress\/plugins\/seo\/ -->\n<title>S.V.D. Pro&amp;Cie f\u00eate le Rugby - Saint Die Info<\/title>\n<meta name=\"robots\" content=\"index, follow, max-snippet:-1, max-image-preview:large, max-video-preview:-1\" \/>\n<link rel=\"canonical\" href=\"https:\/\/vosgesinfo.fr\/saintdieinfo\/2023\/09\/s-v-d-procie-fete-rugby\/\" \/>\n<meta name=\"twitter:card\" content=\"summary_large_image\" \/>\n<meta name=\"twitter:title\" content=\"S.V.D. Pro&amp;Cie f\u00eate le Rugby - Saint Die Info\" \/>\n<meta name=\"twitter:description\" content=\"A compter du 25 Septembre 2023, vous allez profiter de remises sur de nombreux appareils de grandes marques, \u00e0 l\u2019occasion [&hellip;]\" \/>\n<meta name=\"twitter:image\" content=\"https:\/\/vosgesinfo.fr\/app\/uploads\/sites\/4\/2023\/09\/1695670273324.jpg\" \/>\n<meta name=\"twitter:creator\" content=\"@VosgesInfo88\" \/>\n<meta name=\"twitter:site\" content=\"@VosgesInfo88\" \/>\n<meta name=\"twitter:label1\" content=\"\u00c9crit par\" \/>\n\t<meta name=\"twitter:data1\" content=\"la r\u00e9daction\" \/>\n\t<meta name=\"twitter:label2\" content=\"Dur\u00e9e de lecture estim\u00e9e\" \/>\n\t<meta name=\"twitter:data2\" content=\"2 minutes\" \/>\n<script type=\"application\/ld+json\" class=\"yoast-schema-graph\">{\"@context\":\"https:\/\/schema.org\",\"@graph\":[{\"@type\":\"Article\",\"@id\":\"https:\/\/vosgesinfo.fr\/saintdieinfo\/2023\/09\/s-v-d-procie-fete-rugby\/#article\",\"isPartOf\":{\"@id\":\"https:\/\/vosgesinfo.fr\/saintdieinfo\/2023\/09\/s-v-d-procie-fete-rugby\/\"},\"author\":{\"name\":\"la r\u00e9daction\",\"@id\":\"https:\/\/vosgesinfo.fr\/saintdieinfo\/#\/schema\/person\/faee6704a21f3977511db84bd1cd450f\"},\"headline\":\"S.V.D. Pro&#038;Cie f\u00eate le Rugby\",\"datePublished\":\"2023-09-26T03:59:53+00:00\",\"dateModified\":\"2024-02-27T16:03:13+00:00\",\"mainEntityOfPage\":{\"@id\":\"https:\/\/vosgesinfo.fr\/saintdieinfo\/2023\/09\/s-v-d-procie-fete-rugby\/\"},\"wordCount\":314,\"commentCount\":0,\"publisher\":{\"@id\":\"https:\/\/vosgesinfo.fr\/saintdieinfo\/#organization\"},\"image\":{\"@id\":\"https:\/\/vosgesinfo.fr\/saintdieinfo\/2023\/09\/s-v-d-procie-fete-rugby\/#primaryimage\"},\"thumbnailUrl\":\"https:\/\/vosgesinfo.fr\/app\/uploads\/sites\/4\/2023\/09\/1695670273324.jpg\",\"keywords\":[\"Coupe du Monde de Rugby 2023\",\"SVD PRO&amp;Cie\"],\"articleSection\":[\"A la Une\",\"Saint-Di\u00e9-des-Vosges et son Agglom\u00e9ration\"],\"inLanguage\":\"fr-FR\",\"potentialAction\":[{\"@type\":\"CommentAction\",\"name\":\"Comment\",\"target\":[\"https:\/\/vosgesinfo.fr\/saintdieinfo\/2023\/09\/s-v-d-procie-fete-rugby\/#respond\"]}]},{\"@type\":\"WebPage\",\"@id\":\"https:\/\/vosgesinfo.fr\/saintdieinfo\/2023\/09\/s-v-d-procie-fete-rugby\/\",\"url\":\"https:\/\/vosgesinfo.fr\/saintdieinfo\/2023\/09\/s-v-d-procie-fete-rugby\/\",\"name\":\"S.V.D. Pro&Cie f\u00eate le Rugby - Saint Die Info\",\"isPartOf\":{\"@id\":\"https:\/\/vosgesinfo.fr\/saintdieinfo\/#website\"},\"primaryImageOfPage\":{\"@id\":\"https:\/\/vosgesinfo.fr\/saintdieinfo\/2023\/09\/s-v-d-procie-fete-rugby\/#primaryimage\"},\"image\":{\"@id\":\"https:\/\/vosgesinfo.fr\/saintdieinfo\/2023\/09\/s-v-d-procie-fete-rugby\/#primaryimage\"},\"thumbnailUrl\":\"https:\/\/vosgesinfo.fr\/app\/uploads\/sites\/4\/2023\/09\/1695670273324.jpg\",\"datePublished\":\"2023-09-26T03:59:53+00:00\",\"dateModified\":\"2024-02-27T16:03:13+00:00\",\"breadcrumb\":{\"@id\":\"https:\/\/vosgesinfo.fr\/saintdieinfo\/2023\/09\/s-v-d-procie-fete-rugby\/#breadcrumb\"},\"inLanguage\":\"fr-FR\",\"potentialAction\":[{\"@type\":\"ReadAction\",\"target\":[\"https:\/\/vosgesinfo.fr\/saintdieinfo\/2023\/09\/s-v-d-procie-fete-rugby\/\"]}]},{\"@type\":\"ImageObject\",\"inLanguage\":\"fr-FR\",\"@id\":\"https:\/\/vosgesinfo.fr\/saintdieinfo\/2023\/09\/s-v-d-procie-fete-rugby\/#primaryimage\",\"url\":\"https:\/\/vosgesinfo.fr\/app\/uploads\/sites\/4\/2023\/09\/1695670273324.jpg\",\"contentUrl\":\"https:\/\/vosgesinfo.fr\/app\/uploads\/sites\/4\/2023\/09\/1695670273324.jpg\",\"width\":1200,\"height\":1600},{\"@type\":\"BreadcrumbList\",\"@id\":\"https:\/\/vosgesinfo.fr\/saintdieinfo\/2023\/09\/s-v-d-procie-fete-rugby\/#breadcrumb\",\"itemListElement\":[{\"@type\":\"ListItem\",\"position\":1,\"name\":\"Home\",\"item\":\"https:\/\/vosgesinfo.fr\/saintdieinfo\/\"},{\"@type\":\"ListItem\",\"position\":2,\"name\":\"S.V.D. Pro&#038;Cie f\u00eate le Rugby\"}]},{\"@type\":\"WebSite\",\"@id\":\"https:\/\/vosgesinfo.fr\/saintdieinfo\/#website\",\"url\":\"https:\/\/vosgesinfo.fr\/saintdieinfo\/\",\"name\":\"Saint Die Info\",\"description\":\"Toute l&#039;actualit\u00e9 de Saint-Di\u00e9-Des-Vosges\",\"publisher\":{\"@id\":\"https:\/\/vosgesinfo.fr\/saintdieinfo\/#organization\"},\"alternateName\":\"Toute l'actualit\u00e9 de Saint-Di\u00e9-Des-Vosges\",\"potentialAction\":[{\"@type\":\"SearchAction\",\"target\":{\"@type\":\"EntryPoint\",\"urlTemplate\":\"https:\/\/vosgesinfo.fr\/saintdieinfo\/?s={search_term_string}\"},\"query-input\":\"required name=search_term_string\"}],\"inLanguage\":\"fr-FR\"},{\"@type\":\"Organization\",\"@id\":\"https:\/\/vosgesinfo.fr\/saintdieinfo\/#organization\",\"name\":\"Saint Die Info\",\"url\":\"https:\/\/vosgesinfo.fr\/saintdieinfo\/\",\"logo\":{\"@type\":\"ImageObject\",\"inLanguage\":\"fr-FR\",\"@id\":\"https:\/\/vosgesinfo.fr\/saintdieinfo\/#\/schema\/logo\/image\/\",\"url\":\"https:\/\/vosgesinfo.fr\/app\/uploads\/sites\/4\/2024\/02\/logo-sdi.jpg\",\"contentUrl\":\"https:\/\/vosgesinfo.fr\/app\/uploads\/sites\/4\/2024\/02\/logo-sdi.jpg\",\"width\":600,\"height\":600,\"caption\":\"Saint Die Info\"},\"image\":{\"@id\":\"https:\/\/vosgesinfo.fr\/saintdieinfo\/#\/schema\/logo\/image\/\"},\"sameAs\":[\"https:\/\/www.facebook.com\/Saintdieinfofr\",\"https:\/\/x.com\/VosgesInfo88\",\"https:\/\/www.youtube.com\/@vosgesinfo\"]},{\"@type\":\"Person\",\"@id\":\"https:\/\/vosgesinfo.fr\/saintdieinfo\/#\/schema\/person\/faee6704a21f3977511db84bd1cd450f\",\"name\":\"la r\u00e9daction\",\"image\":{\"@type\":\"ImageObject\",\"inLanguage\":\"fr-FR\",\"@id\":\"https:\/\/vosgesinfo.fr\/saintdieinfo\/#\/schema\/person\/image\/\",\"url\":\"https:\/\/secure.gravatar.com\/avatar\/6673d8bc6a9c17fa9a453eaa3448de834fa308c2ec9635b7aa99441a7c8d2cf6?s=96&d=mm&r=g\",\"contentUrl\":\"https:\/\/secure.gravatar.com\/avatar\/6673d8bc6a9c17fa9a453eaa3448de834fa308c2ec9635b7aa99441a7c8d2cf6?s=96&d=mm&r=g\",\"caption\":\"la r\u00e9daction\"},\"url\":\"https:\/\/vosgesinfo.fr\/saintdieinfo\/author\/redac\/\"}]}<\/script>\n<!-- \/ Yoast SEO plugin. -->","yoast_head_json":{"title":"S.V.D. Pro&Cie f\u00eate le Rugby - Saint Die Info","robots":{"index":"index","follow":"follow","max-snippet":"max-snippet:-1","max-image-preview":"max-image-preview:large","max-video-preview":"max-video-preview:-1"},"canonical":"https:\/\/vosgesinfo.fr\/saintdieinfo\/2023\/09\/s-v-d-procie-fete-rugby\/","twitter_card":"summary_large_image","twitter_title":"S.V.D. Pro&Cie f\u00eate le Rugby - Saint Die Info","twitter_description":"A compter du 25 Septembre 2023, vous allez profiter de remises sur de nombreux appareils de grandes marques, \u00e0 l\u2019occasion [&hellip;]","twitter_image":"https:\/\/vosgesinfo.fr\/app\/uploads\/sites\/4\/2023\/09\/1695670273324.jpg","twitter_creator":"@VosgesInfo88","twitter_site":"@VosgesInfo88","twitter_misc":{"\u00c9crit par":"la r\u00e9daction","Dur\u00e9e de lecture estim\u00e9e":"2 minutes"},"schema":{"@context":"https:\/\/schema.org","@graph":[{"@type":"Article","@id":"https:\/\/vosgesinfo.fr\/saintdieinfo\/2023\/09\/s-v-d-procie-fete-rugby\/#article","isPartOf":{"@id":"https:\/\/vosgesinfo.fr\/saintdieinfo\/2023\/09\/s-v-d-procie-fete-rugby\/"},"author":{"name":"la r\u00e9daction","@id":"https:\/\/vosgesinfo.fr\/saintdieinfo\/#\/schema\/person\/faee6704a21f3977511db84bd1cd450f"},"headline":"S.V.D. Pro&#038;Cie f\u00eate le Rugby","datePublished":"2023-09-26T03:59:53+00:00","dateModified":"2024-02-27T16:03:13+00:00","mainEntityOfPage":{"@id":"https:\/\/vosgesinfo.fr\/saintdieinfo\/2023\/09\/s-v-d-procie-fete-rugby\/"},"wordCount":314,"commentCount":0,"publisher":{"@id":"https:\/\/vosgesinfo.fr\/saintdieinfo\/#organization"},"image":{"@id":"https:\/\/vosgesinfo.fr\/saintdieinfo\/2023\/09\/s-v-d-procie-fete-rugby\/#primaryimage"},"thumbnailUrl":"https:\/\/vosgesinfo.fr\/app\/uploads\/sites\/4\/2023\/09\/1695670273324.jpg","keywords":["Coupe du Monde de Rugby 2023","SVD PRO&amp;Cie"],"articleSection":["A la Une","Saint-Di\u00e9-des-Vosges et son Agglom\u00e9ration"],"inLanguage":"fr-FR","potentialAction":[{"@type":"CommentAction","name":"Comment","target":["https:\/\/vosgesinfo.fr\/saintdieinfo\/2023\/09\/s-v-d-procie-fete-rugby\/#respond"]}]},{"@type":"WebPage","@id":"https:\/\/vosgesinfo.fr\/saintdieinfo\/2023\/09\/s-v-d-procie-fete-rugby\/","url":"https:\/\/vosgesinfo.fr\/saintdieinfo\/2023\/09\/s-v-d-procie-fete-rugby\/","name":"S.V.D. Pro&Cie f\u00eate le Rugby - Saint Die Info","isPartOf":{"@id":"https:\/\/vosgesinfo.fr\/saintdieinfo\/#website"},"primaryImageOfPage":{"@id":"https:\/\/vosgesinfo.fr\/saintdieinfo\/2023\/09\/s-v-d-procie-fete-rugby\/#primaryimage"},"image":{"@id":"https:\/\/vosgesinfo.fr\/saintdieinfo\/2023\/09\/s-v-d-procie-fete-rugby\/#primaryimage"},"thumbnailUrl":"https:\/\/vosgesinfo.fr\/app\/uploads\/sites\/4\/2023\/09\/1695670273324.jpg","datePublished":"2023-09-26T03:59:53+00:00","dateModified":"2024-02-27T16:03:13+00:00","breadcrumb":{"@id":"https:\/\/vosgesinfo.fr\/saintdieinfo\/2023\/09\/s-v-d-procie-fete-rugby\/#breadcrumb"},"inLanguage":"fr-FR","potentialAction":[{"@type":"ReadAction","target":["https:\/\/vosgesinfo.fr\/saintdieinfo\/2023\/09\/s-v-d-procie-fete-rugby\/"]}]},{"@type":"ImageObject","inLanguage":"fr-FR","@id":"https:\/\/vosgesinfo.fr\/saintdieinfo\/2023\/09\/s-v-d-procie-fete-rugby\/#primaryimage","url":"https:\/\/vosgesinfo.fr\/app\/uploads\/sites\/4\/2023\/09\/1695670273324.jpg","contentUrl":"https:\/\/vosgesinfo.fr\/app\/uploads\/sites\/4\/2023\/09\/1695670273324.jpg","width":1200,"height":1600},{"@type":"BreadcrumbList","@id":"https:\/\/vosgesinfo.fr\/saintdieinfo\/2023\/09\/s-v-d-procie-fete-rugby\/#breadcrumb","itemListElement":[{"@type":"ListItem","position":1,"name":"Home","item":"https:\/\/vosgesinfo.fr\/saintdieinfo\/"},{"@type":"ListItem","position":2,"name":"S.V.D. Pro&#038;Cie f\u00eate le Rugby"}]},{"@type":"WebSite","@id":"https:\/\/vosgesinfo.fr\/saintdieinfo\/#website","url":"https:\/\/vosgesinfo.fr\/saintdieinfo\/","name":"Saint Die Info","description":"Toute l&#039;actualit\u00e9 de Saint-Di\u00e9-Des-Vosges","publisher":{"@id":"https:\/\/vosgesinfo.fr\/saintdieinfo\/#organization"},"alternateName":"Toute l'actualit\u00e9 de Saint-Di\u00e9-Des-Vosges","potentialAction":[{"@type":"SearchAction","target":{"@type":"EntryPoint","urlTemplate":"https:\/\/vosgesinfo.fr\/saintdieinfo\/?s={search_term_string}"},"query-input":"required name=search_term_string"}],"inLanguage":"fr-FR"},{"@type":"Organization","@id":"https:\/\/vosgesinfo.fr\/saintdieinfo\/#organization","name":"Saint Die Info","url":"https:\/\/vosgesinfo.fr\/saintdieinfo\/","logo":{"@type":"ImageObject","inLanguage":"fr-FR","@id":"https:\/\/vosgesinfo.fr\/saintdieinfo\/#\/schema\/logo\/image\/","url":"https:\/\/vosgesinfo.fr\/app\/uploads\/sites\/4\/2024\/02\/logo-sdi.jpg","contentUrl":"https:\/\/vosgesinfo.fr\/app\/uploads\/sites\/4\/2024\/02\/logo-sdi.jpg","width":600,"height":600,"caption":"Saint Die Info"},"image":{"@id":"https:\/\/vosgesinfo.fr\/saintdieinfo\/#\/schema\/logo\/image\/"},"sameAs":["https:\/\/www.facebook.com\/Saintdieinfofr","https:\/\/x.com\/VosgesInfo88","https:\/\/www.youtube.com\/@vosgesinfo"]},{"@type":"Person","@id":"https:\/\/vosgesinfo.fr\/saintdieinfo\/#\/schema\/person\/faee6704a21f3977511db84bd1cd450f","name":"la r\u00e9daction","image":{"@type":"ImageObject","inLanguage":"fr-FR","@id":"https:\/\/vosgesinfo.fr\/saintdieinfo\/#\/schema\/person\/image\/","url":"https:\/\/secure.gravatar.com\/avatar\/6673d8bc6a9c17fa9a453eaa3448de834fa308c2ec9635b7aa99441a7c8d2cf6?s=96&d=mm&r=g","contentUrl":"https:\/\/secure.gravatar.com\/avatar\/6673d8bc6a9c17fa9a453eaa3448de834fa308c2ec9635b7aa99441a7c8d2cf6?s=96&d=mm&r=g","caption":"la r\u00e9daction"},"url":"https:\/\/vosgesinfo.fr\/saintdieinfo\/author\/redac\/"}]}},"_links":{"self":[{"href":"https:\/\/vosgesinfo.fr\/saintdieinfo\/wp-json\/wp\/v2\/posts\/23103","targetHints":{"allow":["GET"]}}],"collection":[{"href":"https:\/\/vosgesinfo.fr\/saintdieinfo\/wp-json\/wp\/v2\/posts"}],"about":[{"href":"https:\/\/vosgesinfo.fr\/saintdieinfo\/wp-json\/wp\/v2\/types\/post"}],"author":[{"embeddable":true,"href":"https:\/\/vosgesinfo.fr\/saintdieinfo\/wp-json\/wp\/v2\/users\/44"}],"replies":[{"embeddable":true,"href":"https:\/\/vosgesinfo.fr\/saintdieinfo\/wp-json\/wp\/v2\/comments?post=23103"}],"version-history":[{"count":1,"href":"https:\/\/vosgesinfo.fr\/saintdieinfo\/wp-json\/wp\/v2\/posts\/23103\/revisions"}],"predecessor-version":[{"id":29874,"href":"https:\/\/vosgesinfo.fr\/saintdieinfo\/wp-json\/wp\/v2\/posts\/23103\/revisions\/29874"}],"wp:featuredmedia":[{"embeddable":true,"href":"https:\/\/vosgesinfo.fr\/saintdieinfo\/wp-json\/wp\/v2\/media\/23101"}],"wp:attachment":[{"href":"https:\/\/vosgesinfo.fr\/saintdieinfo\/wp-json\/wp\/v2\/media?parent=23103"}],"wp:term":[{"taxonomy":"category","embeddable":true,"href":"https:\/\/vosgesinfo.fr\/saintdieinfo\/wp-json\/wp\/v2\/categories?post=23103"},{"taxonomy":"post_tag","embeddable":true,"href":"https:\/\/vosgesinfo.fr\/saintdieinfo\/wp-json\/wp\/v2\/tags?post=23103"}],"curies":[{"name":"wp","href":"https:\/\/api.w.org\/{rel}","templated":true}]}}