{"id":23434,"date":"2024-01-10T18:41:53","date_gmt":"2024-01-10T17:41:53","guid":{"rendered":"https:\/\/vosgesinfo.fr\/saintdieinfo\/2024\/01\/voeux-de-laure-vukasse-directrice-des-hopitaux-du-massif-des-vosges-je-reste-profondement-optimiste-pour-cette-nouvelle-annee\/"},"modified":"2024-02-27T17:10:16","modified_gmt":"2024-02-27T16:10:16","slug":"voeux-de-laure-vukasse-directrice-hopitaux-massif-vosges-reste-profondement-optimiste-cette-nouvelle-annee","status":"publish","type":"post","link":"https:\/\/vosgesinfo.fr\/saintdieinfo\/2024\/01\/voeux-de-laure-vukasse-directrice-hopitaux-massif-vosges-reste-profondement-optimiste-cette-nouvelle-annee\/","title":{"rendered":"Voeux de Laure Vukasse, directrice des H\u00f4pitaux du Massif des Vosges\u00a0: \u00ab\u00a0Je reste profond\u00e9ment optimiste pour cette nouvelle ann\u00e9e \u00bb"},"content":{"rendered":"<p><a href=\"https:\/\/saintdieinfo.fr\/wp-content\/uploads\/2024\/01\/Voeux_Laure_Vukasse_HMV-1.jpg\" target=\"_blank\" rel=\"noopener\"><img decoding=\"async\" class=\"aligncenter wp-image-210897 size-large\" src=\"https:\/\/vosgesinfo.fr\/app\/uploads\/sites\/4\/2024\/01\/voeux-laure-vukasse-hmv-1.jpg\" alt=\"Voeux_Laure_Vukasse_HMV (1)\" width=\"960\" height=\"720\" \/><\/a><\/p>\n<h2><strong><span style=\"font-size: 14pt;\">Comme chaque ann\u00e9e \u00e0 cette p\u00e9riode, les c\u00e9r\u00e9monies de v\u0153ux s&rsquo;encha\u00eenent en ce mois de janvier 2024. Ce mercredi soir, c&rsquo;\u00e9tait au tour de Laure Vukasse, directrice des H\u00f4pitaux du Massif des Vosges \u2013 HMV \u2013 de se livrer \u00e0 cet exercice annuel. <span style=\"color: #3366ff;\"><a style=\"color: #3366ff;\" href=\"https:\/\/saintdieinfo.fr\/2023\/10\/laure-vukasse-nouvelle-directrice-hopitaux-massif-vosges\/\" target=\"_blank\" rel=\"noopener\">Arriv\u00e9e \u00e0 ce poste le 1er octobre 2023<\/a><\/span>, Laure Vukasse pr\u00e9sentait donc ses premiers v\u0153ux en tant que directrice des HMV.<\/span><\/strong><\/h2>\n<p><!--more--><\/p>\n<p>Apr\u00e8s les traditionnels remerciements, et une pens\u00e9e pour son pr\u00e9d\u00e9cesseur Pierre Tsuji, Laure Vukasse a prononc\u00e9 des v\u0153ux d&rsquo;optimisme. \u00ab\u00a0Aujourd&rsquo;hui comme hier, le monde de la Sant\u00e9 traverse des turbulences significatives, avec des difficult\u00e9s de recrutement, financi\u00e8res et organisationnelles. L&rsquo;adaptabilit\u00e9 de l&rsquo;h\u00f4pital public n&rsquo;\u00e9tant plus \u00e0 d\u00e9montrer, c&rsquo;est pourquoi nous rel\u00e8verons les d\u00e9fis qui se pr\u00e9senteront \u00e0 nous. Je reste donc profond\u00e9ment optimisme pour cette nouvelle ann\u00e9e qui commence.\u00a0\u00bb<\/p>\n<p>La directrice est ensuite revenue sur les principaux projets qui ont \u00e9maill\u00e9 2023. Visite de certification, \u00e9laboration du projet d&rsquo;\u00e9tablissement 2023-2028\u00a0; modernisation de l&rsquo;imagerie m\u00e9dicale, acquisition d&rsquo;un automate de laboratoire pour le d\u00e9pistage rapide des infections\u00a0; cr\u00e9ation d&rsquo;un accueil de jour de 6 places sur le site de Foucharupt\u00a0; mise en \u0153uvre d&rsquo;une r\u00e9habilitation am\u00e9lior\u00e9e apr\u00e8s la chirurgie\u00a0; mise en place d&rsquo;une permanence des soins hebdomadaire en urologie\u00a0; organisation d&rsquo;une journ\u00e9e portes-ouvertes \u00e0 l&rsquo;IFAS\u00a0; d\u00e9but des travaux de r\u00e9novation de l&rsquo;ancien b\u00e2timent Saint-Charles pour accueillir le p\u00f4le param\u00e9dical d\u00e9odatien regroupant l&rsquo;IFAS et l&rsquo;IFSI\u00a0; r\u00e9alisation de nombreux travaux de proximit\u00e9, pour plus de 4000 heures de travail\u00a0; amor\u00e7age d&rsquo;un virage en terme de transition \u00e9cologique, dans les cuisines mais aussi avec l&rsquo;installation de 3000 panneaux solaires sur 3 des parkings du Centre Hospitalier d\u00e9odatien\u00a0; d\u00e9molition de la chaufferie\u00a0; mise en place d&rsquo;ateliers de bien-\u00eatre destin\u00e9s aux professionnels\u00a0; lancement d&rsquo;une r\u00e9flexion sur les conditions d&rsquo;accueil des r\u00e9sidents au sein des diff\u00e9rents EHPAD des HMV&#8230; \u00ab\u00a0Toutes ces r\u00e9alisations sont le fruit d&rsquo;un travail d&rsquo;\u00e9quipe\u00a0\u00bb a soulign\u00e9 Laure Vukasse.<\/p>\n<p>La directrice a ensuite \u00e9voqu\u00e9 quelques-unes des chantiers qui caract\u00e9riseront l&rsquo;ann\u00e9e 2024 des HMV. De mani\u00e8re non exhaustive, ces chantiers porteront sur le d\u00e9ploiement du projet m\u00e9dico-soignant en lien avec le Groupement Hospitalier de Territoire 8 Vosges \u2013 GHT8, dont sont membres les HMV \u2013 le relancement, toujours avec le GHT8, d&rsquo;une plateforme d&rsquo;imagerie m\u00e9dicale mutualis\u00e9e \u00e0 l&rsquo;h\u00f4pital de G\u00e9rardmer\u00a0; le financement du scanner qui \u00e9quipera la plateforme g\u00e9r\u00f4moise\u00a0; la participation active au Projet M\u00e9dical Partag\u00e9 \u2013 PMP \u2013 la modernisation des \u00e9quipements\u00a0; la poursuite des travaux du p\u00f4le IFAS\/IFSI qui devrait ouvrir pour la rentr\u00e9e 2024\u00a0; le rafra\u00eechissement des appartements du grand HLM dans le cadre de la cr\u00e9ation d&rsquo;un campus sant\u00e9\u00a0; la r\u00e9alisation du plan de suret\u00e9 avec la Police Nationale et la Gendarmerie\u00a0; la poursuite du travail sur le gaspillage alimentaire et poursuite de la d\u00e9marche en faveur de la transition \u00e9cologique\u00a0; le renouvellement des infrastructures techniques informatique\u00a0; la mise en \u0153uvre d&rsquo;un projet de cybers\u00e9curit\u00e9 et d&rsquo;un outil informatis\u00e9 de gestion des plannings acquisition d&rsquo;un r\u00e9tinographe ultra grand champ\u00a0; le renforcement du dialogue social en travaillant avec les repr\u00e9sentants du personnel.<\/p>\n<p>2024 s&rsquo;annonce comme une ann\u00e9e encore bien charg\u00e9e pour les HMV, apr\u00e8s une ann\u00e9e 2023 qui ne fut pas de tout repos et apr\u00e8s la crise sanitaire du Covid-19. Mais c&rsquo;est avec optimisme que la nouvelle ann\u00e9e sera abord\u00e9e au Centre Hospitalier de Saint-Di\u00e9-des-Vosges, aux EHPAD de Foucharupt et des Charmes, au Centre Hospitalier Intercommunal des 5 Vall\u00e9es de Moyenmoutier, \u00e0 l&rsquo;h\u00f4pital de Fraize ainsi qu&rsquo;\u00e0 l&rsquo;h\u00f4pital de G\u00e9rardmer.<\/p>\n<p>J.J.<\/p>\n\n","protected":false},"excerpt":{"rendered":"<p>Comme chaque ann\u00e9e \u00e0 cette p\u00e9riode, les c\u00e9r\u00e9monies de v\u0153ux s&rsquo;encha\u00eenent en ce mois de janvier 2024. Ce mercredi soir, [&hellip;]<\/p>\n","protected":false},"author":44,"featured_media":23433,"comment_status":"open","ping_status":"open","sticky":false,"template":"","format":"standard","meta":{"footnotes":""},"categories":[460,2915,4152,13],"tags":[3056,3666,3146,3667,2832,3668],"class_list":["post-23434","post","type-post","status-publish","format-standard","has-post-thumbnail","hentry","category-a-la-une","category-saint-die-son-canton","category-sante","category-societe","tag-centre-hospitalier-de-saint-die-des-vosges","tag-hmv","tag-hopitaux-du-massif-des-vosges","tag-laure-vukasse","tag-voeux-2024","tag-voeux-de-laure-vukasse"],"acf":[],"yoast_head":"<!-- This site is optimized with the Yoast SEO plugin v22.5 - https:\/\/yoast.com\/wordpress\/plugins\/seo\/ -->\n<title>Voeux de Laure Vukasse, directrice des H\u00f4pitaux du Massif des Vosges\u00a0: \u00ab\u00a0Je reste profond\u00e9ment optimiste pour cette nouvelle ann\u00e9e \u00bb - Saint Die Info<\/title>\n<meta name=\"robots\" content=\"index, follow, max-snippet:-1, max-image-preview:large, max-video-preview:-1\" \/>\n<link rel=\"canonical\" href=\"https:\/\/vosgesinfo.fr\/saintdieinfo\/2024\/01\/voeux-de-laure-vukasse-directrice-hopitaux-massif-vosges-reste-profondement-optimiste-cette-nouvelle-annee\/\" \/>\n<meta name=\"twitter:card\" content=\"summary_large_image\" \/>\n<meta name=\"twitter:title\" content=\"Voeux de Laure Vukasse, directrice des H\u00f4pitaux du Massif des Vosges\u00a0: \u00ab\u00a0Je reste profond\u00e9ment optimiste pour cette nouvelle ann\u00e9e \u00bb - Saint Die Info\" \/>\n<meta name=\"twitter:description\" content=\"Comme chaque ann\u00e9e \u00e0 cette p\u00e9riode, les c\u00e9r\u00e9monies de v\u0153ux s&rsquo;encha\u00eenent en ce mois de janvier 2024. Ce mercredi soir, [&hellip;]\" \/>\n<meta name=\"twitter:image\" content=\"https:\/\/vosgesinfo.fr\/app\/uploads\/sites\/4\/2024\/01\/voeux-laure-vukasse-hmv-1.jpg\" \/>\n<meta name=\"twitter:creator\" content=\"@VosgesInfo88\" \/>\n<meta name=\"twitter:site\" content=\"@VosgesInfo88\" \/>\n<meta name=\"twitter:label1\" content=\"\u00c9crit par\" \/>\n\t<meta name=\"twitter:data1\" content=\"la r\u00e9daction\" \/>\n\t<meta name=\"twitter:label2\" content=\"Dur\u00e9e de lecture estim\u00e9e\" \/>\n\t<meta name=\"twitter:data2\" content=\"3 minutes\" \/>\n<script type=\"application\/ld+json\" class=\"yoast-schema-graph\">{\"@context\":\"https:\/\/schema.org\",\"@graph\":[{\"@type\":\"Article\",\"@id\":\"https:\/\/vosgesinfo.fr\/saintdieinfo\/2024\/01\/voeux-de-laure-vukasse-directrice-hopitaux-massif-vosges-reste-profondement-optimiste-cette-nouvelle-annee\/#article\",\"isPartOf\":{\"@id\":\"https:\/\/vosgesinfo.fr\/saintdieinfo\/2024\/01\/voeux-de-laure-vukasse-directrice-hopitaux-massif-vosges-reste-profondement-optimiste-cette-nouvelle-annee\/\"},\"author\":{\"name\":\"la r\u00e9daction\",\"@id\":\"https:\/\/vosgesinfo.fr\/saintdieinfo\/#\/schema\/person\/faee6704a21f3977511db84bd1cd450f\"},\"headline\":\"Voeux de Laure Vukasse, directrice des H\u00f4pitaux du Massif des Vosges\u00a0: \u00ab\u00a0Je reste profond\u00e9ment optimiste pour cette nouvelle ann\u00e9e \u00bb\",\"datePublished\":\"2024-01-10T17:41:53+00:00\",\"dateModified\":\"2024-02-27T16:10:16+00:00\",\"mainEntityOfPage\":{\"@id\":\"https:\/\/vosgesinfo.fr\/saintdieinfo\/2024\/01\/voeux-de-laure-vukasse-directrice-hopitaux-massif-vosges-reste-profondement-optimiste-cette-nouvelle-annee\/\"},\"wordCount\":685,\"commentCount\":0,\"publisher\":{\"@id\":\"https:\/\/vosgesinfo.fr\/saintdieinfo\/#organization\"},\"image\":{\"@id\":\"https:\/\/vosgesinfo.fr\/saintdieinfo\/2024\/01\/voeux-de-laure-vukasse-directrice-hopitaux-massif-vosges-reste-profondement-optimiste-cette-nouvelle-annee\/#primaryimage\"},\"thumbnailUrl\":\"https:\/\/vosgesinfo.fr\/app\/uploads\/sites\/4\/2024\/01\/voeux-laure-vukasse-hmv-1.jpg\",\"keywords\":[\"Centre Hospitalier de Saint-Di\u00e9-des-Vosges\",\"HMV\",\"H\u00f4pitaux du Massif des Vosges\",\"Laure Vukasse\",\"Voeux 2024\",\"Voeux de Laure Vukasse\"],\"articleSection\":[\"A la Une\",\"Saint-Di\u00e9-des-Vosges et son Agglom\u00e9ration\",\"Sant\u00e9\",\"Soci\u00e9t\u00e9\"],\"inLanguage\":\"fr-FR\",\"potentialAction\":[{\"@type\":\"CommentAction\",\"name\":\"Comment\",\"target\":[\"https:\/\/vosgesinfo.fr\/saintdieinfo\/2024\/01\/voeux-de-laure-vukasse-directrice-hopitaux-massif-vosges-reste-profondement-optimiste-cette-nouvelle-annee\/#respond\"]}]},{\"@type\":\"WebPage\",\"@id\":\"https:\/\/vosgesinfo.fr\/saintdieinfo\/2024\/01\/voeux-de-laure-vukasse-directrice-hopitaux-massif-vosges-reste-profondement-optimiste-cette-nouvelle-annee\/\",\"url\":\"https:\/\/vosgesinfo.fr\/saintdieinfo\/2024\/01\/voeux-de-laure-vukasse-directrice-hopitaux-massif-vosges-reste-profondement-optimiste-cette-nouvelle-annee\/\",\"name\":\"Voeux de Laure Vukasse, directrice des H\u00f4pitaux du Massif des Vosges\u00a0: \u00ab\u00a0Je reste profond\u00e9ment optimiste pour cette nouvelle ann\u00e9e \u00bb - Saint Die Info\",\"isPartOf\":{\"@id\":\"https:\/\/vosgesinfo.fr\/saintdieinfo\/#website\"},\"primaryImageOfPage\":{\"@id\":\"https:\/\/vosgesinfo.fr\/saintdieinfo\/2024\/01\/voeux-de-laure-vukasse-directrice-hopitaux-massif-vosges-reste-profondement-optimiste-cette-nouvelle-annee\/#primaryimage\"},\"image\":{\"@id\":\"https:\/\/vosgesinfo.fr\/saintdieinfo\/2024\/01\/voeux-de-laure-vukasse-directrice-hopitaux-massif-vosges-reste-profondement-optimiste-cette-nouvelle-annee\/#primaryimage\"},\"thumbnailUrl\":\"https:\/\/vosgesinfo.fr\/app\/uploads\/sites\/4\/2024\/01\/voeux-laure-vukasse-hmv-1.jpg\",\"datePublished\":\"2024-01-10T17:41:53+00:00\",\"dateModified\":\"2024-02-27T16:10:16+00:00\",\"breadcrumb\":{\"@id\":\"https:\/\/vosgesinfo.fr\/saintdieinfo\/2024\/01\/voeux-de-laure-vukasse-directrice-hopitaux-massif-vosges-reste-profondement-optimiste-cette-nouvelle-annee\/#breadcrumb\"},\"inLanguage\":\"fr-FR\",\"potentialAction\":[{\"@type\":\"ReadAction\",\"target\":[\"https:\/\/vosgesinfo.fr\/saintdieinfo\/2024\/01\/voeux-de-laure-vukasse-directrice-hopitaux-massif-vosges-reste-profondement-optimiste-cette-nouvelle-annee\/\"]}]},{\"@type\":\"ImageObject\",\"inLanguage\":\"fr-FR\",\"@id\":\"https:\/\/vosgesinfo.fr\/saintdieinfo\/2024\/01\/voeux-de-laure-vukasse-directrice-hopitaux-massif-vosges-reste-profondement-optimiste-cette-nouvelle-annee\/#primaryimage\",\"url\":\"https:\/\/vosgesinfo.fr\/app\/uploads\/sites\/4\/2024\/01\/voeux-laure-vukasse-hmv-1.jpg\",\"contentUrl\":\"https:\/\/vosgesinfo.fr\/app\/uploads\/sites\/4\/2024\/01\/voeux-laure-vukasse-hmv-1.jpg\",\"width\":1600,\"height\":1200},{\"@type\":\"BreadcrumbList\",\"@id\":\"https:\/\/vosgesinfo.fr\/saintdieinfo\/2024\/01\/voeux-de-laure-vukasse-directrice-hopitaux-massif-vosges-reste-profondement-optimiste-cette-nouvelle-annee\/#breadcrumb\",\"itemListElement\":[{\"@type\":\"ListItem\",\"position\":1,\"name\":\"Home\",\"item\":\"https:\/\/vosgesinfo.fr\/saintdieinfo\/\"},{\"@type\":\"ListItem\",\"position\":2,\"name\":\"Voeux de Laure Vukasse, directrice des H\u00f4pitaux du Massif des Vosges\u00a0: \u00ab\u00a0Je reste profond\u00e9ment optimiste pour cette nouvelle ann\u00e9e \u00bb\"}]},{\"@type\":\"WebSite\",\"@id\":\"https:\/\/vosgesinfo.fr\/saintdieinfo\/#website\",\"url\":\"https:\/\/vosgesinfo.fr\/saintdieinfo\/\",\"name\":\"Saint Die Info\",\"description\":\"Toute l&#039;actualit\u00e9 de Saint-Di\u00e9-Des-Vosges\",\"publisher\":{\"@id\":\"https:\/\/vosgesinfo.fr\/saintdieinfo\/#organization\"},\"alternateName\":\"Toute l'actualit\u00e9 de Saint-Di\u00e9-Des-Vosges\",\"potentialAction\":[{\"@type\":\"SearchAction\",\"target\":{\"@type\":\"EntryPoint\",\"urlTemplate\":\"https:\/\/vosgesinfo.fr\/saintdieinfo\/?s={search_term_string}\"},\"query-input\":\"required name=search_term_string\"}],\"inLanguage\":\"fr-FR\"},{\"@type\":\"Organization\",\"@id\":\"https:\/\/vosgesinfo.fr\/saintdieinfo\/#organization\",\"name\":\"Saint Die Info\",\"url\":\"https:\/\/vosgesinfo.fr\/saintdieinfo\/\",\"logo\":{\"@type\":\"ImageObject\",\"inLanguage\":\"fr-FR\",\"@id\":\"https:\/\/vosgesinfo.fr\/saintdieinfo\/#\/schema\/logo\/image\/\",\"url\":\"https:\/\/vosgesinfo.fr\/app\/uploads\/sites\/4\/2024\/02\/logo-sdi.jpg\",\"contentUrl\":\"https:\/\/vosgesinfo.fr\/app\/uploads\/sites\/4\/2024\/02\/logo-sdi.jpg\",\"width\":600,\"height\":600,\"caption\":\"Saint Die Info\"},\"image\":{\"@id\":\"https:\/\/vosgesinfo.fr\/saintdieinfo\/#\/schema\/logo\/image\/\"},\"sameAs\":[\"https:\/\/www.facebook.com\/Saintdieinfofr\",\"https:\/\/x.com\/VosgesInfo88\",\"https:\/\/www.youtube.com\/@vosgesinfo\"]},{\"@type\":\"Person\",\"@id\":\"https:\/\/vosgesinfo.fr\/saintdieinfo\/#\/schema\/person\/faee6704a21f3977511db84bd1cd450f\",\"name\":\"la r\u00e9daction\",\"image\":{\"@type\":\"ImageObject\",\"inLanguage\":\"fr-FR\",\"@id\":\"https:\/\/vosgesinfo.fr\/saintdieinfo\/#\/schema\/person\/image\/\",\"url\":\"https:\/\/secure.gravatar.com\/avatar\/6673d8bc6a9c17fa9a453eaa3448de834fa308c2ec9635b7aa99441a7c8d2cf6?s=96&d=mm&r=g\",\"contentUrl\":\"https:\/\/secure.gravatar.com\/avatar\/6673d8bc6a9c17fa9a453eaa3448de834fa308c2ec9635b7aa99441a7c8d2cf6?s=96&d=mm&r=g\",\"caption\":\"la r\u00e9daction\"},\"url\":\"https:\/\/vosgesinfo.fr\/saintdieinfo\/author\/redac\/\"}]}<\/script>\n<!-- \/ Yoast SEO plugin. -->","yoast_head_json":{"title":"Voeux de Laure Vukasse, directrice des H\u00f4pitaux du Massif des Vosges\u00a0: \u00ab\u00a0Je reste profond\u00e9ment optimiste pour cette nouvelle ann\u00e9e \u00bb - Saint Die Info","robots":{"index":"index","follow":"follow","max-snippet":"max-snippet:-1","max-image-preview":"max-image-preview:large","max-video-preview":"max-video-preview:-1"},"canonical":"https:\/\/vosgesinfo.fr\/saintdieinfo\/2024\/01\/voeux-de-laure-vukasse-directrice-hopitaux-massif-vosges-reste-profondement-optimiste-cette-nouvelle-annee\/","twitter_card":"summary_large_image","twitter_title":"Voeux de Laure Vukasse, directrice des H\u00f4pitaux du Massif des Vosges\u00a0: \u00ab\u00a0Je reste profond\u00e9ment optimiste pour cette nouvelle ann\u00e9e \u00bb - Saint Die Info","twitter_description":"Comme chaque ann\u00e9e \u00e0 cette p\u00e9riode, les c\u00e9r\u00e9monies de v\u0153ux s&rsquo;encha\u00eenent en ce mois de janvier 2024. Ce mercredi soir, [&hellip;]","twitter_image":"https:\/\/vosgesinfo.fr\/app\/uploads\/sites\/4\/2024\/01\/voeux-laure-vukasse-hmv-1.jpg","twitter_creator":"@VosgesInfo88","twitter_site":"@VosgesInfo88","twitter_misc":{"\u00c9crit par":"la r\u00e9daction","Dur\u00e9e de lecture estim\u00e9e":"3 minutes"},"schema":{"@context":"https:\/\/schema.org","@graph":[{"@type":"Article","@id":"https:\/\/vosgesinfo.fr\/saintdieinfo\/2024\/01\/voeux-de-laure-vukasse-directrice-hopitaux-massif-vosges-reste-profondement-optimiste-cette-nouvelle-annee\/#article","isPartOf":{"@id":"https:\/\/vosgesinfo.fr\/saintdieinfo\/2024\/01\/voeux-de-laure-vukasse-directrice-hopitaux-massif-vosges-reste-profondement-optimiste-cette-nouvelle-annee\/"},"author":{"name":"la r\u00e9daction","@id":"https:\/\/vosgesinfo.fr\/saintdieinfo\/#\/schema\/person\/faee6704a21f3977511db84bd1cd450f"},"headline":"Voeux de Laure Vukasse, directrice des H\u00f4pitaux du Massif des Vosges\u00a0: \u00ab\u00a0Je reste profond\u00e9ment optimiste pour cette nouvelle ann\u00e9e \u00bb","datePublished":"2024-01-10T17:41:53+00:00","dateModified":"2024-02-27T16:10:16+00:00","mainEntityOfPage":{"@id":"https:\/\/vosgesinfo.fr\/saintdieinfo\/2024\/01\/voeux-de-laure-vukasse-directrice-hopitaux-massif-vosges-reste-profondement-optimiste-cette-nouvelle-annee\/"},"wordCount":685,"commentCount":0,"publisher":{"@id":"https:\/\/vosgesinfo.fr\/saintdieinfo\/#organization"},"image":{"@id":"https:\/\/vosgesinfo.fr\/saintdieinfo\/2024\/01\/voeux-de-laure-vukasse-directrice-hopitaux-massif-vosges-reste-profondement-optimiste-cette-nouvelle-annee\/#primaryimage"},"thumbnailUrl":"https:\/\/vosgesinfo.fr\/app\/uploads\/sites\/4\/2024\/01\/voeux-laure-vukasse-hmv-1.jpg","keywords":["Centre Hospitalier de Saint-Di\u00e9-des-Vosges","HMV","H\u00f4pitaux du Massif des Vosges","Laure Vukasse","Voeux 2024","Voeux de Laure Vukasse"],"articleSection":["A la Une","Saint-Di\u00e9-des-Vosges et son Agglom\u00e9ration","Sant\u00e9","Soci\u00e9t\u00e9"],"inLanguage":"fr-FR","potentialAction":[{"@type":"CommentAction","name":"Comment","target":["https:\/\/vosgesinfo.fr\/saintdieinfo\/2024\/01\/voeux-de-laure-vukasse-directrice-hopitaux-massif-vosges-reste-profondement-optimiste-cette-nouvelle-annee\/#respond"]}]},{"@type":"WebPage","@id":"https:\/\/vosgesinfo.fr\/saintdieinfo\/2024\/01\/voeux-de-laure-vukasse-directrice-hopitaux-massif-vosges-reste-profondement-optimiste-cette-nouvelle-annee\/","url":"https:\/\/vosgesinfo.fr\/saintdieinfo\/2024\/01\/voeux-de-laure-vukasse-directrice-hopitaux-massif-vosges-reste-profondement-optimiste-cette-nouvelle-annee\/","name":"Voeux de Laure Vukasse, directrice des H\u00f4pitaux du Massif des Vosges\u00a0: \u00ab\u00a0Je reste profond\u00e9ment optimiste pour cette nouvelle ann\u00e9e \u00bb - Saint Die Info","isPartOf":{"@id":"https:\/\/vosgesinfo.fr\/saintdieinfo\/#website"},"primaryImageOfPage":{"@id":"https:\/\/vosgesinfo.fr\/saintdieinfo\/2024\/01\/voeux-de-laure-vukasse-directrice-hopitaux-massif-vosges-reste-profondement-optimiste-cette-nouvelle-annee\/#primaryimage"},"image":{"@id":"https:\/\/vosgesinfo.fr\/saintdieinfo\/2024\/01\/voeux-de-laure-vukasse-directrice-hopitaux-massif-vosges-reste-profondement-optimiste-cette-nouvelle-annee\/#primaryimage"},"thumbnailUrl":"https:\/\/vosgesinfo.fr\/app\/uploads\/sites\/4\/2024\/01\/voeux-laure-vukasse-hmv-1.jpg","datePublished":"2024-01-10T17:41:53+00:00","dateModified":"2024-02-27T16:10:16+00:00","breadcrumb":{"@id":"https:\/\/vosgesinfo.fr\/saintdieinfo\/2024\/01\/voeux-de-laure-vukasse-directrice-hopitaux-massif-vosges-reste-profondement-optimiste-cette-nouvelle-annee\/#breadcrumb"},"inLanguage":"fr-FR","potentialAction":[{"@type":"ReadAction","target":["https:\/\/vosgesinfo.fr\/saintdieinfo\/2024\/01\/voeux-de-laure-vukasse-directrice-hopitaux-massif-vosges-reste-profondement-optimiste-cette-nouvelle-annee\/"]}]},{"@type":"ImageObject","inLanguage":"fr-FR","@id":"https:\/\/vosgesinfo.fr\/saintdieinfo\/2024\/01\/voeux-de-laure-vukasse-directrice-hopitaux-massif-vosges-reste-profondement-optimiste-cette-nouvelle-annee\/#primaryimage","url":"https:\/\/vosgesinfo.fr\/app\/uploads\/sites\/4\/2024\/01\/voeux-laure-vukasse-hmv-1.jpg","contentUrl":"https:\/\/vosgesinfo.fr\/app\/uploads\/sites\/4\/2024\/01\/voeux-laure-vukasse-hmv-1.jpg","width":1600,"height":1200},{"@type":"BreadcrumbList","@id":"https:\/\/vosgesinfo.fr\/saintdieinfo\/2024\/01\/voeux-de-laure-vukasse-directrice-hopitaux-massif-vosges-reste-profondement-optimiste-cette-nouvelle-annee\/#breadcrumb","itemListElement":[{"@type":"ListItem","position":1,"name":"Home","item":"https:\/\/vosgesinfo.fr\/saintdieinfo\/"},{"@type":"ListItem","position":2,"name":"Voeux de Laure Vukasse, directrice des H\u00f4pitaux du Massif des Vosges\u00a0: \u00ab\u00a0Je reste profond\u00e9ment optimiste pour cette nouvelle ann\u00e9e \u00bb"}]},{"@type":"WebSite","@id":"https:\/\/vosgesinfo.fr\/saintdieinfo\/#website","url":"https:\/\/vosgesinfo.fr\/saintdieinfo\/","name":"Saint Die Info","description":"Toute l&#039;actualit\u00e9 de Saint-Di\u00e9-Des-Vosges","publisher":{"@id":"https:\/\/vosgesinfo.fr\/saintdieinfo\/#organization"},"alternateName":"Toute l'actualit\u00e9 de Saint-Di\u00e9-Des-Vosges","potentialAction":[{"@type":"SearchAction","target":{"@type":"EntryPoint","urlTemplate":"https:\/\/vosgesinfo.fr\/saintdieinfo\/?s={search_term_string}"},"query-input":"required name=search_term_string"}],"inLanguage":"fr-FR"},{"@type":"Organization","@id":"https:\/\/vosgesinfo.fr\/saintdieinfo\/#organization","name":"Saint Die Info","url":"https:\/\/vosgesinfo.fr\/saintdieinfo\/","logo":{"@type":"ImageObject","inLanguage":"fr-FR","@id":"https:\/\/vosgesinfo.fr\/saintdieinfo\/#\/schema\/logo\/image\/","url":"https:\/\/vosgesinfo.fr\/app\/uploads\/sites\/4\/2024\/02\/logo-sdi.jpg","contentUrl":"https:\/\/vosgesinfo.fr\/app\/uploads\/sites\/4\/2024\/02\/logo-sdi.jpg","width":600,"height":600,"caption":"Saint Die Info"},"image":{"@id":"https:\/\/vosgesinfo.fr\/saintdieinfo\/#\/schema\/logo\/image\/"},"sameAs":["https:\/\/www.facebook.com\/Saintdieinfofr","https:\/\/x.com\/VosgesInfo88","https:\/\/www.youtube.com\/@vosgesinfo"]},{"@type":"Person","@id":"https:\/\/vosgesinfo.fr\/saintdieinfo\/#\/schema\/person\/faee6704a21f3977511db84bd1cd450f","name":"la r\u00e9daction","image":{"@type":"ImageObject","inLanguage":"fr-FR","@id":"https:\/\/vosgesinfo.fr\/saintdieinfo\/#\/schema\/person\/image\/","url":"https:\/\/secure.gravatar.com\/avatar\/6673d8bc6a9c17fa9a453eaa3448de834fa308c2ec9635b7aa99441a7c8d2cf6?s=96&d=mm&r=g","contentUrl":"https:\/\/secure.gravatar.com\/avatar\/6673d8bc6a9c17fa9a453eaa3448de834fa308c2ec9635b7aa99441a7c8d2cf6?s=96&d=mm&r=g","caption":"la r\u00e9daction"},"url":"https:\/\/vosgesinfo.fr\/saintdieinfo\/author\/redac\/"}]}},"_links":{"self":[{"href":"https:\/\/vosgesinfo.fr\/saintdieinfo\/wp-json\/wp\/v2\/posts\/23434","targetHints":{"allow":["GET"]}}],"collection":[{"href":"https:\/\/vosgesinfo.fr\/saintdieinfo\/wp-json\/wp\/v2\/posts"}],"about":[{"href":"https:\/\/vosgesinfo.fr\/saintdieinfo\/wp-json\/wp\/v2\/types\/post"}],"author":[{"embeddable":true,"href":"https:\/\/vosgesinfo.fr\/saintdieinfo\/wp-json\/wp\/v2\/users\/44"}],"replies":[{"embeddable":true,"href":"https:\/\/vosgesinfo.fr\/saintdieinfo\/wp-json\/wp\/v2\/comments?post=23434"}],"version-history":[{"count":1,"href":"https:\/\/vosgesinfo.fr\/saintdieinfo\/wp-json\/wp\/v2\/posts\/23434\/revisions"}],"predecessor-version":[{"id":24071,"href":"https:\/\/vosgesinfo.fr\/saintdieinfo\/wp-json\/wp\/v2\/posts\/23434\/revisions\/24071"}],"wp:featuredmedia":[{"embeddable":true,"href":"https:\/\/vosgesinfo.fr\/saintdieinfo\/wp-json\/wp\/v2\/media\/23433"}],"wp:attachment":[{"href":"https:\/\/vosgesinfo.fr\/saintdieinfo\/wp-json\/wp\/v2\/media?parent=23434"}],"wp:term":[{"taxonomy":"category","embeddable":true,"href":"https:\/\/vosgesinfo.fr\/saintdieinfo\/wp-json\/wp\/v2\/categories?post=23434"},{"taxonomy":"post_tag","embeddable":true,"href":"https:\/\/vosgesinfo.fr\/saintdieinfo\/wp-json\/wp\/v2\/tags?post=23434"}],"curies":[{"name":"wp","href":"https:\/\/api.w.org\/{rel}","templated":true}]}}