{"id":23439,"date":"2024-01-11T07:12:17","date_gmt":"2024-01-11T06:12:17","guid":{"rendered":"https:\/\/vosgesinfo.fr\/saintdieinfo\/2024\/01\/nuits-de-la-lecture-lectures-par-latelier-lire-et-dire-a-la-librairie-le-neuf\/"},"modified":"2024-02-27T17:10:16","modified_gmt":"2024-02-27T16:10:16","slug":"nuits-de-lecture-lectures-latelier-lire-dire-a-librairie-neuf","status":"publish","type":"post","link":"https:\/\/vosgesinfo.fr\/saintdieinfo\/2024\/01\/nuits-de-lecture-lectures-latelier-lire-dire-a-librairie-neuf\/","title":{"rendered":"Nuits de la Lecture\u00a0: lectures par l&rsquo;atelier Lire et Dire \u00e0 la Librairie Le Neuf"},"content":{"rendered":"<div id=\"attachment_210906\" style=\"width: 560px\" class=\"wp-caption aligncenter\"><a href=\"https:\/\/vosgesinfo.fr\/app\/uploads\/sites\/4\/2024\/01\/nuits-lecture-librairie-le-neuf.png\" target=\"_blank\" rel=\"noopener\"><img decoding=\"async\" aria-describedby=\"caption-attachment-210906\" class=\"wp-image-210906 size-full\" src=\"https:\/\/vosgesinfo.fr\/app\/uploads\/sites\/4\/2024\/01\/nuits-lecture-librairie-le-neuf.png\" alt=\"Nuits_Lecture_Librairie_Le_Neuf\" width=\"550\" height=\"385\" \/><\/a><p id=\"caption-attachment-210906\" class=\"wp-caption-text\">(Photographie Librairie Le Neuf)<\/p><\/div>\n<h2><strong><span style=\"font-size: 14pt;\">Les prochaines Nuits de la lecture, organis\u00e9es par le Centre national du livre (CNL), se tiendront du 18 au 21 janvier 2024. A cette occasion, la librairie le Neuf invite le public le jeudi 18 janvier 18h au premier \u00e9tage de la librairie, \u00e0 une lecture de textes sur le corps par l&rsquo;Atelier Lire et Dire. <span style=\"color: #3366ff;\"><a style=\"color: #3366ff;\" href=\"https:\/\/librairie-le-neuf.booksdataservices.fr\/20240110\/729WdWWnJMOXXMjDqSUpVzN9XMoXi2xtgtEDntxDgtEtQ4EDFMzGHvy91vo9i0UAbKGpdwodAMVpDwJdbvogiKJ6523Ad112\/QgrQI1N85EYLZEMoMUhzx4NbQkfsS9l7jJJb5JwqKGDaB0oTv8aYlNyhR0Vo7sOauJZBlW3frNDUWb7hobas7c3jFxqVQHsyGAiQS4kIceLzRy2cyEX7g6doCif9JLEsEG1QDzf8DUv1j1W3FMQbVLFgfgeOsJ2AHGf5k7NCeMSyF6sUTnSen3udsnE8lyUAIyrdbVbYePmkX3sBZ8Lgkc5iIc70zRiZi4.ompp\" target=\"_blank\" rel=\"noopener\">L&rsquo;entr\u00e9e est gratuite, mais une r\u00e9servation pr\u00e9alable est conseill\u00e9e.<\/a><\/span><br \/>\n<\/span><\/strong><\/h2>\n<p><!--more--><br \/>\nL&rsquo;Atelier Lire et Dire reprend la pr\u00e9sentation donn\u00e9e en 2021. Il vous propose, \u00e0 l&rsquo;\u00e9coute de la langue \u00e2pre, limpide, sensuelle, crue, po\u00e9tique&#8230;d&rsquo;autrices et d&rsquo;auteurs vari\u00e9.e.s, d&rsquo;explorer le corps dans tous ses \u00e9tats.<\/p>\n<p>\u00ab Corps jubilatoire, corps bless\u00e9, corps \u00e9panoui, corps \u00e0 corps, corps et monde, corps et art \u00bb&#8230; mais aussi corps imparfait, corps triomphant, corps dont on repousse les limites, corps qui nous impose son rythme, son horloge, corps \u00e9ternel et \u00e9ph\u00e9m\u00e8re.<\/p>\n<h3><strong><span style=\"font-size: 12pt;\">Quelques extraits :<\/span><\/strong><\/h3>\n<p>\u00ab Au commencement \u00e9tait le rythme.<br \/>\nCelui des battements du c\u0153ur dans la poitrine, martelant les tempes lors de l&rsquo;effort physique s&#8217;emballant trop fort lors des \u00e9motions vives.<br \/>\nCelui des vagues caressant la rive, du pivert cognant le tronc de l&rsquo;\u00e9pic\u00e9a, du vent jouant dans les roseaux \u00bb Marie Charrel<\/p>\n<p>\u00ab Lire un corps<br \/>\nComme la derni\u00e8re page d&rsquo;un roman en braille&#8230;<br \/>\nCaresse inachev\u00e9e&#8230;, \u00bb Erik Poulet-Reney<\/p>\n<p>\u00ab Au-del\u00e0 de mon corps de ma peau il n&rsquo;y a rien ou bien l&rsquo;oc\u00e9an la guerre la maison d&rsquo;enfance ma m\u00e8re ils ne sont pas moi ils ne se confondent pas un instant avec moi je me suis d\u00e9coup\u00e9e selon les pointill\u00e9s j&rsquo;ai un tout petit corps qui tient entier dans le miroir il m&rsquo;appartient. \u00bb Valentine Goby<\/p>\n<p>\u00ab Les minuscules ailes de ces minuscules narines, au milieu du visage de l&rsquo;enfant, se dilataient comme une fleur qui \u00e9clot. Ou plut\u00f4t comme les corolles de ces petites plantes carnivores qu&rsquo;on voyait dans le jardin botanique du roi. Et comme de ces plantes, il en \u00e9manait une aspiration inqui\u00e9tante. \u00bb Patrick S\u00fcskind<\/p>\n","protected":false},"excerpt":{"rendered":"<p>Les prochaines Nuits de la lecture, organis\u00e9es par le Centre national du livre (CNL), se tiendront du 18 au 21 [&hellip;]<\/p>\n","protected":false},"author":44,"featured_media":23438,"comment_status":"open","ping_status":"open","sticky":false,"template":"","format":"standard","meta":{"footnotes":""},"categories":[3900,2915],"tags":[3669,3192,577],"class_list":["post-23439","post","type-post","status-publish","format-standard","has-post-thumbnail","hentry","category-breves","category-saint-die-son-canton","tag-atelier-lire-et-dire","tag-librairie-le-neuf","tag-nuits-de-la-lecture"],"acf":[],"yoast_head":"<!-- This site is optimized with the Yoast SEO plugin v22.5 - https:\/\/yoast.com\/wordpress\/plugins\/seo\/ -->\n<title>Nuits de la Lecture\u00a0: lectures par l&#039;atelier Lire et Dire \u00e0 la Librairie Le Neuf - Saint Die Info<\/title>\n<meta name=\"robots\" content=\"index, follow, max-snippet:-1, max-image-preview:large, max-video-preview:-1\" \/>\n<link rel=\"canonical\" href=\"https:\/\/vosgesinfo.fr\/saintdieinfo\/2024\/01\/nuits-de-lecture-lectures-latelier-lire-dire-a-librairie-neuf\/\" \/>\n<meta name=\"twitter:card\" content=\"summary_large_image\" \/>\n<meta name=\"twitter:title\" content=\"Nuits de la Lecture\u00a0: lectures par l&#039;atelier Lire et Dire \u00e0 la Librairie Le Neuf - Saint Die Info\" \/>\n<meta name=\"twitter:description\" content=\"Les prochaines Nuits de la lecture, organis\u00e9es par le Centre national du livre (CNL), se tiendront du 18 au 21 [&hellip;]\" \/>\n<meta name=\"twitter:image\" content=\"https:\/\/vosgesinfo.fr\/app\/uploads\/sites\/4\/2024\/01\/nuits-lecture-librairie-le-neuf.png\" \/>\n<meta name=\"twitter:creator\" content=\"@VosgesInfo88\" \/>\n<meta name=\"twitter:site\" content=\"@VosgesInfo88\" \/>\n<meta name=\"twitter:label1\" content=\"\u00c9crit par\" \/>\n\t<meta name=\"twitter:data1\" content=\"la r\u00e9daction\" \/>\n\t<meta name=\"twitter:label2\" content=\"Dur\u00e9e de lecture estim\u00e9e\" \/>\n\t<meta name=\"twitter:data2\" content=\"2 minutes\" \/>\n<script type=\"application\/ld+json\" class=\"yoast-schema-graph\">{\"@context\":\"https:\/\/schema.org\",\"@graph\":[{\"@type\":\"Article\",\"@id\":\"https:\/\/vosgesinfo.fr\/saintdieinfo\/2024\/01\/nuits-de-lecture-lectures-latelier-lire-dire-a-librairie-neuf\/#article\",\"isPartOf\":{\"@id\":\"https:\/\/vosgesinfo.fr\/saintdieinfo\/2024\/01\/nuits-de-lecture-lectures-latelier-lire-dire-a-librairie-neuf\/\"},\"author\":{\"name\":\"la r\u00e9daction\",\"@id\":\"https:\/\/vosgesinfo.fr\/saintdieinfo\/#\/schema\/person\/faee6704a21f3977511db84bd1cd450f\"},\"headline\":\"Nuits de la Lecture\u00a0: lectures par l&rsquo;atelier Lire et Dire \u00e0 la Librairie Le Neuf\",\"datePublished\":\"2024-01-11T06:12:17+00:00\",\"dateModified\":\"2024-02-27T16:10:16+00:00\",\"mainEntityOfPage\":{\"@id\":\"https:\/\/vosgesinfo.fr\/saintdieinfo\/2024\/01\/nuits-de-lecture-lectures-latelier-lire-dire-a-librairie-neuf\/\"},\"wordCount\":371,\"commentCount\":0,\"publisher\":{\"@id\":\"https:\/\/vosgesinfo.fr\/saintdieinfo\/#organization\"},\"image\":{\"@id\":\"https:\/\/vosgesinfo.fr\/saintdieinfo\/2024\/01\/nuits-de-lecture-lectures-latelier-lire-dire-a-librairie-neuf\/#primaryimage\"},\"thumbnailUrl\":\"https:\/\/vosgesinfo.fr\/app\/uploads\/sites\/4\/2024\/01\/nuits-lecture-librairie-le-neuf.png\",\"keywords\":[\"Atelier Lire et Dire\",\"Librairie Le Neuf\",\"Nuits de la lecture\"],\"articleSection\":[\"Br\u00e8ves\",\"Saint-Di\u00e9-des-Vosges et son Agglom\u00e9ration\"],\"inLanguage\":\"fr-FR\",\"potentialAction\":[{\"@type\":\"CommentAction\",\"name\":\"Comment\",\"target\":[\"https:\/\/vosgesinfo.fr\/saintdieinfo\/2024\/01\/nuits-de-lecture-lectures-latelier-lire-dire-a-librairie-neuf\/#respond\"]}]},{\"@type\":\"WebPage\",\"@id\":\"https:\/\/vosgesinfo.fr\/saintdieinfo\/2024\/01\/nuits-de-lecture-lectures-latelier-lire-dire-a-librairie-neuf\/\",\"url\":\"https:\/\/vosgesinfo.fr\/saintdieinfo\/2024\/01\/nuits-de-lecture-lectures-latelier-lire-dire-a-librairie-neuf\/\",\"name\":\"Nuits de la Lecture\u00a0: lectures par l'atelier Lire et Dire \u00e0 la Librairie Le Neuf - Saint Die Info\",\"isPartOf\":{\"@id\":\"https:\/\/vosgesinfo.fr\/saintdieinfo\/#website\"},\"primaryImageOfPage\":{\"@id\":\"https:\/\/vosgesinfo.fr\/saintdieinfo\/2024\/01\/nuits-de-lecture-lectures-latelier-lire-dire-a-librairie-neuf\/#primaryimage\"},\"image\":{\"@id\":\"https:\/\/vosgesinfo.fr\/saintdieinfo\/2024\/01\/nuits-de-lecture-lectures-latelier-lire-dire-a-librairie-neuf\/#primaryimage\"},\"thumbnailUrl\":\"https:\/\/vosgesinfo.fr\/app\/uploads\/sites\/4\/2024\/01\/nuits-lecture-librairie-le-neuf.png\",\"datePublished\":\"2024-01-11T06:12:17+00:00\",\"dateModified\":\"2024-02-27T16:10:16+00:00\",\"breadcrumb\":{\"@id\":\"https:\/\/vosgesinfo.fr\/saintdieinfo\/2024\/01\/nuits-de-lecture-lectures-latelier-lire-dire-a-librairie-neuf\/#breadcrumb\"},\"inLanguage\":\"fr-FR\",\"potentialAction\":[{\"@type\":\"ReadAction\",\"target\":[\"https:\/\/vosgesinfo.fr\/saintdieinfo\/2024\/01\/nuits-de-lecture-lectures-latelier-lire-dire-a-librairie-neuf\/\"]}]},{\"@type\":\"ImageObject\",\"inLanguage\":\"fr-FR\",\"@id\":\"https:\/\/vosgesinfo.fr\/saintdieinfo\/2024\/01\/nuits-de-lecture-lectures-latelier-lire-dire-a-librairie-neuf\/#primaryimage\",\"url\":\"https:\/\/vosgesinfo.fr\/app\/uploads\/sites\/4\/2024\/01\/nuits-lecture-librairie-le-neuf.png\",\"contentUrl\":\"https:\/\/vosgesinfo.fr\/app\/uploads\/sites\/4\/2024\/01\/nuits-lecture-librairie-le-neuf.png\",\"width\":550,\"height\":385},{\"@type\":\"BreadcrumbList\",\"@id\":\"https:\/\/vosgesinfo.fr\/saintdieinfo\/2024\/01\/nuits-de-lecture-lectures-latelier-lire-dire-a-librairie-neuf\/#breadcrumb\",\"itemListElement\":[{\"@type\":\"ListItem\",\"position\":1,\"name\":\"Home\",\"item\":\"https:\/\/vosgesinfo.fr\/saintdieinfo\/\"},{\"@type\":\"ListItem\",\"position\":2,\"name\":\"Nuits de la Lecture\u00a0: lectures par l&rsquo;atelier Lire et Dire \u00e0 la Librairie Le Neuf\"}]},{\"@type\":\"WebSite\",\"@id\":\"https:\/\/vosgesinfo.fr\/saintdieinfo\/#website\",\"url\":\"https:\/\/vosgesinfo.fr\/saintdieinfo\/\",\"name\":\"Saint Die Info\",\"description\":\"Toute l&#039;actualit\u00e9 de Saint-Di\u00e9-Des-Vosges\",\"publisher\":{\"@id\":\"https:\/\/vosgesinfo.fr\/saintdieinfo\/#organization\"},\"alternateName\":\"Toute l'actualit\u00e9 de Saint-Di\u00e9-Des-Vosges\",\"potentialAction\":[{\"@type\":\"SearchAction\",\"target\":{\"@type\":\"EntryPoint\",\"urlTemplate\":\"https:\/\/vosgesinfo.fr\/saintdieinfo\/?s={search_term_string}\"},\"query-input\":\"required name=search_term_string\"}],\"inLanguage\":\"fr-FR\"},{\"@type\":\"Organization\",\"@id\":\"https:\/\/vosgesinfo.fr\/saintdieinfo\/#organization\",\"name\":\"Saint Die Info\",\"url\":\"https:\/\/vosgesinfo.fr\/saintdieinfo\/\",\"logo\":{\"@type\":\"ImageObject\",\"inLanguage\":\"fr-FR\",\"@id\":\"https:\/\/vosgesinfo.fr\/saintdieinfo\/#\/schema\/logo\/image\/\",\"url\":\"https:\/\/vosgesinfo.fr\/app\/uploads\/sites\/4\/2024\/02\/logo-sdi.jpg\",\"contentUrl\":\"https:\/\/vosgesinfo.fr\/app\/uploads\/sites\/4\/2024\/02\/logo-sdi.jpg\",\"width\":600,\"height\":600,\"caption\":\"Saint Die Info\"},\"image\":{\"@id\":\"https:\/\/vosgesinfo.fr\/saintdieinfo\/#\/schema\/logo\/image\/\"},\"sameAs\":[\"https:\/\/www.facebook.com\/Saintdieinfofr\",\"https:\/\/x.com\/VosgesInfo88\",\"https:\/\/www.youtube.com\/@vosgesinfo\"]},{\"@type\":\"Person\",\"@id\":\"https:\/\/vosgesinfo.fr\/saintdieinfo\/#\/schema\/person\/faee6704a21f3977511db84bd1cd450f\",\"name\":\"la r\u00e9daction\",\"image\":{\"@type\":\"ImageObject\",\"inLanguage\":\"fr-FR\",\"@id\":\"https:\/\/vosgesinfo.fr\/saintdieinfo\/#\/schema\/person\/image\/\",\"url\":\"https:\/\/secure.gravatar.com\/avatar\/6673d8bc6a9c17fa9a453eaa3448de834fa308c2ec9635b7aa99441a7c8d2cf6?s=96&d=mm&r=g\",\"contentUrl\":\"https:\/\/secure.gravatar.com\/avatar\/6673d8bc6a9c17fa9a453eaa3448de834fa308c2ec9635b7aa99441a7c8d2cf6?s=96&d=mm&r=g\",\"caption\":\"la r\u00e9daction\"},\"url\":\"https:\/\/vosgesinfo.fr\/saintdieinfo\/author\/redac\/\"}]}<\/script>\n<!-- \/ Yoast SEO plugin. -->","yoast_head_json":{"title":"Nuits de la Lecture\u00a0: lectures par l'atelier Lire et Dire \u00e0 la Librairie Le Neuf - Saint Die Info","robots":{"index":"index","follow":"follow","max-snippet":"max-snippet:-1","max-image-preview":"max-image-preview:large","max-video-preview":"max-video-preview:-1"},"canonical":"https:\/\/vosgesinfo.fr\/saintdieinfo\/2024\/01\/nuits-de-lecture-lectures-latelier-lire-dire-a-librairie-neuf\/","twitter_card":"summary_large_image","twitter_title":"Nuits de la Lecture\u00a0: lectures par l'atelier Lire et Dire \u00e0 la Librairie Le Neuf - Saint Die Info","twitter_description":"Les prochaines Nuits de la lecture, organis\u00e9es par le Centre national du livre (CNL), se tiendront du 18 au 21 [&hellip;]","twitter_image":"https:\/\/vosgesinfo.fr\/app\/uploads\/sites\/4\/2024\/01\/nuits-lecture-librairie-le-neuf.png","twitter_creator":"@VosgesInfo88","twitter_site":"@VosgesInfo88","twitter_misc":{"\u00c9crit par":"la r\u00e9daction","Dur\u00e9e de lecture estim\u00e9e":"2 minutes"},"schema":{"@context":"https:\/\/schema.org","@graph":[{"@type":"Article","@id":"https:\/\/vosgesinfo.fr\/saintdieinfo\/2024\/01\/nuits-de-lecture-lectures-latelier-lire-dire-a-librairie-neuf\/#article","isPartOf":{"@id":"https:\/\/vosgesinfo.fr\/saintdieinfo\/2024\/01\/nuits-de-lecture-lectures-latelier-lire-dire-a-librairie-neuf\/"},"author":{"name":"la r\u00e9daction","@id":"https:\/\/vosgesinfo.fr\/saintdieinfo\/#\/schema\/person\/faee6704a21f3977511db84bd1cd450f"},"headline":"Nuits de la Lecture\u00a0: lectures par l&rsquo;atelier Lire et Dire \u00e0 la Librairie Le Neuf","datePublished":"2024-01-11T06:12:17+00:00","dateModified":"2024-02-27T16:10:16+00:00","mainEntityOfPage":{"@id":"https:\/\/vosgesinfo.fr\/saintdieinfo\/2024\/01\/nuits-de-lecture-lectures-latelier-lire-dire-a-librairie-neuf\/"},"wordCount":371,"commentCount":0,"publisher":{"@id":"https:\/\/vosgesinfo.fr\/saintdieinfo\/#organization"},"image":{"@id":"https:\/\/vosgesinfo.fr\/saintdieinfo\/2024\/01\/nuits-de-lecture-lectures-latelier-lire-dire-a-librairie-neuf\/#primaryimage"},"thumbnailUrl":"https:\/\/vosgesinfo.fr\/app\/uploads\/sites\/4\/2024\/01\/nuits-lecture-librairie-le-neuf.png","keywords":["Atelier Lire et Dire","Librairie Le Neuf","Nuits de la lecture"],"articleSection":["Br\u00e8ves","Saint-Di\u00e9-des-Vosges et son Agglom\u00e9ration"],"inLanguage":"fr-FR","potentialAction":[{"@type":"CommentAction","name":"Comment","target":["https:\/\/vosgesinfo.fr\/saintdieinfo\/2024\/01\/nuits-de-lecture-lectures-latelier-lire-dire-a-librairie-neuf\/#respond"]}]},{"@type":"WebPage","@id":"https:\/\/vosgesinfo.fr\/saintdieinfo\/2024\/01\/nuits-de-lecture-lectures-latelier-lire-dire-a-librairie-neuf\/","url":"https:\/\/vosgesinfo.fr\/saintdieinfo\/2024\/01\/nuits-de-lecture-lectures-latelier-lire-dire-a-librairie-neuf\/","name":"Nuits de la Lecture\u00a0: lectures par l'atelier Lire et Dire \u00e0 la Librairie Le Neuf - Saint Die Info","isPartOf":{"@id":"https:\/\/vosgesinfo.fr\/saintdieinfo\/#website"},"primaryImageOfPage":{"@id":"https:\/\/vosgesinfo.fr\/saintdieinfo\/2024\/01\/nuits-de-lecture-lectures-latelier-lire-dire-a-librairie-neuf\/#primaryimage"},"image":{"@id":"https:\/\/vosgesinfo.fr\/saintdieinfo\/2024\/01\/nuits-de-lecture-lectures-latelier-lire-dire-a-librairie-neuf\/#primaryimage"},"thumbnailUrl":"https:\/\/vosgesinfo.fr\/app\/uploads\/sites\/4\/2024\/01\/nuits-lecture-librairie-le-neuf.png","datePublished":"2024-01-11T06:12:17+00:00","dateModified":"2024-02-27T16:10:16+00:00","breadcrumb":{"@id":"https:\/\/vosgesinfo.fr\/saintdieinfo\/2024\/01\/nuits-de-lecture-lectures-latelier-lire-dire-a-librairie-neuf\/#breadcrumb"},"inLanguage":"fr-FR","potentialAction":[{"@type":"ReadAction","target":["https:\/\/vosgesinfo.fr\/saintdieinfo\/2024\/01\/nuits-de-lecture-lectures-latelier-lire-dire-a-librairie-neuf\/"]}]},{"@type":"ImageObject","inLanguage":"fr-FR","@id":"https:\/\/vosgesinfo.fr\/saintdieinfo\/2024\/01\/nuits-de-lecture-lectures-latelier-lire-dire-a-librairie-neuf\/#primaryimage","url":"https:\/\/vosgesinfo.fr\/app\/uploads\/sites\/4\/2024\/01\/nuits-lecture-librairie-le-neuf.png","contentUrl":"https:\/\/vosgesinfo.fr\/app\/uploads\/sites\/4\/2024\/01\/nuits-lecture-librairie-le-neuf.png","width":550,"height":385},{"@type":"BreadcrumbList","@id":"https:\/\/vosgesinfo.fr\/saintdieinfo\/2024\/01\/nuits-de-lecture-lectures-latelier-lire-dire-a-librairie-neuf\/#breadcrumb","itemListElement":[{"@type":"ListItem","position":1,"name":"Home","item":"https:\/\/vosgesinfo.fr\/saintdieinfo\/"},{"@type":"ListItem","position":2,"name":"Nuits de la Lecture\u00a0: lectures par l&rsquo;atelier Lire et Dire \u00e0 la Librairie Le Neuf"}]},{"@type":"WebSite","@id":"https:\/\/vosgesinfo.fr\/saintdieinfo\/#website","url":"https:\/\/vosgesinfo.fr\/saintdieinfo\/","name":"Saint Die Info","description":"Toute l&#039;actualit\u00e9 de Saint-Di\u00e9-Des-Vosges","publisher":{"@id":"https:\/\/vosgesinfo.fr\/saintdieinfo\/#organization"},"alternateName":"Toute l'actualit\u00e9 de Saint-Di\u00e9-Des-Vosges","potentialAction":[{"@type":"SearchAction","target":{"@type":"EntryPoint","urlTemplate":"https:\/\/vosgesinfo.fr\/saintdieinfo\/?s={search_term_string}"},"query-input":"required name=search_term_string"}],"inLanguage":"fr-FR"},{"@type":"Organization","@id":"https:\/\/vosgesinfo.fr\/saintdieinfo\/#organization","name":"Saint Die Info","url":"https:\/\/vosgesinfo.fr\/saintdieinfo\/","logo":{"@type":"ImageObject","inLanguage":"fr-FR","@id":"https:\/\/vosgesinfo.fr\/saintdieinfo\/#\/schema\/logo\/image\/","url":"https:\/\/vosgesinfo.fr\/app\/uploads\/sites\/4\/2024\/02\/logo-sdi.jpg","contentUrl":"https:\/\/vosgesinfo.fr\/app\/uploads\/sites\/4\/2024\/02\/logo-sdi.jpg","width":600,"height":600,"caption":"Saint Die Info"},"image":{"@id":"https:\/\/vosgesinfo.fr\/saintdieinfo\/#\/schema\/logo\/image\/"},"sameAs":["https:\/\/www.facebook.com\/Saintdieinfofr","https:\/\/x.com\/VosgesInfo88","https:\/\/www.youtube.com\/@vosgesinfo"]},{"@type":"Person","@id":"https:\/\/vosgesinfo.fr\/saintdieinfo\/#\/schema\/person\/faee6704a21f3977511db84bd1cd450f","name":"la r\u00e9daction","image":{"@type":"ImageObject","inLanguage":"fr-FR","@id":"https:\/\/vosgesinfo.fr\/saintdieinfo\/#\/schema\/person\/image\/","url":"https:\/\/secure.gravatar.com\/avatar\/6673d8bc6a9c17fa9a453eaa3448de834fa308c2ec9635b7aa99441a7c8d2cf6?s=96&d=mm&r=g","contentUrl":"https:\/\/secure.gravatar.com\/avatar\/6673d8bc6a9c17fa9a453eaa3448de834fa308c2ec9635b7aa99441a7c8d2cf6?s=96&d=mm&r=g","caption":"la r\u00e9daction"},"url":"https:\/\/vosgesinfo.fr\/saintdieinfo\/author\/redac\/"}]}},"_links":{"self":[{"href":"https:\/\/vosgesinfo.fr\/saintdieinfo\/wp-json\/wp\/v2\/posts\/23439","targetHints":{"allow":["GET"]}}],"collection":[{"href":"https:\/\/vosgesinfo.fr\/saintdieinfo\/wp-json\/wp\/v2\/posts"}],"about":[{"href":"https:\/\/vosgesinfo.fr\/saintdieinfo\/wp-json\/wp\/v2\/types\/post"}],"author":[{"embeddable":true,"href":"https:\/\/vosgesinfo.fr\/saintdieinfo\/wp-json\/wp\/v2\/users\/44"}],"replies":[{"embeddable":true,"href":"https:\/\/vosgesinfo.fr\/saintdieinfo\/wp-json\/wp\/v2\/comments?post=23439"}],"version-history":[{"count":1,"href":"https:\/\/vosgesinfo.fr\/saintdieinfo\/wp-json\/wp\/v2\/posts\/23439\/revisions"}],"predecessor-version":[{"id":24073,"href":"https:\/\/vosgesinfo.fr\/saintdieinfo\/wp-json\/wp\/v2\/posts\/23439\/revisions\/24073"}],"wp:featuredmedia":[{"embeddable":true,"href":"https:\/\/vosgesinfo.fr\/saintdieinfo\/wp-json\/wp\/v2\/media\/23438"}],"wp:attachment":[{"href":"https:\/\/vosgesinfo.fr\/saintdieinfo\/wp-json\/wp\/v2\/media?parent=23439"}],"wp:term":[{"taxonomy":"category","embeddable":true,"href":"https:\/\/vosgesinfo.fr\/saintdieinfo\/wp-json\/wp\/v2\/categories?post=23439"},{"taxonomy":"post_tag","embeddable":true,"href":"https:\/\/vosgesinfo.fr\/saintdieinfo\/wp-json\/wp\/v2\/tags?post=23439"}],"curies":[{"name":"wp","href":"https:\/\/api.w.org\/{rel}","templated":true}]}}