{"id":23458,"date":"2024-01-11T14:15:31","date_gmt":"2024-01-11T13:15:31","guid":{"rendered":"https:\/\/vosgesinfo.fr\/saintdieinfo\/2024\/01\/vague-de-froid-la-spa-deodatienne-a-besoin-de-couvertures-plaids-draps-etc\/"},"modified":"2024-02-27T17:10:19","modified_gmt":"2024-02-27T16:10:19","slug":"vague-de-froid-spa-deodatienne-a-besoin-de-couvertures-plaids-draps-etc","status":"publish","type":"post","link":"https:\/\/vosgesinfo.fr\/saintdieinfo\/2024\/01\/vague-de-froid-spa-deodatienne-a-besoin-de-couvertures-plaids-draps-etc\/","title":{"rendered":"Vague de froid\u00a0: la SPA D\u00e9odatienne a besoin de couvertures, plaids, draps, etc."},"content":{"rendered":"<p><img decoding=\"async\" class=\"aligncenter wp-image-123695 size-medium\" src=\"https:\/\/vosgesinfo.fr\/app\/uploads\/sites\/4\/2018\/06\/spa-deodatienne-logo.jpg\" alt=\"SPA_D\u00e9odatienne_Logo\" width=\"349\" height=\"255\" \/><\/p>\n<h2><strong><span style=\"font-size: 14pt;\">Avec la vague de froid qui touche actuellement les Vosges, dont Saint-Di\u00e9-des-Vosges, la SPA D\u00e9odatienne lance un appel \u00e0 la g\u00e9n\u00e9rosit\u00e9 ce jeudi apr\u00e8s-midi, car le stock de couvertures de l&rsquo;association de protection animale est actuellement tr\u00e8s bas.<\/span><\/strong><\/h2>\n<p><!--more--><\/p>\n<p>\u00ab\u00a0Nous faisons appel \u00e0 votre g\u00e9n\u00e9rosit\u00e9 afin de r\u00e9colter des couvertures \u2013 peu importe la mati\u00e8re \u2013 des plaids, draps, etc. Nous vous remercions par avance pour votre aide.\u00a0\u00bb Les dons sont \u00e0 d\u00e9poser au refuge des Mo\u00eetresses \u00e0 La Bolle, chemin de Chaumont, ainsi qu&rsquo;au centre-ville au bar\/caf\u00e9 Sept&rsquo;Un, situ\u00e9 au 6 quai du Mar\u00e9chal-Leclerc pr\u00e8s du monument aux morts, et au pressing du Centre du 8, rue du 11 Novembre 1918.<\/p>\n<p>J.J.<\/p>\n","protected":false},"excerpt":{"rendered":"<p>Avec la vague de froid qui touche actuellement les Vosges, dont Saint-Di\u00e9-des-Vosges, la SPA D\u00e9odatienne lance un appel \u00e0 la [&hellip;]<\/p>\n","protected":false},"author":44,"featured_media":22589,"comment_status":"open","ping_status":"open","sticky":false,"template":"","format":"standard","meta":{"footnotes":""},"categories":[3900,2915,17],"tags":[2944],"class_list":["post-23458","post","type-post","status-publish","format-standard","has-post-thumbnail","hentry","category-breves","category-saint-die-son-canton","category-vie-associative","tag-spa-deodatienne"],"acf":[],"yoast_head":"<!-- This site is optimized with the Yoast SEO plugin v22.5 - https:\/\/yoast.com\/wordpress\/plugins\/seo\/ -->\n<title>Vague de froid\u00a0: la SPA D\u00e9odatienne a besoin de couvertures, plaids, draps, etc. - Saint Die Info<\/title>\n<meta name=\"robots\" content=\"index, follow, max-snippet:-1, max-image-preview:large, max-video-preview:-1\" \/>\n<link rel=\"canonical\" href=\"https:\/\/vosgesinfo.fr\/saintdieinfo\/2024\/01\/vague-de-froid-spa-deodatienne-a-besoin-de-couvertures-plaids-draps-etc\/\" \/>\n<meta name=\"twitter:card\" content=\"summary_large_image\" \/>\n<meta name=\"twitter:title\" content=\"Vague de froid\u00a0: la SPA D\u00e9odatienne a besoin de couvertures, plaids, draps, etc. - Saint Die Info\" \/>\n<meta name=\"twitter:description\" content=\"Avec la vague de froid qui touche actuellement les Vosges, dont Saint-Di\u00e9-des-Vosges, la SPA D\u00e9odatienne lance un appel \u00e0 la [&hellip;]\" \/>\n<meta name=\"twitter:image\" content=\"https:\/\/vosgesinfo.fr\/app\/uploads\/sites\/4\/2018\/06\/spa-deodatienne-logo.jpg\" \/>\n<meta name=\"twitter:creator\" content=\"@VosgesInfo88\" \/>\n<meta name=\"twitter:site\" content=\"@VosgesInfo88\" \/>\n<meta name=\"twitter:label1\" content=\"\u00c9crit par\" \/>\n\t<meta name=\"twitter:data1\" content=\"la r\u00e9daction\" \/>\n\t<meta name=\"twitter:label2\" content=\"Dur\u00e9e de lecture estim\u00e9e\" \/>\n\t<meta name=\"twitter:data2\" content=\"1 minute\" \/>\n<script type=\"application\/ld+json\" class=\"yoast-schema-graph\">{\"@context\":\"https:\/\/schema.org\",\"@graph\":[{\"@type\":\"Article\",\"@id\":\"https:\/\/vosgesinfo.fr\/saintdieinfo\/2024\/01\/vague-de-froid-spa-deodatienne-a-besoin-de-couvertures-plaids-draps-etc\/#article\",\"isPartOf\":{\"@id\":\"https:\/\/vosgesinfo.fr\/saintdieinfo\/2024\/01\/vague-de-froid-spa-deodatienne-a-besoin-de-couvertures-plaids-draps-etc\/\"},\"author\":{\"name\":\"la r\u00e9daction\",\"@id\":\"https:\/\/vosgesinfo.fr\/saintdieinfo\/#\/schema\/person\/faee6704a21f3977511db84bd1cd450f\"},\"headline\":\"Vague de froid\u00a0: la SPA D\u00e9odatienne a besoin de couvertures, plaids, draps, etc.\",\"datePublished\":\"2024-01-11T13:15:31+00:00\",\"dateModified\":\"2024-02-27T16:10:19+00:00\",\"mainEntityOfPage\":{\"@id\":\"https:\/\/vosgesinfo.fr\/saintdieinfo\/2024\/01\/vague-de-froid-spa-deodatienne-a-besoin-de-couvertures-plaids-draps-etc\/\"},\"wordCount\":135,\"commentCount\":0,\"publisher\":{\"@id\":\"https:\/\/vosgesinfo.fr\/saintdieinfo\/#organization\"},\"image\":{\"@id\":\"https:\/\/vosgesinfo.fr\/saintdieinfo\/2024\/01\/vague-de-froid-spa-deodatienne-a-besoin-de-couvertures-plaids-draps-etc\/#primaryimage\"},\"thumbnailUrl\":\"https:\/\/vosgesinfo.fr\/app\/uploads\/sites\/4\/2018\/06\/spa-deodatienne-logo.jpg\",\"keywords\":[\"SPA D\u00e9odatienne\"],\"articleSection\":[\"Br\u00e8ves\",\"Saint-Di\u00e9-des-Vosges et son Agglom\u00e9ration\",\"Vie Associative\"],\"inLanguage\":\"fr-FR\",\"potentialAction\":[{\"@type\":\"CommentAction\",\"name\":\"Comment\",\"target\":[\"https:\/\/vosgesinfo.fr\/saintdieinfo\/2024\/01\/vague-de-froid-spa-deodatienne-a-besoin-de-couvertures-plaids-draps-etc\/#respond\"]}]},{\"@type\":\"WebPage\",\"@id\":\"https:\/\/vosgesinfo.fr\/saintdieinfo\/2024\/01\/vague-de-froid-spa-deodatienne-a-besoin-de-couvertures-plaids-draps-etc\/\",\"url\":\"https:\/\/vosgesinfo.fr\/saintdieinfo\/2024\/01\/vague-de-froid-spa-deodatienne-a-besoin-de-couvertures-plaids-draps-etc\/\",\"name\":\"Vague de froid\u00a0: la SPA D\u00e9odatienne a besoin de couvertures, plaids, draps, etc. - Saint Die Info\",\"isPartOf\":{\"@id\":\"https:\/\/vosgesinfo.fr\/saintdieinfo\/#website\"},\"primaryImageOfPage\":{\"@id\":\"https:\/\/vosgesinfo.fr\/saintdieinfo\/2024\/01\/vague-de-froid-spa-deodatienne-a-besoin-de-couvertures-plaids-draps-etc\/#primaryimage\"},\"image\":{\"@id\":\"https:\/\/vosgesinfo.fr\/saintdieinfo\/2024\/01\/vague-de-froid-spa-deodatienne-a-besoin-de-couvertures-plaids-draps-etc\/#primaryimage\"},\"thumbnailUrl\":\"https:\/\/vosgesinfo.fr\/app\/uploads\/sites\/4\/2018\/06\/spa-deodatienne-logo.jpg\",\"datePublished\":\"2024-01-11T13:15:31+00:00\",\"dateModified\":\"2024-02-27T16:10:19+00:00\",\"breadcrumb\":{\"@id\":\"https:\/\/vosgesinfo.fr\/saintdieinfo\/2024\/01\/vague-de-froid-spa-deodatienne-a-besoin-de-couvertures-plaids-draps-etc\/#breadcrumb\"},\"inLanguage\":\"fr-FR\",\"potentialAction\":[{\"@type\":\"ReadAction\",\"target\":[\"https:\/\/vosgesinfo.fr\/saintdieinfo\/2024\/01\/vague-de-froid-spa-deodatienne-a-besoin-de-couvertures-plaids-draps-etc\/\"]}]},{\"@type\":\"ImageObject\",\"inLanguage\":\"fr-FR\",\"@id\":\"https:\/\/vosgesinfo.fr\/saintdieinfo\/2024\/01\/vague-de-froid-spa-deodatienne-a-besoin-de-couvertures-plaids-draps-etc\/#primaryimage\",\"url\":\"https:\/\/vosgesinfo.fr\/app\/uploads\/sites\/4\/2018\/06\/spa-deodatienne-logo.jpg\",\"contentUrl\":\"https:\/\/vosgesinfo.fr\/app\/uploads\/sites\/4\/2018\/06\/spa-deodatienne-logo.jpg\",\"width\":1240,\"height\":905},{\"@type\":\"BreadcrumbList\",\"@id\":\"https:\/\/vosgesinfo.fr\/saintdieinfo\/2024\/01\/vague-de-froid-spa-deodatienne-a-besoin-de-couvertures-plaids-draps-etc\/#breadcrumb\",\"itemListElement\":[{\"@type\":\"ListItem\",\"position\":1,\"name\":\"Home\",\"item\":\"https:\/\/vosgesinfo.fr\/saintdieinfo\/\"},{\"@type\":\"ListItem\",\"position\":2,\"name\":\"Vague de froid\u00a0: la SPA D\u00e9odatienne a besoin de couvertures, plaids, draps, etc.\"}]},{\"@type\":\"WebSite\",\"@id\":\"https:\/\/vosgesinfo.fr\/saintdieinfo\/#website\",\"url\":\"https:\/\/vosgesinfo.fr\/saintdieinfo\/\",\"name\":\"Saint Die Info\",\"description\":\"Toute l&#039;actualit\u00e9 de Saint-Di\u00e9-Des-Vosges\",\"publisher\":{\"@id\":\"https:\/\/vosgesinfo.fr\/saintdieinfo\/#organization\"},\"alternateName\":\"Toute l'actualit\u00e9 de Saint-Di\u00e9-Des-Vosges\",\"potentialAction\":[{\"@type\":\"SearchAction\",\"target\":{\"@type\":\"EntryPoint\",\"urlTemplate\":\"https:\/\/vosgesinfo.fr\/saintdieinfo\/?s={search_term_string}\"},\"query-input\":\"required name=search_term_string\"}],\"inLanguage\":\"fr-FR\"},{\"@type\":\"Organization\",\"@id\":\"https:\/\/vosgesinfo.fr\/saintdieinfo\/#organization\",\"name\":\"Saint Die Info\",\"url\":\"https:\/\/vosgesinfo.fr\/saintdieinfo\/\",\"logo\":{\"@type\":\"ImageObject\",\"inLanguage\":\"fr-FR\",\"@id\":\"https:\/\/vosgesinfo.fr\/saintdieinfo\/#\/schema\/logo\/image\/\",\"url\":\"https:\/\/vosgesinfo.fr\/app\/uploads\/sites\/4\/2024\/02\/logo-sdi.jpg\",\"contentUrl\":\"https:\/\/vosgesinfo.fr\/app\/uploads\/sites\/4\/2024\/02\/logo-sdi.jpg\",\"width\":600,\"height\":600,\"caption\":\"Saint Die Info\"},\"image\":{\"@id\":\"https:\/\/vosgesinfo.fr\/saintdieinfo\/#\/schema\/logo\/image\/\"},\"sameAs\":[\"https:\/\/www.facebook.com\/Saintdieinfofr\",\"https:\/\/x.com\/VosgesInfo88\",\"https:\/\/www.youtube.com\/@vosgesinfo\"]},{\"@type\":\"Person\",\"@id\":\"https:\/\/vosgesinfo.fr\/saintdieinfo\/#\/schema\/person\/faee6704a21f3977511db84bd1cd450f\",\"name\":\"la r\u00e9daction\",\"image\":{\"@type\":\"ImageObject\",\"inLanguage\":\"fr-FR\",\"@id\":\"https:\/\/vosgesinfo.fr\/saintdieinfo\/#\/schema\/person\/image\/\",\"url\":\"https:\/\/secure.gravatar.com\/avatar\/6673d8bc6a9c17fa9a453eaa3448de834fa308c2ec9635b7aa99441a7c8d2cf6?s=96&d=mm&r=g\",\"contentUrl\":\"https:\/\/secure.gravatar.com\/avatar\/6673d8bc6a9c17fa9a453eaa3448de834fa308c2ec9635b7aa99441a7c8d2cf6?s=96&d=mm&r=g\",\"caption\":\"la r\u00e9daction\"},\"url\":\"https:\/\/vosgesinfo.fr\/saintdieinfo\/author\/redac\/\"}]}<\/script>\n<!-- \/ Yoast SEO plugin. -->","yoast_head_json":{"title":"Vague de froid\u00a0: la SPA D\u00e9odatienne a besoin de couvertures, plaids, draps, etc. - Saint Die Info","robots":{"index":"index","follow":"follow","max-snippet":"max-snippet:-1","max-image-preview":"max-image-preview:large","max-video-preview":"max-video-preview:-1"},"canonical":"https:\/\/vosgesinfo.fr\/saintdieinfo\/2024\/01\/vague-de-froid-spa-deodatienne-a-besoin-de-couvertures-plaids-draps-etc\/","twitter_card":"summary_large_image","twitter_title":"Vague de froid\u00a0: la SPA D\u00e9odatienne a besoin de couvertures, plaids, draps, etc. - Saint Die Info","twitter_description":"Avec la vague de froid qui touche actuellement les Vosges, dont Saint-Di\u00e9-des-Vosges, la SPA D\u00e9odatienne lance un appel \u00e0 la [&hellip;]","twitter_image":"https:\/\/vosgesinfo.fr\/app\/uploads\/sites\/4\/2018\/06\/spa-deodatienne-logo.jpg","twitter_creator":"@VosgesInfo88","twitter_site":"@VosgesInfo88","twitter_misc":{"\u00c9crit par":"la r\u00e9daction","Dur\u00e9e de lecture estim\u00e9e":"1 minute"},"schema":{"@context":"https:\/\/schema.org","@graph":[{"@type":"Article","@id":"https:\/\/vosgesinfo.fr\/saintdieinfo\/2024\/01\/vague-de-froid-spa-deodatienne-a-besoin-de-couvertures-plaids-draps-etc\/#article","isPartOf":{"@id":"https:\/\/vosgesinfo.fr\/saintdieinfo\/2024\/01\/vague-de-froid-spa-deodatienne-a-besoin-de-couvertures-plaids-draps-etc\/"},"author":{"name":"la r\u00e9daction","@id":"https:\/\/vosgesinfo.fr\/saintdieinfo\/#\/schema\/person\/faee6704a21f3977511db84bd1cd450f"},"headline":"Vague de froid\u00a0: la SPA D\u00e9odatienne a besoin de couvertures, plaids, draps, etc.","datePublished":"2024-01-11T13:15:31+00:00","dateModified":"2024-02-27T16:10:19+00:00","mainEntityOfPage":{"@id":"https:\/\/vosgesinfo.fr\/saintdieinfo\/2024\/01\/vague-de-froid-spa-deodatienne-a-besoin-de-couvertures-plaids-draps-etc\/"},"wordCount":135,"commentCount":0,"publisher":{"@id":"https:\/\/vosgesinfo.fr\/saintdieinfo\/#organization"},"image":{"@id":"https:\/\/vosgesinfo.fr\/saintdieinfo\/2024\/01\/vague-de-froid-spa-deodatienne-a-besoin-de-couvertures-plaids-draps-etc\/#primaryimage"},"thumbnailUrl":"https:\/\/vosgesinfo.fr\/app\/uploads\/sites\/4\/2018\/06\/spa-deodatienne-logo.jpg","keywords":["SPA D\u00e9odatienne"],"articleSection":["Br\u00e8ves","Saint-Di\u00e9-des-Vosges et son Agglom\u00e9ration","Vie Associative"],"inLanguage":"fr-FR","potentialAction":[{"@type":"CommentAction","name":"Comment","target":["https:\/\/vosgesinfo.fr\/saintdieinfo\/2024\/01\/vague-de-froid-spa-deodatienne-a-besoin-de-couvertures-plaids-draps-etc\/#respond"]}]},{"@type":"WebPage","@id":"https:\/\/vosgesinfo.fr\/saintdieinfo\/2024\/01\/vague-de-froid-spa-deodatienne-a-besoin-de-couvertures-plaids-draps-etc\/","url":"https:\/\/vosgesinfo.fr\/saintdieinfo\/2024\/01\/vague-de-froid-spa-deodatienne-a-besoin-de-couvertures-plaids-draps-etc\/","name":"Vague de froid\u00a0: la SPA D\u00e9odatienne a besoin de couvertures, plaids, draps, etc. - Saint Die Info","isPartOf":{"@id":"https:\/\/vosgesinfo.fr\/saintdieinfo\/#website"},"primaryImageOfPage":{"@id":"https:\/\/vosgesinfo.fr\/saintdieinfo\/2024\/01\/vague-de-froid-spa-deodatienne-a-besoin-de-couvertures-plaids-draps-etc\/#primaryimage"},"image":{"@id":"https:\/\/vosgesinfo.fr\/saintdieinfo\/2024\/01\/vague-de-froid-spa-deodatienne-a-besoin-de-couvertures-plaids-draps-etc\/#primaryimage"},"thumbnailUrl":"https:\/\/vosgesinfo.fr\/app\/uploads\/sites\/4\/2018\/06\/spa-deodatienne-logo.jpg","datePublished":"2024-01-11T13:15:31+00:00","dateModified":"2024-02-27T16:10:19+00:00","breadcrumb":{"@id":"https:\/\/vosgesinfo.fr\/saintdieinfo\/2024\/01\/vague-de-froid-spa-deodatienne-a-besoin-de-couvertures-plaids-draps-etc\/#breadcrumb"},"inLanguage":"fr-FR","potentialAction":[{"@type":"ReadAction","target":["https:\/\/vosgesinfo.fr\/saintdieinfo\/2024\/01\/vague-de-froid-spa-deodatienne-a-besoin-de-couvertures-plaids-draps-etc\/"]}]},{"@type":"ImageObject","inLanguage":"fr-FR","@id":"https:\/\/vosgesinfo.fr\/saintdieinfo\/2024\/01\/vague-de-froid-spa-deodatienne-a-besoin-de-couvertures-plaids-draps-etc\/#primaryimage","url":"https:\/\/vosgesinfo.fr\/app\/uploads\/sites\/4\/2018\/06\/spa-deodatienne-logo.jpg","contentUrl":"https:\/\/vosgesinfo.fr\/app\/uploads\/sites\/4\/2018\/06\/spa-deodatienne-logo.jpg","width":1240,"height":905},{"@type":"BreadcrumbList","@id":"https:\/\/vosgesinfo.fr\/saintdieinfo\/2024\/01\/vague-de-froid-spa-deodatienne-a-besoin-de-couvertures-plaids-draps-etc\/#breadcrumb","itemListElement":[{"@type":"ListItem","position":1,"name":"Home","item":"https:\/\/vosgesinfo.fr\/saintdieinfo\/"},{"@type":"ListItem","position":2,"name":"Vague de froid\u00a0: la SPA D\u00e9odatienne a besoin de couvertures, plaids, draps, etc."}]},{"@type":"WebSite","@id":"https:\/\/vosgesinfo.fr\/saintdieinfo\/#website","url":"https:\/\/vosgesinfo.fr\/saintdieinfo\/","name":"Saint Die Info","description":"Toute l&#039;actualit\u00e9 de Saint-Di\u00e9-Des-Vosges","publisher":{"@id":"https:\/\/vosgesinfo.fr\/saintdieinfo\/#organization"},"alternateName":"Toute l'actualit\u00e9 de Saint-Di\u00e9-Des-Vosges","potentialAction":[{"@type":"SearchAction","target":{"@type":"EntryPoint","urlTemplate":"https:\/\/vosgesinfo.fr\/saintdieinfo\/?s={search_term_string}"},"query-input":"required name=search_term_string"}],"inLanguage":"fr-FR"},{"@type":"Organization","@id":"https:\/\/vosgesinfo.fr\/saintdieinfo\/#organization","name":"Saint Die Info","url":"https:\/\/vosgesinfo.fr\/saintdieinfo\/","logo":{"@type":"ImageObject","inLanguage":"fr-FR","@id":"https:\/\/vosgesinfo.fr\/saintdieinfo\/#\/schema\/logo\/image\/","url":"https:\/\/vosgesinfo.fr\/app\/uploads\/sites\/4\/2024\/02\/logo-sdi.jpg","contentUrl":"https:\/\/vosgesinfo.fr\/app\/uploads\/sites\/4\/2024\/02\/logo-sdi.jpg","width":600,"height":600,"caption":"Saint Die Info"},"image":{"@id":"https:\/\/vosgesinfo.fr\/saintdieinfo\/#\/schema\/logo\/image\/"},"sameAs":["https:\/\/www.facebook.com\/Saintdieinfofr","https:\/\/x.com\/VosgesInfo88","https:\/\/www.youtube.com\/@vosgesinfo"]},{"@type":"Person","@id":"https:\/\/vosgesinfo.fr\/saintdieinfo\/#\/schema\/person\/faee6704a21f3977511db84bd1cd450f","name":"la r\u00e9daction","image":{"@type":"ImageObject","inLanguage":"fr-FR","@id":"https:\/\/vosgesinfo.fr\/saintdieinfo\/#\/schema\/person\/image\/","url":"https:\/\/secure.gravatar.com\/avatar\/6673d8bc6a9c17fa9a453eaa3448de834fa308c2ec9635b7aa99441a7c8d2cf6?s=96&d=mm&r=g","contentUrl":"https:\/\/secure.gravatar.com\/avatar\/6673d8bc6a9c17fa9a453eaa3448de834fa308c2ec9635b7aa99441a7c8d2cf6?s=96&d=mm&r=g","caption":"la r\u00e9daction"},"url":"https:\/\/vosgesinfo.fr\/saintdieinfo\/author\/redac\/"}]}},"_links":{"self":[{"href":"https:\/\/vosgesinfo.fr\/saintdieinfo\/wp-json\/wp\/v2\/posts\/23458","targetHints":{"allow":["GET"]}}],"collection":[{"href":"https:\/\/vosgesinfo.fr\/saintdieinfo\/wp-json\/wp\/v2\/posts"}],"about":[{"href":"https:\/\/vosgesinfo.fr\/saintdieinfo\/wp-json\/wp\/v2\/types\/post"}],"author":[{"embeddable":true,"href":"https:\/\/vosgesinfo.fr\/saintdieinfo\/wp-json\/wp\/v2\/users\/44"}],"replies":[{"embeddable":true,"href":"https:\/\/vosgesinfo.fr\/saintdieinfo\/wp-json\/wp\/v2\/comments?post=23458"}],"version-history":[{"count":1,"href":"https:\/\/vosgesinfo.fr\/saintdieinfo\/wp-json\/wp\/v2\/posts\/23458\/revisions"}],"predecessor-version":[{"id":24084,"href":"https:\/\/vosgesinfo.fr\/saintdieinfo\/wp-json\/wp\/v2\/posts\/23458\/revisions\/24084"}],"wp:featuredmedia":[{"embeddable":true,"href":"https:\/\/vosgesinfo.fr\/saintdieinfo\/wp-json\/wp\/v2\/media\/22589"}],"wp:attachment":[{"href":"https:\/\/vosgesinfo.fr\/saintdieinfo\/wp-json\/wp\/v2\/media?parent=23458"}],"wp:term":[{"taxonomy":"category","embeddable":true,"href":"https:\/\/vosgesinfo.fr\/saintdieinfo\/wp-json\/wp\/v2\/categories?post=23458"},{"taxonomy":"post_tag","embeddable":true,"href":"https:\/\/vosgesinfo.fr\/saintdieinfo\/wp-json\/wp\/v2\/tags?post=23458"}],"curies":[{"name":"wp","href":"https:\/\/api.w.org\/{rel}","templated":true}]}}