{"id":23859,"date":"2024-01-26T13:00:37","date_gmt":"2024-01-26T12:00:37","guid":{"rendered":"https:\/\/vosgesinfo.fr\/saintdieinfo\/2024\/01\/sortie-commune-sur-les-cretes-pour-les-clubs-coeur-et-sante-de-saint-die-des-vosges-et-nancy\/"},"modified":"2024-02-27T17:10:55","modified_gmt":"2024-02-27T16:10:55","slug":"sortie-commune-cretes-clubs-coeur-sante-de-saint-die-vosges-nancy","status":"publish","type":"post","link":"https:\/\/vosgesinfo.fr\/saintdieinfo\/2024\/01\/sortie-commune-cretes-clubs-coeur-sante-de-saint-die-vosges-nancy\/","title":{"rendered":"Sortie commune sur les cr\u00eates pour les clubs Coeur et Sant\u00e9 de Saint-Di\u00e9-des-Vosges et Nancy"},"content":{"rendered":"<div id=\"attachment_211563\" style=\"width: 970px\" class=\"wp-caption aligncenter\"><a href=\"https:\/\/saintdieinfo.fr\/wp-content\/uploads\/2024\/01\/Sortie_Cr\u00eates_Clubs_Coeur_et_Sant\u00e9_SDDVNancy-1.jpg\" target=\"_blank\" rel=\"noopener\"><img decoding=\"async\" aria-describedby=\"caption-attachment-211563\" class=\"wp-image-211563 size-large\" src=\"https:\/\/vosgesinfo.fr\/app\/uploads\/sites\/4\/2024\/01\/sortie-cretes-clubs-coeur-et-sante-sddvnancy-1.jpg\" alt=\"Sortie_Cr\u00eates_Clubs_Coeur_et_Sant\u00e9_SDDV&amp;Nancy (1)\" width=\"960\" height=\"640\" \/><\/a><p id=\"caption-attachment-211563\" class=\"wp-caption-text\">(Photographies Club Coeur et Sant\u00e9 de Saint-Di\u00e9-des-Vosges)<\/p><\/div>\n<h2><strong><span style=\"font-size: 14pt;\">Faute de neige, la sortie en raquettes sur les cr\u00eates du club Coeur et Sant\u00e9 de Saint-Di\u00e9 s\u2019est transform\u00e9e en randonn\u00e9e \u00e0 laquelle ont particip\u00e9 34 personnes dont cinq membres du club de Nancy.<\/span><\/strong><\/h2>\n<p><!--more--><\/p>\n<p>Malgr\u00e9 les al\u00e9as climatiques, cette marche a \u00e9t\u00e9 maintenue et les organisateurs n\u2019ont eu \u00e0 d\u00e9plorer aucun d\u00e9sistement du fait de ce changement de programme. D\u2019ailleurs, le pr\u00e9sident Michel Antoine n\u2019avait pris aucun engagement quand \u00e0 la m\u00e9t\u00e9o, l\u2019essentiel \u00e9tant de passer une \u00ab\u00a0belle\u00a0\u00bb journ\u00e9e sur les hauts. L\u2019avantage, c\u2019est que nous avons eu la montagne \u00e0 notre usage quasi exclusif (4 marcheurs rencontr\u00e9s durant la toute journ\u00e9e).<\/p>\n<p>Alors que les ann\u00e9es pr\u00e9c\u00e9dentes les d\u00e9parts se faisaient dans le secteur de la La Schlucht-Le Hohneck, cette ann\u00e9e, le rendez-vous \u00e9tait fix\u00e9 au du col du Calvaire o\u00f9 les chauffeurs n\u2019ont eu aucune difficult\u00e9 \u00e0 trouver une place pour garer leur v\u00e9hicule.<\/p>\n<p>Il y avait au programme de la journ\u00e9e deux circuits de 5 \u00e0 6 km encadr\u00e9s comme \u00e0 l\u2019habitude par Gilbert Muller et Alain Auzely : pour la matin\u00e9e vers les cr\u00eates surplombant le Lac Blanc et pour l\u2019apr\u00e8s-midi vers les Immerlins et le Cimeti\u00e8re militaire du carrefour Duch\u00eane. Et les pluies \u00e9parses de la matin\u00e9e n\u2019ont pas d\u00e9courag\u00e9 les participants qui se sont remis en marche apr\u00e8s le repas pris dans une auberge situ\u00e9e pr\u00e8s du lac Blanc. Et, pour les \u00ab\u00a0r\u00e9compenser\u00a0\u00bb la pluie s\u2019est montr\u00e9e bien plus discr\u00e8te que le matin.<\/p>\n<p>Une nouvelles journ\u00e9e au d\u00e9part du col du calvaire est pr\u00e9vue le jeudi 8 f\u00e9vrier prochain avec la encore aucune garantie des organisateurs quand \u00e0 la pr\u00e9sence de la neige. Malgr\u00e9 tout, ce serait un plus tr\u00e8s appr\u00e9ci\u00e9 si la m\u00e9t\u00e9o \u00e9tait plus ensoleill\u00e9e et moins humide.<\/p>\n\n","protected":false},"excerpt":{"rendered":"<p>Faute de neige, la sortie en raquettes sur les cr\u00eates du club Coeur et Sant\u00e9 de Saint-Di\u00e9 s\u2019est transform\u00e9e en [&hellip;]<\/p>\n","protected":false},"author":44,"featured_media":23858,"comment_status":"open","ping_status":"open","sticky":false,"template":"","format":"standard","meta":{"footnotes":""},"categories":[460,2915,17],"tags":[3834,3314,3835],"class_list":["post-23859","post","type-post","status-publish","format-standard","has-post-thumbnail","hentry","category-a-la-une","category-saint-die-son-canton","category-vie-associative","tag-club-coeur-et-sante-de-nancy","tag-club-coeur-et-sante-de-saint-die-des-vosges","tag-cretes-vosgiennes"],"acf":[],"yoast_head":"<!-- This site is optimized with the Yoast SEO plugin v22.5 - https:\/\/yoast.com\/wordpress\/plugins\/seo\/ -->\n<title>Sortie commune sur les cr\u00eates pour les clubs Coeur et Sant\u00e9 de Saint-Di\u00e9-des-Vosges et Nancy - Saint Die Info<\/title>\n<meta name=\"robots\" content=\"index, follow, max-snippet:-1, max-image-preview:large, max-video-preview:-1\" \/>\n<link rel=\"canonical\" href=\"https:\/\/vosgesinfo.fr\/saintdieinfo\/2024\/01\/sortie-commune-cretes-clubs-coeur-sante-de-saint-die-vosges-nancy\/\" \/>\n<meta name=\"twitter:card\" content=\"summary_large_image\" \/>\n<meta name=\"twitter:title\" content=\"Sortie commune sur les cr\u00eates pour les clubs Coeur et Sant\u00e9 de Saint-Di\u00e9-des-Vosges et Nancy - Saint Die Info\" \/>\n<meta name=\"twitter:description\" content=\"Faute de neige, la sortie en raquettes sur les cr\u00eates du club Coeur et Sant\u00e9 de Saint-Di\u00e9 s\u2019est transform\u00e9e en [&hellip;]\" \/>\n<meta name=\"twitter:image\" content=\"https:\/\/vosgesinfo.fr\/app\/uploads\/sites\/4\/2024\/01\/sortie-cretes-clubs-coeur-et-sante-sddvnancy-1.jpg\" \/>\n<meta name=\"twitter:creator\" content=\"@VosgesInfo88\" \/>\n<meta name=\"twitter:site\" content=\"@VosgesInfo88\" \/>\n<meta name=\"twitter:label1\" content=\"\u00c9crit par\" \/>\n\t<meta name=\"twitter:data1\" content=\"la r\u00e9daction\" \/>\n\t<meta name=\"twitter:label2\" content=\"Dur\u00e9e de lecture estim\u00e9e\" \/>\n\t<meta name=\"twitter:data2\" content=\"2 minutes\" \/>\n<script type=\"application\/ld+json\" class=\"yoast-schema-graph\">{\"@context\":\"https:\/\/schema.org\",\"@graph\":[{\"@type\":\"Article\",\"@id\":\"https:\/\/vosgesinfo.fr\/saintdieinfo\/2024\/01\/sortie-commune-cretes-clubs-coeur-sante-de-saint-die-vosges-nancy\/#article\",\"isPartOf\":{\"@id\":\"https:\/\/vosgesinfo.fr\/saintdieinfo\/2024\/01\/sortie-commune-cretes-clubs-coeur-sante-de-saint-die-vosges-nancy\/\"},\"author\":{\"name\":\"la r\u00e9daction\",\"@id\":\"https:\/\/vosgesinfo.fr\/saintdieinfo\/#\/schema\/person\/faee6704a21f3977511db84bd1cd450f\"},\"headline\":\"Sortie commune sur les cr\u00eates pour les clubs Coeur et Sant\u00e9 de Saint-Di\u00e9-des-Vosges et Nancy\",\"datePublished\":\"2024-01-26T12:00:37+00:00\",\"dateModified\":\"2024-02-27T16:10:55+00:00\",\"mainEntityOfPage\":{\"@id\":\"https:\/\/vosgesinfo.fr\/saintdieinfo\/2024\/01\/sortie-commune-cretes-clubs-coeur-sante-de-saint-die-vosges-nancy\/\"},\"wordCount\":364,\"commentCount\":0,\"publisher\":{\"@id\":\"https:\/\/vosgesinfo.fr\/saintdieinfo\/#organization\"},\"image\":{\"@id\":\"https:\/\/vosgesinfo.fr\/saintdieinfo\/2024\/01\/sortie-commune-cretes-clubs-coeur-sante-de-saint-die-vosges-nancy\/#primaryimage\"},\"thumbnailUrl\":\"https:\/\/vosgesinfo.fr\/app\/uploads\/sites\/4\/2024\/01\/sortie-cretes-clubs-coeur-et-sante-sddvnancy-1.jpg\",\"keywords\":[\"Club Coeur et Sant\u00e9 de Nancy\",\"Club Coeur et Sant\u00e9 de Saint-Di\u00e9-des-Vosges\",\"Cr\u00eates Vosgiennes\"],\"articleSection\":[\"A la Une\",\"Saint-Di\u00e9-des-Vosges et son Agglom\u00e9ration\",\"Vie Associative\"],\"inLanguage\":\"fr-FR\",\"potentialAction\":[{\"@type\":\"CommentAction\",\"name\":\"Comment\",\"target\":[\"https:\/\/vosgesinfo.fr\/saintdieinfo\/2024\/01\/sortie-commune-cretes-clubs-coeur-sante-de-saint-die-vosges-nancy\/#respond\"]}]},{\"@type\":\"WebPage\",\"@id\":\"https:\/\/vosgesinfo.fr\/saintdieinfo\/2024\/01\/sortie-commune-cretes-clubs-coeur-sante-de-saint-die-vosges-nancy\/\",\"url\":\"https:\/\/vosgesinfo.fr\/saintdieinfo\/2024\/01\/sortie-commune-cretes-clubs-coeur-sante-de-saint-die-vosges-nancy\/\",\"name\":\"Sortie commune sur les cr\u00eates pour les clubs Coeur et Sant\u00e9 de Saint-Di\u00e9-des-Vosges et Nancy - Saint Die Info\",\"isPartOf\":{\"@id\":\"https:\/\/vosgesinfo.fr\/saintdieinfo\/#website\"},\"primaryImageOfPage\":{\"@id\":\"https:\/\/vosgesinfo.fr\/saintdieinfo\/2024\/01\/sortie-commune-cretes-clubs-coeur-sante-de-saint-die-vosges-nancy\/#primaryimage\"},\"image\":{\"@id\":\"https:\/\/vosgesinfo.fr\/saintdieinfo\/2024\/01\/sortie-commune-cretes-clubs-coeur-sante-de-saint-die-vosges-nancy\/#primaryimage\"},\"thumbnailUrl\":\"https:\/\/vosgesinfo.fr\/app\/uploads\/sites\/4\/2024\/01\/sortie-cretes-clubs-coeur-et-sante-sddvnancy-1.jpg\",\"datePublished\":\"2024-01-26T12:00:37+00:00\",\"dateModified\":\"2024-02-27T16:10:55+00:00\",\"breadcrumb\":{\"@id\":\"https:\/\/vosgesinfo.fr\/saintdieinfo\/2024\/01\/sortie-commune-cretes-clubs-coeur-sante-de-saint-die-vosges-nancy\/#breadcrumb\"},\"inLanguage\":\"fr-FR\",\"potentialAction\":[{\"@type\":\"ReadAction\",\"target\":[\"https:\/\/vosgesinfo.fr\/saintdieinfo\/2024\/01\/sortie-commune-cretes-clubs-coeur-sante-de-saint-die-vosges-nancy\/\"]}]},{\"@type\":\"ImageObject\",\"inLanguage\":\"fr-FR\",\"@id\":\"https:\/\/vosgesinfo.fr\/saintdieinfo\/2024\/01\/sortie-commune-cretes-clubs-coeur-sante-de-saint-die-vosges-nancy\/#primaryimage\",\"url\":\"https:\/\/vosgesinfo.fr\/app\/uploads\/sites\/4\/2024\/01\/sortie-cretes-clubs-coeur-et-sante-sddvnancy-1.jpg\",\"contentUrl\":\"https:\/\/vosgesinfo.fr\/app\/uploads\/sites\/4\/2024\/01\/sortie-cretes-clubs-coeur-et-sante-sddvnancy-1.jpg\",\"width\":2048,\"height\":1365},{\"@type\":\"BreadcrumbList\",\"@id\":\"https:\/\/vosgesinfo.fr\/saintdieinfo\/2024\/01\/sortie-commune-cretes-clubs-coeur-sante-de-saint-die-vosges-nancy\/#breadcrumb\",\"itemListElement\":[{\"@type\":\"ListItem\",\"position\":1,\"name\":\"Home\",\"item\":\"https:\/\/vosgesinfo.fr\/saintdieinfo\/\"},{\"@type\":\"ListItem\",\"position\":2,\"name\":\"Sortie commune sur les cr\u00eates pour les clubs Coeur et Sant\u00e9 de Saint-Di\u00e9-des-Vosges et Nancy\"}]},{\"@type\":\"WebSite\",\"@id\":\"https:\/\/vosgesinfo.fr\/saintdieinfo\/#website\",\"url\":\"https:\/\/vosgesinfo.fr\/saintdieinfo\/\",\"name\":\"Saint Die Info\",\"description\":\"Toute l&#039;actualit\u00e9 de Saint-Di\u00e9-Des-Vosges\",\"publisher\":{\"@id\":\"https:\/\/vosgesinfo.fr\/saintdieinfo\/#organization\"},\"alternateName\":\"Toute l'actualit\u00e9 de Saint-Di\u00e9-Des-Vosges\",\"potentialAction\":[{\"@type\":\"SearchAction\",\"target\":{\"@type\":\"EntryPoint\",\"urlTemplate\":\"https:\/\/vosgesinfo.fr\/saintdieinfo\/?s={search_term_string}\"},\"query-input\":\"required name=search_term_string\"}],\"inLanguage\":\"fr-FR\"},{\"@type\":\"Organization\",\"@id\":\"https:\/\/vosgesinfo.fr\/saintdieinfo\/#organization\",\"name\":\"Saint Die Info\",\"url\":\"https:\/\/vosgesinfo.fr\/saintdieinfo\/\",\"logo\":{\"@type\":\"ImageObject\",\"inLanguage\":\"fr-FR\",\"@id\":\"https:\/\/vosgesinfo.fr\/saintdieinfo\/#\/schema\/logo\/image\/\",\"url\":\"https:\/\/vosgesinfo.fr\/app\/uploads\/sites\/4\/2024\/02\/logo-sdi.jpg\",\"contentUrl\":\"https:\/\/vosgesinfo.fr\/app\/uploads\/sites\/4\/2024\/02\/logo-sdi.jpg\",\"width\":600,\"height\":600,\"caption\":\"Saint Die Info\"},\"image\":{\"@id\":\"https:\/\/vosgesinfo.fr\/saintdieinfo\/#\/schema\/logo\/image\/\"},\"sameAs\":[\"https:\/\/www.facebook.com\/Saintdieinfofr\",\"https:\/\/x.com\/VosgesInfo88\",\"https:\/\/www.youtube.com\/@vosgesinfo\"]},{\"@type\":\"Person\",\"@id\":\"https:\/\/vosgesinfo.fr\/saintdieinfo\/#\/schema\/person\/faee6704a21f3977511db84bd1cd450f\",\"name\":\"la r\u00e9daction\",\"image\":{\"@type\":\"ImageObject\",\"inLanguage\":\"fr-FR\",\"@id\":\"https:\/\/vosgesinfo.fr\/saintdieinfo\/#\/schema\/person\/image\/\",\"url\":\"https:\/\/secure.gravatar.com\/avatar\/6673d8bc6a9c17fa9a453eaa3448de834fa308c2ec9635b7aa99441a7c8d2cf6?s=96&d=mm&r=g\",\"contentUrl\":\"https:\/\/secure.gravatar.com\/avatar\/6673d8bc6a9c17fa9a453eaa3448de834fa308c2ec9635b7aa99441a7c8d2cf6?s=96&d=mm&r=g\",\"caption\":\"la r\u00e9daction\"},\"url\":\"https:\/\/vosgesinfo.fr\/saintdieinfo\/author\/redac\/\"}]}<\/script>\n<!-- \/ Yoast SEO plugin. -->","yoast_head_json":{"title":"Sortie commune sur les cr\u00eates pour les clubs Coeur et Sant\u00e9 de Saint-Di\u00e9-des-Vosges et Nancy - Saint Die Info","robots":{"index":"index","follow":"follow","max-snippet":"max-snippet:-1","max-image-preview":"max-image-preview:large","max-video-preview":"max-video-preview:-1"},"canonical":"https:\/\/vosgesinfo.fr\/saintdieinfo\/2024\/01\/sortie-commune-cretes-clubs-coeur-sante-de-saint-die-vosges-nancy\/","twitter_card":"summary_large_image","twitter_title":"Sortie commune sur les cr\u00eates pour les clubs Coeur et Sant\u00e9 de Saint-Di\u00e9-des-Vosges et Nancy - Saint Die Info","twitter_description":"Faute de neige, la sortie en raquettes sur les cr\u00eates du club Coeur et Sant\u00e9 de Saint-Di\u00e9 s\u2019est transform\u00e9e en [&hellip;]","twitter_image":"https:\/\/vosgesinfo.fr\/app\/uploads\/sites\/4\/2024\/01\/sortie-cretes-clubs-coeur-et-sante-sddvnancy-1.jpg","twitter_creator":"@VosgesInfo88","twitter_site":"@VosgesInfo88","twitter_misc":{"\u00c9crit par":"la r\u00e9daction","Dur\u00e9e de lecture estim\u00e9e":"2 minutes"},"schema":{"@context":"https:\/\/schema.org","@graph":[{"@type":"Article","@id":"https:\/\/vosgesinfo.fr\/saintdieinfo\/2024\/01\/sortie-commune-cretes-clubs-coeur-sante-de-saint-die-vosges-nancy\/#article","isPartOf":{"@id":"https:\/\/vosgesinfo.fr\/saintdieinfo\/2024\/01\/sortie-commune-cretes-clubs-coeur-sante-de-saint-die-vosges-nancy\/"},"author":{"name":"la r\u00e9daction","@id":"https:\/\/vosgesinfo.fr\/saintdieinfo\/#\/schema\/person\/faee6704a21f3977511db84bd1cd450f"},"headline":"Sortie commune sur les cr\u00eates pour les clubs Coeur et Sant\u00e9 de Saint-Di\u00e9-des-Vosges et Nancy","datePublished":"2024-01-26T12:00:37+00:00","dateModified":"2024-02-27T16:10:55+00:00","mainEntityOfPage":{"@id":"https:\/\/vosgesinfo.fr\/saintdieinfo\/2024\/01\/sortie-commune-cretes-clubs-coeur-sante-de-saint-die-vosges-nancy\/"},"wordCount":364,"commentCount":0,"publisher":{"@id":"https:\/\/vosgesinfo.fr\/saintdieinfo\/#organization"},"image":{"@id":"https:\/\/vosgesinfo.fr\/saintdieinfo\/2024\/01\/sortie-commune-cretes-clubs-coeur-sante-de-saint-die-vosges-nancy\/#primaryimage"},"thumbnailUrl":"https:\/\/vosgesinfo.fr\/app\/uploads\/sites\/4\/2024\/01\/sortie-cretes-clubs-coeur-et-sante-sddvnancy-1.jpg","keywords":["Club Coeur et Sant\u00e9 de Nancy","Club Coeur et Sant\u00e9 de Saint-Di\u00e9-des-Vosges","Cr\u00eates Vosgiennes"],"articleSection":["A la Une","Saint-Di\u00e9-des-Vosges et son Agglom\u00e9ration","Vie Associative"],"inLanguage":"fr-FR","potentialAction":[{"@type":"CommentAction","name":"Comment","target":["https:\/\/vosgesinfo.fr\/saintdieinfo\/2024\/01\/sortie-commune-cretes-clubs-coeur-sante-de-saint-die-vosges-nancy\/#respond"]}]},{"@type":"WebPage","@id":"https:\/\/vosgesinfo.fr\/saintdieinfo\/2024\/01\/sortie-commune-cretes-clubs-coeur-sante-de-saint-die-vosges-nancy\/","url":"https:\/\/vosgesinfo.fr\/saintdieinfo\/2024\/01\/sortie-commune-cretes-clubs-coeur-sante-de-saint-die-vosges-nancy\/","name":"Sortie commune sur les cr\u00eates pour les clubs Coeur et Sant\u00e9 de Saint-Di\u00e9-des-Vosges et Nancy - Saint Die Info","isPartOf":{"@id":"https:\/\/vosgesinfo.fr\/saintdieinfo\/#website"},"primaryImageOfPage":{"@id":"https:\/\/vosgesinfo.fr\/saintdieinfo\/2024\/01\/sortie-commune-cretes-clubs-coeur-sante-de-saint-die-vosges-nancy\/#primaryimage"},"image":{"@id":"https:\/\/vosgesinfo.fr\/saintdieinfo\/2024\/01\/sortie-commune-cretes-clubs-coeur-sante-de-saint-die-vosges-nancy\/#primaryimage"},"thumbnailUrl":"https:\/\/vosgesinfo.fr\/app\/uploads\/sites\/4\/2024\/01\/sortie-cretes-clubs-coeur-et-sante-sddvnancy-1.jpg","datePublished":"2024-01-26T12:00:37+00:00","dateModified":"2024-02-27T16:10:55+00:00","breadcrumb":{"@id":"https:\/\/vosgesinfo.fr\/saintdieinfo\/2024\/01\/sortie-commune-cretes-clubs-coeur-sante-de-saint-die-vosges-nancy\/#breadcrumb"},"inLanguage":"fr-FR","potentialAction":[{"@type":"ReadAction","target":["https:\/\/vosgesinfo.fr\/saintdieinfo\/2024\/01\/sortie-commune-cretes-clubs-coeur-sante-de-saint-die-vosges-nancy\/"]}]},{"@type":"ImageObject","inLanguage":"fr-FR","@id":"https:\/\/vosgesinfo.fr\/saintdieinfo\/2024\/01\/sortie-commune-cretes-clubs-coeur-sante-de-saint-die-vosges-nancy\/#primaryimage","url":"https:\/\/vosgesinfo.fr\/app\/uploads\/sites\/4\/2024\/01\/sortie-cretes-clubs-coeur-et-sante-sddvnancy-1.jpg","contentUrl":"https:\/\/vosgesinfo.fr\/app\/uploads\/sites\/4\/2024\/01\/sortie-cretes-clubs-coeur-et-sante-sddvnancy-1.jpg","width":2048,"height":1365},{"@type":"BreadcrumbList","@id":"https:\/\/vosgesinfo.fr\/saintdieinfo\/2024\/01\/sortie-commune-cretes-clubs-coeur-sante-de-saint-die-vosges-nancy\/#breadcrumb","itemListElement":[{"@type":"ListItem","position":1,"name":"Home","item":"https:\/\/vosgesinfo.fr\/saintdieinfo\/"},{"@type":"ListItem","position":2,"name":"Sortie commune sur les cr\u00eates pour les clubs Coeur et Sant\u00e9 de Saint-Di\u00e9-des-Vosges et Nancy"}]},{"@type":"WebSite","@id":"https:\/\/vosgesinfo.fr\/saintdieinfo\/#website","url":"https:\/\/vosgesinfo.fr\/saintdieinfo\/","name":"Saint Die Info","description":"Toute l&#039;actualit\u00e9 de Saint-Di\u00e9-Des-Vosges","publisher":{"@id":"https:\/\/vosgesinfo.fr\/saintdieinfo\/#organization"},"alternateName":"Toute l'actualit\u00e9 de Saint-Di\u00e9-Des-Vosges","potentialAction":[{"@type":"SearchAction","target":{"@type":"EntryPoint","urlTemplate":"https:\/\/vosgesinfo.fr\/saintdieinfo\/?s={search_term_string}"},"query-input":"required name=search_term_string"}],"inLanguage":"fr-FR"},{"@type":"Organization","@id":"https:\/\/vosgesinfo.fr\/saintdieinfo\/#organization","name":"Saint Die Info","url":"https:\/\/vosgesinfo.fr\/saintdieinfo\/","logo":{"@type":"ImageObject","inLanguage":"fr-FR","@id":"https:\/\/vosgesinfo.fr\/saintdieinfo\/#\/schema\/logo\/image\/","url":"https:\/\/vosgesinfo.fr\/app\/uploads\/sites\/4\/2024\/02\/logo-sdi.jpg","contentUrl":"https:\/\/vosgesinfo.fr\/app\/uploads\/sites\/4\/2024\/02\/logo-sdi.jpg","width":600,"height":600,"caption":"Saint Die Info"},"image":{"@id":"https:\/\/vosgesinfo.fr\/saintdieinfo\/#\/schema\/logo\/image\/"},"sameAs":["https:\/\/www.facebook.com\/Saintdieinfofr","https:\/\/x.com\/VosgesInfo88","https:\/\/www.youtube.com\/@vosgesinfo"]},{"@type":"Person","@id":"https:\/\/vosgesinfo.fr\/saintdieinfo\/#\/schema\/person\/faee6704a21f3977511db84bd1cd450f","name":"la r\u00e9daction","image":{"@type":"ImageObject","inLanguage":"fr-FR","@id":"https:\/\/vosgesinfo.fr\/saintdieinfo\/#\/schema\/person\/image\/","url":"https:\/\/secure.gravatar.com\/avatar\/6673d8bc6a9c17fa9a453eaa3448de834fa308c2ec9635b7aa99441a7c8d2cf6?s=96&d=mm&r=g","contentUrl":"https:\/\/secure.gravatar.com\/avatar\/6673d8bc6a9c17fa9a453eaa3448de834fa308c2ec9635b7aa99441a7c8d2cf6?s=96&d=mm&r=g","caption":"la r\u00e9daction"},"url":"https:\/\/vosgesinfo.fr\/saintdieinfo\/author\/redac\/"}]}},"_links":{"self":[{"href":"https:\/\/vosgesinfo.fr\/saintdieinfo\/wp-json\/wp\/v2\/posts\/23859","targetHints":{"allow":["GET"]}}],"collection":[{"href":"https:\/\/vosgesinfo.fr\/saintdieinfo\/wp-json\/wp\/v2\/posts"}],"about":[{"href":"https:\/\/vosgesinfo.fr\/saintdieinfo\/wp-json\/wp\/v2\/types\/post"}],"author":[{"embeddable":true,"href":"https:\/\/vosgesinfo.fr\/saintdieinfo\/wp-json\/wp\/v2\/users\/44"}],"replies":[{"embeddable":true,"href":"https:\/\/vosgesinfo.fr\/saintdieinfo\/wp-json\/wp\/v2\/comments?post=23859"}],"version-history":[{"count":1,"href":"https:\/\/vosgesinfo.fr\/saintdieinfo\/wp-json\/wp\/v2\/posts\/23859\/revisions"}],"predecessor-version":[{"id":24217,"href":"https:\/\/vosgesinfo.fr\/saintdieinfo\/wp-json\/wp\/v2\/posts\/23859\/revisions\/24217"}],"wp:featuredmedia":[{"embeddable":true,"href":"https:\/\/vosgesinfo.fr\/saintdieinfo\/wp-json\/wp\/v2\/media\/23858"}],"wp:attachment":[{"href":"https:\/\/vosgesinfo.fr\/saintdieinfo\/wp-json\/wp\/v2\/media?parent=23859"}],"wp:term":[{"taxonomy":"category","embeddable":true,"href":"https:\/\/vosgesinfo.fr\/saintdieinfo\/wp-json\/wp\/v2\/categories?post=23859"},{"taxonomy":"post_tag","embeddable":true,"href":"https:\/\/vosgesinfo.fr\/saintdieinfo\/wp-json\/wp\/v2\/tags?post=23859"}],"curies":[{"name":"wp","href":"https:\/\/api.w.org\/{rel}","templated":true}]}}