{"id":23934,"date":"2024-01-29T13:13:47","date_gmt":"2024-01-29T12:13:47","guid":{"rendered":"https:\/\/vosgesinfo.fr\/saintdieinfo\/2024\/01\/athletisme-lachm-sillustre-lors-du-meeting-national-de-vittel\/"},"modified":"2024-02-27T17:11:03","modified_gmt":"2024-02-27T16:11:03","slug":"athletisme-lachm-sillustre-lors-meeting-national-de-vittel","status":"publish","type":"post","link":"https:\/\/vosgesinfo.fr\/saintdieinfo\/2024\/01\/athletisme-lachm-sillustre-lors-meeting-national-de-vittel\/","title":{"rendered":"Athl\u00e9tisme\u00a0: l&rsquo;ACHM s&rsquo;illustre lors du Meeting National de Vittel"},"content":{"rendered":"<div id=\"attachment_211674\" style=\"width: 471px\" class=\"wp-caption aligncenter\"><a href=\"https:\/\/saintdieinfo.fr\/wp-content\/uploads\/2024\/01\/ACHM_Meeting_National_Vittel-3.jpg\" target=\"_blank\" rel=\"noopener\"><img decoding=\"async\" aria-describedby=\"caption-attachment-211674\" class=\"wp-image-211674 size-large\" src=\"https:\/\/vosgesinfo.fr\/app\/uploads\/sites\/4\/2024\/01\/achm-meeting-national-vittel-3.jpg\" alt=\"ACHM_Meeting_National_Vittel (3)\" width=\"461\" height=\"1024\" \/><\/a><p id=\"caption-attachment-211674\" class=\"wp-caption-text\">(Photographies ACHM)<\/p><\/div>\n<h2><strong><span style=\"font-size: 14pt;\">Ce samedi 27 janvier s&rsquo;est tenu le Meeting National de Vittel ainsi que le championnat des Vosges en salle de marche et sauts. Quelques athl\u00e8tes de l&rsquo;Athl\u00e9tique Club de la Haute Meurthe \u2013 ACHM \u2013 \u00e9taient pr\u00e9sents&#8230; et de nombreux records du club d\u00e9odatien sont tomb\u00e9s par la m\u00eame occasion.<\/span><\/strong><\/h2>\n<p><!--more--><\/p>\n<h3><strong><span style=\"font-size: 12pt;\">Les r\u00e9sultats en d\u00e9tails :<\/span><\/strong><\/h3>\n<ul>\n<li>Ma\u00e9 VOINSON (JUF) et Jessy ALIZON (ESM) align\u00e9s sur le 3000m indoor finissent tous les deux vice-champions du Grand Est dans leur cat\u00e9gorie. Ma\u00e9: 10\u201910&Prime;00 (RP); Jessy: 9\u201951&Prime;47.<\/li>\n<li>Morgane LAPREVOTE (BEF) 3 \u00e8me des Vosges au 2000m marche en 13\u201903&Prime;13 (record du club indoor chez les benjamines).<\/li>\n<li>Marine AOUMEUR (MIF) 5 \u00e8me au 3000m marche en 19\u201955&Prime;00 (record du club indoor chez les minimes filles).<\/li>\n<li>Evan PERREAU GUILLEMAIN (BEM) champion des Vosges au 2000m marche en 13\u201912&Prime;86 (record du club indoor chez les benjamins).<\/li>\n<li>Ilya EHLINGER (CAM) 10 \u00e8me \u00e0 la longueur (4m49) et 6 \u00e8me au triple saut (9m80).<\/li>\n<li>Nikola\u00ef EHLINGER (CAM) 5 \u00e8me au triple saut (10m26).<\/li>\n<li>Baptiste JOUCHTER (CAM) champion des Vosges au triple saut (10m91) et 3 \u00e8me des Vosges \u00e0 la longueur (5m68).<\/li>\n<li>Tim\u00e9o REMY (CAM) vice-champion des Vosges au triple saut (10m43)et 6 \u00e8me \u00e0 la longueur (5m06).<\/li>\n<li>Lo\u00efc R\u00c9MY (JUM) 8 \u00e8me \u00e0 la longueur (4m96).<\/li>\n<li>Quentin MONANGE (SEM) champion des Vosges \u00e0 la longueur (6m13).<\/li>\n<\/ul>\n\n","protected":false},"excerpt":{"rendered":"<p>Ce samedi 27 janvier s&rsquo;est tenu le Meeting National de Vittel ainsi que le championnat des Vosges en salle de [&hellip;]<\/p>\n","protected":false},"author":44,"featured_media":23933,"comment_status":"open","ping_status":"open","sticky":false,"template":"","format":"standard","meta":{"footnotes":""},"categories":[460,2915,14,18],"tags":[3778,3855,1659,116],"class_list":["post-23934","post","type-post","status-publish","format-standard","has-post-thumbnail","hentry","category-a-la-une","category-saint-die-son-canton","category-sport","category-vosges","tag-achm","tag-athletique-club-de-la-haute-meurthe","tag-athletisme","tag-vittel"],"acf":[],"yoast_head":"<!-- This site is optimized with the Yoast SEO plugin v22.5 - https:\/\/yoast.com\/wordpress\/plugins\/seo\/ -->\n<title>Athl\u00e9tisme\u00a0: l&#039;ACHM s&#039;illustre lors du Meeting National de Vittel - Saint Die Info<\/title>\n<meta name=\"robots\" content=\"index, follow, max-snippet:-1, max-image-preview:large, max-video-preview:-1\" \/>\n<link rel=\"canonical\" href=\"https:\/\/vosgesinfo.fr\/saintdieinfo\/2024\/01\/athletisme-lachm-sillustre-lors-meeting-national-de-vittel\/\" \/>\n<meta name=\"twitter:card\" content=\"summary_large_image\" \/>\n<meta name=\"twitter:title\" content=\"Athl\u00e9tisme\u00a0: l&#039;ACHM s&#039;illustre lors du Meeting National de Vittel - Saint Die Info\" \/>\n<meta name=\"twitter:description\" content=\"Ce samedi 27 janvier s&rsquo;est tenu le Meeting National de Vittel ainsi que le championnat des Vosges en salle de [&hellip;]\" \/>\n<meta name=\"twitter:image\" content=\"https:\/\/vosgesinfo.fr\/app\/uploads\/sites\/4\/2024\/01\/achm-meeting-national-vittel-3.jpg\" \/>\n<meta name=\"twitter:creator\" content=\"@VosgesInfo88\" \/>\n<meta name=\"twitter:site\" content=\"@VosgesInfo88\" \/>\n<meta name=\"twitter:label1\" content=\"\u00c9crit par\" \/>\n\t<meta name=\"twitter:data1\" content=\"la r\u00e9daction\" \/>\n\t<meta name=\"twitter:label2\" content=\"Dur\u00e9e de lecture estim\u00e9e\" \/>\n\t<meta name=\"twitter:data2\" content=\"1 minute\" \/>\n<script type=\"application\/ld+json\" class=\"yoast-schema-graph\">{\"@context\":\"https:\/\/schema.org\",\"@graph\":[{\"@type\":\"Article\",\"@id\":\"https:\/\/vosgesinfo.fr\/saintdieinfo\/2024\/01\/athletisme-lachm-sillustre-lors-meeting-national-de-vittel\/#article\",\"isPartOf\":{\"@id\":\"https:\/\/vosgesinfo.fr\/saintdieinfo\/2024\/01\/athletisme-lachm-sillustre-lors-meeting-national-de-vittel\/\"},\"author\":{\"name\":\"la r\u00e9daction\",\"@id\":\"https:\/\/vosgesinfo.fr\/saintdieinfo\/#\/schema\/person\/faee6704a21f3977511db84bd1cd450f\"},\"headline\":\"Athl\u00e9tisme\u00a0: l&rsquo;ACHM s&rsquo;illustre lors du Meeting National de Vittel\",\"datePublished\":\"2024-01-29T12:13:47+00:00\",\"dateModified\":\"2024-02-27T16:11:03+00:00\",\"mainEntityOfPage\":{\"@id\":\"https:\/\/vosgesinfo.fr\/saintdieinfo\/2024\/01\/athletisme-lachm-sillustre-lors-meeting-national-de-vittel\/\"},\"wordCount\":239,\"commentCount\":0,\"publisher\":{\"@id\":\"https:\/\/vosgesinfo.fr\/saintdieinfo\/#organization\"},\"image\":{\"@id\":\"https:\/\/vosgesinfo.fr\/saintdieinfo\/2024\/01\/athletisme-lachm-sillustre-lors-meeting-national-de-vittel\/#primaryimage\"},\"thumbnailUrl\":\"https:\/\/vosgesinfo.fr\/app\/uploads\/sites\/4\/2024\/01\/achm-meeting-national-vittel-3.jpg\",\"keywords\":[\"ACHM\",\"Athl\u00e9tique Club de la Haute-Meurthe\",\"Athl\u00e9tisme\",\"Vittel\"],\"articleSection\":[\"A la Une\",\"Saint-Di\u00e9-des-Vosges et son Agglom\u00e9ration\",\"Sport\",\"Vosges\"],\"inLanguage\":\"fr-FR\",\"potentialAction\":[{\"@type\":\"CommentAction\",\"name\":\"Comment\",\"target\":[\"https:\/\/vosgesinfo.fr\/saintdieinfo\/2024\/01\/athletisme-lachm-sillustre-lors-meeting-national-de-vittel\/#respond\"]}]},{\"@type\":\"WebPage\",\"@id\":\"https:\/\/vosgesinfo.fr\/saintdieinfo\/2024\/01\/athletisme-lachm-sillustre-lors-meeting-national-de-vittel\/\",\"url\":\"https:\/\/vosgesinfo.fr\/saintdieinfo\/2024\/01\/athletisme-lachm-sillustre-lors-meeting-national-de-vittel\/\",\"name\":\"Athl\u00e9tisme\u00a0: l'ACHM s'illustre lors du Meeting National de Vittel - Saint Die Info\",\"isPartOf\":{\"@id\":\"https:\/\/vosgesinfo.fr\/saintdieinfo\/#website\"},\"primaryImageOfPage\":{\"@id\":\"https:\/\/vosgesinfo.fr\/saintdieinfo\/2024\/01\/athletisme-lachm-sillustre-lors-meeting-national-de-vittel\/#primaryimage\"},\"image\":{\"@id\":\"https:\/\/vosgesinfo.fr\/saintdieinfo\/2024\/01\/athletisme-lachm-sillustre-lors-meeting-national-de-vittel\/#primaryimage\"},\"thumbnailUrl\":\"https:\/\/vosgesinfo.fr\/app\/uploads\/sites\/4\/2024\/01\/achm-meeting-national-vittel-3.jpg\",\"datePublished\":\"2024-01-29T12:13:47+00:00\",\"dateModified\":\"2024-02-27T16:11:03+00:00\",\"breadcrumb\":{\"@id\":\"https:\/\/vosgesinfo.fr\/saintdieinfo\/2024\/01\/athletisme-lachm-sillustre-lors-meeting-national-de-vittel\/#breadcrumb\"},\"inLanguage\":\"fr-FR\",\"potentialAction\":[{\"@type\":\"ReadAction\",\"target\":[\"https:\/\/vosgesinfo.fr\/saintdieinfo\/2024\/01\/athletisme-lachm-sillustre-lors-meeting-national-de-vittel\/\"]}]},{\"@type\":\"ImageObject\",\"inLanguage\":\"fr-FR\",\"@id\":\"https:\/\/vosgesinfo.fr\/saintdieinfo\/2024\/01\/athletisme-lachm-sillustre-lors-meeting-national-de-vittel\/#primaryimage\",\"url\":\"https:\/\/vosgesinfo.fr\/app\/uploads\/sites\/4\/2024\/01\/achm-meeting-national-vittel-3.jpg\",\"contentUrl\":\"https:\/\/vosgesinfo.fr\/app\/uploads\/sites\/4\/2024\/01\/achm-meeting-national-vittel-3.jpg\",\"width\":640,\"height\":1423},{\"@type\":\"BreadcrumbList\",\"@id\":\"https:\/\/vosgesinfo.fr\/saintdieinfo\/2024\/01\/athletisme-lachm-sillustre-lors-meeting-national-de-vittel\/#breadcrumb\",\"itemListElement\":[{\"@type\":\"ListItem\",\"position\":1,\"name\":\"Home\",\"item\":\"https:\/\/vosgesinfo.fr\/saintdieinfo\/\"},{\"@type\":\"ListItem\",\"position\":2,\"name\":\"Athl\u00e9tisme\u00a0: l&rsquo;ACHM s&rsquo;illustre lors du Meeting National de Vittel\"}]},{\"@type\":\"WebSite\",\"@id\":\"https:\/\/vosgesinfo.fr\/saintdieinfo\/#website\",\"url\":\"https:\/\/vosgesinfo.fr\/saintdieinfo\/\",\"name\":\"Saint Die Info\",\"description\":\"Toute l&#039;actualit\u00e9 de Saint-Di\u00e9-Des-Vosges\",\"publisher\":{\"@id\":\"https:\/\/vosgesinfo.fr\/saintdieinfo\/#organization\"},\"alternateName\":\"Toute l'actualit\u00e9 de Saint-Di\u00e9-Des-Vosges\",\"potentialAction\":[{\"@type\":\"SearchAction\",\"target\":{\"@type\":\"EntryPoint\",\"urlTemplate\":\"https:\/\/vosgesinfo.fr\/saintdieinfo\/?s={search_term_string}\"},\"query-input\":\"required name=search_term_string\"}],\"inLanguage\":\"fr-FR\"},{\"@type\":\"Organization\",\"@id\":\"https:\/\/vosgesinfo.fr\/saintdieinfo\/#organization\",\"name\":\"Saint Die Info\",\"url\":\"https:\/\/vosgesinfo.fr\/saintdieinfo\/\",\"logo\":{\"@type\":\"ImageObject\",\"inLanguage\":\"fr-FR\",\"@id\":\"https:\/\/vosgesinfo.fr\/saintdieinfo\/#\/schema\/logo\/image\/\",\"url\":\"https:\/\/vosgesinfo.fr\/app\/uploads\/sites\/4\/2024\/02\/logo-sdi.jpg\",\"contentUrl\":\"https:\/\/vosgesinfo.fr\/app\/uploads\/sites\/4\/2024\/02\/logo-sdi.jpg\",\"width\":600,\"height\":600,\"caption\":\"Saint Die Info\"},\"image\":{\"@id\":\"https:\/\/vosgesinfo.fr\/saintdieinfo\/#\/schema\/logo\/image\/\"},\"sameAs\":[\"https:\/\/www.facebook.com\/Saintdieinfofr\",\"https:\/\/x.com\/VosgesInfo88\",\"https:\/\/www.youtube.com\/@vosgesinfo\"]},{\"@type\":\"Person\",\"@id\":\"https:\/\/vosgesinfo.fr\/saintdieinfo\/#\/schema\/person\/faee6704a21f3977511db84bd1cd450f\",\"name\":\"la r\u00e9daction\",\"image\":{\"@type\":\"ImageObject\",\"inLanguage\":\"fr-FR\",\"@id\":\"https:\/\/vosgesinfo.fr\/saintdieinfo\/#\/schema\/person\/image\/\",\"url\":\"https:\/\/secure.gravatar.com\/avatar\/6673d8bc6a9c17fa9a453eaa3448de834fa308c2ec9635b7aa99441a7c8d2cf6?s=96&d=mm&r=g\",\"contentUrl\":\"https:\/\/secure.gravatar.com\/avatar\/6673d8bc6a9c17fa9a453eaa3448de834fa308c2ec9635b7aa99441a7c8d2cf6?s=96&d=mm&r=g\",\"caption\":\"la r\u00e9daction\"},\"url\":\"https:\/\/vosgesinfo.fr\/saintdieinfo\/author\/redac\/\"}]}<\/script>\n<!-- \/ Yoast SEO plugin. -->","yoast_head_json":{"title":"Athl\u00e9tisme\u00a0: l'ACHM s'illustre lors du Meeting National de Vittel - Saint Die Info","robots":{"index":"index","follow":"follow","max-snippet":"max-snippet:-1","max-image-preview":"max-image-preview:large","max-video-preview":"max-video-preview:-1"},"canonical":"https:\/\/vosgesinfo.fr\/saintdieinfo\/2024\/01\/athletisme-lachm-sillustre-lors-meeting-national-de-vittel\/","twitter_card":"summary_large_image","twitter_title":"Athl\u00e9tisme\u00a0: l'ACHM s'illustre lors du Meeting National de Vittel - Saint Die Info","twitter_description":"Ce samedi 27 janvier s&rsquo;est tenu le Meeting National de Vittel ainsi que le championnat des Vosges en salle de [&hellip;]","twitter_image":"https:\/\/vosgesinfo.fr\/app\/uploads\/sites\/4\/2024\/01\/achm-meeting-national-vittel-3.jpg","twitter_creator":"@VosgesInfo88","twitter_site":"@VosgesInfo88","twitter_misc":{"\u00c9crit par":"la r\u00e9daction","Dur\u00e9e de lecture estim\u00e9e":"1 minute"},"schema":{"@context":"https:\/\/schema.org","@graph":[{"@type":"Article","@id":"https:\/\/vosgesinfo.fr\/saintdieinfo\/2024\/01\/athletisme-lachm-sillustre-lors-meeting-national-de-vittel\/#article","isPartOf":{"@id":"https:\/\/vosgesinfo.fr\/saintdieinfo\/2024\/01\/athletisme-lachm-sillustre-lors-meeting-national-de-vittel\/"},"author":{"name":"la r\u00e9daction","@id":"https:\/\/vosgesinfo.fr\/saintdieinfo\/#\/schema\/person\/faee6704a21f3977511db84bd1cd450f"},"headline":"Athl\u00e9tisme\u00a0: l&rsquo;ACHM s&rsquo;illustre lors du Meeting National de Vittel","datePublished":"2024-01-29T12:13:47+00:00","dateModified":"2024-02-27T16:11:03+00:00","mainEntityOfPage":{"@id":"https:\/\/vosgesinfo.fr\/saintdieinfo\/2024\/01\/athletisme-lachm-sillustre-lors-meeting-national-de-vittel\/"},"wordCount":239,"commentCount":0,"publisher":{"@id":"https:\/\/vosgesinfo.fr\/saintdieinfo\/#organization"},"image":{"@id":"https:\/\/vosgesinfo.fr\/saintdieinfo\/2024\/01\/athletisme-lachm-sillustre-lors-meeting-national-de-vittel\/#primaryimage"},"thumbnailUrl":"https:\/\/vosgesinfo.fr\/app\/uploads\/sites\/4\/2024\/01\/achm-meeting-national-vittel-3.jpg","keywords":["ACHM","Athl\u00e9tique Club de la Haute-Meurthe","Athl\u00e9tisme","Vittel"],"articleSection":["A la Une","Saint-Di\u00e9-des-Vosges et son Agglom\u00e9ration","Sport","Vosges"],"inLanguage":"fr-FR","potentialAction":[{"@type":"CommentAction","name":"Comment","target":["https:\/\/vosgesinfo.fr\/saintdieinfo\/2024\/01\/athletisme-lachm-sillustre-lors-meeting-national-de-vittel\/#respond"]}]},{"@type":"WebPage","@id":"https:\/\/vosgesinfo.fr\/saintdieinfo\/2024\/01\/athletisme-lachm-sillustre-lors-meeting-national-de-vittel\/","url":"https:\/\/vosgesinfo.fr\/saintdieinfo\/2024\/01\/athletisme-lachm-sillustre-lors-meeting-national-de-vittel\/","name":"Athl\u00e9tisme\u00a0: l'ACHM s'illustre lors du Meeting National de Vittel - Saint Die Info","isPartOf":{"@id":"https:\/\/vosgesinfo.fr\/saintdieinfo\/#website"},"primaryImageOfPage":{"@id":"https:\/\/vosgesinfo.fr\/saintdieinfo\/2024\/01\/athletisme-lachm-sillustre-lors-meeting-national-de-vittel\/#primaryimage"},"image":{"@id":"https:\/\/vosgesinfo.fr\/saintdieinfo\/2024\/01\/athletisme-lachm-sillustre-lors-meeting-national-de-vittel\/#primaryimage"},"thumbnailUrl":"https:\/\/vosgesinfo.fr\/app\/uploads\/sites\/4\/2024\/01\/achm-meeting-national-vittel-3.jpg","datePublished":"2024-01-29T12:13:47+00:00","dateModified":"2024-02-27T16:11:03+00:00","breadcrumb":{"@id":"https:\/\/vosgesinfo.fr\/saintdieinfo\/2024\/01\/athletisme-lachm-sillustre-lors-meeting-national-de-vittel\/#breadcrumb"},"inLanguage":"fr-FR","potentialAction":[{"@type":"ReadAction","target":["https:\/\/vosgesinfo.fr\/saintdieinfo\/2024\/01\/athletisme-lachm-sillustre-lors-meeting-national-de-vittel\/"]}]},{"@type":"ImageObject","inLanguage":"fr-FR","@id":"https:\/\/vosgesinfo.fr\/saintdieinfo\/2024\/01\/athletisme-lachm-sillustre-lors-meeting-national-de-vittel\/#primaryimage","url":"https:\/\/vosgesinfo.fr\/app\/uploads\/sites\/4\/2024\/01\/achm-meeting-national-vittel-3.jpg","contentUrl":"https:\/\/vosgesinfo.fr\/app\/uploads\/sites\/4\/2024\/01\/achm-meeting-national-vittel-3.jpg","width":640,"height":1423},{"@type":"BreadcrumbList","@id":"https:\/\/vosgesinfo.fr\/saintdieinfo\/2024\/01\/athletisme-lachm-sillustre-lors-meeting-national-de-vittel\/#breadcrumb","itemListElement":[{"@type":"ListItem","position":1,"name":"Home","item":"https:\/\/vosgesinfo.fr\/saintdieinfo\/"},{"@type":"ListItem","position":2,"name":"Athl\u00e9tisme\u00a0: l&rsquo;ACHM s&rsquo;illustre lors du Meeting National de Vittel"}]},{"@type":"WebSite","@id":"https:\/\/vosgesinfo.fr\/saintdieinfo\/#website","url":"https:\/\/vosgesinfo.fr\/saintdieinfo\/","name":"Saint Die Info","description":"Toute l&#039;actualit\u00e9 de Saint-Di\u00e9-Des-Vosges","publisher":{"@id":"https:\/\/vosgesinfo.fr\/saintdieinfo\/#organization"},"alternateName":"Toute l'actualit\u00e9 de Saint-Di\u00e9-Des-Vosges","potentialAction":[{"@type":"SearchAction","target":{"@type":"EntryPoint","urlTemplate":"https:\/\/vosgesinfo.fr\/saintdieinfo\/?s={search_term_string}"},"query-input":"required name=search_term_string"}],"inLanguage":"fr-FR"},{"@type":"Organization","@id":"https:\/\/vosgesinfo.fr\/saintdieinfo\/#organization","name":"Saint Die Info","url":"https:\/\/vosgesinfo.fr\/saintdieinfo\/","logo":{"@type":"ImageObject","inLanguage":"fr-FR","@id":"https:\/\/vosgesinfo.fr\/saintdieinfo\/#\/schema\/logo\/image\/","url":"https:\/\/vosgesinfo.fr\/app\/uploads\/sites\/4\/2024\/02\/logo-sdi.jpg","contentUrl":"https:\/\/vosgesinfo.fr\/app\/uploads\/sites\/4\/2024\/02\/logo-sdi.jpg","width":600,"height":600,"caption":"Saint Die Info"},"image":{"@id":"https:\/\/vosgesinfo.fr\/saintdieinfo\/#\/schema\/logo\/image\/"},"sameAs":["https:\/\/www.facebook.com\/Saintdieinfofr","https:\/\/x.com\/VosgesInfo88","https:\/\/www.youtube.com\/@vosgesinfo"]},{"@type":"Person","@id":"https:\/\/vosgesinfo.fr\/saintdieinfo\/#\/schema\/person\/faee6704a21f3977511db84bd1cd450f","name":"la r\u00e9daction","image":{"@type":"ImageObject","inLanguage":"fr-FR","@id":"https:\/\/vosgesinfo.fr\/saintdieinfo\/#\/schema\/person\/image\/","url":"https:\/\/secure.gravatar.com\/avatar\/6673d8bc6a9c17fa9a453eaa3448de834fa308c2ec9635b7aa99441a7c8d2cf6?s=96&d=mm&r=g","contentUrl":"https:\/\/secure.gravatar.com\/avatar\/6673d8bc6a9c17fa9a453eaa3448de834fa308c2ec9635b7aa99441a7c8d2cf6?s=96&d=mm&r=g","caption":"la r\u00e9daction"},"url":"https:\/\/vosgesinfo.fr\/saintdieinfo\/author\/redac\/"}]}},"_links":{"self":[{"href":"https:\/\/vosgesinfo.fr\/saintdieinfo\/wp-json\/wp\/v2\/posts\/23934","targetHints":{"allow":["GET"]}}],"collection":[{"href":"https:\/\/vosgesinfo.fr\/saintdieinfo\/wp-json\/wp\/v2\/posts"}],"about":[{"href":"https:\/\/vosgesinfo.fr\/saintdieinfo\/wp-json\/wp\/v2\/types\/post"}],"author":[{"embeddable":true,"href":"https:\/\/vosgesinfo.fr\/saintdieinfo\/wp-json\/wp\/v2\/users\/44"}],"replies":[{"embeddable":true,"href":"https:\/\/vosgesinfo.fr\/saintdieinfo\/wp-json\/wp\/v2\/comments?post=23934"}],"version-history":[{"count":1,"href":"https:\/\/vosgesinfo.fr\/saintdieinfo\/wp-json\/wp\/v2\/posts\/23934\/revisions"}],"predecessor-version":[{"id":24247,"href":"https:\/\/vosgesinfo.fr\/saintdieinfo\/wp-json\/wp\/v2\/posts\/23934\/revisions\/24247"}],"wp:featuredmedia":[{"embeddable":true,"href":"https:\/\/vosgesinfo.fr\/saintdieinfo\/wp-json\/wp\/v2\/media\/23933"}],"wp:attachment":[{"href":"https:\/\/vosgesinfo.fr\/saintdieinfo\/wp-json\/wp\/v2\/media?parent=23934"}],"wp:term":[{"taxonomy":"category","embeddable":true,"href":"https:\/\/vosgesinfo.fr\/saintdieinfo\/wp-json\/wp\/v2\/categories?post=23934"},{"taxonomy":"post_tag","embeddable":true,"href":"https:\/\/vosgesinfo.fr\/saintdieinfo\/wp-json\/wp\/v2\/tags?post=23934"}],"curies":[{"name":"wp","href":"https:\/\/api.w.org\/{rel}","templated":true}]}}