{"id":24411,"date":"2024-02-03T16:13:18","date_gmt":"2024-02-03T15:13:18","guid":{"rendered":"https:\/\/vosgesinfo.fr\/saintdieinfo\/?p=24411"},"modified":"2024-02-03T16:14:10","modified_gmt":"2024-02-03T15:14:10","slug":"les-jeunes-elus-du-conseil-municipal-des-jeunes-de-saint-die-des-vosges-ont-recu-leurs-echarpes","status":"publish","type":"post","link":"https:\/\/vosgesinfo.fr\/saintdieinfo\/2024\/02\/les-jeunes-elus-du-conseil-municipal-des-jeunes-de-saint-die-des-vosges-ont-recu-leurs-echarpes\/","title":{"rendered":"Les jeunes \u00e9lus du Conseil Municipal des Jeunes de Saint-Di\u00e9-des-Vosges ont re\u00e7u leurs \u00e9charpes"},"content":{"rendered":"<div id=\"attachment_24417\" style=\"width: 1034px\" class=\"wp-caption alignnone\"><img decoding=\"async\" aria-describedby=\"caption-attachment-24417\" class=\"wp-image-24417 size-large\" src=\"https:\/\/vosgesinfo.fr\/app\/uploads\/sites\/4\/2024\/02\/remise-echarpes-cmj-sddv-6-1024x683.jpg\" alt=\"\" width=\"1024\" height=\"683\" srcset=\"https:\/\/vosgesinfo.fr\/app\/uploads\/sites\/4\/2024\/02\/remise-echarpes-cmj-sddv-6-1024x683.jpg 1024w, https:\/\/vosgesinfo.fr\/app\/uploads\/sites\/4\/2024\/02\/remise-echarpes-cmj-sddv-6-300x200.jpg 300w, https:\/\/vosgesinfo.fr\/app\/uploads\/sites\/4\/2024\/02\/remise-echarpes-cmj-sddv-6-768x512.jpg 768w, https:\/\/vosgesinfo.fr\/app\/uploads\/sites\/4\/2024\/02\/remise-echarpes-cmj-sddv-6-1536x1024.jpg 1536w, https:\/\/vosgesinfo.fr\/app\/uploads\/sites\/4\/2024\/02\/remise-echarpes-cmj-sddv-6.jpg 2048w\" sizes=\"(max-width: 1024px) 100vw, 1024px\" \/><p id=\"caption-attachment-24417\" class=\"wp-caption-text\">(Photographies Marc Fourniquet)<\/p><\/div>\n<h2><span style=\"font-family: Calibri, sans-serif\"><span style=\"font-size: large\">Les derni\u00e8res \u00e9lections en date du Conseil Municipal des Jeunes \u2013 CMJ \u2013 de Saint-Di\u00e9-des-Vosges se sont tenues en d\u00e9cembre, au Grand Salon de l&rsquo;H\u00f4tel de Ville.<\/span><\/span><\/h2>\n<p><!--more--><span style=\"font-family: Calibri, sans-serif\"><span style=\"font-size: large\">Ce samedi en fin de matin\u00e9e, c&rsquo;est \u00e9galement au Grand Salon que le maire Bruno Toussaint proc\u00e9d\u00e9 \u00e0 la traditionnelle remise des \u00e9charpes tricolores aux 20 jeunes nouveaux \u00e9lus d\u00e9odatiens, qui d\u00e9butent ainsi leur mandat de 2 ann\u00e9es. Ils rejoignent les 19 conseillers \u00ab redoublants \u00bb, qui ont re\u00e7u ce matin leurs dipl\u00f4mes de citoyens. Ce qui porte le CMJ d\u00e9odatien \u00e0 39 membres. Lors de la c\u00e9r\u00e9monie de remise, Bruno Toussaint a r\u00e9affirm\u00e9 la n\u00e9cessit\u00e9 pour un \u00e9lu du CMJ d&rsquo;assister aux diff\u00e9rentes f\u00eates patriotiques, notamment celles du 8 mai, du 14 juillet et du 11 novembre. Le CMJ participe \u00e9galement aux diff\u00e9rents temps forts de la ville, comme Un jardin dans ma ville. Mais avant cela, les 39 jeunes \u00e9lus se retrouveront \u00e0 la MFR de Saint-Di\u00e9-des-Vosges, en haut du col de Saales, pour un week-end d&rsquo;int\u00e9gration les 24 et 25 f\u00e9vrier prochains.<\/span><\/span><\/p>\n<p>J.J.<\/p>\n<p><img decoding=\"async\" class=\"alignnone size-large wp-image-24416\" src=\"https:\/\/vosgesinfo.fr\/app\/uploads\/sites\/4\/2024\/02\/remise-echarpes-cmj-sddv-5-1024x683.jpg\" alt=\"\" width=\"1024\" height=\"683\" srcset=\"https:\/\/vosgesinfo.fr\/app\/uploads\/sites\/4\/2024\/02\/remise-echarpes-cmj-sddv-5-1024x683.jpg 1024w, https:\/\/vosgesinfo.fr\/app\/uploads\/sites\/4\/2024\/02\/remise-echarpes-cmj-sddv-5-300x200.jpg 300w, https:\/\/vosgesinfo.fr\/app\/uploads\/sites\/4\/2024\/02\/remise-echarpes-cmj-sddv-5-768x512.jpg 768w, https:\/\/vosgesinfo.fr\/app\/uploads\/sites\/4\/2024\/02\/remise-echarpes-cmj-sddv-5-1536x1024.jpg 1536w, https:\/\/vosgesinfo.fr\/app\/uploads\/sites\/4\/2024\/02\/remise-echarpes-cmj-sddv-5.jpg 2048w\" sizes=\"(max-width: 1024px) 100vw, 1024px\" \/><\/p>\n<p><img decoding=\"async\" class=\"alignnone size-large wp-image-24415\" src=\"https:\/\/vosgesinfo.fr\/app\/uploads\/sites\/4\/2024\/02\/remise-echarpes-cmj-sddv-4-1024x683.jpg\" alt=\"\" width=\"1024\" height=\"683\" srcset=\"https:\/\/vosgesinfo.fr\/app\/uploads\/sites\/4\/2024\/02\/remise-echarpes-cmj-sddv-4-1024x683.jpg 1024w, https:\/\/vosgesinfo.fr\/app\/uploads\/sites\/4\/2024\/02\/remise-echarpes-cmj-sddv-4-300x200.jpg 300w, https:\/\/vosgesinfo.fr\/app\/uploads\/sites\/4\/2024\/02\/remise-echarpes-cmj-sddv-4-768x512.jpg 768w, https:\/\/vosgesinfo.fr\/app\/uploads\/sites\/4\/2024\/02\/remise-echarpes-cmj-sddv-4-1536x1024.jpg 1536w, https:\/\/vosgesinfo.fr\/app\/uploads\/sites\/4\/2024\/02\/remise-echarpes-cmj-sddv-4.jpg 2048w\" sizes=\"(max-width: 1024px) 100vw, 1024px\" \/><\/p>\n<p><img decoding=\"async\" class=\"alignnone size-large wp-image-24414\" src=\"https:\/\/vosgesinfo.fr\/app\/uploads\/sites\/4\/2024\/02\/remise-echarpes-cmj-sddv-3-1024x683.jpg\" alt=\"\" width=\"1024\" height=\"683\" srcset=\"https:\/\/vosgesinfo.fr\/app\/uploads\/sites\/4\/2024\/02\/remise-echarpes-cmj-sddv-3-1024x683.jpg 1024w, https:\/\/vosgesinfo.fr\/app\/uploads\/sites\/4\/2024\/02\/remise-echarpes-cmj-sddv-3-300x200.jpg 300w, https:\/\/vosgesinfo.fr\/app\/uploads\/sites\/4\/2024\/02\/remise-echarpes-cmj-sddv-3-768x512.jpg 768w, https:\/\/vosgesinfo.fr\/app\/uploads\/sites\/4\/2024\/02\/remise-echarpes-cmj-sddv-3-1536x1024.jpg 1536w, https:\/\/vosgesinfo.fr\/app\/uploads\/sites\/4\/2024\/02\/remise-echarpes-cmj-sddv-3.jpg 2048w\" sizes=\"(max-width: 1024px) 100vw, 1024px\" \/><\/p>\n<p><img decoding=\"async\" class=\"alignnone size-large wp-image-24412\" src=\"https:\/\/vosgesinfo.fr\/app\/uploads\/sites\/4\/2024\/02\/remise-echarpes-cmj-sddv-1-1024x683.jpg\" alt=\"\" width=\"1024\" height=\"683\" srcset=\"https:\/\/vosgesinfo.fr\/app\/uploads\/sites\/4\/2024\/02\/remise-echarpes-cmj-sddv-1-1024x683.jpg 1024w, https:\/\/vosgesinfo.fr\/app\/uploads\/sites\/4\/2024\/02\/remise-echarpes-cmj-sddv-1-300x200.jpg 300w, https:\/\/vosgesinfo.fr\/app\/uploads\/sites\/4\/2024\/02\/remise-echarpes-cmj-sddv-1-768x512.jpg 768w, https:\/\/vosgesinfo.fr\/app\/uploads\/sites\/4\/2024\/02\/remise-echarpes-cmj-sddv-1-1536x1024.jpg 1536w, https:\/\/vosgesinfo.fr\/app\/uploads\/sites\/4\/2024\/02\/remise-echarpes-cmj-sddv-1.jpg 2048w\" sizes=\"(max-width: 1024px) 100vw, 1024px\" \/><\/p>\n<p><img decoding=\"async\" class=\"alignnone size-large wp-image-24413\" src=\"https:\/\/vosgesinfo.fr\/app\/uploads\/sites\/4\/2024\/02\/remise-echarpes-cmj-sddv-2-768x1024.jpg\" alt=\"\" width=\"768\" height=\"1024\" srcset=\"https:\/\/vosgesinfo.fr\/app\/uploads\/sites\/4\/2024\/02\/remise-echarpes-cmj-sddv-2-768x1024.jpg 768w, https:\/\/vosgesinfo.fr\/app\/uploads\/sites\/4\/2024\/02\/remise-echarpes-cmj-sddv-2-225x300.jpg 225w, https:\/\/vosgesinfo.fr\/app\/uploads\/sites\/4\/2024\/02\/remise-echarpes-cmj-sddv-2-1152x1536.jpg 1152w, https:\/\/vosgesinfo.fr\/app\/uploads\/sites\/4\/2024\/02\/remise-echarpes-cmj-sddv-2.jpg 1536w\" sizes=\"(max-width: 768px) 100vw, 768px\" \/><\/p>\n","protected":false},"excerpt":{"rendered":"<p>Les derni\u00e8res \u00e9lections en date du Conseil Municipal des Jeunes \u2013 CMJ \u2013 de Saint-Di\u00e9-des-Vosges se sont tenues en d\u00e9cembre, [&hellip;]<\/p>\n","protected":false},"author":46,"featured_media":24417,"comment_status":"open","ping_status":"open","sticky":false,"template":"","format":"standard","meta":{"footnotes":""},"categories":[460,10,167,2915],"tags":[3907,3908,3107],"class_list":["post-24411","post","type-post","status-publish","format-standard","has-post-thumbnail","hentry","category-a-la-une","category-politique","category-saint-die-des-vosges","category-saint-die-son-canton","tag-cmj","tag-conseil-municipal-des-jeunes-de-saint-die-des-vosges","tag-grand-salon-de-lhotel-de-ville-de-saint-die-des-vosges"],"acf":[],"yoast_head":"<!-- This site is optimized with the Yoast SEO plugin v22.5 - https:\/\/yoast.com\/wordpress\/plugins\/seo\/ -->\n<title>Les jeunes \u00e9lus du Conseil Municipal des Jeunes de Saint-Di\u00e9-des-Vosges ont re\u00e7u leurs \u00e9charpes - Saint Die Info<\/title>\n<meta name=\"robots\" content=\"index, follow, max-snippet:-1, max-image-preview:large, max-video-preview:-1\" \/>\n<link rel=\"canonical\" href=\"https:\/\/vosgesinfo.fr\/saintdieinfo\/2024\/02\/les-jeunes-elus-du-conseil-municipal-des-jeunes-de-saint-die-des-vosges-ont-recu-leurs-echarpes\/\" \/>\n<meta name=\"twitter:card\" content=\"summary_large_image\" \/>\n<meta name=\"twitter:title\" content=\"Les jeunes \u00e9lus du Conseil Municipal des Jeunes de Saint-Di\u00e9-des-Vosges ont re\u00e7u leurs \u00e9charpes - Saint Die Info\" \/>\n<meta name=\"twitter:description\" content=\"Les derni\u00e8res \u00e9lections en date du Conseil Municipal des Jeunes \u2013 CMJ \u2013 de Saint-Di\u00e9-des-Vosges se sont tenues en d\u00e9cembre, [&hellip;]\" \/>\n<meta name=\"twitter:image\" content=\"https:\/\/vosgesinfo.fr\/app\/uploads\/sites\/4\/2024\/02\/remise-echarpes-cmj-sddv-6.jpg\" \/>\n<meta name=\"twitter:creator\" content=\"@VosgesInfo88\" \/>\n<meta name=\"twitter:site\" content=\"@VosgesInfo88\" \/>\n<meta name=\"twitter:label1\" content=\"\u00c9crit par\" \/>\n\t<meta name=\"twitter:data1\" content=\"J.J.\" \/>\n\t<meta name=\"twitter:label2\" content=\"Dur\u00e9e de lecture estim\u00e9e\" \/>\n\t<meta name=\"twitter:data2\" content=\"1 minute\" \/>\n<script type=\"application\/ld+json\" class=\"yoast-schema-graph\">{\"@context\":\"https:\/\/schema.org\",\"@graph\":[{\"@type\":\"Article\",\"@id\":\"https:\/\/vosgesinfo.fr\/saintdieinfo\/2024\/02\/les-jeunes-elus-du-conseil-municipal-des-jeunes-de-saint-die-des-vosges-ont-recu-leurs-echarpes\/#article\",\"isPartOf\":{\"@id\":\"https:\/\/vosgesinfo.fr\/saintdieinfo\/2024\/02\/les-jeunes-elus-du-conseil-municipal-des-jeunes-de-saint-die-des-vosges-ont-recu-leurs-echarpes\/\"},\"author\":{\"name\":\"J.J.\",\"@id\":\"https:\/\/vosgesinfo.fr\/saintdieinfo\/#\/schema\/person\/fa73e9f726d67bb88f46d5b7943cb572\"},\"headline\":\"Les jeunes \u00e9lus du Conseil Municipal des Jeunes de Saint-Di\u00e9-des-Vosges ont re\u00e7u leurs \u00e9charpes\",\"datePublished\":\"2024-02-03T15:13:18+00:00\",\"dateModified\":\"2024-02-03T15:14:10+00:00\",\"mainEntityOfPage\":{\"@id\":\"https:\/\/vosgesinfo.fr\/saintdieinfo\/2024\/02\/les-jeunes-elus-du-conseil-municipal-des-jeunes-de-saint-die-des-vosges-ont-recu-leurs-echarpes\/\"},\"wordCount\":209,\"commentCount\":0,\"publisher\":{\"@id\":\"https:\/\/vosgesinfo.fr\/saintdieinfo\/#organization\"},\"image\":{\"@id\":\"https:\/\/vosgesinfo.fr\/saintdieinfo\/2024\/02\/les-jeunes-elus-du-conseil-municipal-des-jeunes-de-saint-die-des-vosges-ont-recu-leurs-echarpes\/#primaryimage\"},\"thumbnailUrl\":\"https:\/\/vosgesinfo.fr\/app\/uploads\/sites\/4\/2024\/02\/remise-echarpes-cmj-sddv-6.jpg\",\"keywords\":[\"CMJ\",\"Conseil Municipal des Jeunes de Saint-Di\u00e9-des-Vosges\",\"Grand Salon de l'H\u00f4tel de Ville de Saint-Di\u00e9-des-Vosges\"],\"articleSection\":[\"A la Une\",\"Politique\",\"Saint-Di\u00e9-des-Vosges\",\"Saint-Di\u00e9-des-Vosges et son Agglom\u00e9ration\"],\"inLanguage\":\"fr-FR\",\"potentialAction\":[{\"@type\":\"CommentAction\",\"name\":\"Comment\",\"target\":[\"https:\/\/vosgesinfo.fr\/saintdieinfo\/2024\/02\/les-jeunes-elus-du-conseil-municipal-des-jeunes-de-saint-die-des-vosges-ont-recu-leurs-echarpes\/#respond\"]}]},{\"@type\":\"WebPage\",\"@id\":\"https:\/\/vosgesinfo.fr\/saintdieinfo\/2024\/02\/les-jeunes-elus-du-conseil-municipal-des-jeunes-de-saint-die-des-vosges-ont-recu-leurs-echarpes\/\",\"url\":\"https:\/\/vosgesinfo.fr\/saintdieinfo\/2024\/02\/les-jeunes-elus-du-conseil-municipal-des-jeunes-de-saint-die-des-vosges-ont-recu-leurs-echarpes\/\",\"name\":\"Les jeunes \u00e9lus du Conseil Municipal des Jeunes de Saint-Di\u00e9-des-Vosges ont re\u00e7u leurs \u00e9charpes - Saint Die Info\",\"isPartOf\":{\"@id\":\"https:\/\/vosgesinfo.fr\/saintdieinfo\/#website\"},\"primaryImageOfPage\":{\"@id\":\"https:\/\/vosgesinfo.fr\/saintdieinfo\/2024\/02\/les-jeunes-elus-du-conseil-municipal-des-jeunes-de-saint-die-des-vosges-ont-recu-leurs-echarpes\/#primaryimage\"},\"image\":{\"@id\":\"https:\/\/vosgesinfo.fr\/saintdieinfo\/2024\/02\/les-jeunes-elus-du-conseil-municipal-des-jeunes-de-saint-die-des-vosges-ont-recu-leurs-echarpes\/#primaryimage\"},\"thumbnailUrl\":\"https:\/\/vosgesinfo.fr\/app\/uploads\/sites\/4\/2024\/02\/remise-echarpes-cmj-sddv-6.jpg\",\"datePublished\":\"2024-02-03T15:13:18+00:00\",\"dateModified\":\"2024-02-03T15:14:10+00:00\",\"breadcrumb\":{\"@id\":\"https:\/\/vosgesinfo.fr\/saintdieinfo\/2024\/02\/les-jeunes-elus-du-conseil-municipal-des-jeunes-de-saint-die-des-vosges-ont-recu-leurs-echarpes\/#breadcrumb\"},\"inLanguage\":\"fr-FR\",\"potentialAction\":[{\"@type\":\"ReadAction\",\"target\":[\"https:\/\/vosgesinfo.fr\/saintdieinfo\/2024\/02\/les-jeunes-elus-du-conseil-municipal-des-jeunes-de-saint-die-des-vosges-ont-recu-leurs-echarpes\/\"]}]},{\"@type\":\"ImageObject\",\"inLanguage\":\"fr-FR\",\"@id\":\"https:\/\/vosgesinfo.fr\/saintdieinfo\/2024\/02\/les-jeunes-elus-du-conseil-municipal-des-jeunes-de-saint-die-des-vosges-ont-recu-leurs-echarpes\/#primaryimage\",\"url\":\"https:\/\/vosgesinfo.fr\/app\/uploads\/sites\/4\/2024\/02\/remise-echarpes-cmj-sddv-6.jpg\",\"contentUrl\":\"https:\/\/vosgesinfo.fr\/app\/uploads\/sites\/4\/2024\/02\/remise-echarpes-cmj-sddv-6.jpg\",\"width\":2048,\"height\":1365},{\"@type\":\"BreadcrumbList\",\"@id\":\"https:\/\/vosgesinfo.fr\/saintdieinfo\/2024\/02\/les-jeunes-elus-du-conseil-municipal-des-jeunes-de-saint-die-des-vosges-ont-recu-leurs-echarpes\/#breadcrumb\",\"itemListElement\":[{\"@type\":\"ListItem\",\"position\":1,\"name\":\"Home\",\"item\":\"https:\/\/vosgesinfo.fr\/saintdieinfo\/\"},{\"@type\":\"ListItem\",\"position\":2,\"name\":\"Les jeunes \u00e9lus du Conseil Municipal des Jeunes de Saint-Di\u00e9-des-Vosges ont re\u00e7u leurs \u00e9charpes\"}]},{\"@type\":\"WebSite\",\"@id\":\"https:\/\/vosgesinfo.fr\/saintdieinfo\/#website\",\"url\":\"https:\/\/vosgesinfo.fr\/saintdieinfo\/\",\"name\":\"Saint Die Info\",\"description\":\"Toute l&#039;actualit\u00e9 de Saint-Di\u00e9-Des-Vosges\",\"publisher\":{\"@id\":\"https:\/\/vosgesinfo.fr\/saintdieinfo\/#organization\"},\"alternateName\":\"Toute l'actualit\u00e9 de Saint-Di\u00e9-Des-Vosges\",\"potentialAction\":[{\"@type\":\"SearchAction\",\"target\":{\"@type\":\"EntryPoint\",\"urlTemplate\":\"https:\/\/vosgesinfo.fr\/saintdieinfo\/?s={search_term_string}\"},\"query-input\":\"required name=search_term_string\"}],\"inLanguage\":\"fr-FR\"},{\"@type\":\"Organization\",\"@id\":\"https:\/\/vosgesinfo.fr\/saintdieinfo\/#organization\",\"name\":\"Saint Die Info\",\"url\":\"https:\/\/vosgesinfo.fr\/saintdieinfo\/\",\"logo\":{\"@type\":\"ImageObject\",\"inLanguage\":\"fr-FR\",\"@id\":\"https:\/\/vosgesinfo.fr\/saintdieinfo\/#\/schema\/logo\/image\/\",\"url\":\"https:\/\/vosgesinfo.fr\/app\/uploads\/sites\/4\/2024\/02\/logo-sdi.jpg\",\"contentUrl\":\"https:\/\/vosgesinfo.fr\/app\/uploads\/sites\/4\/2024\/02\/logo-sdi.jpg\",\"width\":600,\"height\":600,\"caption\":\"Saint Die Info\"},\"image\":{\"@id\":\"https:\/\/vosgesinfo.fr\/saintdieinfo\/#\/schema\/logo\/image\/\"},\"sameAs\":[\"https:\/\/www.facebook.com\/Saintdieinfofr\",\"https:\/\/x.com\/VosgesInfo88\",\"https:\/\/www.youtube.com\/@vosgesinfo\"]},{\"@type\":\"Person\",\"@id\":\"https:\/\/vosgesinfo.fr\/saintdieinfo\/#\/schema\/person\/fa73e9f726d67bb88f46d5b7943cb572\",\"name\":\"J.J.\",\"image\":{\"@type\":\"ImageObject\",\"inLanguage\":\"fr-FR\",\"@id\":\"https:\/\/vosgesinfo.fr\/saintdieinfo\/#\/schema\/person\/image\/\",\"url\":\"https:\/\/secure.gravatar.com\/avatar\/219e749e47ffbcca018a360ae4add7d4cdf1cdaaf8bc7676b27efade3fe65615?s=96&d=mm&r=g\",\"contentUrl\":\"https:\/\/secure.gravatar.com\/avatar\/219e749e47ffbcca018a360ae4add7d4cdf1cdaaf8bc7676b27efade3fe65615?s=96&d=mm&r=g\",\"caption\":\"J.J.\"},\"url\":\"https:\/\/vosgesinfo.fr\/saintdieinfo\/author\/j-j\/\"}]}<\/script>\n<!-- \/ Yoast SEO plugin. -->","yoast_head_json":{"title":"Les jeunes \u00e9lus du Conseil Municipal des Jeunes de Saint-Di\u00e9-des-Vosges ont re\u00e7u leurs \u00e9charpes - Saint Die Info","robots":{"index":"index","follow":"follow","max-snippet":"max-snippet:-1","max-image-preview":"max-image-preview:large","max-video-preview":"max-video-preview:-1"},"canonical":"https:\/\/vosgesinfo.fr\/saintdieinfo\/2024\/02\/les-jeunes-elus-du-conseil-municipal-des-jeunes-de-saint-die-des-vosges-ont-recu-leurs-echarpes\/","twitter_card":"summary_large_image","twitter_title":"Les jeunes \u00e9lus du Conseil Municipal des Jeunes de Saint-Di\u00e9-des-Vosges ont re\u00e7u leurs \u00e9charpes - Saint Die Info","twitter_description":"Les derni\u00e8res \u00e9lections en date du Conseil Municipal des Jeunes \u2013 CMJ \u2013 de Saint-Di\u00e9-des-Vosges se sont tenues en d\u00e9cembre, [&hellip;]","twitter_image":"https:\/\/vosgesinfo.fr\/app\/uploads\/sites\/4\/2024\/02\/remise-echarpes-cmj-sddv-6.jpg","twitter_creator":"@VosgesInfo88","twitter_site":"@VosgesInfo88","twitter_misc":{"\u00c9crit par":"J.J.","Dur\u00e9e de lecture estim\u00e9e":"1 minute"},"schema":{"@context":"https:\/\/schema.org","@graph":[{"@type":"Article","@id":"https:\/\/vosgesinfo.fr\/saintdieinfo\/2024\/02\/les-jeunes-elus-du-conseil-municipal-des-jeunes-de-saint-die-des-vosges-ont-recu-leurs-echarpes\/#article","isPartOf":{"@id":"https:\/\/vosgesinfo.fr\/saintdieinfo\/2024\/02\/les-jeunes-elus-du-conseil-municipal-des-jeunes-de-saint-die-des-vosges-ont-recu-leurs-echarpes\/"},"author":{"name":"J.J.","@id":"https:\/\/vosgesinfo.fr\/saintdieinfo\/#\/schema\/person\/fa73e9f726d67bb88f46d5b7943cb572"},"headline":"Les jeunes \u00e9lus du Conseil Municipal des Jeunes de Saint-Di\u00e9-des-Vosges ont re\u00e7u leurs \u00e9charpes","datePublished":"2024-02-03T15:13:18+00:00","dateModified":"2024-02-03T15:14:10+00:00","mainEntityOfPage":{"@id":"https:\/\/vosgesinfo.fr\/saintdieinfo\/2024\/02\/les-jeunes-elus-du-conseil-municipal-des-jeunes-de-saint-die-des-vosges-ont-recu-leurs-echarpes\/"},"wordCount":209,"commentCount":0,"publisher":{"@id":"https:\/\/vosgesinfo.fr\/saintdieinfo\/#organization"},"image":{"@id":"https:\/\/vosgesinfo.fr\/saintdieinfo\/2024\/02\/les-jeunes-elus-du-conseil-municipal-des-jeunes-de-saint-die-des-vosges-ont-recu-leurs-echarpes\/#primaryimage"},"thumbnailUrl":"https:\/\/vosgesinfo.fr\/app\/uploads\/sites\/4\/2024\/02\/remise-echarpes-cmj-sddv-6.jpg","keywords":["CMJ","Conseil Municipal des Jeunes de Saint-Di\u00e9-des-Vosges","Grand Salon de l'H\u00f4tel de Ville de Saint-Di\u00e9-des-Vosges"],"articleSection":["A la Une","Politique","Saint-Di\u00e9-des-Vosges","Saint-Di\u00e9-des-Vosges et son Agglom\u00e9ration"],"inLanguage":"fr-FR","potentialAction":[{"@type":"CommentAction","name":"Comment","target":["https:\/\/vosgesinfo.fr\/saintdieinfo\/2024\/02\/les-jeunes-elus-du-conseil-municipal-des-jeunes-de-saint-die-des-vosges-ont-recu-leurs-echarpes\/#respond"]}]},{"@type":"WebPage","@id":"https:\/\/vosgesinfo.fr\/saintdieinfo\/2024\/02\/les-jeunes-elus-du-conseil-municipal-des-jeunes-de-saint-die-des-vosges-ont-recu-leurs-echarpes\/","url":"https:\/\/vosgesinfo.fr\/saintdieinfo\/2024\/02\/les-jeunes-elus-du-conseil-municipal-des-jeunes-de-saint-die-des-vosges-ont-recu-leurs-echarpes\/","name":"Les jeunes \u00e9lus du Conseil Municipal des Jeunes de Saint-Di\u00e9-des-Vosges ont re\u00e7u leurs \u00e9charpes - Saint Die Info","isPartOf":{"@id":"https:\/\/vosgesinfo.fr\/saintdieinfo\/#website"},"primaryImageOfPage":{"@id":"https:\/\/vosgesinfo.fr\/saintdieinfo\/2024\/02\/les-jeunes-elus-du-conseil-municipal-des-jeunes-de-saint-die-des-vosges-ont-recu-leurs-echarpes\/#primaryimage"},"image":{"@id":"https:\/\/vosgesinfo.fr\/saintdieinfo\/2024\/02\/les-jeunes-elus-du-conseil-municipal-des-jeunes-de-saint-die-des-vosges-ont-recu-leurs-echarpes\/#primaryimage"},"thumbnailUrl":"https:\/\/vosgesinfo.fr\/app\/uploads\/sites\/4\/2024\/02\/remise-echarpes-cmj-sddv-6.jpg","datePublished":"2024-02-03T15:13:18+00:00","dateModified":"2024-02-03T15:14:10+00:00","breadcrumb":{"@id":"https:\/\/vosgesinfo.fr\/saintdieinfo\/2024\/02\/les-jeunes-elus-du-conseil-municipal-des-jeunes-de-saint-die-des-vosges-ont-recu-leurs-echarpes\/#breadcrumb"},"inLanguage":"fr-FR","potentialAction":[{"@type":"ReadAction","target":["https:\/\/vosgesinfo.fr\/saintdieinfo\/2024\/02\/les-jeunes-elus-du-conseil-municipal-des-jeunes-de-saint-die-des-vosges-ont-recu-leurs-echarpes\/"]}]},{"@type":"ImageObject","inLanguage":"fr-FR","@id":"https:\/\/vosgesinfo.fr\/saintdieinfo\/2024\/02\/les-jeunes-elus-du-conseil-municipal-des-jeunes-de-saint-die-des-vosges-ont-recu-leurs-echarpes\/#primaryimage","url":"https:\/\/vosgesinfo.fr\/app\/uploads\/sites\/4\/2024\/02\/remise-echarpes-cmj-sddv-6.jpg","contentUrl":"https:\/\/vosgesinfo.fr\/app\/uploads\/sites\/4\/2024\/02\/remise-echarpes-cmj-sddv-6.jpg","width":2048,"height":1365},{"@type":"BreadcrumbList","@id":"https:\/\/vosgesinfo.fr\/saintdieinfo\/2024\/02\/les-jeunes-elus-du-conseil-municipal-des-jeunes-de-saint-die-des-vosges-ont-recu-leurs-echarpes\/#breadcrumb","itemListElement":[{"@type":"ListItem","position":1,"name":"Home","item":"https:\/\/vosgesinfo.fr\/saintdieinfo\/"},{"@type":"ListItem","position":2,"name":"Les jeunes \u00e9lus du Conseil Municipal des Jeunes de Saint-Di\u00e9-des-Vosges ont re\u00e7u leurs \u00e9charpes"}]},{"@type":"WebSite","@id":"https:\/\/vosgesinfo.fr\/saintdieinfo\/#website","url":"https:\/\/vosgesinfo.fr\/saintdieinfo\/","name":"Saint Die Info","description":"Toute l&#039;actualit\u00e9 de Saint-Di\u00e9-Des-Vosges","publisher":{"@id":"https:\/\/vosgesinfo.fr\/saintdieinfo\/#organization"},"alternateName":"Toute l'actualit\u00e9 de Saint-Di\u00e9-Des-Vosges","potentialAction":[{"@type":"SearchAction","target":{"@type":"EntryPoint","urlTemplate":"https:\/\/vosgesinfo.fr\/saintdieinfo\/?s={search_term_string}"},"query-input":"required name=search_term_string"}],"inLanguage":"fr-FR"},{"@type":"Organization","@id":"https:\/\/vosgesinfo.fr\/saintdieinfo\/#organization","name":"Saint Die Info","url":"https:\/\/vosgesinfo.fr\/saintdieinfo\/","logo":{"@type":"ImageObject","inLanguage":"fr-FR","@id":"https:\/\/vosgesinfo.fr\/saintdieinfo\/#\/schema\/logo\/image\/","url":"https:\/\/vosgesinfo.fr\/app\/uploads\/sites\/4\/2024\/02\/logo-sdi.jpg","contentUrl":"https:\/\/vosgesinfo.fr\/app\/uploads\/sites\/4\/2024\/02\/logo-sdi.jpg","width":600,"height":600,"caption":"Saint Die Info"},"image":{"@id":"https:\/\/vosgesinfo.fr\/saintdieinfo\/#\/schema\/logo\/image\/"},"sameAs":["https:\/\/www.facebook.com\/Saintdieinfofr","https:\/\/x.com\/VosgesInfo88","https:\/\/www.youtube.com\/@vosgesinfo"]},{"@type":"Person","@id":"https:\/\/vosgesinfo.fr\/saintdieinfo\/#\/schema\/person\/fa73e9f726d67bb88f46d5b7943cb572","name":"J.J.","image":{"@type":"ImageObject","inLanguage":"fr-FR","@id":"https:\/\/vosgesinfo.fr\/saintdieinfo\/#\/schema\/person\/image\/","url":"https:\/\/secure.gravatar.com\/avatar\/219e749e47ffbcca018a360ae4add7d4cdf1cdaaf8bc7676b27efade3fe65615?s=96&d=mm&r=g","contentUrl":"https:\/\/secure.gravatar.com\/avatar\/219e749e47ffbcca018a360ae4add7d4cdf1cdaaf8bc7676b27efade3fe65615?s=96&d=mm&r=g","caption":"J.J."},"url":"https:\/\/vosgesinfo.fr\/saintdieinfo\/author\/j-j\/"}]}},"_links":{"self":[{"href":"https:\/\/vosgesinfo.fr\/saintdieinfo\/wp-json\/wp\/v2\/posts\/24411","targetHints":{"allow":["GET"]}}],"collection":[{"href":"https:\/\/vosgesinfo.fr\/saintdieinfo\/wp-json\/wp\/v2\/posts"}],"about":[{"href":"https:\/\/vosgesinfo.fr\/saintdieinfo\/wp-json\/wp\/v2\/types\/post"}],"author":[{"embeddable":true,"href":"https:\/\/vosgesinfo.fr\/saintdieinfo\/wp-json\/wp\/v2\/users\/46"}],"replies":[{"embeddable":true,"href":"https:\/\/vosgesinfo.fr\/saintdieinfo\/wp-json\/wp\/v2\/comments?post=24411"}],"version-history":[{"count":1,"href":"https:\/\/vosgesinfo.fr\/saintdieinfo\/wp-json\/wp\/v2\/posts\/24411\/revisions"}],"predecessor-version":[{"id":24418,"href":"https:\/\/vosgesinfo.fr\/saintdieinfo\/wp-json\/wp\/v2\/posts\/24411\/revisions\/24418"}],"wp:featuredmedia":[{"embeddable":true,"href":"https:\/\/vosgesinfo.fr\/saintdieinfo\/wp-json\/wp\/v2\/media\/24417"}],"wp:attachment":[{"href":"https:\/\/vosgesinfo.fr\/saintdieinfo\/wp-json\/wp\/v2\/media?parent=24411"}],"wp:term":[{"taxonomy":"category","embeddable":true,"href":"https:\/\/vosgesinfo.fr\/saintdieinfo\/wp-json\/wp\/v2\/categories?post=24411"},{"taxonomy":"post_tag","embeddable":true,"href":"https:\/\/vosgesinfo.fr\/saintdieinfo\/wp-json\/wp\/v2\/tags?post=24411"}],"curies":[{"name":"wp","href":"https:\/\/api.w.org\/{rel}","templated":true}]}}