{"id":24440,"date":"2024-02-05T11:14:27","date_gmt":"2024-02-05T10:14:27","guid":{"rendered":"https:\/\/vosgesinfo.fr\/saintdieinfo\/?p=24440"},"modified":"2024-02-05T11:14:27","modified_gmt":"2024-02-05T10:14:27","slug":"les-vosges-prochainement-mises-a-lhonneur-dans-lemission-des-racines-et-des-ailes","status":"publish","type":"post","link":"https:\/\/vosgesinfo.fr\/saintdieinfo\/2024\/02\/les-vosges-prochainement-mises-a-lhonneur-dans-lemission-des-racines-et-des-ailes\/","title":{"rendered":"Les Vosges prochainement mises \u00e0 l&rsquo;honneur dans l&rsquo;\u00e9mission \u00ab\u00a0Des Racines et des Ailes\u00a0\u00bb"},"content":{"rendered":"<div id=\"attachment_24442\" style=\"width: 1034px\" class=\"wp-caption alignnone\"><img decoding=\"async\" aria-describedby=\"caption-attachment-24442\" class=\"wp-image-24442 size-large\" src=\"https:\/\/vosgesinfo.fr\/app\/uploads\/sites\/4\/2024\/02\/saint-die-des-vosges---usine-le-corbusier-20131007-01-1024x683.jpeg\" alt=\"\" width=\"1024\" height=\"683\" srcset=\"https:\/\/vosgesinfo.fr\/app\/uploads\/sites\/4\/2024\/02\/saint-die-des-vosges---usine-le-corbusier-20131007-01-1024x683.jpeg 1024w, https:\/\/vosgesinfo.fr\/app\/uploads\/sites\/4\/2024\/02\/saint-die-des-vosges---usine-le-corbusier-20131007-01-300x200.jpeg 300w, https:\/\/vosgesinfo.fr\/app\/uploads\/sites\/4\/2024\/02\/saint-die-des-vosges---usine-le-corbusier-20131007-01-768x512.jpeg 768w, https:\/\/vosgesinfo.fr\/app\/uploads\/sites\/4\/2024\/02\/saint-die-des-vosges---usine-le-corbusier-20131007-01-1536x1024.jpeg 1536w, https:\/\/vosgesinfo.fr\/app\/uploads\/sites\/4\/2024\/02\/saint-die-des-vosges---usine-le-corbusier-20131007-01-2048x1365.jpeg 2048w\" sizes=\"(max-width: 1024px) 100vw, 1024px\" \/><p id=\"caption-attachment-24442\" class=\"wp-caption-text\">Une partie du documentaire portera sur l&rsquo;usine d\u00e9odatienne Claude&amp;Duval, la seule con\u00e7ue par Le Corbusier. (Photographie Wikipedia.org)<\/p><\/div>\n<h2>Au d\u00e9but de l&rsquo;\u00e9t\u00e9 2023, la production de l&rsquo;\u00e9mission \u00ab Des Racines et des Ailes \u00bb avait pos\u00e9 ses valises \u2013 et cam\u00e9ras \u2013 dans les Vosges, pour r\u00e9aliser un \u00e9pisode consacr\u00e9 au d\u00e9partement.<\/h2>\n<p><!--more--><\/p>\n<p>Le documentaire de 120 minutes, qui sera diffus\u00e9 sur France 3 le mercredi 21 f\u00e9vrier \u00e0 21h, mettra notamment en lumi\u00e8re l&rsquo;usine Le Corbusier de Saint-Di\u00e9-des-Vosges, les thermes de Plombi\u00e8res et Vittel, la maison Moine de Xertigny ou le travail du bois.<\/p>\n<p>J.J.<\/p>\n","protected":false},"excerpt":{"rendered":"<p>Au d\u00e9but de l&rsquo;\u00e9t\u00e9 2023, la production de l&rsquo;\u00e9mission \u00ab Des Racines et des Ailes \u00bb avait pos\u00e9 ses valises [&hellip;]<\/p>\n","protected":false},"author":46,"featured_media":24442,"comment_status":"open","ping_status":"open","sticky":false,"template":"","format":"standard","meta":{"footnotes":""},"categories":[460,167,18],"tags":[3915,1118],"class_list":["post-24440","post","type-post","status-publish","format-standard","has-post-thumbnail","hentry","category-a-la-une","category-saint-die-des-vosges","category-vosges","tag-des-racines-et-des-ailes","tag-france-3"],"acf":[],"yoast_head":"<!-- This site is optimized with the Yoast SEO plugin v22.5 - https:\/\/yoast.com\/wordpress\/plugins\/seo\/ -->\n<title>Les Vosges prochainement mises \u00e0 l&#039;honneur dans l&#039;\u00e9mission \u00ab\u00a0Des Racines et des Ailes\u00a0\u00bb - Saint Die Info<\/title>\n<meta name=\"robots\" content=\"index, follow, max-snippet:-1, max-image-preview:large, max-video-preview:-1\" \/>\n<link rel=\"canonical\" href=\"https:\/\/vosgesinfo.fr\/saintdieinfo\/2024\/02\/les-vosges-prochainement-mises-a-lhonneur-dans-lemission-des-racines-et-des-ailes\/\" \/>\n<meta name=\"twitter:card\" content=\"summary_large_image\" \/>\n<meta name=\"twitter:title\" content=\"Les Vosges prochainement mises \u00e0 l&#039;honneur dans l&#039;\u00e9mission \u00ab\u00a0Des Racines et des Ailes\u00a0\u00bb - Saint Die Info\" \/>\n<meta name=\"twitter:description\" content=\"Au d\u00e9but de l&rsquo;\u00e9t\u00e9 2023, la production de l&rsquo;\u00e9mission \u00ab Des Racines et des Ailes \u00bb avait pos\u00e9 ses valises [&hellip;]\" \/>\n<meta name=\"twitter:image\" content=\"https:\/\/vosgesinfo.fr\/app\/uploads\/sites\/4\/2024\/02\/saint-die-des-vosges---usine-le-corbusier-20131007-01-scaled.jpeg\" \/>\n<meta name=\"twitter:creator\" content=\"@VosgesInfo88\" \/>\n<meta name=\"twitter:site\" content=\"@VosgesInfo88\" \/>\n<meta name=\"twitter:label1\" content=\"\u00c9crit par\" \/>\n\t<meta name=\"twitter:data1\" content=\"J.J.\" \/>\n\t<meta name=\"twitter:label2\" content=\"Dur\u00e9e de lecture estim\u00e9e\" \/>\n\t<meta name=\"twitter:data2\" content=\"1 minute\" \/>\n<script type=\"application\/ld+json\" class=\"yoast-schema-graph\">{\"@context\":\"https:\/\/schema.org\",\"@graph\":[{\"@type\":\"Article\",\"@id\":\"https:\/\/vosgesinfo.fr\/saintdieinfo\/2024\/02\/les-vosges-prochainement-mises-a-lhonneur-dans-lemission-des-racines-et-des-ailes\/#article\",\"isPartOf\":{\"@id\":\"https:\/\/vosgesinfo.fr\/saintdieinfo\/2024\/02\/les-vosges-prochainement-mises-a-lhonneur-dans-lemission-des-racines-et-des-ailes\/\"},\"author\":{\"name\":\"J.J.\",\"@id\":\"https:\/\/vosgesinfo.fr\/saintdieinfo\/#\/schema\/person\/fa73e9f726d67bb88f46d5b7943cb572\"},\"headline\":\"Les Vosges prochainement mises \u00e0 l&rsquo;honneur dans l&rsquo;\u00e9mission \u00ab\u00a0Des Racines et des Ailes\u00a0\u00bb\",\"datePublished\":\"2024-02-05T10:14:27+00:00\",\"dateModified\":\"2024-02-05T10:14:27+00:00\",\"mainEntityOfPage\":{\"@id\":\"https:\/\/vosgesinfo.fr\/saintdieinfo\/2024\/02\/les-vosges-prochainement-mises-a-lhonneur-dans-lemission-des-racines-et-des-ailes\/\"},\"wordCount\":124,\"commentCount\":1,\"publisher\":{\"@id\":\"https:\/\/vosgesinfo.fr\/saintdieinfo\/#organization\"},\"image\":{\"@id\":\"https:\/\/vosgesinfo.fr\/saintdieinfo\/2024\/02\/les-vosges-prochainement-mises-a-lhonneur-dans-lemission-des-racines-et-des-ailes\/#primaryimage\"},\"thumbnailUrl\":\"https:\/\/vosgesinfo.fr\/app\/uploads\/sites\/4\/2024\/02\/saint-die-des-vosges---usine-le-corbusier-20131007-01-scaled.jpeg\",\"keywords\":[\"Des Racines et des Ailes\",\"France 3\"],\"articleSection\":[\"A la Une\",\"Saint-Di\u00e9-des-Vosges\",\"Vosges\"],\"inLanguage\":\"fr-FR\",\"potentialAction\":[{\"@type\":\"CommentAction\",\"name\":\"Comment\",\"target\":[\"https:\/\/vosgesinfo.fr\/saintdieinfo\/2024\/02\/les-vosges-prochainement-mises-a-lhonneur-dans-lemission-des-racines-et-des-ailes\/#respond\"]}]},{\"@type\":\"WebPage\",\"@id\":\"https:\/\/vosgesinfo.fr\/saintdieinfo\/2024\/02\/les-vosges-prochainement-mises-a-lhonneur-dans-lemission-des-racines-et-des-ailes\/\",\"url\":\"https:\/\/vosgesinfo.fr\/saintdieinfo\/2024\/02\/les-vosges-prochainement-mises-a-lhonneur-dans-lemission-des-racines-et-des-ailes\/\",\"name\":\"Les Vosges prochainement mises \u00e0 l'honneur dans l'\u00e9mission \u00ab\u00a0Des Racines et des Ailes\u00a0\u00bb - Saint Die Info\",\"isPartOf\":{\"@id\":\"https:\/\/vosgesinfo.fr\/saintdieinfo\/#website\"},\"primaryImageOfPage\":{\"@id\":\"https:\/\/vosgesinfo.fr\/saintdieinfo\/2024\/02\/les-vosges-prochainement-mises-a-lhonneur-dans-lemission-des-racines-et-des-ailes\/#primaryimage\"},\"image\":{\"@id\":\"https:\/\/vosgesinfo.fr\/saintdieinfo\/2024\/02\/les-vosges-prochainement-mises-a-lhonneur-dans-lemission-des-racines-et-des-ailes\/#primaryimage\"},\"thumbnailUrl\":\"https:\/\/vosgesinfo.fr\/app\/uploads\/sites\/4\/2024\/02\/saint-die-des-vosges---usine-le-corbusier-20131007-01-scaled.jpeg\",\"datePublished\":\"2024-02-05T10:14:27+00:00\",\"dateModified\":\"2024-02-05T10:14:27+00:00\",\"breadcrumb\":{\"@id\":\"https:\/\/vosgesinfo.fr\/saintdieinfo\/2024\/02\/les-vosges-prochainement-mises-a-lhonneur-dans-lemission-des-racines-et-des-ailes\/#breadcrumb\"},\"inLanguage\":\"fr-FR\",\"potentialAction\":[{\"@type\":\"ReadAction\",\"target\":[\"https:\/\/vosgesinfo.fr\/saintdieinfo\/2024\/02\/les-vosges-prochainement-mises-a-lhonneur-dans-lemission-des-racines-et-des-ailes\/\"]}]},{\"@type\":\"ImageObject\",\"inLanguage\":\"fr-FR\",\"@id\":\"https:\/\/vosgesinfo.fr\/saintdieinfo\/2024\/02\/les-vosges-prochainement-mises-a-lhonneur-dans-lemission-des-racines-et-des-ailes\/#primaryimage\",\"url\":\"https:\/\/vosgesinfo.fr\/app\/uploads\/sites\/4\/2024\/02\/saint-die-des-vosges---usine-le-corbusier-20131007-01-scaled.jpeg\",\"contentUrl\":\"https:\/\/vosgesinfo.fr\/app\/uploads\/sites\/4\/2024\/02\/saint-die-des-vosges---usine-le-corbusier-20131007-01-scaled.jpeg\",\"width\":2560,\"height\":1707},{\"@type\":\"BreadcrumbList\",\"@id\":\"https:\/\/vosgesinfo.fr\/saintdieinfo\/2024\/02\/les-vosges-prochainement-mises-a-lhonneur-dans-lemission-des-racines-et-des-ailes\/#breadcrumb\",\"itemListElement\":[{\"@type\":\"ListItem\",\"position\":1,\"name\":\"Home\",\"item\":\"https:\/\/vosgesinfo.fr\/saintdieinfo\/\"},{\"@type\":\"ListItem\",\"position\":2,\"name\":\"Les Vosges prochainement mises \u00e0 l&rsquo;honneur dans l&rsquo;\u00e9mission \u00ab\u00a0Des Racines et des Ailes\u00a0\u00bb\"}]},{\"@type\":\"WebSite\",\"@id\":\"https:\/\/vosgesinfo.fr\/saintdieinfo\/#website\",\"url\":\"https:\/\/vosgesinfo.fr\/saintdieinfo\/\",\"name\":\"Saint Die Info\",\"description\":\"Toute l&#039;actualit\u00e9 de Saint-Di\u00e9-Des-Vosges\",\"publisher\":{\"@id\":\"https:\/\/vosgesinfo.fr\/saintdieinfo\/#organization\"},\"alternateName\":\"Toute l'actualit\u00e9 de Saint-Di\u00e9-Des-Vosges\",\"potentialAction\":[{\"@type\":\"SearchAction\",\"target\":{\"@type\":\"EntryPoint\",\"urlTemplate\":\"https:\/\/vosgesinfo.fr\/saintdieinfo\/?s={search_term_string}\"},\"query-input\":\"required name=search_term_string\"}],\"inLanguage\":\"fr-FR\"},{\"@type\":\"Organization\",\"@id\":\"https:\/\/vosgesinfo.fr\/saintdieinfo\/#organization\",\"name\":\"Saint Die Info\",\"url\":\"https:\/\/vosgesinfo.fr\/saintdieinfo\/\",\"logo\":{\"@type\":\"ImageObject\",\"inLanguage\":\"fr-FR\",\"@id\":\"https:\/\/vosgesinfo.fr\/saintdieinfo\/#\/schema\/logo\/image\/\",\"url\":\"https:\/\/vosgesinfo.fr\/app\/uploads\/sites\/4\/2024\/02\/logo-sdi.jpg\",\"contentUrl\":\"https:\/\/vosgesinfo.fr\/app\/uploads\/sites\/4\/2024\/02\/logo-sdi.jpg\",\"width\":600,\"height\":600,\"caption\":\"Saint Die Info\"},\"image\":{\"@id\":\"https:\/\/vosgesinfo.fr\/saintdieinfo\/#\/schema\/logo\/image\/\"},\"sameAs\":[\"https:\/\/www.facebook.com\/Saintdieinfofr\",\"https:\/\/x.com\/VosgesInfo88\",\"https:\/\/www.youtube.com\/@vosgesinfo\"]},{\"@type\":\"Person\",\"@id\":\"https:\/\/vosgesinfo.fr\/saintdieinfo\/#\/schema\/person\/fa73e9f726d67bb88f46d5b7943cb572\",\"name\":\"J.J.\",\"image\":{\"@type\":\"ImageObject\",\"inLanguage\":\"fr-FR\",\"@id\":\"https:\/\/vosgesinfo.fr\/saintdieinfo\/#\/schema\/person\/image\/\",\"url\":\"https:\/\/secure.gravatar.com\/avatar\/219e749e47ffbcca018a360ae4add7d4cdf1cdaaf8bc7676b27efade3fe65615?s=96&d=mm&r=g\",\"contentUrl\":\"https:\/\/secure.gravatar.com\/avatar\/219e749e47ffbcca018a360ae4add7d4cdf1cdaaf8bc7676b27efade3fe65615?s=96&d=mm&r=g\",\"caption\":\"J.J.\"},\"url\":\"https:\/\/vosgesinfo.fr\/saintdieinfo\/author\/j-j\/\"}]}<\/script>\n<!-- \/ Yoast SEO plugin. -->","yoast_head_json":{"title":"Les Vosges prochainement mises \u00e0 l'honneur dans l'\u00e9mission \u00ab\u00a0Des Racines et des Ailes\u00a0\u00bb - Saint Die Info","robots":{"index":"index","follow":"follow","max-snippet":"max-snippet:-1","max-image-preview":"max-image-preview:large","max-video-preview":"max-video-preview:-1"},"canonical":"https:\/\/vosgesinfo.fr\/saintdieinfo\/2024\/02\/les-vosges-prochainement-mises-a-lhonneur-dans-lemission-des-racines-et-des-ailes\/","twitter_card":"summary_large_image","twitter_title":"Les Vosges prochainement mises \u00e0 l'honneur dans l'\u00e9mission \u00ab\u00a0Des Racines et des Ailes\u00a0\u00bb - Saint Die Info","twitter_description":"Au d\u00e9but de l&rsquo;\u00e9t\u00e9 2023, la production de l&rsquo;\u00e9mission \u00ab Des Racines et des Ailes \u00bb avait pos\u00e9 ses valises [&hellip;]","twitter_image":"https:\/\/vosgesinfo.fr\/app\/uploads\/sites\/4\/2024\/02\/saint-die-des-vosges---usine-le-corbusier-20131007-01-scaled.jpeg","twitter_creator":"@VosgesInfo88","twitter_site":"@VosgesInfo88","twitter_misc":{"\u00c9crit par":"J.J.","Dur\u00e9e de lecture estim\u00e9e":"1 minute"},"schema":{"@context":"https:\/\/schema.org","@graph":[{"@type":"Article","@id":"https:\/\/vosgesinfo.fr\/saintdieinfo\/2024\/02\/les-vosges-prochainement-mises-a-lhonneur-dans-lemission-des-racines-et-des-ailes\/#article","isPartOf":{"@id":"https:\/\/vosgesinfo.fr\/saintdieinfo\/2024\/02\/les-vosges-prochainement-mises-a-lhonneur-dans-lemission-des-racines-et-des-ailes\/"},"author":{"name":"J.J.","@id":"https:\/\/vosgesinfo.fr\/saintdieinfo\/#\/schema\/person\/fa73e9f726d67bb88f46d5b7943cb572"},"headline":"Les Vosges prochainement mises \u00e0 l&rsquo;honneur dans l&rsquo;\u00e9mission \u00ab\u00a0Des Racines et des Ailes\u00a0\u00bb","datePublished":"2024-02-05T10:14:27+00:00","dateModified":"2024-02-05T10:14:27+00:00","mainEntityOfPage":{"@id":"https:\/\/vosgesinfo.fr\/saintdieinfo\/2024\/02\/les-vosges-prochainement-mises-a-lhonneur-dans-lemission-des-racines-et-des-ailes\/"},"wordCount":124,"commentCount":1,"publisher":{"@id":"https:\/\/vosgesinfo.fr\/saintdieinfo\/#organization"},"image":{"@id":"https:\/\/vosgesinfo.fr\/saintdieinfo\/2024\/02\/les-vosges-prochainement-mises-a-lhonneur-dans-lemission-des-racines-et-des-ailes\/#primaryimage"},"thumbnailUrl":"https:\/\/vosgesinfo.fr\/app\/uploads\/sites\/4\/2024\/02\/saint-die-des-vosges---usine-le-corbusier-20131007-01-scaled.jpeg","keywords":["Des Racines et des Ailes","France 3"],"articleSection":["A la Une","Saint-Di\u00e9-des-Vosges","Vosges"],"inLanguage":"fr-FR","potentialAction":[{"@type":"CommentAction","name":"Comment","target":["https:\/\/vosgesinfo.fr\/saintdieinfo\/2024\/02\/les-vosges-prochainement-mises-a-lhonneur-dans-lemission-des-racines-et-des-ailes\/#respond"]}]},{"@type":"WebPage","@id":"https:\/\/vosgesinfo.fr\/saintdieinfo\/2024\/02\/les-vosges-prochainement-mises-a-lhonneur-dans-lemission-des-racines-et-des-ailes\/","url":"https:\/\/vosgesinfo.fr\/saintdieinfo\/2024\/02\/les-vosges-prochainement-mises-a-lhonneur-dans-lemission-des-racines-et-des-ailes\/","name":"Les Vosges prochainement mises \u00e0 l'honneur dans l'\u00e9mission \u00ab\u00a0Des Racines et des Ailes\u00a0\u00bb - Saint Die Info","isPartOf":{"@id":"https:\/\/vosgesinfo.fr\/saintdieinfo\/#website"},"primaryImageOfPage":{"@id":"https:\/\/vosgesinfo.fr\/saintdieinfo\/2024\/02\/les-vosges-prochainement-mises-a-lhonneur-dans-lemission-des-racines-et-des-ailes\/#primaryimage"},"image":{"@id":"https:\/\/vosgesinfo.fr\/saintdieinfo\/2024\/02\/les-vosges-prochainement-mises-a-lhonneur-dans-lemission-des-racines-et-des-ailes\/#primaryimage"},"thumbnailUrl":"https:\/\/vosgesinfo.fr\/app\/uploads\/sites\/4\/2024\/02\/saint-die-des-vosges---usine-le-corbusier-20131007-01-scaled.jpeg","datePublished":"2024-02-05T10:14:27+00:00","dateModified":"2024-02-05T10:14:27+00:00","breadcrumb":{"@id":"https:\/\/vosgesinfo.fr\/saintdieinfo\/2024\/02\/les-vosges-prochainement-mises-a-lhonneur-dans-lemission-des-racines-et-des-ailes\/#breadcrumb"},"inLanguage":"fr-FR","potentialAction":[{"@type":"ReadAction","target":["https:\/\/vosgesinfo.fr\/saintdieinfo\/2024\/02\/les-vosges-prochainement-mises-a-lhonneur-dans-lemission-des-racines-et-des-ailes\/"]}]},{"@type":"ImageObject","inLanguage":"fr-FR","@id":"https:\/\/vosgesinfo.fr\/saintdieinfo\/2024\/02\/les-vosges-prochainement-mises-a-lhonneur-dans-lemission-des-racines-et-des-ailes\/#primaryimage","url":"https:\/\/vosgesinfo.fr\/app\/uploads\/sites\/4\/2024\/02\/saint-die-des-vosges---usine-le-corbusier-20131007-01-scaled.jpeg","contentUrl":"https:\/\/vosgesinfo.fr\/app\/uploads\/sites\/4\/2024\/02\/saint-die-des-vosges---usine-le-corbusier-20131007-01-scaled.jpeg","width":2560,"height":1707},{"@type":"BreadcrumbList","@id":"https:\/\/vosgesinfo.fr\/saintdieinfo\/2024\/02\/les-vosges-prochainement-mises-a-lhonneur-dans-lemission-des-racines-et-des-ailes\/#breadcrumb","itemListElement":[{"@type":"ListItem","position":1,"name":"Home","item":"https:\/\/vosgesinfo.fr\/saintdieinfo\/"},{"@type":"ListItem","position":2,"name":"Les Vosges prochainement mises \u00e0 l&rsquo;honneur dans l&rsquo;\u00e9mission \u00ab\u00a0Des Racines et des Ailes\u00a0\u00bb"}]},{"@type":"WebSite","@id":"https:\/\/vosgesinfo.fr\/saintdieinfo\/#website","url":"https:\/\/vosgesinfo.fr\/saintdieinfo\/","name":"Saint Die Info","description":"Toute l&#039;actualit\u00e9 de Saint-Di\u00e9-Des-Vosges","publisher":{"@id":"https:\/\/vosgesinfo.fr\/saintdieinfo\/#organization"},"alternateName":"Toute l'actualit\u00e9 de Saint-Di\u00e9-Des-Vosges","potentialAction":[{"@type":"SearchAction","target":{"@type":"EntryPoint","urlTemplate":"https:\/\/vosgesinfo.fr\/saintdieinfo\/?s={search_term_string}"},"query-input":"required name=search_term_string"}],"inLanguage":"fr-FR"},{"@type":"Organization","@id":"https:\/\/vosgesinfo.fr\/saintdieinfo\/#organization","name":"Saint Die Info","url":"https:\/\/vosgesinfo.fr\/saintdieinfo\/","logo":{"@type":"ImageObject","inLanguage":"fr-FR","@id":"https:\/\/vosgesinfo.fr\/saintdieinfo\/#\/schema\/logo\/image\/","url":"https:\/\/vosgesinfo.fr\/app\/uploads\/sites\/4\/2024\/02\/logo-sdi.jpg","contentUrl":"https:\/\/vosgesinfo.fr\/app\/uploads\/sites\/4\/2024\/02\/logo-sdi.jpg","width":600,"height":600,"caption":"Saint Die Info"},"image":{"@id":"https:\/\/vosgesinfo.fr\/saintdieinfo\/#\/schema\/logo\/image\/"},"sameAs":["https:\/\/www.facebook.com\/Saintdieinfofr","https:\/\/x.com\/VosgesInfo88","https:\/\/www.youtube.com\/@vosgesinfo"]},{"@type":"Person","@id":"https:\/\/vosgesinfo.fr\/saintdieinfo\/#\/schema\/person\/fa73e9f726d67bb88f46d5b7943cb572","name":"J.J.","image":{"@type":"ImageObject","inLanguage":"fr-FR","@id":"https:\/\/vosgesinfo.fr\/saintdieinfo\/#\/schema\/person\/image\/","url":"https:\/\/secure.gravatar.com\/avatar\/219e749e47ffbcca018a360ae4add7d4cdf1cdaaf8bc7676b27efade3fe65615?s=96&d=mm&r=g","contentUrl":"https:\/\/secure.gravatar.com\/avatar\/219e749e47ffbcca018a360ae4add7d4cdf1cdaaf8bc7676b27efade3fe65615?s=96&d=mm&r=g","caption":"J.J."},"url":"https:\/\/vosgesinfo.fr\/saintdieinfo\/author\/j-j\/"}]}},"_links":{"self":[{"href":"https:\/\/vosgesinfo.fr\/saintdieinfo\/wp-json\/wp\/v2\/posts\/24440","targetHints":{"allow":["GET"]}}],"collection":[{"href":"https:\/\/vosgesinfo.fr\/saintdieinfo\/wp-json\/wp\/v2\/posts"}],"about":[{"href":"https:\/\/vosgesinfo.fr\/saintdieinfo\/wp-json\/wp\/v2\/types\/post"}],"author":[{"embeddable":true,"href":"https:\/\/vosgesinfo.fr\/saintdieinfo\/wp-json\/wp\/v2\/users\/46"}],"replies":[{"embeddable":true,"href":"https:\/\/vosgesinfo.fr\/saintdieinfo\/wp-json\/wp\/v2\/comments?post=24440"}],"version-history":[{"count":3,"href":"https:\/\/vosgesinfo.fr\/saintdieinfo\/wp-json\/wp\/v2\/posts\/24440\/revisions"}],"predecessor-version":[{"id":24445,"href":"https:\/\/vosgesinfo.fr\/saintdieinfo\/wp-json\/wp\/v2\/posts\/24440\/revisions\/24445"}],"wp:featuredmedia":[{"embeddable":true,"href":"https:\/\/vosgesinfo.fr\/saintdieinfo\/wp-json\/wp\/v2\/media\/24442"}],"wp:attachment":[{"href":"https:\/\/vosgesinfo.fr\/saintdieinfo\/wp-json\/wp\/v2\/media?parent=24440"}],"wp:term":[{"taxonomy":"category","embeddable":true,"href":"https:\/\/vosgesinfo.fr\/saintdieinfo\/wp-json\/wp\/v2\/categories?post=24440"},{"taxonomy":"post_tag","embeddable":true,"href":"https:\/\/vosgesinfo.fr\/saintdieinfo\/wp-json\/wp\/v2\/tags?post=24440"}],"curies":[{"name":"wp","href":"https:\/\/api.w.org\/{rel}","templated":true}]}}