{"id":24770,"date":"2024-02-13T09:38:11","date_gmt":"2024-02-13T08:38:11","guid":{"rendered":"https:\/\/vosgesinfo.fr\/saintdieinfo\/?p=24770"},"modified":"2024-02-13T09:38:11","modified_gmt":"2024-02-13T08:38:11","slug":"david-valence-notre-justice-a-besoin-de-davantage-de-magistrats-dans-les-vosges","status":"publish","type":"post","link":"https:\/\/vosgesinfo.fr\/saintdieinfo\/2024\/02\/david-valence-notre-justice-a-besoin-de-davantage-de-magistrats-dans-les-vosges\/","title":{"rendered":"David Valence : \u00ab Notre Justice a besoin de davantage de magistrats dans les Vosges \u00bb"},"content":{"rendered":"<div id=\"attachment_22781\" style=\"width: 867px\" class=\"wp-caption alignnone\"><img decoding=\"async\" aria-describedby=\"caption-attachment-22781\" class=\"wp-image-22781 size-full\" src=\"https:\/\/vosgesinfo.fr\/app\/uploads\/sites\/4\/2023\/02\/david-valence.jpg\" alt=\"\" width=\"857\" height=\"857\" srcset=\"https:\/\/vosgesinfo.fr\/app\/uploads\/sites\/4\/2023\/02\/david-valence.jpg 857w, https:\/\/vosgesinfo.fr\/app\/uploads\/sites\/4\/2023\/02\/david-valence-300x300.jpg 300w, https:\/\/vosgesinfo.fr\/app\/uploads\/sites\/4\/2023\/02\/david-valence-150x150.jpg 150w, https:\/\/vosgesinfo.fr\/app\/uploads\/sites\/4\/2023\/02\/david-valence-768x768.jpg 768w\" sizes=\"(max-width: 857px) 100vw, 857px\" \/><p id=\"caption-attachment-22781\" class=\"wp-caption-text\">(Archive)<\/p><\/div>\n<h2>Un renfort d&rsquo;un magistrat au tribunal d&rsquo;Epinal, dans un contexte o\u00f9 les dossiers de violences intrafamiliales ont fortement augment\u00e9 ces derni\u00e8res ann\u00e9es dans les Vosges. C&rsquo;est la demande que le d\u00e9put\u00e9 de la deuxi\u00e8me circonscription des Vosges David Valence appuie aupr\u00e8s du Garde des Sceaux.<\/h2>\n<p><!--more--><\/p>\n<p>\u00ab\u00a0Pour que la Justice soit rendue en proximit\u00e9 et que ses d\u00e9lais se r\u00e9duisent, la loi d\u2019orientation et de programmation du minist\u00e8re de la Justice pr\u00e9voit d\u2019augmenter les cr\u00e9dits de 21%, de 9,6 \u00e0 10,8 milliards d\u2019euros entre 2023 et 2027 et de recruter 10 000 fonctionnaires, dont 1500 magistrats sur cette p\u00e9riode.<\/p>\n<p>Ces derni\u00e8res ann\u00e9es, les Vosges ont d\u00e9j\u00e0 b\u00e9n\u00e9fici\u00e9 par exemple d\u2019un poste de juge suppl\u00e9mentaire au tribunal d\u2019instance de Saint-Di\u00e9-des-Vosges, afin d\u2019y traiter le contentieux du tribunal de police et des affaires familiales.<\/p>\n<p>Mais du c\u00f4t\u00e9 du Parquet, les effectifs restent en dessous des moyennes nationale et europ\u00e9enne, avec sept magistrats pour 380 000 habitants. Or, le Parquet d\u2019\u00c9pinal assure le traitement de dossiers relevant de la Cour d\u2019assises, constate une activit\u00e9 importante li\u00e9e \u00e0 la fr\u00e9quentation touristique du Massif des Vosges et fait face \u00e0 une augmentation significative des dossiers de violences intrafamiliales (de 110 affaires en 2019 \u00e0 296 en 2022).<\/p>\n<p>Je me suis saisi de ce dossier pour appuyer la demande du Parquet d\u2019\u00c9pinal de b\u00e9n\u00e9ficier d\u2019effectifs suppl\u00e9mentaires et ai \u00e9crit \u00e0 ce sujet au Garde des Sceaux d\u00e8s le 23 octobre 2023.<\/p>\n<p>Alors que les affectations nouvelles sont en voie d\u2019arbitrage au Minist\u00e8re, j\u2019ai de nouveau \u00e9chang\u00e9 avec le cabinet du Garde des Sceaux le 8 f\u00e9vrier dernier pour relayer la demande d\u2019un renfort d\u2019au moins un magistrat aupr\u00e8s du Parquet d\u2019\u00c9pinal.<\/p>\n<p>Je reste tr\u00e8s attentif aux r\u00e9ponses qui pourront \u00eatre apport\u00e9es \u00e0 cette attente l\u00e9gitime des Vosgiennes et Vosgiens : que la Justice puisse faire son travail avec efficacit\u00e9 dans leur d\u00e9partement !\u00a0\u00bb<\/p>\n<p style=\"text-align: right\"><strong>David VALENCE<\/strong><br \/>\n<strong>D\u00e9put\u00e9 des Vosges<\/strong><\/p>\n","protected":false},"excerpt":{"rendered":"<p>Un renfort d&rsquo;un magistrat au tribunal d&rsquo;Epinal, dans un contexte o\u00f9 les dossiers de violences intrafamiliales ont fortement augment\u00e9 ces [&hellip;]<\/p>\n","protected":false},"author":46,"featured_media":22781,"comment_status":"open","ping_status":"open","sticky":false,"template":"","format":"standard","meta":{"footnotes":""},"categories":[460,3903,25,10,18],"tags":[3337,3338,3993,3992],"class_list":["post-24770","post","type-post","status-publish","format-standard","has-post-thumbnail","hentry","category-a-la-une","category-deodatie","category-justice","category-politique","category-vosges","tag-david-valence","tag-depute-de-la-deuxieme-circonscription-des-vosges","tag-justice-dans-les-vosges","tag-magistrats-dans-les-vosges"],"acf":[],"yoast_head":"<!-- This site is optimized with the Yoast SEO plugin v22.5 - https:\/\/yoast.com\/wordpress\/plugins\/seo\/ -->\n<title>David Valence : \u00ab Notre Justice a besoin de davantage de magistrats dans les Vosges \u00bb - Saint Die Info<\/title>\n<meta name=\"robots\" content=\"index, follow, max-snippet:-1, max-image-preview:large, max-video-preview:-1\" \/>\n<link rel=\"canonical\" href=\"https:\/\/vosgesinfo.fr\/saintdieinfo\/2024\/02\/david-valence-notre-justice-a-besoin-de-davantage-de-magistrats-dans-les-vosges\/\" \/>\n<meta name=\"twitter:card\" content=\"summary_large_image\" \/>\n<meta name=\"twitter:title\" content=\"David Valence : \u00ab Notre Justice a besoin de davantage de magistrats dans les Vosges \u00bb - Saint Die Info\" \/>\n<meta name=\"twitter:description\" content=\"Un renfort d&rsquo;un magistrat au tribunal d&rsquo;Epinal, dans un contexte o\u00f9 les dossiers de violences intrafamiliales ont fortement augment\u00e9 ces [&hellip;]\" \/>\n<meta name=\"twitter:image\" content=\"https:\/\/vosgesinfo.fr\/app\/uploads\/sites\/4\/2023\/02\/david-valence.jpg\" \/>\n<meta name=\"twitter:creator\" content=\"@VosgesInfo88\" \/>\n<meta name=\"twitter:site\" content=\"@VosgesInfo88\" \/>\n<meta name=\"twitter:label1\" content=\"\u00c9crit par\" \/>\n\t<meta name=\"twitter:data1\" content=\"J.J.\" \/>\n\t<meta name=\"twitter:label2\" content=\"Dur\u00e9e de lecture estim\u00e9e\" \/>\n\t<meta name=\"twitter:data2\" content=\"2 minutes\" \/>\n<script type=\"application\/ld+json\" class=\"yoast-schema-graph\">{\"@context\":\"https:\/\/schema.org\",\"@graph\":[{\"@type\":\"Article\",\"@id\":\"https:\/\/vosgesinfo.fr\/saintdieinfo\/2024\/02\/david-valence-notre-justice-a-besoin-de-davantage-de-magistrats-dans-les-vosges\/#article\",\"isPartOf\":{\"@id\":\"https:\/\/vosgesinfo.fr\/saintdieinfo\/2024\/02\/david-valence-notre-justice-a-besoin-de-davantage-de-magistrats-dans-les-vosges\/\"},\"author\":{\"name\":\"J.J.\",\"@id\":\"https:\/\/vosgesinfo.fr\/saintdieinfo\/#\/schema\/person\/fa73e9f726d67bb88f46d5b7943cb572\"},\"headline\":\"David Valence : \u00ab Notre Justice a besoin de davantage de magistrats dans les Vosges \u00bb\",\"datePublished\":\"2024-02-13T08:38:11+00:00\",\"dateModified\":\"2024-02-13T08:38:11+00:00\",\"mainEntityOfPage\":{\"@id\":\"https:\/\/vosgesinfo.fr\/saintdieinfo\/2024\/02\/david-valence-notre-justice-a-besoin-de-davantage-de-magistrats-dans-les-vosges\/\"},\"wordCount\":360,\"commentCount\":3,\"publisher\":{\"@id\":\"https:\/\/vosgesinfo.fr\/saintdieinfo\/#organization\"},\"image\":{\"@id\":\"https:\/\/vosgesinfo.fr\/saintdieinfo\/2024\/02\/david-valence-notre-justice-a-besoin-de-davantage-de-magistrats-dans-les-vosges\/#primaryimage\"},\"thumbnailUrl\":\"https:\/\/vosgesinfo.fr\/app\/uploads\/sites\/4\/2023\/02\/david-valence.jpg\",\"keywords\":[\"David Valence\",\"D\u00e9put\u00e9 de la deuxi\u00e8me circonscription des Vosges\",\"Justice dans les Vosges\",\"Magistrats dans les Vosges\"],\"articleSection\":[\"A la Une\",\"D\u00e9odatie\",\"Justice\",\"Politique\",\"Vosges\"],\"inLanguage\":\"fr-FR\",\"potentialAction\":[{\"@type\":\"CommentAction\",\"name\":\"Comment\",\"target\":[\"https:\/\/vosgesinfo.fr\/saintdieinfo\/2024\/02\/david-valence-notre-justice-a-besoin-de-davantage-de-magistrats-dans-les-vosges\/#respond\"]}]},{\"@type\":\"WebPage\",\"@id\":\"https:\/\/vosgesinfo.fr\/saintdieinfo\/2024\/02\/david-valence-notre-justice-a-besoin-de-davantage-de-magistrats-dans-les-vosges\/\",\"url\":\"https:\/\/vosgesinfo.fr\/saintdieinfo\/2024\/02\/david-valence-notre-justice-a-besoin-de-davantage-de-magistrats-dans-les-vosges\/\",\"name\":\"David Valence : \u00ab Notre Justice a besoin de davantage de magistrats dans les Vosges \u00bb - Saint Die Info\",\"isPartOf\":{\"@id\":\"https:\/\/vosgesinfo.fr\/saintdieinfo\/#website\"},\"primaryImageOfPage\":{\"@id\":\"https:\/\/vosgesinfo.fr\/saintdieinfo\/2024\/02\/david-valence-notre-justice-a-besoin-de-davantage-de-magistrats-dans-les-vosges\/#primaryimage\"},\"image\":{\"@id\":\"https:\/\/vosgesinfo.fr\/saintdieinfo\/2024\/02\/david-valence-notre-justice-a-besoin-de-davantage-de-magistrats-dans-les-vosges\/#primaryimage\"},\"thumbnailUrl\":\"https:\/\/vosgesinfo.fr\/app\/uploads\/sites\/4\/2023\/02\/david-valence.jpg\",\"datePublished\":\"2024-02-13T08:38:11+00:00\",\"dateModified\":\"2024-02-13T08:38:11+00:00\",\"breadcrumb\":{\"@id\":\"https:\/\/vosgesinfo.fr\/saintdieinfo\/2024\/02\/david-valence-notre-justice-a-besoin-de-davantage-de-magistrats-dans-les-vosges\/#breadcrumb\"},\"inLanguage\":\"fr-FR\",\"potentialAction\":[{\"@type\":\"ReadAction\",\"target\":[\"https:\/\/vosgesinfo.fr\/saintdieinfo\/2024\/02\/david-valence-notre-justice-a-besoin-de-davantage-de-magistrats-dans-les-vosges\/\"]}]},{\"@type\":\"ImageObject\",\"inLanguage\":\"fr-FR\",\"@id\":\"https:\/\/vosgesinfo.fr\/saintdieinfo\/2024\/02\/david-valence-notre-justice-a-besoin-de-davantage-de-magistrats-dans-les-vosges\/#primaryimage\",\"url\":\"https:\/\/vosgesinfo.fr\/app\/uploads\/sites\/4\/2023\/02\/david-valence.jpg\",\"contentUrl\":\"https:\/\/vosgesinfo.fr\/app\/uploads\/sites\/4\/2023\/02\/david-valence.jpg\",\"width\":857,\"height\":857},{\"@type\":\"BreadcrumbList\",\"@id\":\"https:\/\/vosgesinfo.fr\/saintdieinfo\/2024\/02\/david-valence-notre-justice-a-besoin-de-davantage-de-magistrats-dans-les-vosges\/#breadcrumb\",\"itemListElement\":[{\"@type\":\"ListItem\",\"position\":1,\"name\":\"Home\",\"item\":\"https:\/\/vosgesinfo.fr\/saintdieinfo\/\"},{\"@type\":\"ListItem\",\"position\":2,\"name\":\"David Valence : \u00ab Notre Justice a besoin de davantage de magistrats dans les Vosges \u00bb\"}]},{\"@type\":\"WebSite\",\"@id\":\"https:\/\/vosgesinfo.fr\/saintdieinfo\/#website\",\"url\":\"https:\/\/vosgesinfo.fr\/saintdieinfo\/\",\"name\":\"Saint Die Info\",\"description\":\"Toute l&#039;actualit\u00e9 de Saint-Di\u00e9-Des-Vosges\",\"publisher\":{\"@id\":\"https:\/\/vosgesinfo.fr\/saintdieinfo\/#organization\"},\"alternateName\":\"Toute l'actualit\u00e9 de Saint-Di\u00e9-Des-Vosges\",\"potentialAction\":[{\"@type\":\"SearchAction\",\"target\":{\"@type\":\"EntryPoint\",\"urlTemplate\":\"https:\/\/vosgesinfo.fr\/saintdieinfo\/?s={search_term_string}\"},\"query-input\":\"required name=search_term_string\"}],\"inLanguage\":\"fr-FR\"},{\"@type\":\"Organization\",\"@id\":\"https:\/\/vosgesinfo.fr\/saintdieinfo\/#organization\",\"name\":\"Saint Die Info\",\"url\":\"https:\/\/vosgesinfo.fr\/saintdieinfo\/\",\"logo\":{\"@type\":\"ImageObject\",\"inLanguage\":\"fr-FR\",\"@id\":\"https:\/\/vosgesinfo.fr\/saintdieinfo\/#\/schema\/logo\/image\/\",\"url\":\"https:\/\/vosgesinfo.fr\/app\/uploads\/sites\/4\/2024\/02\/logo-sdi.jpg\",\"contentUrl\":\"https:\/\/vosgesinfo.fr\/app\/uploads\/sites\/4\/2024\/02\/logo-sdi.jpg\",\"width\":600,\"height\":600,\"caption\":\"Saint Die Info\"},\"image\":{\"@id\":\"https:\/\/vosgesinfo.fr\/saintdieinfo\/#\/schema\/logo\/image\/\"},\"sameAs\":[\"https:\/\/www.facebook.com\/Saintdieinfofr\",\"https:\/\/x.com\/VosgesInfo88\",\"https:\/\/www.youtube.com\/@vosgesinfo\"]},{\"@type\":\"Person\",\"@id\":\"https:\/\/vosgesinfo.fr\/saintdieinfo\/#\/schema\/person\/fa73e9f726d67bb88f46d5b7943cb572\",\"name\":\"J.J.\",\"image\":{\"@type\":\"ImageObject\",\"inLanguage\":\"fr-FR\",\"@id\":\"https:\/\/vosgesinfo.fr\/saintdieinfo\/#\/schema\/person\/image\/\",\"url\":\"https:\/\/secure.gravatar.com\/avatar\/219e749e47ffbcca018a360ae4add7d4cdf1cdaaf8bc7676b27efade3fe65615?s=96&d=mm&r=g\",\"contentUrl\":\"https:\/\/secure.gravatar.com\/avatar\/219e749e47ffbcca018a360ae4add7d4cdf1cdaaf8bc7676b27efade3fe65615?s=96&d=mm&r=g\",\"caption\":\"J.J.\"},\"url\":\"https:\/\/vosgesinfo.fr\/saintdieinfo\/author\/j-j\/\"}]}<\/script>\n<!-- \/ Yoast SEO plugin. -->","yoast_head_json":{"title":"David Valence : \u00ab Notre Justice a besoin de davantage de magistrats dans les Vosges \u00bb - Saint Die Info","robots":{"index":"index","follow":"follow","max-snippet":"max-snippet:-1","max-image-preview":"max-image-preview:large","max-video-preview":"max-video-preview:-1"},"canonical":"https:\/\/vosgesinfo.fr\/saintdieinfo\/2024\/02\/david-valence-notre-justice-a-besoin-de-davantage-de-magistrats-dans-les-vosges\/","twitter_card":"summary_large_image","twitter_title":"David Valence : \u00ab Notre Justice a besoin de davantage de magistrats dans les Vosges \u00bb - Saint Die Info","twitter_description":"Un renfort d&rsquo;un magistrat au tribunal d&rsquo;Epinal, dans un contexte o\u00f9 les dossiers de violences intrafamiliales ont fortement augment\u00e9 ces [&hellip;]","twitter_image":"https:\/\/vosgesinfo.fr\/app\/uploads\/sites\/4\/2023\/02\/david-valence.jpg","twitter_creator":"@VosgesInfo88","twitter_site":"@VosgesInfo88","twitter_misc":{"\u00c9crit par":"J.J.","Dur\u00e9e de lecture estim\u00e9e":"2 minutes"},"schema":{"@context":"https:\/\/schema.org","@graph":[{"@type":"Article","@id":"https:\/\/vosgesinfo.fr\/saintdieinfo\/2024\/02\/david-valence-notre-justice-a-besoin-de-davantage-de-magistrats-dans-les-vosges\/#article","isPartOf":{"@id":"https:\/\/vosgesinfo.fr\/saintdieinfo\/2024\/02\/david-valence-notre-justice-a-besoin-de-davantage-de-magistrats-dans-les-vosges\/"},"author":{"name":"J.J.","@id":"https:\/\/vosgesinfo.fr\/saintdieinfo\/#\/schema\/person\/fa73e9f726d67bb88f46d5b7943cb572"},"headline":"David Valence : \u00ab Notre Justice a besoin de davantage de magistrats dans les Vosges \u00bb","datePublished":"2024-02-13T08:38:11+00:00","dateModified":"2024-02-13T08:38:11+00:00","mainEntityOfPage":{"@id":"https:\/\/vosgesinfo.fr\/saintdieinfo\/2024\/02\/david-valence-notre-justice-a-besoin-de-davantage-de-magistrats-dans-les-vosges\/"},"wordCount":360,"commentCount":3,"publisher":{"@id":"https:\/\/vosgesinfo.fr\/saintdieinfo\/#organization"},"image":{"@id":"https:\/\/vosgesinfo.fr\/saintdieinfo\/2024\/02\/david-valence-notre-justice-a-besoin-de-davantage-de-magistrats-dans-les-vosges\/#primaryimage"},"thumbnailUrl":"https:\/\/vosgesinfo.fr\/app\/uploads\/sites\/4\/2023\/02\/david-valence.jpg","keywords":["David Valence","D\u00e9put\u00e9 de la deuxi\u00e8me circonscription des Vosges","Justice dans les Vosges","Magistrats dans les Vosges"],"articleSection":["A la Une","D\u00e9odatie","Justice","Politique","Vosges"],"inLanguage":"fr-FR","potentialAction":[{"@type":"CommentAction","name":"Comment","target":["https:\/\/vosgesinfo.fr\/saintdieinfo\/2024\/02\/david-valence-notre-justice-a-besoin-de-davantage-de-magistrats-dans-les-vosges\/#respond"]}]},{"@type":"WebPage","@id":"https:\/\/vosgesinfo.fr\/saintdieinfo\/2024\/02\/david-valence-notre-justice-a-besoin-de-davantage-de-magistrats-dans-les-vosges\/","url":"https:\/\/vosgesinfo.fr\/saintdieinfo\/2024\/02\/david-valence-notre-justice-a-besoin-de-davantage-de-magistrats-dans-les-vosges\/","name":"David Valence : \u00ab Notre Justice a besoin de davantage de magistrats dans les Vosges \u00bb - Saint Die Info","isPartOf":{"@id":"https:\/\/vosgesinfo.fr\/saintdieinfo\/#website"},"primaryImageOfPage":{"@id":"https:\/\/vosgesinfo.fr\/saintdieinfo\/2024\/02\/david-valence-notre-justice-a-besoin-de-davantage-de-magistrats-dans-les-vosges\/#primaryimage"},"image":{"@id":"https:\/\/vosgesinfo.fr\/saintdieinfo\/2024\/02\/david-valence-notre-justice-a-besoin-de-davantage-de-magistrats-dans-les-vosges\/#primaryimage"},"thumbnailUrl":"https:\/\/vosgesinfo.fr\/app\/uploads\/sites\/4\/2023\/02\/david-valence.jpg","datePublished":"2024-02-13T08:38:11+00:00","dateModified":"2024-02-13T08:38:11+00:00","breadcrumb":{"@id":"https:\/\/vosgesinfo.fr\/saintdieinfo\/2024\/02\/david-valence-notre-justice-a-besoin-de-davantage-de-magistrats-dans-les-vosges\/#breadcrumb"},"inLanguage":"fr-FR","potentialAction":[{"@type":"ReadAction","target":["https:\/\/vosgesinfo.fr\/saintdieinfo\/2024\/02\/david-valence-notre-justice-a-besoin-de-davantage-de-magistrats-dans-les-vosges\/"]}]},{"@type":"ImageObject","inLanguage":"fr-FR","@id":"https:\/\/vosgesinfo.fr\/saintdieinfo\/2024\/02\/david-valence-notre-justice-a-besoin-de-davantage-de-magistrats-dans-les-vosges\/#primaryimage","url":"https:\/\/vosgesinfo.fr\/app\/uploads\/sites\/4\/2023\/02\/david-valence.jpg","contentUrl":"https:\/\/vosgesinfo.fr\/app\/uploads\/sites\/4\/2023\/02\/david-valence.jpg","width":857,"height":857},{"@type":"BreadcrumbList","@id":"https:\/\/vosgesinfo.fr\/saintdieinfo\/2024\/02\/david-valence-notre-justice-a-besoin-de-davantage-de-magistrats-dans-les-vosges\/#breadcrumb","itemListElement":[{"@type":"ListItem","position":1,"name":"Home","item":"https:\/\/vosgesinfo.fr\/saintdieinfo\/"},{"@type":"ListItem","position":2,"name":"David Valence : \u00ab Notre Justice a besoin de davantage de magistrats dans les Vosges \u00bb"}]},{"@type":"WebSite","@id":"https:\/\/vosgesinfo.fr\/saintdieinfo\/#website","url":"https:\/\/vosgesinfo.fr\/saintdieinfo\/","name":"Saint Die Info","description":"Toute l&#039;actualit\u00e9 de Saint-Di\u00e9-Des-Vosges","publisher":{"@id":"https:\/\/vosgesinfo.fr\/saintdieinfo\/#organization"},"alternateName":"Toute l'actualit\u00e9 de Saint-Di\u00e9-Des-Vosges","potentialAction":[{"@type":"SearchAction","target":{"@type":"EntryPoint","urlTemplate":"https:\/\/vosgesinfo.fr\/saintdieinfo\/?s={search_term_string}"},"query-input":"required name=search_term_string"}],"inLanguage":"fr-FR"},{"@type":"Organization","@id":"https:\/\/vosgesinfo.fr\/saintdieinfo\/#organization","name":"Saint Die Info","url":"https:\/\/vosgesinfo.fr\/saintdieinfo\/","logo":{"@type":"ImageObject","inLanguage":"fr-FR","@id":"https:\/\/vosgesinfo.fr\/saintdieinfo\/#\/schema\/logo\/image\/","url":"https:\/\/vosgesinfo.fr\/app\/uploads\/sites\/4\/2024\/02\/logo-sdi.jpg","contentUrl":"https:\/\/vosgesinfo.fr\/app\/uploads\/sites\/4\/2024\/02\/logo-sdi.jpg","width":600,"height":600,"caption":"Saint Die Info"},"image":{"@id":"https:\/\/vosgesinfo.fr\/saintdieinfo\/#\/schema\/logo\/image\/"},"sameAs":["https:\/\/www.facebook.com\/Saintdieinfofr","https:\/\/x.com\/VosgesInfo88","https:\/\/www.youtube.com\/@vosgesinfo"]},{"@type":"Person","@id":"https:\/\/vosgesinfo.fr\/saintdieinfo\/#\/schema\/person\/fa73e9f726d67bb88f46d5b7943cb572","name":"J.J.","image":{"@type":"ImageObject","inLanguage":"fr-FR","@id":"https:\/\/vosgesinfo.fr\/saintdieinfo\/#\/schema\/person\/image\/","url":"https:\/\/secure.gravatar.com\/avatar\/219e749e47ffbcca018a360ae4add7d4cdf1cdaaf8bc7676b27efade3fe65615?s=96&d=mm&r=g","contentUrl":"https:\/\/secure.gravatar.com\/avatar\/219e749e47ffbcca018a360ae4add7d4cdf1cdaaf8bc7676b27efade3fe65615?s=96&d=mm&r=g","caption":"J.J."},"url":"https:\/\/vosgesinfo.fr\/saintdieinfo\/author\/j-j\/"}]}},"_links":{"self":[{"href":"https:\/\/vosgesinfo.fr\/saintdieinfo\/wp-json\/wp\/v2\/posts\/24770","targetHints":{"allow":["GET"]}}],"collection":[{"href":"https:\/\/vosgesinfo.fr\/saintdieinfo\/wp-json\/wp\/v2\/posts"}],"about":[{"href":"https:\/\/vosgesinfo.fr\/saintdieinfo\/wp-json\/wp\/v2\/types\/post"}],"author":[{"embeddable":true,"href":"https:\/\/vosgesinfo.fr\/saintdieinfo\/wp-json\/wp\/v2\/users\/46"}],"replies":[{"embeddable":true,"href":"https:\/\/vosgesinfo.fr\/saintdieinfo\/wp-json\/wp\/v2\/comments?post=24770"}],"version-history":[{"count":1,"href":"https:\/\/vosgesinfo.fr\/saintdieinfo\/wp-json\/wp\/v2\/posts\/24770\/revisions"}],"predecessor-version":[{"id":24772,"href":"https:\/\/vosgesinfo.fr\/saintdieinfo\/wp-json\/wp\/v2\/posts\/24770\/revisions\/24772"}],"wp:featuredmedia":[{"embeddable":true,"href":"https:\/\/vosgesinfo.fr\/saintdieinfo\/wp-json\/wp\/v2\/media\/22781"}],"wp:attachment":[{"href":"https:\/\/vosgesinfo.fr\/saintdieinfo\/wp-json\/wp\/v2\/media?parent=24770"}],"wp:term":[{"taxonomy":"category","embeddable":true,"href":"https:\/\/vosgesinfo.fr\/saintdieinfo\/wp-json\/wp\/v2\/categories?post=24770"},{"taxonomy":"post_tag","embeddable":true,"href":"https:\/\/vosgesinfo.fr\/saintdieinfo\/wp-json\/wp\/v2\/tags?post=24770"}],"curies":[{"name":"wp","href":"https:\/\/api.w.org\/{rel}","templated":true}]}}