{"id":24788,"date":"2024-02-13T13:56:13","date_gmt":"2024-02-13T12:56:13","guid":{"rendered":"https:\/\/vosgesinfo.fr\/saintdieinfo\/?p=24788"},"modified":"2024-02-13T13:56:13","modified_gmt":"2024-02-13T12:56:13","slug":"mardi-gras-la-recette-des-corvechets-de-lorraine","status":"publish","type":"post","link":"https:\/\/vosgesinfo.fr\/saintdieinfo\/2024\/02\/mardi-gras-la-recette-des-corvechets-de-lorraine\/","title":{"rendered":"Mardi Gras\u00a0: la recette des corvechets de Lorraine"},"content":{"rendered":"<div id=\"attachment_24789\" style=\"width: 528px\" class=\"wp-caption alignnone\"><img decoding=\"async\" aria-describedby=\"caption-attachment-24789\" class=\"wp-image-24789 size-full\" src=\"https:\/\/vosgesinfo.fr\/app\/uploads\/sites\/4\/2024\/02\/corchevets-de-lorraine-mardi-gras.jpg\" alt=\"\" width=\"518\" height=\"367\" srcset=\"https:\/\/vosgesinfo.fr\/app\/uploads\/sites\/4\/2024\/02\/corchevets-de-lorraine-mardi-gras.jpg 518w, https:\/\/vosgesinfo.fr\/app\/uploads\/sites\/4\/2024\/02\/corchevets-de-lorraine-mardi-gras-300x213.jpg 300w\" sizes=\"(max-width: 518px) 100vw, 518px\" \/><p id=\"caption-attachment-24789\" class=\"wp-caption-text\">(Photographie Jean-Micha\u00ebl Choserot)<\/p><\/div>\n<h2>Ce mardi 13 f\u00e9vrier est synonyme de Mardi Gras, une f\u00eate catholique qui marque le d\u00e9but du car\u00eame.<\/h2>\n<p><!--more--><\/p>\n<p>Et qui dit Mardi Gras dit carnaval, <a href=\"https:\/\/vosgesinfo.fr\/saintdieinfo\/2024\/02\/la-semaine-prochaine-saint-die-des-vosges-fait-son-carnaval\/\" target=\"_blank\" rel=\"noopener\">qui sera f\u00eat\u00e9 demain mercredi \u00e0 Saint-Di\u00e9-des-Vosges<\/a>, mais aussi les fameux beignets pointus ou \u00ab\u00a0corvechets\u00a0\u00bb en Lorraine. \u00ab\u00a0Ce qui signifie \u00ab\u00a0petites cornes\u00a0\u00bb\u00a0\u00bb pr\u00e9cise Jean-Micha\u00ebl Choserot, pr\u00e9sident de l&rsquo;association historienne et naturaliste BERIAN. Ce dernier nous partage une recette, recueillie dans les Vosges aupr\u00e8s de madame Catherine Arfeuil, pour pr\u00e9parer une quinzaine de corvechets de Lorraine.<\/p>\n<h3>Les ingr\u00e9dients\u00a0:<\/h3>\n<ul>\n<li>2 gros \u0153ufs\u00a0;<\/li>\n<li>250 gr de farine\u00a0;<\/li>\n<li>50 gr de cr\u00e8me ;<\/li>\n<li>30 gr de sucre en poudre\u00a0;<\/li>\n<li>1 c \u00e0 soupe de rhum\u00a0;<\/li>\n<li>1 paquet de levure boulang\u00e8re\u00a0;<\/li>\n<li>Huile de friture\u00a0;<\/li>\n<li>Sucre glace.<\/li>\n<\/ul>\n<h3>La pr\u00e9paration\u00a0:<\/h3>\n<p>Mettez tout d\u2019abord la farine dans une jatte. Mettez ensuite les \u0153ufs, la cr\u00e8me, le sucre, le rhum et la levure. M\u00e9langez et p\u00e9trissez la p\u00e2te pour former une boule. Rajoutez de la farine s\u2019il le faut pour que la p\u00e2te ne colle plus aux doigts. Couvrez et laissez reposer 3 heures. Faites chauffer l\u2019huile. Etalez la p\u00e2te sur une \u00e9paisseur de 5 mm. D\u00e9coupez en morceaux avec une fente au milieu. Enfin, plongez les futurs beignets par petites fourn\u00e9es dans l\u2019huile chaude, en les retournant une fois. Retirez-les de l\u2019huile, laissez \u00e9goutter et saupoudrez de sucre glace. C\u2019est pr\u00eat, bon app\u00e9tit\u00a0!<\/p>\n<p>Pour en savoir plus sur BERIAN et ses actions : <strong><a href=\"https:\/\/berian.jimdosite.com\/\" target=\"_blank\" rel=\"noopener\">https:\/\/berian.jimdosite.com\/<\/a><\/strong><\/p>\n<p>Pour lire les articles de la biblioth\u00e8que num\u00e9rique de l\u2019association : <strong><a href=\"https:\/\/berianasso.wordpress.com\/\" target=\"_blank\" rel=\"noopener\">https:\/\/berianasso.wordpress.com\/<\/a><\/strong><\/p>\n","protected":false},"excerpt":{"rendered":"<p>Ce mardi 13 f\u00e9vrier est synonyme de Mardi Gras, une f\u00eate catholique qui marque le d\u00e9but du car\u00eame.<\/p>\n","protected":false},"author":46,"featured_media":24789,"comment_status":"open","ping_status":"open","sticky":false,"template":"","format":"standard","meta":{"footnotes":""},"categories":[460,20,18],"tags":[887,3010,4004,3616,4003],"class_list":["post-24788","post","type-post","status-publish","format-standard","has-post-thumbnail","hentry","category-a-la-une","category-loisirs","category-vosges","tag-beignets-de-carnaval","tag-berian","tag-corvechets-de-lorraine","tag-jean-michael-choserot","tag-mardi-gras"],"acf":[],"yoast_head":"<!-- This site is optimized with the Yoast SEO plugin v22.5 - https:\/\/yoast.com\/wordpress\/plugins\/seo\/ -->\n<title>Mardi Gras\u00a0: la recette des corvechets de Lorraine - Saint Die Info<\/title>\n<meta name=\"robots\" content=\"index, follow, max-snippet:-1, max-image-preview:large, max-video-preview:-1\" \/>\n<link rel=\"canonical\" href=\"https:\/\/vosgesinfo.fr\/saintdieinfo\/2024\/02\/mardi-gras-la-recette-des-corvechets-de-lorraine\/\" \/>\n<meta name=\"twitter:card\" content=\"summary_large_image\" \/>\n<meta name=\"twitter:title\" content=\"Mardi Gras\u00a0: la recette des corvechets de Lorraine - Saint Die Info\" \/>\n<meta name=\"twitter:description\" content=\"Ce mardi 13 f\u00e9vrier est synonyme de Mardi Gras, une f\u00eate catholique qui marque le d\u00e9but du car\u00eame.\" \/>\n<meta name=\"twitter:image\" content=\"https:\/\/vosgesinfo.fr\/app\/uploads\/sites\/4\/2024\/02\/corchevets-de-lorraine-mardi-gras.jpg\" \/>\n<meta name=\"twitter:creator\" content=\"@VosgesInfo88\" \/>\n<meta name=\"twitter:site\" content=\"@VosgesInfo88\" \/>\n<meta name=\"twitter:label1\" content=\"\u00c9crit par\" \/>\n\t<meta name=\"twitter:data1\" content=\"J.J.\" \/>\n\t<meta name=\"twitter:label2\" content=\"Dur\u00e9e de lecture estim\u00e9e\" \/>\n\t<meta name=\"twitter:data2\" content=\"1 minute\" \/>\n<script type=\"application\/ld+json\" class=\"yoast-schema-graph\">{\"@context\":\"https:\/\/schema.org\",\"@graph\":[{\"@type\":\"Article\",\"@id\":\"https:\/\/vosgesinfo.fr\/saintdieinfo\/2024\/02\/mardi-gras-la-recette-des-corvechets-de-lorraine\/#article\",\"isPartOf\":{\"@id\":\"https:\/\/vosgesinfo.fr\/saintdieinfo\/2024\/02\/mardi-gras-la-recette-des-corvechets-de-lorraine\/\"},\"author\":{\"name\":\"J.J.\",\"@id\":\"https:\/\/vosgesinfo.fr\/saintdieinfo\/#\/schema\/person\/fa73e9f726d67bb88f46d5b7943cb572\"},\"headline\":\"Mardi Gras\u00a0: la recette des corvechets de Lorraine\",\"datePublished\":\"2024-02-13T12:56:13+00:00\",\"dateModified\":\"2024-02-13T12:56:13+00:00\",\"mainEntityOfPage\":{\"@id\":\"https:\/\/vosgesinfo.fr\/saintdieinfo\/2024\/02\/mardi-gras-la-recette-des-corvechets-de-lorraine\/\"},\"wordCount\":289,\"commentCount\":0,\"publisher\":{\"@id\":\"https:\/\/vosgesinfo.fr\/saintdieinfo\/#organization\"},\"image\":{\"@id\":\"https:\/\/vosgesinfo.fr\/saintdieinfo\/2024\/02\/mardi-gras-la-recette-des-corvechets-de-lorraine\/#primaryimage\"},\"thumbnailUrl\":\"https:\/\/vosgesinfo.fr\/app\/uploads\/sites\/4\/2024\/02\/corchevets-de-lorraine-mardi-gras.jpg\",\"keywords\":[\"beignets de carnaval\",\"BERIAN\",\"Corvechets de Lorraine\",\"Jean-Micha\u00ebl Choserot\",\"Mardi Gras\"],\"articleSection\":[\"A la Une\",\"Loisirs\",\"Vosges\"],\"inLanguage\":\"fr-FR\",\"potentialAction\":[{\"@type\":\"CommentAction\",\"name\":\"Comment\",\"target\":[\"https:\/\/vosgesinfo.fr\/saintdieinfo\/2024\/02\/mardi-gras-la-recette-des-corvechets-de-lorraine\/#respond\"]}]},{\"@type\":\"WebPage\",\"@id\":\"https:\/\/vosgesinfo.fr\/saintdieinfo\/2024\/02\/mardi-gras-la-recette-des-corvechets-de-lorraine\/\",\"url\":\"https:\/\/vosgesinfo.fr\/saintdieinfo\/2024\/02\/mardi-gras-la-recette-des-corvechets-de-lorraine\/\",\"name\":\"Mardi Gras\u00a0: la recette des corvechets de Lorraine - Saint Die Info\",\"isPartOf\":{\"@id\":\"https:\/\/vosgesinfo.fr\/saintdieinfo\/#website\"},\"primaryImageOfPage\":{\"@id\":\"https:\/\/vosgesinfo.fr\/saintdieinfo\/2024\/02\/mardi-gras-la-recette-des-corvechets-de-lorraine\/#primaryimage\"},\"image\":{\"@id\":\"https:\/\/vosgesinfo.fr\/saintdieinfo\/2024\/02\/mardi-gras-la-recette-des-corvechets-de-lorraine\/#primaryimage\"},\"thumbnailUrl\":\"https:\/\/vosgesinfo.fr\/app\/uploads\/sites\/4\/2024\/02\/corchevets-de-lorraine-mardi-gras.jpg\",\"datePublished\":\"2024-02-13T12:56:13+00:00\",\"dateModified\":\"2024-02-13T12:56:13+00:00\",\"breadcrumb\":{\"@id\":\"https:\/\/vosgesinfo.fr\/saintdieinfo\/2024\/02\/mardi-gras-la-recette-des-corvechets-de-lorraine\/#breadcrumb\"},\"inLanguage\":\"fr-FR\",\"potentialAction\":[{\"@type\":\"ReadAction\",\"target\":[\"https:\/\/vosgesinfo.fr\/saintdieinfo\/2024\/02\/mardi-gras-la-recette-des-corvechets-de-lorraine\/\"]}]},{\"@type\":\"ImageObject\",\"inLanguage\":\"fr-FR\",\"@id\":\"https:\/\/vosgesinfo.fr\/saintdieinfo\/2024\/02\/mardi-gras-la-recette-des-corvechets-de-lorraine\/#primaryimage\",\"url\":\"https:\/\/vosgesinfo.fr\/app\/uploads\/sites\/4\/2024\/02\/corchevets-de-lorraine-mardi-gras.jpg\",\"contentUrl\":\"https:\/\/vosgesinfo.fr\/app\/uploads\/sites\/4\/2024\/02\/corchevets-de-lorraine-mardi-gras.jpg\",\"width\":518,\"height\":367},{\"@type\":\"BreadcrumbList\",\"@id\":\"https:\/\/vosgesinfo.fr\/saintdieinfo\/2024\/02\/mardi-gras-la-recette-des-corvechets-de-lorraine\/#breadcrumb\",\"itemListElement\":[{\"@type\":\"ListItem\",\"position\":1,\"name\":\"Home\",\"item\":\"https:\/\/vosgesinfo.fr\/saintdieinfo\/\"},{\"@type\":\"ListItem\",\"position\":2,\"name\":\"Mardi Gras\u00a0: la recette des corvechets de Lorraine\"}]},{\"@type\":\"WebSite\",\"@id\":\"https:\/\/vosgesinfo.fr\/saintdieinfo\/#website\",\"url\":\"https:\/\/vosgesinfo.fr\/saintdieinfo\/\",\"name\":\"Saint Die Info\",\"description\":\"Toute l&#039;actualit\u00e9 de Saint-Di\u00e9-Des-Vosges\",\"publisher\":{\"@id\":\"https:\/\/vosgesinfo.fr\/saintdieinfo\/#organization\"},\"alternateName\":\"Toute l'actualit\u00e9 de Saint-Di\u00e9-Des-Vosges\",\"potentialAction\":[{\"@type\":\"SearchAction\",\"target\":{\"@type\":\"EntryPoint\",\"urlTemplate\":\"https:\/\/vosgesinfo.fr\/saintdieinfo\/?s={search_term_string}\"},\"query-input\":\"required name=search_term_string\"}],\"inLanguage\":\"fr-FR\"},{\"@type\":\"Organization\",\"@id\":\"https:\/\/vosgesinfo.fr\/saintdieinfo\/#organization\",\"name\":\"Saint Die Info\",\"url\":\"https:\/\/vosgesinfo.fr\/saintdieinfo\/\",\"logo\":{\"@type\":\"ImageObject\",\"inLanguage\":\"fr-FR\",\"@id\":\"https:\/\/vosgesinfo.fr\/saintdieinfo\/#\/schema\/logo\/image\/\",\"url\":\"https:\/\/vosgesinfo.fr\/app\/uploads\/sites\/4\/2024\/02\/logo-sdi.jpg\",\"contentUrl\":\"https:\/\/vosgesinfo.fr\/app\/uploads\/sites\/4\/2024\/02\/logo-sdi.jpg\",\"width\":600,\"height\":600,\"caption\":\"Saint Die Info\"},\"image\":{\"@id\":\"https:\/\/vosgesinfo.fr\/saintdieinfo\/#\/schema\/logo\/image\/\"},\"sameAs\":[\"https:\/\/www.facebook.com\/Saintdieinfofr\",\"https:\/\/x.com\/VosgesInfo88\",\"https:\/\/www.youtube.com\/@vosgesinfo\"]},{\"@type\":\"Person\",\"@id\":\"https:\/\/vosgesinfo.fr\/saintdieinfo\/#\/schema\/person\/fa73e9f726d67bb88f46d5b7943cb572\",\"name\":\"J.J.\",\"image\":{\"@type\":\"ImageObject\",\"inLanguage\":\"fr-FR\",\"@id\":\"https:\/\/vosgesinfo.fr\/saintdieinfo\/#\/schema\/person\/image\/\",\"url\":\"https:\/\/secure.gravatar.com\/avatar\/219e749e47ffbcca018a360ae4add7d4cdf1cdaaf8bc7676b27efade3fe65615?s=96&d=mm&r=g\",\"contentUrl\":\"https:\/\/secure.gravatar.com\/avatar\/219e749e47ffbcca018a360ae4add7d4cdf1cdaaf8bc7676b27efade3fe65615?s=96&d=mm&r=g\",\"caption\":\"J.J.\"},\"url\":\"https:\/\/vosgesinfo.fr\/saintdieinfo\/author\/j-j\/\"}]}<\/script>\n<!-- \/ Yoast SEO plugin. -->","yoast_head_json":{"title":"Mardi Gras\u00a0: la recette des corvechets de Lorraine - Saint Die Info","robots":{"index":"index","follow":"follow","max-snippet":"max-snippet:-1","max-image-preview":"max-image-preview:large","max-video-preview":"max-video-preview:-1"},"canonical":"https:\/\/vosgesinfo.fr\/saintdieinfo\/2024\/02\/mardi-gras-la-recette-des-corvechets-de-lorraine\/","twitter_card":"summary_large_image","twitter_title":"Mardi Gras\u00a0: la recette des corvechets de Lorraine - Saint Die Info","twitter_description":"Ce mardi 13 f\u00e9vrier est synonyme de Mardi Gras, une f\u00eate catholique qui marque le d\u00e9but du car\u00eame.","twitter_image":"https:\/\/vosgesinfo.fr\/app\/uploads\/sites\/4\/2024\/02\/corchevets-de-lorraine-mardi-gras.jpg","twitter_creator":"@VosgesInfo88","twitter_site":"@VosgesInfo88","twitter_misc":{"\u00c9crit par":"J.J.","Dur\u00e9e de lecture estim\u00e9e":"1 minute"},"schema":{"@context":"https:\/\/schema.org","@graph":[{"@type":"Article","@id":"https:\/\/vosgesinfo.fr\/saintdieinfo\/2024\/02\/mardi-gras-la-recette-des-corvechets-de-lorraine\/#article","isPartOf":{"@id":"https:\/\/vosgesinfo.fr\/saintdieinfo\/2024\/02\/mardi-gras-la-recette-des-corvechets-de-lorraine\/"},"author":{"name":"J.J.","@id":"https:\/\/vosgesinfo.fr\/saintdieinfo\/#\/schema\/person\/fa73e9f726d67bb88f46d5b7943cb572"},"headline":"Mardi Gras\u00a0: la recette des corvechets de Lorraine","datePublished":"2024-02-13T12:56:13+00:00","dateModified":"2024-02-13T12:56:13+00:00","mainEntityOfPage":{"@id":"https:\/\/vosgesinfo.fr\/saintdieinfo\/2024\/02\/mardi-gras-la-recette-des-corvechets-de-lorraine\/"},"wordCount":289,"commentCount":0,"publisher":{"@id":"https:\/\/vosgesinfo.fr\/saintdieinfo\/#organization"},"image":{"@id":"https:\/\/vosgesinfo.fr\/saintdieinfo\/2024\/02\/mardi-gras-la-recette-des-corvechets-de-lorraine\/#primaryimage"},"thumbnailUrl":"https:\/\/vosgesinfo.fr\/app\/uploads\/sites\/4\/2024\/02\/corchevets-de-lorraine-mardi-gras.jpg","keywords":["beignets de carnaval","BERIAN","Corvechets de Lorraine","Jean-Micha\u00ebl Choserot","Mardi Gras"],"articleSection":["A la Une","Loisirs","Vosges"],"inLanguage":"fr-FR","potentialAction":[{"@type":"CommentAction","name":"Comment","target":["https:\/\/vosgesinfo.fr\/saintdieinfo\/2024\/02\/mardi-gras-la-recette-des-corvechets-de-lorraine\/#respond"]}]},{"@type":"WebPage","@id":"https:\/\/vosgesinfo.fr\/saintdieinfo\/2024\/02\/mardi-gras-la-recette-des-corvechets-de-lorraine\/","url":"https:\/\/vosgesinfo.fr\/saintdieinfo\/2024\/02\/mardi-gras-la-recette-des-corvechets-de-lorraine\/","name":"Mardi Gras\u00a0: la recette des corvechets de Lorraine - Saint Die Info","isPartOf":{"@id":"https:\/\/vosgesinfo.fr\/saintdieinfo\/#website"},"primaryImageOfPage":{"@id":"https:\/\/vosgesinfo.fr\/saintdieinfo\/2024\/02\/mardi-gras-la-recette-des-corvechets-de-lorraine\/#primaryimage"},"image":{"@id":"https:\/\/vosgesinfo.fr\/saintdieinfo\/2024\/02\/mardi-gras-la-recette-des-corvechets-de-lorraine\/#primaryimage"},"thumbnailUrl":"https:\/\/vosgesinfo.fr\/app\/uploads\/sites\/4\/2024\/02\/corchevets-de-lorraine-mardi-gras.jpg","datePublished":"2024-02-13T12:56:13+00:00","dateModified":"2024-02-13T12:56:13+00:00","breadcrumb":{"@id":"https:\/\/vosgesinfo.fr\/saintdieinfo\/2024\/02\/mardi-gras-la-recette-des-corvechets-de-lorraine\/#breadcrumb"},"inLanguage":"fr-FR","potentialAction":[{"@type":"ReadAction","target":["https:\/\/vosgesinfo.fr\/saintdieinfo\/2024\/02\/mardi-gras-la-recette-des-corvechets-de-lorraine\/"]}]},{"@type":"ImageObject","inLanguage":"fr-FR","@id":"https:\/\/vosgesinfo.fr\/saintdieinfo\/2024\/02\/mardi-gras-la-recette-des-corvechets-de-lorraine\/#primaryimage","url":"https:\/\/vosgesinfo.fr\/app\/uploads\/sites\/4\/2024\/02\/corchevets-de-lorraine-mardi-gras.jpg","contentUrl":"https:\/\/vosgesinfo.fr\/app\/uploads\/sites\/4\/2024\/02\/corchevets-de-lorraine-mardi-gras.jpg","width":518,"height":367},{"@type":"BreadcrumbList","@id":"https:\/\/vosgesinfo.fr\/saintdieinfo\/2024\/02\/mardi-gras-la-recette-des-corvechets-de-lorraine\/#breadcrumb","itemListElement":[{"@type":"ListItem","position":1,"name":"Home","item":"https:\/\/vosgesinfo.fr\/saintdieinfo\/"},{"@type":"ListItem","position":2,"name":"Mardi Gras\u00a0: la recette des corvechets de Lorraine"}]},{"@type":"WebSite","@id":"https:\/\/vosgesinfo.fr\/saintdieinfo\/#website","url":"https:\/\/vosgesinfo.fr\/saintdieinfo\/","name":"Saint Die Info","description":"Toute l&#039;actualit\u00e9 de Saint-Di\u00e9-Des-Vosges","publisher":{"@id":"https:\/\/vosgesinfo.fr\/saintdieinfo\/#organization"},"alternateName":"Toute l'actualit\u00e9 de Saint-Di\u00e9-Des-Vosges","potentialAction":[{"@type":"SearchAction","target":{"@type":"EntryPoint","urlTemplate":"https:\/\/vosgesinfo.fr\/saintdieinfo\/?s={search_term_string}"},"query-input":"required name=search_term_string"}],"inLanguage":"fr-FR"},{"@type":"Organization","@id":"https:\/\/vosgesinfo.fr\/saintdieinfo\/#organization","name":"Saint Die Info","url":"https:\/\/vosgesinfo.fr\/saintdieinfo\/","logo":{"@type":"ImageObject","inLanguage":"fr-FR","@id":"https:\/\/vosgesinfo.fr\/saintdieinfo\/#\/schema\/logo\/image\/","url":"https:\/\/vosgesinfo.fr\/app\/uploads\/sites\/4\/2024\/02\/logo-sdi.jpg","contentUrl":"https:\/\/vosgesinfo.fr\/app\/uploads\/sites\/4\/2024\/02\/logo-sdi.jpg","width":600,"height":600,"caption":"Saint Die Info"},"image":{"@id":"https:\/\/vosgesinfo.fr\/saintdieinfo\/#\/schema\/logo\/image\/"},"sameAs":["https:\/\/www.facebook.com\/Saintdieinfofr","https:\/\/x.com\/VosgesInfo88","https:\/\/www.youtube.com\/@vosgesinfo"]},{"@type":"Person","@id":"https:\/\/vosgesinfo.fr\/saintdieinfo\/#\/schema\/person\/fa73e9f726d67bb88f46d5b7943cb572","name":"J.J.","image":{"@type":"ImageObject","inLanguage":"fr-FR","@id":"https:\/\/vosgesinfo.fr\/saintdieinfo\/#\/schema\/person\/image\/","url":"https:\/\/secure.gravatar.com\/avatar\/219e749e47ffbcca018a360ae4add7d4cdf1cdaaf8bc7676b27efade3fe65615?s=96&d=mm&r=g","contentUrl":"https:\/\/secure.gravatar.com\/avatar\/219e749e47ffbcca018a360ae4add7d4cdf1cdaaf8bc7676b27efade3fe65615?s=96&d=mm&r=g","caption":"J.J."},"url":"https:\/\/vosgesinfo.fr\/saintdieinfo\/author\/j-j\/"}]}},"_links":{"self":[{"href":"https:\/\/vosgesinfo.fr\/saintdieinfo\/wp-json\/wp\/v2\/posts\/24788","targetHints":{"allow":["GET"]}}],"collection":[{"href":"https:\/\/vosgesinfo.fr\/saintdieinfo\/wp-json\/wp\/v2\/posts"}],"about":[{"href":"https:\/\/vosgesinfo.fr\/saintdieinfo\/wp-json\/wp\/v2\/types\/post"}],"author":[{"embeddable":true,"href":"https:\/\/vosgesinfo.fr\/saintdieinfo\/wp-json\/wp\/v2\/users\/46"}],"replies":[{"embeddable":true,"href":"https:\/\/vosgesinfo.fr\/saintdieinfo\/wp-json\/wp\/v2\/comments?post=24788"}],"version-history":[{"count":4,"href":"https:\/\/vosgesinfo.fr\/saintdieinfo\/wp-json\/wp\/v2\/posts\/24788\/revisions"}],"predecessor-version":[{"id":24793,"href":"https:\/\/vosgesinfo.fr\/saintdieinfo\/wp-json\/wp\/v2\/posts\/24788\/revisions\/24793"}],"wp:featuredmedia":[{"embeddable":true,"href":"https:\/\/vosgesinfo.fr\/saintdieinfo\/wp-json\/wp\/v2\/media\/24789"}],"wp:attachment":[{"href":"https:\/\/vosgesinfo.fr\/saintdieinfo\/wp-json\/wp\/v2\/media?parent=24788"}],"wp:term":[{"taxonomy":"category","embeddable":true,"href":"https:\/\/vosgesinfo.fr\/saintdieinfo\/wp-json\/wp\/v2\/categories?post=24788"},{"taxonomy":"post_tag","embeddable":true,"href":"https:\/\/vosgesinfo.fr\/saintdieinfo\/wp-json\/wp\/v2\/tags?post=24788"}],"curies":[{"name":"wp","href":"https:\/\/api.w.org\/{rel}","templated":true}]}}