{"id":24805,"date":"2024-02-14T08:45:13","date_gmt":"2024-02-14T07:45:13","guid":{"rendered":"https:\/\/vosgesinfo.fr\/saintdieinfo\/?p=24805"},"modified":"2024-02-14T08:45:13","modified_gmt":"2024-02-14T07:45:13","slug":"a-lordre-du-jour-de-la-prochaine-seance-du-conseil-communautaire-2","status":"publish","type":"post","link":"https:\/\/vosgesinfo.fr\/saintdieinfo\/2024\/02\/a-lordre-du-jour-de-la-prochaine-seance-du-conseil-communautaire-2\/","title":{"rendered":"A l\u2019ordre du jour de la prochaine s\u00e9ance du Conseil Communautaire"},"content":{"rendered":"<p><img decoding=\"async\" class=\"alignnone size-full wp-image-22680\" src=\"https:\/\/vosgesinfo.fr\/app\/uploads\/sites\/4\/2019\/03\/communaute-agglomeration-logo.jpg\" alt=\"\" width=\"500\" height=\"461\" srcset=\"https:\/\/vosgesinfo.fr\/app\/uploads\/sites\/4\/2019\/03\/communaute-agglomeration-logo.jpg 500w, https:\/\/vosgesinfo.fr\/app\/uploads\/sites\/4\/2019\/03\/communaute-agglomeration-logo-300x277.jpg 300w\" sizes=\"(max-width: 500px) 100vw, 500px\" \/><\/p>\n<h2>Le Conseil Communautaire de la Communaut\u00e9 d\u2019Agglom\u00e9ration de Saint-Di\u00e9-des-Vosges se r\u00e9unira lundi 19 f\u00e9vrier \u00e0 la salle des f\u00eates de Sainte-Marguerite Lors de la s\u00e9ance, les \u00e9lus communautaires se pencheront sur l\u2019ordre du jour suivant :<\/h2>\n<p><!--more--><\/p>\n<p>a. Appel nominal<\/p>\n<p>b. D\u00e9signation du secr\u00e9taire de s\u00e9ance<\/p>\n<p>c. Points d\u2019informations<\/p>\n<ol>\n<li>Adoption du Proc\u00e8s-Verbal du Conseil communautaire du 11 d\u00e9cembre 2023<\/li>\n<li>Signature de conventions de partenariat \u00ab Territoire d\u2019Industrie \u00bb des trois vall\u00e9es de Bruy\u00e8res, G\u00e9rardmer et Saint-Di\u00e9-des-Vosges<\/li>\n<li>Prise de participation de la SOLOREM au capital d\u2019une SAEML EnR<\/li>\n<li>Approbation du mod\u00e8le de contrat au titre de \u00ab Mon Accompagnateur R\u00e9nov \u00bb<\/li>\n<li>Autorisation de cession d\u2019un bien immobilier \u00e0 Anould<\/li>\n<li>Acquisition et \u00e9change immobiliers au P\u00f4le d\u2019Echange Multimodal de Saint-Di\u00e9-des-Vosges<\/li>\n<li>Acquisition d\u2019actions de la SA \u00ab Le Toit vosgien \u00bb<\/li>\n<li>Attribution de fonds de concours aux communes<\/li>\n<li>Compensation de l\u2019\u00e9volution du mode de financement du service d\u00e9chets sur le secteur du Neun\u00e9<\/li>\n<li>Proc\u00e8s Verbal de transfert du service assainissement de la commune de Saint-Michel-sur-Meurthe<\/li>\n<li>Modification des tarifs annexes tarifs annexes des services d\u2019eau potable et d\u2019assainissement collectif<\/li>\n<li>Renouvellement des conventions de gestion eau potable, assainissement collectif et eaux pluviales urbaines avec les communes de Hurbache, Raon-sur-Plaine et Anould<\/li>\n<li>Etablissement de conventions de fonds de concours avec les communes de Saulcy-sur-Meurthe et Vieux-Moulin concernant le financement des travaux d\u2019eau potable<\/li>\n<li>Approbation du r\u00e8glement d\u2019utilisation des salles de La Boussole<\/li>\n<li>Approbation du r\u00e8glement int\u00e9rieur des m\u00e9diath\u00e8ques du r\u00e9seau Escales<\/li>\n<li>Modification de l\u2019int\u00e9r\u00eat communautaire<\/li>\n<li>Approbation du rapport de gestion 2022 de la Soci\u00e9t\u00e9 Publique Locale Xdemat<\/li>\n<li>Signature de la convention de Prestations Int\u00e9gr\u00e9es 2024-2028 avec la SPL Xdemat<\/li>\n<li>Modification du tableau des effectifs<\/li>\n<li>Communication des D\u00e9cisions prises par le Pr\u00e9sident et le Bureau communautaire<\/li>\n<\/ol>\n","protected":false},"excerpt":{"rendered":"<p>Le Conseil Communautaire de la Communaut\u00e9 d\u2019Agglom\u00e9ration de Saint-Di\u00e9-des-Vosges se r\u00e9unira lundi 19 f\u00e9vrier \u00e0 la salle des f\u00eates de [&hellip;]<\/p>\n","protected":false},"author":46,"featured_media":22680,"comment_status":"open","ping_status":"open","sticky":false,"template":"","format":"standard","meta":{"footnotes":""},"categories":[460,10,167],"tags":[3282,4005,3092,3093],"class_list":["post-24805","post","type-post","status-publish","format-standard","has-post-thumbnail","hentry","category-a-la-une","category-politique","category-saint-die-des-vosges","tag-communaute-dagglomeration-de-saint-die-des-vosges","tag-conseil-communaitaire","tag-sainte-marguerite","tag-salle-des-fetes-de-sainte-marguerite"],"acf":[],"yoast_head":"<!-- This site is optimized with the Yoast SEO plugin v22.5 - https:\/\/yoast.com\/wordpress\/plugins\/seo\/ -->\n<title>A l\u2019ordre du jour de la prochaine s\u00e9ance du Conseil Communautaire - Saint Die Info<\/title>\n<meta name=\"robots\" content=\"index, follow, max-snippet:-1, max-image-preview:large, max-video-preview:-1\" \/>\n<link rel=\"canonical\" href=\"https:\/\/vosgesinfo.fr\/saintdieinfo\/2024\/02\/a-lordre-du-jour-de-la-prochaine-seance-du-conseil-communautaire-2\/\" \/>\n<meta name=\"twitter:card\" content=\"summary_large_image\" \/>\n<meta name=\"twitter:title\" content=\"A l\u2019ordre du jour de la prochaine s\u00e9ance du Conseil Communautaire - Saint Die Info\" \/>\n<meta name=\"twitter:description\" content=\"Le Conseil Communautaire de la Communaut\u00e9 d\u2019Agglom\u00e9ration de Saint-Di\u00e9-des-Vosges se r\u00e9unira lundi 19 f\u00e9vrier \u00e0 la salle des f\u00eates de [&hellip;]\" \/>\n<meta name=\"twitter:image\" content=\"https:\/\/vosgesinfo.fr\/app\/uploads\/sites\/4\/2019\/03\/communaute-agglomeration-logo.jpg\" \/>\n<meta name=\"twitter:creator\" content=\"@VosgesInfo88\" \/>\n<meta name=\"twitter:site\" content=\"@VosgesInfo88\" \/>\n<meta name=\"twitter:label1\" content=\"\u00c9crit par\" \/>\n\t<meta name=\"twitter:data1\" content=\"J.J.\" \/>\n\t<meta name=\"twitter:label2\" content=\"Dur\u00e9e de lecture estim\u00e9e\" \/>\n\t<meta name=\"twitter:data2\" content=\"2 minutes\" \/>\n<script type=\"application\/ld+json\" class=\"yoast-schema-graph\">{\"@context\":\"https:\/\/schema.org\",\"@graph\":[{\"@type\":\"Article\",\"@id\":\"https:\/\/vosgesinfo.fr\/saintdieinfo\/2024\/02\/a-lordre-du-jour-de-la-prochaine-seance-du-conseil-communautaire-2\/#article\",\"isPartOf\":{\"@id\":\"https:\/\/vosgesinfo.fr\/saintdieinfo\/2024\/02\/a-lordre-du-jour-de-la-prochaine-seance-du-conseil-communautaire-2\/\"},\"author\":{\"name\":\"J.J.\",\"@id\":\"https:\/\/vosgesinfo.fr\/saintdieinfo\/#\/schema\/person\/fa73e9f726d67bb88f46d5b7943cb572\"},\"headline\":\"A l\u2019ordre du jour de la prochaine s\u00e9ance du Conseil Communautaire\",\"datePublished\":\"2024-02-14T07:45:13+00:00\",\"dateModified\":\"2024-02-14T07:45:13+00:00\",\"mainEntityOfPage\":{\"@id\":\"https:\/\/vosgesinfo.fr\/saintdieinfo\/2024\/02\/a-lordre-du-jour-de-la-prochaine-seance-du-conseil-communautaire-2\/\"},\"wordCount\":326,\"commentCount\":0,\"publisher\":{\"@id\":\"https:\/\/vosgesinfo.fr\/saintdieinfo\/#organization\"},\"image\":{\"@id\":\"https:\/\/vosgesinfo.fr\/saintdieinfo\/2024\/02\/a-lordre-du-jour-de-la-prochaine-seance-du-conseil-communautaire-2\/#primaryimage\"},\"thumbnailUrl\":\"https:\/\/vosgesinfo.fr\/app\/uploads\/sites\/4\/2019\/03\/communaute-agglomeration-logo.jpg\",\"keywords\":[\"Communaut\u00e9 d'Agglom\u00e9ration de Saint-Di\u00e9-des-Vosges\",\"Conseil communaitaire\",\"Sainte-Marguerite\",\"Salle des f\u00eates de Sainte-Marguerite\"],\"articleSection\":[\"A la Une\",\"Politique\",\"Saint-Di\u00e9-des-Vosges\"],\"inLanguage\":\"fr-FR\",\"potentialAction\":[{\"@type\":\"CommentAction\",\"name\":\"Comment\",\"target\":[\"https:\/\/vosgesinfo.fr\/saintdieinfo\/2024\/02\/a-lordre-du-jour-de-la-prochaine-seance-du-conseil-communautaire-2\/#respond\"]}]},{\"@type\":\"WebPage\",\"@id\":\"https:\/\/vosgesinfo.fr\/saintdieinfo\/2024\/02\/a-lordre-du-jour-de-la-prochaine-seance-du-conseil-communautaire-2\/\",\"url\":\"https:\/\/vosgesinfo.fr\/saintdieinfo\/2024\/02\/a-lordre-du-jour-de-la-prochaine-seance-du-conseil-communautaire-2\/\",\"name\":\"A l\u2019ordre du jour de la prochaine s\u00e9ance du Conseil Communautaire - Saint Die Info\",\"isPartOf\":{\"@id\":\"https:\/\/vosgesinfo.fr\/saintdieinfo\/#website\"},\"primaryImageOfPage\":{\"@id\":\"https:\/\/vosgesinfo.fr\/saintdieinfo\/2024\/02\/a-lordre-du-jour-de-la-prochaine-seance-du-conseil-communautaire-2\/#primaryimage\"},\"image\":{\"@id\":\"https:\/\/vosgesinfo.fr\/saintdieinfo\/2024\/02\/a-lordre-du-jour-de-la-prochaine-seance-du-conseil-communautaire-2\/#primaryimage\"},\"thumbnailUrl\":\"https:\/\/vosgesinfo.fr\/app\/uploads\/sites\/4\/2019\/03\/communaute-agglomeration-logo.jpg\",\"datePublished\":\"2024-02-14T07:45:13+00:00\",\"dateModified\":\"2024-02-14T07:45:13+00:00\",\"breadcrumb\":{\"@id\":\"https:\/\/vosgesinfo.fr\/saintdieinfo\/2024\/02\/a-lordre-du-jour-de-la-prochaine-seance-du-conseil-communautaire-2\/#breadcrumb\"},\"inLanguage\":\"fr-FR\",\"potentialAction\":[{\"@type\":\"ReadAction\",\"target\":[\"https:\/\/vosgesinfo.fr\/saintdieinfo\/2024\/02\/a-lordre-du-jour-de-la-prochaine-seance-du-conseil-communautaire-2\/\"]}]},{\"@type\":\"ImageObject\",\"inLanguage\":\"fr-FR\",\"@id\":\"https:\/\/vosgesinfo.fr\/saintdieinfo\/2024\/02\/a-lordre-du-jour-de-la-prochaine-seance-du-conseil-communautaire-2\/#primaryimage\",\"url\":\"https:\/\/vosgesinfo.fr\/app\/uploads\/sites\/4\/2019\/03\/communaute-agglomeration-logo.jpg\",\"contentUrl\":\"https:\/\/vosgesinfo.fr\/app\/uploads\/sites\/4\/2019\/03\/communaute-agglomeration-logo.jpg\",\"width\":500,\"height\":461},{\"@type\":\"BreadcrumbList\",\"@id\":\"https:\/\/vosgesinfo.fr\/saintdieinfo\/2024\/02\/a-lordre-du-jour-de-la-prochaine-seance-du-conseil-communautaire-2\/#breadcrumb\",\"itemListElement\":[{\"@type\":\"ListItem\",\"position\":1,\"name\":\"Home\",\"item\":\"https:\/\/vosgesinfo.fr\/saintdieinfo\/\"},{\"@type\":\"ListItem\",\"position\":2,\"name\":\"A l\u2019ordre du jour de la prochaine s\u00e9ance du Conseil Communautaire\"}]},{\"@type\":\"WebSite\",\"@id\":\"https:\/\/vosgesinfo.fr\/saintdieinfo\/#website\",\"url\":\"https:\/\/vosgesinfo.fr\/saintdieinfo\/\",\"name\":\"Saint Die Info\",\"description\":\"Toute l&#039;actualit\u00e9 de Saint-Di\u00e9-Des-Vosges\",\"publisher\":{\"@id\":\"https:\/\/vosgesinfo.fr\/saintdieinfo\/#organization\"},\"alternateName\":\"Toute l'actualit\u00e9 de Saint-Di\u00e9-Des-Vosges\",\"potentialAction\":[{\"@type\":\"SearchAction\",\"target\":{\"@type\":\"EntryPoint\",\"urlTemplate\":\"https:\/\/vosgesinfo.fr\/saintdieinfo\/?s={search_term_string}\"},\"query-input\":\"required name=search_term_string\"}],\"inLanguage\":\"fr-FR\"},{\"@type\":\"Organization\",\"@id\":\"https:\/\/vosgesinfo.fr\/saintdieinfo\/#organization\",\"name\":\"Saint Die Info\",\"url\":\"https:\/\/vosgesinfo.fr\/saintdieinfo\/\",\"logo\":{\"@type\":\"ImageObject\",\"inLanguage\":\"fr-FR\",\"@id\":\"https:\/\/vosgesinfo.fr\/saintdieinfo\/#\/schema\/logo\/image\/\",\"url\":\"https:\/\/vosgesinfo.fr\/app\/uploads\/sites\/4\/2024\/02\/logo-sdi.jpg\",\"contentUrl\":\"https:\/\/vosgesinfo.fr\/app\/uploads\/sites\/4\/2024\/02\/logo-sdi.jpg\",\"width\":600,\"height\":600,\"caption\":\"Saint Die Info\"},\"image\":{\"@id\":\"https:\/\/vosgesinfo.fr\/saintdieinfo\/#\/schema\/logo\/image\/\"},\"sameAs\":[\"https:\/\/www.facebook.com\/Saintdieinfofr\",\"https:\/\/x.com\/VosgesInfo88\",\"https:\/\/www.youtube.com\/@vosgesinfo\"]},{\"@type\":\"Person\",\"@id\":\"https:\/\/vosgesinfo.fr\/saintdieinfo\/#\/schema\/person\/fa73e9f726d67bb88f46d5b7943cb572\",\"name\":\"J.J.\",\"image\":{\"@type\":\"ImageObject\",\"inLanguage\":\"fr-FR\",\"@id\":\"https:\/\/vosgesinfo.fr\/saintdieinfo\/#\/schema\/person\/image\/\",\"url\":\"https:\/\/secure.gravatar.com\/avatar\/219e749e47ffbcca018a360ae4add7d4cdf1cdaaf8bc7676b27efade3fe65615?s=96&d=mm&r=g\",\"contentUrl\":\"https:\/\/secure.gravatar.com\/avatar\/219e749e47ffbcca018a360ae4add7d4cdf1cdaaf8bc7676b27efade3fe65615?s=96&d=mm&r=g\",\"caption\":\"J.J.\"},\"url\":\"https:\/\/vosgesinfo.fr\/saintdieinfo\/author\/j-j\/\"}]}<\/script>\n<!-- \/ Yoast SEO plugin. -->","yoast_head_json":{"title":"A l\u2019ordre du jour de la prochaine s\u00e9ance du Conseil Communautaire - Saint Die Info","robots":{"index":"index","follow":"follow","max-snippet":"max-snippet:-1","max-image-preview":"max-image-preview:large","max-video-preview":"max-video-preview:-1"},"canonical":"https:\/\/vosgesinfo.fr\/saintdieinfo\/2024\/02\/a-lordre-du-jour-de-la-prochaine-seance-du-conseil-communautaire-2\/","twitter_card":"summary_large_image","twitter_title":"A l\u2019ordre du jour de la prochaine s\u00e9ance du Conseil Communautaire - Saint Die Info","twitter_description":"Le Conseil Communautaire de la Communaut\u00e9 d\u2019Agglom\u00e9ration de Saint-Di\u00e9-des-Vosges se r\u00e9unira lundi 19 f\u00e9vrier \u00e0 la salle des f\u00eates de [&hellip;]","twitter_image":"https:\/\/vosgesinfo.fr\/app\/uploads\/sites\/4\/2019\/03\/communaute-agglomeration-logo.jpg","twitter_creator":"@VosgesInfo88","twitter_site":"@VosgesInfo88","twitter_misc":{"\u00c9crit par":"J.J.","Dur\u00e9e de lecture estim\u00e9e":"2 minutes"},"schema":{"@context":"https:\/\/schema.org","@graph":[{"@type":"Article","@id":"https:\/\/vosgesinfo.fr\/saintdieinfo\/2024\/02\/a-lordre-du-jour-de-la-prochaine-seance-du-conseil-communautaire-2\/#article","isPartOf":{"@id":"https:\/\/vosgesinfo.fr\/saintdieinfo\/2024\/02\/a-lordre-du-jour-de-la-prochaine-seance-du-conseil-communautaire-2\/"},"author":{"name":"J.J.","@id":"https:\/\/vosgesinfo.fr\/saintdieinfo\/#\/schema\/person\/fa73e9f726d67bb88f46d5b7943cb572"},"headline":"A l\u2019ordre du jour de la prochaine s\u00e9ance du Conseil Communautaire","datePublished":"2024-02-14T07:45:13+00:00","dateModified":"2024-02-14T07:45:13+00:00","mainEntityOfPage":{"@id":"https:\/\/vosgesinfo.fr\/saintdieinfo\/2024\/02\/a-lordre-du-jour-de-la-prochaine-seance-du-conseil-communautaire-2\/"},"wordCount":326,"commentCount":0,"publisher":{"@id":"https:\/\/vosgesinfo.fr\/saintdieinfo\/#organization"},"image":{"@id":"https:\/\/vosgesinfo.fr\/saintdieinfo\/2024\/02\/a-lordre-du-jour-de-la-prochaine-seance-du-conseil-communautaire-2\/#primaryimage"},"thumbnailUrl":"https:\/\/vosgesinfo.fr\/app\/uploads\/sites\/4\/2019\/03\/communaute-agglomeration-logo.jpg","keywords":["Communaut\u00e9 d'Agglom\u00e9ration de Saint-Di\u00e9-des-Vosges","Conseil communaitaire","Sainte-Marguerite","Salle des f\u00eates de Sainte-Marguerite"],"articleSection":["A la Une","Politique","Saint-Di\u00e9-des-Vosges"],"inLanguage":"fr-FR","potentialAction":[{"@type":"CommentAction","name":"Comment","target":["https:\/\/vosgesinfo.fr\/saintdieinfo\/2024\/02\/a-lordre-du-jour-de-la-prochaine-seance-du-conseil-communautaire-2\/#respond"]}]},{"@type":"WebPage","@id":"https:\/\/vosgesinfo.fr\/saintdieinfo\/2024\/02\/a-lordre-du-jour-de-la-prochaine-seance-du-conseil-communautaire-2\/","url":"https:\/\/vosgesinfo.fr\/saintdieinfo\/2024\/02\/a-lordre-du-jour-de-la-prochaine-seance-du-conseil-communautaire-2\/","name":"A l\u2019ordre du jour de la prochaine s\u00e9ance du Conseil Communautaire - Saint Die Info","isPartOf":{"@id":"https:\/\/vosgesinfo.fr\/saintdieinfo\/#website"},"primaryImageOfPage":{"@id":"https:\/\/vosgesinfo.fr\/saintdieinfo\/2024\/02\/a-lordre-du-jour-de-la-prochaine-seance-du-conseil-communautaire-2\/#primaryimage"},"image":{"@id":"https:\/\/vosgesinfo.fr\/saintdieinfo\/2024\/02\/a-lordre-du-jour-de-la-prochaine-seance-du-conseil-communautaire-2\/#primaryimage"},"thumbnailUrl":"https:\/\/vosgesinfo.fr\/app\/uploads\/sites\/4\/2019\/03\/communaute-agglomeration-logo.jpg","datePublished":"2024-02-14T07:45:13+00:00","dateModified":"2024-02-14T07:45:13+00:00","breadcrumb":{"@id":"https:\/\/vosgesinfo.fr\/saintdieinfo\/2024\/02\/a-lordre-du-jour-de-la-prochaine-seance-du-conseil-communautaire-2\/#breadcrumb"},"inLanguage":"fr-FR","potentialAction":[{"@type":"ReadAction","target":["https:\/\/vosgesinfo.fr\/saintdieinfo\/2024\/02\/a-lordre-du-jour-de-la-prochaine-seance-du-conseil-communautaire-2\/"]}]},{"@type":"ImageObject","inLanguage":"fr-FR","@id":"https:\/\/vosgesinfo.fr\/saintdieinfo\/2024\/02\/a-lordre-du-jour-de-la-prochaine-seance-du-conseil-communautaire-2\/#primaryimage","url":"https:\/\/vosgesinfo.fr\/app\/uploads\/sites\/4\/2019\/03\/communaute-agglomeration-logo.jpg","contentUrl":"https:\/\/vosgesinfo.fr\/app\/uploads\/sites\/4\/2019\/03\/communaute-agglomeration-logo.jpg","width":500,"height":461},{"@type":"BreadcrumbList","@id":"https:\/\/vosgesinfo.fr\/saintdieinfo\/2024\/02\/a-lordre-du-jour-de-la-prochaine-seance-du-conseil-communautaire-2\/#breadcrumb","itemListElement":[{"@type":"ListItem","position":1,"name":"Home","item":"https:\/\/vosgesinfo.fr\/saintdieinfo\/"},{"@type":"ListItem","position":2,"name":"A l\u2019ordre du jour de la prochaine s\u00e9ance du Conseil Communautaire"}]},{"@type":"WebSite","@id":"https:\/\/vosgesinfo.fr\/saintdieinfo\/#website","url":"https:\/\/vosgesinfo.fr\/saintdieinfo\/","name":"Saint Die Info","description":"Toute l&#039;actualit\u00e9 de Saint-Di\u00e9-Des-Vosges","publisher":{"@id":"https:\/\/vosgesinfo.fr\/saintdieinfo\/#organization"},"alternateName":"Toute l'actualit\u00e9 de Saint-Di\u00e9-Des-Vosges","potentialAction":[{"@type":"SearchAction","target":{"@type":"EntryPoint","urlTemplate":"https:\/\/vosgesinfo.fr\/saintdieinfo\/?s={search_term_string}"},"query-input":"required name=search_term_string"}],"inLanguage":"fr-FR"},{"@type":"Organization","@id":"https:\/\/vosgesinfo.fr\/saintdieinfo\/#organization","name":"Saint Die Info","url":"https:\/\/vosgesinfo.fr\/saintdieinfo\/","logo":{"@type":"ImageObject","inLanguage":"fr-FR","@id":"https:\/\/vosgesinfo.fr\/saintdieinfo\/#\/schema\/logo\/image\/","url":"https:\/\/vosgesinfo.fr\/app\/uploads\/sites\/4\/2024\/02\/logo-sdi.jpg","contentUrl":"https:\/\/vosgesinfo.fr\/app\/uploads\/sites\/4\/2024\/02\/logo-sdi.jpg","width":600,"height":600,"caption":"Saint Die Info"},"image":{"@id":"https:\/\/vosgesinfo.fr\/saintdieinfo\/#\/schema\/logo\/image\/"},"sameAs":["https:\/\/www.facebook.com\/Saintdieinfofr","https:\/\/x.com\/VosgesInfo88","https:\/\/www.youtube.com\/@vosgesinfo"]},{"@type":"Person","@id":"https:\/\/vosgesinfo.fr\/saintdieinfo\/#\/schema\/person\/fa73e9f726d67bb88f46d5b7943cb572","name":"J.J.","image":{"@type":"ImageObject","inLanguage":"fr-FR","@id":"https:\/\/vosgesinfo.fr\/saintdieinfo\/#\/schema\/person\/image\/","url":"https:\/\/secure.gravatar.com\/avatar\/219e749e47ffbcca018a360ae4add7d4cdf1cdaaf8bc7676b27efade3fe65615?s=96&d=mm&r=g","contentUrl":"https:\/\/secure.gravatar.com\/avatar\/219e749e47ffbcca018a360ae4add7d4cdf1cdaaf8bc7676b27efade3fe65615?s=96&d=mm&r=g","caption":"J.J."},"url":"https:\/\/vosgesinfo.fr\/saintdieinfo\/author\/j-j\/"}]}},"_links":{"self":[{"href":"https:\/\/vosgesinfo.fr\/saintdieinfo\/wp-json\/wp\/v2\/posts\/24805","targetHints":{"allow":["GET"]}}],"collection":[{"href":"https:\/\/vosgesinfo.fr\/saintdieinfo\/wp-json\/wp\/v2\/posts"}],"about":[{"href":"https:\/\/vosgesinfo.fr\/saintdieinfo\/wp-json\/wp\/v2\/types\/post"}],"author":[{"embeddable":true,"href":"https:\/\/vosgesinfo.fr\/saintdieinfo\/wp-json\/wp\/v2\/users\/46"}],"replies":[{"embeddable":true,"href":"https:\/\/vosgesinfo.fr\/saintdieinfo\/wp-json\/wp\/v2\/comments?post=24805"}],"version-history":[{"count":1,"href":"https:\/\/vosgesinfo.fr\/saintdieinfo\/wp-json\/wp\/v2\/posts\/24805\/revisions"}],"predecessor-version":[{"id":24806,"href":"https:\/\/vosgesinfo.fr\/saintdieinfo\/wp-json\/wp\/v2\/posts\/24805\/revisions\/24806"}],"wp:featuredmedia":[{"embeddable":true,"href":"https:\/\/vosgesinfo.fr\/saintdieinfo\/wp-json\/wp\/v2\/media\/22680"}],"wp:attachment":[{"href":"https:\/\/vosgesinfo.fr\/saintdieinfo\/wp-json\/wp\/v2\/media?parent=24805"}],"wp:term":[{"taxonomy":"category","embeddable":true,"href":"https:\/\/vosgesinfo.fr\/saintdieinfo\/wp-json\/wp\/v2\/categories?post=24805"},{"taxonomy":"post_tag","embeddable":true,"href":"https:\/\/vosgesinfo.fr\/saintdieinfo\/wp-json\/wp\/v2\/tags?post=24805"}],"curies":[{"name":"wp","href":"https:\/\/api.w.org\/{rel}","templated":true}]}}