{"id":24807,"date":"2024-02-14T09:32:51","date_gmt":"2024-02-14T08:32:51","guid":{"rendered":"https:\/\/vosgesinfo.fr\/saintdieinfo\/?p=24807"},"modified":"2024-02-14T09:32:51","modified_gmt":"2024-02-14T08:32:51","slug":"aux-origines-de-la-saint-valentin","status":"publish","type":"post","link":"https:\/\/vosgesinfo.fr\/saintdieinfo\/2024\/02\/aux-origines-de-la-saint-valentin\/","title":{"rendered":"Aux origines de la Saint-Valentin"},"content":{"rendered":"<div id=\"attachment_24808\" style=\"width: 1034px\" class=\"wp-caption alignnone\"><img decoding=\"async\" aria-describedby=\"caption-attachment-24808\" class=\"wp-image-24808 size-large\" src=\"https:\/\/vosgesinfo.fr\/app\/uploads\/sites\/4\/2024\/02\/origines-saint-valentin-1024x683.jpg\" alt=\"\" width=\"1024\" height=\"683\" srcset=\"https:\/\/vosgesinfo.fr\/app\/uploads\/sites\/4\/2024\/02\/origines-saint-valentin-1024x683.jpg 1024w, https:\/\/vosgesinfo.fr\/app\/uploads\/sites\/4\/2024\/02\/origines-saint-valentin-300x200.jpg 300w, https:\/\/vosgesinfo.fr\/app\/uploads\/sites\/4\/2024\/02\/origines-saint-valentin-768x512.jpg 768w, https:\/\/vosgesinfo.fr\/app\/uploads\/sites\/4\/2024\/02\/origines-saint-valentin.jpg 1200w\" sizes=\"(max-width: 1024px) 100vw, 1024px\" \/><p id=\"caption-attachment-24808\" class=\"wp-caption-text\">(Photographie Jean-Micha\u00ebl Choserot)<\/p><\/div>\n<h2>Ce mercredi 14 f\u00e9vrier est le jour de la Saint-Valentin. Si aujourd&rsquo;hui la f\u00eate des amoureux peut para\u00eetre superficielle, avec une pl\u00e9thore d&rsquo;op\u00e9rations commerciales et de communication, la Saint-Valentin est une tradition ancienne, qui puise ses origines dans la Rome Antique. Ce que nous explique Jean-Micha\u00ebl Choserot, pr\u00e9sident de l&rsquo;association naturaliste et historienne BERIAN.<\/h2>\n<p><!--more--><\/p>\n<p>\u00ab La Saint Valentin aurait probablement pour origine les Lupercales romaines, une f\u00eate de la f\u00e9condit\u00e9 qui lib\u00e9rait les puissances vitales et se d\u00e9roulait entre le 13 et le 15 f\u00e9vrier. Son nom a certainement un lien avec le loup, \u00ab lupus \u00bb en latin, car cette f\u00eate mettait \u00e0 l&rsquo;honneur Faunus, dieu de la f\u00e9condit\u00e9, mais aussi les troupeaux qu&rsquo;il d\u00e9fendait contre les loups. A cela s&rsquo;ajoute la tradition romaine qui voulait que de jeunes gens se rendent dans une grotte au pied du Palatin o\u00f9, disait-on, les p\u00e8res fondateurs de la ville ont \u00e9t\u00e9 allait\u00e9s par une louve. V\u00eatus d&rsquo;une simple peau de bouc, ils sacrifiaient une ch\u00e8vre et d\u00e9coupaient des lani\u00e8res de peaux qui servaient \u00e0 fouetter tous ceux qu&rsquo;ils rencontraient dans une course folle qui avait lieu au m\u00eame endroit. Il \u00e9tait \u00e9galement coutume de faire la cour \u00e0 l&rsquo;\u00e9lue de son c\u0153ur en cette p\u00e9riode de l&rsquo;ann\u00e9e. C&rsquo;est en 495 que le pape G\u00e9lase 1er d\u00e9cida d&rsquo;en finir avec cette pratique pa\u00efenne, en la rempla\u00e7ant par la c\u00e9l\u00e9bration de Saint-Valentin. \u00bb<\/p>\n<p>Ce n&rsquo;est qu&rsquo;un mill\u00e9naire plus tard, en 1496, que Saint Valentin deviendra le patron des amoureux, \u00ab bien que la f\u00eate en question du 14 f\u00e9vrier honore en r\u00e9alit\u00e9 3 Valentin, les plus importants de l&rsquo;histoire chr\u00e9tienne sur les 7 qui ont exist\u00e9 \u00bb pr\u00e9cise Jean-Micha\u00ebl Choserot. Il s&rsquo;agit, respectivement, de Valentin de Rome, Valentin de Terni et le moine missionnaire Valentin, qui v\u00e9cut au Ve si\u00e8cle et qui \u00e9tait originaire de Rh\u00e9tie. Quant \u00e0 la c\u00e9l\u00e9bration des amoureux en elle-m\u00eame, c&rsquo;est au Moyen-\u00c2ge et en Angleterre qu&rsquo;elle fait son apparition. \u00ab On disait que les oiseaux s&rsquo;accouplaient en cette p\u00e9riode. On l&rsquo;appelait alors le \u00ab mariage des oiseaux \u00bb. En cette occasion est apparue la \u00ab Valentine \u00bb. Cette tradition \u00e9volua en France entre les XIVe et XVIe si\u00e8cles \u00bb ajoute Jean-Micha\u00ebl Choserot en guise de conclusion.<\/p>\n<p>Pour en savoir plus sur BERIAN et ses actions : <strong><a href=\"https:\/\/berian.jimdosite.com\/\" target=\"_blank\" rel=\"noopener\">https:\/\/berian.jimdosite.com\/<\/a><\/strong><\/p>\n<p>Pour lire les articles de la biblioth\u00e8que num\u00e9rique de l\u2019association : <strong><a href=\"https:\/\/berianasso.wordpress.com\/\" target=\"_blank\" rel=\"noopener\">https:\/\/berianasso.wordpress.com\/<\/a><\/strong><\/p>\n<p>J.J.<\/p>\n","protected":false},"excerpt":{"rendered":"<p>Ce mercredi 14 f\u00e9vrier est le jour de la Saint-Valentin. Si aujourd&rsquo;hui la f\u00eate des amoureux peut para\u00eetre superficielle, avec [&hellip;]<\/p>\n","protected":false},"author":46,"featured_media":24808,"comment_status":"open","ping_status":"open","sticky":false,"template":"","format":"standard","meta":{"footnotes":""},"categories":[460,13,17,18],"tags":[3615,3616,826],"class_list":["post-24807","post","type-post","status-publish","format-standard","has-post-thumbnail","hentry","category-a-la-une","category-societe","category-vie-associative","category-vosges","tag-association-berian","tag-jean-michael-choserot","tag-saint-valentin"],"acf":[],"yoast_head":"<!-- This site is optimized with the Yoast SEO plugin v22.5 - https:\/\/yoast.com\/wordpress\/plugins\/seo\/ -->\n<title>Aux origines de la Saint-Valentin - Saint Die Info<\/title>\n<meta name=\"robots\" content=\"index, follow, max-snippet:-1, max-image-preview:large, max-video-preview:-1\" \/>\n<link rel=\"canonical\" href=\"https:\/\/vosgesinfo.fr\/saintdieinfo\/2024\/02\/aux-origines-de-la-saint-valentin\/\" \/>\n<meta name=\"twitter:card\" content=\"summary_large_image\" \/>\n<meta name=\"twitter:title\" content=\"Aux origines de la Saint-Valentin - Saint Die Info\" \/>\n<meta name=\"twitter:description\" content=\"Ce mercredi 14 f\u00e9vrier est le jour de la Saint-Valentin. Si aujourd&rsquo;hui la f\u00eate des amoureux peut para\u00eetre superficielle, avec [&hellip;]\" \/>\n<meta name=\"twitter:image\" content=\"https:\/\/vosgesinfo.fr\/app\/uploads\/sites\/4\/2024\/02\/origines-saint-valentin.jpg\" \/>\n<meta name=\"twitter:creator\" content=\"@VosgesInfo88\" \/>\n<meta name=\"twitter:site\" content=\"@VosgesInfo88\" \/>\n<meta name=\"twitter:label1\" content=\"\u00c9crit par\" \/>\n\t<meta name=\"twitter:data1\" content=\"J.J.\" \/>\n\t<meta name=\"twitter:label2\" content=\"Dur\u00e9e de lecture estim\u00e9e\" \/>\n\t<meta name=\"twitter:data2\" content=\"2 minutes\" \/>\n<script type=\"application\/ld+json\" class=\"yoast-schema-graph\">{\"@context\":\"https:\/\/schema.org\",\"@graph\":[{\"@type\":\"Article\",\"@id\":\"https:\/\/vosgesinfo.fr\/saintdieinfo\/2024\/02\/aux-origines-de-la-saint-valentin\/#article\",\"isPartOf\":{\"@id\":\"https:\/\/vosgesinfo.fr\/saintdieinfo\/2024\/02\/aux-origines-de-la-saint-valentin\/\"},\"author\":{\"name\":\"J.J.\",\"@id\":\"https:\/\/vosgesinfo.fr\/saintdieinfo\/#\/schema\/person\/fa73e9f726d67bb88f46d5b7943cb572\"},\"headline\":\"Aux origines de la Saint-Valentin\",\"datePublished\":\"2024-02-14T08:32:51+00:00\",\"dateModified\":\"2024-02-14T08:32:51+00:00\",\"mainEntityOfPage\":{\"@id\":\"https:\/\/vosgesinfo.fr\/saintdieinfo\/2024\/02\/aux-origines-de-la-saint-valentin\/\"},\"wordCount\":460,\"commentCount\":0,\"publisher\":{\"@id\":\"https:\/\/vosgesinfo.fr\/saintdieinfo\/#organization\"},\"image\":{\"@id\":\"https:\/\/vosgesinfo.fr\/saintdieinfo\/2024\/02\/aux-origines-de-la-saint-valentin\/#primaryimage\"},\"thumbnailUrl\":\"https:\/\/vosgesinfo.fr\/app\/uploads\/sites\/4\/2024\/02\/origines-saint-valentin.jpg\",\"keywords\":[\"Association BERIAN\",\"Jean-Micha\u00ebl Choserot\",\"Saint Valentin\"],\"articleSection\":[\"A la Une\",\"Soci\u00e9t\u00e9\",\"Vie Associative\",\"Vosges\"],\"inLanguage\":\"fr-FR\",\"potentialAction\":[{\"@type\":\"CommentAction\",\"name\":\"Comment\",\"target\":[\"https:\/\/vosgesinfo.fr\/saintdieinfo\/2024\/02\/aux-origines-de-la-saint-valentin\/#respond\"]}]},{\"@type\":\"WebPage\",\"@id\":\"https:\/\/vosgesinfo.fr\/saintdieinfo\/2024\/02\/aux-origines-de-la-saint-valentin\/\",\"url\":\"https:\/\/vosgesinfo.fr\/saintdieinfo\/2024\/02\/aux-origines-de-la-saint-valentin\/\",\"name\":\"Aux origines de la Saint-Valentin - Saint Die Info\",\"isPartOf\":{\"@id\":\"https:\/\/vosgesinfo.fr\/saintdieinfo\/#website\"},\"primaryImageOfPage\":{\"@id\":\"https:\/\/vosgesinfo.fr\/saintdieinfo\/2024\/02\/aux-origines-de-la-saint-valentin\/#primaryimage\"},\"image\":{\"@id\":\"https:\/\/vosgesinfo.fr\/saintdieinfo\/2024\/02\/aux-origines-de-la-saint-valentin\/#primaryimage\"},\"thumbnailUrl\":\"https:\/\/vosgesinfo.fr\/app\/uploads\/sites\/4\/2024\/02\/origines-saint-valentin.jpg\",\"datePublished\":\"2024-02-14T08:32:51+00:00\",\"dateModified\":\"2024-02-14T08:32:51+00:00\",\"breadcrumb\":{\"@id\":\"https:\/\/vosgesinfo.fr\/saintdieinfo\/2024\/02\/aux-origines-de-la-saint-valentin\/#breadcrumb\"},\"inLanguage\":\"fr-FR\",\"potentialAction\":[{\"@type\":\"ReadAction\",\"target\":[\"https:\/\/vosgesinfo.fr\/saintdieinfo\/2024\/02\/aux-origines-de-la-saint-valentin\/\"]}]},{\"@type\":\"ImageObject\",\"inLanguage\":\"fr-FR\",\"@id\":\"https:\/\/vosgesinfo.fr\/saintdieinfo\/2024\/02\/aux-origines-de-la-saint-valentin\/#primaryimage\",\"url\":\"https:\/\/vosgesinfo.fr\/app\/uploads\/sites\/4\/2024\/02\/origines-saint-valentin.jpg\",\"contentUrl\":\"https:\/\/vosgesinfo.fr\/app\/uploads\/sites\/4\/2024\/02\/origines-saint-valentin.jpg\",\"width\":1200,\"height\":800},{\"@type\":\"BreadcrumbList\",\"@id\":\"https:\/\/vosgesinfo.fr\/saintdieinfo\/2024\/02\/aux-origines-de-la-saint-valentin\/#breadcrumb\",\"itemListElement\":[{\"@type\":\"ListItem\",\"position\":1,\"name\":\"Home\",\"item\":\"https:\/\/vosgesinfo.fr\/saintdieinfo\/\"},{\"@type\":\"ListItem\",\"position\":2,\"name\":\"Aux origines de la Saint-Valentin\"}]},{\"@type\":\"WebSite\",\"@id\":\"https:\/\/vosgesinfo.fr\/saintdieinfo\/#website\",\"url\":\"https:\/\/vosgesinfo.fr\/saintdieinfo\/\",\"name\":\"Saint Die Info\",\"description\":\"Toute l&#039;actualit\u00e9 de Saint-Di\u00e9-Des-Vosges\",\"publisher\":{\"@id\":\"https:\/\/vosgesinfo.fr\/saintdieinfo\/#organization\"},\"alternateName\":\"Toute l'actualit\u00e9 de Saint-Di\u00e9-Des-Vosges\",\"potentialAction\":[{\"@type\":\"SearchAction\",\"target\":{\"@type\":\"EntryPoint\",\"urlTemplate\":\"https:\/\/vosgesinfo.fr\/saintdieinfo\/?s={search_term_string}\"},\"query-input\":\"required name=search_term_string\"}],\"inLanguage\":\"fr-FR\"},{\"@type\":\"Organization\",\"@id\":\"https:\/\/vosgesinfo.fr\/saintdieinfo\/#organization\",\"name\":\"Saint Die Info\",\"url\":\"https:\/\/vosgesinfo.fr\/saintdieinfo\/\",\"logo\":{\"@type\":\"ImageObject\",\"inLanguage\":\"fr-FR\",\"@id\":\"https:\/\/vosgesinfo.fr\/saintdieinfo\/#\/schema\/logo\/image\/\",\"url\":\"https:\/\/vosgesinfo.fr\/app\/uploads\/sites\/4\/2024\/02\/logo-sdi.jpg\",\"contentUrl\":\"https:\/\/vosgesinfo.fr\/app\/uploads\/sites\/4\/2024\/02\/logo-sdi.jpg\",\"width\":600,\"height\":600,\"caption\":\"Saint Die Info\"},\"image\":{\"@id\":\"https:\/\/vosgesinfo.fr\/saintdieinfo\/#\/schema\/logo\/image\/\"},\"sameAs\":[\"https:\/\/www.facebook.com\/Saintdieinfofr\",\"https:\/\/x.com\/VosgesInfo88\",\"https:\/\/www.youtube.com\/@vosgesinfo\"]},{\"@type\":\"Person\",\"@id\":\"https:\/\/vosgesinfo.fr\/saintdieinfo\/#\/schema\/person\/fa73e9f726d67bb88f46d5b7943cb572\",\"name\":\"J.J.\",\"image\":{\"@type\":\"ImageObject\",\"inLanguage\":\"fr-FR\",\"@id\":\"https:\/\/vosgesinfo.fr\/saintdieinfo\/#\/schema\/person\/image\/\",\"url\":\"https:\/\/secure.gravatar.com\/avatar\/219e749e47ffbcca018a360ae4add7d4cdf1cdaaf8bc7676b27efade3fe65615?s=96&d=mm&r=g\",\"contentUrl\":\"https:\/\/secure.gravatar.com\/avatar\/219e749e47ffbcca018a360ae4add7d4cdf1cdaaf8bc7676b27efade3fe65615?s=96&d=mm&r=g\",\"caption\":\"J.J.\"},\"url\":\"https:\/\/vosgesinfo.fr\/saintdieinfo\/author\/j-j\/\"}]}<\/script>\n<!-- \/ Yoast SEO plugin. -->","yoast_head_json":{"title":"Aux origines de la Saint-Valentin - Saint Die Info","robots":{"index":"index","follow":"follow","max-snippet":"max-snippet:-1","max-image-preview":"max-image-preview:large","max-video-preview":"max-video-preview:-1"},"canonical":"https:\/\/vosgesinfo.fr\/saintdieinfo\/2024\/02\/aux-origines-de-la-saint-valentin\/","twitter_card":"summary_large_image","twitter_title":"Aux origines de la Saint-Valentin - Saint Die Info","twitter_description":"Ce mercredi 14 f\u00e9vrier est le jour de la Saint-Valentin. Si aujourd&rsquo;hui la f\u00eate des amoureux peut para\u00eetre superficielle, avec [&hellip;]","twitter_image":"https:\/\/vosgesinfo.fr\/app\/uploads\/sites\/4\/2024\/02\/origines-saint-valentin.jpg","twitter_creator":"@VosgesInfo88","twitter_site":"@VosgesInfo88","twitter_misc":{"\u00c9crit par":"J.J.","Dur\u00e9e de lecture estim\u00e9e":"2 minutes"},"schema":{"@context":"https:\/\/schema.org","@graph":[{"@type":"Article","@id":"https:\/\/vosgesinfo.fr\/saintdieinfo\/2024\/02\/aux-origines-de-la-saint-valentin\/#article","isPartOf":{"@id":"https:\/\/vosgesinfo.fr\/saintdieinfo\/2024\/02\/aux-origines-de-la-saint-valentin\/"},"author":{"name":"J.J.","@id":"https:\/\/vosgesinfo.fr\/saintdieinfo\/#\/schema\/person\/fa73e9f726d67bb88f46d5b7943cb572"},"headline":"Aux origines de la Saint-Valentin","datePublished":"2024-02-14T08:32:51+00:00","dateModified":"2024-02-14T08:32:51+00:00","mainEntityOfPage":{"@id":"https:\/\/vosgesinfo.fr\/saintdieinfo\/2024\/02\/aux-origines-de-la-saint-valentin\/"},"wordCount":460,"commentCount":0,"publisher":{"@id":"https:\/\/vosgesinfo.fr\/saintdieinfo\/#organization"},"image":{"@id":"https:\/\/vosgesinfo.fr\/saintdieinfo\/2024\/02\/aux-origines-de-la-saint-valentin\/#primaryimage"},"thumbnailUrl":"https:\/\/vosgesinfo.fr\/app\/uploads\/sites\/4\/2024\/02\/origines-saint-valentin.jpg","keywords":["Association BERIAN","Jean-Micha\u00ebl Choserot","Saint Valentin"],"articleSection":["A la Une","Soci\u00e9t\u00e9","Vie Associative","Vosges"],"inLanguage":"fr-FR","potentialAction":[{"@type":"CommentAction","name":"Comment","target":["https:\/\/vosgesinfo.fr\/saintdieinfo\/2024\/02\/aux-origines-de-la-saint-valentin\/#respond"]}]},{"@type":"WebPage","@id":"https:\/\/vosgesinfo.fr\/saintdieinfo\/2024\/02\/aux-origines-de-la-saint-valentin\/","url":"https:\/\/vosgesinfo.fr\/saintdieinfo\/2024\/02\/aux-origines-de-la-saint-valentin\/","name":"Aux origines de la Saint-Valentin - Saint Die Info","isPartOf":{"@id":"https:\/\/vosgesinfo.fr\/saintdieinfo\/#website"},"primaryImageOfPage":{"@id":"https:\/\/vosgesinfo.fr\/saintdieinfo\/2024\/02\/aux-origines-de-la-saint-valentin\/#primaryimage"},"image":{"@id":"https:\/\/vosgesinfo.fr\/saintdieinfo\/2024\/02\/aux-origines-de-la-saint-valentin\/#primaryimage"},"thumbnailUrl":"https:\/\/vosgesinfo.fr\/app\/uploads\/sites\/4\/2024\/02\/origines-saint-valentin.jpg","datePublished":"2024-02-14T08:32:51+00:00","dateModified":"2024-02-14T08:32:51+00:00","breadcrumb":{"@id":"https:\/\/vosgesinfo.fr\/saintdieinfo\/2024\/02\/aux-origines-de-la-saint-valentin\/#breadcrumb"},"inLanguage":"fr-FR","potentialAction":[{"@type":"ReadAction","target":["https:\/\/vosgesinfo.fr\/saintdieinfo\/2024\/02\/aux-origines-de-la-saint-valentin\/"]}]},{"@type":"ImageObject","inLanguage":"fr-FR","@id":"https:\/\/vosgesinfo.fr\/saintdieinfo\/2024\/02\/aux-origines-de-la-saint-valentin\/#primaryimage","url":"https:\/\/vosgesinfo.fr\/app\/uploads\/sites\/4\/2024\/02\/origines-saint-valentin.jpg","contentUrl":"https:\/\/vosgesinfo.fr\/app\/uploads\/sites\/4\/2024\/02\/origines-saint-valentin.jpg","width":1200,"height":800},{"@type":"BreadcrumbList","@id":"https:\/\/vosgesinfo.fr\/saintdieinfo\/2024\/02\/aux-origines-de-la-saint-valentin\/#breadcrumb","itemListElement":[{"@type":"ListItem","position":1,"name":"Home","item":"https:\/\/vosgesinfo.fr\/saintdieinfo\/"},{"@type":"ListItem","position":2,"name":"Aux origines de la Saint-Valentin"}]},{"@type":"WebSite","@id":"https:\/\/vosgesinfo.fr\/saintdieinfo\/#website","url":"https:\/\/vosgesinfo.fr\/saintdieinfo\/","name":"Saint Die Info","description":"Toute l&#039;actualit\u00e9 de Saint-Di\u00e9-Des-Vosges","publisher":{"@id":"https:\/\/vosgesinfo.fr\/saintdieinfo\/#organization"},"alternateName":"Toute l'actualit\u00e9 de Saint-Di\u00e9-Des-Vosges","potentialAction":[{"@type":"SearchAction","target":{"@type":"EntryPoint","urlTemplate":"https:\/\/vosgesinfo.fr\/saintdieinfo\/?s={search_term_string}"},"query-input":"required name=search_term_string"}],"inLanguage":"fr-FR"},{"@type":"Organization","@id":"https:\/\/vosgesinfo.fr\/saintdieinfo\/#organization","name":"Saint Die Info","url":"https:\/\/vosgesinfo.fr\/saintdieinfo\/","logo":{"@type":"ImageObject","inLanguage":"fr-FR","@id":"https:\/\/vosgesinfo.fr\/saintdieinfo\/#\/schema\/logo\/image\/","url":"https:\/\/vosgesinfo.fr\/app\/uploads\/sites\/4\/2024\/02\/logo-sdi.jpg","contentUrl":"https:\/\/vosgesinfo.fr\/app\/uploads\/sites\/4\/2024\/02\/logo-sdi.jpg","width":600,"height":600,"caption":"Saint Die Info"},"image":{"@id":"https:\/\/vosgesinfo.fr\/saintdieinfo\/#\/schema\/logo\/image\/"},"sameAs":["https:\/\/www.facebook.com\/Saintdieinfofr","https:\/\/x.com\/VosgesInfo88","https:\/\/www.youtube.com\/@vosgesinfo"]},{"@type":"Person","@id":"https:\/\/vosgesinfo.fr\/saintdieinfo\/#\/schema\/person\/fa73e9f726d67bb88f46d5b7943cb572","name":"J.J.","image":{"@type":"ImageObject","inLanguage":"fr-FR","@id":"https:\/\/vosgesinfo.fr\/saintdieinfo\/#\/schema\/person\/image\/","url":"https:\/\/secure.gravatar.com\/avatar\/219e749e47ffbcca018a360ae4add7d4cdf1cdaaf8bc7676b27efade3fe65615?s=96&d=mm&r=g","contentUrl":"https:\/\/secure.gravatar.com\/avatar\/219e749e47ffbcca018a360ae4add7d4cdf1cdaaf8bc7676b27efade3fe65615?s=96&d=mm&r=g","caption":"J.J."},"url":"https:\/\/vosgesinfo.fr\/saintdieinfo\/author\/j-j\/"}]}},"_links":{"self":[{"href":"https:\/\/vosgesinfo.fr\/saintdieinfo\/wp-json\/wp\/v2\/posts\/24807","targetHints":{"allow":["GET"]}}],"collection":[{"href":"https:\/\/vosgesinfo.fr\/saintdieinfo\/wp-json\/wp\/v2\/posts"}],"about":[{"href":"https:\/\/vosgesinfo.fr\/saintdieinfo\/wp-json\/wp\/v2\/types\/post"}],"author":[{"embeddable":true,"href":"https:\/\/vosgesinfo.fr\/saintdieinfo\/wp-json\/wp\/v2\/users\/46"}],"replies":[{"embeddable":true,"href":"https:\/\/vosgesinfo.fr\/saintdieinfo\/wp-json\/wp\/v2\/comments?post=24807"}],"version-history":[{"count":2,"href":"https:\/\/vosgesinfo.fr\/saintdieinfo\/wp-json\/wp\/v2\/posts\/24807\/revisions"}],"predecessor-version":[{"id":24810,"href":"https:\/\/vosgesinfo.fr\/saintdieinfo\/wp-json\/wp\/v2\/posts\/24807\/revisions\/24810"}],"wp:featuredmedia":[{"embeddable":true,"href":"https:\/\/vosgesinfo.fr\/saintdieinfo\/wp-json\/wp\/v2\/media\/24808"}],"wp:attachment":[{"href":"https:\/\/vosgesinfo.fr\/saintdieinfo\/wp-json\/wp\/v2\/media?parent=24807"}],"wp:term":[{"taxonomy":"category","embeddable":true,"href":"https:\/\/vosgesinfo.fr\/saintdieinfo\/wp-json\/wp\/v2\/categories?post=24807"},{"taxonomy":"post_tag","embeddable":true,"href":"https:\/\/vosgesinfo.fr\/saintdieinfo\/wp-json\/wp\/v2\/tags?post=24807"}],"curies":[{"name":"wp","href":"https:\/\/api.w.org\/{rel}","templated":true}]}}