{"id":25026,"date":"2024-02-19T13:31:55","date_gmt":"2024-02-19T12:31:55","guid":{"rendered":"https:\/\/vosgesinfo.fr\/saintdieinfo\/?p=25026"},"modified":"2024-02-19T13:31:55","modified_gmt":"2024-02-19T12:31:55","slug":"les-formations-de-liut-de-saint-die-des-vosges-presentees-en-direct-sur-youtube","status":"publish","type":"post","link":"https:\/\/vosgesinfo.fr\/saintdieinfo\/2024\/02\/les-formations-de-liut-de-saint-die-des-vosges-presentees-en-direct-sur-youtube\/","title":{"rendered":"Les formations de l&rsquo;IUT de Saint-Di\u00e9-des-Vosges pr\u00e9sent\u00e9es en direct sur YouTube"},"content":{"rendered":"<p><img decoding=\"async\" class=\"alignnone size-full wp-image-25027\" src=\"https:\/\/vosgesinfo.fr\/app\/uploads\/sites\/4\/2024\/02\/live-presentation-iut-sddv.jpg\" alt=\"\" width=\"700\" height=\"470\" srcset=\"https:\/\/vosgesinfo.fr\/app\/uploads\/sites\/4\/2024\/02\/live-presentation-iut-sddv.jpg 700w, https:\/\/vosgesinfo.fr\/app\/uploads\/sites\/4\/2024\/02\/live-presentation-iut-sddv-300x201.jpg 300w\" sizes=\"(max-width: 700px) 100vw, 700px\" \/><\/p>\n<h2>Pour celles et ceux qui n&rsquo;auraient pas pu se rendre aux portes-ouvertes de l&rsquo;IUT de Saint-Di\u00e9-des-Vosges, qui se sont tenues le samedi 10 f\u00e9vrier dernier, les diff\u00e9rentes formations de l&rsquo;\u00e9tablissement sup\u00e9rieur d\u00e9odatien seront pr\u00e9sent\u00e9es en direct sur YouTube, ce jeudi 22 f\u00e9vrier \u00e0 partir de 18h sur <a href=\"https:\/\/www.youtube.com\/@IUT_Saintdie\" target=\"_blank\" rel=\"noopener\">le compte YouTube de l&rsquo;IUT.<\/a><\/h2>\n<p><!--more--><\/p>\n<h3>Le programme est le suivant :<\/h3>\n<ul>\n<li>18h \u2013 Introduction du directeur \u2013 Fran\u00e7ois DEVILLARD<\/li>\n<li>\u00a0Formation BUT INFO \u2013 Boris DAVIN<\/li>\n<li>\u00a0Formation BUT MMI \u2013 Audrey BICHET<\/li>\n<li>\u00a0Formation BUT GEII \u2013 \u00c9ric TERNISIEN<\/li>\n<li>\u00a0Formation LP SARII \u2013 \u00c9ric TERNISIEN<\/li>\n<li>\u00a0Formation LP MTL \u2013 Boris DAVIN<\/li>\n<li>\u00a0Vie \u00e9tudiante \u2013 Association des \u00e9tudiants<\/li>\n<\/ul>\n<p>Le direct sera pr\u00e9sent\u00e9 par Loane, \u00e9tudiante en 3\u00e8me ann\u00e9e MMI orientation communication \u00e0 l&rsquo;IUT, et dirig\u00e9 c\u00f4t\u00e9 technique par Maxime Marion, enseignant de l&rsquo;IUT avec toute l&rsquo;\u00e9quipe de 3\u00e8me ann\u00e9e MMI orientation audiovisuel.<\/p>\n<p>J.J.<\/p>\n","protected":false},"excerpt":{"rendered":"<p>Pour celles et ceux qui n&rsquo;auraient pas pu se rendre aux portes-ouvertes de l&rsquo;IUT de Saint-Di\u00e9-des-Vosges, qui se sont tenues [&hellip;]<\/p>\n","protected":false},"author":46,"featured_media":25027,"comment_status":"open","ping_status":"open","sticky":false,"template":"","format":"standard","meta":{"footnotes":""},"categories":[460,6,167],"tags":[3205,3894,3598],"class_list":["post-25026","post","type-post","status-publish","format-standard","has-post-thumbnail","hentry","category-a-la-une","category-education","category-saint-die-des-vosges","tag-iut-de-saint-die-des-vosges","tag-portes-ouvertes-de-liut-de-saint-die-des-vosges","tag-youtube"],"acf":[],"yoast_head":"<!-- This site is optimized with the Yoast SEO plugin v22.5 - https:\/\/yoast.com\/wordpress\/plugins\/seo\/ -->\n<title>Les formations de l&#039;IUT de Saint-Di\u00e9-des-Vosges pr\u00e9sent\u00e9es en direct sur YouTube - Saint Die Info<\/title>\n<meta name=\"robots\" content=\"index, follow, max-snippet:-1, max-image-preview:large, max-video-preview:-1\" \/>\n<link rel=\"canonical\" href=\"https:\/\/vosgesinfo.fr\/saintdieinfo\/2024\/02\/les-formations-de-liut-de-saint-die-des-vosges-presentees-en-direct-sur-youtube\/\" \/>\n<meta name=\"twitter:card\" content=\"summary_large_image\" \/>\n<meta name=\"twitter:title\" content=\"Les formations de l&#039;IUT de Saint-Di\u00e9-des-Vosges pr\u00e9sent\u00e9es en direct sur YouTube - Saint Die Info\" \/>\n<meta name=\"twitter:description\" content=\"Pour celles et ceux qui n&rsquo;auraient pas pu se rendre aux portes-ouvertes de l&rsquo;IUT de Saint-Di\u00e9-des-Vosges, qui se sont tenues [&hellip;]\" \/>\n<meta name=\"twitter:image\" content=\"https:\/\/vosgesinfo.fr\/app\/uploads\/sites\/4\/2024\/02\/live-presentation-iut-sddv.jpg\" \/>\n<meta name=\"twitter:creator\" content=\"@VosgesInfo88\" \/>\n<meta name=\"twitter:site\" content=\"@VosgesInfo88\" \/>\n<meta name=\"twitter:label1\" content=\"\u00c9crit par\" \/>\n\t<meta name=\"twitter:data1\" content=\"J.J.\" \/>\n\t<meta name=\"twitter:label2\" content=\"Dur\u00e9e de lecture estim\u00e9e\" \/>\n\t<meta name=\"twitter:data2\" content=\"1 minute\" \/>\n<script type=\"application\/ld+json\" class=\"yoast-schema-graph\">{\"@context\":\"https:\/\/schema.org\",\"@graph\":[{\"@type\":\"Article\",\"@id\":\"https:\/\/vosgesinfo.fr\/saintdieinfo\/2024\/02\/les-formations-de-liut-de-saint-die-des-vosges-presentees-en-direct-sur-youtube\/#article\",\"isPartOf\":{\"@id\":\"https:\/\/vosgesinfo.fr\/saintdieinfo\/2024\/02\/les-formations-de-liut-de-saint-die-des-vosges-presentees-en-direct-sur-youtube\/\"},\"author\":{\"name\":\"J.J.\",\"@id\":\"https:\/\/vosgesinfo.fr\/saintdieinfo\/#\/schema\/person\/fa73e9f726d67bb88f46d5b7943cb572\"},\"headline\":\"Les formations de l&rsquo;IUT de Saint-Di\u00e9-des-Vosges pr\u00e9sent\u00e9es en direct sur YouTube\",\"datePublished\":\"2024-02-19T12:31:55+00:00\",\"dateModified\":\"2024-02-19T12:31:55+00:00\",\"mainEntityOfPage\":{\"@id\":\"https:\/\/vosgesinfo.fr\/saintdieinfo\/2024\/02\/les-formations-de-liut-de-saint-die-des-vosges-presentees-en-direct-sur-youtube\/\"},\"wordCount\":160,\"commentCount\":0,\"publisher\":{\"@id\":\"https:\/\/vosgesinfo.fr\/saintdieinfo\/#organization\"},\"image\":{\"@id\":\"https:\/\/vosgesinfo.fr\/saintdieinfo\/2024\/02\/les-formations-de-liut-de-saint-die-des-vosges-presentees-en-direct-sur-youtube\/#primaryimage\"},\"thumbnailUrl\":\"https:\/\/vosgesinfo.fr\/app\/uploads\/sites\/4\/2024\/02\/live-presentation-iut-sddv.jpg\",\"keywords\":[\"IUT de Saint-Di\u00e9-des-Vosges\",\"Portes-ouvertes de l'IUT de Saint-Di\u00e9-des-Vosges\",\"YouTube\"],\"articleSection\":[\"A la Une\",\"\u00c9ducation\",\"Saint-Di\u00e9-des-Vosges\"],\"inLanguage\":\"fr-FR\",\"potentialAction\":[{\"@type\":\"CommentAction\",\"name\":\"Comment\",\"target\":[\"https:\/\/vosgesinfo.fr\/saintdieinfo\/2024\/02\/les-formations-de-liut-de-saint-die-des-vosges-presentees-en-direct-sur-youtube\/#respond\"]}]},{\"@type\":\"WebPage\",\"@id\":\"https:\/\/vosgesinfo.fr\/saintdieinfo\/2024\/02\/les-formations-de-liut-de-saint-die-des-vosges-presentees-en-direct-sur-youtube\/\",\"url\":\"https:\/\/vosgesinfo.fr\/saintdieinfo\/2024\/02\/les-formations-de-liut-de-saint-die-des-vosges-presentees-en-direct-sur-youtube\/\",\"name\":\"Les formations de l'IUT de Saint-Di\u00e9-des-Vosges pr\u00e9sent\u00e9es en direct sur YouTube - Saint Die Info\",\"isPartOf\":{\"@id\":\"https:\/\/vosgesinfo.fr\/saintdieinfo\/#website\"},\"primaryImageOfPage\":{\"@id\":\"https:\/\/vosgesinfo.fr\/saintdieinfo\/2024\/02\/les-formations-de-liut-de-saint-die-des-vosges-presentees-en-direct-sur-youtube\/#primaryimage\"},\"image\":{\"@id\":\"https:\/\/vosgesinfo.fr\/saintdieinfo\/2024\/02\/les-formations-de-liut-de-saint-die-des-vosges-presentees-en-direct-sur-youtube\/#primaryimage\"},\"thumbnailUrl\":\"https:\/\/vosgesinfo.fr\/app\/uploads\/sites\/4\/2024\/02\/live-presentation-iut-sddv.jpg\",\"datePublished\":\"2024-02-19T12:31:55+00:00\",\"dateModified\":\"2024-02-19T12:31:55+00:00\",\"breadcrumb\":{\"@id\":\"https:\/\/vosgesinfo.fr\/saintdieinfo\/2024\/02\/les-formations-de-liut-de-saint-die-des-vosges-presentees-en-direct-sur-youtube\/#breadcrumb\"},\"inLanguage\":\"fr-FR\",\"potentialAction\":[{\"@type\":\"ReadAction\",\"target\":[\"https:\/\/vosgesinfo.fr\/saintdieinfo\/2024\/02\/les-formations-de-liut-de-saint-die-des-vosges-presentees-en-direct-sur-youtube\/\"]}]},{\"@type\":\"ImageObject\",\"inLanguage\":\"fr-FR\",\"@id\":\"https:\/\/vosgesinfo.fr\/saintdieinfo\/2024\/02\/les-formations-de-liut-de-saint-die-des-vosges-presentees-en-direct-sur-youtube\/#primaryimage\",\"url\":\"https:\/\/vosgesinfo.fr\/app\/uploads\/sites\/4\/2024\/02\/live-presentation-iut-sddv.jpg\",\"contentUrl\":\"https:\/\/vosgesinfo.fr\/app\/uploads\/sites\/4\/2024\/02\/live-presentation-iut-sddv.jpg\",\"width\":700,\"height\":470},{\"@type\":\"BreadcrumbList\",\"@id\":\"https:\/\/vosgesinfo.fr\/saintdieinfo\/2024\/02\/les-formations-de-liut-de-saint-die-des-vosges-presentees-en-direct-sur-youtube\/#breadcrumb\",\"itemListElement\":[{\"@type\":\"ListItem\",\"position\":1,\"name\":\"Home\",\"item\":\"https:\/\/vosgesinfo.fr\/saintdieinfo\/\"},{\"@type\":\"ListItem\",\"position\":2,\"name\":\"Les formations de l&rsquo;IUT de Saint-Di\u00e9-des-Vosges pr\u00e9sent\u00e9es en direct sur YouTube\"}]},{\"@type\":\"WebSite\",\"@id\":\"https:\/\/vosgesinfo.fr\/saintdieinfo\/#website\",\"url\":\"https:\/\/vosgesinfo.fr\/saintdieinfo\/\",\"name\":\"Saint Die Info\",\"description\":\"Toute l&#039;actualit\u00e9 de Saint-Di\u00e9-Des-Vosges\",\"publisher\":{\"@id\":\"https:\/\/vosgesinfo.fr\/saintdieinfo\/#organization\"},\"alternateName\":\"Toute l'actualit\u00e9 de Saint-Di\u00e9-Des-Vosges\",\"potentialAction\":[{\"@type\":\"SearchAction\",\"target\":{\"@type\":\"EntryPoint\",\"urlTemplate\":\"https:\/\/vosgesinfo.fr\/saintdieinfo\/?s={search_term_string}\"},\"query-input\":\"required name=search_term_string\"}],\"inLanguage\":\"fr-FR\"},{\"@type\":\"Organization\",\"@id\":\"https:\/\/vosgesinfo.fr\/saintdieinfo\/#organization\",\"name\":\"Saint Die Info\",\"url\":\"https:\/\/vosgesinfo.fr\/saintdieinfo\/\",\"logo\":{\"@type\":\"ImageObject\",\"inLanguage\":\"fr-FR\",\"@id\":\"https:\/\/vosgesinfo.fr\/saintdieinfo\/#\/schema\/logo\/image\/\",\"url\":\"https:\/\/vosgesinfo.fr\/app\/uploads\/sites\/4\/2024\/02\/logo-sdi.jpg\",\"contentUrl\":\"https:\/\/vosgesinfo.fr\/app\/uploads\/sites\/4\/2024\/02\/logo-sdi.jpg\",\"width\":600,\"height\":600,\"caption\":\"Saint Die Info\"},\"image\":{\"@id\":\"https:\/\/vosgesinfo.fr\/saintdieinfo\/#\/schema\/logo\/image\/\"},\"sameAs\":[\"https:\/\/www.facebook.com\/Saintdieinfofr\",\"https:\/\/x.com\/VosgesInfo88\",\"https:\/\/www.youtube.com\/@vosgesinfo\"]},{\"@type\":\"Person\",\"@id\":\"https:\/\/vosgesinfo.fr\/saintdieinfo\/#\/schema\/person\/fa73e9f726d67bb88f46d5b7943cb572\",\"name\":\"J.J.\",\"image\":{\"@type\":\"ImageObject\",\"inLanguage\":\"fr-FR\",\"@id\":\"https:\/\/vosgesinfo.fr\/saintdieinfo\/#\/schema\/person\/image\/\",\"url\":\"https:\/\/secure.gravatar.com\/avatar\/219e749e47ffbcca018a360ae4add7d4cdf1cdaaf8bc7676b27efade3fe65615?s=96&d=mm&r=g\",\"contentUrl\":\"https:\/\/secure.gravatar.com\/avatar\/219e749e47ffbcca018a360ae4add7d4cdf1cdaaf8bc7676b27efade3fe65615?s=96&d=mm&r=g\",\"caption\":\"J.J.\"},\"url\":\"https:\/\/vosgesinfo.fr\/saintdieinfo\/author\/j-j\/\"}]}<\/script>\n<!-- \/ Yoast SEO plugin. -->","yoast_head_json":{"title":"Les formations de l'IUT de Saint-Di\u00e9-des-Vosges pr\u00e9sent\u00e9es en direct sur YouTube - Saint Die Info","robots":{"index":"index","follow":"follow","max-snippet":"max-snippet:-1","max-image-preview":"max-image-preview:large","max-video-preview":"max-video-preview:-1"},"canonical":"https:\/\/vosgesinfo.fr\/saintdieinfo\/2024\/02\/les-formations-de-liut-de-saint-die-des-vosges-presentees-en-direct-sur-youtube\/","twitter_card":"summary_large_image","twitter_title":"Les formations de l'IUT de Saint-Di\u00e9-des-Vosges pr\u00e9sent\u00e9es en direct sur YouTube - Saint Die Info","twitter_description":"Pour celles et ceux qui n&rsquo;auraient pas pu se rendre aux portes-ouvertes de l&rsquo;IUT de Saint-Di\u00e9-des-Vosges, qui se sont tenues [&hellip;]","twitter_image":"https:\/\/vosgesinfo.fr\/app\/uploads\/sites\/4\/2024\/02\/live-presentation-iut-sddv.jpg","twitter_creator":"@VosgesInfo88","twitter_site":"@VosgesInfo88","twitter_misc":{"\u00c9crit par":"J.J.","Dur\u00e9e de lecture estim\u00e9e":"1 minute"},"schema":{"@context":"https:\/\/schema.org","@graph":[{"@type":"Article","@id":"https:\/\/vosgesinfo.fr\/saintdieinfo\/2024\/02\/les-formations-de-liut-de-saint-die-des-vosges-presentees-en-direct-sur-youtube\/#article","isPartOf":{"@id":"https:\/\/vosgesinfo.fr\/saintdieinfo\/2024\/02\/les-formations-de-liut-de-saint-die-des-vosges-presentees-en-direct-sur-youtube\/"},"author":{"name":"J.J.","@id":"https:\/\/vosgesinfo.fr\/saintdieinfo\/#\/schema\/person\/fa73e9f726d67bb88f46d5b7943cb572"},"headline":"Les formations de l&rsquo;IUT de Saint-Di\u00e9-des-Vosges pr\u00e9sent\u00e9es en direct sur YouTube","datePublished":"2024-02-19T12:31:55+00:00","dateModified":"2024-02-19T12:31:55+00:00","mainEntityOfPage":{"@id":"https:\/\/vosgesinfo.fr\/saintdieinfo\/2024\/02\/les-formations-de-liut-de-saint-die-des-vosges-presentees-en-direct-sur-youtube\/"},"wordCount":160,"commentCount":0,"publisher":{"@id":"https:\/\/vosgesinfo.fr\/saintdieinfo\/#organization"},"image":{"@id":"https:\/\/vosgesinfo.fr\/saintdieinfo\/2024\/02\/les-formations-de-liut-de-saint-die-des-vosges-presentees-en-direct-sur-youtube\/#primaryimage"},"thumbnailUrl":"https:\/\/vosgesinfo.fr\/app\/uploads\/sites\/4\/2024\/02\/live-presentation-iut-sddv.jpg","keywords":["IUT de Saint-Di\u00e9-des-Vosges","Portes-ouvertes de l'IUT de Saint-Di\u00e9-des-Vosges","YouTube"],"articleSection":["A la Une","\u00c9ducation","Saint-Di\u00e9-des-Vosges"],"inLanguage":"fr-FR","potentialAction":[{"@type":"CommentAction","name":"Comment","target":["https:\/\/vosgesinfo.fr\/saintdieinfo\/2024\/02\/les-formations-de-liut-de-saint-die-des-vosges-presentees-en-direct-sur-youtube\/#respond"]}]},{"@type":"WebPage","@id":"https:\/\/vosgesinfo.fr\/saintdieinfo\/2024\/02\/les-formations-de-liut-de-saint-die-des-vosges-presentees-en-direct-sur-youtube\/","url":"https:\/\/vosgesinfo.fr\/saintdieinfo\/2024\/02\/les-formations-de-liut-de-saint-die-des-vosges-presentees-en-direct-sur-youtube\/","name":"Les formations de l'IUT de Saint-Di\u00e9-des-Vosges pr\u00e9sent\u00e9es en direct sur YouTube - Saint Die Info","isPartOf":{"@id":"https:\/\/vosgesinfo.fr\/saintdieinfo\/#website"},"primaryImageOfPage":{"@id":"https:\/\/vosgesinfo.fr\/saintdieinfo\/2024\/02\/les-formations-de-liut-de-saint-die-des-vosges-presentees-en-direct-sur-youtube\/#primaryimage"},"image":{"@id":"https:\/\/vosgesinfo.fr\/saintdieinfo\/2024\/02\/les-formations-de-liut-de-saint-die-des-vosges-presentees-en-direct-sur-youtube\/#primaryimage"},"thumbnailUrl":"https:\/\/vosgesinfo.fr\/app\/uploads\/sites\/4\/2024\/02\/live-presentation-iut-sddv.jpg","datePublished":"2024-02-19T12:31:55+00:00","dateModified":"2024-02-19T12:31:55+00:00","breadcrumb":{"@id":"https:\/\/vosgesinfo.fr\/saintdieinfo\/2024\/02\/les-formations-de-liut-de-saint-die-des-vosges-presentees-en-direct-sur-youtube\/#breadcrumb"},"inLanguage":"fr-FR","potentialAction":[{"@type":"ReadAction","target":["https:\/\/vosgesinfo.fr\/saintdieinfo\/2024\/02\/les-formations-de-liut-de-saint-die-des-vosges-presentees-en-direct-sur-youtube\/"]}]},{"@type":"ImageObject","inLanguage":"fr-FR","@id":"https:\/\/vosgesinfo.fr\/saintdieinfo\/2024\/02\/les-formations-de-liut-de-saint-die-des-vosges-presentees-en-direct-sur-youtube\/#primaryimage","url":"https:\/\/vosgesinfo.fr\/app\/uploads\/sites\/4\/2024\/02\/live-presentation-iut-sddv.jpg","contentUrl":"https:\/\/vosgesinfo.fr\/app\/uploads\/sites\/4\/2024\/02\/live-presentation-iut-sddv.jpg","width":700,"height":470},{"@type":"BreadcrumbList","@id":"https:\/\/vosgesinfo.fr\/saintdieinfo\/2024\/02\/les-formations-de-liut-de-saint-die-des-vosges-presentees-en-direct-sur-youtube\/#breadcrumb","itemListElement":[{"@type":"ListItem","position":1,"name":"Home","item":"https:\/\/vosgesinfo.fr\/saintdieinfo\/"},{"@type":"ListItem","position":2,"name":"Les formations de l&rsquo;IUT de Saint-Di\u00e9-des-Vosges pr\u00e9sent\u00e9es en direct sur YouTube"}]},{"@type":"WebSite","@id":"https:\/\/vosgesinfo.fr\/saintdieinfo\/#website","url":"https:\/\/vosgesinfo.fr\/saintdieinfo\/","name":"Saint Die Info","description":"Toute l&#039;actualit\u00e9 de Saint-Di\u00e9-Des-Vosges","publisher":{"@id":"https:\/\/vosgesinfo.fr\/saintdieinfo\/#organization"},"alternateName":"Toute l'actualit\u00e9 de Saint-Di\u00e9-Des-Vosges","potentialAction":[{"@type":"SearchAction","target":{"@type":"EntryPoint","urlTemplate":"https:\/\/vosgesinfo.fr\/saintdieinfo\/?s={search_term_string}"},"query-input":"required name=search_term_string"}],"inLanguage":"fr-FR"},{"@type":"Organization","@id":"https:\/\/vosgesinfo.fr\/saintdieinfo\/#organization","name":"Saint Die Info","url":"https:\/\/vosgesinfo.fr\/saintdieinfo\/","logo":{"@type":"ImageObject","inLanguage":"fr-FR","@id":"https:\/\/vosgesinfo.fr\/saintdieinfo\/#\/schema\/logo\/image\/","url":"https:\/\/vosgesinfo.fr\/app\/uploads\/sites\/4\/2024\/02\/logo-sdi.jpg","contentUrl":"https:\/\/vosgesinfo.fr\/app\/uploads\/sites\/4\/2024\/02\/logo-sdi.jpg","width":600,"height":600,"caption":"Saint Die Info"},"image":{"@id":"https:\/\/vosgesinfo.fr\/saintdieinfo\/#\/schema\/logo\/image\/"},"sameAs":["https:\/\/www.facebook.com\/Saintdieinfofr","https:\/\/x.com\/VosgesInfo88","https:\/\/www.youtube.com\/@vosgesinfo"]},{"@type":"Person","@id":"https:\/\/vosgesinfo.fr\/saintdieinfo\/#\/schema\/person\/fa73e9f726d67bb88f46d5b7943cb572","name":"J.J.","image":{"@type":"ImageObject","inLanguage":"fr-FR","@id":"https:\/\/vosgesinfo.fr\/saintdieinfo\/#\/schema\/person\/image\/","url":"https:\/\/secure.gravatar.com\/avatar\/219e749e47ffbcca018a360ae4add7d4cdf1cdaaf8bc7676b27efade3fe65615?s=96&d=mm&r=g","contentUrl":"https:\/\/secure.gravatar.com\/avatar\/219e749e47ffbcca018a360ae4add7d4cdf1cdaaf8bc7676b27efade3fe65615?s=96&d=mm&r=g","caption":"J.J."},"url":"https:\/\/vosgesinfo.fr\/saintdieinfo\/author\/j-j\/"}]}},"_links":{"self":[{"href":"https:\/\/vosgesinfo.fr\/saintdieinfo\/wp-json\/wp\/v2\/posts\/25026","targetHints":{"allow":["GET"]}}],"collection":[{"href":"https:\/\/vosgesinfo.fr\/saintdieinfo\/wp-json\/wp\/v2\/posts"}],"about":[{"href":"https:\/\/vosgesinfo.fr\/saintdieinfo\/wp-json\/wp\/v2\/types\/post"}],"author":[{"embeddable":true,"href":"https:\/\/vosgesinfo.fr\/saintdieinfo\/wp-json\/wp\/v2\/users\/46"}],"replies":[{"embeddable":true,"href":"https:\/\/vosgesinfo.fr\/saintdieinfo\/wp-json\/wp\/v2\/comments?post=25026"}],"version-history":[{"count":2,"href":"https:\/\/vosgesinfo.fr\/saintdieinfo\/wp-json\/wp\/v2\/posts\/25026\/revisions"}],"predecessor-version":[{"id":25029,"href":"https:\/\/vosgesinfo.fr\/saintdieinfo\/wp-json\/wp\/v2\/posts\/25026\/revisions\/25029"}],"wp:featuredmedia":[{"embeddable":true,"href":"https:\/\/vosgesinfo.fr\/saintdieinfo\/wp-json\/wp\/v2\/media\/25027"}],"wp:attachment":[{"href":"https:\/\/vosgesinfo.fr\/saintdieinfo\/wp-json\/wp\/v2\/media?parent=25026"}],"wp:term":[{"taxonomy":"category","embeddable":true,"href":"https:\/\/vosgesinfo.fr\/saintdieinfo\/wp-json\/wp\/v2\/categories?post=25026"},{"taxonomy":"post_tag","embeddable":true,"href":"https:\/\/vosgesinfo.fr\/saintdieinfo\/wp-json\/wp\/v2\/tags?post=25026"}],"curies":[{"name":"wp","href":"https:\/\/api.w.org\/{rel}","templated":true}]}}