{"id":25030,"date":"2024-02-19T14:09:36","date_gmt":"2024-02-19T13:09:36","guid":{"rendered":"https:\/\/vosgesinfo.fr\/saintdieinfo\/?p=25030"},"modified":"2024-02-19T14:12:07","modified_gmt":"2024-02-19T13:12:07","slug":"lassociation-il-est-encore-temps-en-deodatie-participe-a-laction-nationale-ripost","status":"publish","type":"post","link":"https:\/\/vosgesinfo.fr\/saintdieinfo\/2024\/02\/lassociation-il-est-encore-temps-en-deodatie-participe-a-laction-nationale-ripost\/","title":{"rendered":"L&rsquo;association \u00ab\u00a0Il est encore temps en D\u00e9odatie\u00a0\u00bb participe \u00e0 l&rsquo;action nationale \u00ab\u00a0Ripost\u00a0\u00bb"},"content":{"rendered":"<div id=\"attachment_25032\" style=\"width: 586px\" class=\"wp-caption alignnone\"><img decoding=\"async\" aria-describedby=\"caption-attachment-25032\" class=\"wp-image-25032 size-large\" src=\"https:\/\/vosgesinfo.fr\/app\/uploads\/sites\/4\/2024\/02\/action-ripost-il-est-encore-temps-en-deodatie-1-576x1024.jpg\" alt=\"\" width=\"576\" height=\"1024\" srcset=\"https:\/\/vosgesinfo.fr\/app\/uploads\/sites\/4\/2024\/02\/action-ripost-il-est-encore-temps-en-deodatie-1-576x1024.jpg 576w, https:\/\/vosgesinfo.fr\/app\/uploads\/sites\/4\/2024\/02\/action-ripost-il-est-encore-temps-en-deodatie-1-169x300.jpg 169w, https:\/\/vosgesinfo.fr\/app\/uploads\/sites\/4\/2024\/02\/action-ripost-il-est-encore-temps-en-deodatie-1-768x1366.jpg 768w, https:\/\/vosgesinfo.fr\/app\/uploads\/sites\/4\/2024\/02\/action-ripost-il-est-encore-temps-en-deodatie-1-864x1536.jpg 864w, https:\/\/vosgesinfo.fr\/app\/uploads\/sites\/4\/2024\/02\/action-ripost-il-est-encore-temps-en-deodatie-1.jpg 899w\" sizes=\"(max-width: 576px) 100vw, 576px\" \/><p id=\"caption-attachment-25032\" class=\"wp-caption-text\">(Photographies \u00ab\u00a0Il est encore temps en D\u00e9odatie\u00a0\u00bb)<\/p><\/div>\n<h2>L&rsquo;association \u00ab\u00a0Il est encore temps en D\u00e9odatie\u00a0\u00bb a soutenu et particip\u00e9 \u00e0 l&rsquo;action \u00ab\u00a0Ripost\u00a0\u00bb. Cette action nationale consiste \u00e0 distribuer, dans les bo\u00eetes aux lettres, de la lettre que la militante \u00e9cologiste Camille Etienne a \u00e9crit \u00e0 sa grand m\u00e8re dans le court-m\u00e9trage \u00ab\u00a0G\u00e9n\u00e9ration\u00a0\u00bb.<\/h2>\n<p><!--more--><\/p>\n<p>Concr\u00e8tement, \u00ab Il est encore temps en D\u00e9odatie \u00bb a financ\u00e9 l&rsquo;impression de 200 lettres et aid\u00e9 \u00e0 leur distribution. Deux jeunes membres de l&rsquo;association ayant souhait\u00e9 distribuer ce courrier dans les bo\u00eetes aux lettres de Saint-Di\u00e9-des-Vosges. La lettre, qui d\u00e9bute par \u00ab Ch\u00e8re g\u00e9n\u00e9ration d&rsquo;avant \u00bb et qui vise \u00e0 sensibiliser \u00e0 l&rsquo;urgence climatique \u00e0 travers un message d&rsquo;espoir, <a href=\"https:\/\/c901c4f5-2200-47f1-8123-b5deaacafc30.filesusr.com\/ugd\/3207cb_d4bbdcce34514d08bdf5a75046abb06d.pdf\" target=\"_blank\" rel=\"noopener\">est consultable en cliquant ici.<\/a><\/p>\n<p>J.J.<\/p>\n<p><img decoding=\"async\" class=\"alignnone size-large wp-image-25034\" src=\"https:\/\/vosgesinfo.fr\/app\/uploads\/sites\/4\/2024\/02\/action-ripost-il-est-encore-temps-en-deodatie-3-576x1024.jpg\" alt=\"\" width=\"576\" height=\"1024\" srcset=\"https:\/\/vosgesinfo.fr\/app\/uploads\/sites\/4\/2024\/02\/action-ripost-il-est-encore-temps-en-deodatie-3-576x1024.jpg 576w, https:\/\/vosgesinfo.fr\/app\/uploads\/sites\/4\/2024\/02\/action-ripost-il-est-encore-temps-en-deodatie-3-169x300.jpg 169w, https:\/\/vosgesinfo.fr\/app\/uploads\/sites\/4\/2024\/02\/action-ripost-il-est-encore-temps-en-deodatie-3-768x1366.jpg 768w, https:\/\/vosgesinfo.fr\/app\/uploads\/sites\/4\/2024\/02\/action-ripost-il-est-encore-temps-en-deodatie-3-864x1536.jpg 864w, https:\/\/vosgesinfo.fr\/app\/uploads\/sites\/4\/2024\/02\/action-ripost-il-est-encore-temps-en-deodatie-3.jpg 899w\" sizes=\"(max-width: 576px) 100vw, 576px\" \/><\/p>\n<p><img decoding=\"async\" class=\"alignnone size-large wp-image-25033\" src=\"https:\/\/vosgesinfo.fr\/app\/uploads\/sites\/4\/2024\/02\/action-ripost-il-est-encore-temps-en-deodatie-2-576x1024.jpg\" alt=\"\" width=\"576\" height=\"1024\" srcset=\"https:\/\/vosgesinfo.fr\/app\/uploads\/sites\/4\/2024\/02\/action-ripost-il-est-encore-temps-en-deodatie-2-576x1024.jpg 576w, https:\/\/vosgesinfo.fr\/app\/uploads\/sites\/4\/2024\/02\/action-ripost-il-est-encore-temps-en-deodatie-2-169x300.jpg 169w, https:\/\/vosgesinfo.fr\/app\/uploads\/sites\/4\/2024\/02\/action-ripost-il-est-encore-temps-en-deodatie-2-768x1366.jpg 768w, https:\/\/vosgesinfo.fr\/app\/uploads\/sites\/4\/2024\/02\/action-ripost-il-est-encore-temps-en-deodatie-2-864x1536.jpg 864w, https:\/\/vosgesinfo.fr\/app\/uploads\/sites\/4\/2024\/02\/action-ripost-il-est-encore-temps-en-deodatie-2.jpg 899w\" sizes=\"(max-width: 576px) 100vw, 576px\" \/><\/p>\n","protected":false},"excerpt":{"rendered":"<p>L&rsquo;association \u00ab\u00a0Il est encore temps en D\u00e9odatie\u00a0\u00bb a soutenu et particip\u00e9 \u00e0 l&rsquo;action \u00ab\u00a0Ripost\u00a0\u00bb. Cette action nationale consiste \u00e0 distribuer, [&hellip;]<\/p>\n","protected":false},"author":46,"featured_media":25032,"comment_status":"open","ping_status":"open","sticky":false,"template":"","format":"standard","meta":{"footnotes":""},"categories":[460,167,17],"tags":[4066,3200,4065,4067],"class_list":["post-25030","post","type-post","status-publish","format-standard","has-post-thumbnail","hentry","category-a-la-une","category-saint-die-des-vosges","category-vie-associative","tag-camille-etienne","tag-il-est-encore-temps-en-deodatie","tag-ripost","tag-urgence-climatique"],"acf":[],"yoast_head":"<!-- This site is optimized with the Yoast SEO plugin v22.5 - https:\/\/yoast.com\/wordpress\/plugins\/seo\/ -->\n<title>L&#039;association \u00ab\u00a0Il est encore temps en D\u00e9odatie\u00a0\u00bb participe \u00e0 l&#039;action nationale \u00ab\u00a0Ripost\u00a0\u00bb - Saint Die Info<\/title>\n<meta name=\"robots\" content=\"index, follow, max-snippet:-1, max-image-preview:large, max-video-preview:-1\" \/>\n<link rel=\"canonical\" href=\"https:\/\/vosgesinfo.fr\/saintdieinfo\/2024\/02\/lassociation-il-est-encore-temps-en-deodatie-participe-a-laction-nationale-ripost\/\" \/>\n<meta name=\"twitter:card\" content=\"summary_large_image\" \/>\n<meta name=\"twitter:title\" content=\"L&#039;association \u00ab\u00a0Il est encore temps en D\u00e9odatie\u00a0\u00bb participe \u00e0 l&#039;action nationale \u00ab\u00a0Ripost\u00a0\u00bb - Saint Die Info\" \/>\n<meta name=\"twitter:description\" content=\"L&rsquo;association \u00ab\u00a0Il est encore temps en D\u00e9odatie\u00a0\u00bb a soutenu et particip\u00e9 \u00e0 l&rsquo;action \u00ab\u00a0Ripost\u00a0\u00bb. Cette action nationale consiste \u00e0 distribuer, [&hellip;]\" \/>\n<meta name=\"twitter:image\" content=\"https:\/\/vosgesinfo.fr\/app\/uploads\/sites\/4\/2024\/02\/action-ripost-il-est-encore-temps-en-deodatie-1.jpg\" \/>\n<meta name=\"twitter:creator\" content=\"@VosgesInfo88\" \/>\n<meta name=\"twitter:site\" content=\"@VosgesInfo88\" \/>\n<meta name=\"twitter:label1\" content=\"\u00c9crit par\" \/>\n\t<meta name=\"twitter:data1\" content=\"J.J.\" \/>\n\t<meta name=\"twitter:label2\" content=\"Dur\u00e9e de lecture estim\u00e9e\" \/>\n\t<meta name=\"twitter:data2\" content=\"1 minute\" \/>\n<script type=\"application\/ld+json\" class=\"yoast-schema-graph\">{\"@context\":\"https:\/\/schema.org\",\"@graph\":[{\"@type\":\"Article\",\"@id\":\"https:\/\/vosgesinfo.fr\/saintdieinfo\/2024\/02\/lassociation-il-est-encore-temps-en-deodatie-participe-a-laction-nationale-ripost\/#article\",\"isPartOf\":{\"@id\":\"https:\/\/vosgesinfo.fr\/saintdieinfo\/2024\/02\/lassociation-il-est-encore-temps-en-deodatie-participe-a-laction-nationale-ripost\/\"},\"author\":{\"name\":\"J.J.\",\"@id\":\"https:\/\/vosgesinfo.fr\/saintdieinfo\/#\/schema\/person\/fa73e9f726d67bb88f46d5b7943cb572\"},\"headline\":\"L&rsquo;association \u00ab\u00a0Il est encore temps en D\u00e9odatie\u00a0\u00bb participe \u00e0 l&rsquo;action nationale \u00ab\u00a0Ripost\u00a0\u00bb\",\"datePublished\":\"2024-02-19T13:09:36+00:00\",\"dateModified\":\"2024-02-19T13:12:07+00:00\",\"mainEntityOfPage\":{\"@id\":\"https:\/\/vosgesinfo.fr\/saintdieinfo\/2024\/02\/lassociation-il-est-encore-temps-en-deodatie-participe-a-laction-nationale-ripost\/\"},\"wordCount\":149,\"commentCount\":1,\"publisher\":{\"@id\":\"https:\/\/vosgesinfo.fr\/saintdieinfo\/#organization\"},\"image\":{\"@id\":\"https:\/\/vosgesinfo.fr\/saintdieinfo\/2024\/02\/lassociation-il-est-encore-temps-en-deodatie-participe-a-laction-nationale-ripost\/#primaryimage\"},\"thumbnailUrl\":\"https:\/\/vosgesinfo.fr\/app\/uploads\/sites\/4\/2024\/02\/action-ripost-il-est-encore-temps-en-deodatie-1.jpg\",\"keywords\":[\"Camille Etienne\",\"Il est encore temps en D\u00e9odatie\",\"Ripost\",\"Urgence climatique\"],\"articleSection\":[\"A la Une\",\"Saint-Di\u00e9-des-Vosges\",\"Vie Associative\"],\"inLanguage\":\"fr-FR\",\"potentialAction\":[{\"@type\":\"CommentAction\",\"name\":\"Comment\",\"target\":[\"https:\/\/vosgesinfo.fr\/saintdieinfo\/2024\/02\/lassociation-il-est-encore-temps-en-deodatie-participe-a-laction-nationale-ripost\/#respond\"]}]},{\"@type\":\"WebPage\",\"@id\":\"https:\/\/vosgesinfo.fr\/saintdieinfo\/2024\/02\/lassociation-il-est-encore-temps-en-deodatie-participe-a-laction-nationale-ripost\/\",\"url\":\"https:\/\/vosgesinfo.fr\/saintdieinfo\/2024\/02\/lassociation-il-est-encore-temps-en-deodatie-participe-a-laction-nationale-ripost\/\",\"name\":\"L'association \u00ab\u00a0Il est encore temps en D\u00e9odatie\u00a0\u00bb participe \u00e0 l'action nationale \u00ab\u00a0Ripost\u00a0\u00bb - Saint Die Info\",\"isPartOf\":{\"@id\":\"https:\/\/vosgesinfo.fr\/saintdieinfo\/#website\"},\"primaryImageOfPage\":{\"@id\":\"https:\/\/vosgesinfo.fr\/saintdieinfo\/2024\/02\/lassociation-il-est-encore-temps-en-deodatie-participe-a-laction-nationale-ripost\/#primaryimage\"},\"image\":{\"@id\":\"https:\/\/vosgesinfo.fr\/saintdieinfo\/2024\/02\/lassociation-il-est-encore-temps-en-deodatie-participe-a-laction-nationale-ripost\/#primaryimage\"},\"thumbnailUrl\":\"https:\/\/vosgesinfo.fr\/app\/uploads\/sites\/4\/2024\/02\/action-ripost-il-est-encore-temps-en-deodatie-1.jpg\",\"datePublished\":\"2024-02-19T13:09:36+00:00\",\"dateModified\":\"2024-02-19T13:12:07+00:00\",\"breadcrumb\":{\"@id\":\"https:\/\/vosgesinfo.fr\/saintdieinfo\/2024\/02\/lassociation-il-est-encore-temps-en-deodatie-participe-a-laction-nationale-ripost\/#breadcrumb\"},\"inLanguage\":\"fr-FR\",\"potentialAction\":[{\"@type\":\"ReadAction\",\"target\":[\"https:\/\/vosgesinfo.fr\/saintdieinfo\/2024\/02\/lassociation-il-est-encore-temps-en-deodatie-participe-a-laction-nationale-ripost\/\"]}]},{\"@type\":\"ImageObject\",\"inLanguage\":\"fr-FR\",\"@id\":\"https:\/\/vosgesinfo.fr\/saintdieinfo\/2024\/02\/lassociation-il-est-encore-temps-en-deodatie-participe-a-laction-nationale-ripost\/#primaryimage\",\"url\":\"https:\/\/vosgesinfo.fr\/app\/uploads\/sites\/4\/2024\/02\/action-ripost-il-est-encore-temps-en-deodatie-1.jpg\",\"contentUrl\":\"https:\/\/vosgesinfo.fr\/app\/uploads\/sites\/4\/2024\/02\/action-ripost-il-est-encore-temps-en-deodatie-1.jpg\",\"width\":899,\"height\":1599},{\"@type\":\"BreadcrumbList\",\"@id\":\"https:\/\/vosgesinfo.fr\/saintdieinfo\/2024\/02\/lassociation-il-est-encore-temps-en-deodatie-participe-a-laction-nationale-ripost\/#breadcrumb\",\"itemListElement\":[{\"@type\":\"ListItem\",\"position\":1,\"name\":\"Home\",\"item\":\"https:\/\/vosgesinfo.fr\/saintdieinfo\/\"},{\"@type\":\"ListItem\",\"position\":2,\"name\":\"L&rsquo;association \u00ab\u00a0Il est encore temps en D\u00e9odatie\u00a0\u00bb participe \u00e0 l&rsquo;action nationale \u00ab\u00a0Ripost\u00a0\u00bb\"}]},{\"@type\":\"WebSite\",\"@id\":\"https:\/\/vosgesinfo.fr\/saintdieinfo\/#website\",\"url\":\"https:\/\/vosgesinfo.fr\/saintdieinfo\/\",\"name\":\"Saint Die Info\",\"description\":\"Toute l&#039;actualit\u00e9 de Saint-Di\u00e9-Des-Vosges\",\"publisher\":{\"@id\":\"https:\/\/vosgesinfo.fr\/saintdieinfo\/#organization\"},\"alternateName\":\"Toute l'actualit\u00e9 de Saint-Di\u00e9-Des-Vosges\",\"potentialAction\":[{\"@type\":\"SearchAction\",\"target\":{\"@type\":\"EntryPoint\",\"urlTemplate\":\"https:\/\/vosgesinfo.fr\/saintdieinfo\/?s={search_term_string}\"},\"query-input\":\"required name=search_term_string\"}],\"inLanguage\":\"fr-FR\"},{\"@type\":\"Organization\",\"@id\":\"https:\/\/vosgesinfo.fr\/saintdieinfo\/#organization\",\"name\":\"Saint Die Info\",\"url\":\"https:\/\/vosgesinfo.fr\/saintdieinfo\/\",\"logo\":{\"@type\":\"ImageObject\",\"inLanguage\":\"fr-FR\",\"@id\":\"https:\/\/vosgesinfo.fr\/saintdieinfo\/#\/schema\/logo\/image\/\",\"url\":\"https:\/\/vosgesinfo.fr\/app\/uploads\/sites\/4\/2024\/02\/logo-sdi.jpg\",\"contentUrl\":\"https:\/\/vosgesinfo.fr\/app\/uploads\/sites\/4\/2024\/02\/logo-sdi.jpg\",\"width\":600,\"height\":600,\"caption\":\"Saint Die Info\"},\"image\":{\"@id\":\"https:\/\/vosgesinfo.fr\/saintdieinfo\/#\/schema\/logo\/image\/\"},\"sameAs\":[\"https:\/\/www.facebook.com\/Saintdieinfofr\",\"https:\/\/x.com\/VosgesInfo88\",\"https:\/\/www.youtube.com\/@vosgesinfo\"]},{\"@type\":\"Person\",\"@id\":\"https:\/\/vosgesinfo.fr\/saintdieinfo\/#\/schema\/person\/fa73e9f726d67bb88f46d5b7943cb572\",\"name\":\"J.J.\",\"image\":{\"@type\":\"ImageObject\",\"inLanguage\":\"fr-FR\",\"@id\":\"https:\/\/vosgesinfo.fr\/saintdieinfo\/#\/schema\/person\/image\/\",\"url\":\"https:\/\/secure.gravatar.com\/avatar\/219e749e47ffbcca018a360ae4add7d4cdf1cdaaf8bc7676b27efade3fe65615?s=96&d=mm&r=g\",\"contentUrl\":\"https:\/\/secure.gravatar.com\/avatar\/219e749e47ffbcca018a360ae4add7d4cdf1cdaaf8bc7676b27efade3fe65615?s=96&d=mm&r=g\",\"caption\":\"J.J.\"},\"url\":\"https:\/\/vosgesinfo.fr\/saintdieinfo\/author\/j-j\/\"}]}<\/script>\n<!-- \/ Yoast SEO plugin. -->","yoast_head_json":{"title":"L'association \u00ab\u00a0Il est encore temps en D\u00e9odatie\u00a0\u00bb participe \u00e0 l'action nationale \u00ab\u00a0Ripost\u00a0\u00bb - Saint Die Info","robots":{"index":"index","follow":"follow","max-snippet":"max-snippet:-1","max-image-preview":"max-image-preview:large","max-video-preview":"max-video-preview:-1"},"canonical":"https:\/\/vosgesinfo.fr\/saintdieinfo\/2024\/02\/lassociation-il-est-encore-temps-en-deodatie-participe-a-laction-nationale-ripost\/","twitter_card":"summary_large_image","twitter_title":"L'association \u00ab\u00a0Il est encore temps en D\u00e9odatie\u00a0\u00bb participe \u00e0 l'action nationale \u00ab\u00a0Ripost\u00a0\u00bb - Saint Die Info","twitter_description":"L&rsquo;association \u00ab\u00a0Il est encore temps en D\u00e9odatie\u00a0\u00bb a soutenu et particip\u00e9 \u00e0 l&rsquo;action \u00ab\u00a0Ripost\u00a0\u00bb. Cette action nationale consiste \u00e0 distribuer, [&hellip;]","twitter_image":"https:\/\/vosgesinfo.fr\/app\/uploads\/sites\/4\/2024\/02\/action-ripost-il-est-encore-temps-en-deodatie-1.jpg","twitter_creator":"@VosgesInfo88","twitter_site":"@VosgesInfo88","twitter_misc":{"\u00c9crit par":"J.J.","Dur\u00e9e de lecture estim\u00e9e":"1 minute"},"schema":{"@context":"https:\/\/schema.org","@graph":[{"@type":"Article","@id":"https:\/\/vosgesinfo.fr\/saintdieinfo\/2024\/02\/lassociation-il-est-encore-temps-en-deodatie-participe-a-laction-nationale-ripost\/#article","isPartOf":{"@id":"https:\/\/vosgesinfo.fr\/saintdieinfo\/2024\/02\/lassociation-il-est-encore-temps-en-deodatie-participe-a-laction-nationale-ripost\/"},"author":{"name":"J.J.","@id":"https:\/\/vosgesinfo.fr\/saintdieinfo\/#\/schema\/person\/fa73e9f726d67bb88f46d5b7943cb572"},"headline":"L&rsquo;association \u00ab\u00a0Il est encore temps en D\u00e9odatie\u00a0\u00bb participe \u00e0 l&rsquo;action nationale \u00ab\u00a0Ripost\u00a0\u00bb","datePublished":"2024-02-19T13:09:36+00:00","dateModified":"2024-02-19T13:12:07+00:00","mainEntityOfPage":{"@id":"https:\/\/vosgesinfo.fr\/saintdieinfo\/2024\/02\/lassociation-il-est-encore-temps-en-deodatie-participe-a-laction-nationale-ripost\/"},"wordCount":149,"commentCount":1,"publisher":{"@id":"https:\/\/vosgesinfo.fr\/saintdieinfo\/#organization"},"image":{"@id":"https:\/\/vosgesinfo.fr\/saintdieinfo\/2024\/02\/lassociation-il-est-encore-temps-en-deodatie-participe-a-laction-nationale-ripost\/#primaryimage"},"thumbnailUrl":"https:\/\/vosgesinfo.fr\/app\/uploads\/sites\/4\/2024\/02\/action-ripost-il-est-encore-temps-en-deodatie-1.jpg","keywords":["Camille Etienne","Il est encore temps en D\u00e9odatie","Ripost","Urgence climatique"],"articleSection":["A la Une","Saint-Di\u00e9-des-Vosges","Vie Associative"],"inLanguage":"fr-FR","potentialAction":[{"@type":"CommentAction","name":"Comment","target":["https:\/\/vosgesinfo.fr\/saintdieinfo\/2024\/02\/lassociation-il-est-encore-temps-en-deodatie-participe-a-laction-nationale-ripost\/#respond"]}]},{"@type":"WebPage","@id":"https:\/\/vosgesinfo.fr\/saintdieinfo\/2024\/02\/lassociation-il-est-encore-temps-en-deodatie-participe-a-laction-nationale-ripost\/","url":"https:\/\/vosgesinfo.fr\/saintdieinfo\/2024\/02\/lassociation-il-est-encore-temps-en-deodatie-participe-a-laction-nationale-ripost\/","name":"L'association \u00ab\u00a0Il est encore temps en D\u00e9odatie\u00a0\u00bb participe \u00e0 l'action nationale \u00ab\u00a0Ripost\u00a0\u00bb - Saint Die Info","isPartOf":{"@id":"https:\/\/vosgesinfo.fr\/saintdieinfo\/#website"},"primaryImageOfPage":{"@id":"https:\/\/vosgesinfo.fr\/saintdieinfo\/2024\/02\/lassociation-il-est-encore-temps-en-deodatie-participe-a-laction-nationale-ripost\/#primaryimage"},"image":{"@id":"https:\/\/vosgesinfo.fr\/saintdieinfo\/2024\/02\/lassociation-il-est-encore-temps-en-deodatie-participe-a-laction-nationale-ripost\/#primaryimage"},"thumbnailUrl":"https:\/\/vosgesinfo.fr\/app\/uploads\/sites\/4\/2024\/02\/action-ripost-il-est-encore-temps-en-deodatie-1.jpg","datePublished":"2024-02-19T13:09:36+00:00","dateModified":"2024-02-19T13:12:07+00:00","breadcrumb":{"@id":"https:\/\/vosgesinfo.fr\/saintdieinfo\/2024\/02\/lassociation-il-est-encore-temps-en-deodatie-participe-a-laction-nationale-ripost\/#breadcrumb"},"inLanguage":"fr-FR","potentialAction":[{"@type":"ReadAction","target":["https:\/\/vosgesinfo.fr\/saintdieinfo\/2024\/02\/lassociation-il-est-encore-temps-en-deodatie-participe-a-laction-nationale-ripost\/"]}]},{"@type":"ImageObject","inLanguage":"fr-FR","@id":"https:\/\/vosgesinfo.fr\/saintdieinfo\/2024\/02\/lassociation-il-est-encore-temps-en-deodatie-participe-a-laction-nationale-ripost\/#primaryimage","url":"https:\/\/vosgesinfo.fr\/app\/uploads\/sites\/4\/2024\/02\/action-ripost-il-est-encore-temps-en-deodatie-1.jpg","contentUrl":"https:\/\/vosgesinfo.fr\/app\/uploads\/sites\/4\/2024\/02\/action-ripost-il-est-encore-temps-en-deodatie-1.jpg","width":899,"height":1599},{"@type":"BreadcrumbList","@id":"https:\/\/vosgesinfo.fr\/saintdieinfo\/2024\/02\/lassociation-il-est-encore-temps-en-deodatie-participe-a-laction-nationale-ripost\/#breadcrumb","itemListElement":[{"@type":"ListItem","position":1,"name":"Home","item":"https:\/\/vosgesinfo.fr\/saintdieinfo\/"},{"@type":"ListItem","position":2,"name":"L&rsquo;association \u00ab\u00a0Il est encore temps en D\u00e9odatie\u00a0\u00bb participe \u00e0 l&rsquo;action nationale \u00ab\u00a0Ripost\u00a0\u00bb"}]},{"@type":"WebSite","@id":"https:\/\/vosgesinfo.fr\/saintdieinfo\/#website","url":"https:\/\/vosgesinfo.fr\/saintdieinfo\/","name":"Saint Die Info","description":"Toute l&#039;actualit\u00e9 de Saint-Di\u00e9-Des-Vosges","publisher":{"@id":"https:\/\/vosgesinfo.fr\/saintdieinfo\/#organization"},"alternateName":"Toute l'actualit\u00e9 de Saint-Di\u00e9-Des-Vosges","potentialAction":[{"@type":"SearchAction","target":{"@type":"EntryPoint","urlTemplate":"https:\/\/vosgesinfo.fr\/saintdieinfo\/?s={search_term_string}"},"query-input":"required name=search_term_string"}],"inLanguage":"fr-FR"},{"@type":"Organization","@id":"https:\/\/vosgesinfo.fr\/saintdieinfo\/#organization","name":"Saint Die Info","url":"https:\/\/vosgesinfo.fr\/saintdieinfo\/","logo":{"@type":"ImageObject","inLanguage":"fr-FR","@id":"https:\/\/vosgesinfo.fr\/saintdieinfo\/#\/schema\/logo\/image\/","url":"https:\/\/vosgesinfo.fr\/app\/uploads\/sites\/4\/2024\/02\/logo-sdi.jpg","contentUrl":"https:\/\/vosgesinfo.fr\/app\/uploads\/sites\/4\/2024\/02\/logo-sdi.jpg","width":600,"height":600,"caption":"Saint Die Info"},"image":{"@id":"https:\/\/vosgesinfo.fr\/saintdieinfo\/#\/schema\/logo\/image\/"},"sameAs":["https:\/\/www.facebook.com\/Saintdieinfofr","https:\/\/x.com\/VosgesInfo88","https:\/\/www.youtube.com\/@vosgesinfo"]},{"@type":"Person","@id":"https:\/\/vosgesinfo.fr\/saintdieinfo\/#\/schema\/person\/fa73e9f726d67bb88f46d5b7943cb572","name":"J.J.","image":{"@type":"ImageObject","inLanguage":"fr-FR","@id":"https:\/\/vosgesinfo.fr\/saintdieinfo\/#\/schema\/person\/image\/","url":"https:\/\/secure.gravatar.com\/avatar\/219e749e47ffbcca018a360ae4add7d4cdf1cdaaf8bc7676b27efade3fe65615?s=96&d=mm&r=g","contentUrl":"https:\/\/secure.gravatar.com\/avatar\/219e749e47ffbcca018a360ae4add7d4cdf1cdaaf8bc7676b27efade3fe65615?s=96&d=mm&r=g","caption":"J.J."},"url":"https:\/\/vosgesinfo.fr\/saintdieinfo\/author\/j-j\/"}]}},"_links":{"self":[{"href":"https:\/\/vosgesinfo.fr\/saintdieinfo\/wp-json\/wp\/v2\/posts\/25030","targetHints":{"allow":["GET"]}}],"collection":[{"href":"https:\/\/vosgesinfo.fr\/saintdieinfo\/wp-json\/wp\/v2\/posts"}],"about":[{"href":"https:\/\/vosgesinfo.fr\/saintdieinfo\/wp-json\/wp\/v2\/types\/post"}],"author":[{"embeddable":true,"href":"https:\/\/vosgesinfo.fr\/saintdieinfo\/wp-json\/wp\/v2\/users\/46"}],"replies":[{"embeddable":true,"href":"https:\/\/vosgesinfo.fr\/saintdieinfo\/wp-json\/wp\/v2\/comments?post=25030"}],"version-history":[{"count":4,"href":"https:\/\/vosgesinfo.fr\/saintdieinfo\/wp-json\/wp\/v2\/posts\/25030\/revisions"}],"predecessor-version":[{"id":25038,"href":"https:\/\/vosgesinfo.fr\/saintdieinfo\/wp-json\/wp\/v2\/posts\/25030\/revisions\/25038"}],"wp:featuredmedia":[{"embeddable":true,"href":"https:\/\/vosgesinfo.fr\/saintdieinfo\/wp-json\/wp\/v2\/media\/25032"}],"wp:attachment":[{"href":"https:\/\/vosgesinfo.fr\/saintdieinfo\/wp-json\/wp\/v2\/media?parent=25030"}],"wp:term":[{"taxonomy":"category","embeddable":true,"href":"https:\/\/vosgesinfo.fr\/saintdieinfo\/wp-json\/wp\/v2\/categories?post=25030"},{"taxonomy":"post_tag","embeddable":true,"href":"https:\/\/vosgesinfo.fr\/saintdieinfo\/wp-json\/wp\/v2\/tags?post=25030"}],"curies":[{"name":"wp","href":"https:\/\/api.w.org\/{rel}","templated":true}]}}