{"id":25061,"date":"2024-02-20T14:20:14","date_gmt":"2024-02-20T13:20:14","guid":{"rendered":"https:\/\/vosgesinfo.fr\/saintdieinfo\/?p=25061"},"modified":"2024-02-20T14:20:14","modified_gmt":"2024-02-20T13:20:14","slug":"jean-daniel-cossard-est-le-nouveau-directeur-de-la-pepiniere-dentreprises-de-saint-die-des-vosges","status":"publish","type":"post","link":"https:\/\/vosgesinfo.fr\/saintdieinfo\/2024\/02\/jean-daniel-cossard-est-le-nouveau-directeur-de-la-pepiniere-dentreprises-de-saint-die-des-vosges\/","title":{"rendered":"Jean-Daniel Cossard est le nouveau directeur de la p\u00e9pini\u00e8re d&rsquo;entreprises de Saint-Di\u00e9-des-Vosges"},"content":{"rendered":"<div id=\"attachment_25054\" style=\"width: 1034px\" class=\"wp-caption alignnone\"><img decoding=\"async\" aria-describedby=\"caption-attachment-25054\" class=\"wp-image-25054 size-large\" src=\"https:\/\/vosgesinfo.fr\/app\/uploads\/sites\/4\/2024\/02\/jean-daniel-cossard-nouveau-directeur-pepiniere-dentreprises-sddv-1024x768.jpg\" alt=\"\" width=\"1024\" height=\"768\" srcset=\"https:\/\/vosgesinfo.fr\/app\/uploads\/sites\/4\/2024\/02\/jean-daniel-cossard-nouveau-directeur-pepiniere-dentreprises-sddv-1024x768.jpg 1024w, https:\/\/vosgesinfo.fr\/app\/uploads\/sites\/4\/2024\/02\/jean-daniel-cossard-nouveau-directeur-pepiniere-dentreprises-sddv-300x225.jpg 300w, https:\/\/vosgesinfo.fr\/app\/uploads\/sites\/4\/2024\/02\/jean-daniel-cossard-nouveau-directeur-pepiniere-dentreprises-sddv-768x576.jpg 768w, https:\/\/vosgesinfo.fr\/app\/uploads\/sites\/4\/2024\/02\/jean-daniel-cossard-nouveau-directeur-pepiniere-dentreprises-sddv-1536x1152.jpg 1536w, https:\/\/vosgesinfo.fr\/app\/uploads\/sites\/4\/2024\/02\/jean-daniel-cossard-nouveau-directeur-pepiniere-dentreprises-sddv-2048x1536.jpg 2048w\" sizes=\"(max-width: 1024px) 100vw, 1024px\" \/><p id=\"caption-attachment-25054\" class=\"wp-caption-text\">Jean-Daniel Cossard est le nouveau directeur de la p\u00e9pini\u00e8re d&rsquo;entreprises de Saint-Di\u00e9-des-Vosges.<\/p><\/div>\n<h2>Jean-Daniel Cossard est le nouveau directeur de la P\u00e9pini\u00e8re d&rsquo;Entreprises de Saint-Di\u00e9-des-Vosges. Succ\u00e9dant \u00e0 Marc Duchet-Suchaux, parti \u00e0 la retraite, il compte poursuivre le travail men\u00e9 par ce dernier durant ses 10 ann\u00e9es de direction.<\/h2>\n<p><!--more--><\/p>\n<p>\u00c2g\u00e9 de 40 ans, Jean-Daniel Cossard est originaire d&rsquo;Etival-Clairefontaine. Son parcours professionnel a d\u00e9but\u00e9 \u00e0 la SNCF, o\u00f9 il a occup\u00e9 la poste de manager en R\u00e9gion Parisienne durant une dizaine d&rsquo;ann\u00e9es. \u00ab Apr\u00e8s mon Baccalaur\u00e9at, j&rsquo;ai suivi des \u00e9tudes intra-SNCF. Bien que je travaillais sur Paris, j&rsquo;habitais toujours pr\u00e8s de Saint-Di\u00e9-des-Vosges, je faisais l&rsquo;aller-retour en train. Car je suis rest\u00e9 attach\u00e9 au territoire o\u00f9 j&rsquo;ai grandi. En 2021, j&rsquo;ai cr\u00e9\u00e9 ma soci\u00e9t\u00e9 immobili\u00e8re en D\u00e9odatie. Je n&rsquo;avais personne pour m&rsquo;accompagner dans ce projet, donc je me suis tourn\u00e9 vers la p\u00e9pini\u00e8re d&rsquo;entreprises. L&rsquo;immobilier ne rentrait pas dans le champ de la p\u00e9pini\u00e8re, mais cela m&rsquo;a permis de la conna\u00eetre. C&rsquo;est en regardant les offres d&#8217;emploi, en 2023, que j&rsquo;ai saisi cette opportunit\u00e9. J&rsquo;ai postul\u00e9 au poste de directeur de la p\u00e9pini\u00e8re d&rsquo;entreprises en juin dernier, pour une prise de fonction \u00e0 la mi-novembre. \u00bb<\/p>\n<p>Jean-Daniel Cossard veut mettre un point d&rsquo;honneur \u00e0 \u00ab\u00a0aider au mieux les porteurs de projet\u00a0\u00bb, avec comme mots d&rsquo;ordre la continuit\u00e9, la disponibilit\u00e9 et la collaboration avec les diff\u00e9rents partenaires de la p\u00e9pini\u00e8re d&rsquo;entreprises. \u00ab\u00a0Il faut que l&rsquo;on travaille tous ensemble. Notre but \u00e0 nous est d&rsquo;aider les jeunes cr\u00e9ateurs d&rsquo;entreprises \u00e0 r\u00e9aliser leurs id\u00e9es, \u00e0 monter un projet s\u00e9rieux qui tient la route. Car il est tr\u00e8s important de ne pas se sentir seul lorsque l&rsquo;on cr\u00e9\u00e9 une entreprise.\u00a0\u00bb<\/p>\n<p>Le principal chantier actuel de la p\u00e9pini\u00e8re d&rsquo;entreprises est la concr\u00e9tisation de la \u00ab Manufacture \u00bb, un projet de tiers-lieu n\u00e9 des suites de l&rsquo;obtention du label national \u00ab Manufacture de proximit\u00e9 \u00bb, en septembre 2022. Comme l&rsquo;explique Jean-Daniel Cossard, \u00ab l&rsquo;objectif est de pouvoir d\u00e9velopper et proposer de la formation en collaboration avec les acteurs locaux, comme la Mission Locale ou France Travail. \u00bb. Ce projet de \u00ab Manufacture \u00bb s&rsquo;articule autour de la conception et la r\u00e9alisation de mobiliers et d&rsquo;objets en carton, fabriqu\u00e9s gr\u00e2ce \u00e0 la technologie Pack&amp;Strat du CIRTES. Un certain nombre de ces r\u00e9alisations seront notamment visibles lors du prochain \u00ab Un jardin dans ma ville \u00bb, auquel participera la p\u00e9pini\u00e8re d&rsquo;entreprises. Quand sera inaugur\u00e9e la \u00ab Manufacture \u00bb ? Jean-Daniel Cossard n&rsquo;est pas encore en mesure de r\u00e9pondre, car le projet n&rsquo;est pas encore finalis\u00e9 et il reste un travail important \u00e0 mener d&rsquo;ici l&rsquo;inauguration.<\/p>\n<p>Ouverte en 2012, la p\u00e9pini\u00e8re d&rsquo;entreprises de Saint-Di\u00e9-des-Vosges dispose de 15 bureaux et de 6 ateliers pour accueillir des occupants jeunes cr\u00e9ateurs, \u00e0 des tarifs avantageux via des baux pr\u00e9caires d&rsquo;une dur\u00e9e de 3 ans maximum. \u00ab Deux ateliers et 2 bureaux sont d&rsquo;ailleurs actuellement disponibles \u00bb souligne Jean-Daniel Cossard \u00e0 ce propos. Deux autres facettes de la p\u00e9pini\u00e8re d&rsquo;entreprises sont le <em>co-working<\/em> ainsi que l&rsquo;accompagnement des porteurs de projet, avec 50 rendez-vous effectu\u00e9s en 2023.<\/p>\n<p>J.J.<\/p>\n","protected":false},"excerpt":{"rendered":"<p>Jean-Daniel Cossard est le nouveau directeur de la P\u00e9pini\u00e8re d&rsquo;Entreprises de Saint-Di\u00e9-des-Vosges. Succ\u00e9dant \u00e0 Marc Duchet-Suchaux, parti \u00e0 la retraite, [&hellip;]<\/p>\n","protected":false},"author":46,"featured_media":25054,"comment_status":"open","ping_status":"open","sticky":false,"template":"","format":"standard","meta":{"footnotes":""},"categories":[460,5,2915,18],"tags":[4079,4078,4080],"class_list":["post-25061","post","type-post","status-publish","format-standard","has-post-thumbnail","hentry","category-a-la-une","category-economie","category-saint-die-son-canton","category-vosges","tag-directeur-de-la-pepiniere-dentreprises-de-saint-die-des-vosges","tag-jean-daniel-cossard","tag-pepiniere-dentreprises-de-saint-die-des-vosges"],"acf":[],"yoast_head":"<!-- This site is optimized with the Yoast SEO plugin v22.5 - https:\/\/yoast.com\/wordpress\/plugins\/seo\/ -->\n<title>Jean-Daniel Cossard est le nouveau directeur de la p\u00e9pini\u00e8re d&#039;entreprises de Saint-Di\u00e9-des-Vosges - Saint Die Info<\/title>\n<meta name=\"robots\" content=\"index, follow, max-snippet:-1, max-image-preview:large, max-video-preview:-1\" \/>\n<link rel=\"canonical\" href=\"https:\/\/vosgesinfo.fr\/saintdieinfo\/2024\/02\/jean-daniel-cossard-est-le-nouveau-directeur-de-la-pepiniere-dentreprises-de-saint-die-des-vosges\/\" \/>\n<meta name=\"twitter:card\" content=\"summary_large_image\" \/>\n<meta name=\"twitter:title\" content=\"Jean-Daniel Cossard est le nouveau directeur de la p\u00e9pini\u00e8re d&#039;entreprises de Saint-Di\u00e9-des-Vosges - Saint Die Info\" \/>\n<meta name=\"twitter:description\" content=\"Jean-Daniel Cossard est le nouveau directeur de la P\u00e9pini\u00e8re d&rsquo;Entreprises de Saint-Di\u00e9-des-Vosges. Succ\u00e9dant \u00e0 Marc Duchet-Suchaux, parti \u00e0 la retraite, [&hellip;]\" \/>\n<meta name=\"twitter:image\" content=\"https:\/\/vosgesinfo.fr\/app\/uploads\/sites\/4\/2024\/02\/jean-daniel-cossard-nouveau-directeur-pepiniere-dentreprises-sddv.jpg\" \/>\n<meta name=\"twitter:creator\" content=\"@VosgesInfo88\" \/>\n<meta name=\"twitter:site\" content=\"@VosgesInfo88\" \/>\n<meta name=\"twitter:label1\" content=\"\u00c9crit par\" \/>\n\t<meta name=\"twitter:data1\" content=\"J.J.\" \/>\n\t<meta name=\"twitter:label2\" content=\"Dur\u00e9e de lecture estim\u00e9e\" \/>\n\t<meta name=\"twitter:data2\" content=\"3 minutes\" \/>\n<script type=\"application\/ld+json\" class=\"yoast-schema-graph\">{\"@context\":\"https:\/\/schema.org\",\"@graph\":[{\"@type\":\"Article\",\"@id\":\"https:\/\/vosgesinfo.fr\/saintdieinfo\/2024\/02\/jean-daniel-cossard-est-le-nouveau-directeur-de-la-pepiniere-dentreprises-de-saint-die-des-vosges\/#article\",\"isPartOf\":{\"@id\":\"https:\/\/vosgesinfo.fr\/saintdieinfo\/2024\/02\/jean-daniel-cossard-est-le-nouveau-directeur-de-la-pepiniere-dentreprises-de-saint-die-des-vosges\/\"},\"author\":{\"name\":\"J.J.\",\"@id\":\"https:\/\/vosgesinfo.fr\/saintdieinfo\/#\/schema\/person\/fa73e9f726d67bb88f46d5b7943cb572\"},\"headline\":\"Jean-Daniel Cossard est le nouveau directeur de la p\u00e9pini\u00e8re d&rsquo;entreprises de Saint-Di\u00e9-des-Vosges\",\"datePublished\":\"2024-02-20T13:20:14+00:00\",\"dateModified\":\"2024-02-20T13:20:14+00:00\",\"mainEntityOfPage\":{\"@id\":\"https:\/\/vosgesinfo.fr\/saintdieinfo\/2024\/02\/jean-daniel-cossard-est-le-nouveau-directeur-de-la-pepiniere-dentreprises-de-saint-die-des-vosges\/\"},\"wordCount\":581,\"commentCount\":0,\"publisher\":{\"@id\":\"https:\/\/vosgesinfo.fr\/saintdieinfo\/#organization\"},\"image\":{\"@id\":\"https:\/\/vosgesinfo.fr\/saintdieinfo\/2024\/02\/jean-daniel-cossard-est-le-nouveau-directeur-de-la-pepiniere-dentreprises-de-saint-die-des-vosges\/#primaryimage\"},\"thumbnailUrl\":\"https:\/\/vosgesinfo.fr\/app\/uploads\/sites\/4\/2024\/02\/jean-daniel-cossard-nouveau-directeur-pepiniere-dentreprises-sddv.jpg\",\"keywords\":[\"Directeur de la p\u00e9pini\u00e8re d'entreprises de Saint-Di\u00e9-des-Vosges\",\"Jean-Daniel Cossard\",\"P\u00e9pini\u00e8re d'entreprises de Saint-Di\u00e9-des-Vosges\"],\"articleSection\":[\"A la Une\",\"\u00c9conomie\",\"Saint-Di\u00e9-des-Vosges et son Agglom\u00e9ration\",\"Vosges\"],\"inLanguage\":\"fr-FR\",\"potentialAction\":[{\"@type\":\"CommentAction\",\"name\":\"Comment\",\"target\":[\"https:\/\/vosgesinfo.fr\/saintdieinfo\/2024\/02\/jean-daniel-cossard-est-le-nouveau-directeur-de-la-pepiniere-dentreprises-de-saint-die-des-vosges\/#respond\"]}]},{\"@type\":\"WebPage\",\"@id\":\"https:\/\/vosgesinfo.fr\/saintdieinfo\/2024\/02\/jean-daniel-cossard-est-le-nouveau-directeur-de-la-pepiniere-dentreprises-de-saint-die-des-vosges\/\",\"url\":\"https:\/\/vosgesinfo.fr\/saintdieinfo\/2024\/02\/jean-daniel-cossard-est-le-nouveau-directeur-de-la-pepiniere-dentreprises-de-saint-die-des-vosges\/\",\"name\":\"Jean-Daniel Cossard est le nouveau directeur de la p\u00e9pini\u00e8re d'entreprises de Saint-Di\u00e9-des-Vosges - Saint Die Info\",\"isPartOf\":{\"@id\":\"https:\/\/vosgesinfo.fr\/saintdieinfo\/#website\"},\"primaryImageOfPage\":{\"@id\":\"https:\/\/vosgesinfo.fr\/saintdieinfo\/2024\/02\/jean-daniel-cossard-est-le-nouveau-directeur-de-la-pepiniere-dentreprises-de-saint-die-des-vosges\/#primaryimage\"},\"image\":{\"@id\":\"https:\/\/vosgesinfo.fr\/saintdieinfo\/2024\/02\/jean-daniel-cossard-est-le-nouveau-directeur-de-la-pepiniere-dentreprises-de-saint-die-des-vosges\/#primaryimage\"},\"thumbnailUrl\":\"https:\/\/vosgesinfo.fr\/app\/uploads\/sites\/4\/2024\/02\/jean-daniel-cossard-nouveau-directeur-pepiniere-dentreprises-sddv.jpg\",\"datePublished\":\"2024-02-20T13:20:14+00:00\",\"dateModified\":\"2024-02-20T13:20:14+00:00\",\"breadcrumb\":{\"@id\":\"https:\/\/vosgesinfo.fr\/saintdieinfo\/2024\/02\/jean-daniel-cossard-est-le-nouveau-directeur-de-la-pepiniere-dentreprises-de-saint-die-des-vosges\/#breadcrumb\"},\"inLanguage\":\"fr-FR\",\"potentialAction\":[{\"@type\":\"ReadAction\",\"target\":[\"https:\/\/vosgesinfo.fr\/saintdieinfo\/2024\/02\/jean-daniel-cossard-est-le-nouveau-directeur-de-la-pepiniere-dentreprises-de-saint-die-des-vosges\/\"]}]},{\"@type\":\"ImageObject\",\"inLanguage\":\"fr-FR\",\"@id\":\"https:\/\/vosgesinfo.fr\/saintdieinfo\/2024\/02\/jean-daniel-cossard-est-le-nouveau-directeur-de-la-pepiniere-dentreprises-de-saint-die-des-vosges\/#primaryimage\",\"url\":\"https:\/\/vosgesinfo.fr\/app\/uploads\/sites\/4\/2024\/02\/jean-daniel-cossard-nouveau-directeur-pepiniere-dentreprises-sddv.jpg\",\"contentUrl\":\"https:\/\/vosgesinfo.fr\/app\/uploads\/sites\/4\/2024\/02\/jean-daniel-cossard-nouveau-directeur-pepiniere-dentreprises-sddv.jpg\",\"width\":2560,\"height\":1920},{\"@type\":\"BreadcrumbList\",\"@id\":\"https:\/\/vosgesinfo.fr\/saintdieinfo\/2024\/02\/jean-daniel-cossard-est-le-nouveau-directeur-de-la-pepiniere-dentreprises-de-saint-die-des-vosges\/#breadcrumb\",\"itemListElement\":[{\"@type\":\"ListItem\",\"position\":1,\"name\":\"Home\",\"item\":\"https:\/\/vosgesinfo.fr\/saintdieinfo\/\"},{\"@type\":\"ListItem\",\"position\":2,\"name\":\"Jean-Daniel Cossard est le nouveau directeur de la p\u00e9pini\u00e8re d&rsquo;entreprises de Saint-Di\u00e9-des-Vosges\"}]},{\"@type\":\"WebSite\",\"@id\":\"https:\/\/vosgesinfo.fr\/saintdieinfo\/#website\",\"url\":\"https:\/\/vosgesinfo.fr\/saintdieinfo\/\",\"name\":\"Saint Die Info\",\"description\":\"Toute l&#039;actualit\u00e9 de Saint-Di\u00e9-Des-Vosges\",\"publisher\":{\"@id\":\"https:\/\/vosgesinfo.fr\/saintdieinfo\/#organization\"},\"alternateName\":\"Toute l'actualit\u00e9 de Saint-Di\u00e9-Des-Vosges\",\"potentialAction\":[{\"@type\":\"SearchAction\",\"target\":{\"@type\":\"EntryPoint\",\"urlTemplate\":\"https:\/\/vosgesinfo.fr\/saintdieinfo\/?s={search_term_string}\"},\"query-input\":\"required name=search_term_string\"}],\"inLanguage\":\"fr-FR\"},{\"@type\":\"Organization\",\"@id\":\"https:\/\/vosgesinfo.fr\/saintdieinfo\/#organization\",\"name\":\"Saint Die Info\",\"url\":\"https:\/\/vosgesinfo.fr\/saintdieinfo\/\",\"logo\":{\"@type\":\"ImageObject\",\"inLanguage\":\"fr-FR\",\"@id\":\"https:\/\/vosgesinfo.fr\/saintdieinfo\/#\/schema\/logo\/image\/\",\"url\":\"https:\/\/vosgesinfo.fr\/app\/uploads\/sites\/4\/2024\/02\/logo-sdi.jpg\",\"contentUrl\":\"https:\/\/vosgesinfo.fr\/app\/uploads\/sites\/4\/2024\/02\/logo-sdi.jpg\",\"width\":600,\"height\":600,\"caption\":\"Saint Die Info\"},\"image\":{\"@id\":\"https:\/\/vosgesinfo.fr\/saintdieinfo\/#\/schema\/logo\/image\/\"},\"sameAs\":[\"https:\/\/www.facebook.com\/Saintdieinfofr\",\"https:\/\/x.com\/VosgesInfo88\",\"https:\/\/www.youtube.com\/@vosgesinfo\"]},{\"@type\":\"Person\",\"@id\":\"https:\/\/vosgesinfo.fr\/saintdieinfo\/#\/schema\/person\/fa73e9f726d67bb88f46d5b7943cb572\",\"name\":\"J.J.\",\"image\":{\"@type\":\"ImageObject\",\"inLanguage\":\"fr-FR\",\"@id\":\"https:\/\/vosgesinfo.fr\/saintdieinfo\/#\/schema\/person\/image\/\",\"url\":\"https:\/\/secure.gravatar.com\/avatar\/219e749e47ffbcca018a360ae4add7d4cdf1cdaaf8bc7676b27efade3fe65615?s=96&d=mm&r=g\",\"contentUrl\":\"https:\/\/secure.gravatar.com\/avatar\/219e749e47ffbcca018a360ae4add7d4cdf1cdaaf8bc7676b27efade3fe65615?s=96&d=mm&r=g\",\"caption\":\"J.J.\"},\"url\":\"https:\/\/vosgesinfo.fr\/saintdieinfo\/author\/j-j\/\"}]}<\/script>\n<!-- \/ Yoast SEO plugin. -->","yoast_head_json":{"title":"Jean-Daniel Cossard est le nouveau directeur de la p\u00e9pini\u00e8re d'entreprises de Saint-Di\u00e9-des-Vosges - Saint Die Info","robots":{"index":"index","follow":"follow","max-snippet":"max-snippet:-1","max-image-preview":"max-image-preview:large","max-video-preview":"max-video-preview:-1"},"canonical":"https:\/\/vosgesinfo.fr\/saintdieinfo\/2024\/02\/jean-daniel-cossard-est-le-nouveau-directeur-de-la-pepiniere-dentreprises-de-saint-die-des-vosges\/","twitter_card":"summary_large_image","twitter_title":"Jean-Daniel Cossard est le nouveau directeur de la p\u00e9pini\u00e8re d'entreprises de Saint-Di\u00e9-des-Vosges - Saint Die Info","twitter_description":"Jean-Daniel Cossard est le nouveau directeur de la P\u00e9pini\u00e8re d&rsquo;Entreprises de Saint-Di\u00e9-des-Vosges. Succ\u00e9dant \u00e0 Marc Duchet-Suchaux, parti \u00e0 la retraite, [&hellip;]","twitter_image":"https:\/\/vosgesinfo.fr\/app\/uploads\/sites\/4\/2024\/02\/jean-daniel-cossard-nouveau-directeur-pepiniere-dentreprises-sddv.jpg","twitter_creator":"@VosgesInfo88","twitter_site":"@VosgesInfo88","twitter_misc":{"\u00c9crit par":"J.J.","Dur\u00e9e de lecture estim\u00e9e":"3 minutes"},"schema":{"@context":"https:\/\/schema.org","@graph":[{"@type":"Article","@id":"https:\/\/vosgesinfo.fr\/saintdieinfo\/2024\/02\/jean-daniel-cossard-est-le-nouveau-directeur-de-la-pepiniere-dentreprises-de-saint-die-des-vosges\/#article","isPartOf":{"@id":"https:\/\/vosgesinfo.fr\/saintdieinfo\/2024\/02\/jean-daniel-cossard-est-le-nouveau-directeur-de-la-pepiniere-dentreprises-de-saint-die-des-vosges\/"},"author":{"name":"J.J.","@id":"https:\/\/vosgesinfo.fr\/saintdieinfo\/#\/schema\/person\/fa73e9f726d67bb88f46d5b7943cb572"},"headline":"Jean-Daniel Cossard est le nouveau directeur de la p\u00e9pini\u00e8re d&rsquo;entreprises de Saint-Di\u00e9-des-Vosges","datePublished":"2024-02-20T13:20:14+00:00","dateModified":"2024-02-20T13:20:14+00:00","mainEntityOfPage":{"@id":"https:\/\/vosgesinfo.fr\/saintdieinfo\/2024\/02\/jean-daniel-cossard-est-le-nouveau-directeur-de-la-pepiniere-dentreprises-de-saint-die-des-vosges\/"},"wordCount":581,"commentCount":0,"publisher":{"@id":"https:\/\/vosgesinfo.fr\/saintdieinfo\/#organization"},"image":{"@id":"https:\/\/vosgesinfo.fr\/saintdieinfo\/2024\/02\/jean-daniel-cossard-est-le-nouveau-directeur-de-la-pepiniere-dentreprises-de-saint-die-des-vosges\/#primaryimage"},"thumbnailUrl":"https:\/\/vosgesinfo.fr\/app\/uploads\/sites\/4\/2024\/02\/jean-daniel-cossard-nouveau-directeur-pepiniere-dentreprises-sddv.jpg","keywords":["Directeur de la p\u00e9pini\u00e8re d'entreprises de Saint-Di\u00e9-des-Vosges","Jean-Daniel Cossard","P\u00e9pini\u00e8re d'entreprises de Saint-Di\u00e9-des-Vosges"],"articleSection":["A la Une","\u00c9conomie","Saint-Di\u00e9-des-Vosges et son Agglom\u00e9ration","Vosges"],"inLanguage":"fr-FR","potentialAction":[{"@type":"CommentAction","name":"Comment","target":["https:\/\/vosgesinfo.fr\/saintdieinfo\/2024\/02\/jean-daniel-cossard-est-le-nouveau-directeur-de-la-pepiniere-dentreprises-de-saint-die-des-vosges\/#respond"]}]},{"@type":"WebPage","@id":"https:\/\/vosgesinfo.fr\/saintdieinfo\/2024\/02\/jean-daniel-cossard-est-le-nouveau-directeur-de-la-pepiniere-dentreprises-de-saint-die-des-vosges\/","url":"https:\/\/vosgesinfo.fr\/saintdieinfo\/2024\/02\/jean-daniel-cossard-est-le-nouveau-directeur-de-la-pepiniere-dentreprises-de-saint-die-des-vosges\/","name":"Jean-Daniel Cossard est le nouveau directeur de la p\u00e9pini\u00e8re d'entreprises de Saint-Di\u00e9-des-Vosges - Saint Die Info","isPartOf":{"@id":"https:\/\/vosgesinfo.fr\/saintdieinfo\/#website"},"primaryImageOfPage":{"@id":"https:\/\/vosgesinfo.fr\/saintdieinfo\/2024\/02\/jean-daniel-cossard-est-le-nouveau-directeur-de-la-pepiniere-dentreprises-de-saint-die-des-vosges\/#primaryimage"},"image":{"@id":"https:\/\/vosgesinfo.fr\/saintdieinfo\/2024\/02\/jean-daniel-cossard-est-le-nouveau-directeur-de-la-pepiniere-dentreprises-de-saint-die-des-vosges\/#primaryimage"},"thumbnailUrl":"https:\/\/vosgesinfo.fr\/app\/uploads\/sites\/4\/2024\/02\/jean-daniel-cossard-nouveau-directeur-pepiniere-dentreprises-sddv.jpg","datePublished":"2024-02-20T13:20:14+00:00","dateModified":"2024-02-20T13:20:14+00:00","breadcrumb":{"@id":"https:\/\/vosgesinfo.fr\/saintdieinfo\/2024\/02\/jean-daniel-cossard-est-le-nouveau-directeur-de-la-pepiniere-dentreprises-de-saint-die-des-vosges\/#breadcrumb"},"inLanguage":"fr-FR","potentialAction":[{"@type":"ReadAction","target":["https:\/\/vosgesinfo.fr\/saintdieinfo\/2024\/02\/jean-daniel-cossard-est-le-nouveau-directeur-de-la-pepiniere-dentreprises-de-saint-die-des-vosges\/"]}]},{"@type":"ImageObject","inLanguage":"fr-FR","@id":"https:\/\/vosgesinfo.fr\/saintdieinfo\/2024\/02\/jean-daniel-cossard-est-le-nouveau-directeur-de-la-pepiniere-dentreprises-de-saint-die-des-vosges\/#primaryimage","url":"https:\/\/vosgesinfo.fr\/app\/uploads\/sites\/4\/2024\/02\/jean-daniel-cossard-nouveau-directeur-pepiniere-dentreprises-sddv.jpg","contentUrl":"https:\/\/vosgesinfo.fr\/app\/uploads\/sites\/4\/2024\/02\/jean-daniel-cossard-nouveau-directeur-pepiniere-dentreprises-sddv.jpg","width":2560,"height":1920},{"@type":"BreadcrumbList","@id":"https:\/\/vosgesinfo.fr\/saintdieinfo\/2024\/02\/jean-daniel-cossard-est-le-nouveau-directeur-de-la-pepiniere-dentreprises-de-saint-die-des-vosges\/#breadcrumb","itemListElement":[{"@type":"ListItem","position":1,"name":"Home","item":"https:\/\/vosgesinfo.fr\/saintdieinfo\/"},{"@type":"ListItem","position":2,"name":"Jean-Daniel Cossard est le nouveau directeur de la p\u00e9pini\u00e8re d&rsquo;entreprises de Saint-Di\u00e9-des-Vosges"}]},{"@type":"WebSite","@id":"https:\/\/vosgesinfo.fr\/saintdieinfo\/#website","url":"https:\/\/vosgesinfo.fr\/saintdieinfo\/","name":"Saint Die Info","description":"Toute l&#039;actualit\u00e9 de Saint-Di\u00e9-Des-Vosges","publisher":{"@id":"https:\/\/vosgesinfo.fr\/saintdieinfo\/#organization"},"alternateName":"Toute l'actualit\u00e9 de Saint-Di\u00e9-Des-Vosges","potentialAction":[{"@type":"SearchAction","target":{"@type":"EntryPoint","urlTemplate":"https:\/\/vosgesinfo.fr\/saintdieinfo\/?s={search_term_string}"},"query-input":"required name=search_term_string"}],"inLanguage":"fr-FR"},{"@type":"Organization","@id":"https:\/\/vosgesinfo.fr\/saintdieinfo\/#organization","name":"Saint Die Info","url":"https:\/\/vosgesinfo.fr\/saintdieinfo\/","logo":{"@type":"ImageObject","inLanguage":"fr-FR","@id":"https:\/\/vosgesinfo.fr\/saintdieinfo\/#\/schema\/logo\/image\/","url":"https:\/\/vosgesinfo.fr\/app\/uploads\/sites\/4\/2024\/02\/logo-sdi.jpg","contentUrl":"https:\/\/vosgesinfo.fr\/app\/uploads\/sites\/4\/2024\/02\/logo-sdi.jpg","width":600,"height":600,"caption":"Saint Die Info"},"image":{"@id":"https:\/\/vosgesinfo.fr\/saintdieinfo\/#\/schema\/logo\/image\/"},"sameAs":["https:\/\/www.facebook.com\/Saintdieinfofr","https:\/\/x.com\/VosgesInfo88","https:\/\/www.youtube.com\/@vosgesinfo"]},{"@type":"Person","@id":"https:\/\/vosgesinfo.fr\/saintdieinfo\/#\/schema\/person\/fa73e9f726d67bb88f46d5b7943cb572","name":"J.J.","image":{"@type":"ImageObject","inLanguage":"fr-FR","@id":"https:\/\/vosgesinfo.fr\/saintdieinfo\/#\/schema\/person\/image\/","url":"https:\/\/secure.gravatar.com\/avatar\/219e749e47ffbcca018a360ae4add7d4cdf1cdaaf8bc7676b27efade3fe65615?s=96&d=mm&r=g","contentUrl":"https:\/\/secure.gravatar.com\/avatar\/219e749e47ffbcca018a360ae4add7d4cdf1cdaaf8bc7676b27efade3fe65615?s=96&d=mm&r=g","caption":"J.J."},"url":"https:\/\/vosgesinfo.fr\/saintdieinfo\/author\/j-j\/"}]}},"_links":{"self":[{"href":"https:\/\/vosgesinfo.fr\/saintdieinfo\/wp-json\/wp\/v2\/posts\/25061","targetHints":{"allow":["GET"]}}],"collection":[{"href":"https:\/\/vosgesinfo.fr\/saintdieinfo\/wp-json\/wp\/v2\/posts"}],"about":[{"href":"https:\/\/vosgesinfo.fr\/saintdieinfo\/wp-json\/wp\/v2\/types\/post"}],"author":[{"embeddable":true,"href":"https:\/\/vosgesinfo.fr\/saintdieinfo\/wp-json\/wp\/v2\/users\/46"}],"replies":[{"embeddable":true,"href":"https:\/\/vosgesinfo.fr\/saintdieinfo\/wp-json\/wp\/v2\/comments?post=25061"}],"version-history":[{"count":1,"href":"https:\/\/vosgesinfo.fr\/saintdieinfo\/wp-json\/wp\/v2\/posts\/25061\/revisions"}],"predecessor-version":[{"id":25064,"href":"https:\/\/vosgesinfo.fr\/saintdieinfo\/wp-json\/wp\/v2\/posts\/25061\/revisions\/25064"}],"wp:featuredmedia":[{"embeddable":true,"href":"https:\/\/vosgesinfo.fr\/saintdieinfo\/wp-json\/wp\/v2\/media\/25054"}],"wp:attachment":[{"href":"https:\/\/vosgesinfo.fr\/saintdieinfo\/wp-json\/wp\/v2\/media?parent=25061"}],"wp:term":[{"taxonomy":"category","embeddable":true,"href":"https:\/\/vosgesinfo.fr\/saintdieinfo\/wp-json\/wp\/v2\/categories?post=25061"},{"taxonomy":"post_tag","embeddable":true,"href":"https:\/\/vosgesinfo.fr\/saintdieinfo\/wp-json\/wp\/v2\/tags?post=25061"}],"curies":[{"name":"wp","href":"https:\/\/api.w.org\/{rel}","templated":true}]}}