{"id":25849,"date":"2023-07-19T08:15:48","date_gmt":"2023-07-19T06:15:48","guid":{"rendered":"https:\/\/vosgesinfo.fr\/saintdieinfo\/2023\/07\/depute-david-valence-elu-president-de-commission-denquete-de-lassemblee-nationale-liberalisation-fret-ferroviaire\/"},"modified":"2024-02-27T17:00:33","modified_gmt":"2024-02-27T16:00:33","slug":"depute-david-valence-elu-president-de-commission-denquete-de-lassemblee-nationale-liberalisation-fret-ferroviaire","status":"publish","type":"post","link":"https:\/\/vosgesinfo.fr\/saintdieinfo\/2023\/07\/depute-david-valence-elu-president-de-commission-denquete-de-lassemblee-nationale-liberalisation-fret-ferroviaire\/","title":{"rendered":"Le d\u00e9put\u00e9 David Valence \u00e9lu pr\u00e9sident de la commission d&rsquo;enqu\u00eate de l&rsquo;Assembl\u00e9e nationale sur la lib\u00e9ralisation du fret ferroviaire"},"content":{"rendered":"<p style=\"text-align: left;\" align=\"JUSTIFY\"><a href=\"https:\/\/saintdieinfo.fr\/wp-content\/uploads\/2023\/07\/CP_D\u00e9put\u00e9_David_Valence-1.jpeg\" target=\"_blank\" rel=\"noopener\"><img decoding=\"async\" class=\"aligncenter wp-image-204223 size-large\" src=\"https:\/\/vosgesinfo.fr\/app\/uploads\/sites\/4\/2023\/07\/cp-depute-david-valence-1.jpeg\" alt=\"CP_D\u00e9put\u00e9_David_Valence (1)\" width=\"960\" height=\"720\" \/><\/a><\/p>\n<h2 style=\"text-align: left;\" align=\"JUSTIFY\"><strong><span style=\"font-size: 14pt;\">Suite \u00e0 son \u00e9lection, ce mercredi, \u00e0 la fonction de pr\u00e9sident de la commission d&rsquo;enqu\u00eate de l&rsquo;Assembl\u00e9e nationale sur la lib\u00e9ralisation du fret ferroviaire, le d\u00e9put\u00e9 de la deuxi\u00e8me circonscription des Vosges David Valence s&rsquo;est exprim\u00e9 dans un communiqu\u00e9 :<\/span><\/strong><\/h2>\n<p style=\"text-align: left;\" align=\"JUSTIFY\"><!--more--><\/p>\n<p style=\"text-align: left;\" align=\"JUSTIFY\"><span style=\"font-family: Garamond, sans-serif;\">\u00ab\u00a0J\u2019ai \u00e9t\u00e9 \u00e9lu ce matin pr\u00e9sident de la commission d\u2019enqu\u00eate sur la lib\u00e9ralisation du fret ferroviaire. C\u2019est un honneur d\u2019avoir \u00e9t\u00e9 choisi par mes coll\u00e8gues \u2013 et plus encore \u00e0 l\u2019unanimit\u00e9. Je mesure toute la responsabilit\u00e9 qui m\u2019incombera d\u00e8s lors de conduire et d\u2019animer cette commission d\u2019enqu\u00eate. <\/span><\/p>\n<p style=\"text-align: left;\" align=\"JUSTIFY\"><span style=\"font-family: Garamond, sans-serif;\"> J\u2019y travaillerai avec le rapporteur Hubert Wulfranc (GDR), comme j\u2019avais \u0153uvr\u00e9 pour le rapport d\u2019\u00e9valuation de la loi portant pacte ferroviaire avec le d\u00e9put\u00e9 Emmanuel Maquet (LR). Plus de 70 heures d\u2019auditions sont d\u2019ores et d\u00e9j\u00e0 pr\u00e9vues. <\/span><\/p>\n<p style=\"text-align: left;\" align=\"JUSTIFY\"><span style=\"font-family: Garamond, sans-serif;\"> Les travaux de la commission d\u2019enqu\u00eate commenceront la semaine du 11 septembre, deux semaines avant la reprise des travaux parlementaires. <\/span><\/p>\n<p style=\"text-align: left;\" align=\"JUSTIFY\"><span style=\"font-family: Garamond, sans-serif;\"> Ces \u00e9changes, y compris avec d\u2019anciens membres des gouvernements ou d\u2019actuels ministres, permettront de revenir sur les \u00e9volutions connues par le fret ferroviaire en France depuis 2005. <\/span><\/p>\n<p style=\"text-align: left;\" align=\"JUSTIFY\"><span style=\"font-family: Garamond, sans-serif;\"> Ils ouvriront peut-\u00eatre des perspectives afin d\u2019en accompagner encore davantage la relance.\u00a0\u00bb<\/span><\/p>\n<p style=\"text-align: right;\" align=\"RIGHT\"><span style=\"font-family: Garamond, sans-serif;\"><strong>David Valence<\/strong> <\/span><\/p>\n","protected":false},"excerpt":{"rendered":"<p>Suite \u00e0 son \u00e9lection, ce mercredi, \u00e0 la fonction de pr\u00e9sident de la commission d&rsquo;enqu\u00eate de l&rsquo;Assembl\u00e9e nationale sur la [&hellip;]<\/p>\n","protected":false},"author":44,"featured_media":25848,"comment_status":"open","ping_status":"open","sticky":false,"template":"","format":"standard","meta":{"footnotes":""},"categories":[460,10,2915],"tags":[3797,3337,3338,4309],"class_list":["post-25849","post","type-post","status-publish","format-standard","has-post-thumbnail","hentry","category-a-la-une","category-politique","category-saint-die-son-canton","tag-assemblee-nationale","tag-david-valence","tag-depute-de-la-deuxieme-circonscription-des-vosges","tag-president-de-la-commission-denquete-de-lassemblee-nationale-sur-la-liberalisation-du-fret-ferroviaire"],"acf":[],"yoast_head":"<!-- This site is optimized with the Yoast SEO plugin v22.5 - https:\/\/yoast.com\/wordpress\/plugins\/seo\/ -->\n<title>Le d\u00e9put\u00e9 David Valence \u00e9lu pr\u00e9sident de la commission d&#039;enqu\u00eate de l&#039;Assembl\u00e9e nationale sur la lib\u00e9ralisation du fret ferroviaire - Saint Die Info<\/title>\n<meta name=\"robots\" content=\"index, follow, max-snippet:-1, max-image-preview:large, max-video-preview:-1\" \/>\n<link rel=\"canonical\" href=\"https:\/\/vosgesinfo.fr\/saintdieinfo\/2023\/07\/depute-david-valence-elu-president-de-commission-denquete-de-lassemblee-nationale-liberalisation-fret-ferroviaire\/\" \/>\n<meta name=\"twitter:card\" content=\"summary_large_image\" \/>\n<meta name=\"twitter:title\" content=\"Le d\u00e9put\u00e9 David Valence \u00e9lu pr\u00e9sident de la commission d&#039;enqu\u00eate de l&#039;Assembl\u00e9e nationale sur la lib\u00e9ralisation du fret ferroviaire - Saint Die Info\" \/>\n<meta name=\"twitter:description\" content=\"Suite \u00e0 son \u00e9lection, ce mercredi, \u00e0 la fonction de pr\u00e9sident de la commission d&rsquo;enqu\u00eate de l&rsquo;Assembl\u00e9e nationale sur la [&hellip;]\" \/>\n<meta name=\"twitter:image\" content=\"https:\/\/vosgesinfo.fr\/app\/uploads\/sites\/4\/2023\/07\/cp-depute-david-valence-1.jpeg\" \/>\n<meta name=\"twitter:creator\" content=\"@VosgesInfo88\" \/>\n<meta name=\"twitter:site\" content=\"@VosgesInfo88\" \/>\n<meta name=\"twitter:label1\" content=\"\u00c9crit par\" \/>\n\t<meta name=\"twitter:data1\" content=\"la r\u00e9daction\" \/>\n\t<meta name=\"twitter:label2\" content=\"Dur\u00e9e de lecture estim\u00e9e\" \/>\n\t<meta name=\"twitter:data2\" content=\"1 minute\" \/>\n<script type=\"application\/ld+json\" class=\"yoast-schema-graph\">{\"@context\":\"https:\/\/schema.org\",\"@graph\":[{\"@type\":\"Article\",\"@id\":\"https:\/\/vosgesinfo.fr\/saintdieinfo\/2023\/07\/depute-david-valence-elu-president-de-commission-denquete-de-lassemblee-nationale-liberalisation-fret-ferroviaire\/#article\",\"isPartOf\":{\"@id\":\"https:\/\/vosgesinfo.fr\/saintdieinfo\/2023\/07\/depute-david-valence-elu-president-de-commission-denquete-de-lassemblee-nationale-liberalisation-fret-ferroviaire\/\"},\"author\":{\"name\":\"la r\u00e9daction\",\"@id\":\"https:\/\/vosgesinfo.fr\/saintdieinfo\/#\/schema\/person\/faee6704a21f3977511db84bd1cd450f\"},\"headline\":\"Le d\u00e9put\u00e9 David Valence \u00e9lu pr\u00e9sident de la commission d&rsquo;enqu\u00eate de l&rsquo;Assembl\u00e9e nationale sur la lib\u00e9ralisation du fret ferroviaire\",\"datePublished\":\"2023-07-19T06:15:48+00:00\",\"dateModified\":\"2024-02-27T16:00:33+00:00\",\"mainEntityOfPage\":{\"@id\":\"https:\/\/vosgesinfo.fr\/saintdieinfo\/2023\/07\/depute-david-valence-elu-president-de-commission-denquete-de-lassemblee-nationale-liberalisation-fret-ferroviaire\/\"},\"wordCount\":240,\"commentCount\":0,\"publisher\":{\"@id\":\"https:\/\/vosgesinfo.fr\/saintdieinfo\/#organization\"},\"image\":{\"@id\":\"https:\/\/vosgesinfo.fr\/saintdieinfo\/2023\/07\/depute-david-valence-elu-president-de-commission-denquete-de-lassemblee-nationale-liberalisation-fret-ferroviaire\/#primaryimage\"},\"thumbnailUrl\":\"https:\/\/vosgesinfo.fr\/app\/uploads\/sites\/4\/2023\/07\/cp-depute-david-valence-1.jpeg\",\"keywords\":[\"Assembl\u00e9e Nationale\",\"David Valence\",\"D\u00e9put\u00e9 de la deuxi\u00e8me circonscription des Vosges\",\"Pr\u00e9sident de la commission d'enqu\u00eate de l'Assembl\u00e9e nationale sur la lib\u00e9ralisation du fret ferroviaire\"],\"articleSection\":[\"A la Une\",\"Politique\",\"Saint-Di\u00e9-des-Vosges et son Agglom\u00e9ration\"],\"inLanguage\":\"fr-FR\",\"potentialAction\":[{\"@type\":\"CommentAction\",\"name\":\"Comment\",\"target\":[\"https:\/\/vosgesinfo.fr\/saintdieinfo\/2023\/07\/depute-david-valence-elu-president-de-commission-denquete-de-lassemblee-nationale-liberalisation-fret-ferroviaire\/#respond\"]}]},{\"@type\":\"WebPage\",\"@id\":\"https:\/\/vosgesinfo.fr\/saintdieinfo\/2023\/07\/depute-david-valence-elu-president-de-commission-denquete-de-lassemblee-nationale-liberalisation-fret-ferroviaire\/\",\"url\":\"https:\/\/vosgesinfo.fr\/saintdieinfo\/2023\/07\/depute-david-valence-elu-president-de-commission-denquete-de-lassemblee-nationale-liberalisation-fret-ferroviaire\/\",\"name\":\"Le d\u00e9put\u00e9 David Valence \u00e9lu pr\u00e9sident de la commission d'enqu\u00eate de l'Assembl\u00e9e nationale sur la lib\u00e9ralisation du fret ferroviaire - Saint Die Info\",\"isPartOf\":{\"@id\":\"https:\/\/vosgesinfo.fr\/saintdieinfo\/#website\"},\"primaryImageOfPage\":{\"@id\":\"https:\/\/vosgesinfo.fr\/saintdieinfo\/2023\/07\/depute-david-valence-elu-president-de-commission-denquete-de-lassemblee-nationale-liberalisation-fret-ferroviaire\/#primaryimage\"},\"image\":{\"@id\":\"https:\/\/vosgesinfo.fr\/saintdieinfo\/2023\/07\/depute-david-valence-elu-president-de-commission-denquete-de-lassemblee-nationale-liberalisation-fret-ferroviaire\/#primaryimage\"},\"thumbnailUrl\":\"https:\/\/vosgesinfo.fr\/app\/uploads\/sites\/4\/2023\/07\/cp-depute-david-valence-1.jpeg\",\"datePublished\":\"2023-07-19T06:15:48+00:00\",\"dateModified\":\"2024-02-27T16:00:33+00:00\",\"breadcrumb\":{\"@id\":\"https:\/\/vosgesinfo.fr\/saintdieinfo\/2023\/07\/depute-david-valence-elu-president-de-commission-denquete-de-lassemblee-nationale-liberalisation-fret-ferroviaire\/#breadcrumb\"},\"inLanguage\":\"fr-FR\",\"potentialAction\":[{\"@type\":\"ReadAction\",\"target\":[\"https:\/\/vosgesinfo.fr\/saintdieinfo\/2023\/07\/depute-david-valence-elu-president-de-commission-denquete-de-lassemblee-nationale-liberalisation-fret-ferroviaire\/\"]}]},{\"@type\":\"ImageObject\",\"inLanguage\":\"fr-FR\",\"@id\":\"https:\/\/vosgesinfo.fr\/saintdieinfo\/2023\/07\/depute-david-valence-elu-president-de-commission-denquete-de-lassemblee-nationale-liberalisation-fret-ferroviaire\/#primaryimage\",\"url\":\"https:\/\/vosgesinfo.fr\/app\/uploads\/sites\/4\/2023\/07\/cp-depute-david-valence-1.jpeg\",\"contentUrl\":\"https:\/\/vosgesinfo.fr\/app\/uploads\/sites\/4\/2023\/07\/cp-depute-david-valence-1.jpeg\",\"width\":1024,\"height\":768},{\"@type\":\"BreadcrumbList\",\"@id\":\"https:\/\/vosgesinfo.fr\/saintdieinfo\/2023\/07\/depute-david-valence-elu-president-de-commission-denquete-de-lassemblee-nationale-liberalisation-fret-ferroviaire\/#breadcrumb\",\"itemListElement\":[{\"@type\":\"ListItem\",\"position\":1,\"name\":\"Home\",\"item\":\"https:\/\/vosgesinfo.fr\/saintdieinfo\/\"},{\"@type\":\"ListItem\",\"position\":2,\"name\":\"Le d\u00e9put\u00e9 David Valence \u00e9lu pr\u00e9sident de la commission d&rsquo;enqu\u00eate de l&rsquo;Assembl\u00e9e nationale sur la lib\u00e9ralisation du fret ferroviaire\"}]},{\"@type\":\"WebSite\",\"@id\":\"https:\/\/vosgesinfo.fr\/saintdieinfo\/#website\",\"url\":\"https:\/\/vosgesinfo.fr\/saintdieinfo\/\",\"name\":\"Saint Die Info\",\"description\":\"Toute l&#039;actualit\u00e9 de Saint-Di\u00e9-Des-Vosges\",\"publisher\":{\"@id\":\"https:\/\/vosgesinfo.fr\/saintdieinfo\/#organization\"},\"alternateName\":\"Toute l'actualit\u00e9 de Saint-Di\u00e9-Des-Vosges\",\"potentialAction\":[{\"@type\":\"SearchAction\",\"target\":{\"@type\":\"EntryPoint\",\"urlTemplate\":\"https:\/\/vosgesinfo.fr\/saintdieinfo\/?s={search_term_string}\"},\"query-input\":\"required name=search_term_string\"}],\"inLanguage\":\"fr-FR\"},{\"@type\":\"Organization\",\"@id\":\"https:\/\/vosgesinfo.fr\/saintdieinfo\/#organization\",\"name\":\"Saint Die Info\",\"url\":\"https:\/\/vosgesinfo.fr\/saintdieinfo\/\",\"logo\":{\"@type\":\"ImageObject\",\"inLanguage\":\"fr-FR\",\"@id\":\"https:\/\/vosgesinfo.fr\/saintdieinfo\/#\/schema\/logo\/image\/\",\"url\":\"https:\/\/vosgesinfo.fr\/app\/uploads\/sites\/4\/2024\/02\/logo-sdi.jpg\",\"contentUrl\":\"https:\/\/vosgesinfo.fr\/app\/uploads\/sites\/4\/2024\/02\/logo-sdi.jpg\",\"width\":600,\"height\":600,\"caption\":\"Saint Die Info\"},\"image\":{\"@id\":\"https:\/\/vosgesinfo.fr\/saintdieinfo\/#\/schema\/logo\/image\/\"},\"sameAs\":[\"https:\/\/www.facebook.com\/Saintdieinfofr\",\"https:\/\/x.com\/VosgesInfo88\",\"https:\/\/www.youtube.com\/@vosgesinfo\"]},{\"@type\":\"Person\",\"@id\":\"https:\/\/vosgesinfo.fr\/saintdieinfo\/#\/schema\/person\/faee6704a21f3977511db84bd1cd450f\",\"name\":\"la r\u00e9daction\",\"image\":{\"@type\":\"ImageObject\",\"inLanguage\":\"fr-FR\",\"@id\":\"https:\/\/vosgesinfo.fr\/saintdieinfo\/#\/schema\/person\/image\/\",\"url\":\"https:\/\/secure.gravatar.com\/avatar\/6673d8bc6a9c17fa9a453eaa3448de834fa308c2ec9635b7aa99441a7c8d2cf6?s=96&d=mm&r=g\",\"contentUrl\":\"https:\/\/secure.gravatar.com\/avatar\/6673d8bc6a9c17fa9a453eaa3448de834fa308c2ec9635b7aa99441a7c8d2cf6?s=96&d=mm&r=g\",\"caption\":\"la r\u00e9daction\"},\"url\":\"https:\/\/vosgesinfo.fr\/saintdieinfo\/author\/redac\/\"}]}<\/script>\n<!-- \/ Yoast SEO plugin. -->","yoast_head_json":{"title":"Le d\u00e9put\u00e9 David Valence \u00e9lu pr\u00e9sident de la commission d'enqu\u00eate de l'Assembl\u00e9e nationale sur la lib\u00e9ralisation du fret ferroviaire - Saint Die Info","robots":{"index":"index","follow":"follow","max-snippet":"max-snippet:-1","max-image-preview":"max-image-preview:large","max-video-preview":"max-video-preview:-1"},"canonical":"https:\/\/vosgesinfo.fr\/saintdieinfo\/2023\/07\/depute-david-valence-elu-president-de-commission-denquete-de-lassemblee-nationale-liberalisation-fret-ferroviaire\/","twitter_card":"summary_large_image","twitter_title":"Le d\u00e9put\u00e9 David Valence \u00e9lu pr\u00e9sident de la commission d'enqu\u00eate de l'Assembl\u00e9e nationale sur la lib\u00e9ralisation du fret ferroviaire - Saint Die Info","twitter_description":"Suite \u00e0 son \u00e9lection, ce mercredi, \u00e0 la fonction de pr\u00e9sident de la commission d&rsquo;enqu\u00eate de l&rsquo;Assembl\u00e9e nationale sur la [&hellip;]","twitter_image":"https:\/\/vosgesinfo.fr\/app\/uploads\/sites\/4\/2023\/07\/cp-depute-david-valence-1.jpeg","twitter_creator":"@VosgesInfo88","twitter_site":"@VosgesInfo88","twitter_misc":{"\u00c9crit par":"la r\u00e9daction","Dur\u00e9e de lecture estim\u00e9e":"1 minute"},"schema":{"@context":"https:\/\/schema.org","@graph":[{"@type":"Article","@id":"https:\/\/vosgesinfo.fr\/saintdieinfo\/2023\/07\/depute-david-valence-elu-president-de-commission-denquete-de-lassemblee-nationale-liberalisation-fret-ferroviaire\/#article","isPartOf":{"@id":"https:\/\/vosgesinfo.fr\/saintdieinfo\/2023\/07\/depute-david-valence-elu-president-de-commission-denquete-de-lassemblee-nationale-liberalisation-fret-ferroviaire\/"},"author":{"name":"la r\u00e9daction","@id":"https:\/\/vosgesinfo.fr\/saintdieinfo\/#\/schema\/person\/faee6704a21f3977511db84bd1cd450f"},"headline":"Le d\u00e9put\u00e9 David Valence \u00e9lu pr\u00e9sident de la commission d&rsquo;enqu\u00eate de l&rsquo;Assembl\u00e9e nationale sur la lib\u00e9ralisation du fret ferroviaire","datePublished":"2023-07-19T06:15:48+00:00","dateModified":"2024-02-27T16:00:33+00:00","mainEntityOfPage":{"@id":"https:\/\/vosgesinfo.fr\/saintdieinfo\/2023\/07\/depute-david-valence-elu-president-de-commission-denquete-de-lassemblee-nationale-liberalisation-fret-ferroviaire\/"},"wordCount":240,"commentCount":0,"publisher":{"@id":"https:\/\/vosgesinfo.fr\/saintdieinfo\/#organization"},"image":{"@id":"https:\/\/vosgesinfo.fr\/saintdieinfo\/2023\/07\/depute-david-valence-elu-president-de-commission-denquete-de-lassemblee-nationale-liberalisation-fret-ferroviaire\/#primaryimage"},"thumbnailUrl":"https:\/\/vosgesinfo.fr\/app\/uploads\/sites\/4\/2023\/07\/cp-depute-david-valence-1.jpeg","keywords":["Assembl\u00e9e Nationale","David Valence","D\u00e9put\u00e9 de la deuxi\u00e8me circonscription des Vosges","Pr\u00e9sident de la commission d'enqu\u00eate de l'Assembl\u00e9e nationale sur la lib\u00e9ralisation du fret ferroviaire"],"articleSection":["A la Une","Politique","Saint-Di\u00e9-des-Vosges et son Agglom\u00e9ration"],"inLanguage":"fr-FR","potentialAction":[{"@type":"CommentAction","name":"Comment","target":["https:\/\/vosgesinfo.fr\/saintdieinfo\/2023\/07\/depute-david-valence-elu-president-de-commission-denquete-de-lassemblee-nationale-liberalisation-fret-ferroviaire\/#respond"]}]},{"@type":"WebPage","@id":"https:\/\/vosgesinfo.fr\/saintdieinfo\/2023\/07\/depute-david-valence-elu-president-de-commission-denquete-de-lassemblee-nationale-liberalisation-fret-ferroviaire\/","url":"https:\/\/vosgesinfo.fr\/saintdieinfo\/2023\/07\/depute-david-valence-elu-president-de-commission-denquete-de-lassemblee-nationale-liberalisation-fret-ferroviaire\/","name":"Le d\u00e9put\u00e9 David Valence \u00e9lu pr\u00e9sident de la commission d'enqu\u00eate de l'Assembl\u00e9e nationale sur la lib\u00e9ralisation du fret ferroviaire - Saint Die Info","isPartOf":{"@id":"https:\/\/vosgesinfo.fr\/saintdieinfo\/#website"},"primaryImageOfPage":{"@id":"https:\/\/vosgesinfo.fr\/saintdieinfo\/2023\/07\/depute-david-valence-elu-president-de-commission-denquete-de-lassemblee-nationale-liberalisation-fret-ferroviaire\/#primaryimage"},"image":{"@id":"https:\/\/vosgesinfo.fr\/saintdieinfo\/2023\/07\/depute-david-valence-elu-president-de-commission-denquete-de-lassemblee-nationale-liberalisation-fret-ferroviaire\/#primaryimage"},"thumbnailUrl":"https:\/\/vosgesinfo.fr\/app\/uploads\/sites\/4\/2023\/07\/cp-depute-david-valence-1.jpeg","datePublished":"2023-07-19T06:15:48+00:00","dateModified":"2024-02-27T16:00:33+00:00","breadcrumb":{"@id":"https:\/\/vosgesinfo.fr\/saintdieinfo\/2023\/07\/depute-david-valence-elu-president-de-commission-denquete-de-lassemblee-nationale-liberalisation-fret-ferroviaire\/#breadcrumb"},"inLanguage":"fr-FR","potentialAction":[{"@type":"ReadAction","target":["https:\/\/vosgesinfo.fr\/saintdieinfo\/2023\/07\/depute-david-valence-elu-president-de-commission-denquete-de-lassemblee-nationale-liberalisation-fret-ferroviaire\/"]}]},{"@type":"ImageObject","inLanguage":"fr-FR","@id":"https:\/\/vosgesinfo.fr\/saintdieinfo\/2023\/07\/depute-david-valence-elu-president-de-commission-denquete-de-lassemblee-nationale-liberalisation-fret-ferroviaire\/#primaryimage","url":"https:\/\/vosgesinfo.fr\/app\/uploads\/sites\/4\/2023\/07\/cp-depute-david-valence-1.jpeg","contentUrl":"https:\/\/vosgesinfo.fr\/app\/uploads\/sites\/4\/2023\/07\/cp-depute-david-valence-1.jpeg","width":1024,"height":768},{"@type":"BreadcrumbList","@id":"https:\/\/vosgesinfo.fr\/saintdieinfo\/2023\/07\/depute-david-valence-elu-president-de-commission-denquete-de-lassemblee-nationale-liberalisation-fret-ferroviaire\/#breadcrumb","itemListElement":[{"@type":"ListItem","position":1,"name":"Home","item":"https:\/\/vosgesinfo.fr\/saintdieinfo\/"},{"@type":"ListItem","position":2,"name":"Le d\u00e9put\u00e9 David Valence \u00e9lu pr\u00e9sident de la commission d&rsquo;enqu\u00eate de l&rsquo;Assembl\u00e9e nationale sur la lib\u00e9ralisation du fret ferroviaire"}]},{"@type":"WebSite","@id":"https:\/\/vosgesinfo.fr\/saintdieinfo\/#website","url":"https:\/\/vosgesinfo.fr\/saintdieinfo\/","name":"Saint Die Info","description":"Toute l&#039;actualit\u00e9 de Saint-Di\u00e9-Des-Vosges","publisher":{"@id":"https:\/\/vosgesinfo.fr\/saintdieinfo\/#organization"},"alternateName":"Toute l'actualit\u00e9 de Saint-Di\u00e9-Des-Vosges","potentialAction":[{"@type":"SearchAction","target":{"@type":"EntryPoint","urlTemplate":"https:\/\/vosgesinfo.fr\/saintdieinfo\/?s={search_term_string}"},"query-input":"required name=search_term_string"}],"inLanguage":"fr-FR"},{"@type":"Organization","@id":"https:\/\/vosgesinfo.fr\/saintdieinfo\/#organization","name":"Saint Die Info","url":"https:\/\/vosgesinfo.fr\/saintdieinfo\/","logo":{"@type":"ImageObject","inLanguage":"fr-FR","@id":"https:\/\/vosgesinfo.fr\/saintdieinfo\/#\/schema\/logo\/image\/","url":"https:\/\/vosgesinfo.fr\/app\/uploads\/sites\/4\/2024\/02\/logo-sdi.jpg","contentUrl":"https:\/\/vosgesinfo.fr\/app\/uploads\/sites\/4\/2024\/02\/logo-sdi.jpg","width":600,"height":600,"caption":"Saint Die Info"},"image":{"@id":"https:\/\/vosgesinfo.fr\/saintdieinfo\/#\/schema\/logo\/image\/"},"sameAs":["https:\/\/www.facebook.com\/Saintdieinfofr","https:\/\/x.com\/VosgesInfo88","https:\/\/www.youtube.com\/@vosgesinfo"]},{"@type":"Person","@id":"https:\/\/vosgesinfo.fr\/saintdieinfo\/#\/schema\/person\/faee6704a21f3977511db84bd1cd450f","name":"la r\u00e9daction","image":{"@type":"ImageObject","inLanguage":"fr-FR","@id":"https:\/\/vosgesinfo.fr\/saintdieinfo\/#\/schema\/person\/image\/","url":"https:\/\/secure.gravatar.com\/avatar\/6673d8bc6a9c17fa9a453eaa3448de834fa308c2ec9635b7aa99441a7c8d2cf6?s=96&d=mm&r=g","contentUrl":"https:\/\/secure.gravatar.com\/avatar\/6673d8bc6a9c17fa9a453eaa3448de834fa308c2ec9635b7aa99441a7c8d2cf6?s=96&d=mm&r=g","caption":"la r\u00e9daction"},"url":"https:\/\/vosgesinfo.fr\/saintdieinfo\/author\/redac\/"}]}},"_links":{"self":[{"href":"https:\/\/vosgesinfo.fr\/saintdieinfo\/wp-json\/wp\/v2\/posts\/25849","targetHints":{"allow":["GET"]}}],"collection":[{"href":"https:\/\/vosgesinfo.fr\/saintdieinfo\/wp-json\/wp\/v2\/posts"}],"about":[{"href":"https:\/\/vosgesinfo.fr\/saintdieinfo\/wp-json\/wp\/v2\/types\/post"}],"author":[{"embeddable":true,"href":"https:\/\/vosgesinfo.fr\/saintdieinfo\/wp-json\/wp\/v2\/users\/44"}],"replies":[{"embeddable":true,"href":"https:\/\/vosgesinfo.fr\/saintdieinfo\/wp-json\/wp\/v2\/comments?post=25849"}],"version-history":[{"count":1,"href":"https:\/\/vosgesinfo.fr\/saintdieinfo\/wp-json\/wp\/v2\/posts\/25849\/revisions"}],"predecessor-version":[{"id":29378,"href":"https:\/\/vosgesinfo.fr\/saintdieinfo\/wp-json\/wp\/v2\/posts\/25849\/revisions\/29378"}],"wp:featuredmedia":[{"embeddable":true,"href":"https:\/\/vosgesinfo.fr\/saintdieinfo\/wp-json\/wp\/v2\/media\/25848"}],"wp:attachment":[{"href":"https:\/\/vosgesinfo.fr\/saintdieinfo\/wp-json\/wp\/v2\/media?parent=25849"}],"wp:term":[{"taxonomy":"category","embeddable":true,"href":"https:\/\/vosgesinfo.fr\/saintdieinfo\/wp-json\/wp\/v2\/categories?post=25849"},{"taxonomy":"post_tag","embeddable":true,"href":"https:\/\/vosgesinfo.fr\/saintdieinfo\/wp-json\/wp\/v2\/tags?post=25849"}],"curies":[{"name":"wp","href":"https:\/\/api.w.org\/{rel}","templated":true}]}}