{"id":26033,"date":"2023-07-27T09:29:03","date_gmt":"2023-07-27T07:29:03","guid":{"rendered":"https:\/\/vosgesinfo.fr\/saintdieinfo\/2023\/07\/programme-de-lete-de-lassociation-helicoop\/"},"modified":"2024-02-27T17:00:52","modified_gmt":"2024-02-27T16:00:52","slug":"programme-de-lete-de-lassociation-helicoop","status":"publish","type":"post","link":"https:\/\/vosgesinfo.fr\/saintdieinfo\/2023\/07\/programme-de-lete-de-lassociation-helicoop\/","title":{"rendered":"Le programme de l&rsquo;\u00e9t\u00e9 de l&rsquo;association Helicoop"},"content":{"rendered":"<p><a href=\"https:\/\/saintdieinfo.fr\/wp-content\/uploads\/2023\/07\/VisuHelicoop.jpg\" target=\"_blank\" rel=\"noopener\"><img decoding=\"async\" class=\"aligncenter wp-image-204494 size-large\" src=\"https:\/\/vosgesinfo.fr\/app\/uploads\/sites\/4\/2023\/07\/visuhelicoop.jpg\" alt=\"VisuHelicoop\" width=\"960\" height=\"540\" \/><\/a><\/p>\n<h2><strong><span style=\"font-size: 14pt;\">Depuis 1995, <span style=\"color: #3366ff;\"><a style=\"color: #3366ff;\" href=\"https:\/\/www.helicoop.fr\/\" target=\"_blank\" rel=\"noopener\">l&rsquo;association Heliccop<\/a><\/span> fait la promotion de l\u2019art et de la culture en milieu rural. Ses activit\u00e9s sont ancr\u00e9es dans les Biennales d\u2019art sur le Sentier des Passeurs, ainsi que dans la programmation r\u00e9guli\u00e8re de concerts, conf\u00e9rences, expositions, ateliers d\u2019\u00e9ducation artistique et culturelle. D\u00e9couvrez le programme de l\u2019\u00e9t\u00e9 concoct\u00e9 par Helicoop.<\/span><\/strong><\/h2>\n<p><!--more--><\/p>\n<h3><strong><span style=\"font-size: 12pt;\">EN JUILLET<\/span><\/strong><\/h3>\n<ul>\n<li><b>Du lundi 24 au mercredi 26 juillet <\/b>&#8211; Atelier d&rsquo;Education Artistique et Culturelle en partenariat avec Lor&rsquo;anim. Cr\u00e9ations de costumes et masques sur le th\u00e8me des l\u00e9gendes vosgiennes avec la plasticienne Marina Bristot. Inscriptions Lor&rsquo;anim<\/li>\n<li><b>Samedi 29 juillet <\/b>\u2013 Dans le cadre des spectacles gratuits de l&rsquo;Et\u00e9 en Grand organis\u00e9 par le P\u00f4le Culture de la Communaut\u00e9 d&rsquo;Agglom\u00e9ration de Saint-Di\u00e9-des-Vosges : En Corps une histoire par la Cie L\u00e8ve un peu les bras. Spectacle jeune public \u00e0 partir de 3 ans. Dur\u00e9e : 1h. 10h Place du Harcholet \u00e0 Le Saulcy. Gratuit.<\/li>\n<li><b>Samedi 29 juillet <\/b>\u2013 Sortie d\u00e9couverte et cueillette de plantes sauvages sur le Sentier des Passeurs avec Aurore Lab de <i>Symbi\u2019Ose Nature <\/i>(Moussey) suivi d\u2019un ap\u00e9ro aux plantes. Rendez-vous \u00e0 14h au parking du Radier de Barfontaine. En for\u00eat pour la cueillette et \u00e0 H\u00e9licoop pour l&rsquo;ap\u00e9ro. Dur\u00e9e : 2h30. Payant : 5 euros\/personne.<\/li>\n<li><b>Samedi 29 juillet <\/b>&#8211; Soir\u00e9e d&rsquo;au revoir \u00e0 Eddy L. Harris pour sa premi\u00e8re p\u00e9riode de r\u00e9sidence. Beaucoup de surprises au programme. H\u00e9licoop \u00e0 19h00. Gratuit. En partenariat avec l&rsquo;association Caranusca.<\/li>\n<li><b>Dimanche 30 juillet <\/b>&#8211; Concert d&rsquo;Alte Voce en l&rsquo;\u00e9glise de la Petite Raon (polyphonies corses). En partenariat avec la commune de la Petite Raon. 16h00. Payant : 10\u20ac tarif unique.<\/li>\n<\/ul>\n<h3><strong><span style=\"font-size: 12pt;\">EN AO\u00dbT<\/span><\/strong><\/h3>\n<ul>\n<li><b>Samedi 5 ao\u00fbt <\/b>\u2013 Atelier artistique \u00e0 l&rsquo;Atelier de l&rsquo;Image Imprim\u00e9e de Senones. Journ\u00e9e cr\u00e9ation de peinture sur textile et customisation d\u2019habits avec Florent Meyer. Les int\u00e9ress\u00e9s et int\u00e9ress\u00e9es peuvent ramener des habits \u00e0 customiser, des draps ou des morceaux de tissus pour pouvoir peindre dessus. 5\u20ac par adulte et gratuit pour les enfants. 9h30 \u00e0 12h00 ou 14h00 \u00e0 16h30.<\/li>\n<li><b>Du lundi 7 au mercredi 9 ao\u00fbt <\/b>&#8211; Atelier d&rsquo;Education Artistique et Culturelle en partenariat avec Lor&rsquo;anim. Atelier stop motion avec la plasticienne Maria Luchankina. Inscriptions Lor&rsquo;anim.<\/li>\n<li><b>Samedi 19 ao\u00fbt <\/b>\u2013 Veill\u00e9e cont\u00e9e avec la Cie <i>Les Miroisques <\/i>Des gens qui content. H\u00e9licoop \u00e0 17h. ;Payant : 10 euros\/personne.<\/li>\n<li><b>Samedi 26 ao\u00fbt <\/b>\u2013 Concert sur le Sentier des Passeurs de l\u2019<i>Ensemble K <\/i>en partenariat avec le Festival Passeurs de musique de Vill\u00e9 \u00e0 13h30 au Radier de Barfontaine. Gratuit.<\/li>\n<li><b>Dimanche 27 ao\u00fbt <\/b>&#8211; Diffusion du documentaire de Jean Desmaison \u00ab Quand le forestier montre la lune \u00bb suivi d&rsquo;un \u00e9change anim\u00e9 par Raymond Gabriel de l&rsquo;association la For\u00eat de Tiragoutte. H\u00e9licoop \u00e0 17h. Gratuit.<\/li>\n<\/ul>\n<h3><strong><span style=\"font-size: 12pt;\">EN SEPTEMBRE<\/span><\/strong><\/h3>\n<ul>\n<li><b>Samedi 2 septembre <\/b>&#8211; Visite guid\u00e9e du Sentier des Passeurs avec Am\u00e9lie Jansen de l&rsquo;association Etc&#8230;terra. D\u00e9couvrir la faune et la flore du sentier, aborder la notion de territoire de la faune, observer les animaux migrateurs. Rendez-vous \u00e0 H\u00e9licoop \u00e0 9h00. Pr\u00e9voir un pique-nique et de bonnes chaussures. Retour \u00e0 16h30. Payant : 10\u20ac plein tarif \/ 7\u20ac tarif r\u00e9duit.<\/li>\n<li><b>Dimanche 3 septembre <\/b>&#8211; Ap\u00e9ro de cl\u00f4ture de la saison estivale et finissage de l&rsquo;exposition de Jamila Wallentin. Venez passer un bon moment avec nous \u00e0 partir de 18h00.<\/li>\n<li><b>Samedi 16 septembre <\/b>\u2013 Atelier artistique \u00e0 l&rsquo;Atelier de l&rsquo;Image Imprim\u00e9e de Senones. Journ\u00e9e cr\u00e9ation d\u2019affiches avec Papier G\u00e2chette (de Strasbourg). Journ\u00e9e consacr\u00e9e \u00e0 la r\u00e9alisation d\u2019affiches originales en utilisant de magnifiques caract\u00e8res d\u2019imprimerie. 5\u20ac par adulte et gratuit pour les enfants. 9h30 \u00e0 12h00 ou 14h00 \u00e0 16h30.<\/li>\n<\/ul>\n<h3><strong><span style=\"font-size: 12pt;\">TOUT AU LONG DE\u00a0L&rsquo;\u00c9T\u00c9<\/span><\/strong><\/h3>\n<ul>\n<li><b>Visites guid\u00e9es du Sentier des Passeurs. <\/b>Pendant les deux mois d\u2019\u00e9t\u00e9, des randonn\u00e9es guid\u00e9es du Sentier des Passeurs seront organis\u00e9es tous les weekends avec H\u00e9lo\u00efse, Hannah et B\u00e9r\u00e9nice, nos m\u00e9diatrices culturelles. Venez (re)d\u00e9couvrir les oeuvres des Biennales pass\u00e9es. Tarifs : Journ\u00e9e enti\u00e8re 10\u20ac plein tarif \/ 7\u20ac tarif r\u00e9duit. Demi journ\u00e9e 5\u20ac plein tarif \/ 3\u20ac tarif r\u00e9duit.<\/li>\n<li><b>Exposition dans la salle H\u00e9licoop. <\/b>L&rsquo;exposition de Jamila Wallentin sera visible tout l&rsquo;\u00e9t\u00e9 dans la salle d&rsquo;H\u00e9licoop aux horaires suivants : Mercredi 13h30-18h30; Jeudi 13h30-18h30; Vendredi 13h30-18h30; Samedi 10h30-18h30; Dimanche 10h30-18h30.<\/li>\n<\/ul>\n<h3><strong><span style=\"font-size: 12pt;\">Renseignements et r\u00e9servation<\/span><\/strong><\/h3>\n<p>Courriel : <a href=\"mailto:katia.brandel@helicoop.fr\" target=\"_blank\" rel=\"noopener\">katia.brandel@helicoop.fr<\/a> &#8211; Mobile : 07 81 88 14 14<\/p>\n<p><a href=\"https:\/\/www.helicoop.fr\" target=\"_blank\" rel=\"noopener\">www.helicoop.fr<\/a><\/p>\n<p><a href=\"https:\/\/www.facebook.com\/helicoopasseurs\" target=\"_blank\" rel=\"noopener\">https:\/\/www.facebook.com\/helicoopasseurs<\/a><\/p>\n<p><a href=\"https:\/\/www.instagram.com\/helicoop_vosges\/\" target=\"_blank\" rel=\"noopener\">https:\/\/www.instagram.com\/helicoop_vosges\/<\/a><\/p>\n<p>&#8211;<\/p>\n<p>Source : <a href=\"https:\/\/www.vosgesmag.fr\" target=\"_blank\" rel=\"noopener\">www.vosgesmag.fr<\/a><\/p>\n","protected":false},"excerpt":{"rendered":"<p>Depuis 1995, l&rsquo;association Heliccop fait la promotion de l\u2019art et de la culture en milieu rural. Ses activit\u00e9s sont ancr\u00e9es [&hellip;]<\/p>\n","protected":false},"author":44,"featured_media":26032,"comment_status":"open","ping_status":"open","sticky":false,"template":"","format":"standard","meta":{"footnotes":""},"categories":[460,2915,17],"tags":[4399,3024],"class_list":["post-26033","post","type-post","status-publish","format-standard","has-post-thumbnail","hentry","category-a-la-une","category-saint-die-son-canton","category-vie-associative","tag-helicoop","tag-vosges-mag"],"acf":[],"yoast_head":"<!-- This site is optimized with the Yoast SEO plugin v22.5 - https:\/\/yoast.com\/wordpress\/plugins\/seo\/ -->\n<title>Le programme de l&#039;\u00e9t\u00e9 de l&#039;association Helicoop - Saint Die Info<\/title>\n<meta name=\"robots\" content=\"index, follow, max-snippet:-1, max-image-preview:large, max-video-preview:-1\" \/>\n<link rel=\"canonical\" href=\"https:\/\/vosgesinfo.fr\/saintdieinfo\/2023\/07\/programme-de-lete-de-lassociation-helicoop\/\" \/>\n<meta name=\"twitter:card\" content=\"summary_large_image\" \/>\n<meta name=\"twitter:title\" content=\"Le programme de l&#039;\u00e9t\u00e9 de l&#039;association Helicoop - Saint Die Info\" \/>\n<meta name=\"twitter:description\" content=\"Depuis 1995, l&rsquo;association Heliccop fait la promotion de l\u2019art et de la culture en milieu rural. Ses activit\u00e9s sont ancr\u00e9es [&hellip;]\" \/>\n<meta name=\"twitter:image\" content=\"https:\/\/vosgesinfo.fr\/app\/uploads\/sites\/4\/2023\/07\/visuhelicoop.jpg\" \/>\n<meta name=\"twitter:creator\" content=\"@VosgesInfo88\" \/>\n<meta name=\"twitter:site\" content=\"@VosgesInfo88\" \/>\n<meta name=\"twitter:label1\" content=\"\u00c9crit par\" \/>\n\t<meta name=\"twitter:data1\" content=\"la r\u00e9daction\" \/>\n\t<meta name=\"twitter:label2\" content=\"Dur\u00e9e de lecture estim\u00e9e\" \/>\n\t<meta name=\"twitter:data2\" content=\"4 minutes\" \/>\n<script type=\"application\/ld+json\" class=\"yoast-schema-graph\">{\"@context\":\"https:\/\/schema.org\",\"@graph\":[{\"@type\":\"Article\",\"@id\":\"https:\/\/vosgesinfo.fr\/saintdieinfo\/2023\/07\/programme-de-lete-de-lassociation-helicoop\/#article\",\"isPartOf\":{\"@id\":\"https:\/\/vosgesinfo.fr\/saintdieinfo\/2023\/07\/programme-de-lete-de-lassociation-helicoop\/\"},\"author\":{\"name\":\"la r\u00e9daction\",\"@id\":\"https:\/\/vosgesinfo.fr\/saintdieinfo\/#\/schema\/person\/faee6704a21f3977511db84bd1cd450f\"},\"headline\":\"Le programme de l&rsquo;\u00e9t\u00e9 de l&rsquo;association Helicoop\",\"datePublished\":\"2023-07-27T07:29:03+00:00\",\"dateModified\":\"2024-02-27T16:00:52+00:00\",\"mainEntityOfPage\":{\"@id\":\"https:\/\/vosgesinfo.fr\/saintdieinfo\/2023\/07\/programme-de-lete-de-lassociation-helicoop\/\"},\"wordCount\":771,\"commentCount\":0,\"publisher\":{\"@id\":\"https:\/\/vosgesinfo.fr\/saintdieinfo\/#organization\"},\"image\":{\"@id\":\"https:\/\/vosgesinfo.fr\/saintdieinfo\/2023\/07\/programme-de-lete-de-lassociation-helicoop\/#primaryimage\"},\"thumbnailUrl\":\"https:\/\/vosgesinfo.fr\/app\/uploads\/sites\/4\/2023\/07\/visuhelicoop.jpg\",\"keywords\":[\"helicoop\",\"Vosges Mag\"],\"articleSection\":[\"A la Une\",\"Saint-Di\u00e9-des-Vosges et son Agglom\u00e9ration\",\"Vie Associative\"],\"inLanguage\":\"fr-FR\",\"potentialAction\":[{\"@type\":\"CommentAction\",\"name\":\"Comment\",\"target\":[\"https:\/\/vosgesinfo.fr\/saintdieinfo\/2023\/07\/programme-de-lete-de-lassociation-helicoop\/#respond\"]}]},{\"@type\":\"WebPage\",\"@id\":\"https:\/\/vosgesinfo.fr\/saintdieinfo\/2023\/07\/programme-de-lete-de-lassociation-helicoop\/\",\"url\":\"https:\/\/vosgesinfo.fr\/saintdieinfo\/2023\/07\/programme-de-lete-de-lassociation-helicoop\/\",\"name\":\"Le programme de l'\u00e9t\u00e9 de l'association Helicoop - Saint Die Info\",\"isPartOf\":{\"@id\":\"https:\/\/vosgesinfo.fr\/saintdieinfo\/#website\"},\"primaryImageOfPage\":{\"@id\":\"https:\/\/vosgesinfo.fr\/saintdieinfo\/2023\/07\/programme-de-lete-de-lassociation-helicoop\/#primaryimage\"},\"image\":{\"@id\":\"https:\/\/vosgesinfo.fr\/saintdieinfo\/2023\/07\/programme-de-lete-de-lassociation-helicoop\/#primaryimage\"},\"thumbnailUrl\":\"https:\/\/vosgesinfo.fr\/app\/uploads\/sites\/4\/2023\/07\/visuhelicoop.jpg\",\"datePublished\":\"2023-07-27T07:29:03+00:00\",\"dateModified\":\"2024-02-27T16:00:52+00:00\",\"breadcrumb\":{\"@id\":\"https:\/\/vosgesinfo.fr\/saintdieinfo\/2023\/07\/programme-de-lete-de-lassociation-helicoop\/#breadcrumb\"},\"inLanguage\":\"fr-FR\",\"potentialAction\":[{\"@type\":\"ReadAction\",\"target\":[\"https:\/\/vosgesinfo.fr\/saintdieinfo\/2023\/07\/programme-de-lete-de-lassociation-helicoop\/\"]}]},{\"@type\":\"ImageObject\",\"inLanguage\":\"fr-FR\",\"@id\":\"https:\/\/vosgesinfo.fr\/saintdieinfo\/2023\/07\/programme-de-lete-de-lassociation-helicoop\/#primaryimage\",\"url\":\"https:\/\/vosgesinfo.fr\/app\/uploads\/sites\/4\/2023\/07\/visuhelicoop.jpg\",\"contentUrl\":\"https:\/\/vosgesinfo.fr\/app\/uploads\/sites\/4\/2023\/07\/visuhelicoop.jpg\",\"width\":1600,\"height\":900},{\"@type\":\"BreadcrumbList\",\"@id\":\"https:\/\/vosgesinfo.fr\/saintdieinfo\/2023\/07\/programme-de-lete-de-lassociation-helicoop\/#breadcrumb\",\"itemListElement\":[{\"@type\":\"ListItem\",\"position\":1,\"name\":\"Home\",\"item\":\"https:\/\/vosgesinfo.fr\/saintdieinfo\/\"},{\"@type\":\"ListItem\",\"position\":2,\"name\":\"Le programme de l&rsquo;\u00e9t\u00e9 de l&rsquo;association Helicoop\"}]},{\"@type\":\"WebSite\",\"@id\":\"https:\/\/vosgesinfo.fr\/saintdieinfo\/#website\",\"url\":\"https:\/\/vosgesinfo.fr\/saintdieinfo\/\",\"name\":\"Saint Die Info\",\"description\":\"Toute l&#039;actualit\u00e9 de Saint-Di\u00e9-Des-Vosges\",\"publisher\":{\"@id\":\"https:\/\/vosgesinfo.fr\/saintdieinfo\/#organization\"},\"alternateName\":\"Toute l'actualit\u00e9 de Saint-Di\u00e9-Des-Vosges\",\"potentialAction\":[{\"@type\":\"SearchAction\",\"target\":{\"@type\":\"EntryPoint\",\"urlTemplate\":\"https:\/\/vosgesinfo.fr\/saintdieinfo\/?s={search_term_string}\"},\"query-input\":\"required name=search_term_string\"}],\"inLanguage\":\"fr-FR\"},{\"@type\":\"Organization\",\"@id\":\"https:\/\/vosgesinfo.fr\/saintdieinfo\/#organization\",\"name\":\"Saint Die Info\",\"url\":\"https:\/\/vosgesinfo.fr\/saintdieinfo\/\",\"logo\":{\"@type\":\"ImageObject\",\"inLanguage\":\"fr-FR\",\"@id\":\"https:\/\/vosgesinfo.fr\/saintdieinfo\/#\/schema\/logo\/image\/\",\"url\":\"https:\/\/vosgesinfo.fr\/app\/uploads\/sites\/4\/2024\/02\/logo-sdi.jpg\",\"contentUrl\":\"https:\/\/vosgesinfo.fr\/app\/uploads\/sites\/4\/2024\/02\/logo-sdi.jpg\",\"width\":600,\"height\":600,\"caption\":\"Saint Die Info\"},\"image\":{\"@id\":\"https:\/\/vosgesinfo.fr\/saintdieinfo\/#\/schema\/logo\/image\/\"},\"sameAs\":[\"https:\/\/www.facebook.com\/Saintdieinfofr\",\"https:\/\/x.com\/VosgesInfo88\",\"https:\/\/www.youtube.com\/@vosgesinfo\"]},{\"@type\":\"Person\",\"@id\":\"https:\/\/vosgesinfo.fr\/saintdieinfo\/#\/schema\/person\/faee6704a21f3977511db84bd1cd450f\",\"name\":\"la r\u00e9daction\",\"image\":{\"@type\":\"ImageObject\",\"inLanguage\":\"fr-FR\",\"@id\":\"https:\/\/vosgesinfo.fr\/saintdieinfo\/#\/schema\/person\/image\/\",\"url\":\"https:\/\/secure.gravatar.com\/avatar\/6673d8bc6a9c17fa9a453eaa3448de834fa308c2ec9635b7aa99441a7c8d2cf6?s=96&d=mm&r=g\",\"contentUrl\":\"https:\/\/secure.gravatar.com\/avatar\/6673d8bc6a9c17fa9a453eaa3448de834fa308c2ec9635b7aa99441a7c8d2cf6?s=96&d=mm&r=g\",\"caption\":\"la r\u00e9daction\"},\"url\":\"https:\/\/vosgesinfo.fr\/saintdieinfo\/author\/redac\/\"}]}<\/script>\n<!-- \/ Yoast SEO plugin. -->","yoast_head_json":{"title":"Le programme de l'\u00e9t\u00e9 de l'association Helicoop - Saint Die Info","robots":{"index":"index","follow":"follow","max-snippet":"max-snippet:-1","max-image-preview":"max-image-preview:large","max-video-preview":"max-video-preview:-1"},"canonical":"https:\/\/vosgesinfo.fr\/saintdieinfo\/2023\/07\/programme-de-lete-de-lassociation-helicoop\/","twitter_card":"summary_large_image","twitter_title":"Le programme de l'\u00e9t\u00e9 de l'association Helicoop - Saint Die Info","twitter_description":"Depuis 1995, l&rsquo;association Heliccop fait la promotion de l\u2019art et de la culture en milieu rural. Ses activit\u00e9s sont ancr\u00e9es [&hellip;]","twitter_image":"https:\/\/vosgesinfo.fr\/app\/uploads\/sites\/4\/2023\/07\/visuhelicoop.jpg","twitter_creator":"@VosgesInfo88","twitter_site":"@VosgesInfo88","twitter_misc":{"\u00c9crit par":"la r\u00e9daction","Dur\u00e9e de lecture estim\u00e9e":"4 minutes"},"schema":{"@context":"https:\/\/schema.org","@graph":[{"@type":"Article","@id":"https:\/\/vosgesinfo.fr\/saintdieinfo\/2023\/07\/programme-de-lete-de-lassociation-helicoop\/#article","isPartOf":{"@id":"https:\/\/vosgesinfo.fr\/saintdieinfo\/2023\/07\/programme-de-lete-de-lassociation-helicoop\/"},"author":{"name":"la r\u00e9daction","@id":"https:\/\/vosgesinfo.fr\/saintdieinfo\/#\/schema\/person\/faee6704a21f3977511db84bd1cd450f"},"headline":"Le programme de l&rsquo;\u00e9t\u00e9 de l&rsquo;association Helicoop","datePublished":"2023-07-27T07:29:03+00:00","dateModified":"2024-02-27T16:00:52+00:00","mainEntityOfPage":{"@id":"https:\/\/vosgesinfo.fr\/saintdieinfo\/2023\/07\/programme-de-lete-de-lassociation-helicoop\/"},"wordCount":771,"commentCount":0,"publisher":{"@id":"https:\/\/vosgesinfo.fr\/saintdieinfo\/#organization"},"image":{"@id":"https:\/\/vosgesinfo.fr\/saintdieinfo\/2023\/07\/programme-de-lete-de-lassociation-helicoop\/#primaryimage"},"thumbnailUrl":"https:\/\/vosgesinfo.fr\/app\/uploads\/sites\/4\/2023\/07\/visuhelicoop.jpg","keywords":["helicoop","Vosges Mag"],"articleSection":["A la Une","Saint-Di\u00e9-des-Vosges et son Agglom\u00e9ration","Vie Associative"],"inLanguage":"fr-FR","potentialAction":[{"@type":"CommentAction","name":"Comment","target":["https:\/\/vosgesinfo.fr\/saintdieinfo\/2023\/07\/programme-de-lete-de-lassociation-helicoop\/#respond"]}]},{"@type":"WebPage","@id":"https:\/\/vosgesinfo.fr\/saintdieinfo\/2023\/07\/programme-de-lete-de-lassociation-helicoop\/","url":"https:\/\/vosgesinfo.fr\/saintdieinfo\/2023\/07\/programme-de-lete-de-lassociation-helicoop\/","name":"Le programme de l'\u00e9t\u00e9 de l'association Helicoop - Saint Die Info","isPartOf":{"@id":"https:\/\/vosgesinfo.fr\/saintdieinfo\/#website"},"primaryImageOfPage":{"@id":"https:\/\/vosgesinfo.fr\/saintdieinfo\/2023\/07\/programme-de-lete-de-lassociation-helicoop\/#primaryimage"},"image":{"@id":"https:\/\/vosgesinfo.fr\/saintdieinfo\/2023\/07\/programme-de-lete-de-lassociation-helicoop\/#primaryimage"},"thumbnailUrl":"https:\/\/vosgesinfo.fr\/app\/uploads\/sites\/4\/2023\/07\/visuhelicoop.jpg","datePublished":"2023-07-27T07:29:03+00:00","dateModified":"2024-02-27T16:00:52+00:00","breadcrumb":{"@id":"https:\/\/vosgesinfo.fr\/saintdieinfo\/2023\/07\/programme-de-lete-de-lassociation-helicoop\/#breadcrumb"},"inLanguage":"fr-FR","potentialAction":[{"@type":"ReadAction","target":["https:\/\/vosgesinfo.fr\/saintdieinfo\/2023\/07\/programme-de-lete-de-lassociation-helicoop\/"]}]},{"@type":"ImageObject","inLanguage":"fr-FR","@id":"https:\/\/vosgesinfo.fr\/saintdieinfo\/2023\/07\/programme-de-lete-de-lassociation-helicoop\/#primaryimage","url":"https:\/\/vosgesinfo.fr\/app\/uploads\/sites\/4\/2023\/07\/visuhelicoop.jpg","contentUrl":"https:\/\/vosgesinfo.fr\/app\/uploads\/sites\/4\/2023\/07\/visuhelicoop.jpg","width":1600,"height":900},{"@type":"BreadcrumbList","@id":"https:\/\/vosgesinfo.fr\/saintdieinfo\/2023\/07\/programme-de-lete-de-lassociation-helicoop\/#breadcrumb","itemListElement":[{"@type":"ListItem","position":1,"name":"Home","item":"https:\/\/vosgesinfo.fr\/saintdieinfo\/"},{"@type":"ListItem","position":2,"name":"Le programme de l&rsquo;\u00e9t\u00e9 de l&rsquo;association Helicoop"}]},{"@type":"WebSite","@id":"https:\/\/vosgesinfo.fr\/saintdieinfo\/#website","url":"https:\/\/vosgesinfo.fr\/saintdieinfo\/","name":"Saint Die Info","description":"Toute l&#039;actualit\u00e9 de Saint-Di\u00e9-Des-Vosges","publisher":{"@id":"https:\/\/vosgesinfo.fr\/saintdieinfo\/#organization"},"alternateName":"Toute l'actualit\u00e9 de Saint-Di\u00e9-Des-Vosges","potentialAction":[{"@type":"SearchAction","target":{"@type":"EntryPoint","urlTemplate":"https:\/\/vosgesinfo.fr\/saintdieinfo\/?s={search_term_string}"},"query-input":"required name=search_term_string"}],"inLanguage":"fr-FR"},{"@type":"Organization","@id":"https:\/\/vosgesinfo.fr\/saintdieinfo\/#organization","name":"Saint Die Info","url":"https:\/\/vosgesinfo.fr\/saintdieinfo\/","logo":{"@type":"ImageObject","inLanguage":"fr-FR","@id":"https:\/\/vosgesinfo.fr\/saintdieinfo\/#\/schema\/logo\/image\/","url":"https:\/\/vosgesinfo.fr\/app\/uploads\/sites\/4\/2024\/02\/logo-sdi.jpg","contentUrl":"https:\/\/vosgesinfo.fr\/app\/uploads\/sites\/4\/2024\/02\/logo-sdi.jpg","width":600,"height":600,"caption":"Saint Die Info"},"image":{"@id":"https:\/\/vosgesinfo.fr\/saintdieinfo\/#\/schema\/logo\/image\/"},"sameAs":["https:\/\/www.facebook.com\/Saintdieinfofr","https:\/\/x.com\/VosgesInfo88","https:\/\/www.youtube.com\/@vosgesinfo"]},{"@type":"Person","@id":"https:\/\/vosgesinfo.fr\/saintdieinfo\/#\/schema\/person\/faee6704a21f3977511db84bd1cd450f","name":"la r\u00e9daction","image":{"@type":"ImageObject","inLanguage":"fr-FR","@id":"https:\/\/vosgesinfo.fr\/saintdieinfo\/#\/schema\/person\/image\/","url":"https:\/\/secure.gravatar.com\/avatar\/6673d8bc6a9c17fa9a453eaa3448de834fa308c2ec9635b7aa99441a7c8d2cf6?s=96&d=mm&r=g","contentUrl":"https:\/\/secure.gravatar.com\/avatar\/6673d8bc6a9c17fa9a453eaa3448de834fa308c2ec9635b7aa99441a7c8d2cf6?s=96&d=mm&r=g","caption":"la r\u00e9daction"},"url":"https:\/\/vosgesinfo.fr\/saintdieinfo\/author\/redac\/"}]}},"_links":{"self":[{"href":"https:\/\/vosgesinfo.fr\/saintdieinfo\/wp-json\/wp\/v2\/posts\/26033","targetHints":{"allow":["GET"]}}],"collection":[{"href":"https:\/\/vosgesinfo.fr\/saintdieinfo\/wp-json\/wp\/v2\/posts"}],"about":[{"href":"https:\/\/vosgesinfo.fr\/saintdieinfo\/wp-json\/wp\/v2\/types\/post"}],"author":[{"embeddable":true,"href":"https:\/\/vosgesinfo.fr\/saintdieinfo\/wp-json\/wp\/v2\/users\/44"}],"replies":[{"embeddable":true,"href":"https:\/\/vosgesinfo.fr\/saintdieinfo\/wp-json\/wp\/v2\/comments?post=26033"}],"version-history":[{"count":1,"href":"https:\/\/vosgesinfo.fr\/saintdieinfo\/wp-json\/wp\/v2\/posts\/26033\/revisions"}],"predecessor-version":[{"id":29448,"href":"https:\/\/vosgesinfo.fr\/saintdieinfo\/wp-json\/wp\/v2\/posts\/26033\/revisions\/29448"}],"wp:featuredmedia":[{"embeddable":true,"href":"https:\/\/vosgesinfo.fr\/saintdieinfo\/wp-json\/wp\/v2\/media\/26032"}],"wp:attachment":[{"href":"https:\/\/vosgesinfo.fr\/saintdieinfo\/wp-json\/wp\/v2\/media?parent=26033"}],"wp:term":[{"taxonomy":"category","embeddable":true,"href":"https:\/\/vosgesinfo.fr\/saintdieinfo\/wp-json\/wp\/v2\/categories?post=26033"},{"taxonomy":"post_tag","embeddable":true,"href":"https:\/\/vosgesinfo.fr\/saintdieinfo\/wp-json\/wp\/v2\/tags?post=26033"}],"curies":[{"name":"wp","href":"https:\/\/api.w.org\/{rel}","templated":true}]}}