{"id":26068,"date":"2023-07-29T11:01:39","date_gmt":"2023-07-29T09:01:39","guid":{"rendered":"https:\/\/vosgesinfo.fr\/saintdieinfo\/2023\/07\/se-remettre-selle-a-velo-lassociation-temps-deodatie\/"},"modified":"2024-02-27T17:00:57","modified_gmt":"2024-02-27T16:00:57","slug":"se-remettre-selle-a-velo-lassociation-temps-deodatie","status":"publish","type":"post","link":"https:\/\/vosgesinfo.fr\/saintdieinfo\/2023\/07\/se-remettre-selle-a-velo-lassociation-temps-deodatie\/","title":{"rendered":"Se remettre en selle \u00e0 v\u00e9lo avec l&rsquo;association \u00ab\u00a0Il est encore temps en D\u00e9odatie\u00a0\u00bb"},"content":{"rendered":"\n<h2><strong><span style=\"font-family: Calibri, sans-serif; font-size: 14pt;\">L&rsquo;association \u00ab\u00a0Il est encore temps en D\u00e9odatie\u00a0\u00bb organisait ce samedi matin une s\u00e9ance de remise en selle devant l&rsquo;espace G\u00e9rard-Philipe du quartier Kellermann, la troisi\u00e8me et derni\u00e8re de \u00ab\u00a0l&rsquo;Et\u00e9 en grand\u00a0\u00bb.<\/span><\/strong><\/h2>\n<p><!--more--><span style=\"font-family: Calibri, sans-serif;\">Comme lors des 2 pr\u00e9c\u00e9dentes, le public n&rsquo;\u00e9tait pas pr\u00e9sent au rendez-vous. Mais qu&rsquo;importe pour Cyril Tisserand et Philippe Agn\u00e8s, tous 2 adh\u00e9rents de l&rsquo;association et animateurs des s\u00e9ances, car il s&rsquo;agira maintenant de r\u00e9fl\u00e9chir pour proposer une initiative similaire \u00e0 l&rsquo;avenir, mais sous une forme diff\u00e9rente. \u00ab\u00a0C&rsquo;est la premi\u00e8re fois que nous organisons ces s\u00e9ances de remise en selle. On a tent\u00e9, on voulait voir ce que \u00e7a allait donner\u00a0\u00bb souligne Cyril Tisserand, qui est actuellement animateur mobilit\u00e9 v\u00e9lo aupr\u00e8s de l&rsquo;association lun\u00e9villoise \u00ab\u00a0V\u00e9lolune\u00a0\u00bb.<\/span><\/p>\n<p><span style=\"font-family: Calibri, sans-serif;\">Pour bien se remettre en selle sans \u00eatre mont\u00e9 sur un v\u00e9lo depuis des ann\u00e9es, il est tout d&rsquo;abord n\u00e9cessaire de bien v\u00e9rifier l&rsquo;\u00e9tat de son 2 roues\u00a0: la selle, les freins, les pneus, si la potence tient bien, si les diff\u00e9rents bouchons sont bien en place pour \u00e9viter de se blesser&#8230; il ne faut \u00e9galement pas oublier de porter un casque, bien r\u00e9gl\u00e9 et qui n&rsquo;a pas d\u00e9j\u00e0 subi de choc. Le tout en sachant qu&rsquo;un casque se change environ tous les 5 ans.<\/span><\/p>\n<p><span style=\"font-family: Calibri, sans-serif;\">Outre ces aspects relatifs \u00e0 l&rsquo;\u00e9quipement du cycliste, ces remises en selle sont aussi l&rsquo;occasion de retrouver confiance sur un v\u00e9lo, via des exercices de maniabilit\u00e9. Avec par exemple des exercices de freinage ou de slalom entre des plots. Enfin, les s\u00e9ances permettaient de r\u00e9viser la signal\u00e9tique sp\u00e9cifique aux cyclistes, tout en se mettant \u00e0 jour sur les nouveaux panneaux entr\u00e9s r\u00e9cemment en vigueur. C&rsquo;est le cas notamment du panneau dit \u00ab\u00a0M12\u00a0\u00bb, qui correspond \u00e0 un c\u00e9dez-le-passage cycliste. Ces derniers pouvant passer quand un feu tricolore est au rouge, dans la ou les direction(s) indiqu\u00e9e(s) par le panneau.<\/span><\/p>\n<p><span style=\"font-family: Calibri, sans-serif;\">Cyril Tisserand et Philippe Agn\u00e8s en sont convaincus, le v\u00e9lo va prendre de plus en plus de place dans les ann\u00e9es \u00e0 venir. En France, dans la R\u00e9gion et en D\u00e9odatie. \u00ab\u00a0Le Gouvernement investit 2 milliards d&rsquo;\u20ac d&rsquo;ici 2027 dans le cadre du plan v\u00e9lo, le Grand Est a affich\u00e9 sa volont\u00e9 de devenir la premi\u00e8re r\u00e9gion cyclable de France, <span style=\"color: #3366ff;\"><a style=\"color: #3366ff;\" href=\"https:\/\/saintdieinfo.fr\/2022\/07\/velorution-promouvoir-velo-a-saint-die-vosges\/\" target=\"_blank\" rel=\"noopener\">et localement il y a une dynamique qui s&rsquo;est cr\u00e9\u00e9e depuis la premi\u00e8re \u00ab\u00a0V\u00e9lorution\u00a0\u00bb.<\/a><\/span> On n&rsquo;en est encore qu&rsquo;au tout d\u00e9but \u00e0 Saint-Di\u00e9-des-Vosges, il y a beaucoup de choses \u00e0 faire, mais on va monter en puissance.\u00a0\u00bb <\/span><\/p>\n<p><span style=\"font-family: Calibri, sans-serif;\"><span style=\"color: #3366ff;\"><a style=\"color: #3366ff;\" href=\"https:\/\/saintdieinfo.fr\/2023\/07\/marquages-cyclistes-ronds-points-de-saint-die-vosges\/\" target=\"_blank\" rel=\"noopener\">R\u00e9cemment, des marquages ont ainsi \u00e9t\u00e9 r\u00e9alis\u00e9s au sol par des agents municipaux dans 6 ronds-points d\u00e9odatiens.<\/a><\/span> Ces marquages d\u00e9coulent du travail de la commission v\u00e9lo de Saint-Di\u00e9-des-Vosges, cr\u00e9\u00e9e apr\u00e8s la premi\u00e8re V\u00e9lorution et apr\u00e8s l&rsquo;\u00e9lection de Bruno Toussaint, \u00e0 laquelle participe activement \u00ab\u00a0Il est encore temps en D\u00e9odatie\u00a0\u00bb. Le d\u00e9veloppement des pistes cyclables, avec une coh\u00e9rence dans le plan de circulation, est l&rsquo;une des principales revendications port\u00e9es par l&rsquo;association, qui organise par ailleurs une balade en v\u00e9lo nocturne \u00e0 travers la cit\u00e9 d\u00e9odatienne le 17 ao\u00fbt prochain. Celle initialement pr\u00e9vue mardi dernier ayant \u00e9t\u00e9 annul\u00e9e \u00e0 cause de la m\u00e9t\u00e9o.<\/span><\/p>\n<p>J.J.<\/p>\n","protected":false},"excerpt":{"rendered":"<p>L&rsquo;association \u00ab\u00a0Il est encore temps en D\u00e9odatie\u00a0\u00bb organisait ce samedi matin une s\u00e9ance de remise en selle devant l&rsquo;espace G\u00e9rard-Philipe [&hellip;]<\/p>\n","protected":false},"author":44,"featured_media":26069,"comment_status":"open","ping_status":"open","sticky":false,"template":"","format":"standard","meta":{"footnotes":""},"categories":[460,2915,17],"tags":[4408,2967,3200,4409],"class_list":["post-26068","post","type-post","status-publish","format-standard","has-post-thumbnail","hentry","category-a-la-une","category-saint-die-son-canton","category-vie-associative","tag-espace-gerard-philipe","tag-ete-en-grand-a-saint-die-des-vosges","tag-il-est-encore-temps-en-deodatie","tag-seance-de-remise-en-selle"],"acf":[],"yoast_head":"<!-- This site is optimized with the Yoast SEO plugin v22.5 - https:\/\/yoast.com\/wordpress\/plugins\/seo\/ -->\n<title>Se remettre en selle \u00e0 v\u00e9lo avec l&#039;association &quot;Il est encore temps en D\u00e9odatie&quot; - Saint Die Info<\/title>\n<meta name=\"robots\" content=\"index, follow, max-snippet:-1, max-image-preview:large, max-video-preview:-1\" \/>\n<link rel=\"canonical\" href=\"https:\/\/vosgesinfo.fr\/saintdieinfo\/2023\/07\/se-remettre-selle-a-velo-lassociation-temps-deodatie\/\" \/>\n<meta name=\"twitter:card\" content=\"summary_large_image\" \/>\n<meta name=\"twitter:title\" content=\"Se remettre en selle \u00e0 v\u00e9lo avec l&#039;association &quot;Il est encore temps en D\u00e9odatie&quot; - Saint Die Info\" \/>\n<meta name=\"twitter:description\" content=\"L&rsquo;association \u00ab\u00a0Il est encore temps en D\u00e9odatie\u00a0\u00bb organisait ce samedi matin une s\u00e9ance de remise en selle devant l&rsquo;espace G\u00e9rard-Philipe [&hellip;]\" \/>\n<meta name=\"twitter:image\" content=\"https:\/\/vosgesinfo.fr\/app\/uploads\/sites\/4\/2023\/07\/remise-en-selle-il-est-encore-temps-1.jpg\" \/>\n<meta name=\"twitter:creator\" content=\"@VosgesInfo88\" \/>\n<meta name=\"twitter:site\" content=\"@VosgesInfo88\" \/>\n<meta name=\"twitter:label1\" content=\"\u00c9crit par\" \/>\n\t<meta name=\"twitter:data1\" content=\"la r\u00e9daction\" \/>\n\t<meta name=\"twitter:label2\" content=\"Dur\u00e9e de lecture estim\u00e9e\" \/>\n\t<meta name=\"twitter:data2\" content=\"3 minutes\" \/>\n<script type=\"application\/ld+json\" class=\"yoast-schema-graph\">{\"@context\":\"https:\/\/schema.org\",\"@graph\":[{\"@type\":\"Article\",\"@id\":\"https:\/\/vosgesinfo.fr\/saintdieinfo\/2023\/07\/se-remettre-selle-a-velo-lassociation-temps-deodatie\/#article\",\"isPartOf\":{\"@id\":\"https:\/\/vosgesinfo.fr\/saintdieinfo\/2023\/07\/se-remettre-selle-a-velo-lassociation-temps-deodatie\/\"},\"author\":{\"name\":\"la r\u00e9daction\",\"@id\":\"https:\/\/vosgesinfo.fr\/saintdieinfo\/#\/schema\/person\/faee6704a21f3977511db84bd1cd450f\"},\"headline\":\"Se remettre en selle \u00e0 v\u00e9lo avec l&rsquo;association \u00ab\u00a0Il est encore temps en D\u00e9odatie\u00a0\u00bb\",\"datePublished\":\"2023-07-29T09:01:39+00:00\",\"dateModified\":\"2024-02-27T16:00:57+00:00\",\"mainEntityOfPage\":{\"@id\":\"https:\/\/vosgesinfo.fr\/saintdieinfo\/2023\/07\/se-remettre-selle-a-velo-lassociation-temps-deodatie\/\"},\"wordCount\":601,\"commentCount\":0,\"publisher\":{\"@id\":\"https:\/\/vosgesinfo.fr\/saintdieinfo\/#organization\"},\"image\":{\"@id\":\"https:\/\/vosgesinfo.fr\/saintdieinfo\/2023\/07\/se-remettre-selle-a-velo-lassociation-temps-deodatie\/#primaryimage\"},\"thumbnailUrl\":\"https:\/\/vosgesinfo.fr\/app\/uploads\/sites\/4\/2023\/07\/remise-en-selle-il-est-encore-temps-1.jpg\",\"keywords\":[\"Espace G\u00e9rard-Philipe\",\"Et\u00e9 en grand \u00e0 Saint-Di\u00e9-des-Vosges\",\"Il est encore temps en D\u00e9odatie\",\"S\u00e9ance de remise en selle\"],\"articleSection\":[\"A la Une\",\"Saint-Di\u00e9-des-Vosges et son Agglom\u00e9ration\",\"Vie Associative\"],\"inLanguage\":\"fr-FR\",\"potentialAction\":[{\"@type\":\"CommentAction\",\"name\":\"Comment\",\"target\":[\"https:\/\/vosgesinfo.fr\/saintdieinfo\/2023\/07\/se-remettre-selle-a-velo-lassociation-temps-deodatie\/#respond\"]}]},{\"@type\":\"WebPage\",\"@id\":\"https:\/\/vosgesinfo.fr\/saintdieinfo\/2023\/07\/se-remettre-selle-a-velo-lassociation-temps-deodatie\/\",\"url\":\"https:\/\/vosgesinfo.fr\/saintdieinfo\/2023\/07\/se-remettre-selle-a-velo-lassociation-temps-deodatie\/\",\"name\":\"Se remettre en selle \u00e0 v\u00e9lo avec l'association \\\"Il est encore temps en D\u00e9odatie\\\" - Saint Die Info\",\"isPartOf\":{\"@id\":\"https:\/\/vosgesinfo.fr\/saintdieinfo\/#website\"},\"primaryImageOfPage\":{\"@id\":\"https:\/\/vosgesinfo.fr\/saintdieinfo\/2023\/07\/se-remettre-selle-a-velo-lassociation-temps-deodatie\/#primaryimage\"},\"image\":{\"@id\":\"https:\/\/vosgesinfo.fr\/saintdieinfo\/2023\/07\/se-remettre-selle-a-velo-lassociation-temps-deodatie\/#primaryimage\"},\"thumbnailUrl\":\"https:\/\/vosgesinfo.fr\/app\/uploads\/sites\/4\/2023\/07\/remise-en-selle-il-est-encore-temps-1.jpg\",\"datePublished\":\"2023-07-29T09:01:39+00:00\",\"dateModified\":\"2024-02-27T16:00:57+00:00\",\"breadcrumb\":{\"@id\":\"https:\/\/vosgesinfo.fr\/saintdieinfo\/2023\/07\/se-remettre-selle-a-velo-lassociation-temps-deodatie\/#breadcrumb\"},\"inLanguage\":\"fr-FR\",\"potentialAction\":[{\"@type\":\"ReadAction\",\"target\":[\"https:\/\/vosgesinfo.fr\/saintdieinfo\/2023\/07\/se-remettre-selle-a-velo-lassociation-temps-deodatie\/\"]}]},{\"@type\":\"ImageObject\",\"inLanguage\":\"fr-FR\",\"@id\":\"https:\/\/vosgesinfo.fr\/saintdieinfo\/2023\/07\/se-remettre-selle-a-velo-lassociation-temps-deodatie\/#primaryimage\",\"url\":\"https:\/\/vosgesinfo.fr\/app\/uploads\/sites\/4\/2023\/07\/remise-en-selle-il-est-encore-temps-1.jpg\",\"contentUrl\":\"https:\/\/vosgesinfo.fr\/app\/uploads\/sites\/4\/2023\/07\/remise-en-selle-il-est-encore-temps-1.jpg\",\"width\":1600,\"height\":1205},{\"@type\":\"BreadcrumbList\",\"@id\":\"https:\/\/vosgesinfo.fr\/saintdieinfo\/2023\/07\/se-remettre-selle-a-velo-lassociation-temps-deodatie\/#breadcrumb\",\"itemListElement\":[{\"@type\":\"ListItem\",\"position\":1,\"name\":\"Home\",\"item\":\"https:\/\/vosgesinfo.fr\/saintdieinfo\/\"},{\"@type\":\"ListItem\",\"position\":2,\"name\":\"Se remettre en selle \u00e0 v\u00e9lo avec l&rsquo;association \u00ab\u00a0Il est encore temps en D\u00e9odatie\u00a0\u00bb\"}]},{\"@type\":\"WebSite\",\"@id\":\"https:\/\/vosgesinfo.fr\/saintdieinfo\/#website\",\"url\":\"https:\/\/vosgesinfo.fr\/saintdieinfo\/\",\"name\":\"Saint Die Info\",\"description\":\"Toute l&#039;actualit\u00e9 de Saint-Di\u00e9-Des-Vosges\",\"publisher\":{\"@id\":\"https:\/\/vosgesinfo.fr\/saintdieinfo\/#organization\"},\"alternateName\":\"Toute l'actualit\u00e9 de Saint-Di\u00e9-Des-Vosges\",\"potentialAction\":[{\"@type\":\"SearchAction\",\"target\":{\"@type\":\"EntryPoint\",\"urlTemplate\":\"https:\/\/vosgesinfo.fr\/saintdieinfo\/?s={search_term_string}\"},\"query-input\":\"required name=search_term_string\"}],\"inLanguage\":\"fr-FR\"},{\"@type\":\"Organization\",\"@id\":\"https:\/\/vosgesinfo.fr\/saintdieinfo\/#organization\",\"name\":\"Saint Die Info\",\"url\":\"https:\/\/vosgesinfo.fr\/saintdieinfo\/\",\"logo\":{\"@type\":\"ImageObject\",\"inLanguage\":\"fr-FR\",\"@id\":\"https:\/\/vosgesinfo.fr\/saintdieinfo\/#\/schema\/logo\/image\/\",\"url\":\"https:\/\/vosgesinfo.fr\/app\/uploads\/sites\/4\/2024\/02\/logo-sdi.jpg\",\"contentUrl\":\"https:\/\/vosgesinfo.fr\/app\/uploads\/sites\/4\/2024\/02\/logo-sdi.jpg\",\"width\":600,\"height\":600,\"caption\":\"Saint Die Info\"},\"image\":{\"@id\":\"https:\/\/vosgesinfo.fr\/saintdieinfo\/#\/schema\/logo\/image\/\"},\"sameAs\":[\"https:\/\/www.facebook.com\/Saintdieinfofr\",\"https:\/\/x.com\/VosgesInfo88\",\"https:\/\/www.youtube.com\/@vosgesinfo\"]},{\"@type\":\"Person\",\"@id\":\"https:\/\/vosgesinfo.fr\/saintdieinfo\/#\/schema\/person\/faee6704a21f3977511db84bd1cd450f\",\"name\":\"la r\u00e9daction\",\"image\":{\"@type\":\"ImageObject\",\"inLanguage\":\"fr-FR\",\"@id\":\"https:\/\/vosgesinfo.fr\/saintdieinfo\/#\/schema\/person\/image\/\",\"url\":\"https:\/\/secure.gravatar.com\/avatar\/6673d8bc6a9c17fa9a453eaa3448de834fa308c2ec9635b7aa99441a7c8d2cf6?s=96&d=mm&r=g\",\"contentUrl\":\"https:\/\/secure.gravatar.com\/avatar\/6673d8bc6a9c17fa9a453eaa3448de834fa308c2ec9635b7aa99441a7c8d2cf6?s=96&d=mm&r=g\",\"caption\":\"la r\u00e9daction\"},\"url\":\"https:\/\/vosgesinfo.fr\/saintdieinfo\/author\/redac\/\"}]}<\/script>\n<!-- \/ Yoast SEO plugin. -->","yoast_head_json":{"title":"Se remettre en selle \u00e0 v\u00e9lo avec l'association \"Il est encore temps en D\u00e9odatie\" - Saint Die Info","robots":{"index":"index","follow":"follow","max-snippet":"max-snippet:-1","max-image-preview":"max-image-preview:large","max-video-preview":"max-video-preview:-1"},"canonical":"https:\/\/vosgesinfo.fr\/saintdieinfo\/2023\/07\/se-remettre-selle-a-velo-lassociation-temps-deodatie\/","twitter_card":"summary_large_image","twitter_title":"Se remettre en selle \u00e0 v\u00e9lo avec l'association \"Il est encore temps en D\u00e9odatie\" - Saint Die Info","twitter_description":"L&rsquo;association \u00ab\u00a0Il est encore temps en D\u00e9odatie\u00a0\u00bb organisait ce samedi matin une s\u00e9ance de remise en selle devant l&rsquo;espace G\u00e9rard-Philipe [&hellip;]","twitter_image":"https:\/\/vosgesinfo.fr\/app\/uploads\/sites\/4\/2023\/07\/remise-en-selle-il-est-encore-temps-1.jpg","twitter_creator":"@VosgesInfo88","twitter_site":"@VosgesInfo88","twitter_misc":{"\u00c9crit par":"la r\u00e9daction","Dur\u00e9e de lecture estim\u00e9e":"3 minutes"},"schema":{"@context":"https:\/\/schema.org","@graph":[{"@type":"Article","@id":"https:\/\/vosgesinfo.fr\/saintdieinfo\/2023\/07\/se-remettre-selle-a-velo-lassociation-temps-deodatie\/#article","isPartOf":{"@id":"https:\/\/vosgesinfo.fr\/saintdieinfo\/2023\/07\/se-remettre-selle-a-velo-lassociation-temps-deodatie\/"},"author":{"name":"la r\u00e9daction","@id":"https:\/\/vosgesinfo.fr\/saintdieinfo\/#\/schema\/person\/faee6704a21f3977511db84bd1cd450f"},"headline":"Se remettre en selle \u00e0 v\u00e9lo avec l&rsquo;association \u00ab\u00a0Il est encore temps en D\u00e9odatie\u00a0\u00bb","datePublished":"2023-07-29T09:01:39+00:00","dateModified":"2024-02-27T16:00:57+00:00","mainEntityOfPage":{"@id":"https:\/\/vosgesinfo.fr\/saintdieinfo\/2023\/07\/se-remettre-selle-a-velo-lassociation-temps-deodatie\/"},"wordCount":601,"commentCount":0,"publisher":{"@id":"https:\/\/vosgesinfo.fr\/saintdieinfo\/#organization"},"image":{"@id":"https:\/\/vosgesinfo.fr\/saintdieinfo\/2023\/07\/se-remettre-selle-a-velo-lassociation-temps-deodatie\/#primaryimage"},"thumbnailUrl":"https:\/\/vosgesinfo.fr\/app\/uploads\/sites\/4\/2023\/07\/remise-en-selle-il-est-encore-temps-1.jpg","keywords":["Espace G\u00e9rard-Philipe","Et\u00e9 en grand \u00e0 Saint-Di\u00e9-des-Vosges","Il est encore temps en D\u00e9odatie","S\u00e9ance de remise en selle"],"articleSection":["A la Une","Saint-Di\u00e9-des-Vosges et son Agglom\u00e9ration","Vie Associative"],"inLanguage":"fr-FR","potentialAction":[{"@type":"CommentAction","name":"Comment","target":["https:\/\/vosgesinfo.fr\/saintdieinfo\/2023\/07\/se-remettre-selle-a-velo-lassociation-temps-deodatie\/#respond"]}]},{"@type":"WebPage","@id":"https:\/\/vosgesinfo.fr\/saintdieinfo\/2023\/07\/se-remettre-selle-a-velo-lassociation-temps-deodatie\/","url":"https:\/\/vosgesinfo.fr\/saintdieinfo\/2023\/07\/se-remettre-selle-a-velo-lassociation-temps-deodatie\/","name":"Se remettre en selle \u00e0 v\u00e9lo avec l'association \"Il est encore temps en D\u00e9odatie\" - Saint Die Info","isPartOf":{"@id":"https:\/\/vosgesinfo.fr\/saintdieinfo\/#website"},"primaryImageOfPage":{"@id":"https:\/\/vosgesinfo.fr\/saintdieinfo\/2023\/07\/se-remettre-selle-a-velo-lassociation-temps-deodatie\/#primaryimage"},"image":{"@id":"https:\/\/vosgesinfo.fr\/saintdieinfo\/2023\/07\/se-remettre-selle-a-velo-lassociation-temps-deodatie\/#primaryimage"},"thumbnailUrl":"https:\/\/vosgesinfo.fr\/app\/uploads\/sites\/4\/2023\/07\/remise-en-selle-il-est-encore-temps-1.jpg","datePublished":"2023-07-29T09:01:39+00:00","dateModified":"2024-02-27T16:00:57+00:00","breadcrumb":{"@id":"https:\/\/vosgesinfo.fr\/saintdieinfo\/2023\/07\/se-remettre-selle-a-velo-lassociation-temps-deodatie\/#breadcrumb"},"inLanguage":"fr-FR","potentialAction":[{"@type":"ReadAction","target":["https:\/\/vosgesinfo.fr\/saintdieinfo\/2023\/07\/se-remettre-selle-a-velo-lassociation-temps-deodatie\/"]}]},{"@type":"ImageObject","inLanguage":"fr-FR","@id":"https:\/\/vosgesinfo.fr\/saintdieinfo\/2023\/07\/se-remettre-selle-a-velo-lassociation-temps-deodatie\/#primaryimage","url":"https:\/\/vosgesinfo.fr\/app\/uploads\/sites\/4\/2023\/07\/remise-en-selle-il-est-encore-temps-1.jpg","contentUrl":"https:\/\/vosgesinfo.fr\/app\/uploads\/sites\/4\/2023\/07\/remise-en-selle-il-est-encore-temps-1.jpg","width":1600,"height":1205},{"@type":"BreadcrumbList","@id":"https:\/\/vosgesinfo.fr\/saintdieinfo\/2023\/07\/se-remettre-selle-a-velo-lassociation-temps-deodatie\/#breadcrumb","itemListElement":[{"@type":"ListItem","position":1,"name":"Home","item":"https:\/\/vosgesinfo.fr\/saintdieinfo\/"},{"@type":"ListItem","position":2,"name":"Se remettre en selle \u00e0 v\u00e9lo avec l&rsquo;association \u00ab\u00a0Il est encore temps en D\u00e9odatie\u00a0\u00bb"}]},{"@type":"WebSite","@id":"https:\/\/vosgesinfo.fr\/saintdieinfo\/#website","url":"https:\/\/vosgesinfo.fr\/saintdieinfo\/","name":"Saint Die Info","description":"Toute l&#039;actualit\u00e9 de Saint-Di\u00e9-Des-Vosges","publisher":{"@id":"https:\/\/vosgesinfo.fr\/saintdieinfo\/#organization"},"alternateName":"Toute l'actualit\u00e9 de Saint-Di\u00e9-Des-Vosges","potentialAction":[{"@type":"SearchAction","target":{"@type":"EntryPoint","urlTemplate":"https:\/\/vosgesinfo.fr\/saintdieinfo\/?s={search_term_string}"},"query-input":"required name=search_term_string"}],"inLanguage":"fr-FR"},{"@type":"Organization","@id":"https:\/\/vosgesinfo.fr\/saintdieinfo\/#organization","name":"Saint Die Info","url":"https:\/\/vosgesinfo.fr\/saintdieinfo\/","logo":{"@type":"ImageObject","inLanguage":"fr-FR","@id":"https:\/\/vosgesinfo.fr\/saintdieinfo\/#\/schema\/logo\/image\/","url":"https:\/\/vosgesinfo.fr\/app\/uploads\/sites\/4\/2024\/02\/logo-sdi.jpg","contentUrl":"https:\/\/vosgesinfo.fr\/app\/uploads\/sites\/4\/2024\/02\/logo-sdi.jpg","width":600,"height":600,"caption":"Saint Die Info"},"image":{"@id":"https:\/\/vosgesinfo.fr\/saintdieinfo\/#\/schema\/logo\/image\/"},"sameAs":["https:\/\/www.facebook.com\/Saintdieinfofr","https:\/\/x.com\/VosgesInfo88","https:\/\/www.youtube.com\/@vosgesinfo"]},{"@type":"Person","@id":"https:\/\/vosgesinfo.fr\/saintdieinfo\/#\/schema\/person\/faee6704a21f3977511db84bd1cd450f","name":"la r\u00e9daction","image":{"@type":"ImageObject","inLanguage":"fr-FR","@id":"https:\/\/vosgesinfo.fr\/saintdieinfo\/#\/schema\/person\/image\/","url":"https:\/\/secure.gravatar.com\/avatar\/6673d8bc6a9c17fa9a453eaa3448de834fa308c2ec9635b7aa99441a7c8d2cf6?s=96&d=mm&r=g","contentUrl":"https:\/\/secure.gravatar.com\/avatar\/6673d8bc6a9c17fa9a453eaa3448de834fa308c2ec9635b7aa99441a7c8d2cf6?s=96&d=mm&r=g","caption":"la r\u00e9daction"},"url":"https:\/\/vosgesinfo.fr\/saintdieinfo\/author\/redac\/"}]}},"_links":{"self":[{"href":"https:\/\/vosgesinfo.fr\/saintdieinfo\/wp-json\/wp\/v2\/posts\/26068","targetHints":{"allow":["GET"]}}],"collection":[{"href":"https:\/\/vosgesinfo.fr\/saintdieinfo\/wp-json\/wp\/v2\/posts"}],"about":[{"href":"https:\/\/vosgesinfo.fr\/saintdieinfo\/wp-json\/wp\/v2\/types\/post"}],"author":[{"embeddable":true,"href":"https:\/\/vosgesinfo.fr\/saintdieinfo\/wp-json\/wp\/v2\/users\/44"}],"replies":[{"embeddable":true,"href":"https:\/\/vosgesinfo.fr\/saintdieinfo\/wp-json\/wp\/v2\/comments?post=26068"}],"version-history":[{"count":1,"href":"https:\/\/vosgesinfo.fr\/saintdieinfo\/wp-json\/wp\/v2\/posts\/26068\/revisions"}],"predecessor-version":[{"id":29465,"href":"https:\/\/vosgesinfo.fr\/saintdieinfo\/wp-json\/wp\/v2\/posts\/26068\/revisions\/29465"}],"wp:featuredmedia":[{"embeddable":true,"href":"https:\/\/vosgesinfo.fr\/saintdieinfo\/wp-json\/wp\/v2\/media\/26069"}],"wp:attachment":[{"href":"https:\/\/vosgesinfo.fr\/saintdieinfo\/wp-json\/wp\/v2\/media?parent=26068"}],"wp:term":[{"taxonomy":"category","embeddable":true,"href":"https:\/\/vosgesinfo.fr\/saintdieinfo\/wp-json\/wp\/v2\/categories?post=26068"},{"taxonomy":"post_tag","embeddable":true,"href":"https:\/\/vosgesinfo.fr\/saintdieinfo\/wp-json\/wp\/v2\/tags?post=26068"}],"curies":[{"name":"wp","href":"https:\/\/api.w.org\/{rel}","templated":true}]}}