{"id":26365,"date":"2023-10-06T12:12:25","date_gmt":"2023-10-06T10:12:25","guid":{"rendered":"https:\/\/vosgesinfo.fr\/saintdieinfo\/2023\/10\/punaises-de-lit-internat-de-saint-die-vosges-ferme-jusqua-toussaint\/"},"modified":"2024-02-27T17:05:17","modified_gmt":"2024-02-27T16:05:17","slug":"punaises-de-lit-internat-de-saint-die-vosges-ferme-jusqua-toussaint","status":"publish","type":"post","link":"https:\/\/vosgesinfo.fr\/saintdieinfo\/2023\/10\/punaises-de-lit-internat-de-saint-die-vosges-ferme-jusqua-toussaint\/","title":{"rendered":"Punaises de lit\u00a0: un internat de Saint-Di\u00e9-des-Vosges ferm\u00e9 jusqu&rsquo;\u00e0 la Toussaint"},"content":{"rendered":"<div id=\"attachment_206966\" style=\"width: 970px\" class=\"wp-caption aligncenter\"><a href=\"https:\/\/saintdieinfo.fr\/wp-content\/uploads\/2023\/10\/Punaise_de_Lit.jpg\" target=\"_blank\" rel=\"noopener\"><img decoding=\"async\" aria-describedby=\"caption-attachment-206966\" class=\"wp-image-206966 size-large\" src=\"https:\/\/vosgesinfo.fr\/app\/uploads\/sites\/4\/2023\/10\/punaise-de-lit.jpg\" alt=\"Punaise_de_Lit\" width=\"960\" height=\"673\" \/><\/a><p id=\"caption-attachment-206966\" class=\"wp-caption-text\">Une punaise de lit. (Photographie Wikipedia.org)<\/p><\/div>\n<h2><strong><span style=\"font-size: 14pt;\">Les punaises de lit infestent la France&#8230; et Saint-Di\u00e9-des-Vosges n&rsquo;y \u00e9chappe pas. Ce vendredi, l&rsquo;Education Nationale a annonc\u00e9 que 5 \u00e9tablissements scolaires du pays ont \u00e9t\u00e9 ferm\u00e9s apr\u00e8s que ces nuisibles aient \u00e9t\u00e9 d\u00e9tect\u00e9s.<\/span><\/strong><\/h2>\n<p><!--more--><\/p>\n<p>Les \u00e9tablissements concern\u00e9s se situent \u00e0 Marseille (Bouches-du-Rh\u00f4ne), au Pontet (Vaucluse), \u00e0 Louhans (Sa\u00f4ne-et-Loire), \u00e0 Villefranche-sur-Sa\u00f4ne (Rh\u00f4ne) et donc \u00e0 Saint-Di\u00e9-des-Vosges. Contact\u00e9e en d\u00e9but d&rsquo;apr\u00e8s-midi, l&rsquo;Acad\u00e9mie de Nancy-Metz confirme l&rsquo;information.<\/p>\n<p>Plus pr\u00e9cis\u00e9ment, il s&rsquo;agit de l&rsquo;internat du lyc\u00e9e Jean-Baptiste Jacques-Augustin, qui restera ferm\u00e9 jusqu&rsquo;\u00e0 la Toussaint. Comme l&rsquo;explique la communication de l&rsquo;Acad\u00e9mie, \u00ab\u00a0une intervention pour \u00e9radiquer les punaises de lit a d\u00e9j\u00e0 \u00e9t\u00e9 effectu\u00e9, et deux autres interventions sont programm\u00e9es mercredi prochain ainsi que le mercredi suivant. Une demande a \u00e9t\u00e9 faite de fermer l&rsquo;internat en raison de la multiplication des punaises de lit.\u00a0\u00bb<\/p>\n<p>25 \u00e9l\u00e8ves sont concern\u00e9s par la fermeture de l&rsquo;internat. 4 d&rsquo;entre eux suivent toujours les cours en classe, tandis que les 21 autres suivent leurs cours via une plateforme interne de l&rsquo;Education Nationale. \u00ab\u00a0L&rsquo;\u00e9quipe de direction et la CPE sont en contact tr\u00e8s r\u00e9gulier avec les \u00e9l\u00e8ves et leurs parents afin de s&rsquo;assurer du bon suivi des cours \u00bb pr\u00e9cise l&rsquo;Acad\u00e9mie.<\/p>\n<p>J.J.<\/p>\n","protected":false},"excerpt":{"rendered":"<p>Les punaises de lit infestent la France&#8230; et Saint-Di\u00e9-des-Vosges n&rsquo;y \u00e9chappe pas. Ce vendredi, l&rsquo;Education Nationale a annonc\u00e9 que 5 [&hellip;]<\/p>\n","protected":false},"author":44,"featured_media":26364,"comment_status":"open","ping_status":"open","sticky":false,"template":"","format":"standard","meta":{"footnotes":""},"categories":[460,6,2924,2915],"tags":[4551,2531],"class_list":["post-26365","post","type-post","status-publish","format-standard","has-post-thumbnail","hentry","category-a-la-une","category-education","category-fait-divers","category-saint-die-son-canton","tag-internat-du-lycee-jean-baptiste-jacques-augustin","tag-punaises-de-lit"],"acf":[],"yoast_head":"<!-- This site is optimized with the Yoast SEO plugin v22.5 - https:\/\/yoast.com\/wordpress\/plugins\/seo\/ -->\n<title>Punaises de lit\u00a0: un internat de Saint-Di\u00e9-des-Vosges ferm\u00e9 jusqu&#039;\u00e0 la Toussaint - Saint Die Info<\/title>\n<meta name=\"robots\" content=\"index, follow, max-snippet:-1, max-image-preview:large, max-video-preview:-1\" \/>\n<link rel=\"canonical\" href=\"https:\/\/vosgesinfo.fr\/saintdieinfo\/2023\/10\/punaises-de-lit-internat-de-saint-die-vosges-ferme-jusqua-toussaint\/\" \/>\n<meta name=\"twitter:card\" content=\"summary_large_image\" \/>\n<meta name=\"twitter:title\" content=\"Punaises de lit\u00a0: un internat de Saint-Di\u00e9-des-Vosges ferm\u00e9 jusqu&#039;\u00e0 la Toussaint - Saint Die Info\" \/>\n<meta name=\"twitter:description\" content=\"Les punaises de lit infestent la France&#8230; et Saint-Di\u00e9-des-Vosges n&rsquo;y \u00e9chappe pas. Ce vendredi, l&rsquo;Education Nationale a annonc\u00e9 que 5 [&hellip;]\" \/>\n<meta name=\"twitter:image\" content=\"https:\/\/vosgesinfo.fr\/app\/uploads\/sites\/4\/2023\/10\/punaise-de-lit.jpg\" \/>\n<meta name=\"twitter:creator\" content=\"@VosgesInfo88\" \/>\n<meta name=\"twitter:site\" content=\"@VosgesInfo88\" \/>\n<meta name=\"twitter:label1\" content=\"\u00c9crit par\" \/>\n\t<meta name=\"twitter:data1\" content=\"la r\u00e9daction\" \/>\n\t<meta name=\"twitter:label2\" content=\"Dur\u00e9e de lecture estim\u00e9e\" \/>\n\t<meta name=\"twitter:data2\" content=\"1 minute\" \/>\n<script type=\"application\/ld+json\" class=\"yoast-schema-graph\">{\"@context\":\"https:\/\/schema.org\",\"@graph\":[{\"@type\":\"Article\",\"@id\":\"https:\/\/vosgesinfo.fr\/saintdieinfo\/2023\/10\/punaises-de-lit-internat-de-saint-die-vosges-ferme-jusqua-toussaint\/#article\",\"isPartOf\":{\"@id\":\"https:\/\/vosgesinfo.fr\/saintdieinfo\/2023\/10\/punaises-de-lit-internat-de-saint-die-vosges-ferme-jusqua-toussaint\/\"},\"author\":{\"name\":\"la r\u00e9daction\",\"@id\":\"https:\/\/vosgesinfo.fr\/saintdieinfo\/#\/schema\/person\/faee6704a21f3977511db84bd1cd450f\"},\"headline\":\"Punaises de lit\u00a0: un internat de Saint-Di\u00e9-des-Vosges ferm\u00e9 jusqu&rsquo;\u00e0 la Toussaint\",\"datePublished\":\"2023-10-06T10:12:25+00:00\",\"dateModified\":\"2024-02-27T16:05:17+00:00\",\"mainEntityOfPage\":{\"@id\":\"https:\/\/vosgesinfo.fr\/saintdieinfo\/2023\/10\/punaises-de-lit-internat-de-saint-die-vosges-ferme-jusqua-toussaint\/\"},\"wordCount\":252,\"commentCount\":0,\"publisher\":{\"@id\":\"https:\/\/vosgesinfo.fr\/saintdieinfo\/#organization\"},\"image\":{\"@id\":\"https:\/\/vosgesinfo.fr\/saintdieinfo\/2023\/10\/punaises-de-lit-internat-de-saint-die-vosges-ferme-jusqua-toussaint\/#primaryimage\"},\"thumbnailUrl\":\"https:\/\/vosgesinfo.fr\/app\/uploads\/sites\/4\/2023\/10\/punaise-de-lit.jpg\",\"keywords\":[\"Internat du lyc\u00e9e Jean-Baptiste Jacques-Augustin\",\"Punaises de lit\"],\"articleSection\":[\"A la Une\",\"\u00c9ducation\",\"Fait Divers\",\"Saint-Di\u00e9-des-Vosges et son Agglom\u00e9ration\"],\"inLanguage\":\"fr-FR\",\"potentialAction\":[{\"@type\":\"CommentAction\",\"name\":\"Comment\",\"target\":[\"https:\/\/vosgesinfo.fr\/saintdieinfo\/2023\/10\/punaises-de-lit-internat-de-saint-die-vosges-ferme-jusqua-toussaint\/#respond\"]}]},{\"@type\":\"WebPage\",\"@id\":\"https:\/\/vosgesinfo.fr\/saintdieinfo\/2023\/10\/punaises-de-lit-internat-de-saint-die-vosges-ferme-jusqua-toussaint\/\",\"url\":\"https:\/\/vosgesinfo.fr\/saintdieinfo\/2023\/10\/punaises-de-lit-internat-de-saint-die-vosges-ferme-jusqua-toussaint\/\",\"name\":\"Punaises de lit\u00a0: un internat de Saint-Di\u00e9-des-Vosges ferm\u00e9 jusqu'\u00e0 la Toussaint - Saint Die Info\",\"isPartOf\":{\"@id\":\"https:\/\/vosgesinfo.fr\/saintdieinfo\/#website\"},\"primaryImageOfPage\":{\"@id\":\"https:\/\/vosgesinfo.fr\/saintdieinfo\/2023\/10\/punaises-de-lit-internat-de-saint-die-vosges-ferme-jusqua-toussaint\/#primaryimage\"},\"image\":{\"@id\":\"https:\/\/vosgesinfo.fr\/saintdieinfo\/2023\/10\/punaises-de-lit-internat-de-saint-die-vosges-ferme-jusqua-toussaint\/#primaryimage\"},\"thumbnailUrl\":\"https:\/\/vosgesinfo.fr\/app\/uploads\/sites\/4\/2023\/10\/punaise-de-lit.jpg\",\"datePublished\":\"2023-10-06T10:12:25+00:00\",\"dateModified\":\"2024-02-27T16:05:17+00:00\",\"breadcrumb\":{\"@id\":\"https:\/\/vosgesinfo.fr\/saintdieinfo\/2023\/10\/punaises-de-lit-internat-de-saint-die-vosges-ferme-jusqua-toussaint\/#breadcrumb\"},\"inLanguage\":\"fr-FR\",\"potentialAction\":[{\"@type\":\"ReadAction\",\"target\":[\"https:\/\/vosgesinfo.fr\/saintdieinfo\/2023\/10\/punaises-de-lit-internat-de-saint-die-vosges-ferme-jusqua-toussaint\/\"]}]},{\"@type\":\"ImageObject\",\"inLanguage\":\"fr-FR\",\"@id\":\"https:\/\/vosgesinfo.fr\/saintdieinfo\/2023\/10\/punaises-de-lit-internat-de-saint-die-vosges-ferme-jusqua-toussaint\/#primaryimage\",\"url\":\"https:\/\/vosgesinfo.fr\/app\/uploads\/sites\/4\/2023\/10\/punaise-de-lit.jpg\",\"contentUrl\":\"https:\/\/vosgesinfo.fr\/app\/uploads\/sites\/4\/2023\/10\/punaise-de-lit.jpg\",\"width\":1600,\"height\":1122},{\"@type\":\"BreadcrumbList\",\"@id\":\"https:\/\/vosgesinfo.fr\/saintdieinfo\/2023\/10\/punaises-de-lit-internat-de-saint-die-vosges-ferme-jusqua-toussaint\/#breadcrumb\",\"itemListElement\":[{\"@type\":\"ListItem\",\"position\":1,\"name\":\"Home\",\"item\":\"https:\/\/vosgesinfo.fr\/saintdieinfo\/\"},{\"@type\":\"ListItem\",\"position\":2,\"name\":\"Punaises de lit\u00a0: un internat de Saint-Di\u00e9-des-Vosges ferm\u00e9 jusqu&rsquo;\u00e0 la Toussaint\"}]},{\"@type\":\"WebSite\",\"@id\":\"https:\/\/vosgesinfo.fr\/saintdieinfo\/#website\",\"url\":\"https:\/\/vosgesinfo.fr\/saintdieinfo\/\",\"name\":\"Saint Die Info\",\"description\":\"Toute l&#039;actualit\u00e9 de Saint-Di\u00e9-Des-Vosges\",\"publisher\":{\"@id\":\"https:\/\/vosgesinfo.fr\/saintdieinfo\/#organization\"},\"alternateName\":\"Toute l'actualit\u00e9 de Saint-Di\u00e9-Des-Vosges\",\"potentialAction\":[{\"@type\":\"SearchAction\",\"target\":{\"@type\":\"EntryPoint\",\"urlTemplate\":\"https:\/\/vosgesinfo.fr\/saintdieinfo\/?s={search_term_string}\"},\"query-input\":\"required name=search_term_string\"}],\"inLanguage\":\"fr-FR\"},{\"@type\":\"Organization\",\"@id\":\"https:\/\/vosgesinfo.fr\/saintdieinfo\/#organization\",\"name\":\"Saint Die Info\",\"url\":\"https:\/\/vosgesinfo.fr\/saintdieinfo\/\",\"logo\":{\"@type\":\"ImageObject\",\"inLanguage\":\"fr-FR\",\"@id\":\"https:\/\/vosgesinfo.fr\/saintdieinfo\/#\/schema\/logo\/image\/\",\"url\":\"https:\/\/vosgesinfo.fr\/app\/uploads\/sites\/4\/2024\/02\/logo-sdi.jpg\",\"contentUrl\":\"https:\/\/vosgesinfo.fr\/app\/uploads\/sites\/4\/2024\/02\/logo-sdi.jpg\",\"width\":600,\"height\":600,\"caption\":\"Saint Die Info\"},\"image\":{\"@id\":\"https:\/\/vosgesinfo.fr\/saintdieinfo\/#\/schema\/logo\/image\/\"},\"sameAs\":[\"https:\/\/www.facebook.com\/Saintdieinfofr\",\"https:\/\/x.com\/VosgesInfo88\",\"https:\/\/www.youtube.com\/@vosgesinfo\"]},{\"@type\":\"Person\",\"@id\":\"https:\/\/vosgesinfo.fr\/saintdieinfo\/#\/schema\/person\/faee6704a21f3977511db84bd1cd450f\",\"name\":\"la r\u00e9daction\",\"image\":{\"@type\":\"ImageObject\",\"inLanguage\":\"fr-FR\",\"@id\":\"https:\/\/vosgesinfo.fr\/saintdieinfo\/#\/schema\/person\/image\/\",\"url\":\"https:\/\/secure.gravatar.com\/avatar\/6673d8bc6a9c17fa9a453eaa3448de834fa308c2ec9635b7aa99441a7c8d2cf6?s=96&d=mm&r=g\",\"contentUrl\":\"https:\/\/secure.gravatar.com\/avatar\/6673d8bc6a9c17fa9a453eaa3448de834fa308c2ec9635b7aa99441a7c8d2cf6?s=96&d=mm&r=g\",\"caption\":\"la r\u00e9daction\"},\"url\":\"https:\/\/vosgesinfo.fr\/saintdieinfo\/author\/redac\/\"}]}<\/script>\n<!-- \/ Yoast SEO plugin. -->","yoast_head_json":{"title":"Punaises de lit\u00a0: un internat de Saint-Di\u00e9-des-Vosges ferm\u00e9 jusqu'\u00e0 la Toussaint - Saint Die Info","robots":{"index":"index","follow":"follow","max-snippet":"max-snippet:-1","max-image-preview":"max-image-preview:large","max-video-preview":"max-video-preview:-1"},"canonical":"https:\/\/vosgesinfo.fr\/saintdieinfo\/2023\/10\/punaises-de-lit-internat-de-saint-die-vosges-ferme-jusqua-toussaint\/","twitter_card":"summary_large_image","twitter_title":"Punaises de lit\u00a0: un internat de Saint-Di\u00e9-des-Vosges ferm\u00e9 jusqu'\u00e0 la Toussaint - Saint Die Info","twitter_description":"Les punaises de lit infestent la France&#8230; et Saint-Di\u00e9-des-Vosges n&rsquo;y \u00e9chappe pas. Ce vendredi, l&rsquo;Education Nationale a annonc\u00e9 que 5 [&hellip;]","twitter_image":"https:\/\/vosgesinfo.fr\/app\/uploads\/sites\/4\/2023\/10\/punaise-de-lit.jpg","twitter_creator":"@VosgesInfo88","twitter_site":"@VosgesInfo88","twitter_misc":{"\u00c9crit par":"la r\u00e9daction","Dur\u00e9e de lecture estim\u00e9e":"1 minute"},"schema":{"@context":"https:\/\/schema.org","@graph":[{"@type":"Article","@id":"https:\/\/vosgesinfo.fr\/saintdieinfo\/2023\/10\/punaises-de-lit-internat-de-saint-die-vosges-ferme-jusqua-toussaint\/#article","isPartOf":{"@id":"https:\/\/vosgesinfo.fr\/saintdieinfo\/2023\/10\/punaises-de-lit-internat-de-saint-die-vosges-ferme-jusqua-toussaint\/"},"author":{"name":"la r\u00e9daction","@id":"https:\/\/vosgesinfo.fr\/saintdieinfo\/#\/schema\/person\/faee6704a21f3977511db84bd1cd450f"},"headline":"Punaises de lit\u00a0: un internat de Saint-Di\u00e9-des-Vosges ferm\u00e9 jusqu&rsquo;\u00e0 la Toussaint","datePublished":"2023-10-06T10:12:25+00:00","dateModified":"2024-02-27T16:05:17+00:00","mainEntityOfPage":{"@id":"https:\/\/vosgesinfo.fr\/saintdieinfo\/2023\/10\/punaises-de-lit-internat-de-saint-die-vosges-ferme-jusqua-toussaint\/"},"wordCount":252,"commentCount":0,"publisher":{"@id":"https:\/\/vosgesinfo.fr\/saintdieinfo\/#organization"},"image":{"@id":"https:\/\/vosgesinfo.fr\/saintdieinfo\/2023\/10\/punaises-de-lit-internat-de-saint-die-vosges-ferme-jusqua-toussaint\/#primaryimage"},"thumbnailUrl":"https:\/\/vosgesinfo.fr\/app\/uploads\/sites\/4\/2023\/10\/punaise-de-lit.jpg","keywords":["Internat du lyc\u00e9e Jean-Baptiste Jacques-Augustin","Punaises de lit"],"articleSection":["A la Une","\u00c9ducation","Fait Divers","Saint-Di\u00e9-des-Vosges et son Agglom\u00e9ration"],"inLanguage":"fr-FR","potentialAction":[{"@type":"CommentAction","name":"Comment","target":["https:\/\/vosgesinfo.fr\/saintdieinfo\/2023\/10\/punaises-de-lit-internat-de-saint-die-vosges-ferme-jusqua-toussaint\/#respond"]}]},{"@type":"WebPage","@id":"https:\/\/vosgesinfo.fr\/saintdieinfo\/2023\/10\/punaises-de-lit-internat-de-saint-die-vosges-ferme-jusqua-toussaint\/","url":"https:\/\/vosgesinfo.fr\/saintdieinfo\/2023\/10\/punaises-de-lit-internat-de-saint-die-vosges-ferme-jusqua-toussaint\/","name":"Punaises de lit\u00a0: un internat de Saint-Di\u00e9-des-Vosges ferm\u00e9 jusqu'\u00e0 la Toussaint - Saint Die Info","isPartOf":{"@id":"https:\/\/vosgesinfo.fr\/saintdieinfo\/#website"},"primaryImageOfPage":{"@id":"https:\/\/vosgesinfo.fr\/saintdieinfo\/2023\/10\/punaises-de-lit-internat-de-saint-die-vosges-ferme-jusqua-toussaint\/#primaryimage"},"image":{"@id":"https:\/\/vosgesinfo.fr\/saintdieinfo\/2023\/10\/punaises-de-lit-internat-de-saint-die-vosges-ferme-jusqua-toussaint\/#primaryimage"},"thumbnailUrl":"https:\/\/vosgesinfo.fr\/app\/uploads\/sites\/4\/2023\/10\/punaise-de-lit.jpg","datePublished":"2023-10-06T10:12:25+00:00","dateModified":"2024-02-27T16:05:17+00:00","breadcrumb":{"@id":"https:\/\/vosgesinfo.fr\/saintdieinfo\/2023\/10\/punaises-de-lit-internat-de-saint-die-vosges-ferme-jusqua-toussaint\/#breadcrumb"},"inLanguage":"fr-FR","potentialAction":[{"@type":"ReadAction","target":["https:\/\/vosgesinfo.fr\/saintdieinfo\/2023\/10\/punaises-de-lit-internat-de-saint-die-vosges-ferme-jusqua-toussaint\/"]}]},{"@type":"ImageObject","inLanguage":"fr-FR","@id":"https:\/\/vosgesinfo.fr\/saintdieinfo\/2023\/10\/punaises-de-lit-internat-de-saint-die-vosges-ferme-jusqua-toussaint\/#primaryimage","url":"https:\/\/vosgesinfo.fr\/app\/uploads\/sites\/4\/2023\/10\/punaise-de-lit.jpg","contentUrl":"https:\/\/vosgesinfo.fr\/app\/uploads\/sites\/4\/2023\/10\/punaise-de-lit.jpg","width":1600,"height":1122},{"@type":"BreadcrumbList","@id":"https:\/\/vosgesinfo.fr\/saintdieinfo\/2023\/10\/punaises-de-lit-internat-de-saint-die-vosges-ferme-jusqua-toussaint\/#breadcrumb","itemListElement":[{"@type":"ListItem","position":1,"name":"Home","item":"https:\/\/vosgesinfo.fr\/saintdieinfo\/"},{"@type":"ListItem","position":2,"name":"Punaises de lit\u00a0: un internat de Saint-Di\u00e9-des-Vosges ferm\u00e9 jusqu&rsquo;\u00e0 la Toussaint"}]},{"@type":"WebSite","@id":"https:\/\/vosgesinfo.fr\/saintdieinfo\/#website","url":"https:\/\/vosgesinfo.fr\/saintdieinfo\/","name":"Saint Die Info","description":"Toute l&#039;actualit\u00e9 de Saint-Di\u00e9-Des-Vosges","publisher":{"@id":"https:\/\/vosgesinfo.fr\/saintdieinfo\/#organization"},"alternateName":"Toute l'actualit\u00e9 de Saint-Di\u00e9-Des-Vosges","potentialAction":[{"@type":"SearchAction","target":{"@type":"EntryPoint","urlTemplate":"https:\/\/vosgesinfo.fr\/saintdieinfo\/?s={search_term_string}"},"query-input":"required name=search_term_string"}],"inLanguage":"fr-FR"},{"@type":"Organization","@id":"https:\/\/vosgesinfo.fr\/saintdieinfo\/#organization","name":"Saint Die Info","url":"https:\/\/vosgesinfo.fr\/saintdieinfo\/","logo":{"@type":"ImageObject","inLanguage":"fr-FR","@id":"https:\/\/vosgesinfo.fr\/saintdieinfo\/#\/schema\/logo\/image\/","url":"https:\/\/vosgesinfo.fr\/app\/uploads\/sites\/4\/2024\/02\/logo-sdi.jpg","contentUrl":"https:\/\/vosgesinfo.fr\/app\/uploads\/sites\/4\/2024\/02\/logo-sdi.jpg","width":600,"height":600,"caption":"Saint Die Info"},"image":{"@id":"https:\/\/vosgesinfo.fr\/saintdieinfo\/#\/schema\/logo\/image\/"},"sameAs":["https:\/\/www.facebook.com\/Saintdieinfofr","https:\/\/x.com\/VosgesInfo88","https:\/\/www.youtube.com\/@vosgesinfo"]},{"@type":"Person","@id":"https:\/\/vosgesinfo.fr\/saintdieinfo\/#\/schema\/person\/faee6704a21f3977511db84bd1cd450f","name":"la r\u00e9daction","image":{"@type":"ImageObject","inLanguage":"fr-FR","@id":"https:\/\/vosgesinfo.fr\/saintdieinfo\/#\/schema\/person\/image\/","url":"https:\/\/secure.gravatar.com\/avatar\/6673d8bc6a9c17fa9a453eaa3448de834fa308c2ec9635b7aa99441a7c8d2cf6?s=96&d=mm&r=g","contentUrl":"https:\/\/secure.gravatar.com\/avatar\/6673d8bc6a9c17fa9a453eaa3448de834fa308c2ec9635b7aa99441a7c8d2cf6?s=96&d=mm&r=g","caption":"la r\u00e9daction"},"url":"https:\/\/vosgesinfo.fr\/saintdieinfo\/author\/redac\/"}]}},"_links":{"self":[{"href":"https:\/\/vosgesinfo.fr\/saintdieinfo\/wp-json\/wp\/v2\/posts\/26365","targetHints":{"allow":["GET"]}}],"collection":[{"href":"https:\/\/vosgesinfo.fr\/saintdieinfo\/wp-json\/wp\/v2\/posts"}],"about":[{"href":"https:\/\/vosgesinfo.fr\/saintdieinfo\/wp-json\/wp\/v2\/types\/post"}],"author":[{"embeddable":true,"href":"https:\/\/vosgesinfo.fr\/saintdieinfo\/wp-json\/wp\/v2\/users\/44"}],"replies":[{"embeddable":true,"href":"https:\/\/vosgesinfo.fr\/saintdieinfo\/wp-json\/wp\/v2\/comments?post=26365"}],"version-history":[{"count":1,"href":"https:\/\/vosgesinfo.fr\/saintdieinfo\/wp-json\/wp\/v2\/posts\/26365\/revisions"}],"predecessor-version":[{"id":30054,"href":"https:\/\/vosgesinfo.fr\/saintdieinfo\/wp-json\/wp\/v2\/posts\/26365\/revisions\/30054"}],"wp:featuredmedia":[{"embeddable":true,"href":"https:\/\/vosgesinfo.fr\/saintdieinfo\/wp-json\/wp\/v2\/media\/26364"}],"wp:attachment":[{"href":"https:\/\/vosgesinfo.fr\/saintdieinfo\/wp-json\/wp\/v2\/media?parent=26365"}],"wp:term":[{"taxonomy":"category","embeddable":true,"href":"https:\/\/vosgesinfo.fr\/saintdieinfo\/wp-json\/wp\/v2\/categories?post=26365"},{"taxonomy":"post_tag","embeddable":true,"href":"https:\/\/vosgesinfo.fr\/saintdieinfo\/wp-json\/wp\/v2\/tags?post=26365"}],"curies":[{"name":"wp","href":"https:\/\/api.w.org\/{rel}","templated":true}]}}